{"id":107147,"date":"2021-02-16T16:23:44","date_gmt":"2021-02-16T23:23:44","guid":{"rendered":"https:\/\/www.sonoraenequipo.com.mx\/?p=107147"},"modified":"2021-02-16T16:23:44","modified_gmt":"2021-02-16T23:23:44","slug":"avanzamos-en-el-rescate-de-calles-historicamente-olvidadas-de-hermosillo-celida-lopez","status":"publish","type":"post","link":"https:\/\/www.sonoraenequipo.com.mx\/avanzamos-en-el-rescate-de-calles-historicamente-olvidadas-de-hermosillo-celida-lopez\/","title":{"rendered":"Avanzamos en el rescate de calles hist\u00f3ricamente olvidadas de Hermosillo: Celida L\u00f3pez"},"content":{"rendered":"<p><strong>\u25baLa Alcaldesa supervis\u00f3 junto a vecinos la obra ya terminada de nuevo pavimento en la avenida Bavi\u00e1cora entre Israel Gonz\u00e1lez y Reyes, de la Cuatro Olivos.<\/strong><\/p>\n<p>&nbsp;<\/p>\n<p>HERMOSILLO, SONORA,MX.\u2500\u2500 La alcaldesa de Hermosillo Celida L\u00f3pez C\u00e1rdenas supervis\u00f3 la obra terminada de nueva pavimentaci\u00f3n que transform\u00f3 radicalmente la avenida Bavi\u00e1cora, entre Israel Gonz\u00e1lez y Bernardo Reyes, de la colonia Cuatro Olivos, donde se invirtieron 3 millones de pesos de recursos federales.<\/p>\n<p>&nbsp;<\/p>\n<p>Acompa\u00f1ada por vecinos beneficiados, la Presidenta Municipal evalu\u00f3 el resultado final de una intervenci\u00f3n que incluy\u00f3 la instalaci\u00f3n de tuber\u00eda nueva de agua potable y drenaje, as\u00ed como tomas y descargas.<\/p>\n<p>&nbsp;<\/p>\n<p>El proyecto terminado tambi\u00e9n equip\u00f3 al sector de guarniciones, rampas, banquetas y se\u00f1alizaci\u00f3n con pintura vial, todo esto gracias al recurso gestionado por la Alcaldesa ante el Gobierno Federal encabezado por el Presidente Andr\u00e9s Manuel L\u00f3pez Obrador, a trav\u00e9s de SEDATU.<\/p>\n<p>&nbsp;<\/p>\n<p>La alcaldesa reiter\u00f3 a los vecinos del sector que continuar\u00e1 gestionando los recursos que sean necesarios, para invertirlos en rehabilitaciones y pavimentos nuevos, y con ello reducir el rezago hist\u00f3rico de la infraestructura vial de las colonias de toda la ciudad, resultado de la desatenci\u00f3n de administraciones pasadas.<\/p>\n<p>Fecha de publicaci\u00f3n\u00a0 martes 16\/feb\/2021<\/p>\n<p>&nbsp;<\/p>\n<p>&nbsp;<\/p>\n","protected":false},"excerpt":{"rendered":"<p>\u25baLa Alcaldesa supervis\u00f3 junto a vecinos la obra ya terminada de nuevo pavimento en la&#8230;<\/p>\n","protected":false},"author":1,"featured_media":107148,"comment_status":"open","ping_status":"open","sticky":false,"template":"","format":"standard","meta":{"_monsterinsights_skip_tracking":false,"_monsterinsights_sitenote_active":false,"_monsterinsights_sitenote_note":"","_monsterinsights_sitenote_category":0,"footnotes":""},"categories":[4],"tags":[4958],"class_list":["post"],"yoast_head":" \n<title>Sonora en Equipo. Avanzamos en el rescate de calles hist\u00f3ricamente olvidadas de Hermosillo: Celida L\u00f3pez Municipios<\/title>\n<meta name=\"description\" content=\"\u25baLa Alcaldesa supervis\u00f3 junto a vecinos la obra ya terminada de nuevo pavimento en la avenida Bavi\u00e1cora entre Israel Gonz\u00e1lez y Reyes, de la Cuatro En Sonora en Equipo publicamos toda la informaci\u00f3n de Sonora, M\u00e9xico y el Mundo de manera oportuna y busca que la libertad de expresi\u00f3n sea real. Visita nuestro medio informativo publicado desde Hermosillo, Sonora. %\" \/>\n<meta name=\"robots\" content=\"index, follow, max-snippet:-1, max-image-preview:large, max-video-preview:-1\" \/>\n<link rel=\"canonical\" href=\"https:\/\/www.sonoraenequipo.com.mx\/avanzamos-en-el-rescate-de-calles-historicamente-olvidadas-de-hermosillo-celida-lopez\/\" \/>\n<meta property=\"og:locale\" content=\"es_ES\" \/>\n<meta property=\"og:type\" content=\"article\" \/>\n<meta property=\"og:title\" content=\"Sonora en Equipo. Avanzamos en el rescate de calles hist\u00f3ricamente olvidadas de Hermosillo: Celida L\u00f3pez Municipios\" \/>\n<meta property=\"og:description\" content=\"\u25baLa Alcaldesa supervis\u00f3 junto a vecinos la obra ya terminada de nuevo pavimento en la avenida Bavi\u00e1cora entre Israel Gonz\u00e1lez y Reyes, de la Cuatro En Sonora en Equipo publicamos toda la informaci\u00f3n de Sonora, M\u00e9xico y el Mundo de manera oportuna y busca que la libertad de expresi\u00f3n sea real. Visita nuestro medio informativo publicado desde Hermosillo, Sonora. %\" \/>\n<meta property=\"og:url\" content=\"https:\/\/www.sonoraenequipo.com.mx\/avanzamos-en-el-rescate-de-calles-historicamente-olvidadas-de-hermosillo-celida-lopez\/\" \/>\n<meta property=\"og:site_name\" content=\"Sonora en Equipo.\" \/>\n<meta property=\"article:publisher\" content=\"https:\/\/www.facebook.com\/SonoraEE\/\" \/>\n<meta property=\"article:author\" content=\"https:\/\/www.facebook.com\/SonoraEE\" \/>\n<meta property=\"article:published_time\" content=\"2021-02-16T23:23:44+00:00\" \/>\n<meta property=\"og:image\" content=\"https:\/\/www.sonoraenequipo.com.mx\/storage\/2021\/02\/ave-baviacora.jpg\" \/>\n\t<meta property=\"og:image:width\" content=\"500\" \/>\n\t<meta property=\"og:image:height\" content=\"300\" \/>\n\t<meta property=\"og:image:type\" content=\"image\/jpeg\" \/>\n<meta name=\"author\" content=\"enequipo\" \/>\n<meta name=\"twitter:card\" content=\"summary_large_image\" \/>\n<meta name=\"twitter:creator\" content=\"@sonoraenequipo\" \/>\n<meta name=\"twitter:site\" content=\"@sonoraenequipo\" \/>\n<meta name=\"twitter:label1\" content=\"Escrito por\" \/>\n\t<meta name=\"twitter:data1\" content=\"enequipo\" \/>\n\t<meta name=\"twitter:label2\" content=\"Tiempo de lectura\" \/>\n\t<meta name=\"twitter:data2\" content=\"1 minuto\" \/>\n<script type=\"application\/ld+json\" class=\"yoast-schema-graph\">{\"@context\":\"https:\/\/schema.org\",\"@graph\":[{\"@type\":\"Article\",\"@id\":\"https:\/\/www.sonoraenequipo.com.mx\/avanzamos-en-el-rescate-de-calles-historicamente-olvidadas-de-hermosillo-celida-lopez\/#article\",\"isPartOf\":{\"@id\":\"https:\/\/www.sonoraenequipo.com.mx\/avanzamos-en-el-rescate-de-calles-historicamente-olvidadas-de-hermosillo-celida-lopez\/\"},\"author\":{\"name\":\"enequipo\",\"@id\":\"https:\/\/www.sonoraenequipo.com.mx\/#\/schema\/person\/50102df0fb23a8fa9e8effad8fa81386\"},\"headline\":\"Avanzamos en el rescate de calles hist\u00f3ricamente olvidadas de Hermosillo: Celida L\u00f3pez\",\"datePublished\":\"2021-02-16T23:23:44+00:00\",\"mainEntityOfPage\":{\"@id\":\"https:\/\/www.sonoraenequipo.com.mx\/avanzamos-en-el-rescate-de-calles-historicamente-olvidadas-de-hermosillo-celida-lopez\/\"},\"wordCount\":234,\"commentCount\":0,\"publisher\":{\"@id\":\"https:\/\/www.sonoraenequipo.com.mx\/#organization\"},\"image\":{\"@id\":\"https:\/\/www.sonoraenequipo.com.mx\/avanzamos-en-el-rescate-de-calles-historicamente-olvidadas-de-hermosillo-celida-lopez\/#primaryimage\"},\"thumbnailUrl\":\"https:\/\/www.sonoraenequipo.com.mx\/storage\/2021\/02\/ave-baviacora.jpg\",\"keywords\":[\"pavimentacion hermosillo\"],\"articleSection\":[\"Municipios\"],\"inLanguage\":\"es\",\"potentialAction\":[{\"@type\":\"CommentAction\",\"name\":\"Comment\",\"target\":[\"https:\/\/www.sonoraenequipo.com.mx\/avanzamos-en-el-rescate-de-calles-historicamente-olvidadas-de-hermosillo-celida-lopez\/#respond\"]}]},{\"@type\":\"WebPage\",\"@id\":\"https:\/\/www.sonoraenequipo.com.mx\/avanzamos-en-el-rescate-de-calles-historicamente-olvidadas-de-hermosillo-celida-lopez\/\",\"url\":\"https:\/\/www.sonoraenequipo.com.mx\/avanzamos-en-el-rescate-de-calles-historicamente-olvidadas-de-hermosillo-celida-lopez\/\",\"name\":\"Sonora en Equipo. Avanzamos en el rescate de calles hist\u00f3ricamente olvidadas de Hermosillo: Celida L\u00f3pez Municipios\",\"isPartOf\":{\"@id\":\"https:\/\/www.sonoraenequipo.com.mx\/#website\"},\"primaryImageOfPage\":{\"@id\":\"https:\/\/www.sonoraenequipo.com.mx\/avanzamos-en-el-rescate-de-calles-historicamente-olvidadas-de-hermosillo-celida-lopez\/#primaryimage\"},\"image\":{\"@id\":\"https:\/\/www.sonoraenequipo.com.mx\/avanzamos-en-el-rescate-de-calles-historicamente-olvidadas-de-hermosillo-celida-lopez\/#primaryimage\"},\"thumbnailUrl\":\"https:\/\/www.sonoraenequipo.com.mx\/storage\/2021\/02\/ave-baviacora.jpg\",\"datePublished\":\"2021-02-16T23:23:44+00:00\",\"description\":\"\u25baLa Alcaldesa supervis\u00f3 junto a vecinos la obra ya terminada de nuevo pavimento en la avenida Bavi\u00e1cora entre Israel Gonz\u00e1lez y Reyes, de la Cuatro En Sonora en Equipo publicamos toda la informaci\u00f3n de Sonora, M\u00e9xico y el Mundo de manera oportuna y busca que la libertad de expresi\u00f3n sea real. Visita nuestro medio informativo publicado desde Hermosillo, Sonora. %\",\"breadcrumb\":{\"@id\":\"https:\/\/www.sonoraenequipo.com.mx\/avanzamos-en-el-rescate-de-calles-historicamente-olvidadas-de-hermosillo-celida-lopez\/#breadcrumb\"},\"inLanguage\":\"es\",\"potentialAction\":[{\"@type\":\"ReadAction\",\"target\":[\"https:\/\/www.sonoraenequipo.com.mx\/avanzamos-en-el-rescate-de-calles-historicamente-olvidadas-de-hermosillo-celida-lopez\/\"]}]},{\"@type\":\"ImageObject\",\"inLanguage\":\"es\",\"@id\":\"https:\/\/www.sonoraenequipo.com.mx\/avanzamos-en-el-rescate-de-calles-historicamente-olvidadas-de-hermosillo-celida-lopez\/#primaryimage\",\"url\":\"https:\/\/www.sonoraenequipo.com.mx\/storage\/2021\/02\/ave-baviacora.jpg\",\"contentUrl\":\"https:\/\/www.sonoraenequipo.com.mx\/storage\/2021\/02\/ave-baviacora.jpg\",\"width\":500,\"height\":300,\"caption\":\"Ave. Bavi\u00e1cora\"},{\"@type\":\"BreadcrumbList\",\"@id\":\"https:\/\/www.sonoraenequipo.com.mx\/avanzamos-en-el-rescate-de-calles-historicamente-olvidadas-de-hermosillo-celida-lopez\/#breadcrumb\",\"itemListElement\":[{\"@type\":\"ListItem\",\"position\":1,\"name\":\"Portada\",\"item\":\"https:\/\/www.sonoraenequipo.com.mx\/\"},{\"@type\":\"ListItem\",\"position\":2,\"name\":\"Avanzamos en el rescate de calles hist\u00f3ricamente olvidadas de Hermosillo: Celida L\u00f3pez\"}]},{\"@type\":\"WebSite\",\"@id\":\"https:\/\/www.sonoraenequipo.com.mx\/#website\",\"url\":\"https:\/\/www.sonoraenequipo.com.mx\/\",\"name\":\"Sonora en Equipo.\",\"description\":\"Diario en l\u00ednea con Noticias desde Hermosillo, Sonora\",\"publisher\":{\"@id\":\"https:\/\/www.sonoraenequipo.com.mx\/#organization\"},\"potentialAction\":[{\"@type\":\"SearchAction\",\"target\":{\"@type\":\"EntryPoint\",\"urlTemplate\":\"https:\/\/www.sonoraenequipo.com.mx\/?s={search_term_string}\"},\"query-input\":{\"@type\":\"PropertyValueSpecification\",\"valueRequired\":true,\"valueName\":\"search_term_string\"}}],\"inLanguage\":\"es\"},{\"@type\":\"Organization\",\"@id\":\"https:\/\/www.sonoraenequipo.com.mx\/#organization\",\"name\":\"Sonoraenequipo.com.mx\",\"url\":\"https:\/\/www.sonoraenequipo.com.mx\/\",\"logo\":{\"@type\":\"ImageObject\",\"inLanguage\":\"es\",\"@id\":\"https:\/\/www.sonoraenequipo.com.mx\/#\/schema\/logo\/image\/\",\"url\":\"https:\/\/www.sonoraenequipo.com.mx\/storage\/2019\/01\/sonoraenequipo_opt.png\",\"contentUrl\":\"https:\/\/www.sonoraenequipo.com.mx\/storage\/2019\/01\/sonoraenequipo_opt.png\",\"width\":375,\"height\":125,\"caption\":\"Sonoraenequipo.com.mx\"},\"image\":{\"@id\":\"https:\/\/www.sonoraenequipo.com.mx\/#\/schema\/logo\/image\/\"},\"sameAs\":[\"https:\/\/www.facebook.com\/SonoraEE\/\",\"https:\/\/x.com\/sonoraenequipo\",\"https:\/\/www.youtube.com\/channel\/UC338nW-lPEYmJQs4ZABQ1SQ\"]},{\"@type\":\"Person\",\"@id\":\"https:\/\/www.sonoraenequipo.com.mx\/#\/schema\/person\/50102df0fb23a8fa9e8effad8fa81386\",\"name\":\"enequipo\",\"image\":{\"@type\":\"ImageObject\",\"inLanguage\":\"es\",\"@id\":\"https:\/\/www.sonoraenequipo.com.mx\/#\/schema\/person\/image\/\",\"url\":\"https:\/\/secure.gravatar.com\/avatar\/049821681b589dabc0bc20695993ccebb09f5b5d4d790cd9251b97faac7c652b?s=96&d=blank&r=g\",\"contentUrl\":\"https:\/\/secure.gravatar.com\/avatar\/049821681b589dabc0bc20695993ccebb09f5b5d4d790cd9251b97faac7c652b?s=96&d=blank&r=g\",\"caption\":\"enequipo\"},\"sameAs\":[\"https:\/\/www.facebook.com\/SonoraEE\"]}]}<\/script>\n ","yoast_head_json":{"title":"Sonora en Equipo. Avanzamos en el rescate de calles hist\u00f3ricamente olvidadas de Hermosillo: Celida L\u00f3pez Municipios","description":"\u25baLa Alcaldesa supervis\u00f3 junto a vecinos la obra ya terminada de nuevo pavimento en la avenida Bavi\u00e1cora entre Israel Gonz\u00e1lez y Reyes, de la Cuatro En Sonora en Equipo publicamos toda la informaci\u00f3n de Sonora, M\u00e9xico y el Mundo de manera oportuna y busca que la libertad de expresi\u00f3n sea real. Visita nuestro medio informativo publicado desde Hermosillo, Sonora. %","robots":{"index":"index","follow":"follow","max-snippet":"max-snippet:-1","max-image-preview":"max-image-preview:large","max-video-preview":"max-video-preview:-1"},"canonical":"https:\/\/www.sonoraenequipo.com.mx\/avanzamos-en-el-rescate-de-calles-historicamente-olvidadas-de-hermosillo-celida-lopez\/","og_locale":"es_ES","og_type":"article","og_title":"Sonora en Equipo. Avanzamos en el rescate de calles hist\u00f3ricamente olvidadas de Hermosillo: Celida L\u00f3pez Municipios","og_description":"\u25baLa Alcaldesa supervis\u00f3 junto a vecinos la obra ya terminada de nuevo pavimento en la avenida Bavi\u00e1cora entre Israel Gonz\u00e1lez y Reyes, de la Cuatro En Sonora en Equipo publicamos toda la informaci\u00f3n de Sonora, M\u00e9xico y el Mundo de manera oportuna y busca que la libertad de expresi\u00f3n sea real. Visita nuestro medio informativo publicado desde Hermosillo, Sonora. %","og_url":"https:\/\/www.sonoraenequipo.com.mx\/avanzamos-en-el-rescate-de-calles-historicamente-olvidadas-de-hermosillo-celida-lopez\/","og_site_name":"Sonora en Equipo.","article_publisher":"https:\/\/www.facebook.com\/SonoraEE\/","article_author":"https:\/\/www.facebook.com\/SonoraEE","article_published_time":"2021-02-16T23:23:44+00:00","og_image":[{"width":500,"height":300,"url":"https:\/\/www.sonoraenequipo.com.mx\/storage\/2021\/02\/ave-baviacora.jpg","type":"image\/jpeg"}],"author":"enequipo","twitter_card":"summary_large_image","twitter_creator":"@sonoraenequipo","twitter_site":"@sonoraenequipo","twitter_misc":{"Escrito por":"enequipo","Tiempo de lectura":"1 minuto"},"schema":{"@context":"https:\/\/schema.org","@graph":[{"@type":"Article","@id":"https:\/\/www.sonoraenequipo.com.mx\/avanzamos-en-el-rescate-de-calles-historicamente-olvidadas-de-hermosillo-celida-lopez\/#article","isPartOf":{"@id":"https:\/\/www.sonoraenequipo.com.mx\/avanzamos-en-el-rescate-de-calles-historicamente-olvidadas-de-hermosillo-celida-lopez\/"},"author":{"name":"enequipo","@id":"https:\/\/www.sonoraenequipo.com.mx\/#\/schema\/person\/50102df0fb23a8fa9e8effad8fa81386"},"headline":"Avanzamos en el rescate de calles hist\u00f3ricamente olvidadas de Hermosillo: Celida L\u00f3pez","datePublished":"2021-02-16T23:23:44+00:00","mainEntityOfPage":{"@id":"https:\/\/www.sonoraenequipo.com.mx\/avanzamos-en-el-rescate-de-calles-historicamente-olvidadas-de-hermosillo-celida-lopez\/"},"wordCount":234,"commentCount":0,"publisher":{"@id":"https:\/\/www.sonoraenequipo.com.mx\/#organization"},"image":{"@id":"https:\/\/www.sonoraenequipo.com.mx\/avanzamos-en-el-rescate-de-calles-historicamente-olvidadas-de-hermosillo-celida-lopez\/#primaryimage"},"thumbnailUrl":"https:\/\/www.sonoraenequipo.com.mx\/storage\/2021\/02\/ave-baviacora.jpg","keywords":["pavimentacion hermosillo"],"articleSection":["Municipios"],"inLanguage":"es","potentialAction":[{"@type":"CommentAction","name":"Comment","target":["https:\/\/www.sonoraenequipo.com.mx\/avanzamos-en-el-rescate-de-calles-historicamente-olvidadas-de-hermosillo-celida-lopez\/#respond"]}]},{"@type":"WebPage","@id":"https:\/\/www.sonoraenequipo.com.mx\/avanzamos-en-el-rescate-de-calles-historicamente-olvidadas-de-hermosillo-celida-lopez\/","url":"https:\/\/www.sonoraenequipo.com.mx\/avanzamos-en-el-rescate-de-calles-historicamente-olvidadas-de-hermosillo-celida-lopez\/","name":"Sonora en Equipo. Avanzamos en el rescate de calles hist\u00f3ricamente olvidadas de Hermosillo: Celida L\u00f3pez Municipios","isPartOf":{"@id":"https:\/\/www.sonoraenequipo.com.mx\/#website"},"primaryImageOfPage":{"@id":"https:\/\/www.sonoraenequipo.com.mx\/avanzamos-en-el-rescate-de-calles-historicamente-olvidadas-de-hermosillo-celida-lopez\/#primaryimage"},"image":{"@id":"https:\/\/www.sonoraenequipo.com.mx\/avanzamos-en-el-rescate-de-calles-historicamente-olvidadas-de-hermosillo-celida-lopez\/#primaryimage"},"thumbnailUrl":"https:\/\/www.sonoraenequipo.com.mx\/storage\/2021\/02\/ave-baviacora.jpg","datePublished":"2021-02-16T23:23:44+00:00","description":"\u25baLa Alcaldesa supervis\u00f3 junto a vecinos la obra ya terminada de nuevo pavimento en la avenida Bavi\u00e1cora entre Israel Gonz\u00e1lez y Reyes, de la Cuatro En Sonora en Equipo publicamos toda la informaci\u00f3n de Sonora, M\u00e9xico y el Mundo de manera oportuna y busca que la libertad de expresi\u00f3n sea real. Visita nuestro medio informativo publicado desde Hermosillo, Sonora. %","breadcrumb":{"@id":"https:\/\/www.sonoraenequipo.com.mx\/avanzamos-en-el-rescate-de-calles-historicamente-olvidadas-de-hermosillo-celida-lopez\/#breadcrumb"},"inLanguage":"es","potentialAction":[{"@type":"ReadAction","target":["https:\/\/www.sonoraenequipo.com.mx\/avanzamos-en-el-rescate-de-calles-historicamente-olvidadas-de-hermosillo-celida-lopez\/"]}]},{"@type":"ImageObject","inLanguage":"es","@id":"https:\/\/www.sonoraenequipo.com.mx\/avanzamos-en-el-rescate-de-calles-historicamente-olvidadas-de-hermosillo-celida-lopez\/#primaryimage","url":"https:\/\/www.sonoraenequipo.com.mx\/storage\/2021\/02\/ave-baviacora.jpg","contentUrl":"https:\/\/www.sonoraenequipo.com.mx\/storage\/2021\/02\/ave-baviacora.jpg","width":500,"height":300,"caption":"Ave. Bavi\u00e1cora"},{"@type":"BreadcrumbList","@id":"https:\/\/www.sonoraenequipo.com.mx\/avanzamos-en-el-rescate-de-calles-historicamente-olvidadas-de-hermosillo-celida-lopez\/#breadcrumb","itemListElement":[{"@type":"ListItem","position":1,"name":"Portada","item":"https:\/\/www.sonoraenequipo.com.mx\/"},{"@type":"ListItem","position":2,"name":"Avanzamos en el rescate de calles hist\u00f3ricamente olvidadas de Hermosillo: Celida L\u00f3pez"}]},{"@type":"WebSite","@id":"https:\/\/www.sonoraenequipo.com.mx\/#website","url":"https:\/\/www.sonoraenequipo.com.mx\/","name":"Sonora en Equipo.","description":"Diario en l\u00ednea con Noticias desde Hermosillo, Sonora","publisher":{"@id":"https:\/\/www.sonoraenequipo.com.mx\/#organization"},"potentialAction":[{"@type":"SearchAction","target":{"@type":"EntryPoint","urlTemplate":"https:\/\/www.sonoraenequipo.com.mx\/?s={search_term_string}"},"query-input":{"@type":"PropertyValueSpecification","valueRequired":true,"valueName":"search_term_string"}}],"inLanguage":"es"},{"@type":"Organization","@id":"https:\/\/www.sonoraenequipo.com.mx\/#organization","name":"Sonoraenequipo.com.mx","url":"https:\/\/www.sonoraenequipo.com.mx\/","logo":{"@type":"ImageObject","inLanguage":"es","@id":"https:\/\/www.sonoraenequipo.com.mx\/#\/schema\/logo\/image\/","url":"https:\/\/www.sonoraenequipo.com.mx\/storage\/2019\/01\/sonoraenequipo_opt.png","contentUrl":"https:\/\/www.sonoraenequipo.com.mx\/storage\/2019\/01\/sonoraenequipo_opt.png","width":375,"height":125,"caption":"Sonoraenequipo.com.mx"},"image":{"@id":"https:\/\/www.sonoraenequipo.com.mx\/#\/schema\/logo\/image\/"},"sameAs":["https:\/\/www.facebook.com\/SonoraEE\/","https:\/\/x.com\/sonoraenequipo","https:\/\/www.youtube.com\/channel\/UC338nW-lPEYmJQs4ZABQ1SQ"]},{"@type":"Person","@id":"https:\/\/www.sonoraenequipo.com.mx\/#\/schema\/person\/50102df0fb23a8fa9e8effad8fa81386","name":"enequipo","image":{"@type":"ImageObject","inLanguage":"es","@id":"https:\/\/www.sonoraenequipo.com.mx\/#\/schema\/person\/image\/","url":"https:\/\/secure.gravatar.com\/avatar\/049821681b589dabc0bc20695993ccebb09f5b5d4d790cd9251b97faac7c652b?s=96&d=blank&r=g","contentUrl":"https:\/\/secure.gravatar.com\/avatar\/049821681b589dabc0bc20695993ccebb09f5b5d4d790cd9251b97faac7c652b?s=96&d=blank&r=g","caption":"enequipo"},"sameAs":["https:\/\/www.facebook.com\/SonoraEE"]}]}},"jetpack_featured_media_url":"https:\/\/www.sonoraenequipo.com.mx\/storage\/2021\/02\/ave-baviacora.jpg","_links":{"self":[{"href":"https:\/\/www.sonoraenequipo.com.mx\/api\/wp\/v2\/posts\/107147","targetHints":{"allow":["GET"]}}],"collection":[{"href":"https:\/\/www.sonoraenequipo.com.mx\/api\/wp\/v2\/posts"}],"about":[{"href":"https:\/\/www.sonoraenequipo.com.mx\/api\/wp\/v2\/types\/post"}],"author":[{"embeddable":true,"href":"https:\/\/www.sonoraenequipo.com.mx\/api\/wp\/v2\/users\/1"}],"replies":[{"embeddable":true,"href":"https:\/\/www.sonoraenequipo.com.mx\/api\/wp\/v2\/comments?post=107147"}],"version-history":[{"count":1,"href":"https:\/\/www.sonoraenequipo.com.mx\/api\/wp\/v2\/posts\/107147\/revisions"}],"predecessor-version":[{"id":107149,"href":"https:\/\/www.sonoraenequipo.com.mx\/api\/wp\/v2\/posts\/107147\/revisions\/107149"}],"wp:featuredmedia":[{"embeddable":true,"href":"https:\/\/www.sonoraenequipo.com.mx\/api\/wp\/v2\/media\/107148"}],"wp:attachment":[{"href":"https:\/\/www.sonoraenequipo.com.mx\/api\/wp\/v2\/media?parent=107147"}],"wp:term":[{"taxonomy":"category","embeddable":true,"href":"https:\/\/www.sonoraenequipo.com.mx\/api\/wp\/v2\/categories?post=107147"},{"taxonomy":"post_tag","embeddable":true,"href":"https:\/\/www.sonoraenequipo.com.mx\/api\/wp\/v2\/tags?post=107147"}],"curies":[{"name":"wp","href":"https:\/\/api.w.org\/{rel}","templated":true}]}}