{"id":107150,"date":"2021-02-16T13:45:20","date_gmt":"2021-02-16T20:45:20","guid":{"rendered":"https:\/\/www.sonoraenequipo.com.mx\/?p=107150"},"modified":"2021-02-16T16:41:55","modified_gmt":"2021-02-16T23:41:55","slug":"expertos-temen-que-las-ondas-5g-perturben-a-los-aviones","status":"publish","type":"post","link":"https:\/\/www.sonoraenequipo.com.mx\/expertos-temen-que-las-ondas-5g-perturben-a-los-aviones\/","title":{"rendered":"Expertos temen que las ondas 5G perturben a los aviones"},"content":{"rendered":"<p>CIUDAD DE M\u00c9XICO. MX.\u2014 La autoridad francesa de aviaci\u00f3n civil recomienda apagar los aparatos electr\u00f3nicos 5G a bordo de los aviones. Se teme que las ondas de nueva generaci\u00f3n alteren el funcionamiento de los alt\u00edmetros.<\/p>\n<p> <\/p>\n<p>&nbsp;<\/p>\n<p>Nuevas dudas surgen en torno a las ondas 5G de los celulares. Los tel\u00e9fonos que usen esta tecnolog\u00eda ya disponible en varios pa\u00edses como Corea del sur o Suiza, podr\u00edan representar un riesgo para el buen funcionamiento de los aviones.<\/p>\n<p>&nbsp;<\/p>\n<p>Seg\u00fan la Direcci\u00f3n general de aviaci\u00f3n civil de Francia (DGAC),<em> \u201cel uso de aparatos 5G a bordo de aeronaves podr\u00eda causar interferencias y errores en las mediciones de la altitud\u201d<\/em>, dijo un portavoz de la entidad.<\/p>\n<p>&nbsp;<\/p>\n<p>El riesgo se deber\u00eda a una interferencia de la se\u00f1al por una onda de nivel y de potencia similar o superior a la de los radioalt\u00edmetros, conduciendo a errores<em> \u201ccr\u00edticos en los instrumentos en fase de aterrizaje\u201d<\/em>, a\u00f1ade la DGAC.<\/p>\n<p>&nbsp;<\/p>\n<p>Los expertos recomiendan en particular apagar los aparatos compatibles con la 5G o ponerlos en modo avi\u00f3n. Adem\u00e1s, en caso de interferencia, los pilotos deber\u00e1n avisar a los responsables del tr\u00e1fico a\u00e9reo.<\/p>\n<p>&nbsp;<\/p>\n<p>Por precauci\u00f3n, las autoridades francesas impusieron un limite de emisiones de ondas 5G para las antenas ubicadas cerca de 17 aeropuertos habilitados para aterrizajes en condiciones clim\u00e1ticas delicadas.<\/p>\n<p>&nbsp;<\/p>\n<p>En los otros aeropuertos, se reforzar\u00e1 la vigilancia de las antenas.<\/p>\n<p>&nbsp;<\/p>\n<p>El despliegue de las antenas 5G en Francia ha desatado un debate sobre la verdadera utilidad de esta nueva tecnolog\u00eda que promete conectar objetos as\u00ed como una velocidad de conexi\u00f3n m\u00e1s alta.<\/p>\n<p>&nbsp;<\/p>\n<p>Sobre el mismo tema le recomendamos: Francia: los detractores de la 5G alzan la voz<\/p>\n<p>&nbsp;<\/p>\n<p>&nbsp;<\/p>\n<p>(Publicada el 16\/02\/2021 \/AFP)<\/p>\n","protected":false},"excerpt":{"rendered":"<p>CIUDAD DE M\u00c9XICO. MX.\u2014 La autoridad francesa de aviaci\u00f3n civil recomienda apagar los aparatos electr\u00f3nicos&#8230;<\/p>\n","protected":false},"author":1,"featured_media":107151,"comment_status":"open","ping_status":"open","sticky":false,"template":"","format":"standard","meta":{"_monsterinsights_skip_tracking":false,"_monsterinsights_sitenote_active":false,"_monsterinsights_sitenote_note":"","_monsterinsights_sitenote_category":0,"footnotes":""},"categories":[3],"tags":[],"class_list":["post"],"yoast_head":" \n<title>Sonora en Equipo. Expertos temen que las ondas 5G perturben a los aviones MUNDO<\/title>\n<meta name=\"description\" content=\"CIUDAD DE M\u00c9XICO. MX.\u2014 La autoridad francesa de aviaci\u00f3n civil recomienda apagar los aparatos electr\u00f3nicos 5G a bordo de los aviones. Se teme que las En Sonora en Equipo publicamos toda la informaci\u00f3n de Sonora, M\u00e9xico y el Mundo de manera oportuna y busca que la libertad de expresi\u00f3n sea real. Visita nuestro medio informativo publicado desde Hermosillo, Sonora. %\" \/>\n<meta name=\"robots\" content=\"index, follow, max-snippet:-1, max-image-preview:large, max-video-preview:-1\" \/>\n<link rel=\"canonical\" href=\"https:\/\/www.sonoraenequipo.com.mx\/expertos-temen-que-las-ondas-5g-perturben-a-los-aviones\/\" \/>\n<meta property=\"og:locale\" content=\"es_ES\" \/>\n<meta property=\"og:type\" content=\"article\" \/>\n<meta property=\"og:title\" content=\"Sonora en Equipo. Expertos temen que las ondas 5G perturben a los aviones MUNDO\" \/>\n<meta property=\"og:description\" content=\"CIUDAD DE M\u00c9XICO. MX.\u2014 La autoridad francesa de aviaci\u00f3n civil recomienda apagar los aparatos electr\u00f3nicos 5G a bordo de los aviones. Se teme que las En Sonora en Equipo publicamos toda la informaci\u00f3n de Sonora, M\u00e9xico y el Mundo de manera oportuna y busca que la libertad de expresi\u00f3n sea real. Visita nuestro medio informativo publicado desde Hermosillo, Sonora. %\" \/>\n<meta property=\"og:url\" content=\"https:\/\/www.sonoraenequipo.com.mx\/expertos-temen-que-las-ondas-5g-perturben-a-los-aviones\/\" \/>\n<meta property=\"og:site_name\" content=\"Sonora en Equipo.\" \/>\n<meta property=\"article:publisher\" content=\"https:\/\/www.facebook.com\/SonoraEE\/\" \/>\n<meta property=\"article:author\" content=\"https:\/\/www.facebook.com\/SonoraEE\" \/>\n<meta property=\"article:published_time\" content=\"2021-02-16T20:45:20+00:00\" \/>\n<meta property=\"article:modified_time\" content=\"2021-02-16T23:41:55+00:00\" \/>\n<meta property=\"og:image\" content=\"https:\/\/www.sonoraenequipo.com.mx\/storage\/2021\/02\/5G-interviene-con-aviones_opt.jpg\" \/>\n\t<meta property=\"og:image:width\" content=\"711\" \/>\n\t<meta property=\"og:image:height\" content=\"400\" \/>\n\t<meta property=\"og:image:type\" content=\"image\/jpeg\" \/>\n<meta name=\"author\" content=\"enequipo\" \/>\n<meta name=\"twitter:card\" content=\"summary_large_image\" \/>\n<meta name=\"twitter:creator\" content=\"@sonoraenequipo\" \/>\n<meta name=\"twitter:site\" content=\"@sonoraenequipo\" \/>\n<meta name=\"twitter:label1\" content=\"Escrito por\" \/>\n\t<meta name=\"twitter:data1\" content=\"enequipo\" \/>\n\t<meta name=\"twitter:label2\" content=\"Tiempo de lectura\" \/>\n\t<meta name=\"twitter:data2\" content=\"2 minutos\" \/>\n<script type=\"application\/ld+json\" class=\"yoast-schema-graph\">{\"@context\":\"https:\/\/schema.org\",\"@graph\":[{\"@type\":\"Article\",\"@id\":\"https:\/\/www.sonoraenequipo.com.mx\/expertos-temen-que-las-ondas-5g-perturben-a-los-aviones\/#article\",\"isPartOf\":{\"@id\":\"https:\/\/www.sonoraenequipo.com.mx\/expertos-temen-que-las-ondas-5g-perturben-a-los-aviones\/\"},\"author\":{\"name\":\"enequipo\",\"@id\":\"https:\/\/www.sonoraenequipo.com.mx\/#\/schema\/person\/50102df0fb23a8fa9e8effad8fa81386\"},\"headline\":\"Expertos temen que las ondas 5G perturben a los aviones\",\"datePublished\":\"2021-02-16T20:45:20+00:00\",\"dateModified\":\"2021-02-16T23:41:55+00:00\",\"mainEntityOfPage\":{\"@id\":\"https:\/\/www.sonoraenequipo.com.mx\/expertos-temen-que-las-ondas-5g-perturben-a-los-aviones\/\"},\"wordCount\":319,\"commentCount\":0,\"publisher\":{\"@id\":\"https:\/\/www.sonoraenequipo.com.mx\/#organization\"},\"image\":{\"@id\":\"https:\/\/www.sonoraenequipo.com.mx\/expertos-temen-que-las-ondas-5g-perturben-a-los-aviones\/#primaryimage\"},\"thumbnailUrl\":\"https:\/\/www.sonoraenequipo.com.mx\/storage\/2021\/02\/5G-interviene-con-aviones_opt.jpg\",\"articleSection\":[\"MUNDO\"],\"inLanguage\":\"es\",\"potentialAction\":[{\"@type\":\"CommentAction\",\"name\":\"Comment\",\"target\":[\"https:\/\/www.sonoraenequipo.com.mx\/expertos-temen-que-las-ondas-5g-perturben-a-los-aviones\/#respond\"]}]},{\"@type\":\"WebPage\",\"@id\":\"https:\/\/www.sonoraenequipo.com.mx\/expertos-temen-que-las-ondas-5g-perturben-a-los-aviones\/\",\"url\":\"https:\/\/www.sonoraenequipo.com.mx\/expertos-temen-que-las-ondas-5g-perturben-a-los-aviones\/\",\"name\":\"Sonora en Equipo. Expertos temen que las ondas 5G perturben a los aviones MUNDO\",\"isPartOf\":{\"@id\":\"https:\/\/www.sonoraenequipo.com.mx\/#website\"},\"primaryImageOfPage\":{\"@id\":\"https:\/\/www.sonoraenequipo.com.mx\/expertos-temen-que-las-ondas-5g-perturben-a-los-aviones\/#primaryimage\"},\"image\":{\"@id\":\"https:\/\/www.sonoraenequipo.com.mx\/expertos-temen-que-las-ondas-5g-perturben-a-los-aviones\/#primaryimage\"},\"thumbnailUrl\":\"https:\/\/www.sonoraenequipo.com.mx\/storage\/2021\/02\/5G-interviene-con-aviones_opt.jpg\",\"datePublished\":\"2021-02-16T20:45:20+00:00\",\"dateModified\":\"2021-02-16T23:41:55+00:00\",\"description\":\"CIUDAD DE M\u00c9XICO. MX.\u2014 La autoridad francesa de aviaci\u00f3n civil recomienda apagar los aparatos electr\u00f3nicos 5G a bordo de los aviones. Se teme que las En Sonora en Equipo publicamos toda la informaci\u00f3n de Sonora, M\u00e9xico y el Mundo de manera oportuna y busca que la libertad de expresi\u00f3n sea real. Visita nuestro medio informativo publicado desde Hermosillo, Sonora. %\",\"breadcrumb\":{\"@id\":\"https:\/\/www.sonoraenequipo.com.mx\/expertos-temen-que-las-ondas-5g-perturben-a-los-aviones\/#breadcrumb\"},\"inLanguage\":\"es\",\"potentialAction\":[{\"@type\":\"ReadAction\",\"target\":[\"https:\/\/www.sonoraenequipo.com.mx\/expertos-temen-que-las-ondas-5g-perturben-a-los-aviones\/\"]}]},{\"@type\":\"ImageObject\",\"inLanguage\":\"es\",\"@id\":\"https:\/\/www.sonoraenequipo.com.mx\/expertos-temen-que-las-ondas-5g-perturben-a-los-aviones\/#primaryimage\",\"url\":\"https:\/\/www.sonoraenequipo.com.mx\/storage\/2021\/02\/5G-interviene-con-aviones_opt.jpg\",\"contentUrl\":\"https:\/\/www.sonoraenequipo.com.mx\/storage\/2021\/02\/5G-interviene-con-aviones_opt.jpg\",\"width\":711,\"height\":400},{\"@type\":\"BreadcrumbList\",\"@id\":\"https:\/\/www.sonoraenequipo.com.mx\/expertos-temen-que-las-ondas-5g-perturben-a-los-aviones\/#breadcrumb\",\"itemListElement\":[{\"@type\":\"ListItem\",\"position\":1,\"name\":\"Portada\",\"item\":\"https:\/\/www.sonoraenequipo.com.mx\/\"},{\"@type\":\"ListItem\",\"position\":2,\"name\":\"Expertos temen que las ondas 5G perturben a los aviones\"}]},{\"@type\":\"WebSite\",\"@id\":\"https:\/\/www.sonoraenequipo.com.mx\/#website\",\"url\":\"https:\/\/www.sonoraenequipo.com.mx\/\",\"name\":\"Sonora en Equipo.\",\"description\":\"Diario en l\u00ednea con Noticias desde Hermosillo, Sonora\",\"publisher\":{\"@id\":\"https:\/\/www.sonoraenequipo.com.mx\/#organization\"},\"potentialAction\":[{\"@type\":\"SearchAction\",\"target\":{\"@type\":\"EntryPoint\",\"urlTemplate\":\"https:\/\/www.sonoraenequipo.com.mx\/?s={search_term_string}\"},\"query-input\":{\"@type\":\"PropertyValueSpecification\",\"valueRequired\":true,\"valueName\":\"search_term_string\"}}],\"inLanguage\":\"es\"},{\"@type\":\"Organization\",\"@id\":\"https:\/\/www.sonoraenequipo.com.mx\/#organization\",\"name\":\"Sonoraenequipo.com.mx\",\"url\":\"https:\/\/www.sonoraenequipo.com.mx\/\",\"logo\":{\"@type\":\"ImageObject\",\"inLanguage\":\"es\",\"@id\":\"https:\/\/www.sonoraenequipo.com.mx\/#\/schema\/logo\/image\/\",\"url\":\"https:\/\/www.sonoraenequipo.com.mx\/storage\/2019\/01\/sonoraenequipo_opt.png\",\"contentUrl\":\"https:\/\/www.sonoraenequipo.com.mx\/storage\/2019\/01\/sonoraenequipo_opt.png\",\"width\":375,\"height\":125,\"caption\":\"Sonoraenequipo.com.mx\"},\"image\":{\"@id\":\"https:\/\/www.sonoraenequipo.com.mx\/#\/schema\/logo\/image\/\"},\"sameAs\":[\"https:\/\/www.facebook.com\/SonoraEE\/\",\"https:\/\/x.com\/sonoraenequipo\",\"https:\/\/www.youtube.com\/channel\/UC338nW-lPEYmJQs4ZABQ1SQ\"]},{\"@type\":\"Person\",\"@id\":\"https:\/\/www.sonoraenequipo.com.mx\/#\/schema\/person\/50102df0fb23a8fa9e8effad8fa81386\",\"name\":\"enequipo\",\"image\":{\"@type\":\"ImageObject\",\"inLanguage\":\"es\",\"@id\":\"https:\/\/www.sonoraenequipo.com.mx\/#\/schema\/person\/image\/\",\"url\":\"https:\/\/secure.gravatar.com\/avatar\/049821681b589dabc0bc20695993ccebb09f5b5d4d790cd9251b97faac7c652b?s=96&d=blank&r=g\",\"contentUrl\":\"https:\/\/secure.gravatar.com\/avatar\/049821681b589dabc0bc20695993ccebb09f5b5d4d790cd9251b97faac7c652b?s=96&d=blank&r=g\",\"caption\":\"enequipo\"},\"sameAs\":[\"https:\/\/www.facebook.com\/SonoraEE\"]}]}<\/script>\n ","yoast_head_json":{"title":"Sonora en Equipo. Expertos temen que las ondas 5G perturben a los aviones MUNDO","description":"CIUDAD DE M\u00c9XICO. MX.\u2014 La autoridad francesa de aviaci\u00f3n civil recomienda apagar los aparatos electr\u00f3nicos 5G a bordo de los aviones. Se teme que las En Sonora en Equipo publicamos toda la informaci\u00f3n de Sonora, M\u00e9xico y el Mundo de manera oportuna y busca que la libertad de expresi\u00f3n sea real. Visita nuestro medio informativo publicado desde Hermosillo, Sonora. %","robots":{"index":"index","follow":"follow","max-snippet":"max-snippet:-1","max-image-preview":"max-image-preview:large","max-video-preview":"max-video-preview:-1"},"canonical":"https:\/\/www.sonoraenequipo.com.mx\/expertos-temen-que-las-ondas-5g-perturben-a-los-aviones\/","og_locale":"es_ES","og_type":"article","og_title":"Sonora en Equipo. Expertos temen que las ondas 5G perturben a los aviones MUNDO","og_description":"CIUDAD DE M\u00c9XICO. MX.\u2014 La autoridad francesa de aviaci\u00f3n civil recomienda apagar los aparatos electr\u00f3nicos 5G a bordo de los aviones. Se teme que las En Sonora en Equipo publicamos toda la informaci\u00f3n de Sonora, M\u00e9xico y el Mundo de manera oportuna y busca que la libertad de expresi\u00f3n sea real. Visita nuestro medio informativo publicado desde Hermosillo, Sonora. %","og_url":"https:\/\/www.sonoraenequipo.com.mx\/expertos-temen-que-las-ondas-5g-perturben-a-los-aviones\/","og_site_name":"Sonora en Equipo.","article_publisher":"https:\/\/www.facebook.com\/SonoraEE\/","article_author":"https:\/\/www.facebook.com\/SonoraEE","article_published_time":"2021-02-16T20:45:20+00:00","article_modified_time":"2021-02-16T23:41:55+00:00","og_image":[{"width":711,"height":400,"url":"https:\/\/www.sonoraenequipo.com.mx\/storage\/2021\/02\/5G-interviene-con-aviones_opt.jpg","type":"image\/jpeg"}],"author":"enequipo","twitter_card":"summary_large_image","twitter_creator":"@sonoraenequipo","twitter_site":"@sonoraenequipo","twitter_misc":{"Escrito por":"enequipo","Tiempo de lectura":"2 minutos"},"schema":{"@context":"https:\/\/schema.org","@graph":[{"@type":"Article","@id":"https:\/\/www.sonoraenequipo.com.mx\/expertos-temen-que-las-ondas-5g-perturben-a-los-aviones\/#article","isPartOf":{"@id":"https:\/\/www.sonoraenequipo.com.mx\/expertos-temen-que-las-ondas-5g-perturben-a-los-aviones\/"},"author":{"name":"enequipo","@id":"https:\/\/www.sonoraenequipo.com.mx\/#\/schema\/person\/50102df0fb23a8fa9e8effad8fa81386"},"headline":"Expertos temen que las ondas 5G perturben a los aviones","datePublished":"2021-02-16T20:45:20+00:00","dateModified":"2021-02-16T23:41:55+00:00","mainEntityOfPage":{"@id":"https:\/\/www.sonoraenequipo.com.mx\/expertos-temen-que-las-ondas-5g-perturben-a-los-aviones\/"},"wordCount":319,"commentCount":0,"publisher":{"@id":"https:\/\/www.sonoraenequipo.com.mx\/#organization"},"image":{"@id":"https:\/\/www.sonoraenequipo.com.mx\/expertos-temen-que-las-ondas-5g-perturben-a-los-aviones\/#primaryimage"},"thumbnailUrl":"https:\/\/www.sonoraenequipo.com.mx\/storage\/2021\/02\/5G-interviene-con-aviones_opt.jpg","articleSection":["MUNDO"],"inLanguage":"es","potentialAction":[{"@type":"CommentAction","name":"Comment","target":["https:\/\/www.sonoraenequipo.com.mx\/expertos-temen-que-las-ondas-5g-perturben-a-los-aviones\/#respond"]}]},{"@type":"WebPage","@id":"https:\/\/www.sonoraenequipo.com.mx\/expertos-temen-que-las-ondas-5g-perturben-a-los-aviones\/","url":"https:\/\/www.sonoraenequipo.com.mx\/expertos-temen-que-las-ondas-5g-perturben-a-los-aviones\/","name":"Sonora en Equipo. Expertos temen que las ondas 5G perturben a los aviones MUNDO","isPartOf":{"@id":"https:\/\/www.sonoraenequipo.com.mx\/#website"},"primaryImageOfPage":{"@id":"https:\/\/www.sonoraenequipo.com.mx\/expertos-temen-que-las-ondas-5g-perturben-a-los-aviones\/#primaryimage"},"image":{"@id":"https:\/\/www.sonoraenequipo.com.mx\/expertos-temen-que-las-ondas-5g-perturben-a-los-aviones\/#primaryimage"},"thumbnailUrl":"https:\/\/www.sonoraenequipo.com.mx\/storage\/2021\/02\/5G-interviene-con-aviones_opt.jpg","datePublished":"2021-02-16T20:45:20+00:00","dateModified":"2021-02-16T23:41:55+00:00","description":"CIUDAD DE M\u00c9XICO. MX.\u2014 La autoridad francesa de aviaci\u00f3n civil recomienda apagar los aparatos electr\u00f3nicos 5G a bordo de los aviones. Se teme que las En Sonora en Equipo publicamos toda la informaci\u00f3n de Sonora, M\u00e9xico y el Mundo de manera oportuna y busca que la libertad de expresi\u00f3n sea real. Visita nuestro medio informativo publicado desde Hermosillo, Sonora. %","breadcrumb":{"@id":"https:\/\/www.sonoraenequipo.com.mx\/expertos-temen-que-las-ondas-5g-perturben-a-los-aviones\/#breadcrumb"},"inLanguage":"es","potentialAction":[{"@type":"ReadAction","target":["https:\/\/www.sonoraenequipo.com.mx\/expertos-temen-que-las-ondas-5g-perturben-a-los-aviones\/"]}]},{"@type":"ImageObject","inLanguage":"es","@id":"https:\/\/www.sonoraenequipo.com.mx\/expertos-temen-que-las-ondas-5g-perturben-a-los-aviones\/#primaryimage","url":"https:\/\/www.sonoraenequipo.com.mx\/storage\/2021\/02\/5G-interviene-con-aviones_opt.jpg","contentUrl":"https:\/\/www.sonoraenequipo.com.mx\/storage\/2021\/02\/5G-interviene-con-aviones_opt.jpg","width":711,"height":400},{"@type":"BreadcrumbList","@id":"https:\/\/www.sonoraenequipo.com.mx\/expertos-temen-que-las-ondas-5g-perturben-a-los-aviones\/#breadcrumb","itemListElement":[{"@type":"ListItem","position":1,"name":"Portada","item":"https:\/\/www.sonoraenequipo.com.mx\/"},{"@type":"ListItem","position":2,"name":"Expertos temen que las ondas 5G perturben a los aviones"}]},{"@type":"WebSite","@id":"https:\/\/www.sonoraenequipo.com.mx\/#website","url":"https:\/\/www.sonoraenequipo.com.mx\/","name":"Sonora en Equipo.","description":"Diario en l\u00ednea con Noticias desde Hermosillo, Sonora","publisher":{"@id":"https:\/\/www.sonoraenequipo.com.mx\/#organization"},"potentialAction":[{"@type":"SearchAction","target":{"@type":"EntryPoint","urlTemplate":"https:\/\/www.sonoraenequipo.com.mx\/?s={search_term_string}"},"query-input":{"@type":"PropertyValueSpecification","valueRequired":true,"valueName":"search_term_string"}}],"inLanguage":"es"},{"@type":"Organization","@id":"https:\/\/www.sonoraenequipo.com.mx\/#organization","name":"Sonoraenequipo.com.mx","url":"https:\/\/www.sonoraenequipo.com.mx\/","logo":{"@type":"ImageObject","inLanguage":"es","@id":"https:\/\/www.sonoraenequipo.com.mx\/#\/schema\/logo\/image\/","url":"https:\/\/www.sonoraenequipo.com.mx\/storage\/2019\/01\/sonoraenequipo_opt.png","contentUrl":"https:\/\/www.sonoraenequipo.com.mx\/storage\/2019\/01\/sonoraenequipo_opt.png","width":375,"height":125,"caption":"Sonoraenequipo.com.mx"},"image":{"@id":"https:\/\/www.sonoraenequipo.com.mx\/#\/schema\/logo\/image\/"},"sameAs":["https:\/\/www.facebook.com\/SonoraEE\/","https:\/\/x.com\/sonoraenequipo","https:\/\/www.youtube.com\/channel\/UC338nW-lPEYmJQs4ZABQ1SQ"]},{"@type":"Person","@id":"https:\/\/www.sonoraenequipo.com.mx\/#\/schema\/person\/50102df0fb23a8fa9e8effad8fa81386","name":"enequipo","image":{"@type":"ImageObject","inLanguage":"es","@id":"https:\/\/www.sonoraenequipo.com.mx\/#\/schema\/person\/image\/","url":"https:\/\/secure.gravatar.com\/avatar\/049821681b589dabc0bc20695993ccebb09f5b5d4d790cd9251b97faac7c652b?s=96&d=blank&r=g","contentUrl":"https:\/\/secure.gravatar.com\/avatar\/049821681b589dabc0bc20695993ccebb09f5b5d4d790cd9251b97faac7c652b?s=96&d=blank&r=g","caption":"enequipo"},"sameAs":["https:\/\/www.facebook.com\/SonoraEE"]}]}},"jetpack_featured_media_url":"https:\/\/www.sonoraenequipo.com.mx\/storage\/2021\/02\/5G-interviene-con-aviones_opt.jpg","_links":{"self":[{"href":"https:\/\/www.sonoraenequipo.com.mx\/api\/wp\/v2\/posts\/107150","targetHints":{"allow":["GET"]}}],"collection":[{"href":"https:\/\/www.sonoraenequipo.com.mx\/api\/wp\/v2\/posts"}],"about":[{"href":"https:\/\/www.sonoraenequipo.com.mx\/api\/wp\/v2\/types\/post"}],"author":[{"embeddable":true,"href":"https:\/\/www.sonoraenequipo.com.mx\/api\/wp\/v2\/users\/1"}],"replies":[{"embeddable":true,"href":"https:\/\/www.sonoraenequipo.com.mx\/api\/wp\/v2\/comments?post=107150"}],"version-history":[{"count":1,"href":"https:\/\/www.sonoraenequipo.com.mx\/api\/wp\/v2\/posts\/107150\/revisions"}],"predecessor-version":[{"id":107152,"href":"https:\/\/www.sonoraenequipo.com.mx\/api\/wp\/v2\/posts\/107150\/revisions\/107152"}],"wp:featuredmedia":[{"embeddable":true,"href":"https:\/\/www.sonoraenequipo.com.mx\/api\/wp\/v2\/media\/107151"}],"wp:attachment":[{"href":"https:\/\/www.sonoraenequipo.com.mx\/api\/wp\/v2\/media?parent=107150"}],"wp:term":[{"taxonomy":"category","embeddable":true,"href":"https:\/\/www.sonoraenequipo.com.mx\/api\/wp\/v2\/categories?post=107150"},{"taxonomy":"post_tag","embeddable":true,"href":"https:\/\/www.sonoraenequipo.com.mx\/api\/wp\/v2\/tags?post=107150"}],"curies":[{"name":"wp","href":"https:\/\/api.w.org\/{rel}","templated":true}]}}