{"id":107153,"date":"2021-02-16T17:50:31","date_gmt":"2021-02-17T00:50:31","guid":{"rendered":"https:\/\/www.sonoraenequipo.com.mx\/?p=107153"},"modified":"2021-02-17T10:30:27","modified_gmt":"2021-02-17T17:30:27","slug":"cuba-coquetea-con-el-capitalismo-y-autoriza-mas-trabajos-por-cuenta-propia","status":"publish","type":"post","link":"https:\/\/www.sonoraenequipo.com.mx\/cuba-coquetea-con-el-capitalismo-y-autoriza-mas-trabajos-por-cuenta-propia\/","title":{"rendered":"Cuba coquetea con el capitalismo y autoriza m\u00e1s trabajos por cuenta propia"},"content":{"rendered":"<p>LA HABANA, CUBA. \u2014 Cuba anunci\u00f3 el 6 de enero un substancial aumento de la actividad privada en diversos sectores lo que implica una reforma mayor en este pa\u00eds socialista en el que el Estado y sus empresas dominan la econom\u00eda. Aqu\u00ed, una panader\u00eda de La Habana, el 26 de enero.<\/p>\n<p>&nbsp;<\/p>\n<p> <\/p>\n<p>&nbsp;<\/p>\n<p>Cuba dio en febrero un paso importante hacia la apertura de la actividad privada. La lista de sectores autorizados al cuentapropismo se ampl\u00eda a una en la que solo quedan prohibidos algunos renglones como el trabajo privado en la cultura, la prensa y las comunicaciones. Reportaje en La Habana.<\/p>\n<p>&nbsp;<\/p>\n<p>El 6 de enero, el gobierno cubano anunci\u00f3 un paso importante relacionado al trabajador privado ampliando la lista de 127 actividades autorizadas para ejercer el trabajo por cuenta propia. En la nueva lista oficial solo quedan prohibidos algunos sectores econ\u00f3micos y sociales.<\/p>\n<p>&nbsp;<\/p>\n<p>Es una decisi\u00f3n que no deja de ser pol\u00e9mica, como advierte a RFI el joven ingeniero Alejandro Cardoso: <em>\u00abEstoy de acuerdo porque elimina un poco la burocracia, por otra parte no estoy de acuerdo con el tema de la prohibici\u00f3n de algunas licencias como la libre expresi\u00f3n del Periodismo, entre otras.\u00bb<\/em><\/p>\n<p>&nbsp;<\/p>\n<p>&nbsp;<\/p>\n<p>El periodismo y el arte independiente, el derecho, la arquitectura, la educaci\u00f3n, la medicina y la venta al por mayor son algunas de las 124 actividades que el gobierno cubano ilegaliza con esta nueva disposici\u00f3n. Sin embargo, \u00bfpodr\u00eda ser esta una oportunidadde desarrollo para el sector de los aut\u00f3nomos, que representa casi el 13% de la econom\u00eda nacional?<\/p>\n<p>&nbsp;<\/p>\n<p>Sobre el modelo de trabajo por cuenta propia, el economista cubano Pedro Monreal se\u00f1al\u00f3 en su cuenta de Twitter que este parece ser <em>\u201cun esquema de emprendimiento por subsistencia dirigido a generar ingresos diarios para vivir, sin visi\u00f3n de crecimiento y que tiende a no generar mucho valor agregado ni excedentes\u201d.<\/em><\/p>\n<p>&nbsp;<\/p>\n<p>&nbsp;<\/p>\n<p>Otros comerciantes de La Habana tienen su opini\u00f3n formada, como Katia G\u00f3mez que asegura que <em>\u00abcuando uno empieza el negocio, quiere crecer m\u00e1s, pero estamos tan limitados que no puedes crear una microempresa, desarrollarte o asociarte a otros sectores\u00bb.<\/em><\/p>\n<p>&nbsp;<\/p>\n<p>Anet Hern\u00e1ndez, por su parte, tiene una dulcer\u00eda en la capital y paga una licencia por ella <em>\u00abpero es dif\u00edcil -afirma- porque puedes vender aqu\u00ed en tu barrio, en tu zona, pero no a nivel de pa\u00eds. Quiero vender a una empresa por cantidades al por mayor y no puedo porque no tienes el acceso a los productos, a las materias primas. Como persona natural no tienes acceso a ellas. Tienes que mediar por otra empresa pero a la hora de vender, no puedes montar un restaurante o una dulcer\u00eda como lo hace el Estado. No es igual. Una vez que la dulcer\u00eda es de un particular no tiene la misma posibilidad de crecer.\u00bb<\/em><\/p>\n<p>&nbsp;<\/p>\n<p>&nbsp;<\/p>\n<p>Pese a que las autoridades cubanas anunciaron desde el pasado a\u00f1o una campa\u00f1a para el ordenamiento de la econom\u00eda nacional, a\u00fan no autorizan la creaci\u00f3n de peque\u00f1as y medianas empresas privadas. Esta reticencia es en opini\u00f3n de los economistas, el principal freno a la implementaci\u00f3n de un modelo econ\u00f3mico cubano m\u00e1s descentralizado con el cual Cuba est\u00e1 coqueteando desde 1991, cuando tras el derrumbe del campo socialista el pa\u00eds entr\u00f3 en un Periodo Especial, como se le llam\u00f3 a una de las m\u00e1s grandes crisis econ\u00f3micas que vivi\u00f3 la isla.<\/p>\n<p>&nbsp;<\/p>\n<p>(Publicada el 16\/02\/2021)<\/p>\n","protected":false},"excerpt":{"rendered":"<p>LA HABANA, CUBA. \u2014 Cuba anunci\u00f3 el 6 de enero un substancial aumento de la&#8230;<\/p>\n","protected":false},"author":1,"featured_media":107155,"comment_status":"open","ping_status":"open","sticky":false,"template":"","format":"standard","meta":{"_monsterinsights_skip_tracking":false,"_monsterinsights_sitenote_active":false,"_monsterinsights_sitenote_note":"","_monsterinsights_sitenote_category":0,"footnotes":""},"categories":[3],"tags":[],"class_list":["post"],"yoast_head":" \n<title>Sonora en Equipo. Cuba coquetea con el capitalismo y autoriza m\u00e1s trabajos por cuenta propia MUNDO<\/title>\n<meta name=\"description\" content=\"LA HABANA, CUBA. \u2014 Cuba anunci\u00f3 el 6 de enero un substancial aumento de la actividad privada en diversos sectores lo que implica una reforma mayor en este En Sonora en Equipo publicamos toda la informaci\u00f3n de Sonora, M\u00e9xico y el Mundo de manera oportuna y busca que la libertad de expresi\u00f3n sea real. Visita nuestro medio informativo publicado desde Hermosillo, Sonora. %\" \/>\n<meta name=\"robots\" content=\"index, follow, max-snippet:-1, max-image-preview:large, max-video-preview:-1\" \/>\n<link rel=\"canonical\" href=\"https:\/\/www.sonoraenequipo.com.mx\/cuba-coquetea-con-el-capitalismo-y-autoriza-mas-trabajos-por-cuenta-propia\/\" \/>\n<meta property=\"og:locale\" content=\"es_ES\" \/>\n<meta property=\"og:type\" content=\"article\" \/>\n<meta property=\"og:title\" content=\"Sonora en Equipo. Cuba coquetea con el capitalismo y autoriza m\u00e1s trabajos por cuenta propia MUNDO\" \/>\n<meta property=\"og:description\" content=\"LA HABANA, CUBA. \u2014 Cuba anunci\u00f3 el 6 de enero un substancial aumento de la actividad privada en diversos sectores lo que implica una reforma mayor en este En Sonora en Equipo publicamos toda la informaci\u00f3n de Sonora, M\u00e9xico y el Mundo de manera oportuna y busca que la libertad de expresi\u00f3n sea real. Visita nuestro medio informativo publicado desde Hermosillo, Sonora. %\" \/>\n<meta property=\"og:url\" content=\"https:\/\/www.sonoraenequipo.com.mx\/cuba-coquetea-con-el-capitalismo-y-autoriza-mas-trabajos-por-cuenta-propia\/\" \/>\n<meta property=\"og:site_name\" content=\"Sonora en Equipo.\" \/>\n<meta property=\"article:publisher\" content=\"https:\/\/www.facebook.com\/SonoraEE\/\" \/>\n<meta property=\"article:author\" content=\"https:\/\/www.facebook.com\/SonoraEE\" \/>\n<meta property=\"article:published_time\" content=\"2021-02-17T00:50:31+00:00\" \/>\n<meta property=\"article:modified_time\" content=\"2021-02-17T17:30:27+00:00\" \/>\n<meta property=\"og:image\" content=\"https:\/\/www.sonoraenequipo.com.mx\/storage\/2021\/02\/cuba-y-el-capitalismo_opt.jpg\" \/>\n\t<meta property=\"og:image:width\" content=\"711\" \/>\n\t<meta property=\"og:image:height\" content=\"400\" \/>\n\t<meta property=\"og:image:type\" content=\"image\/jpeg\" \/>\n<meta name=\"author\" content=\"enequipo\" \/>\n<meta name=\"twitter:card\" content=\"summary_large_image\" \/>\n<meta name=\"twitter:creator\" content=\"@sonoraenequipo\" \/>\n<meta name=\"twitter:site\" content=\"@sonoraenequipo\" \/>\n<meta name=\"twitter:label1\" content=\"Escrito por\" \/>\n\t<meta name=\"twitter:data1\" content=\"enequipo\" \/>\n\t<meta name=\"twitter:label2\" content=\"Tiempo de lectura\" \/>\n\t<meta name=\"twitter:data2\" content=\"3 minutos\" \/>\n<script type=\"application\/ld+json\" class=\"yoast-schema-graph\">{\"@context\":\"https:\/\/schema.org\",\"@graph\":[{\"@type\":\"Article\",\"@id\":\"https:\/\/www.sonoraenequipo.com.mx\/cuba-coquetea-con-el-capitalismo-y-autoriza-mas-trabajos-por-cuenta-propia\/#article\",\"isPartOf\":{\"@id\":\"https:\/\/www.sonoraenequipo.com.mx\/cuba-coquetea-con-el-capitalismo-y-autoriza-mas-trabajos-por-cuenta-propia\/\"},\"author\":{\"name\":\"enequipo\",\"@id\":\"https:\/\/www.sonoraenequipo.com.mx\/#\/schema\/person\/50102df0fb23a8fa9e8effad8fa81386\"},\"headline\":\"Cuba coquetea con el capitalismo y autoriza m\u00e1s trabajos por cuenta propia\",\"datePublished\":\"2021-02-17T00:50:31+00:00\",\"dateModified\":\"2021-02-17T17:30:27+00:00\",\"mainEntityOfPage\":{\"@id\":\"https:\/\/www.sonoraenequipo.com.mx\/cuba-coquetea-con-el-capitalismo-y-autoriza-mas-trabajos-por-cuenta-propia\/\"},\"wordCount\":603,\"commentCount\":0,\"publisher\":{\"@id\":\"https:\/\/www.sonoraenequipo.com.mx\/#organization\"},\"image\":{\"@id\":\"https:\/\/www.sonoraenequipo.com.mx\/cuba-coquetea-con-el-capitalismo-y-autoriza-mas-trabajos-por-cuenta-propia\/#primaryimage\"},\"thumbnailUrl\":\"https:\/\/www.sonoraenequipo.com.mx\/storage\/2021\/02\/cuba-y-el-capitalismo_opt.jpg\",\"articleSection\":[\"MUNDO\"],\"inLanguage\":\"es\",\"potentialAction\":[{\"@type\":\"CommentAction\",\"name\":\"Comment\",\"target\":[\"https:\/\/www.sonoraenequipo.com.mx\/cuba-coquetea-con-el-capitalismo-y-autoriza-mas-trabajos-por-cuenta-propia\/#respond\"]}]},{\"@type\":\"WebPage\",\"@id\":\"https:\/\/www.sonoraenequipo.com.mx\/cuba-coquetea-con-el-capitalismo-y-autoriza-mas-trabajos-por-cuenta-propia\/\",\"url\":\"https:\/\/www.sonoraenequipo.com.mx\/cuba-coquetea-con-el-capitalismo-y-autoriza-mas-trabajos-por-cuenta-propia\/\",\"name\":\"Sonora en Equipo. Cuba coquetea con el capitalismo y autoriza m\u00e1s trabajos por cuenta propia MUNDO\",\"isPartOf\":{\"@id\":\"https:\/\/www.sonoraenequipo.com.mx\/#website\"},\"primaryImageOfPage\":{\"@id\":\"https:\/\/www.sonoraenequipo.com.mx\/cuba-coquetea-con-el-capitalismo-y-autoriza-mas-trabajos-por-cuenta-propia\/#primaryimage\"},\"image\":{\"@id\":\"https:\/\/www.sonoraenequipo.com.mx\/cuba-coquetea-con-el-capitalismo-y-autoriza-mas-trabajos-por-cuenta-propia\/#primaryimage\"},\"thumbnailUrl\":\"https:\/\/www.sonoraenequipo.com.mx\/storage\/2021\/02\/cuba-y-el-capitalismo_opt.jpg\",\"datePublished\":\"2021-02-17T00:50:31+00:00\",\"dateModified\":\"2021-02-17T17:30:27+00:00\",\"description\":\"LA HABANA, CUBA. \u2014 Cuba anunci\u00f3 el 6 de enero un substancial aumento de la actividad privada en diversos sectores lo que implica una reforma mayor en este En Sonora en Equipo publicamos toda la informaci\u00f3n de Sonora, M\u00e9xico y el Mundo de manera oportuna y busca que la libertad de expresi\u00f3n sea real. Visita nuestro medio informativo publicado desde Hermosillo, Sonora. %\",\"breadcrumb\":{\"@id\":\"https:\/\/www.sonoraenequipo.com.mx\/cuba-coquetea-con-el-capitalismo-y-autoriza-mas-trabajos-por-cuenta-propia\/#breadcrumb\"},\"inLanguage\":\"es\",\"potentialAction\":[{\"@type\":\"ReadAction\",\"target\":[\"https:\/\/www.sonoraenequipo.com.mx\/cuba-coquetea-con-el-capitalismo-y-autoriza-mas-trabajos-por-cuenta-propia\/\"]}]},{\"@type\":\"ImageObject\",\"inLanguage\":\"es\",\"@id\":\"https:\/\/www.sonoraenequipo.com.mx\/cuba-coquetea-con-el-capitalismo-y-autoriza-mas-trabajos-por-cuenta-propia\/#primaryimage\",\"url\":\"https:\/\/www.sonoraenequipo.com.mx\/storage\/2021\/02\/cuba-y-el-capitalismo_opt.jpg\",\"contentUrl\":\"https:\/\/www.sonoraenequipo.com.mx\/storage\/2021\/02\/cuba-y-el-capitalismo_opt.jpg\",\"width\":711,\"height\":400},{\"@type\":\"BreadcrumbList\",\"@id\":\"https:\/\/www.sonoraenequipo.com.mx\/cuba-coquetea-con-el-capitalismo-y-autoriza-mas-trabajos-por-cuenta-propia\/#breadcrumb\",\"itemListElement\":[{\"@type\":\"ListItem\",\"position\":1,\"name\":\"Portada\",\"item\":\"https:\/\/www.sonoraenequipo.com.mx\/\"},{\"@type\":\"ListItem\",\"position\":2,\"name\":\"Cuba coquetea con el capitalismo y autoriza m\u00e1s trabajos por cuenta propia\"}]},{\"@type\":\"WebSite\",\"@id\":\"https:\/\/www.sonoraenequipo.com.mx\/#website\",\"url\":\"https:\/\/www.sonoraenequipo.com.mx\/\",\"name\":\"Sonora en Equipo.\",\"description\":\"Diario en l\u00ednea con Noticias desde Hermosillo, Sonora\",\"publisher\":{\"@id\":\"https:\/\/www.sonoraenequipo.com.mx\/#organization\"},\"potentialAction\":[{\"@type\":\"SearchAction\",\"target\":{\"@type\":\"EntryPoint\",\"urlTemplate\":\"https:\/\/www.sonoraenequipo.com.mx\/?s={search_term_string}\"},\"query-input\":{\"@type\":\"PropertyValueSpecification\",\"valueRequired\":true,\"valueName\":\"search_term_string\"}}],\"inLanguage\":\"es\"},{\"@type\":\"Organization\",\"@id\":\"https:\/\/www.sonoraenequipo.com.mx\/#organization\",\"name\":\"Sonoraenequipo.com.mx\",\"url\":\"https:\/\/www.sonoraenequipo.com.mx\/\",\"logo\":{\"@type\":\"ImageObject\",\"inLanguage\":\"es\",\"@id\":\"https:\/\/www.sonoraenequipo.com.mx\/#\/schema\/logo\/image\/\",\"url\":\"https:\/\/www.sonoraenequipo.com.mx\/storage\/2019\/01\/sonoraenequipo_opt.png\",\"contentUrl\":\"https:\/\/www.sonoraenequipo.com.mx\/storage\/2019\/01\/sonoraenequipo_opt.png\",\"width\":375,\"height\":125,\"caption\":\"Sonoraenequipo.com.mx\"},\"image\":{\"@id\":\"https:\/\/www.sonoraenequipo.com.mx\/#\/schema\/logo\/image\/\"},\"sameAs\":[\"https:\/\/www.facebook.com\/SonoraEE\/\",\"https:\/\/x.com\/sonoraenequipo\",\"https:\/\/www.youtube.com\/channel\/UC338nW-lPEYmJQs4ZABQ1SQ\"]},{\"@type\":\"Person\",\"@id\":\"https:\/\/www.sonoraenequipo.com.mx\/#\/schema\/person\/50102df0fb23a8fa9e8effad8fa81386\",\"name\":\"enequipo\",\"image\":{\"@type\":\"ImageObject\",\"inLanguage\":\"es\",\"@id\":\"https:\/\/www.sonoraenequipo.com.mx\/#\/schema\/person\/image\/\",\"url\":\"https:\/\/secure.gravatar.com\/avatar\/049821681b589dabc0bc20695993ccebb09f5b5d4d790cd9251b97faac7c652b?s=96&d=blank&r=g\",\"contentUrl\":\"https:\/\/secure.gravatar.com\/avatar\/049821681b589dabc0bc20695993ccebb09f5b5d4d790cd9251b97faac7c652b?s=96&d=blank&r=g\",\"caption\":\"enequipo\"},\"sameAs\":[\"https:\/\/www.facebook.com\/SonoraEE\"]}]}<\/script>\n ","yoast_head_json":{"title":"Sonora en Equipo. Cuba coquetea con el capitalismo y autoriza m\u00e1s trabajos por cuenta propia MUNDO","description":"LA HABANA, CUBA. \u2014 Cuba anunci\u00f3 el 6 de enero un substancial aumento de la actividad privada en diversos sectores lo que implica una reforma mayor en este En Sonora en Equipo publicamos toda la informaci\u00f3n de Sonora, M\u00e9xico y el Mundo de manera oportuna y busca que la libertad de expresi\u00f3n sea real. Visita nuestro medio informativo publicado desde Hermosillo, Sonora. %","robots":{"index":"index","follow":"follow","max-snippet":"max-snippet:-1","max-image-preview":"max-image-preview:large","max-video-preview":"max-video-preview:-1"},"canonical":"https:\/\/www.sonoraenequipo.com.mx\/cuba-coquetea-con-el-capitalismo-y-autoriza-mas-trabajos-por-cuenta-propia\/","og_locale":"es_ES","og_type":"article","og_title":"Sonora en Equipo. Cuba coquetea con el capitalismo y autoriza m\u00e1s trabajos por cuenta propia MUNDO","og_description":"LA HABANA, CUBA. \u2014 Cuba anunci\u00f3 el 6 de enero un substancial aumento de la actividad privada en diversos sectores lo que implica una reforma mayor en este En Sonora en Equipo publicamos toda la informaci\u00f3n de Sonora, M\u00e9xico y el Mundo de manera oportuna y busca que la libertad de expresi\u00f3n sea real. Visita nuestro medio informativo publicado desde Hermosillo, Sonora. %","og_url":"https:\/\/www.sonoraenequipo.com.mx\/cuba-coquetea-con-el-capitalismo-y-autoriza-mas-trabajos-por-cuenta-propia\/","og_site_name":"Sonora en Equipo.","article_publisher":"https:\/\/www.facebook.com\/SonoraEE\/","article_author":"https:\/\/www.facebook.com\/SonoraEE","article_published_time":"2021-02-17T00:50:31+00:00","article_modified_time":"2021-02-17T17:30:27+00:00","og_image":[{"width":711,"height":400,"url":"https:\/\/www.sonoraenequipo.com.mx\/storage\/2021\/02\/cuba-y-el-capitalismo_opt.jpg","type":"image\/jpeg"}],"author":"enequipo","twitter_card":"summary_large_image","twitter_creator":"@sonoraenequipo","twitter_site":"@sonoraenequipo","twitter_misc":{"Escrito por":"enequipo","Tiempo de lectura":"3 minutos"},"schema":{"@context":"https:\/\/schema.org","@graph":[{"@type":"Article","@id":"https:\/\/www.sonoraenequipo.com.mx\/cuba-coquetea-con-el-capitalismo-y-autoriza-mas-trabajos-por-cuenta-propia\/#article","isPartOf":{"@id":"https:\/\/www.sonoraenequipo.com.mx\/cuba-coquetea-con-el-capitalismo-y-autoriza-mas-trabajos-por-cuenta-propia\/"},"author":{"name":"enequipo","@id":"https:\/\/www.sonoraenequipo.com.mx\/#\/schema\/person\/50102df0fb23a8fa9e8effad8fa81386"},"headline":"Cuba coquetea con el capitalismo y autoriza m\u00e1s trabajos por cuenta propia","datePublished":"2021-02-17T00:50:31+00:00","dateModified":"2021-02-17T17:30:27+00:00","mainEntityOfPage":{"@id":"https:\/\/www.sonoraenequipo.com.mx\/cuba-coquetea-con-el-capitalismo-y-autoriza-mas-trabajos-por-cuenta-propia\/"},"wordCount":603,"commentCount":0,"publisher":{"@id":"https:\/\/www.sonoraenequipo.com.mx\/#organization"},"image":{"@id":"https:\/\/www.sonoraenequipo.com.mx\/cuba-coquetea-con-el-capitalismo-y-autoriza-mas-trabajos-por-cuenta-propia\/#primaryimage"},"thumbnailUrl":"https:\/\/www.sonoraenequipo.com.mx\/storage\/2021\/02\/cuba-y-el-capitalismo_opt.jpg","articleSection":["MUNDO"],"inLanguage":"es","potentialAction":[{"@type":"CommentAction","name":"Comment","target":["https:\/\/www.sonoraenequipo.com.mx\/cuba-coquetea-con-el-capitalismo-y-autoriza-mas-trabajos-por-cuenta-propia\/#respond"]}]},{"@type":"WebPage","@id":"https:\/\/www.sonoraenequipo.com.mx\/cuba-coquetea-con-el-capitalismo-y-autoriza-mas-trabajos-por-cuenta-propia\/","url":"https:\/\/www.sonoraenequipo.com.mx\/cuba-coquetea-con-el-capitalismo-y-autoriza-mas-trabajos-por-cuenta-propia\/","name":"Sonora en Equipo. Cuba coquetea con el capitalismo y autoriza m\u00e1s trabajos por cuenta propia MUNDO","isPartOf":{"@id":"https:\/\/www.sonoraenequipo.com.mx\/#website"},"primaryImageOfPage":{"@id":"https:\/\/www.sonoraenequipo.com.mx\/cuba-coquetea-con-el-capitalismo-y-autoriza-mas-trabajos-por-cuenta-propia\/#primaryimage"},"image":{"@id":"https:\/\/www.sonoraenequipo.com.mx\/cuba-coquetea-con-el-capitalismo-y-autoriza-mas-trabajos-por-cuenta-propia\/#primaryimage"},"thumbnailUrl":"https:\/\/www.sonoraenequipo.com.mx\/storage\/2021\/02\/cuba-y-el-capitalismo_opt.jpg","datePublished":"2021-02-17T00:50:31+00:00","dateModified":"2021-02-17T17:30:27+00:00","description":"LA HABANA, CUBA. \u2014 Cuba anunci\u00f3 el 6 de enero un substancial aumento de la actividad privada en diversos sectores lo que implica una reforma mayor en este En Sonora en Equipo publicamos toda la informaci\u00f3n de Sonora, M\u00e9xico y el Mundo de manera oportuna y busca que la libertad de expresi\u00f3n sea real. Visita nuestro medio informativo publicado desde Hermosillo, Sonora. %","breadcrumb":{"@id":"https:\/\/www.sonoraenequipo.com.mx\/cuba-coquetea-con-el-capitalismo-y-autoriza-mas-trabajos-por-cuenta-propia\/#breadcrumb"},"inLanguage":"es","potentialAction":[{"@type":"ReadAction","target":["https:\/\/www.sonoraenequipo.com.mx\/cuba-coquetea-con-el-capitalismo-y-autoriza-mas-trabajos-por-cuenta-propia\/"]}]},{"@type":"ImageObject","inLanguage":"es","@id":"https:\/\/www.sonoraenequipo.com.mx\/cuba-coquetea-con-el-capitalismo-y-autoriza-mas-trabajos-por-cuenta-propia\/#primaryimage","url":"https:\/\/www.sonoraenequipo.com.mx\/storage\/2021\/02\/cuba-y-el-capitalismo_opt.jpg","contentUrl":"https:\/\/www.sonoraenequipo.com.mx\/storage\/2021\/02\/cuba-y-el-capitalismo_opt.jpg","width":711,"height":400},{"@type":"BreadcrumbList","@id":"https:\/\/www.sonoraenequipo.com.mx\/cuba-coquetea-con-el-capitalismo-y-autoriza-mas-trabajos-por-cuenta-propia\/#breadcrumb","itemListElement":[{"@type":"ListItem","position":1,"name":"Portada","item":"https:\/\/www.sonoraenequipo.com.mx\/"},{"@type":"ListItem","position":2,"name":"Cuba coquetea con el capitalismo y autoriza m\u00e1s trabajos por cuenta propia"}]},{"@type":"WebSite","@id":"https:\/\/www.sonoraenequipo.com.mx\/#website","url":"https:\/\/www.sonoraenequipo.com.mx\/","name":"Sonora en Equipo.","description":"Diario en l\u00ednea con Noticias desde Hermosillo, Sonora","publisher":{"@id":"https:\/\/www.sonoraenequipo.com.mx\/#organization"},"potentialAction":[{"@type":"SearchAction","target":{"@type":"EntryPoint","urlTemplate":"https:\/\/www.sonoraenequipo.com.mx\/?s={search_term_string}"},"query-input":{"@type":"PropertyValueSpecification","valueRequired":true,"valueName":"search_term_string"}}],"inLanguage":"es"},{"@type":"Organization","@id":"https:\/\/www.sonoraenequipo.com.mx\/#organization","name":"Sonoraenequipo.com.mx","url":"https:\/\/www.sonoraenequipo.com.mx\/","logo":{"@type":"ImageObject","inLanguage":"es","@id":"https:\/\/www.sonoraenequipo.com.mx\/#\/schema\/logo\/image\/","url":"https:\/\/www.sonoraenequipo.com.mx\/storage\/2019\/01\/sonoraenequipo_opt.png","contentUrl":"https:\/\/www.sonoraenequipo.com.mx\/storage\/2019\/01\/sonoraenequipo_opt.png","width":375,"height":125,"caption":"Sonoraenequipo.com.mx"},"image":{"@id":"https:\/\/www.sonoraenequipo.com.mx\/#\/schema\/logo\/image\/"},"sameAs":["https:\/\/www.facebook.com\/SonoraEE\/","https:\/\/x.com\/sonoraenequipo","https:\/\/www.youtube.com\/channel\/UC338nW-lPEYmJQs4ZABQ1SQ"]},{"@type":"Person","@id":"https:\/\/www.sonoraenequipo.com.mx\/#\/schema\/person\/50102df0fb23a8fa9e8effad8fa81386","name":"enequipo","image":{"@type":"ImageObject","inLanguage":"es","@id":"https:\/\/www.sonoraenequipo.com.mx\/#\/schema\/person\/image\/","url":"https:\/\/secure.gravatar.com\/avatar\/049821681b589dabc0bc20695993ccebb09f5b5d4d790cd9251b97faac7c652b?s=96&d=blank&r=g","contentUrl":"https:\/\/secure.gravatar.com\/avatar\/049821681b589dabc0bc20695993ccebb09f5b5d4d790cd9251b97faac7c652b?s=96&d=blank&r=g","caption":"enequipo"},"sameAs":["https:\/\/www.facebook.com\/SonoraEE"]}]}},"jetpack_featured_media_url":"https:\/\/www.sonoraenequipo.com.mx\/storage\/2021\/02\/cuba-y-el-capitalismo_opt.jpg","_links":{"self":[{"href":"https:\/\/www.sonoraenequipo.com.mx\/api\/wp\/v2\/posts\/107153","targetHints":{"allow":["GET"]}}],"collection":[{"href":"https:\/\/www.sonoraenequipo.com.mx\/api\/wp\/v2\/posts"}],"about":[{"href":"https:\/\/www.sonoraenequipo.com.mx\/api\/wp\/v2\/types\/post"}],"author":[{"embeddable":true,"href":"https:\/\/www.sonoraenequipo.com.mx\/api\/wp\/v2\/users\/1"}],"replies":[{"embeddable":true,"href":"https:\/\/www.sonoraenequipo.com.mx\/api\/wp\/v2\/comments?post=107153"}],"version-history":[{"count":3,"href":"https:\/\/www.sonoraenequipo.com.mx\/api\/wp\/v2\/posts\/107153\/revisions"}],"predecessor-version":[{"id":107205,"href":"https:\/\/www.sonoraenequipo.com.mx\/api\/wp\/v2\/posts\/107153\/revisions\/107205"}],"wp:featuredmedia":[{"embeddable":true,"href":"https:\/\/www.sonoraenequipo.com.mx\/api\/wp\/v2\/media\/107155"}],"wp:attachment":[{"href":"https:\/\/www.sonoraenequipo.com.mx\/api\/wp\/v2\/media?parent=107153"}],"wp:term":[{"taxonomy":"category","embeddable":true,"href":"https:\/\/www.sonoraenequipo.com.mx\/api\/wp\/v2\/categories?post=107153"},{"taxonomy":"post_tag","embeddable":true,"href":"https:\/\/www.sonoraenequipo.com.mx\/api\/wp\/v2\/tags?post=107153"}],"curies":[{"name":"wp","href":"https:\/\/api.w.org\/{rel}","templated":true}]}}