{"id":107160,"date":"2021-02-16T17:01:22","date_gmt":"2021-02-17T00:01:22","guid":{"rendered":"https:\/\/www.sonoraenequipo.com.mx\/?p=107160"},"modified":"2021-02-16T17:01:22","modified_gmt":"2021-02-17T00:01:22","slug":"continua-sonora-con-paso-firme-en-reactivacion-economica","status":"publish","type":"post","link":"https:\/\/www.sonoraenequipo.com.mx\/continua-sonora-con-paso-firme-en-reactivacion-economica\/","title":{"rendered":"Contin\u00faa Sonora con paso firme en reactivaci\u00f3n econ\u00f3mica"},"content":{"rendered":"<p>Contin\u00faa Sonora con paso firme en reactivaci\u00f3n econ\u00f3mica<\/p>\n<p>&nbsp;<\/p>\n<p><strong>\u25ba Llama Luis N\u00fa\u00f1ez a no confiarse y mantener medidas de prevenci\u00f3n contra COVID-19<\/strong><\/p>\n<p>HERMOSILLO, SONORA,MX.\u2500\u2500 Seg\u00fan la \u00faltima actualizaci\u00f3n en el sem\u00e1foro de riesgo epid\u00e9mico del Gobierno Federal, que se actualiz\u00f3 el pasado viernes, Sonora ha pasado a color amarillo, sin embargo, para continuar con la reactivaci\u00f3n econ\u00f3mica en Sonora, es necesario no relajar las medidas preventivas ante esta enfermedad y continuar con la apertura de las actividades de manera paulatina, indic\u00f3 Luis N\u00fa\u00f1ez Noriega.<\/p>\n<p>&nbsp;<\/p>\n<p>El vocero del Plan de Reactivaci\u00f3n Econ\u00f3mica en Sonora y titular de la Comisi\u00f3n de Fomento al Turismo (Cofetur) se\u00f1al\u00f3 que adem\u00e1s del sem\u00e1foro epidemiol\u00f3gico federal, en la entidad se tiene Mapa Sonora Anticipa, con el que se mide el riesgo de contagio en cada municipio, en el que Navojoa contin\u00faa riesgo m\u00e1ximo, mientras que en riesgo alto est\u00e1n Hermosillo, Cajeme, Guaymas, Empalme, Huatabampo, Nogales, Caborca, San Luis R\u00edo Colorado y Cananea.<\/p>\n<p>&nbsp;<\/p>\n<p>\u201cEn este instrumento se mide el nivel de riesgo en que se encuentra cada municipio, mismo que va desde riesgo bajo, medio, alto y m\u00e1ximo. Para esta semana hay un municipio calificado en riesgo m\u00e1ximo y nueve en riesgo alto, lo que significa que diez municipios se deben regir en su activaci\u00f3n econ\u00f3mica de acuerdo al Plan de contingencia C\u00f3digo Rojo\u201d, afirm\u00f3.<\/p>\n<p>&nbsp;<\/p>\n<p>En el caso de Navojoa, por estar en riesgo m\u00e1ximo, todas las actividades deber\u00e1n cerrar a las 20:00 horas, explic\u00f3 N\u00fa\u00f1ez Noriega, mientras que los municipios que se encuentran en riesgo alto: todas las actividades deber\u00e1n cerrar a las 22:00 de la noche; los servicios esenciales como farmacias, gasoliner\u00edas y los relacionados con la salud, no presentan restricci\u00f3n; el aforo permitido en lugares cerrados es de 25 por ciento de su capacidad.<\/p>\n<p>&nbsp;<\/p>\n<p>El titular de la Cofetur se\u00f1al\u00f3 que en materia de generaci\u00f3n y recuperaci\u00f3n de empleos, Sonora sigue encabezando los primeros lugares a nivel nacional; tan s\u00f3lo en enero de este a\u00f1o se formalizaron 12 mil 003 nuevos empleos seg\u00fan el Instituto Mexicano del Seguro Social (IMSS), la cantidad m\u00e1s alta en los \u00faltimos 10 a\u00f1os, coloc\u00e1ndonos por encima de la media nacional, en la \u00faltima d\u00e9cada.<\/p>\n<p>&nbsp;<\/p>\n<p>A\u00f1adi\u00f3 que, de estos empleos generados, 7 mil se deben a la generaci\u00f3n de empleos estacionarios en el sector agropecuario, mientras que 5 mil se deben en gran medida a la recuperaci\u00f3n econ\u00f3mica en la entidad; y para comprender el contexto que se vive a nivel nacional, el IMSS report\u00f3 la generaci\u00f3n de 47 mil 919 nuevos empleos, de los cuales 12 mil 003 empleos, es decir, 25% se originaron en el estado.<\/p>\n<p>&nbsp;<\/p>\n<p>\u201cLa generaci\u00f3n de empleos, la atracci\u00f3n de empresas y la paz laboral que se pueda alcanzar en Sonora, ser\u00e1n las principales bases en este proceso de recuperaci\u00f3n econ\u00f3mica, pues empleos mayor remunerados son la clave para combatir la pobreza. Por supuesto, como dice la gobernadora Claudia Pavlovich Arellano, siempre se deber\u00e1 priorizar la vida y salud de todas las personas\u201d, asegur\u00f3.<\/p>\n<p>&nbsp;<\/p>\n<p>Luis N\u00fa\u00f1ez celebr\u00f3 que el Pacto Para Que Siga Sonora ha sido apoyado puntualmente por los empresarios y ello ha permitido lograr que de los empleos generados para el mes de enero, el 55%, es decir, 6 mil 556, sean permanentes, mientras que 45%, es decir, 5 mil 447, son puestos de trabajo eventuales de campo.<\/p>\n<p>&nbsp;<\/p>\n<p>Agreg\u00f3 que, en M\u00e9xico, para el mes de enero se registraron ante el IMSS 47 mil 919 trabajadores, de los cuales Baja California gener\u00f3 16 mil 110 nuevos empleos y Sonora 12 mil 003 empleos, que colocan a la entidad en segundo lugar.<\/p>\n<p>&nbsp;<\/p>\n<p>El vocero del Plan de Reactivaci\u00f3n Econ\u00f3mica en Sonora enfatiz\u00f3 que se va por buen camino en el proceso de reactivaci\u00f3n y recuperaci\u00f3n econ\u00f3mica, pero es importante seguir contando con el apoyo de todos, por ello, se vuelve trascendental el cuidado personal y de sus seres queridos, amigos, compa\u00f1eros de trabajo, clientes, entre otras personas que les rodean.<\/p>\n<p>Fecha de publicaci\u00f3n\u00a0 martes 16\/feb\/2021<\/p>\n<p>&nbsp;<\/p>\n","protected":false},"excerpt":{"rendered":"<p>Contin\u00faa Sonora con paso firme en reactivaci\u00f3n econ\u00f3mica &nbsp; \u25ba Llama Luis N\u00fa\u00f1ez a no&#8230;<\/p>\n","protected":false},"author":1,"featured_media":107165,"comment_status":"open","ping_status":"open","sticky":false,"template":"","format":"standard","meta":{"_monsterinsights_skip_tracking":false,"_monsterinsights_sitenote_active":false,"_monsterinsights_sitenote_note":"","_monsterinsights_sitenote_category":0,"footnotes":""},"categories":[22],"tags":[4249,93,15],"class_list":["post"],"yoast_head":" \n<title>Sonora en Equipo. Contin\u00faa Sonora con paso firme en reactivaci\u00f3n econ\u00f3mica Sonora<\/title>\n<meta name=\"description\" content=\"Contin\u00faa Sonora con paso firme en reactivaci\u00f3n econ\u00f3mica &nbsp; \u25ba Llama Luis N\u00fa\u00f1ez a no confiarse y mantener medidas de prevenci\u00f3n contra COVID-19 En Sonora en Equipo publicamos toda la informaci\u00f3n de Sonora, M\u00e9xico y el Mundo de manera oportuna y busca que la libertad de expresi\u00f3n sea real. Visita nuestro medio informativo publicado desde Hermosillo, Sonora. %\" \/>\n<meta name=\"robots\" content=\"index, follow, max-snippet:-1, max-image-preview:large, max-video-preview:-1\" \/>\n<link rel=\"canonical\" href=\"https:\/\/www.sonoraenequipo.com.mx\/continua-sonora-con-paso-firme-en-reactivacion-economica\/\" \/>\n<meta property=\"og:locale\" content=\"es_ES\" \/>\n<meta property=\"og:type\" content=\"article\" \/>\n<meta property=\"og:title\" content=\"Sonora en Equipo. Contin\u00faa Sonora con paso firme en reactivaci\u00f3n econ\u00f3mica Sonora\" \/>\n<meta property=\"og:description\" content=\"Contin\u00faa Sonora con paso firme en reactivaci\u00f3n econ\u00f3mica &nbsp; \u25ba Llama Luis N\u00fa\u00f1ez a no confiarse y mantener medidas de prevenci\u00f3n contra COVID-19 En Sonora en Equipo publicamos toda la informaci\u00f3n de Sonora, M\u00e9xico y el Mundo de manera oportuna y busca que la libertad de expresi\u00f3n sea real. Visita nuestro medio informativo publicado desde Hermosillo, Sonora. %\" \/>\n<meta property=\"og:url\" content=\"https:\/\/www.sonoraenequipo.com.mx\/continua-sonora-con-paso-firme-en-reactivacion-economica\/\" \/>\n<meta property=\"og:site_name\" content=\"Sonora en Equipo.\" \/>\n<meta property=\"article:publisher\" content=\"https:\/\/www.facebook.com\/SonoraEE\/\" \/>\n<meta property=\"article:author\" content=\"https:\/\/www.facebook.com\/SonoraEE\" \/>\n<meta property=\"article:published_time\" content=\"2021-02-17T00:01:22+00:00\" \/>\n<meta property=\"og:image\" content=\"https:\/\/www.sonoraenequipo.com.mx\/storage\/2021\/02\/luis-nunez2.jpg\" \/>\n\t<meta property=\"og:image:width\" content=\"500\" \/>\n\t<meta property=\"og:image:height\" content=\"300\" \/>\n\t<meta property=\"og:image:type\" content=\"image\/jpeg\" \/>\n<meta name=\"author\" content=\"enequipo\" \/>\n<meta name=\"twitter:card\" content=\"summary_large_image\" \/>\n<meta name=\"twitter:creator\" content=\"@sonoraenequipo\" \/>\n<meta name=\"twitter:site\" content=\"@sonoraenequipo\" \/>\n<meta name=\"twitter:label1\" content=\"Escrito por\" \/>\n\t<meta name=\"twitter:data1\" content=\"enequipo\" \/>\n\t<meta name=\"twitter:label2\" content=\"Tiempo de lectura\" \/>\n\t<meta name=\"twitter:data2\" content=\"3 minutos\" \/>\n<script type=\"application\/ld+json\" class=\"yoast-schema-graph\">{\"@context\":\"https:\/\/schema.org\",\"@graph\":[{\"@type\":\"Article\",\"@id\":\"https:\/\/www.sonoraenequipo.com.mx\/continua-sonora-con-paso-firme-en-reactivacion-economica\/#article\",\"isPartOf\":{\"@id\":\"https:\/\/www.sonoraenequipo.com.mx\/continua-sonora-con-paso-firme-en-reactivacion-economica\/\"},\"author\":{\"name\":\"enequipo\",\"@id\":\"https:\/\/www.sonoraenequipo.com.mx\/#\/schema\/person\/50102df0fb23a8fa9e8effad8fa81386\"},\"headline\":\"Contin\u00faa Sonora con paso firme en reactivaci\u00f3n econ\u00f3mica\",\"datePublished\":\"2021-02-17T00:01:22+00:00\",\"mainEntityOfPage\":{\"@id\":\"https:\/\/www.sonoraenequipo.com.mx\/continua-sonora-con-paso-firme-en-reactivacion-economica\/\"},\"wordCount\":712,\"commentCount\":0,\"publisher\":{\"@id\":\"https:\/\/www.sonoraenequipo.com.mx\/#organization\"},\"image\":{\"@id\":\"https:\/\/www.sonoraenequipo.com.mx\/continua-sonora-con-paso-firme-en-reactivacion-economica\/#primaryimage\"},\"thumbnailUrl\":\"https:\/\/www.sonoraenequipo.com.mx\/storage\/2021\/02\/luis-nunez2.jpg\",\"keywords\":[\"covid\",\"econom\u00eda\",\"Sonora\"],\"articleSection\":[\"Sonora\"],\"inLanguage\":\"es\",\"potentialAction\":[{\"@type\":\"CommentAction\",\"name\":\"Comment\",\"target\":[\"https:\/\/www.sonoraenequipo.com.mx\/continua-sonora-con-paso-firme-en-reactivacion-economica\/#respond\"]}]},{\"@type\":\"WebPage\",\"@id\":\"https:\/\/www.sonoraenequipo.com.mx\/continua-sonora-con-paso-firme-en-reactivacion-economica\/\",\"url\":\"https:\/\/www.sonoraenequipo.com.mx\/continua-sonora-con-paso-firme-en-reactivacion-economica\/\",\"name\":\"Sonora en Equipo. Contin\u00faa Sonora con paso firme en reactivaci\u00f3n econ\u00f3mica Sonora\",\"isPartOf\":{\"@id\":\"https:\/\/www.sonoraenequipo.com.mx\/#website\"},\"primaryImageOfPage\":{\"@id\":\"https:\/\/www.sonoraenequipo.com.mx\/continua-sonora-con-paso-firme-en-reactivacion-economica\/#primaryimage\"},\"image\":{\"@id\":\"https:\/\/www.sonoraenequipo.com.mx\/continua-sonora-con-paso-firme-en-reactivacion-economica\/#primaryimage\"},\"thumbnailUrl\":\"https:\/\/www.sonoraenequipo.com.mx\/storage\/2021\/02\/luis-nunez2.jpg\",\"datePublished\":\"2021-02-17T00:01:22+00:00\",\"description\":\"Contin\u00faa Sonora con paso firme en reactivaci\u00f3n econ\u00f3mica &nbsp; \u25ba Llama Luis N\u00fa\u00f1ez a no confiarse y mantener medidas de prevenci\u00f3n contra COVID-19 En Sonora en Equipo publicamos toda la informaci\u00f3n de Sonora, M\u00e9xico y el Mundo de manera oportuna y busca que la libertad de expresi\u00f3n sea real. Visita nuestro medio informativo publicado desde Hermosillo, Sonora. %\",\"breadcrumb\":{\"@id\":\"https:\/\/www.sonoraenequipo.com.mx\/continua-sonora-con-paso-firme-en-reactivacion-economica\/#breadcrumb\"},\"inLanguage\":\"es\",\"potentialAction\":[{\"@type\":\"ReadAction\",\"target\":[\"https:\/\/www.sonoraenequipo.com.mx\/continua-sonora-con-paso-firme-en-reactivacion-economica\/\"]}]},{\"@type\":\"ImageObject\",\"inLanguage\":\"es\",\"@id\":\"https:\/\/www.sonoraenequipo.com.mx\/continua-sonora-con-paso-firme-en-reactivacion-economica\/#primaryimage\",\"url\":\"https:\/\/www.sonoraenequipo.com.mx\/storage\/2021\/02\/luis-nunez2.jpg\",\"contentUrl\":\"https:\/\/www.sonoraenequipo.com.mx\/storage\/2021\/02\/luis-nunez2.jpg\",\"width\":500,\"height\":300},{\"@type\":\"BreadcrumbList\",\"@id\":\"https:\/\/www.sonoraenequipo.com.mx\/continua-sonora-con-paso-firme-en-reactivacion-economica\/#breadcrumb\",\"itemListElement\":[{\"@type\":\"ListItem\",\"position\":1,\"name\":\"Portada\",\"item\":\"https:\/\/www.sonoraenequipo.com.mx\/\"},{\"@type\":\"ListItem\",\"position\":2,\"name\":\"Contin\u00faa Sonora con paso firme en reactivaci\u00f3n econ\u00f3mica\"}]},{\"@type\":\"WebSite\",\"@id\":\"https:\/\/www.sonoraenequipo.com.mx\/#website\",\"url\":\"https:\/\/www.sonoraenequipo.com.mx\/\",\"name\":\"Sonora en Equipo.\",\"description\":\"Diario en l\u00ednea con Noticias desde Hermosillo, Sonora\",\"publisher\":{\"@id\":\"https:\/\/www.sonoraenequipo.com.mx\/#organization\"},\"potentialAction\":[{\"@type\":\"SearchAction\",\"target\":{\"@type\":\"EntryPoint\",\"urlTemplate\":\"https:\/\/www.sonoraenequipo.com.mx\/?s={search_term_string}\"},\"query-input\":{\"@type\":\"PropertyValueSpecification\",\"valueRequired\":true,\"valueName\":\"search_term_string\"}}],\"inLanguage\":\"es\"},{\"@type\":\"Organization\",\"@id\":\"https:\/\/www.sonoraenequipo.com.mx\/#organization\",\"name\":\"Sonoraenequipo.com.mx\",\"url\":\"https:\/\/www.sonoraenequipo.com.mx\/\",\"logo\":{\"@type\":\"ImageObject\",\"inLanguage\":\"es\",\"@id\":\"https:\/\/www.sonoraenequipo.com.mx\/#\/schema\/logo\/image\/\",\"url\":\"https:\/\/www.sonoraenequipo.com.mx\/storage\/2019\/01\/sonoraenequipo_opt.png\",\"contentUrl\":\"https:\/\/www.sonoraenequipo.com.mx\/storage\/2019\/01\/sonoraenequipo_opt.png\",\"width\":375,\"height\":125,\"caption\":\"Sonoraenequipo.com.mx\"},\"image\":{\"@id\":\"https:\/\/www.sonoraenequipo.com.mx\/#\/schema\/logo\/image\/\"},\"sameAs\":[\"https:\/\/www.facebook.com\/SonoraEE\/\",\"https:\/\/x.com\/sonoraenequipo\",\"https:\/\/www.youtube.com\/channel\/UC338nW-lPEYmJQs4ZABQ1SQ\"]},{\"@type\":\"Person\",\"@id\":\"https:\/\/www.sonoraenequipo.com.mx\/#\/schema\/person\/50102df0fb23a8fa9e8effad8fa81386\",\"name\":\"enequipo\",\"image\":{\"@type\":\"ImageObject\",\"inLanguage\":\"es\",\"@id\":\"https:\/\/www.sonoraenequipo.com.mx\/#\/schema\/person\/image\/\",\"url\":\"https:\/\/secure.gravatar.com\/avatar\/049821681b589dabc0bc20695993ccebb09f5b5d4d790cd9251b97faac7c652b?s=96&d=blank&r=g\",\"contentUrl\":\"https:\/\/secure.gravatar.com\/avatar\/049821681b589dabc0bc20695993ccebb09f5b5d4d790cd9251b97faac7c652b?s=96&d=blank&r=g\",\"caption\":\"enequipo\"},\"sameAs\":[\"https:\/\/www.facebook.com\/SonoraEE\"]}]}<\/script>\n ","yoast_head_json":{"title":"Sonora en Equipo. Contin\u00faa Sonora con paso firme en reactivaci\u00f3n econ\u00f3mica Sonora","description":"Contin\u00faa Sonora con paso firme en reactivaci\u00f3n econ\u00f3mica &nbsp; \u25ba Llama Luis N\u00fa\u00f1ez a no confiarse y mantener medidas de prevenci\u00f3n contra COVID-19 En Sonora en Equipo publicamos toda la informaci\u00f3n de Sonora, M\u00e9xico y el Mundo de manera oportuna y busca que la libertad de expresi\u00f3n sea real. Visita nuestro medio informativo publicado desde Hermosillo, Sonora. %","robots":{"index":"index","follow":"follow","max-snippet":"max-snippet:-1","max-image-preview":"max-image-preview:large","max-video-preview":"max-video-preview:-1"},"canonical":"https:\/\/www.sonoraenequipo.com.mx\/continua-sonora-con-paso-firme-en-reactivacion-economica\/","og_locale":"es_ES","og_type":"article","og_title":"Sonora en Equipo. Contin\u00faa Sonora con paso firme en reactivaci\u00f3n econ\u00f3mica Sonora","og_description":"Contin\u00faa Sonora con paso firme en reactivaci\u00f3n econ\u00f3mica &nbsp; \u25ba Llama Luis N\u00fa\u00f1ez a no confiarse y mantener medidas de prevenci\u00f3n contra COVID-19 En Sonora en Equipo publicamos toda la informaci\u00f3n de Sonora, M\u00e9xico y el Mundo de manera oportuna y busca que la libertad de expresi\u00f3n sea real. Visita nuestro medio informativo publicado desde Hermosillo, Sonora. %","og_url":"https:\/\/www.sonoraenequipo.com.mx\/continua-sonora-con-paso-firme-en-reactivacion-economica\/","og_site_name":"Sonora en Equipo.","article_publisher":"https:\/\/www.facebook.com\/SonoraEE\/","article_author":"https:\/\/www.facebook.com\/SonoraEE","article_published_time":"2021-02-17T00:01:22+00:00","og_image":[{"width":500,"height":300,"url":"https:\/\/www.sonoraenequipo.com.mx\/storage\/2021\/02\/luis-nunez2.jpg","type":"image\/jpeg"}],"author":"enequipo","twitter_card":"summary_large_image","twitter_creator":"@sonoraenequipo","twitter_site":"@sonoraenequipo","twitter_misc":{"Escrito por":"enequipo","Tiempo de lectura":"3 minutos"},"schema":{"@context":"https:\/\/schema.org","@graph":[{"@type":"Article","@id":"https:\/\/www.sonoraenequipo.com.mx\/continua-sonora-con-paso-firme-en-reactivacion-economica\/#article","isPartOf":{"@id":"https:\/\/www.sonoraenequipo.com.mx\/continua-sonora-con-paso-firme-en-reactivacion-economica\/"},"author":{"name":"enequipo","@id":"https:\/\/www.sonoraenequipo.com.mx\/#\/schema\/person\/50102df0fb23a8fa9e8effad8fa81386"},"headline":"Contin\u00faa Sonora con paso firme en reactivaci\u00f3n econ\u00f3mica","datePublished":"2021-02-17T00:01:22+00:00","mainEntityOfPage":{"@id":"https:\/\/www.sonoraenequipo.com.mx\/continua-sonora-con-paso-firme-en-reactivacion-economica\/"},"wordCount":712,"commentCount":0,"publisher":{"@id":"https:\/\/www.sonoraenequipo.com.mx\/#organization"},"image":{"@id":"https:\/\/www.sonoraenequipo.com.mx\/continua-sonora-con-paso-firme-en-reactivacion-economica\/#primaryimage"},"thumbnailUrl":"https:\/\/www.sonoraenequipo.com.mx\/storage\/2021\/02\/luis-nunez2.jpg","keywords":["covid","econom\u00eda","Sonora"],"articleSection":["Sonora"],"inLanguage":"es","potentialAction":[{"@type":"CommentAction","name":"Comment","target":["https:\/\/www.sonoraenequipo.com.mx\/continua-sonora-con-paso-firme-en-reactivacion-economica\/#respond"]}]},{"@type":"WebPage","@id":"https:\/\/www.sonoraenequipo.com.mx\/continua-sonora-con-paso-firme-en-reactivacion-economica\/","url":"https:\/\/www.sonoraenequipo.com.mx\/continua-sonora-con-paso-firme-en-reactivacion-economica\/","name":"Sonora en Equipo. Contin\u00faa Sonora con paso firme en reactivaci\u00f3n econ\u00f3mica Sonora","isPartOf":{"@id":"https:\/\/www.sonoraenequipo.com.mx\/#website"},"primaryImageOfPage":{"@id":"https:\/\/www.sonoraenequipo.com.mx\/continua-sonora-con-paso-firme-en-reactivacion-economica\/#primaryimage"},"image":{"@id":"https:\/\/www.sonoraenequipo.com.mx\/continua-sonora-con-paso-firme-en-reactivacion-economica\/#primaryimage"},"thumbnailUrl":"https:\/\/www.sonoraenequipo.com.mx\/storage\/2021\/02\/luis-nunez2.jpg","datePublished":"2021-02-17T00:01:22+00:00","description":"Contin\u00faa Sonora con paso firme en reactivaci\u00f3n econ\u00f3mica &nbsp; \u25ba Llama Luis N\u00fa\u00f1ez a no confiarse y mantener medidas de prevenci\u00f3n contra COVID-19 En Sonora en Equipo publicamos toda la informaci\u00f3n de Sonora, M\u00e9xico y el Mundo de manera oportuna y busca que la libertad de expresi\u00f3n sea real. Visita nuestro medio informativo publicado desde Hermosillo, Sonora. %","breadcrumb":{"@id":"https:\/\/www.sonoraenequipo.com.mx\/continua-sonora-con-paso-firme-en-reactivacion-economica\/#breadcrumb"},"inLanguage":"es","potentialAction":[{"@type":"ReadAction","target":["https:\/\/www.sonoraenequipo.com.mx\/continua-sonora-con-paso-firme-en-reactivacion-economica\/"]}]},{"@type":"ImageObject","inLanguage":"es","@id":"https:\/\/www.sonoraenequipo.com.mx\/continua-sonora-con-paso-firme-en-reactivacion-economica\/#primaryimage","url":"https:\/\/www.sonoraenequipo.com.mx\/storage\/2021\/02\/luis-nunez2.jpg","contentUrl":"https:\/\/www.sonoraenequipo.com.mx\/storage\/2021\/02\/luis-nunez2.jpg","width":500,"height":300},{"@type":"BreadcrumbList","@id":"https:\/\/www.sonoraenequipo.com.mx\/continua-sonora-con-paso-firme-en-reactivacion-economica\/#breadcrumb","itemListElement":[{"@type":"ListItem","position":1,"name":"Portada","item":"https:\/\/www.sonoraenequipo.com.mx\/"},{"@type":"ListItem","position":2,"name":"Contin\u00faa Sonora con paso firme en reactivaci\u00f3n econ\u00f3mica"}]},{"@type":"WebSite","@id":"https:\/\/www.sonoraenequipo.com.mx\/#website","url":"https:\/\/www.sonoraenequipo.com.mx\/","name":"Sonora en Equipo.","description":"Diario en l\u00ednea con Noticias desde Hermosillo, Sonora","publisher":{"@id":"https:\/\/www.sonoraenequipo.com.mx\/#organization"},"potentialAction":[{"@type":"SearchAction","target":{"@type":"EntryPoint","urlTemplate":"https:\/\/www.sonoraenequipo.com.mx\/?s={search_term_string}"},"query-input":{"@type":"PropertyValueSpecification","valueRequired":true,"valueName":"search_term_string"}}],"inLanguage":"es"},{"@type":"Organization","@id":"https:\/\/www.sonoraenequipo.com.mx\/#organization","name":"Sonoraenequipo.com.mx","url":"https:\/\/www.sonoraenequipo.com.mx\/","logo":{"@type":"ImageObject","inLanguage":"es","@id":"https:\/\/www.sonoraenequipo.com.mx\/#\/schema\/logo\/image\/","url":"https:\/\/www.sonoraenequipo.com.mx\/storage\/2019\/01\/sonoraenequipo_opt.png","contentUrl":"https:\/\/www.sonoraenequipo.com.mx\/storage\/2019\/01\/sonoraenequipo_opt.png","width":375,"height":125,"caption":"Sonoraenequipo.com.mx"},"image":{"@id":"https:\/\/www.sonoraenequipo.com.mx\/#\/schema\/logo\/image\/"},"sameAs":["https:\/\/www.facebook.com\/SonoraEE\/","https:\/\/x.com\/sonoraenequipo","https:\/\/www.youtube.com\/channel\/UC338nW-lPEYmJQs4ZABQ1SQ"]},{"@type":"Person","@id":"https:\/\/www.sonoraenequipo.com.mx\/#\/schema\/person\/50102df0fb23a8fa9e8effad8fa81386","name":"enequipo","image":{"@type":"ImageObject","inLanguage":"es","@id":"https:\/\/www.sonoraenequipo.com.mx\/#\/schema\/person\/image\/","url":"https:\/\/secure.gravatar.com\/avatar\/049821681b589dabc0bc20695993ccebb09f5b5d4d790cd9251b97faac7c652b?s=96&d=blank&r=g","contentUrl":"https:\/\/secure.gravatar.com\/avatar\/049821681b589dabc0bc20695993ccebb09f5b5d4d790cd9251b97faac7c652b?s=96&d=blank&r=g","caption":"enequipo"},"sameAs":["https:\/\/www.facebook.com\/SonoraEE"]}]}},"jetpack_featured_media_url":"https:\/\/www.sonoraenequipo.com.mx\/storage\/2021\/02\/luis-nunez2.jpg","_links":{"self":[{"href":"https:\/\/www.sonoraenequipo.com.mx\/api\/wp\/v2\/posts\/107160","targetHints":{"allow":["GET"]}}],"collection":[{"href":"https:\/\/www.sonoraenequipo.com.mx\/api\/wp\/v2\/posts"}],"about":[{"href":"https:\/\/www.sonoraenequipo.com.mx\/api\/wp\/v2\/types\/post"}],"author":[{"embeddable":true,"href":"https:\/\/www.sonoraenequipo.com.mx\/api\/wp\/v2\/users\/1"}],"replies":[{"embeddable":true,"href":"https:\/\/www.sonoraenequipo.com.mx\/api\/wp\/v2\/comments?post=107160"}],"version-history":[{"count":1,"href":"https:\/\/www.sonoraenequipo.com.mx\/api\/wp\/v2\/posts\/107160\/revisions"}],"predecessor-version":[{"id":107166,"href":"https:\/\/www.sonoraenequipo.com.mx\/api\/wp\/v2\/posts\/107160\/revisions\/107166"}],"wp:featuredmedia":[{"embeddable":true,"href":"https:\/\/www.sonoraenequipo.com.mx\/api\/wp\/v2\/media\/107165"}],"wp:attachment":[{"href":"https:\/\/www.sonoraenequipo.com.mx\/api\/wp\/v2\/media?parent=107160"}],"wp:term":[{"taxonomy":"category","embeddable":true,"href":"https:\/\/www.sonoraenequipo.com.mx\/api\/wp\/v2\/categories?post=107160"},{"taxonomy":"post_tag","embeddable":true,"href":"https:\/\/www.sonoraenequipo.com.mx\/api\/wp\/v2\/tags?post=107160"}],"curies":[{"name":"wp","href":"https:\/\/api.w.org\/{rel}","templated":true}]}}