{"id":107164,"date":"2021-02-16T11:38:45","date_gmt":"2021-02-16T18:38:45","guid":{"rendered":"https:\/\/www.sonoraenequipo.com.mx\/?p=107164"},"modified":"2021-02-16T17:06:52","modified_gmt":"2021-02-17T00:06:52","slug":"fallo-la-organizacion-el-registro-de-vacunacion-no-sirvio-de-nada-aguayo","status":"publish","type":"post","link":"https:\/\/www.sonoraenequipo.com.mx\/fallo-la-organizacion-el-registro-de-vacunacion-no-sirvio-de-nada-aguayo\/","title":{"rendered":"Fall\u00f3 la organizaci\u00f3n; el registro de vacunaci\u00f3n no sirvi\u00f3 de nada: Aguayo"},"content":{"rendered":"<p>CIUDAD DE M\u00c9XICO. MX. \u2014 \u201cCuatro horas bajo el sol, pero con alivio porque han sido meses con mucha incertidumbre\u201d, fue como el periodista Sergio Aguayo calific\u00f3 su experiencia en la aplicaci\u00f3n de su primera dosis contra COVID-19, durante el primer d\u00eda de vacunaci\u00f3n para adultos mayores en el pa\u00eds.<\/p>\n<p>&nbsp;<\/p>\n<p> <\/p>\n<p>&nbsp;<\/p>\n<p>En As\u00ed las Cosas, el analista pol\u00edtico destac\u00f3 que no sirvi\u00f3 de nada el registro previo hecho por internet, sin embrago, dijo sentirse muy satisfecho y conforme con los resultados, a pesar de las fallas graves en la organizaci\u00f3n.<\/p>\n<p>&nbsp;<\/p>\n<p>Se\u00f1al\u00f3 que en el Centro de Vacunaci\u00f3n que le asignaron ubicado en San Jer\u00f3nimo en la alcald\u00eda Magdalena Contreras, las vacunas llegaron hasta las 12 del d\u00eda y que caus\u00f3 el retraso en el proceso para todos los asistentes.<\/p>\n<p>&nbsp;<\/p>\n<p><em>\u201cHab\u00eda una actitud de paciencia ilustrada, ten\u00edamos claro que la vacuna era la tierra prometida\u201d,<\/em> dijo Aguayo al destacar que aquello compensaba las horas de espera y las incomodidades.<\/p>\n<p>&nbsp;<\/p>\n<p>En entrevista con Gabriela Warkentin y Javier Risco, el periodista platic\u00f3 que vivi\u00f3 el momento con una visi\u00f3n cr\u00edtica pero muy positiva. <em>\u201cAyer hab\u00eda cierta flexibilidad porque todo mundo se daba cuenta que hab\u00eda momentos de caos y de desmadre, y que hab\u00eda que ser flexible\u201d.<\/em><\/p>\n<p><a class=\"twitter-timeline\" data-width=\"640\" data-height=\"960\" data-dnt=\"true\" href=\"https:\/\/twitter.com\/sergioaguayo?ref_src=twsrc%5Etfw\">Tweets by sergioaguayo<\/a><script async src=\"https:\/\/platform.twitter.com\/widgets.js\" charset=\"utf-8\"><\/script><\/p>\n<p>Reconoci\u00f3 la labor y empat\u00eda de todas las personas en las Unidades de Vacunaci\u00f3n, en especial del personal del Gobierno Capitalino, de quienes dijo, hicieron todo lo posible para hacer m\u00e1s llevadera la espera, sobre todo, para los m\u00e1s ancianos.<\/p>\n<p>&nbsp;<\/p>\n<p>Al ser cuestionado sobre su segunda dosis, Aguayo dijo que se la aplicar\u00e1n en 8 o 12 semanas, en el mismo Centro de Vacunaci\u00f3n.<\/p>\n<p>&nbsp;<\/p>\n<p>&nbsp;<\/p>\n<p>(Publicada el 16\/02\/2021)<\/p>\n","protected":false},"excerpt":{"rendered":"<p>CIUDAD DE M\u00c9XICO. MX. \u2014 \u201cCuatro horas bajo el sol, pero con alivio porque han&#8230;<\/p>\n","protected":false},"author":1,"featured_media":107168,"comment_status":"open","ping_status":"open","sticky":false,"template":"","format":"standard","meta":{"_monsterinsights_skip_tracking":false,"_monsterinsights_sitenote_active":false,"_monsterinsights_sitenote_note":"","_monsterinsights_sitenote_category":0,"footnotes":""},"categories":[5],"tags":[],"class_list":["post"],"yoast_head":" \n<title>Sonora en Equipo. Fall\u00f3 la organizaci\u00f3n; el registro de vacunaci\u00f3n no sirvi\u00f3 de nada: Aguayo Rep\u00fablica<\/title>\n<meta name=\"description\" content=\"CIUDAD DE M\u00c9XICO. MX. \u2014 \u201cCuatro horas bajo el sol, pero con alivio porque han sido meses con mucha incertidumbre\u201d, fue como el periodista Sergio Aguayo En Sonora en Equipo publicamos toda la informaci\u00f3n de Sonora, M\u00e9xico y el Mundo de manera oportuna y busca que la libertad de expresi\u00f3n sea real. Visita nuestro medio informativo publicado desde Hermosillo, Sonora. %\" \/>\n<meta name=\"robots\" content=\"index, follow, max-snippet:-1, max-image-preview:large, max-video-preview:-1\" \/>\n<link rel=\"canonical\" href=\"https:\/\/www.sonoraenequipo.com.mx\/fallo-la-organizacion-el-registro-de-vacunacion-no-sirvio-de-nada-aguayo\/\" \/>\n<meta property=\"og:locale\" content=\"es_ES\" \/>\n<meta property=\"og:type\" content=\"article\" \/>\n<meta property=\"og:title\" content=\"Sonora en Equipo. Fall\u00f3 la organizaci\u00f3n; el registro de vacunaci\u00f3n no sirvi\u00f3 de nada: Aguayo Rep\u00fablica\" \/>\n<meta property=\"og:description\" content=\"CIUDAD DE M\u00c9XICO. MX. \u2014 \u201cCuatro horas bajo el sol, pero con alivio porque han sido meses con mucha incertidumbre\u201d, fue como el periodista Sergio Aguayo En Sonora en Equipo publicamos toda la informaci\u00f3n de Sonora, M\u00e9xico y el Mundo de manera oportuna y busca que la libertad de expresi\u00f3n sea real. Visita nuestro medio informativo publicado desde Hermosillo, Sonora. %\" \/>\n<meta property=\"og:url\" content=\"https:\/\/www.sonoraenequipo.com.mx\/fallo-la-organizacion-el-registro-de-vacunacion-no-sirvio-de-nada-aguayo\/\" \/>\n<meta property=\"og:site_name\" content=\"Sonora en Equipo.\" \/>\n<meta property=\"article:publisher\" content=\"https:\/\/www.facebook.com\/SonoraEE\/\" \/>\n<meta property=\"article:author\" content=\"https:\/\/www.facebook.com\/SonoraEE\" \/>\n<meta property=\"article:published_time\" content=\"2021-02-16T18:38:45+00:00\" \/>\n<meta property=\"article:modified_time\" content=\"2021-02-17T00:06:52+00:00\" \/>\n<meta property=\"og:image\" content=\"https:\/\/www.sonoraenequipo.com.mx\/storage\/2021\/02\/sergio-aguayo_opt.jpg\" \/>\n\t<meta property=\"og:image:width\" content=\"692\" \/>\n\t<meta property=\"og:image:height\" content=\"400\" \/>\n\t<meta property=\"og:image:type\" content=\"image\/jpeg\" \/>\n<meta name=\"author\" content=\"enequipo\" \/>\n<meta name=\"twitter:card\" content=\"summary_large_image\" \/>\n<meta name=\"twitter:creator\" content=\"@sonoraenequipo\" \/>\n<meta name=\"twitter:site\" content=\"@sonoraenequipo\" \/>\n<meta name=\"twitter:label1\" content=\"Escrito por\" \/>\n\t<meta name=\"twitter:data1\" content=\"enequipo\" \/>\n\t<meta name=\"twitter:label2\" content=\"Tiempo de lectura\" \/>\n\t<meta name=\"twitter:data2\" content=\"2 minutos\" \/>\n<script type=\"application\/ld+json\" class=\"yoast-schema-graph\">{\"@context\":\"https:\/\/schema.org\",\"@graph\":[{\"@type\":\"Article\",\"@id\":\"https:\/\/www.sonoraenequipo.com.mx\/fallo-la-organizacion-el-registro-de-vacunacion-no-sirvio-de-nada-aguayo\/#article\",\"isPartOf\":{\"@id\":\"https:\/\/www.sonoraenequipo.com.mx\/fallo-la-organizacion-el-registro-de-vacunacion-no-sirvio-de-nada-aguayo\/\"},\"author\":{\"name\":\"enequipo\",\"@id\":\"https:\/\/www.sonoraenequipo.com.mx\/#\/schema\/person\/50102df0fb23a8fa9e8effad8fa81386\"},\"headline\":\"Fall\u00f3 la organizaci\u00f3n; el registro de vacunaci\u00f3n no sirvi\u00f3 de nada: Aguayo\",\"datePublished\":\"2021-02-16T18:38:45+00:00\",\"dateModified\":\"2021-02-17T00:06:52+00:00\",\"mainEntityOfPage\":{\"@id\":\"https:\/\/www.sonoraenequipo.com.mx\/fallo-la-organizacion-el-registro-de-vacunacion-no-sirvio-de-nada-aguayo\/\"},\"wordCount\":316,\"commentCount\":0,\"publisher\":{\"@id\":\"https:\/\/www.sonoraenequipo.com.mx\/#organization\"},\"image\":{\"@id\":\"https:\/\/www.sonoraenequipo.com.mx\/fallo-la-organizacion-el-registro-de-vacunacion-no-sirvio-de-nada-aguayo\/#primaryimage\"},\"thumbnailUrl\":\"https:\/\/www.sonoraenequipo.com.mx\/storage\/2021\/02\/sergio-aguayo_opt.jpg\",\"articleSection\":[\"Rep\u00fablica\"],\"inLanguage\":\"es\",\"potentialAction\":[{\"@type\":\"CommentAction\",\"name\":\"Comment\",\"target\":[\"https:\/\/www.sonoraenequipo.com.mx\/fallo-la-organizacion-el-registro-de-vacunacion-no-sirvio-de-nada-aguayo\/#respond\"]}]},{\"@type\":\"WebPage\",\"@id\":\"https:\/\/www.sonoraenequipo.com.mx\/fallo-la-organizacion-el-registro-de-vacunacion-no-sirvio-de-nada-aguayo\/\",\"url\":\"https:\/\/www.sonoraenequipo.com.mx\/fallo-la-organizacion-el-registro-de-vacunacion-no-sirvio-de-nada-aguayo\/\",\"name\":\"Sonora en Equipo. Fall\u00f3 la organizaci\u00f3n; el registro de vacunaci\u00f3n no sirvi\u00f3 de nada: Aguayo Rep\u00fablica\",\"isPartOf\":{\"@id\":\"https:\/\/www.sonoraenequipo.com.mx\/#website\"},\"primaryImageOfPage\":{\"@id\":\"https:\/\/www.sonoraenequipo.com.mx\/fallo-la-organizacion-el-registro-de-vacunacion-no-sirvio-de-nada-aguayo\/#primaryimage\"},\"image\":{\"@id\":\"https:\/\/www.sonoraenequipo.com.mx\/fallo-la-organizacion-el-registro-de-vacunacion-no-sirvio-de-nada-aguayo\/#primaryimage\"},\"thumbnailUrl\":\"https:\/\/www.sonoraenequipo.com.mx\/storage\/2021\/02\/sergio-aguayo_opt.jpg\",\"datePublished\":\"2021-02-16T18:38:45+00:00\",\"dateModified\":\"2021-02-17T00:06:52+00:00\",\"description\":\"CIUDAD DE M\u00c9XICO. MX. \u2014 \u201cCuatro horas bajo el sol, pero con alivio porque han sido meses con mucha incertidumbre\u201d, fue como el periodista Sergio Aguayo En Sonora en Equipo publicamos toda la informaci\u00f3n de Sonora, M\u00e9xico y el Mundo de manera oportuna y busca que la libertad de expresi\u00f3n sea real. Visita nuestro medio informativo publicado desde Hermosillo, Sonora. %\",\"breadcrumb\":{\"@id\":\"https:\/\/www.sonoraenequipo.com.mx\/fallo-la-organizacion-el-registro-de-vacunacion-no-sirvio-de-nada-aguayo\/#breadcrumb\"},\"inLanguage\":\"es\",\"potentialAction\":[{\"@type\":\"ReadAction\",\"target\":[\"https:\/\/www.sonoraenequipo.com.mx\/fallo-la-organizacion-el-registro-de-vacunacion-no-sirvio-de-nada-aguayo\/\"]}]},{\"@type\":\"ImageObject\",\"inLanguage\":\"es\",\"@id\":\"https:\/\/www.sonoraenequipo.com.mx\/fallo-la-organizacion-el-registro-de-vacunacion-no-sirvio-de-nada-aguayo\/#primaryimage\",\"url\":\"https:\/\/www.sonoraenequipo.com.mx\/storage\/2021\/02\/sergio-aguayo_opt.jpg\",\"contentUrl\":\"https:\/\/www.sonoraenequipo.com.mx\/storage\/2021\/02\/sergio-aguayo_opt.jpg\",\"width\":692,\"height\":400},{\"@type\":\"BreadcrumbList\",\"@id\":\"https:\/\/www.sonoraenequipo.com.mx\/fallo-la-organizacion-el-registro-de-vacunacion-no-sirvio-de-nada-aguayo\/#breadcrumb\",\"itemListElement\":[{\"@type\":\"ListItem\",\"position\":1,\"name\":\"Portada\",\"item\":\"https:\/\/www.sonoraenequipo.com.mx\/\"},{\"@type\":\"ListItem\",\"position\":2,\"name\":\"Fall\u00f3 la organizaci\u00f3n; el registro de vacunaci\u00f3n no sirvi\u00f3 de nada: Aguayo\"}]},{\"@type\":\"WebSite\",\"@id\":\"https:\/\/www.sonoraenequipo.com.mx\/#website\",\"url\":\"https:\/\/www.sonoraenequipo.com.mx\/\",\"name\":\"Sonora en Equipo.\",\"description\":\"Diario en l\u00ednea con Noticias desde Hermosillo, Sonora\",\"publisher\":{\"@id\":\"https:\/\/www.sonoraenequipo.com.mx\/#organization\"},\"potentialAction\":[{\"@type\":\"SearchAction\",\"target\":{\"@type\":\"EntryPoint\",\"urlTemplate\":\"https:\/\/www.sonoraenequipo.com.mx\/?s={search_term_string}\"},\"query-input\":{\"@type\":\"PropertyValueSpecification\",\"valueRequired\":true,\"valueName\":\"search_term_string\"}}],\"inLanguage\":\"es\"},{\"@type\":\"Organization\",\"@id\":\"https:\/\/www.sonoraenequipo.com.mx\/#organization\",\"name\":\"Sonoraenequipo.com.mx\",\"url\":\"https:\/\/www.sonoraenequipo.com.mx\/\",\"logo\":{\"@type\":\"ImageObject\",\"inLanguage\":\"es\",\"@id\":\"https:\/\/www.sonoraenequipo.com.mx\/#\/schema\/logo\/image\/\",\"url\":\"https:\/\/www.sonoraenequipo.com.mx\/storage\/2019\/01\/sonoraenequipo_opt.png\",\"contentUrl\":\"https:\/\/www.sonoraenequipo.com.mx\/storage\/2019\/01\/sonoraenequipo_opt.png\",\"width\":375,\"height\":125,\"caption\":\"Sonoraenequipo.com.mx\"},\"image\":{\"@id\":\"https:\/\/www.sonoraenequipo.com.mx\/#\/schema\/logo\/image\/\"},\"sameAs\":[\"https:\/\/www.facebook.com\/SonoraEE\/\",\"https:\/\/x.com\/sonoraenequipo\",\"https:\/\/www.youtube.com\/channel\/UC338nW-lPEYmJQs4ZABQ1SQ\"]},{\"@type\":\"Person\",\"@id\":\"https:\/\/www.sonoraenequipo.com.mx\/#\/schema\/person\/50102df0fb23a8fa9e8effad8fa81386\",\"name\":\"enequipo\",\"image\":{\"@type\":\"ImageObject\",\"inLanguage\":\"es\",\"@id\":\"https:\/\/www.sonoraenequipo.com.mx\/#\/schema\/person\/image\/\",\"url\":\"https:\/\/secure.gravatar.com\/avatar\/049821681b589dabc0bc20695993ccebb09f5b5d4d790cd9251b97faac7c652b?s=96&d=blank&r=g\",\"contentUrl\":\"https:\/\/secure.gravatar.com\/avatar\/049821681b589dabc0bc20695993ccebb09f5b5d4d790cd9251b97faac7c652b?s=96&d=blank&r=g\",\"caption\":\"enequipo\"},\"sameAs\":[\"https:\/\/www.facebook.com\/SonoraEE\"]}]}<\/script>\n ","yoast_head_json":{"title":"Sonora en Equipo. Fall\u00f3 la organizaci\u00f3n; el registro de vacunaci\u00f3n no sirvi\u00f3 de nada: Aguayo Rep\u00fablica","description":"CIUDAD DE M\u00c9XICO. MX. \u2014 \u201cCuatro horas bajo el sol, pero con alivio porque han sido meses con mucha incertidumbre\u201d, fue como el periodista Sergio Aguayo En Sonora en Equipo publicamos toda la informaci\u00f3n de Sonora, M\u00e9xico y el Mundo de manera oportuna y busca que la libertad de expresi\u00f3n sea real. Visita nuestro medio informativo publicado desde Hermosillo, Sonora. %","robots":{"index":"index","follow":"follow","max-snippet":"max-snippet:-1","max-image-preview":"max-image-preview:large","max-video-preview":"max-video-preview:-1"},"canonical":"https:\/\/www.sonoraenequipo.com.mx\/fallo-la-organizacion-el-registro-de-vacunacion-no-sirvio-de-nada-aguayo\/","og_locale":"es_ES","og_type":"article","og_title":"Sonora en Equipo. Fall\u00f3 la organizaci\u00f3n; el registro de vacunaci\u00f3n no sirvi\u00f3 de nada: Aguayo Rep\u00fablica","og_description":"CIUDAD DE M\u00c9XICO. MX. \u2014 \u201cCuatro horas bajo el sol, pero con alivio porque han sido meses con mucha incertidumbre\u201d, fue como el periodista Sergio Aguayo En Sonora en Equipo publicamos toda la informaci\u00f3n de Sonora, M\u00e9xico y el Mundo de manera oportuna y busca que la libertad de expresi\u00f3n sea real. Visita nuestro medio informativo publicado desde Hermosillo, Sonora. %","og_url":"https:\/\/www.sonoraenequipo.com.mx\/fallo-la-organizacion-el-registro-de-vacunacion-no-sirvio-de-nada-aguayo\/","og_site_name":"Sonora en Equipo.","article_publisher":"https:\/\/www.facebook.com\/SonoraEE\/","article_author":"https:\/\/www.facebook.com\/SonoraEE","article_published_time":"2021-02-16T18:38:45+00:00","article_modified_time":"2021-02-17T00:06:52+00:00","og_image":[{"width":692,"height":400,"url":"https:\/\/www.sonoraenequipo.com.mx\/storage\/2021\/02\/sergio-aguayo_opt.jpg","type":"image\/jpeg"}],"author":"enequipo","twitter_card":"summary_large_image","twitter_creator":"@sonoraenequipo","twitter_site":"@sonoraenequipo","twitter_misc":{"Escrito por":"enequipo","Tiempo de lectura":"2 minutos"},"schema":{"@context":"https:\/\/schema.org","@graph":[{"@type":"Article","@id":"https:\/\/www.sonoraenequipo.com.mx\/fallo-la-organizacion-el-registro-de-vacunacion-no-sirvio-de-nada-aguayo\/#article","isPartOf":{"@id":"https:\/\/www.sonoraenequipo.com.mx\/fallo-la-organizacion-el-registro-de-vacunacion-no-sirvio-de-nada-aguayo\/"},"author":{"name":"enequipo","@id":"https:\/\/www.sonoraenequipo.com.mx\/#\/schema\/person\/50102df0fb23a8fa9e8effad8fa81386"},"headline":"Fall\u00f3 la organizaci\u00f3n; el registro de vacunaci\u00f3n no sirvi\u00f3 de nada: Aguayo","datePublished":"2021-02-16T18:38:45+00:00","dateModified":"2021-02-17T00:06:52+00:00","mainEntityOfPage":{"@id":"https:\/\/www.sonoraenequipo.com.mx\/fallo-la-organizacion-el-registro-de-vacunacion-no-sirvio-de-nada-aguayo\/"},"wordCount":316,"commentCount":0,"publisher":{"@id":"https:\/\/www.sonoraenequipo.com.mx\/#organization"},"image":{"@id":"https:\/\/www.sonoraenequipo.com.mx\/fallo-la-organizacion-el-registro-de-vacunacion-no-sirvio-de-nada-aguayo\/#primaryimage"},"thumbnailUrl":"https:\/\/www.sonoraenequipo.com.mx\/storage\/2021\/02\/sergio-aguayo_opt.jpg","articleSection":["Rep\u00fablica"],"inLanguage":"es","potentialAction":[{"@type":"CommentAction","name":"Comment","target":["https:\/\/www.sonoraenequipo.com.mx\/fallo-la-organizacion-el-registro-de-vacunacion-no-sirvio-de-nada-aguayo\/#respond"]}]},{"@type":"WebPage","@id":"https:\/\/www.sonoraenequipo.com.mx\/fallo-la-organizacion-el-registro-de-vacunacion-no-sirvio-de-nada-aguayo\/","url":"https:\/\/www.sonoraenequipo.com.mx\/fallo-la-organizacion-el-registro-de-vacunacion-no-sirvio-de-nada-aguayo\/","name":"Sonora en Equipo. Fall\u00f3 la organizaci\u00f3n; el registro de vacunaci\u00f3n no sirvi\u00f3 de nada: Aguayo Rep\u00fablica","isPartOf":{"@id":"https:\/\/www.sonoraenequipo.com.mx\/#website"},"primaryImageOfPage":{"@id":"https:\/\/www.sonoraenequipo.com.mx\/fallo-la-organizacion-el-registro-de-vacunacion-no-sirvio-de-nada-aguayo\/#primaryimage"},"image":{"@id":"https:\/\/www.sonoraenequipo.com.mx\/fallo-la-organizacion-el-registro-de-vacunacion-no-sirvio-de-nada-aguayo\/#primaryimage"},"thumbnailUrl":"https:\/\/www.sonoraenequipo.com.mx\/storage\/2021\/02\/sergio-aguayo_opt.jpg","datePublished":"2021-02-16T18:38:45+00:00","dateModified":"2021-02-17T00:06:52+00:00","description":"CIUDAD DE M\u00c9XICO. MX. \u2014 \u201cCuatro horas bajo el sol, pero con alivio porque han sido meses con mucha incertidumbre\u201d, fue como el periodista Sergio Aguayo En Sonora en Equipo publicamos toda la informaci\u00f3n de Sonora, M\u00e9xico y el Mundo de manera oportuna y busca que la libertad de expresi\u00f3n sea real. Visita nuestro medio informativo publicado desde Hermosillo, Sonora. %","breadcrumb":{"@id":"https:\/\/www.sonoraenequipo.com.mx\/fallo-la-organizacion-el-registro-de-vacunacion-no-sirvio-de-nada-aguayo\/#breadcrumb"},"inLanguage":"es","potentialAction":[{"@type":"ReadAction","target":["https:\/\/www.sonoraenequipo.com.mx\/fallo-la-organizacion-el-registro-de-vacunacion-no-sirvio-de-nada-aguayo\/"]}]},{"@type":"ImageObject","inLanguage":"es","@id":"https:\/\/www.sonoraenequipo.com.mx\/fallo-la-organizacion-el-registro-de-vacunacion-no-sirvio-de-nada-aguayo\/#primaryimage","url":"https:\/\/www.sonoraenequipo.com.mx\/storage\/2021\/02\/sergio-aguayo_opt.jpg","contentUrl":"https:\/\/www.sonoraenequipo.com.mx\/storage\/2021\/02\/sergio-aguayo_opt.jpg","width":692,"height":400},{"@type":"BreadcrumbList","@id":"https:\/\/www.sonoraenequipo.com.mx\/fallo-la-organizacion-el-registro-de-vacunacion-no-sirvio-de-nada-aguayo\/#breadcrumb","itemListElement":[{"@type":"ListItem","position":1,"name":"Portada","item":"https:\/\/www.sonoraenequipo.com.mx\/"},{"@type":"ListItem","position":2,"name":"Fall\u00f3 la organizaci\u00f3n; el registro de vacunaci\u00f3n no sirvi\u00f3 de nada: Aguayo"}]},{"@type":"WebSite","@id":"https:\/\/www.sonoraenequipo.com.mx\/#website","url":"https:\/\/www.sonoraenequipo.com.mx\/","name":"Sonora en Equipo.","description":"Diario en l\u00ednea con Noticias desde Hermosillo, Sonora","publisher":{"@id":"https:\/\/www.sonoraenequipo.com.mx\/#organization"},"potentialAction":[{"@type":"SearchAction","target":{"@type":"EntryPoint","urlTemplate":"https:\/\/www.sonoraenequipo.com.mx\/?s={search_term_string}"},"query-input":{"@type":"PropertyValueSpecification","valueRequired":true,"valueName":"search_term_string"}}],"inLanguage":"es"},{"@type":"Organization","@id":"https:\/\/www.sonoraenequipo.com.mx\/#organization","name":"Sonoraenequipo.com.mx","url":"https:\/\/www.sonoraenequipo.com.mx\/","logo":{"@type":"ImageObject","inLanguage":"es","@id":"https:\/\/www.sonoraenequipo.com.mx\/#\/schema\/logo\/image\/","url":"https:\/\/www.sonoraenequipo.com.mx\/storage\/2019\/01\/sonoraenequipo_opt.png","contentUrl":"https:\/\/www.sonoraenequipo.com.mx\/storage\/2019\/01\/sonoraenequipo_opt.png","width":375,"height":125,"caption":"Sonoraenequipo.com.mx"},"image":{"@id":"https:\/\/www.sonoraenequipo.com.mx\/#\/schema\/logo\/image\/"},"sameAs":["https:\/\/www.facebook.com\/SonoraEE\/","https:\/\/x.com\/sonoraenequipo","https:\/\/www.youtube.com\/channel\/UC338nW-lPEYmJQs4ZABQ1SQ"]},{"@type":"Person","@id":"https:\/\/www.sonoraenequipo.com.mx\/#\/schema\/person\/50102df0fb23a8fa9e8effad8fa81386","name":"enequipo","image":{"@type":"ImageObject","inLanguage":"es","@id":"https:\/\/www.sonoraenequipo.com.mx\/#\/schema\/person\/image\/","url":"https:\/\/secure.gravatar.com\/avatar\/049821681b589dabc0bc20695993ccebb09f5b5d4d790cd9251b97faac7c652b?s=96&d=blank&r=g","contentUrl":"https:\/\/secure.gravatar.com\/avatar\/049821681b589dabc0bc20695993ccebb09f5b5d4d790cd9251b97faac7c652b?s=96&d=blank&r=g","caption":"enequipo"},"sameAs":["https:\/\/www.facebook.com\/SonoraEE"]}]}},"jetpack_featured_media_url":"https:\/\/www.sonoraenequipo.com.mx\/storage\/2021\/02\/sergio-aguayo_opt.jpg","_links":{"self":[{"href":"https:\/\/www.sonoraenequipo.com.mx\/api\/wp\/v2\/posts\/107164","targetHints":{"allow":["GET"]}}],"collection":[{"href":"https:\/\/www.sonoraenequipo.com.mx\/api\/wp\/v2\/posts"}],"about":[{"href":"https:\/\/www.sonoraenequipo.com.mx\/api\/wp\/v2\/types\/post"}],"author":[{"embeddable":true,"href":"https:\/\/www.sonoraenequipo.com.mx\/api\/wp\/v2\/users\/1"}],"replies":[{"embeddable":true,"href":"https:\/\/www.sonoraenequipo.com.mx\/api\/wp\/v2\/comments?post=107164"}],"version-history":[{"count":1,"href":"https:\/\/www.sonoraenequipo.com.mx\/api\/wp\/v2\/posts\/107164\/revisions"}],"predecessor-version":[{"id":107170,"href":"https:\/\/www.sonoraenequipo.com.mx\/api\/wp\/v2\/posts\/107164\/revisions\/107170"}],"wp:featuredmedia":[{"embeddable":true,"href":"https:\/\/www.sonoraenequipo.com.mx\/api\/wp\/v2\/media\/107168"}],"wp:attachment":[{"href":"https:\/\/www.sonoraenequipo.com.mx\/api\/wp\/v2\/media?parent=107164"}],"wp:term":[{"taxonomy":"category","embeddable":true,"href":"https:\/\/www.sonoraenequipo.com.mx\/api\/wp\/v2\/categories?post=107164"},{"taxonomy":"post_tag","embeddable":true,"href":"https:\/\/www.sonoraenequipo.com.mx\/api\/wp\/v2\/tags?post=107164"}],"curies":[{"name":"wp","href":"https:\/\/api.w.org\/{rel}","templated":true}]}}