{"id":107178,"date":"2021-02-16T18:00:22","date_gmt":"2021-02-17T01:00:22","guid":{"rendered":"https:\/\/www.sonoraenequipo.com.mx\/?p=107178"},"modified":"2021-02-16T18:00:22","modified_gmt":"2021-02-17T01:00:22","slug":"invitan-a-jovenes-de-la-clase-2003-y-remisos-a-tramitar-su-pre-cartilla-militar","status":"publish","type":"post","link":"https:\/\/www.sonoraenequipo.com.mx\/invitan-a-jovenes-de-la-clase-2003-y-remisos-a-tramitar-su-pre-cartilla-militar\/","title":{"rendered":"Invitan a j\u00f3venes de la clase 2003 y remisos a tramitar su pre cartilla militar"},"content":{"rendered":"<p>Invitan a j\u00f3venes de la clase 2003 y remisos a tramitar su pre cartilla militar<\/p>\n<p>&nbsp;<\/p>\n<p><strong>\u25baDeber\u00e1 acudir s\u00f3lo el interesado y cumpliendo con todos los protocolos de salud.<\/strong><\/p>\n<p>&nbsp;<\/p>\n<p>HERMOSILLO, SONORA,MX.\u2500\u2500 Con el motivo de facilitar a los j\u00f3venes hermosillenses obtener su cartilla militar, se abri\u00f3 la convocatoria para dicho tr\u00e1mite, mismo que cierra el d\u00eda 15 de octubre del a\u00f1o en curso, as\u00ed lo indic\u00f3 Silvia Aganza Espinoza, encargada de la Junta Municipal de Reclutamiento.<\/p>\n<p>&nbsp;<\/p>\n<p>Detall\u00f3 que los interesados deber\u00e1n acudir a la oficina de la Junta, ubicada en Nicol\u00e1s Bravo #48 de la Colonia Centenario, de lunes a viernes y en horario de 8:30 a 14:30 horas, sin acompa\u00f1antes, usando cubrebocas en todo momento y manteniendo la distancia con otros asistentes, esto con motivo de mantener los protocolos de salud y llevar un proceso ordenado y seguro.<\/p>\n<p>&nbsp;<\/p>\n<p>La documentaci\u00f3n requerida es la siguiente:<\/p>\n<p>&nbsp;<\/p>\n<p>-Acta de nacimiento original<\/p>\n<p>&nbsp;<\/p>\n<p>-4 fotograf\u00edas tama\u00f1o credencial (35 x 45 ml) en papel mate (pueden ser blanco y negro o a color, no instant\u00e1neas, con fondo blanco, sin retoque, ni sombras; peinado formal, orejas y frente descubiertas: sin barba, sin aretes, sin lentes).<\/p>\n<p>&nbsp;<\/p>\n<p>-Comprobante de domicilio original no mayor a tres meses (recibo de agua\/luz\/telmex)<\/p>\n<p>&nbsp;<\/p>\n<p>-CURP (formato nuevo impreso)<\/p>\n<p>&nbsp;<\/p>\n<p>-Constancia de estudios o certificado de \u00faltimo nivel alcanzado en original.<\/p>\n<p>&nbsp;<\/p>\n<p>-Carta de no inscripci\u00f3n (\u00fanicamente para j\u00f3venes remisos y que no nacieron en Hermosillo)<\/p>\n<p>&nbsp;<\/p>\n<p>La funcionaria insisti\u00f3 que este es un tr\u00e1mite personal, por lo que no es necesaria la presencia de personas ajenas al proceso; esto con el motivo de evitar aglomeraciones por el tema de la contingencia sanitaria actual.<\/p>\n<p>Fecha de publicaci\u00f3n\u00a0 martes 16\/feb\/2021<\/p>\n<p>&nbsp;<\/p>\n","protected":false},"excerpt":{"rendered":"<p>Invitan a j\u00f3venes de la clase 2003 y remisos a tramitar su pre cartilla militar&#8230;<\/p>\n","protected":false},"author":1,"featured_media":107179,"comment_status":"open","ping_status":"open","sticky":false,"template":"","format":"standard","meta":{"_monsterinsights_skip_tracking":false,"_monsterinsights_sitenote_active":false,"_monsterinsights_sitenote_note":"","_monsterinsights_sitenote_category":0,"footnotes":""},"categories":[4],"tags":[1987],"class_list":["post"],"yoast_head":" \n<title>Sonora en Equipo. Invitan a j\u00f3venes de la clase 2003 y remisos a tramitar su pre cartilla militar Municipios<\/title>\n<meta name=\"description\" content=\"Invitan a j\u00f3venes de la clase 2003 y remisos a tramitar su pre cartilla militar &nbsp; \u25baDeber\u00e1 acudir s\u00f3lo el interesado y cumpliendo con todos los En Sonora en Equipo publicamos toda la informaci\u00f3n de Sonora, M\u00e9xico y el Mundo de manera oportuna y busca que la libertad de expresi\u00f3n sea real. Visita nuestro medio informativo publicado desde Hermosillo, Sonora. %\" \/>\n<meta name=\"robots\" content=\"index, follow, max-snippet:-1, max-image-preview:large, max-video-preview:-1\" \/>\n<link rel=\"canonical\" href=\"https:\/\/www.sonoraenequipo.com.mx\/invitan-a-jovenes-de-la-clase-2003-y-remisos-a-tramitar-su-pre-cartilla-militar\/\" \/>\n<meta property=\"og:locale\" content=\"es_ES\" \/>\n<meta property=\"og:type\" content=\"article\" \/>\n<meta property=\"og:title\" content=\"Sonora en Equipo. Invitan a j\u00f3venes de la clase 2003 y remisos a tramitar su pre cartilla militar Municipios\" \/>\n<meta property=\"og:description\" content=\"Invitan a j\u00f3venes de la clase 2003 y remisos a tramitar su pre cartilla militar &nbsp; \u25baDeber\u00e1 acudir s\u00f3lo el interesado y cumpliendo con todos los En Sonora en Equipo publicamos toda la informaci\u00f3n de Sonora, M\u00e9xico y el Mundo de manera oportuna y busca que la libertad de expresi\u00f3n sea real. Visita nuestro medio informativo publicado desde Hermosillo, Sonora. %\" \/>\n<meta property=\"og:url\" content=\"https:\/\/www.sonoraenequipo.com.mx\/invitan-a-jovenes-de-la-clase-2003-y-remisos-a-tramitar-su-pre-cartilla-militar\/\" \/>\n<meta property=\"og:site_name\" content=\"Sonora en Equipo.\" \/>\n<meta property=\"article:publisher\" content=\"https:\/\/www.facebook.com\/SonoraEE\/\" \/>\n<meta property=\"article:author\" content=\"https:\/\/www.facebook.com\/SonoraEE\" \/>\n<meta property=\"article:published_time\" content=\"2021-02-17T01:00:22+00:00\" \/>\n<meta property=\"og:image\" content=\"https:\/\/www.sonoraenequipo.com.mx\/storage\/2021\/02\/silvia-aganza.jpg\" \/>\n\t<meta property=\"og:image:width\" content=\"500\" \/>\n\t<meta property=\"og:image:height\" content=\"300\" \/>\n\t<meta property=\"og:image:type\" content=\"image\/jpeg\" \/>\n<meta name=\"author\" content=\"enequipo\" \/>\n<meta name=\"twitter:card\" content=\"summary_large_image\" \/>\n<meta name=\"twitter:creator\" content=\"@sonoraenequipo\" \/>\n<meta name=\"twitter:site\" content=\"@sonoraenequipo\" \/>\n<meta name=\"twitter:label1\" content=\"Escrito por\" \/>\n\t<meta name=\"twitter:data1\" content=\"enequipo\" \/>\n\t<meta name=\"twitter:label2\" content=\"Tiempo de lectura\" \/>\n\t<meta name=\"twitter:data2\" content=\"2 minutos\" \/>\n<script type=\"application\/ld+json\" class=\"yoast-schema-graph\">{\"@context\":\"https:\/\/schema.org\",\"@graph\":[{\"@type\":\"Article\",\"@id\":\"https:\/\/www.sonoraenequipo.com.mx\/invitan-a-jovenes-de-la-clase-2003-y-remisos-a-tramitar-su-pre-cartilla-militar\/#article\",\"isPartOf\":{\"@id\":\"https:\/\/www.sonoraenequipo.com.mx\/invitan-a-jovenes-de-la-clase-2003-y-remisos-a-tramitar-su-pre-cartilla-militar\/\"},\"author\":{\"name\":\"enequipo\",\"@id\":\"https:\/\/www.sonoraenequipo.com.mx\/#\/schema\/person\/50102df0fb23a8fa9e8effad8fa81386\"},\"headline\":\"Invitan a j\u00f3venes de la clase 2003 y remisos a tramitar su pre cartilla militar\",\"datePublished\":\"2021-02-17T01:00:22+00:00\",\"mainEntityOfPage\":{\"@id\":\"https:\/\/www.sonoraenequipo.com.mx\/invitan-a-jovenes-de-la-clase-2003-y-remisos-a-tramitar-su-pre-cartilla-militar\/\"},\"wordCount\":311,\"commentCount\":0,\"publisher\":{\"@id\":\"https:\/\/www.sonoraenequipo.com.mx\/#organization\"},\"image\":{\"@id\":\"https:\/\/www.sonoraenequipo.com.mx\/invitan-a-jovenes-de-la-clase-2003-y-remisos-a-tramitar-su-pre-cartilla-militar\/#primaryimage\"},\"thumbnailUrl\":\"https:\/\/www.sonoraenequipo.com.mx\/storage\/2021\/02\/silvia-aganza.jpg\",\"keywords\":[\"Cartilla militar\"],\"articleSection\":[\"Municipios\"],\"inLanguage\":\"es\",\"potentialAction\":[{\"@type\":\"CommentAction\",\"name\":\"Comment\",\"target\":[\"https:\/\/www.sonoraenequipo.com.mx\/invitan-a-jovenes-de-la-clase-2003-y-remisos-a-tramitar-su-pre-cartilla-militar\/#respond\"]}]},{\"@type\":\"WebPage\",\"@id\":\"https:\/\/www.sonoraenequipo.com.mx\/invitan-a-jovenes-de-la-clase-2003-y-remisos-a-tramitar-su-pre-cartilla-militar\/\",\"url\":\"https:\/\/www.sonoraenequipo.com.mx\/invitan-a-jovenes-de-la-clase-2003-y-remisos-a-tramitar-su-pre-cartilla-militar\/\",\"name\":\"Sonora en Equipo. Invitan a j\u00f3venes de la clase 2003 y remisos a tramitar su pre cartilla militar Municipios\",\"isPartOf\":{\"@id\":\"https:\/\/www.sonoraenequipo.com.mx\/#website\"},\"primaryImageOfPage\":{\"@id\":\"https:\/\/www.sonoraenequipo.com.mx\/invitan-a-jovenes-de-la-clase-2003-y-remisos-a-tramitar-su-pre-cartilla-militar\/#primaryimage\"},\"image\":{\"@id\":\"https:\/\/www.sonoraenequipo.com.mx\/invitan-a-jovenes-de-la-clase-2003-y-remisos-a-tramitar-su-pre-cartilla-militar\/#primaryimage\"},\"thumbnailUrl\":\"https:\/\/www.sonoraenequipo.com.mx\/storage\/2021\/02\/silvia-aganza.jpg\",\"datePublished\":\"2021-02-17T01:00:22+00:00\",\"description\":\"Invitan a j\u00f3venes de la clase 2003 y remisos a tramitar su pre cartilla militar &nbsp; \u25baDeber\u00e1 acudir s\u00f3lo el interesado y cumpliendo con todos los En Sonora en Equipo publicamos toda la informaci\u00f3n de Sonora, M\u00e9xico y el Mundo de manera oportuna y busca que la libertad de expresi\u00f3n sea real. Visita nuestro medio informativo publicado desde Hermosillo, Sonora. %\",\"breadcrumb\":{\"@id\":\"https:\/\/www.sonoraenequipo.com.mx\/invitan-a-jovenes-de-la-clase-2003-y-remisos-a-tramitar-su-pre-cartilla-militar\/#breadcrumb\"},\"inLanguage\":\"es\",\"potentialAction\":[{\"@type\":\"ReadAction\",\"target\":[\"https:\/\/www.sonoraenequipo.com.mx\/invitan-a-jovenes-de-la-clase-2003-y-remisos-a-tramitar-su-pre-cartilla-militar\/\"]}]},{\"@type\":\"ImageObject\",\"inLanguage\":\"es\",\"@id\":\"https:\/\/www.sonoraenequipo.com.mx\/invitan-a-jovenes-de-la-clase-2003-y-remisos-a-tramitar-su-pre-cartilla-militar\/#primaryimage\",\"url\":\"https:\/\/www.sonoraenequipo.com.mx\/storage\/2021\/02\/silvia-aganza.jpg\",\"contentUrl\":\"https:\/\/www.sonoraenequipo.com.mx\/storage\/2021\/02\/silvia-aganza.jpg\",\"width\":500,\"height\":300},{\"@type\":\"BreadcrumbList\",\"@id\":\"https:\/\/www.sonoraenequipo.com.mx\/invitan-a-jovenes-de-la-clase-2003-y-remisos-a-tramitar-su-pre-cartilla-militar\/#breadcrumb\",\"itemListElement\":[{\"@type\":\"ListItem\",\"position\":1,\"name\":\"Portada\",\"item\":\"https:\/\/www.sonoraenequipo.com.mx\/\"},{\"@type\":\"ListItem\",\"position\":2,\"name\":\"Invitan a j\u00f3venes de la clase 2003 y remisos a tramitar su pre cartilla militar\"}]},{\"@type\":\"WebSite\",\"@id\":\"https:\/\/www.sonoraenequipo.com.mx\/#website\",\"url\":\"https:\/\/www.sonoraenequipo.com.mx\/\",\"name\":\"Sonora en Equipo.\",\"description\":\"Diario en l\u00ednea con Noticias desde Hermosillo, Sonora\",\"publisher\":{\"@id\":\"https:\/\/www.sonoraenequipo.com.mx\/#organization\"},\"potentialAction\":[{\"@type\":\"SearchAction\",\"target\":{\"@type\":\"EntryPoint\",\"urlTemplate\":\"https:\/\/www.sonoraenequipo.com.mx\/?s={search_term_string}\"},\"query-input\":{\"@type\":\"PropertyValueSpecification\",\"valueRequired\":true,\"valueName\":\"search_term_string\"}}],\"inLanguage\":\"es\"},{\"@type\":\"Organization\",\"@id\":\"https:\/\/www.sonoraenequipo.com.mx\/#organization\",\"name\":\"Sonoraenequipo.com.mx\",\"url\":\"https:\/\/www.sonoraenequipo.com.mx\/\",\"logo\":{\"@type\":\"ImageObject\",\"inLanguage\":\"es\",\"@id\":\"https:\/\/www.sonoraenequipo.com.mx\/#\/schema\/logo\/image\/\",\"url\":\"https:\/\/www.sonoraenequipo.com.mx\/storage\/2019\/01\/sonoraenequipo_opt.png\",\"contentUrl\":\"https:\/\/www.sonoraenequipo.com.mx\/storage\/2019\/01\/sonoraenequipo_opt.png\",\"width\":375,\"height\":125,\"caption\":\"Sonoraenequipo.com.mx\"},\"image\":{\"@id\":\"https:\/\/www.sonoraenequipo.com.mx\/#\/schema\/logo\/image\/\"},\"sameAs\":[\"https:\/\/www.facebook.com\/SonoraEE\/\",\"https:\/\/x.com\/sonoraenequipo\",\"https:\/\/www.youtube.com\/channel\/UC338nW-lPEYmJQs4ZABQ1SQ\"]},{\"@type\":\"Person\",\"@id\":\"https:\/\/www.sonoraenequipo.com.mx\/#\/schema\/person\/50102df0fb23a8fa9e8effad8fa81386\",\"name\":\"enequipo\",\"image\":{\"@type\":\"ImageObject\",\"inLanguage\":\"es\",\"@id\":\"https:\/\/www.sonoraenequipo.com.mx\/#\/schema\/person\/image\/\",\"url\":\"https:\/\/secure.gravatar.com\/avatar\/049821681b589dabc0bc20695993ccebb09f5b5d4d790cd9251b97faac7c652b?s=96&d=blank&r=g\",\"contentUrl\":\"https:\/\/secure.gravatar.com\/avatar\/049821681b589dabc0bc20695993ccebb09f5b5d4d790cd9251b97faac7c652b?s=96&d=blank&r=g\",\"caption\":\"enequipo\"},\"sameAs\":[\"https:\/\/www.facebook.com\/SonoraEE\"]}]}<\/script>\n ","yoast_head_json":{"title":"Sonora en Equipo. Invitan a j\u00f3venes de la clase 2003 y remisos a tramitar su pre cartilla militar Municipios","description":"Invitan a j\u00f3venes de la clase 2003 y remisos a tramitar su pre cartilla militar &nbsp; \u25baDeber\u00e1 acudir s\u00f3lo el interesado y cumpliendo con todos los En Sonora en Equipo publicamos toda la informaci\u00f3n de Sonora, M\u00e9xico y el Mundo de manera oportuna y busca que la libertad de expresi\u00f3n sea real. Visita nuestro medio informativo publicado desde Hermosillo, Sonora. %","robots":{"index":"index","follow":"follow","max-snippet":"max-snippet:-1","max-image-preview":"max-image-preview:large","max-video-preview":"max-video-preview:-1"},"canonical":"https:\/\/www.sonoraenequipo.com.mx\/invitan-a-jovenes-de-la-clase-2003-y-remisos-a-tramitar-su-pre-cartilla-militar\/","og_locale":"es_ES","og_type":"article","og_title":"Sonora en Equipo. Invitan a j\u00f3venes de la clase 2003 y remisos a tramitar su pre cartilla militar Municipios","og_description":"Invitan a j\u00f3venes de la clase 2003 y remisos a tramitar su pre cartilla militar &nbsp; \u25baDeber\u00e1 acudir s\u00f3lo el interesado y cumpliendo con todos los En Sonora en Equipo publicamos toda la informaci\u00f3n de Sonora, M\u00e9xico y el Mundo de manera oportuna y busca que la libertad de expresi\u00f3n sea real. Visita nuestro medio informativo publicado desde Hermosillo, Sonora. %","og_url":"https:\/\/www.sonoraenequipo.com.mx\/invitan-a-jovenes-de-la-clase-2003-y-remisos-a-tramitar-su-pre-cartilla-militar\/","og_site_name":"Sonora en Equipo.","article_publisher":"https:\/\/www.facebook.com\/SonoraEE\/","article_author":"https:\/\/www.facebook.com\/SonoraEE","article_published_time":"2021-02-17T01:00:22+00:00","og_image":[{"width":500,"height":300,"url":"https:\/\/www.sonoraenequipo.com.mx\/storage\/2021\/02\/silvia-aganza.jpg","type":"image\/jpeg"}],"author":"enequipo","twitter_card":"summary_large_image","twitter_creator":"@sonoraenequipo","twitter_site":"@sonoraenequipo","twitter_misc":{"Escrito por":"enequipo","Tiempo de lectura":"2 minutos"},"schema":{"@context":"https:\/\/schema.org","@graph":[{"@type":"Article","@id":"https:\/\/www.sonoraenequipo.com.mx\/invitan-a-jovenes-de-la-clase-2003-y-remisos-a-tramitar-su-pre-cartilla-militar\/#article","isPartOf":{"@id":"https:\/\/www.sonoraenequipo.com.mx\/invitan-a-jovenes-de-la-clase-2003-y-remisos-a-tramitar-su-pre-cartilla-militar\/"},"author":{"name":"enequipo","@id":"https:\/\/www.sonoraenequipo.com.mx\/#\/schema\/person\/50102df0fb23a8fa9e8effad8fa81386"},"headline":"Invitan a j\u00f3venes de la clase 2003 y remisos a tramitar su pre cartilla militar","datePublished":"2021-02-17T01:00:22+00:00","mainEntityOfPage":{"@id":"https:\/\/www.sonoraenequipo.com.mx\/invitan-a-jovenes-de-la-clase-2003-y-remisos-a-tramitar-su-pre-cartilla-militar\/"},"wordCount":311,"commentCount":0,"publisher":{"@id":"https:\/\/www.sonoraenequipo.com.mx\/#organization"},"image":{"@id":"https:\/\/www.sonoraenequipo.com.mx\/invitan-a-jovenes-de-la-clase-2003-y-remisos-a-tramitar-su-pre-cartilla-militar\/#primaryimage"},"thumbnailUrl":"https:\/\/www.sonoraenequipo.com.mx\/storage\/2021\/02\/silvia-aganza.jpg","keywords":["Cartilla militar"],"articleSection":["Municipios"],"inLanguage":"es","potentialAction":[{"@type":"CommentAction","name":"Comment","target":["https:\/\/www.sonoraenequipo.com.mx\/invitan-a-jovenes-de-la-clase-2003-y-remisos-a-tramitar-su-pre-cartilla-militar\/#respond"]}]},{"@type":"WebPage","@id":"https:\/\/www.sonoraenequipo.com.mx\/invitan-a-jovenes-de-la-clase-2003-y-remisos-a-tramitar-su-pre-cartilla-militar\/","url":"https:\/\/www.sonoraenequipo.com.mx\/invitan-a-jovenes-de-la-clase-2003-y-remisos-a-tramitar-su-pre-cartilla-militar\/","name":"Sonora en Equipo. Invitan a j\u00f3venes de la clase 2003 y remisos a tramitar su pre cartilla militar Municipios","isPartOf":{"@id":"https:\/\/www.sonoraenequipo.com.mx\/#website"},"primaryImageOfPage":{"@id":"https:\/\/www.sonoraenequipo.com.mx\/invitan-a-jovenes-de-la-clase-2003-y-remisos-a-tramitar-su-pre-cartilla-militar\/#primaryimage"},"image":{"@id":"https:\/\/www.sonoraenequipo.com.mx\/invitan-a-jovenes-de-la-clase-2003-y-remisos-a-tramitar-su-pre-cartilla-militar\/#primaryimage"},"thumbnailUrl":"https:\/\/www.sonoraenequipo.com.mx\/storage\/2021\/02\/silvia-aganza.jpg","datePublished":"2021-02-17T01:00:22+00:00","description":"Invitan a j\u00f3venes de la clase 2003 y remisos a tramitar su pre cartilla militar &nbsp; \u25baDeber\u00e1 acudir s\u00f3lo el interesado y cumpliendo con todos los En Sonora en Equipo publicamos toda la informaci\u00f3n de Sonora, M\u00e9xico y el Mundo de manera oportuna y busca que la libertad de expresi\u00f3n sea real. Visita nuestro medio informativo publicado desde Hermosillo, Sonora. %","breadcrumb":{"@id":"https:\/\/www.sonoraenequipo.com.mx\/invitan-a-jovenes-de-la-clase-2003-y-remisos-a-tramitar-su-pre-cartilla-militar\/#breadcrumb"},"inLanguage":"es","potentialAction":[{"@type":"ReadAction","target":["https:\/\/www.sonoraenequipo.com.mx\/invitan-a-jovenes-de-la-clase-2003-y-remisos-a-tramitar-su-pre-cartilla-militar\/"]}]},{"@type":"ImageObject","inLanguage":"es","@id":"https:\/\/www.sonoraenequipo.com.mx\/invitan-a-jovenes-de-la-clase-2003-y-remisos-a-tramitar-su-pre-cartilla-militar\/#primaryimage","url":"https:\/\/www.sonoraenequipo.com.mx\/storage\/2021\/02\/silvia-aganza.jpg","contentUrl":"https:\/\/www.sonoraenequipo.com.mx\/storage\/2021\/02\/silvia-aganza.jpg","width":500,"height":300},{"@type":"BreadcrumbList","@id":"https:\/\/www.sonoraenequipo.com.mx\/invitan-a-jovenes-de-la-clase-2003-y-remisos-a-tramitar-su-pre-cartilla-militar\/#breadcrumb","itemListElement":[{"@type":"ListItem","position":1,"name":"Portada","item":"https:\/\/www.sonoraenequipo.com.mx\/"},{"@type":"ListItem","position":2,"name":"Invitan a j\u00f3venes de la clase 2003 y remisos a tramitar su pre cartilla militar"}]},{"@type":"WebSite","@id":"https:\/\/www.sonoraenequipo.com.mx\/#website","url":"https:\/\/www.sonoraenequipo.com.mx\/","name":"Sonora en Equipo.","description":"Diario en l\u00ednea con Noticias desde Hermosillo, Sonora","publisher":{"@id":"https:\/\/www.sonoraenequipo.com.mx\/#organization"},"potentialAction":[{"@type":"SearchAction","target":{"@type":"EntryPoint","urlTemplate":"https:\/\/www.sonoraenequipo.com.mx\/?s={search_term_string}"},"query-input":{"@type":"PropertyValueSpecification","valueRequired":true,"valueName":"search_term_string"}}],"inLanguage":"es"},{"@type":"Organization","@id":"https:\/\/www.sonoraenequipo.com.mx\/#organization","name":"Sonoraenequipo.com.mx","url":"https:\/\/www.sonoraenequipo.com.mx\/","logo":{"@type":"ImageObject","inLanguage":"es","@id":"https:\/\/www.sonoraenequipo.com.mx\/#\/schema\/logo\/image\/","url":"https:\/\/www.sonoraenequipo.com.mx\/storage\/2019\/01\/sonoraenequipo_opt.png","contentUrl":"https:\/\/www.sonoraenequipo.com.mx\/storage\/2019\/01\/sonoraenequipo_opt.png","width":375,"height":125,"caption":"Sonoraenequipo.com.mx"},"image":{"@id":"https:\/\/www.sonoraenequipo.com.mx\/#\/schema\/logo\/image\/"},"sameAs":["https:\/\/www.facebook.com\/SonoraEE\/","https:\/\/x.com\/sonoraenequipo","https:\/\/www.youtube.com\/channel\/UC338nW-lPEYmJQs4ZABQ1SQ"]},{"@type":"Person","@id":"https:\/\/www.sonoraenequipo.com.mx\/#\/schema\/person\/50102df0fb23a8fa9e8effad8fa81386","name":"enequipo","image":{"@type":"ImageObject","inLanguage":"es","@id":"https:\/\/www.sonoraenequipo.com.mx\/#\/schema\/person\/image\/","url":"https:\/\/secure.gravatar.com\/avatar\/049821681b589dabc0bc20695993ccebb09f5b5d4d790cd9251b97faac7c652b?s=96&d=blank&r=g","contentUrl":"https:\/\/secure.gravatar.com\/avatar\/049821681b589dabc0bc20695993ccebb09f5b5d4d790cd9251b97faac7c652b?s=96&d=blank&r=g","caption":"enequipo"},"sameAs":["https:\/\/www.facebook.com\/SonoraEE"]}]}},"jetpack_featured_media_url":"https:\/\/www.sonoraenequipo.com.mx\/storage\/2021\/02\/silvia-aganza.jpg","_links":{"self":[{"href":"https:\/\/www.sonoraenequipo.com.mx\/api\/wp\/v2\/posts\/107178","targetHints":{"allow":["GET"]}}],"collection":[{"href":"https:\/\/www.sonoraenequipo.com.mx\/api\/wp\/v2\/posts"}],"about":[{"href":"https:\/\/www.sonoraenequipo.com.mx\/api\/wp\/v2\/types\/post"}],"author":[{"embeddable":true,"href":"https:\/\/www.sonoraenequipo.com.mx\/api\/wp\/v2\/users\/1"}],"replies":[{"embeddable":true,"href":"https:\/\/www.sonoraenequipo.com.mx\/api\/wp\/v2\/comments?post=107178"}],"version-history":[{"count":1,"href":"https:\/\/www.sonoraenequipo.com.mx\/api\/wp\/v2\/posts\/107178\/revisions"}],"predecessor-version":[{"id":107180,"href":"https:\/\/www.sonoraenequipo.com.mx\/api\/wp\/v2\/posts\/107178\/revisions\/107180"}],"wp:featuredmedia":[{"embeddable":true,"href":"https:\/\/www.sonoraenequipo.com.mx\/api\/wp\/v2\/media\/107179"}],"wp:attachment":[{"href":"https:\/\/www.sonoraenequipo.com.mx\/api\/wp\/v2\/media?parent=107178"}],"wp:term":[{"taxonomy":"category","embeddable":true,"href":"https:\/\/www.sonoraenequipo.com.mx\/api\/wp\/v2\/categories?post=107178"},{"taxonomy":"post_tag","embeddable":true,"href":"https:\/\/www.sonoraenequipo.com.mx\/api\/wp\/v2\/tags?post=107178"}],"curies":[{"name":"wp","href":"https:\/\/api.w.org\/{rel}","templated":true}]}}