{"id":107181,"date":"2021-02-16T19:15:19","date_gmt":"2021-02-17T02:15:19","guid":{"rendered":"https:\/\/www.sonoraenequipo.com.mx\/?p=107181"},"modified":"2021-02-16T19:07:40","modified_gmt":"2021-02-17T02:07:40","slug":"atropellan-a-yaqui-en-vicam-autoridades-de-vicam-se-pronuncian","status":"publish","type":"post","link":"https:\/\/www.sonoraenequipo.com.mx\/atropellan-a-yaqui-en-vicam-autoridades-de-vicam-se-pronuncian\/","title":{"rendered":"Atropellan a Yaqui en V\u00edcam. Autoridades de V\u00edcam se pronuncian."},"content":{"rendered":"<p>CIUDAD OBREG\u00d3N, SONORA. MX. \u2014 Luego del incidente ocurrido la ma\u00f1ana de este martes (16.02.2021) donde un integrante de la etnia Yaqui falleciera luego de ser arollado por un tr\u00e1iler en el bloqueo a la altura de V\u00edcam, las autoridades tradicionales de ese poblado hablaron al respecto.<\/p>\n<p>&nbsp;<\/p>\n<p>&nbsp;<\/p>\n<p> <\/p>\n<p>&nbsp;<\/p>\n<p>Mediante un comunicado de prensa, compartieron que el bloqueo es una lucha por mejorar sus condiciones de vida, las cuales la mayor\u00eda de las personas externas desconocen.<\/p>\n<p>&nbsp;<\/p>\n<p>Comentaron que es una manifestaci\u00f3n por su agua, ya que mientras sus recursos naturales son explotados por terceros, ellos mueren de sed.<\/p>\n<p>&nbsp;<\/p>\n<p>Adem\u00e1s de que aseguraron que el recurso que recaudan es para la atenci\u00f3n de sus enfermos, los cuales no cuentan con una solvencia econ\u00f3mica, ni seguridad social.<\/p>\n<p>&nbsp;<\/p>\n<p><em>\u201cCabe mencionar que Jes\u00fas Valenzuela nuestro compa\u00f1ero fallecido e integrante de la tropa se encontraba a un costado de la carretera, no en el bloqueo, ni obstruyendo el paso de los autom\u00f3viles, el cami\u00f3n fue dirigido hacia su persona, mismo que fue dejado sin vida en el lugar, el era padre de familia de dos hijos y uno en camino\u201d<\/em>, detallaron.<\/p>\n<p>&nbsp;<\/p>\n<p>Como comunidad se encuentran muy indignados, dijeron, porque han sido juzgados y tachados de muchas cosas sin conocer su situaci\u00f3n.<\/p>\n<p>&nbsp;<\/p>\n<p><em>\u201cLos invitamos a que vengan a ver las circunstancias en las que vivimos, las condiciones que nos han dado mientras cada uno de nuestros recursos, tierra, agua y recursos naturales son explotados\u201d<\/em>, resaltaron.<\/p>\n<p>&nbsp;<\/p>\n<p>&nbsp;<\/p>\n<p>A las 09:17 horas, de este martes 16 de febrero, se tuvo conocimiento de un hecho de tr\u00e1nsito suscitado en el kil\u00f3metro 45 de la Carretera Internacional M\u00e9xico-Nogales.<\/p>\n<p>&nbsp;<\/p>\n<p>Conf\u00edan en la buena fe de cada habitante Sonorense para conocerlos y no juzgarlos.<\/p>\n<p>&nbsp;<\/p>\n<p>En el bloqueo tratan de portarse amables y demostrarles que las autoridades tradicionales Yaquis del pueblo Vicam Estaci\u00f3n, solo buscan sobrevivir, concluyeron.<\/p>\n<p>&nbsp;<\/p>\n<p>(Publicada el 16\/02\/2021 \/)<\/p>\n","protected":false},"excerpt":{"rendered":"<p>CIUDAD OBREG\u00d3N, SONORA. MX. \u2014 Luego del incidente ocurrido la ma\u00f1ana de este martes (16.02.2021)&#8230;<\/p>\n","protected":false},"author":1,"featured_media":107186,"comment_status":"open","ping_status":"open","sticky":false,"template":"","format":"standard","meta":{"_monsterinsights_skip_tracking":false,"_monsterinsights_sitenote_active":false,"_monsterinsights_sitenote_note":"","_monsterinsights_sitenote_category":0,"footnotes":""},"categories":[5],"tags":[],"class_list":["post"],"yoast_head":" \n<title>Sonora en Equipo. Atropellan a Yaqui en V\u00edcam. Autoridades de V\u00edcam se pronuncian. Rep\u00fablica<\/title>\n<meta name=\"description\" content=\"CIUDAD OBREG\u00d3N, SONORA. MX. \u2014 Luego del incidente ocurrido la ma\u00f1ana de este martes (16.02.2021) donde un integrante de la etnia Yaqui falleciera luego de En Sonora en Equipo publicamos toda la informaci\u00f3n de Sonora, M\u00e9xico y el Mundo de manera oportuna y busca que la libertad de expresi\u00f3n sea real. Visita nuestro medio informativo publicado desde Hermosillo, Sonora. %\" \/>\n<meta name=\"robots\" content=\"index, follow, max-snippet:-1, max-image-preview:large, max-video-preview:-1\" \/>\n<link rel=\"canonical\" href=\"https:\/\/www.sonoraenequipo.com.mx\/atropellan-a-yaqui-en-vicam-autoridades-de-vicam-se-pronuncian\/\" \/>\n<meta property=\"og:locale\" content=\"es_ES\" \/>\n<meta property=\"og:type\" content=\"article\" \/>\n<meta property=\"og:title\" content=\"Sonora en Equipo. Atropellan a Yaqui en V\u00edcam. Autoridades de V\u00edcam se pronuncian. Rep\u00fablica\" \/>\n<meta property=\"og:description\" content=\"CIUDAD OBREG\u00d3N, SONORA. MX. \u2014 Luego del incidente ocurrido la ma\u00f1ana de este martes (16.02.2021) donde un integrante de la etnia Yaqui falleciera luego de En Sonora en Equipo publicamos toda la informaci\u00f3n de Sonora, M\u00e9xico y el Mundo de manera oportuna y busca que la libertad de expresi\u00f3n sea real. Visita nuestro medio informativo publicado desde Hermosillo, Sonora. %\" \/>\n<meta property=\"og:url\" content=\"https:\/\/www.sonoraenequipo.com.mx\/atropellan-a-yaqui-en-vicam-autoridades-de-vicam-se-pronuncian\/\" \/>\n<meta property=\"og:site_name\" content=\"Sonora en Equipo.\" \/>\n<meta property=\"article:publisher\" content=\"https:\/\/www.facebook.com\/SonoraEE\/\" \/>\n<meta property=\"article:author\" content=\"https:\/\/www.facebook.com\/SonoraEE\" \/>\n<meta property=\"article:published_time\" content=\"2021-02-17T02:15:19+00:00\" \/>\n<meta property=\"og:image\" content=\"https:\/\/www.sonoraenequipo.com.mx\/storage\/2021\/02\/bloqueo-yaqui_opt.jpg\" \/>\n\t<meta property=\"og:image:width\" content=\"713\" \/>\n\t<meta property=\"og:image:height\" content=\"400\" \/>\n\t<meta property=\"og:image:type\" content=\"image\/jpeg\" \/>\n<meta name=\"author\" content=\"enequipo\" \/>\n<meta name=\"twitter:card\" content=\"summary_large_image\" \/>\n<meta name=\"twitter:creator\" content=\"@sonoraenequipo\" \/>\n<meta name=\"twitter:site\" content=\"@sonoraenequipo\" \/>\n<meta name=\"twitter:label1\" content=\"Escrito por\" \/>\n\t<meta name=\"twitter:data1\" content=\"enequipo\" \/>\n\t<meta name=\"twitter:label2\" content=\"Tiempo de lectura\" \/>\n\t<meta name=\"twitter:data2\" content=\"2 minutos\" \/>\n<script type=\"application\/ld+json\" class=\"yoast-schema-graph\">{\"@context\":\"https:\/\/schema.org\",\"@graph\":[{\"@type\":\"Article\",\"@id\":\"https:\/\/www.sonoraenequipo.com.mx\/atropellan-a-yaqui-en-vicam-autoridades-de-vicam-se-pronuncian\/#article\",\"isPartOf\":{\"@id\":\"https:\/\/www.sonoraenequipo.com.mx\/atropellan-a-yaqui-en-vicam-autoridades-de-vicam-se-pronuncian\/\"},\"author\":{\"name\":\"enequipo\",\"@id\":\"https:\/\/www.sonoraenequipo.com.mx\/#\/schema\/person\/50102df0fb23a8fa9e8effad8fa81386\"},\"headline\":\"Atropellan a Yaqui en V\u00edcam. Autoridades de V\u00edcam se pronuncian.\",\"datePublished\":\"2021-02-17T02:15:19+00:00\",\"mainEntityOfPage\":{\"@id\":\"https:\/\/www.sonoraenequipo.com.mx\/atropellan-a-yaqui-en-vicam-autoridades-de-vicam-se-pronuncian\/\"},\"wordCount\":342,\"commentCount\":0,\"publisher\":{\"@id\":\"https:\/\/www.sonoraenequipo.com.mx\/#organization\"},\"image\":{\"@id\":\"https:\/\/www.sonoraenequipo.com.mx\/atropellan-a-yaqui-en-vicam-autoridades-de-vicam-se-pronuncian\/#primaryimage\"},\"thumbnailUrl\":\"https:\/\/www.sonoraenequipo.com.mx\/storage\/2021\/02\/bloqueo-yaqui_opt.jpg\",\"articleSection\":[\"Rep\u00fablica\"],\"inLanguage\":\"es\",\"potentialAction\":[{\"@type\":\"CommentAction\",\"name\":\"Comment\",\"target\":[\"https:\/\/www.sonoraenequipo.com.mx\/atropellan-a-yaqui-en-vicam-autoridades-de-vicam-se-pronuncian\/#respond\"]}]},{\"@type\":\"WebPage\",\"@id\":\"https:\/\/www.sonoraenequipo.com.mx\/atropellan-a-yaqui-en-vicam-autoridades-de-vicam-se-pronuncian\/\",\"url\":\"https:\/\/www.sonoraenequipo.com.mx\/atropellan-a-yaqui-en-vicam-autoridades-de-vicam-se-pronuncian\/\",\"name\":\"Sonora en Equipo. Atropellan a Yaqui en V\u00edcam. Autoridades de V\u00edcam se pronuncian. Rep\u00fablica\",\"isPartOf\":{\"@id\":\"https:\/\/www.sonoraenequipo.com.mx\/#website\"},\"primaryImageOfPage\":{\"@id\":\"https:\/\/www.sonoraenequipo.com.mx\/atropellan-a-yaqui-en-vicam-autoridades-de-vicam-se-pronuncian\/#primaryimage\"},\"image\":{\"@id\":\"https:\/\/www.sonoraenequipo.com.mx\/atropellan-a-yaqui-en-vicam-autoridades-de-vicam-se-pronuncian\/#primaryimage\"},\"thumbnailUrl\":\"https:\/\/www.sonoraenequipo.com.mx\/storage\/2021\/02\/bloqueo-yaqui_opt.jpg\",\"datePublished\":\"2021-02-17T02:15:19+00:00\",\"description\":\"CIUDAD OBREG\u00d3N, SONORA. MX. \u2014 Luego del incidente ocurrido la ma\u00f1ana de este martes (16.02.2021) donde un integrante de la etnia Yaqui falleciera luego de En Sonora en Equipo publicamos toda la informaci\u00f3n de Sonora, M\u00e9xico y el Mundo de manera oportuna y busca que la libertad de expresi\u00f3n sea real. Visita nuestro medio informativo publicado desde Hermosillo, Sonora. %\",\"breadcrumb\":{\"@id\":\"https:\/\/www.sonoraenequipo.com.mx\/atropellan-a-yaqui-en-vicam-autoridades-de-vicam-se-pronuncian\/#breadcrumb\"},\"inLanguage\":\"es\",\"potentialAction\":[{\"@type\":\"ReadAction\",\"target\":[\"https:\/\/www.sonoraenequipo.com.mx\/atropellan-a-yaqui-en-vicam-autoridades-de-vicam-se-pronuncian\/\"]}]},{\"@type\":\"ImageObject\",\"inLanguage\":\"es\",\"@id\":\"https:\/\/www.sonoraenequipo.com.mx\/atropellan-a-yaqui-en-vicam-autoridades-de-vicam-se-pronuncian\/#primaryimage\",\"url\":\"https:\/\/www.sonoraenequipo.com.mx\/storage\/2021\/02\/bloqueo-yaqui_opt.jpg\",\"contentUrl\":\"https:\/\/www.sonoraenequipo.com.mx\/storage\/2021\/02\/bloqueo-yaqui_opt.jpg\",\"width\":713,\"height\":400},{\"@type\":\"BreadcrumbList\",\"@id\":\"https:\/\/www.sonoraenequipo.com.mx\/atropellan-a-yaqui-en-vicam-autoridades-de-vicam-se-pronuncian\/#breadcrumb\",\"itemListElement\":[{\"@type\":\"ListItem\",\"position\":1,\"name\":\"Portada\",\"item\":\"https:\/\/www.sonoraenequipo.com.mx\/\"},{\"@type\":\"ListItem\",\"position\":2,\"name\":\"Atropellan a Yaqui en V\u00edcam. Autoridades de V\u00edcam se pronuncian.\"}]},{\"@type\":\"WebSite\",\"@id\":\"https:\/\/www.sonoraenequipo.com.mx\/#website\",\"url\":\"https:\/\/www.sonoraenequipo.com.mx\/\",\"name\":\"Sonora en Equipo.\",\"description\":\"Diario en l\u00ednea con Noticias desde Hermosillo, Sonora\",\"publisher\":{\"@id\":\"https:\/\/www.sonoraenequipo.com.mx\/#organization\"},\"potentialAction\":[{\"@type\":\"SearchAction\",\"target\":{\"@type\":\"EntryPoint\",\"urlTemplate\":\"https:\/\/www.sonoraenequipo.com.mx\/?s={search_term_string}\"},\"query-input\":{\"@type\":\"PropertyValueSpecification\",\"valueRequired\":true,\"valueName\":\"search_term_string\"}}],\"inLanguage\":\"es\"},{\"@type\":\"Organization\",\"@id\":\"https:\/\/www.sonoraenequipo.com.mx\/#organization\",\"name\":\"Sonoraenequipo.com.mx\",\"url\":\"https:\/\/www.sonoraenequipo.com.mx\/\",\"logo\":{\"@type\":\"ImageObject\",\"inLanguage\":\"es\",\"@id\":\"https:\/\/www.sonoraenequipo.com.mx\/#\/schema\/logo\/image\/\",\"url\":\"https:\/\/www.sonoraenequipo.com.mx\/storage\/2019\/01\/sonoraenequipo_opt.png\",\"contentUrl\":\"https:\/\/www.sonoraenequipo.com.mx\/storage\/2019\/01\/sonoraenequipo_opt.png\",\"width\":375,\"height\":125,\"caption\":\"Sonoraenequipo.com.mx\"},\"image\":{\"@id\":\"https:\/\/www.sonoraenequipo.com.mx\/#\/schema\/logo\/image\/\"},\"sameAs\":[\"https:\/\/www.facebook.com\/SonoraEE\/\",\"https:\/\/x.com\/sonoraenequipo\",\"https:\/\/www.youtube.com\/channel\/UC338nW-lPEYmJQs4ZABQ1SQ\"]},{\"@type\":\"Person\",\"@id\":\"https:\/\/www.sonoraenequipo.com.mx\/#\/schema\/person\/50102df0fb23a8fa9e8effad8fa81386\",\"name\":\"enequipo\",\"image\":{\"@type\":\"ImageObject\",\"inLanguage\":\"es\",\"@id\":\"https:\/\/www.sonoraenequipo.com.mx\/#\/schema\/person\/image\/\",\"url\":\"https:\/\/secure.gravatar.com\/avatar\/049821681b589dabc0bc20695993ccebb09f5b5d4d790cd9251b97faac7c652b?s=96&d=blank&r=g\",\"contentUrl\":\"https:\/\/secure.gravatar.com\/avatar\/049821681b589dabc0bc20695993ccebb09f5b5d4d790cd9251b97faac7c652b?s=96&d=blank&r=g\",\"caption\":\"enequipo\"},\"sameAs\":[\"https:\/\/www.facebook.com\/SonoraEE\"]}]}<\/script>\n ","yoast_head_json":{"title":"Sonora en Equipo. Atropellan a Yaqui en V\u00edcam. Autoridades de V\u00edcam se pronuncian. Rep\u00fablica","description":"CIUDAD OBREG\u00d3N, SONORA. MX. \u2014 Luego del incidente ocurrido la ma\u00f1ana de este martes (16.02.2021) donde un integrante de la etnia Yaqui falleciera luego de En Sonora en Equipo publicamos toda la informaci\u00f3n de Sonora, M\u00e9xico y el Mundo de manera oportuna y busca que la libertad de expresi\u00f3n sea real. Visita nuestro medio informativo publicado desde Hermosillo, Sonora. %","robots":{"index":"index","follow":"follow","max-snippet":"max-snippet:-1","max-image-preview":"max-image-preview:large","max-video-preview":"max-video-preview:-1"},"canonical":"https:\/\/www.sonoraenequipo.com.mx\/atropellan-a-yaqui-en-vicam-autoridades-de-vicam-se-pronuncian\/","og_locale":"es_ES","og_type":"article","og_title":"Sonora en Equipo. Atropellan a Yaqui en V\u00edcam. Autoridades de V\u00edcam se pronuncian. Rep\u00fablica","og_description":"CIUDAD OBREG\u00d3N, SONORA. MX. \u2014 Luego del incidente ocurrido la ma\u00f1ana de este martes (16.02.2021) donde un integrante de la etnia Yaqui falleciera luego de En Sonora en Equipo publicamos toda la informaci\u00f3n de Sonora, M\u00e9xico y el Mundo de manera oportuna y busca que la libertad de expresi\u00f3n sea real. Visita nuestro medio informativo publicado desde Hermosillo, Sonora. %","og_url":"https:\/\/www.sonoraenequipo.com.mx\/atropellan-a-yaqui-en-vicam-autoridades-de-vicam-se-pronuncian\/","og_site_name":"Sonora en Equipo.","article_publisher":"https:\/\/www.facebook.com\/SonoraEE\/","article_author":"https:\/\/www.facebook.com\/SonoraEE","article_published_time":"2021-02-17T02:15:19+00:00","og_image":[{"width":713,"height":400,"url":"https:\/\/www.sonoraenequipo.com.mx\/storage\/2021\/02\/bloqueo-yaqui_opt.jpg","type":"image\/jpeg"}],"author":"enequipo","twitter_card":"summary_large_image","twitter_creator":"@sonoraenequipo","twitter_site":"@sonoraenequipo","twitter_misc":{"Escrito por":"enequipo","Tiempo de lectura":"2 minutos"},"schema":{"@context":"https:\/\/schema.org","@graph":[{"@type":"Article","@id":"https:\/\/www.sonoraenequipo.com.mx\/atropellan-a-yaqui-en-vicam-autoridades-de-vicam-se-pronuncian\/#article","isPartOf":{"@id":"https:\/\/www.sonoraenequipo.com.mx\/atropellan-a-yaqui-en-vicam-autoridades-de-vicam-se-pronuncian\/"},"author":{"name":"enequipo","@id":"https:\/\/www.sonoraenequipo.com.mx\/#\/schema\/person\/50102df0fb23a8fa9e8effad8fa81386"},"headline":"Atropellan a Yaqui en V\u00edcam. Autoridades de V\u00edcam se pronuncian.","datePublished":"2021-02-17T02:15:19+00:00","mainEntityOfPage":{"@id":"https:\/\/www.sonoraenequipo.com.mx\/atropellan-a-yaqui-en-vicam-autoridades-de-vicam-se-pronuncian\/"},"wordCount":342,"commentCount":0,"publisher":{"@id":"https:\/\/www.sonoraenequipo.com.mx\/#organization"},"image":{"@id":"https:\/\/www.sonoraenequipo.com.mx\/atropellan-a-yaqui-en-vicam-autoridades-de-vicam-se-pronuncian\/#primaryimage"},"thumbnailUrl":"https:\/\/www.sonoraenequipo.com.mx\/storage\/2021\/02\/bloqueo-yaqui_opt.jpg","articleSection":["Rep\u00fablica"],"inLanguage":"es","potentialAction":[{"@type":"CommentAction","name":"Comment","target":["https:\/\/www.sonoraenequipo.com.mx\/atropellan-a-yaqui-en-vicam-autoridades-de-vicam-se-pronuncian\/#respond"]}]},{"@type":"WebPage","@id":"https:\/\/www.sonoraenequipo.com.mx\/atropellan-a-yaqui-en-vicam-autoridades-de-vicam-se-pronuncian\/","url":"https:\/\/www.sonoraenequipo.com.mx\/atropellan-a-yaqui-en-vicam-autoridades-de-vicam-se-pronuncian\/","name":"Sonora en Equipo. Atropellan a Yaqui en V\u00edcam. Autoridades de V\u00edcam se pronuncian. Rep\u00fablica","isPartOf":{"@id":"https:\/\/www.sonoraenequipo.com.mx\/#website"},"primaryImageOfPage":{"@id":"https:\/\/www.sonoraenequipo.com.mx\/atropellan-a-yaqui-en-vicam-autoridades-de-vicam-se-pronuncian\/#primaryimage"},"image":{"@id":"https:\/\/www.sonoraenequipo.com.mx\/atropellan-a-yaqui-en-vicam-autoridades-de-vicam-se-pronuncian\/#primaryimage"},"thumbnailUrl":"https:\/\/www.sonoraenequipo.com.mx\/storage\/2021\/02\/bloqueo-yaqui_opt.jpg","datePublished":"2021-02-17T02:15:19+00:00","description":"CIUDAD OBREG\u00d3N, SONORA. MX. \u2014 Luego del incidente ocurrido la ma\u00f1ana de este martes (16.02.2021) donde un integrante de la etnia Yaqui falleciera luego de En Sonora en Equipo publicamos toda la informaci\u00f3n de Sonora, M\u00e9xico y el Mundo de manera oportuna y busca que la libertad de expresi\u00f3n sea real. Visita nuestro medio informativo publicado desde Hermosillo, Sonora. %","breadcrumb":{"@id":"https:\/\/www.sonoraenequipo.com.mx\/atropellan-a-yaqui-en-vicam-autoridades-de-vicam-se-pronuncian\/#breadcrumb"},"inLanguage":"es","potentialAction":[{"@type":"ReadAction","target":["https:\/\/www.sonoraenequipo.com.mx\/atropellan-a-yaqui-en-vicam-autoridades-de-vicam-se-pronuncian\/"]}]},{"@type":"ImageObject","inLanguage":"es","@id":"https:\/\/www.sonoraenequipo.com.mx\/atropellan-a-yaqui-en-vicam-autoridades-de-vicam-se-pronuncian\/#primaryimage","url":"https:\/\/www.sonoraenequipo.com.mx\/storage\/2021\/02\/bloqueo-yaqui_opt.jpg","contentUrl":"https:\/\/www.sonoraenequipo.com.mx\/storage\/2021\/02\/bloqueo-yaqui_opt.jpg","width":713,"height":400},{"@type":"BreadcrumbList","@id":"https:\/\/www.sonoraenequipo.com.mx\/atropellan-a-yaqui-en-vicam-autoridades-de-vicam-se-pronuncian\/#breadcrumb","itemListElement":[{"@type":"ListItem","position":1,"name":"Portada","item":"https:\/\/www.sonoraenequipo.com.mx\/"},{"@type":"ListItem","position":2,"name":"Atropellan a Yaqui en V\u00edcam. Autoridades de V\u00edcam se pronuncian."}]},{"@type":"WebSite","@id":"https:\/\/www.sonoraenequipo.com.mx\/#website","url":"https:\/\/www.sonoraenequipo.com.mx\/","name":"Sonora en Equipo.","description":"Diario en l\u00ednea con Noticias desde Hermosillo, Sonora","publisher":{"@id":"https:\/\/www.sonoraenequipo.com.mx\/#organization"},"potentialAction":[{"@type":"SearchAction","target":{"@type":"EntryPoint","urlTemplate":"https:\/\/www.sonoraenequipo.com.mx\/?s={search_term_string}"},"query-input":{"@type":"PropertyValueSpecification","valueRequired":true,"valueName":"search_term_string"}}],"inLanguage":"es"},{"@type":"Organization","@id":"https:\/\/www.sonoraenequipo.com.mx\/#organization","name":"Sonoraenequipo.com.mx","url":"https:\/\/www.sonoraenequipo.com.mx\/","logo":{"@type":"ImageObject","inLanguage":"es","@id":"https:\/\/www.sonoraenequipo.com.mx\/#\/schema\/logo\/image\/","url":"https:\/\/www.sonoraenequipo.com.mx\/storage\/2019\/01\/sonoraenequipo_opt.png","contentUrl":"https:\/\/www.sonoraenequipo.com.mx\/storage\/2019\/01\/sonoraenequipo_opt.png","width":375,"height":125,"caption":"Sonoraenequipo.com.mx"},"image":{"@id":"https:\/\/www.sonoraenequipo.com.mx\/#\/schema\/logo\/image\/"},"sameAs":["https:\/\/www.facebook.com\/SonoraEE\/","https:\/\/x.com\/sonoraenequipo","https:\/\/www.youtube.com\/channel\/UC338nW-lPEYmJQs4ZABQ1SQ"]},{"@type":"Person","@id":"https:\/\/www.sonoraenequipo.com.mx\/#\/schema\/person\/50102df0fb23a8fa9e8effad8fa81386","name":"enequipo","image":{"@type":"ImageObject","inLanguage":"es","@id":"https:\/\/www.sonoraenequipo.com.mx\/#\/schema\/person\/image\/","url":"https:\/\/secure.gravatar.com\/avatar\/049821681b589dabc0bc20695993ccebb09f5b5d4d790cd9251b97faac7c652b?s=96&d=blank&r=g","contentUrl":"https:\/\/secure.gravatar.com\/avatar\/049821681b589dabc0bc20695993ccebb09f5b5d4d790cd9251b97faac7c652b?s=96&d=blank&r=g","caption":"enequipo"},"sameAs":["https:\/\/www.facebook.com\/SonoraEE"]}]}},"jetpack_featured_media_url":"https:\/\/www.sonoraenequipo.com.mx\/storage\/2021\/02\/bloqueo-yaqui_opt.jpg","_links":{"self":[{"href":"https:\/\/www.sonoraenequipo.com.mx\/api\/wp\/v2\/posts\/107181","targetHints":{"allow":["GET"]}}],"collection":[{"href":"https:\/\/www.sonoraenequipo.com.mx\/api\/wp\/v2\/posts"}],"about":[{"href":"https:\/\/www.sonoraenequipo.com.mx\/api\/wp\/v2\/types\/post"}],"author":[{"embeddable":true,"href":"https:\/\/www.sonoraenequipo.com.mx\/api\/wp\/v2\/users\/1"}],"replies":[{"embeddable":true,"href":"https:\/\/www.sonoraenequipo.com.mx\/api\/wp\/v2\/comments?post=107181"}],"version-history":[{"count":1,"href":"https:\/\/www.sonoraenequipo.com.mx\/api\/wp\/v2\/posts\/107181\/revisions"}],"predecessor-version":[{"id":107187,"href":"https:\/\/www.sonoraenequipo.com.mx\/api\/wp\/v2\/posts\/107181\/revisions\/107187"}],"wp:featuredmedia":[{"embeddable":true,"href":"https:\/\/www.sonoraenequipo.com.mx\/api\/wp\/v2\/media\/107186"}],"wp:attachment":[{"href":"https:\/\/www.sonoraenequipo.com.mx\/api\/wp\/v2\/media?parent=107181"}],"wp:term":[{"taxonomy":"category","embeddable":true,"href":"https:\/\/www.sonoraenequipo.com.mx\/api\/wp\/v2\/categories?post=107181"},{"taxonomy":"post_tag","embeddable":true,"href":"https:\/\/www.sonoraenequipo.com.mx\/api\/wp\/v2\/tags?post=107181"}],"curies":[{"name":"wp","href":"https:\/\/api.w.org\/{rel}","templated":true}]}}