{"id":107199,"date":"2021-02-16T22:14:17","date_gmt":"2021-02-17T05:14:17","guid":{"rendered":"https:\/\/www.sonoraenequipo.com.mx\/?p=107199"},"modified":"2021-02-16T22:14:17","modified_gmt":"2021-02-17T05:14:17","slug":"ante-bajas-temperaturas-de-debe-cuidar-mas-a-los-adultos-mayores-clausen","status":"publish","type":"post","link":"https:\/\/www.sonoraenequipo.com.mx\/ante-bajas-temperaturas-de-debe-cuidar-mas-a-los-adultos-mayores-clausen\/","title":{"rendered":"Ante bajas temperaturas de debe cuidar m\u00e1s a los adultos mayores: Clausen"},"content":{"rendered":"<p>Ante bajas temperaturas de debe cuidar m\u00e1s a los adultos mayores: Clausen<\/p>\n<p>&nbsp;<\/p>\n<p>&nbsp;<\/p>\n<p>&nbsp;<\/p>\n<p><strong>\u25baSe confirman 21 fallecimientos y 129 casos de COVID-19<\/strong><\/p>\n<p>&nbsp;<\/p>\n<p>HERMOSILLO, SONORA,MX.\u2500\u2500 En esta \u00e9poca invernal, es muy importante cuidarse y sobre todo proteger a las y los adultos mayores de los frentes fr\u00edos, adem\u00e1s, en caso de sentirse mal, debemos identificar los s\u00edntomas del coronavirus para atenderse de inmediato, expres\u00f3 Enrique Clausen Iberri.<\/p>\n<p>&nbsp;<\/p>\n<p>Despu\u00e9s de confirmarse 21 fallecimientos y 129 casos nuevos por COVID-19, el secretario de Salud record\u00f3 que los s\u00edntomas m\u00e1s comunes son fiebre, tos seca, cansancio y dificultad para respirar; hay otros como la p\u00e9rdida del gusto y del olfato, dolor de cabeza o de garganta, ojos irritados y hasta erupciones en la piel.<\/p>\n<p>&nbsp;<\/p>\n<p>\u201cAnte cualquiera de estos s\u00edntomas, vete inmediatamente a un Centro Anticipa donde en media hora te vamos a decir si est\u00e1s o no infectado de COVID-19, o acude con tu m\u00e9dico de confianza a que te haga una valoraci\u00f3n\u201d, expres\u00f3.<\/p>\n<p>&nbsp;<\/p>\n<p>Clausen Iberri pidi\u00f3 a las y los sonorenses no dejar pasar cualquier s\u00edntoma pensando que es un resfriado t\u00edpico de esta temporada invernal, es mejor atenderse a tiempo, pues tambi\u00e9n podr\u00eda ser Covid.<\/p>\n<p>&nbsp;<\/p>\n<p>\u201cCu\u00eddate mucho por favor, por m\u00e1s leves que te parezcan los s\u00edntomas, no te conf\u00edes y recuerda que este virus es muy traicionero y que de un d\u00eda para otro tu salud o la salud de un ser querido se puede complicar; hoy m\u00e1s que nunca, vale m\u00e1s prevenir que lamentar; no bajes la guardia y vive con actitud preventiva, aunque sea resfriado, cu\u00eddate como si fuera Covid\u201d, finaliz\u00f3.<\/p>\n<p>&nbsp;<\/p>\n<p>En cuanto a los datos estad\u00edsticos de hoy, 58 mil 564 personas se han recuperado en Sonora; 22 pacientes fueron dados de alta y se confirmaron 21 decesos en 12 mujeres y 9 hombres residentes de Hermosillo ocho; San Luis R\u00edo Colorado cinco; Navojoa, Benito Ju\u00e1rez, Huatabampo, Cajeme, Puerto Pe\u00f1asco, Empalme, Bacerac y Guaymas uno cada uno; derechohabientes del IMSS 19, Secretar\u00eda de Salud dos; acumul\u00e1ndose 5 mil 499 defunciones.<\/p>\n<p>&nbsp;<\/p>\n<p>Hoy se suman 129 nuevos casos por Covid, en 67 hombres y 62 mujeres; acumul\u00e1ndose 65 mil 210 casos en total. De los nuevos pacientes 57 son residentes de Hermosillo; de Cajeme 50; de San Luis R\u00edo Colorado cinco; Navojoa cuatro; Nogales y Guaymas tres cada uno; Empalme dos; Etchojoa, Nacozari de Garc\u00eda, Huatabampo, B\u00e1cum y Hu\u00e1sabas uno cada uno.<\/p>\n<p>&nbsp;<\/p>\n<p>Se confirmaron dos casos pedi\u00e1tricos en una ni\u00f1a y un ni\u00f1o; con los que suman mil 164 casos en total; no se confirman casos en mujeres embarazadas. De los 129 casos de hoy, cinco fueron en trabajadores de la salud de diversas instituciones.<\/p>\n<p>&nbsp;<\/p>\n<p>Casos COVID-19 en Sonora 65,210 casos confirmados y 5,499 defunciones<\/p>\n<p>&nbsp;<\/p>\n<p>Defunciones registradas el 16 de febrero 2021: 21<\/p>\n<p>Hermosillo: 8<\/p>\n<p>San Luis R\u00edo Colorado: 5<\/p>\n<p>Navojoa: 1<\/p>\n<p>Benito Ju\u00e1rez: 1<\/p>\n<p>Huatabampo: 1<\/p>\n<p>Cajeme: 1<\/p>\n<p>Puerto Pe\u00f1asco: 1<\/p>\n<p>Empalme: 1<\/p>\n<p>Bacerac: 1<\/p>\n<p>Guaymas: 1<\/p>\n<p>&nbsp;<\/p>\n<p>Mujeres: 12\/ Hombres: 9<\/p>\n<p>&nbsp;<\/p>\n<p>Instituci\u00f3n M\u00e9dica<\/p>\n<p>IMSS: 19<\/p>\n<p>Secretar\u00eda de Salud: 2<\/p>\n<p>&nbsp;<\/p>\n<p>Casos confirmados el 16 de febrero de 2021: 129<\/p>\n<p>Hermosillo: 57<\/p>\n<p>Cajeme: 50<\/p>\n<p>San Luis R\u00edo Colorado: 5<\/p>\n<p>Navojoa: 4<\/p>\n<p>Nogales: 3<\/p>\n<p>Guaymas: 3<\/p>\n<p>Empalme: 2<\/p>\n<p>Etchojoa: 1<\/p>\n<p>Nacozari de Garc\u00eda: 1<\/p>\n<p>Huatabampo: 1<\/p>\n<p>B\u00e1cum: 1<\/p>\n<p>Hu\u00e1sabas: 1<\/p>\n<p>&nbsp;<\/p>\n<p>Mujeres: 62\/ Hombres: 67<\/p>\n<p>&nbsp;<\/p>\n<p>Instituci\u00f3n M\u00e9dica<\/p>\n<p>Secretar\u00eda de Salud: 108<\/p>\n<p>IMSS: 19<\/p>\n<p>Isssteson: 2<\/p>\n<p>&nbsp;<\/p>\n<p>Acumulados<\/p>\n<p>Defunciones: 5,499<\/p>\n<p>Hermosillo: 1,851<\/p>\n<p>Cajeme: 959<\/p>\n<p>Nogales: 466<\/p>\n<p>San Luis R\u00edo Colorado: 435<\/p>\n<p>Guaymas: 312<\/p>\n<p>Navojoa: 246<\/p>\n<p>Agua Prieta: 196<\/p>\n<p>Caborca: 143<\/p>\n<p>Huatabampo: 126<\/p>\n<p>Empalme: 92<\/p>\n<p>Cananea: 83<\/p>\n<p>Etchojoa: 73<\/p>\n<p>Puerto Pe\u00f1asco: 67<\/p>\n<p>Magdalena: 60<\/p>\n<p>Nacozari de Garc\u00eda: 48<\/p>\n<p>Santa Ana: 39<\/p>\n<p>Benito Ju\u00e1rez: 39<\/p>\n<p>B\u00e1cum: 37<\/p>\n<p>San Ignacio R\u00edo Muerto: 21<\/p>\n<p>Gral. Plutarco El\u00edas Calles: 21<\/p>\n<p>\u00cdmuris: 19<\/p>\n<p>Fronteras: 16<\/p>\n<p>Cumpas: 13<\/p>\n<p>\u00c1lamos: 13<\/p>\n<p>Pitiquito: 12<\/p>\n<p>Rosario: 8<\/p>\n<p>Ures: 8<\/p>\n<p>Naco: 8<\/p>\n<p>Sahuaripa: 8<\/p>\n<p>Moctezuma: 8<\/p>\n<p>Villa Hidalgo: 7<\/p>\n<p>Benjam\u00edn Hill: 6<\/p>\n<p>Altar: 6<\/p>\n<p>Bavi\u00e1cora: 6<\/p>\n<p>San Miguel de Horcasitas: 5<\/p>\n<p>Aconchi: 4<\/p>\n<p>S\u00e1ric: 4<\/p>\n<p>Bacoachi: 3<\/p>\n<p>Ray\u00f3n: 3<\/p>\n<p>Carb\u00f3: 3<\/p>\n<p>Quiriego: 3<\/p>\n<p>Bacerac: 3<\/p>\n<p>N\u00e1cori Chico: 2<\/p>\n<p>Arivechi: 2<\/p>\n<p>Bavispe: 2<\/p>\n<p>Arizpe: 2<\/p>\n<p>San Pedro de la Cueva: 2<\/p>\n<p>Granados: 1<\/p>\n<p>Opodepe: 1<\/p>\n<p>Cucurpe: 1<\/p>\n<p>San Felipe de Jes\u00fas: 1<\/p>\n<p>Ban\u00e1michi: 1<\/p>\n<p>Hu\u00e9pac: 1<\/p>\n<p>Oquitoa: 1<\/p>\n<p>Tepache: 1<\/p>\n<p>Santa Cruz: 1<\/p>\n<p>&nbsp;<\/p>\n<p>Mujeres: 2,370\/Hombres: 3,129<\/p>\n<p>&nbsp;<\/p>\n<p>Instituci\u00f3n M\u00e9dica<\/p>\n<p>IMSS: 3,463<\/p>\n<p>Secretar\u00eda de Salud: 1,524<\/p>\n<p>Isssteson: 396<\/p>\n<p>Issste: 107<\/p>\n<p>Sedena: 5<\/p>\n<p>Semar: 4<\/p>\n<p>&nbsp;<\/p>\n<p>Total de casos confirmados: 65,210<\/p>\n<p>Hermosillo: 30,942 municipio con mayor incidencia con un 48% del total.<\/p>\n<p>Cajeme: 8,869 que representan el 13% del total.<\/p>\n<p>Nogales: 4,263 que representan el 7% del total<\/p>\n<p>San Luis R\u00edo Colorado: 2,917 que representan 5% del total<\/p>\n<p>Guaymas: 2,859<\/p>\n<p>Navojoa: 2,785<\/p>\n<p>Caborca: 2,608<\/p>\n<p>Cananea: 1,841<\/p>\n<p>Huatabampo: 1,226<\/p>\n<p>Agua Prieta: 1,125<\/p>\n<p>Empalme: 1,059<\/p>\n<p>Etchojoa: 650<\/p>\n<p>Magdalena: 529<\/p>\n<p>Puerto Pe\u00f1asco: 457<\/p>\n<p>Santa Ana: 342<\/p>\n<p>Nacozari de Garc\u00eda: 313<\/p>\n<p>B\u00e1cum: 267<\/p>\n<p>\u00c1lamos: 201<\/p>\n<p>Pitiquito: 187<\/p>\n<p>Gral. Plutarco El\u00edas Calles: 185<\/p>\n<p>Benito Ju\u00e1rez: 164<\/p>\n<p>San Ignacio R\u00edo Muerto: 149<\/p>\n<p>Bavi\u00e1cora: 131<\/p>\n<p>Sahuaripa: 128<\/p>\n<p>\u00cdmuris: 92<\/p>\n<p>Ures: 88<\/p>\n<p>Altar: 70<\/p>\n<p>Cumpas: 69<\/p>\n<p>Moctezuma: 63<\/p>\n<p>Rosario: 61<\/p>\n<p>Bacoachi: 48<\/p>\n<p>Fronteras: 43<\/p>\n<p>Y\u00e9cora: 39<\/p>\n<p>Benjam\u00edn Hill: 37<\/p>\n<p>Naco: 33<\/p>\n<p>Arizpe: 32<\/p>\n<p>Aconchi: 30<\/p>\n<p>S\u00e1ric: 26<\/p>\n<p>N\u00e1cori Chico: 25<\/p>\n<p>Arivechi: 20<\/p>\n<p>San Miguel de Horcasitas: 18<\/p>\n<p>Villa Hidalgo: 15<\/p>\n<p>Granados: 15<\/p>\n<p>Trincheras: 14<\/p>\n<p>Ban\u00e1michi: 14<\/p>\n<p>Quiriego: 13<\/p>\n<p>Carb\u00f3: 13<\/p>\n<p>San Pedro de la Cueva: 13<\/p>\n<p>Cucurpe: 11<\/p>\n<p>Ray\u00f3n: 10<\/p>\n<p>Tepache: 10<\/p>\n<p>Bacerac: 8<\/p>\n<p>Bavispe: 7<\/p>\n<p>Huachinera: 7<\/p>\n<p>Hu\u00e1sabas: 7<\/p>\n<p>\u00d3navas: 6<\/p>\n<p>Villa Pesqueira: 6<\/p>\n<p>San Javier: 6<\/p>\n<p>Tubutama: 6<\/p>\n<p>Divisaderos: 5<\/p>\n<p>Bacad\u00e9huachi: 5<\/p>\n<p>San Felipe de Jes\u00fas: 5<\/p>\n<p>Bacanora: 4<\/p>\n<p>Santa Cruz: 4<\/p>\n<p>Hu\u00e9pac: 4<\/p>\n<p>Opodepe: 3<\/p>\n<p>Oquitoa: 3<\/p>\n<p>La Colorada: 2<\/p>\n<p>Soyopa: 1<\/p>\n<p>Suaqui Grande: 1<\/p>\n<p>Mazat\u00e1n: 1<\/p>\n<p>&nbsp;<\/p>\n<p>Mujeres: 35,083\/Hombres: 30,127<\/p>\n<p>&nbsp;<\/p>\n<p>Instituci\u00f3n M\u00e9dica<\/p>\n<p>Secretar\u00eda de Salud: 46,316<\/p>\n<p>IMSS: 12,845<\/p>\n<p>Isssteson: 4,742<\/p>\n<p>Issste: 1,071<\/p>\n<p>Sedena: 221<\/p>\n<p>Semar: 15<\/p>\n<p>&nbsp;<\/p>\n<p>Casos estudiados: 115,797<\/p>\n<p>Confirmados: 65,210<\/p>\n<p>Descartados: 50,587<\/p>\n<p>Cuadro leve: 9,269<\/p>\n<p>Pacientes activos: 913<\/p>\n<p>Pacientes en seguimiento terminado: 8,356<\/p>\n<p>Curados: 50,208<\/p>\n<p>Hospitalizados: 234<\/p>\n<p>Estables: 110<\/p>\n<p>Graves: 98<\/p>\n<p>Pacientes graves con ventilaci\u00f3n mec\u00e1nica invasiva: 36<\/p>\n<p>Fecha de publicaci\u00f3n\u00a0 martes 16\/feb\/2021<\/p>\n<p>&nbsp;<\/p>\n","protected":false},"excerpt":{"rendered":"<p>Ante bajas temperaturas de debe cuidar m\u00e1s a los adultos mayores: Clausen &nbsp; &nbsp; &nbsp;&#8230;<\/p>\n","protected":false},"author":1,"featured_media":106887,"comment_status":"open","ping_status":"open","sticky":false,"template":"","format":"standard","meta":{"_monsterinsights_skip_tracking":false,"_monsterinsights_sitenote_active":false,"_monsterinsights_sitenote_note":"","_monsterinsights_sitenote_category":0,"footnotes":""},"categories":[22],"tags":[4249,15],"class_list":["post"],"yoast_head":" \n<title>Sonora en Equipo. Ante bajas temperaturas de debe cuidar m\u00e1s a los adultos mayores: Clausen Sonora<\/title>\n<meta name=\"description\" content=\"Ante bajas temperaturas de debe cuidar m\u00e1s a los adultos mayores: Clausen &nbsp; &nbsp; &nbsp; \u25baSe confirman 21 fallecimientos y 129 casos de En Sonora en Equipo publicamos toda la informaci\u00f3n de Sonora, M\u00e9xico y el Mundo de manera oportuna y busca que la libertad de expresi\u00f3n sea real. Visita nuestro medio informativo publicado desde Hermosillo, Sonora. %\" \/>\n<meta name=\"robots\" content=\"index, follow, max-snippet:-1, max-image-preview:large, max-video-preview:-1\" \/>\n<link rel=\"canonical\" href=\"https:\/\/www.sonoraenequipo.com.mx\/ante-bajas-temperaturas-de-debe-cuidar-mas-a-los-adultos-mayores-clausen\/\" \/>\n<meta property=\"og:locale\" content=\"es_ES\" \/>\n<meta property=\"og:type\" content=\"article\" \/>\n<meta property=\"og:title\" content=\"Sonora en Equipo. Ante bajas temperaturas de debe cuidar m\u00e1s a los adultos mayores: Clausen Sonora\" \/>\n<meta property=\"og:description\" content=\"Ante bajas temperaturas de debe cuidar m\u00e1s a los adultos mayores: Clausen &nbsp; &nbsp; &nbsp; \u25baSe confirman 21 fallecimientos y 129 casos de En Sonora en Equipo publicamos toda la informaci\u00f3n de Sonora, M\u00e9xico y el Mundo de manera oportuna y busca que la libertad de expresi\u00f3n sea real. Visita nuestro medio informativo publicado desde Hermosillo, Sonora. %\" \/>\n<meta property=\"og:url\" content=\"https:\/\/www.sonoraenequipo.com.mx\/ante-bajas-temperaturas-de-debe-cuidar-mas-a-los-adultos-mayores-clausen\/\" \/>\n<meta property=\"og:site_name\" content=\"Sonora en Equipo.\" \/>\n<meta property=\"article:publisher\" content=\"https:\/\/www.facebook.com\/SonoraEE\/\" \/>\n<meta property=\"article:author\" content=\"https:\/\/www.facebook.com\/SonoraEE\" \/>\n<meta property=\"article:published_time\" content=\"2021-02-17T05:14:17+00:00\" \/>\n<meta property=\"og:image\" content=\"https:\/\/www.sonoraenequipo.com.mx\/storage\/2021\/02\/e-clausen13.jpg\" \/>\n\t<meta property=\"og:image:width\" content=\"500\" \/>\n\t<meta property=\"og:image:height\" content=\"300\" \/>\n\t<meta property=\"og:image:type\" content=\"image\/jpeg\" \/>\n<meta name=\"author\" content=\"enequipo\" \/>\n<meta name=\"twitter:card\" content=\"summary_large_image\" \/>\n<meta name=\"twitter:creator\" content=\"@sonoraenequipo\" \/>\n<meta name=\"twitter:site\" content=\"@sonoraenequipo\" \/>\n<meta name=\"twitter:label1\" content=\"Escrito por\" \/>\n\t<meta name=\"twitter:data1\" content=\"enequipo\" \/>\n\t<meta name=\"twitter:label2\" content=\"Tiempo de lectura\" \/>\n\t<meta name=\"twitter:data2\" content=\"5 minutos\" \/>\n<script type=\"application\/ld+json\" class=\"yoast-schema-graph\">{\"@context\":\"https:\/\/schema.org\",\"@graph\":[{\"@type\":\"Article\",\"@id\":\"https:\/\/www.sonoraenequipo.com.mx\/ante-bajas-temperaturas-de-debe-cuidar-mas-a-los-adultos-mayores-clausen\/#article\",\"isPartOf\":{\"@id\":\"https:\/\/www.sonoraenequipo.com.mx\/ante-bajas-temperaturas-de-debe-cuidar-mas-a-los-adultos-mayores-clausen\/\"},\"author\":{\"name\":\"enequipo\",\"@id\":\"https:\/\/www.sonoraenequipo.com.mx\/#\/schema\/person\/50102df0fb23a8fa9e8effad8fa81386\"},\"headline\":\"Ante bajas temperaturas de debe cuidar m\u00e1s a los adultos mayores: Clausen\",\"datePublished\":\"2021-02-17T05:14:17+00:00\",\"mainEntityOfPage\":{\"@id\":\"https:\/\/www.sonoraenequipo.com.mx\/ante-bajas-temperaturas-de-debe-cuidar-mas-a-los-adultos-mayores-clausen\/\"},\"wordCount\":882,\"commentCount\":0,\"publisher\":{\"@id\":\"https:\/\/www.sonoraenequipo.com.mx\/#organization\"},\"image\":{\"@id\":\"https:\/\/www.sonoraenequipo.com.mx\/ante-bajas-temperaturas-de-debe-cuidar-mas-a-los-adultos-mayores-clausen\/#primaryimage\"},\"thumbnailUrl\":\"https:\/\/www.sonoraenequipo.com.mx\/storage\/2021\/02\/e-clausen13.jpg\",\"keywords\":[\"covid\",\"Sonora\"],\"articleSection\":[\"Sonora\"],\"inLanguage\":\"es\",\"potentialAction\":[{\"@type\":\"CommentAction\",\"name\":\"Comment\",\"target\":[\"https:\/\/www.sonoraenequipo.com.mx\/ante-bajas-temperaturas-de-debe-cuidar-mas-a-los-adultos-mayores-clausen\/#respond\"]}]},{\"@type\":\"WebPage\",\"@id\":\"https:\/\/www.sonoraenequipo.com.mx\/ante-bajas-temperaturas-de-debe-cuidar-mas-a-los-adultos-mayores-clausen\/\",\"url\":\"https:\/\/www.sonoraenequipo.com.mx\/ante-bajas-temperaturas-de-debe-cuidar-mas-a-los-adultos-mayores-clausen\/\",\"name\":\"Sonora en Equipo. Ante bajas temperaturas de debe cuidar m\u00e1s a los adultos mayores: Clausen Sonora\",\"isPartOf\":{\"@id\":\"https:\/\/www.sonoraenequipo.com.mx\/#website\"},\"primaryImageOfPage\":{\"@id\":\"https:\/\/www.sonoraenequipo.com.mx\/ante-bajas-temperaturas-de-debe-cuidar-mas-a-los-adultos-mayores-clausen\/#primaryimage\"},\"image\":{\"@id\":\"https:\/\/www.sonoraenequipo.com.mx\/ante-bajas-temperaturas-de-debe-cuidar-mas-a-los-adultos-mayores-clausen\/#primaryimage\"},\"thumbnailUrl\":\"https:\/\/www.sonoraenequipo.com.mx\/storage\/2021\/02\/e-clausen13.jpg\",\"datePublished\":\"2021-02-17T05:14:17+00:00\",\"description\":\"Ante bajas temperaturas de debe cuidar m\u00e1s a los adultos mayores: Clausen &nbsp; &nbsp; &nbsp; \u25baSe confirman 21 fallecimientos y 129 casos de En Sonora en Equipo publicamos toda la informaci\u00f3n de Sonora, M\u00e9xico y el Mundo de manera oportuna y busca que la libertad de expresi\u00f3n sea real. Visita nuestro medio informativo publicado desde Hermosillo, Sonora. %\",\"breadcrumb\":{\"@id\":\"https:\/\/www.sonoraenequipo.com.mx\/ante-bajas-temperaturas-de-debe-cuidar-mas-a-los-adultos-mayores-clausen\/#breadcrumb\"},\"inLanguage\":\"es\",\"potentialAction\":[{\"@type\":\"ReadAction\",\"target\":[\"https:\/\/www.sonoraenequipo.com.mx\/ante-bajas-temperaturas-de-debe-cuidar-mas-a-los-adultos-mayores-clausen\/\"]}]},{\"@type\":\"ImageObject\",\"inLanguage\":\"es\",\"@id\":\"https:\/\/www.sonoraenequipo.com.mx\/ante-bajas-temperaturas-de-debe-cuidar-mas-a-los-adultos-mayores-clausen\/#primaryimage\",\"url\":\"https:\/\/www.sonoraenequipo.com.mx\/storage\/2021\/02\/e-clausen13.jpg\",\"contentUrl\":\"https:\/\/www.sonoraenequipo.com.mx\/storage\/2021\/02\/e-clausen13.jpg\",\"width\":500,\"height\":300},{\"@type\":\"BreadcrumbList\",\"@id\":\"https:\/\/www.sonoraenequipo.com.mx\/ante-bajas-temperaturas-de-debe-cuidar-mas-a-los-adultos-mayores-clausen\/#breadcrumb\",\"itemListElement\":[{\"@type\":\"ListItem\",\"position\":1,\"name\":\"Portada\",\"item\":\"https:\/\/www.sonoraenequipo.com.mx\/\"},{\"@type\":\"ListItem\",\"position\":2,\"name\":\"Ante bajas temperaturas de debe cuidar m\u00e1s a los adultos mayores: Clausen\"}]},{\"@type\":\"WebSite\",\"@id\":\"https:\/\/www.sonoraenequipo.com.mx\/#website\",\"url\":\"https:\/\/www.sonoraenequipo.com.mx\/\",\"name\":\"Sonora en Equipo.\",\"description\":\"Diario en l\u00ednea con Noticias desde Hermosillo, Sonora\",\"publisher\":{\"@id\":\"https:\/\/www.sonoraenequipo.com.mx\/#organization\"},\"potentialAction\":[{\"@type\":\"SearchAction\",\"target\":{\"@type\":\"EntryPoint\",\"urlTemplate\":\"https:\/\/www.sonoraenequipo.com.mx\/?s={search_term_string}\"},\"query-input\":{\"@type\":\"PropertyValueSpecification\",\"valueRequired\":true,\"valueName\":\"search_term_string\"}}],\"inLanguage\":\"es\"},{\"@type\":\"Organization\",\"@id\":\"https:\/\/www.sonoraenequipo.com.mx\/#organization\",\"name\":\"Sonoraenequipo.com.mx\",\"url\":\"https:\/\/www.sonoraenequipo.com.mx\/\",\"logo\":{\"@type\":\"ImageObject\",\"inLanguage\":\"es\",\"@id\":\"https:\/\/www.sonoraenequipo.com.mx\/#\/schema\/logo\/image\/\",\"url\":\"https:\/\/www.sonoraenequipo.com.mx\/storage\/2019\/01\/sonoraenequipo_opt.png\",\"contentUrl\":\"https:\/\/www.sonoraenequipo.com.mx\/storage\/2019\/01\/sonoraenequipo_opt.png\",\"width\":375,\"height\":125,\"caption\":\"Sonoraenequipo.com.mx\"},\"image\":{\"@id\":\"https:\/\/www.sonoraenequipo.com.mx\/#\/schema\/logo\/image\/\"},\"sameAs\":[\"https:\/\/www.facebook.com\/SonoraEE\/\",\"https:\/\/x.com\/sonoraenequipo\",\"https:\/\/www.youtube.com\/channel\/UC338nW-lPEYmJQs4ZABQ1SQ\"]},{\"@type\":\"Person\",\"@id\":\"https:\/\/www.sonoraenequipo.com.mx\/#\/schema\/person\/50102df0fb23a8fa9e8effad8fa81386\",\"name\":\"enequipo\",\"image\":{\"@type\":\"ImageObject\",\"inLanguage\":\"es\",\"@id\":\"https:\/\/www.sonoraenequipo.com.mx\/#\/schema\/person\/image\/\",\"url\":\"https:\/\/secure.gravatar.com\/avatar\/049821681b589dabc0bc20695993ccebb09f5b5d4d790cd9251b97faac7c652b?s=96&d=blank&r=g\",\"contentUrl\":\"https:\/\/secure.gravatar.com\/avatar\/049821681b589dabc0bc20695993ccebb09f5b5d4d790cd9251b97faac7c652b?s=96&d=blank&r=g\",\"caption\":\"enequipo\"},\"sameAs\":[\"https:\/\/www.facebook.com\/SonoraEE\"]}]}<\/script>\n ","yoast_head_json":{"title":"Sonora en Equipo. Ante bajas temperaturas de debe cuidar m\u00e1s a los adultos mayores: Clausen Sonora","description":"Ante bajas temperaturas de debe cuidar m\u00e1s a los adultos mayores: Clausen &nbsp; &nbsp; &nbsp; \u25baSe confirman 21 fallecimientos y 129 casos de En Sonora en Equipo publicamos toda la informaci\u00f3n de Sonora, M\u00e9xico y el Mundo de manera oportuna y busca que la libertad de expresi\u00f3n sea real. Visita nuestro medio informativo publicado desde Hermosillo, Sonora. %","robots":{"index":"index","follow":"follow","max-snippet":"max-snippet:-1","max-image-preview":"max-image-preview:large","max-video-preview":"max-video-preview:-1"},"canonical":"https:\/\/www.sonoraenequipo.com.mx\/ante-bajas-temperaturas-de-debe-cuidar-mas-a-los-adultos-mayores-clausen\/","og_locale":"es_ES","og_type":"article","og_title":"Sonora en Equipo. Ante bajas temperaturas de debe cuidar m\u00e1s a los adultos mayores: Clausen Sonora","og_description":"Ante bajas temperaturas de debe cuidar m\u00e1s a los adultos mayores: Clausen &nbsp; &nbsp; &nbsp; \u25baSe confirman 21 fallecimientos y 129 casos de En Sonora en Equipo publicamos toda la informaci\u00f3n de Sonora, M\u00e9xico y el Mundo de manera oportuna y busca que la libertad de expresi\u00f3n sea real. Visita nuestro medio informativo publicado desde Hermosillo, Sonora. %","og_url":"https:\/\/www.sonoraenequipo.com.mx\/ante-bajas-temperaturas-de-debe-cuidar-mas-a-los-adultos-mayores-clausen\/","og_site_name":"Sonora en Equipo.","article_publisher":"https:\/\/www.facebook.com\/SonoraEE\/","article_author":"https:\/\/www.facebook.com\/SonoraEE","article_published_time":"2021-02-17T05:14:17+00:00","og_image":[{"width":500,"height":300,"url":"https:\/\/www.sonoraenequipo.com.mx\/storage\/2021\/02\/e-clausen13.jpg","type":"image\/jpeg"}],"author":"enequipo","twitter_card":"summary_large_image","twitter_creator":"@sonoraenequipo","twitter_site":"@sonoraenequipo","twitter_misc":{"Escrito por":"enequipo","Tiempo de lectura":"5 minutos"},"schema":{"@context":"https:\/\/schema.org","@graph":[{"@type":"Article","@id":"https:\/\/www.sonoraenequipo.com.mx\/ante-bajas-temperaturas-de-debe-cuidar-mas-a-los-adultos-mayores-clausen\/#article","isPartOf":{"@id":"https:\/\/www.sonoraenequipo.com.mx\/ante-bajas-temperaturas-de-debe-cuidar-mas-a-los-adultos-mayores-clausen\/"},"author":{"name":"enequipo","@id":"https:\/\/www.sonoraenequipo.com.mx\/#\/schema\/person\/50102df0fb23a8fa9e8effad8fa81386"},"headline":"Ante bajas temperaturas de debe cuidar m\u00e1s a los adultos mayores: Clausen","datePublished":"2021-02-17T05:14:17+00:00","mainEntityOfPage":{"@id":"https:\/\/www.sonoraenequipo.com.mx\/ante-bajas-temperaturas-de-debe-cuidar-mas-a-los-adultos-mayores-clausen\/"},"wordCount":882,"commentCount":0,"publisher":{"@id":"https:\/\/www.sonoraenequipo.com.mx\/#organization"},"image":{"@id":"https:\/\/www.sonoraenequipo.com.mx\/ante-bajas-temperaturas-de-debe-cuidar-mas-a-los-adultos-mayores-clausen\/#primaryimage"},"thumbnailUrl":"https:\/\/www.sonoraenequipo.com.mx\/storage\/2021\/02\/e-clausen13.jpg","keywords":["covid","Sonora"],"articleSection":["Sonora"],"inLanguage":"es","potentialAction":[{"@type":"CommentAction","name":"Comment","target":["https:\/\/www.sonoraenequipo.com.mx\/ante-bajas-temperaturas-de-debe-cuidar-mas-a-los-adultos-mayores-clausen\/#respond"]}]},{"@type":"WebPage","@id":"https:\/\/www.sonoraenequipo.com.mx\/ante-bajas-temperaturas-de-debe-cuidar-mas-a-los-adultos-mayores-clausen\/","url":"https:\/\/www.sonoraenequipo.com.mx\/ante-bajas-temperaturas-de-debe-cuidar-mas-a-los-adultos-mayores-clausen\/","name":"Sonora en Equipo. Ante bajas temperaturas de debe cuidar m\u00e1s a los adultos mayores: Clausen Sonora","isPartOf":{"@id":"https:\/\/www.sonoraenequipo.com.mx\/#website"},"primaryImageOfPage":{"@id":"https:\/\/www.sonoraenequipo.com.mx\/ante-bajas-temperaturas-de-debe-cuidar-mas-a-los-adultos-mayores-clausen\/#primaryimage"},"image":{"@id":"https:\/\/www.sonoraenequipo.com.mx\/ante-bajas-temperaturas-de-debe-cuidar-mas-a-los-adultos-mayores-clausen\/#primaryimage"},"thumbnailUrl":"https:\/\/www.sonoraenequipo.com.mx\/storage\/2021\/02\/e-clausen13.jpg","datePublished":"2021-02-17T05:14:17+00:00","description":"Ante bajas temperaturas de debe cuidar m\u00e1s a los adultos mayores: Clausen &nbsp; &nbsp; &nbsp; \u25baSe confirman 21 fallecimientos y 129 casos de En Sonora en Equipo publicamos toda la informaci\u00f3n de Sonora, M\u00e9xico y el Mundo de manera oportuna y busca que la libertad de expresi\u00f3n sea real. Visita nuestro medio informativo publicado desde Hermosillo, Sonora. %","breadcrumb":{"@id":"https:\/\/www.sonoraenequipo.com.mx\/ante-bajas-temperaturas-de-debe-cuidar-mas-a-los-adultos-mayores-clausen\/#breadcrumb"},"inLanguage":"es","potentialAction":[{"@type":"ReadAction","target":["https:\/\/www.sonoraenequipo.com.mx\/ante-bajas-temperaturas-de-debe-cuidar-mas-a-los-adultos-mayores-clausen\/"]}]},{"@type":"ImageObject","inLanguage":"es","@id":"https:\/\/www.sonoraenequipo.com.mx\/ante-bajas-temperaturas-de-debe-cuidar-mas-a-los-adultos-mayores-clausen\/#primaryimage","url":"https:\/\/www.sonoraenequipo.com.mx\/storage\/2021\/02\/e-clausen13.jpg","contentUrl":"https:\/\/www.sonoraenequipo.com.mx\/storage\/2021\/02\/e-clausen13.jpg","width":500,"height":300},{"@type":"BreadcrumbList","@id":"https:\/\/www.sonoraenequipo.com.mx\/ante-bajas-temperaturas-de-debe-cuidar-mas-a-los-adultos-mayores-clausen\/#breadcrumb","itemListElement":[{"@type":"ListItem","position":1,"name":"Portada","item":"https:\/\/www.sonoraenequipo.com.mx\/"},{"@type":"ListItem","position":2,"name":"Ante bajas temperaturas de debe cuidar m\u00e1s a los adultos mayores: Clausen"}]},{"@type":"WebSite","@id":"https:\/\/www.sonoraenequipo.com.mx\/#website","url":"https:\/\/www.sonoraenequipo.com.mx\/","name":"Sonora en Equipo.","description":"Diario en l\u00ednea con Noticias desde Hermosillo, Sonora","publisher":{"@id":"https:\/\/www.sonoraenequipo.com.mx\/#organization"},"potentialAction":[{"@type":"SearchAction","target":{"@type":"EntryPoint","urlTemplate":"https:\/\/www.sonoraenequipo.com.mx\/?s={search_term_string}"},"query-input":{"@type":"PropertyValueSpecification","valueRequired":true,"valueName":"search_term_string"}}],"inLanguage":"es"},{"@type":"Organization","@id":"https:\/\/www.sonoraenequipo.com.mx\/#organization","name":"Sonoraenequipo.com.mx","url":"https:\/\/www.sonoraenequipo.com.mx\/","logo":{"@type":"ImageObject","inLanguage":"es","@id":"https:\/\/www.sonoraenequipo.com.mx\/#\/schema\/logo\/image\/","url":"https:\/\/www.sonoraenequipo.com.mx\/storage\/2019\/01\/sonoraenequipo_opt.png","contentUrl":"https:\/\/www.sonoraenequipo.com.mx\/storage\/2019\/01\/sonoraenequipo_opt.png","width":375,"height":125,"caption":"Sonoraenequipo.com.mx"},"image":{"@id":"https:\/\/www.sonoraenequipo.com.mx\/#\/schema\/logo\/image\/"},"sameAs":["https:\/\/www.facebook.com\/SonoraEE\/","https:\/\/x.com\/sonoraenequipo","https:\/\/www.youtube.com\/channel\/UC338nW-lPEYmJQs4ZABQ1SQ"]},{"@type":"Person","@id":"https:\/\/www.sonoraenequipo.com.mx\/#\/schema\/person\/50102df0fb23a8fa9e8effad8fa81386","name":"enequipo","image":{"@type":"ImageObject","inLanguage":"es","@id":"https:\/\/www.sonoraenequipo.com.mx\/#\/schema\/person\/image\/","url":"https:\/\/secure.gravatar.com\/avatar\/049821681b589dabc0bc20695993ccebb09f5b5d4d790cd9251b97faac7c652b?s=96&d=blank&r=g","contentUrl":"https:\/\/secure.gravatar.com\/avatar\/049821681b589dabc0bc20695993ccebb09f5b5d4d790cd9251b97faac7c652b?s=96&d=blank&r=g","caption":"enequipo"},"sameAs":["https:\/\/www.facebook.com\/SonoraEE"]}]}},"jetpack_featured_media_url":"https:\/\/www.sonoraenequipo.com.mx\/storage\/2021\/02\/e-clausen13.jpg","_links":{"self":[{"href":"https:\/\/www.sonoraenequipo.com.mx\/api\/wp\/v2\/posts\/107199","targetHints":{"allow":["GET"]}}],"collection":[{"href":"https:\/\/www.sonoraenequipo.com.mx\/api\/wp\/v2\/posts"}],"about":[{"href":"https:\/\/www.sonoraenequipo.com.mx\/api\/wp\/v2\/types\/post"}],"author":[{"embeddable":true,"href":"https:\/\/www.sonoraenequipo.com.mx\/api\/wp\/v2\/users\/1"}],"replies":[{"embeddable":true,"href":"https:\/\/www.sonoraenequipo.com.mx\/api\/wp\/v2\/comments?post=107199"}],"version-history":[{"count":1,"href":"https:\/\/www.sonoraenequipo.com.mx\/api\/wp\/v2\/posts\/107199\/revisions"}],"predecessor-version":[{"id":107200,"href":"https:\/\/www.sonoraenequipo.com.mx\/api\/wp\/v2\/posts\/107199\/revisions\/107200"}],"wp:featuredmedia":[{"embeddable":true,"href":"https:\/\/www.sonoraenequipo.com.mx\/api\/wp\/v2\/media\/106887"}],"wp:attachment":[{"href":"https:\/\/www.sonoraenequipo.com.mx\/api\/wp\/v2\/media?parent=107199"}],"wp:term":[{"taxonomy":"category","embeddable":true,"href":"https:\/\/www.sonoraenequipo.com.mx\/api\/wp\/v2\/categories?post=107199"},{"taxonomy":"post_tag","embeddable":true,"href":"https:\/\/www.sonoraenequipo.com.mx\/api\/wp\/v2\/tags?post=107199"}],"curies":[{"name":"wp","href":"https:\/\/api.w.org\/{rel}","templated":true}]}}