{"id":107201,"date":"2021-02-16T22:40:26","date_gmt":"2021-02-17T05:40:26","guid":{"rendered":"https:\/\/www.sonoraenequipo.com.mx\/?p=107201"},"modified":"2021-02-16T22:40:26","modified_gmt":"2021-02-17T05:40:26","slug":"mc-acusa-al-pt-y-morena-de-guerra-sucia-contra-ricardo-bours","status":"publish","type":"post","link":"https:\/\/www.sonoraenequipo.com.mx\/mc-acusa-al-pt-y-morena-de-guerra-sucia-contra-ricardo-bours\/","title":{"rendered":"MC acusa al PT y Morena de Guerra sucia contra Ricardo Bours"},"content":{"rendered":"<p>MC acusa a PT y Morena de Guerra sucia contra Ricardo Bours<\/p>\n<p><strong>\u25ba presentan denuncia formal ante el INE<\/strong><\/p>\n<p>&nbsp;<\/p>\n<p>HERMOSILLO, SONORA,MX.\u2500\u2500 Movimiento Ciudadano denunci\u00f3 hoy mediante un comunicado guerra sucia contra Ricardo Bours Castelo, vitual candidato a gobernador de ese partido pueshace unas semanas explic\u00f3 que \u00a0el Partido del Trabajo (PT) nacional difundi\u00f3 un video en donde se acusa a Bours Castelo de cometer un acto il\u00edcito, pero sin realizar la denuncia correspondiente, ni ofrecer pruebas para abrir una carpeta de investigaci\u00f3n.<\/p>\n<p>La p\u00e1gina donde fue publicado dicho video, corresponde al sitio \u201cAl momento news\u201d, que tiene como direcci\u00f3n la misma ubicaci\u00f3n de las oficinas del PT en la Ciudad de M\u00e9xico. Cabe resaltar que contamos con pruebas que ayudan a demostrar el v\u00ednculo de la p\u00e1gina con el PT, con el partido Morena, y con su candidato a la gubernatura, Alfonso Durazo.<\/p>\n<p>Es imposible desvincularlo de esta difamaci\u00f3n, ante el evidente crecimiento de Ricardo Bours en las \u00faltimas semanas como resultado de su excelente precampa\u00f1a. Queda claro que se est\u00e1 acusando falsamente para da\u00f1ar la imagen p\u00fablica de nuestro candidato\u00a0 e incidir en el proceso electoral. Este acto se trata de un ataque orquestado desde el centro del pa\u00eds. expone el bolet\u00edn del partido Es claro que la calumnia en contra de Ricardo Bours tiene un inter\u00e9s electoral, puesto que pagaron publicidad en Facebook para pautar dicho video y llegar a m\u00e1s personas. Por ello, no nos quedamos de brazos cruzados e interpusimos una denuncia en el Instituto Nacional Electoral.<\/p>\n<p>Exigimos que se siga puntualmente nuestra denuncia y se realicen las investigaciones correspondientes, en cumplimiento de lo dictado en la Constituci\u00f3n y en las leyes electorales.<\/p>\n<p>En Movimiento Ciudadano tenemos claro que no se trata de mensajes publicados en un aut\u00e9ntico ejercicio de la libertad de expresi\u00f3n y de informaci\u00f3n. En realidad, se est\u00e1 evidencia una estrategia propagand\u00edstica dirigida a da\u00f1ar a nuestro candidato y al Movimiento dentro del marco de las elecciones para Gobernador del Estado de Sonora. La guerra sucia se sigue haciendo desde los partidos de siempre; los malos h\u00e1bitos sobreviven; Morena y sus partidos de alianza siguen utilizando las malas pr\u00e1cticas del pasado con la intenci\u00f3n de da\u00f1ar la imagen de un ciudadano que viene a cambiar la forma de gobernar. A\u00fan no empiezan las campa\u00f1as pero s\u00ed la guerra sucia., concluye el comunicado.<\/p>\n<p>Fecha de publicaci\u00f3n\u00a0 martes 16\/feb\/2021<\/p>\n","protected":false},"excerpt":{"rendered":"<p>MC acusa a PT y Morena de Guerra sucia contra Ricardo Bours \u25ba presentan denuncia&#8230;<\/p>\n","protected":false},"author":1,"featured_media":107202,"comment_status":"open","ping_status":"open","sticky":false,"template":"","format":"standard","meta":{"_monsterinsights_skip_tracking":false,"_monsterinsights_sitenote_active":false,"_monsterinsights_sitenote_note":"","_monsterinsights_sitenote_category":0,"footnotes":""},"categories":[22],"tags":[5446,5236],"class_list":["post"],"yoast_head":" \n<title>Sonora en Equipo. MC acusa al PT y Morena de Guerra sucia contra Ricardo Bours Sonora<\/title>\n<meta name=\"description\" content=\"MC acusa a PT y Morena de Guerra sucia contra Ricardo Bours \u25ba presentan denuncia formal ante el INE &nbsp; HERMOSILLO, SONORA,MX.\u2500\u2500 Movimiento Ciudadano En Sonora en Equipo publicamos toda la informaci\u00f3n de Sonora, M\u00e9xico y el Mundo de manera oportuna y busca que la libertad de expresi\u00f3n sea real. Visita nuestro medio informativo publicado desde Hermosillo, Sonora. %\" \/>\n<meta name=\"robots\" content=\"index, follow, max-snippet:-1, max-image-preview:large, max-video-preview:-1\" \/>\n<link rel=\"canonical\" href=\"https:\/\/www.sonoraenequipo.com.mx\/mc-acusa-al-pt-y-morena-de-guerra-sucia-contra-ricardo-bours\/\" \/>\n<meta property=\"og:locale\" content=\"es_ES\" \/>\n<meta property=\"og:type\" content=\"article\" \/>\n<meta property=\"og:title\" content=\"Sonora en Equipo. MC acusa al PT y Morena de Guerra sucia contra Ricardo Bours Sonora\" \/>\n<meta property=\"og:description\" content=\"MC acusa a PT y Morena de Guerra sucia contra Ricardo Bours \u25ba presentan denuncia formal ante el INE &nbsp; HERMOSILLO, SONORA,MX.\u2500\u2500 Movimiento Ciudadano En Sonora en Equipo publicamos toda la informaci\u00f3n de Sonora, M\u00e9xico y el Mundo de manera oportuna y busca que la libertad de expresi\u00f3n sea real. Visita nuestro medio informativo publicado desde Hermosillo, Sonora. %\" \/>\n<meta property=\"og:url\" content=\"https:\/\/www.sonoraenequipo.com.mx\/mc-acusa-al-pt-y-morena-de-guerra-sucia-contra-ricardo-bours\/\" \/>\n<meta property=\"og:site_name\" content=\"Sonora en Equipo.\" \/>\n<meta property=\"article:publisher\" content=\"https:\/\/www.facebook.com\/SonoraEE\/\" \/>\n<meta property=\"article:author\" content=\"https:\/\/www.facebook.com\/SonoraEE\" \/>\n<meta property=\"article:published_time\" content=\"2021-02-17T05:40:26+00:00\" \/>\n<meta property=\"og:image\" content=\"https:\/\/www.sonoraenequipo.com.mx\/storage\/2021\/02\/rb-logo.jpg\" \/>\n\t<meta property=\"og:image:width\" content=\"500\" \/>\n\t<meta property=\"og:image:height\" content=\"300\" \/>\n\t<meta property=\"og:image:type\" content=\"image\/jpeg\" \/>\n<meta name=\"author\" content=\"enequipo\" \/>\n<meta name=\"twitter:card\" content=\"summary_large_image\" \/>\n<meta name=\"twitter:creator\" content=\"@sonoraenequipo\" \/>\n<meta name=\"twitter:site\" content=\"@sonoraenequipo\" \/>\n<meta name=\"twitter:label1\" content=\"Escrito por\" \/>\n\t<meta name=\"twitter:data1\" content=\"enequipo\" \/>\n\t<meta name=\"twitter:label2\" content=\"Tiempo de lectura\" \/>\n\t<meta name=\"twitter:data2\" content=\"2 minutos\" \/>\n<script type=\"application\/ld+json\" class=\"yoast-schema-graph\">{\"@context\":\"https:\/\/schema.org\",\"@graph\":[{\"@type\":\"Article\",\"@id\":\"https:\/\/www.sonoraenequipo.com.mx\/mc-acusa-al-pt-y-morena-de-guerra-sucia-contra-ricardo-bours\/#article\",\"isPartOf\":{\"@id\":\"https:\/\/www.sonoraenequipo.com.mx\/mc-acusa-al-pt-y-morena-de-guerra-sucia-contra-ricardo-bours\/\"},\"author\":{\"name\":\"enequipo\",\"@id\":\"https:\/\/www.sonoraenequipo.com.mx\/#\/schema\/person\/50102df0fb23a8fa9e8effad8fa81386\"},\"headline\":\"MC acusa al PT y Morena de Guerra sucia contra Ricardo Bours\",\"datePublished\":\"2021-02-17T05:40:26+00:00\",\"mainEntityOfPage\":{\"@id\":\"https:\/\/www.sonoraenequipo.com.mx\/mc-acusa-al-pt-y-morena-de-guerra-sucia-contra-ricardo-bours\/\"},\"wordCount\":436,\"commentCount\":0,\"publisher\":{\"@id\":\"https:\/\/www.sonoraenequipo.com.mx\/#organization\"},\"image\":{\"@id\":\"https:\/\/www.sonoraenequipo.com.mx\/mc-acusa-al-pt-y-morena-de-guerra-sucia-contra-ricardo-bours\/#primaryimage\"},\"thumbnailUrl\":\"https:\/\/www.sonoraenequipo.com.mx\/storage\/2021\/02\/rb-logo.jpg\",\"keywords\":[\"elecciones sonora2021\",\"Ricardo Bours\"],\"articleSection\":[\"Sonora\"],\"inLanguage\":\"es\",\"potentialAction\":[{\"@type\":\"CommentAction\",\"name\":\"Comment\",\"target\":[\"https:\/\/www.sonoraenequipo.com.mx\/mc-acusa-al-pt-y-morena-de-guerra-sucia-contra-ricardo-bours\/#respond\"]}]},{\"@type\":\"WebPage\",\"@id\":\"https:\/\/www.sonoraenequipo.com.mx\/mc-acusa-al-pt-y-morena-de-guerra-sucia-contra-ricardo-bours\/\",\"url\":\"https:\/\/www.sonoraenequipo.com.mx\/mc-acusa-al-pt-y-morena-de-guerra-sucia-contra-ricardo-bours\/\",\"name\":\"Sonora en Equipo. MC acusa al PT y Morena de Guerra sucia contra Ricardo Bours Sonora\",\"isPartOf\":{\"@id\":\"https:\/\/www.sonoraenequipo.com.mx\/#website\"},\"primaryImageOfPage\":{\"@id\":\"https:\/\/www.sonoraenequipo.com.mx\/mc-acusa-al-pt-y-morena-de-guerra-sucia-contra-ricardo-bours\/#primaryimage\"},\"image\":{\"@id\":\"https:\/\/www.sonoraenequipo.com.mx\/mc-acusa-al-pt-y-morena-de-guerra-sucia-contra-ricardo-bours\/#primaryimage\"},\"thumbnailUrl\":\"https:\/\/www.sonoraenequipo.com.mx\/storage\/2021\/02\/rb-logo.jpg\",\"datePublished\":\"2021-02-17T05:40:26+00:00\",\"description\":\"MC acusa a PT y Morena de Guerra sucia contra Ricardo Bours \u25ba presentan denuncia formal ante el INE &nbsp; HERMOSILLO, SONORA,MX.\u2500\u2500 Movimiento Ciudadano En Sonora en Equipo publicamos toda la informaci\u00f3n de Sonora, M\u00e9xico y el Mundo de manera oportuna y busca que la libertad de expresi\u00f3n sea real. Visita nuestro medio informativo publicado desde Hermosillo, Sonora. %\",\"breadcrumb\":{\"@id\":\"https:\/\/www.sonoraenequipo.com.mx\/mc-acusa-al-pt-y-morena-de-guerra-sucia-contra-ricardo-bours\/#breadcrumb\"},\"inLanguage\":\"es\",\"potentialAction\":[{\"@type\":\"ReadAction\",\"target\":[\"https:\/\/www.sonoraenequipo.com.mx\/mc-acusa-al-pt-y-morena-de-guerra-sucia-contra-ricardo-bours\/\"]}]},{\"@type\":\"ImageObject\",\"inLanguage\":\"es\",\"@id\":\"https:\/\/www.sonoraenequipo.com.mx\/mc-acusa-al-pt-y-morena-de-guerra-sucia-contra-ricardo-bours\/#primaryimage\",\"url\":\"https:\/\/www.sonoraenequipo.com.mx\/storage\/2021\/02\/rb-logo.jpg\",\"contentUrl\":\"https:\/\/www.sonoraenequipo.com.mx\/storage\/2021\/02\/rb-logo.jpg\",\"width\":500,\"height\":300},{\"@type\":\"BreadcrumbList\",\"@id\":\"https:\/\/www.sonoraenequipo.com.mx\/mc-acusa-al-pt-y-morena-de-guerra-sucia-contra-ricardo-bours\/#breadcrumb\",\"itemListElement\":[{\"@type\":\"ListItem\",\"position\":1,\"name\":\"Portada\",\"item\":\"https:\/\/www.sonoraenequipo.com.mx\/\"},{\"@type\":\"ListItem\",\"position\":2,\"name\":\"MC acusa al PT y Morena de Guerra sucia contra Ricardo Bours\"}]},{\"@type\":\"WebSite\",\"@id\":\"https:\/\/www.sonoraenequipo.com.mx\/#website\",\"url\":\"https:\/\/www.sonoraenequipo.com.mx\/\",\"name\":\"Sonora en Equipo.\",\"description\":\"Diario en l\u00ednea con Noticias desde Hermosillo, Sonora\",\"publisher\":{\"@id\":\"https:\/\/www.sonoraenequipo.com.mx\/#organization\"},\"potentialAction\":[{\"@type\":\"SearchAction\",\"target\":{\"@type\":\"EntryPoint\",\"urlTemplate\":\"https:\/\/www.sonoraenequipo.com.mx\/?s={search_term_string}\"},\"query-input\":{\"@type\":\"PropertyValueSpecification\",\"valueRequired\":true,\"valueName\":\"search_term_string\"}}],\"inLanguage\":\"es\"},{\"@type\":\"Organization\",\"@id\":\"https:\/\/www.sonoraenequipo.com.mx\/#organization\",\"name\":\"Sonoraenequipo.com.mx\",\"url\":\"https:\/\/www.sonoraenequipo.com.mx\/\",\"logo\":{\"@type\":\"ImageObject\",\"inLanguage\":\"es\",\"@id\":\"https:\/\/www.sonoraenequipo.com.mx\/#\/schema\/logo\/image\/\",\"url\":\"https:\/\/www.sonoraenequipo.com.mx\/storage\/2019\/01\/sonoraenequipo_opt.png\",\"contentUrl\":\"https:\/\/www.sonoraenequipo.com.mx\/storage\/2019\/01\/sonoraenequipo_opt.png\",\"width\":375,\"height\":125,\"caption\":\"Sonoraenequipo.com.mx\"},\"image\":{\"@id\":\"https:\/\/www.sonoraenequipo.com.mx\/#\/schema\/logo\/image\/\"},\"sameAs\":[\"https:\/\/www.facebook.com\/SonoraEE\/\",\"https:\/\/x.com\/sonoraenequipo\",\"https:\/\/www.youtube.com\/channel\/UC338nW-lPEYmJQs4ZABQ1SQ\"]},{\"@type\":\"Person\",\"@id\":\"https:\/\/www.sonoraenequipo.com.mx\/#\/schema\/person\/50102df0fb23a8fa9e8effad8fa81386\",\"name\":\"enequipo\",\"image\":{\"@type\":\"ImageObject\",\"inLanguage\":\"es\",\"@id\":\"https:\/\/www.sonoraenequipo.com.mx\/#\/schema\/person\/image\/\",\"url\":\"https:\/\/secure.gravatar.com\/avatar\/049821681b589dabc0bc20695993ccebb09f5b5d4d790cd9251b97faac7c652b?s=96&d=blank&r=g\",\"contentUrl\":\"https:\/\/secure.gravatar.com\/avatar\/049821681b589dabc0bc20695993ccebb09f5b5d4d790cd9251b97faac7c652b?s=96&d=blank&r=g\",\"caption\":\"enequipo\"},\"sameAs\":[\"https:\/\/www.facebook.com\/SonoraEE\"]}]}<\/script>\n ","yoast_head_json":{"title":"Sonora en Equipo. MC acusa al PT y Morena de Guerra sucia contra Ricardo Bours Sonora","description":"MC acusa a PT y Morena de Guerra sucia contra Ricardo Bours \u25ba presentan denuncia formal ante el INE &nbsp; HERMOSILLO, SONORA,MX.\u2500\u2500 Movimiento Ciudadano En Sonora en Equipo publicamos toda la informaci\u00f3n de Sonora, M\u00e9xico y el Mundo de manera oportuna y busca que la libertad de expresi\u00f3n sea real. Visita nuestro medio informativo publicado desde Hermosillo, Sonora. %","robots":{"index":"index","follow":"follow","max-snippet":"max-snippet:-1","max-image-preview":"max-image-preview:large","max-video-preview":"max-video-preview:-1"},"canonical":"https:\/\/www.sonoraenequipo.com.mx\/mc-acusa-al-pt-y-morena-de-guerra-sucia-contra-ricardo-bours\/","og_locale":"es_ES","og_type":"article","og_title":"Sonora en Equipo. MC acusa al PT y Morena de Guerra sucia contra Ricardo Bours Sonora","og_description":"MC acusa a PT y Morena de Guerra sucia contra Ricardo Bours \u25ba presentan denuncia formal ante el INE &nbsp; HERMOSILLO, SONORA,MX.\u2500\u2500 Movimiento Ciudadano En Sonora en Equipo publicamos toda la informaci\u00f3n de Sonora, M\u00e9xico y el Mundo de manera oportuna y busca que la libertad de expresi\u00f3n sea real. Visita nuestro medio informativo publicado desde Hermosillo, Sonora. %","og_url":"https:\/\/www.sonoraenequipo.com.mx\/mc-acusa-al-pt-y-morena-de-guerra-sucia-contra-ricardo-bours\/","og_site_name":"Sonora en Equipo.","article_publisher":"https:\/\/www.facebook.com\/SonoraEE\/","article_author":"https:\/\/www.facebook.com\/SonoraEE","article_published_time":"2021-02-17T05:40:26+00:00","og_image":[{"width":500,"height":300,"url":"https:\/\/www.sonoraenequipo.com.mx\/storage\/2021\/02\/rb-logo.jpg","type":"image\/jpeg"}],"author":"enequipo","twitter_card":"summary_large_image","twitter_creator":"@sonoraenequipo","twitter_site":"@sonoraenequipo","twitter_misc":{"Escrito por":"enequipo","Tiempo de lectura":"2 minutos"},"schema":{"@context":"https:\/\/schema.org","@graph":[{"@type":"Article","@id":"https:\/\/www.sonoraenequipo.com.mx\/mc-acusa-al-pt-y-morena-de-guerra-sucia-contra-ricardo-bours\/#article","isPartOf":{"@id":"https:\/\/www.sonoraenequipo.com.mx\/mc-acusa-al-pt-y-morena-de-guerra-sucia-contra-ricardo-bours\/"},"author":{"name":"enequipo","@id":"https:\/\/www.sonoraenequipo.com.mx\/#\/schema\/person\/50102df0fb23a8fa9e8effad8fa81386"},"headline":"MC acusa al PT y Morena de Guerra sucia contra Ricardo Bours","datePublished":"2021-02-17T05:40:26+00:00","mainEntityOfPage":{"@id":"https:\/\/www.sonoraenequipo.com.mx\/mc-acusa-al-pt-y-morena-de-guerra-sucia-contra-ricardo-bours\/"},"wordCount":436,"commentCount":0,"publisher":{"@id":"https:\/\/www.sonoraenequipo.com.mx\/#organization"},"image":{"@id":"https:\/\/www.sonoraenequipo.com.mx\/mc-acusa-al-pt-y-morena-de-guerra-sucia-contra-ricardo-bours\/#primaryimage"},"thumbnailUrl":"https:\/\/www.sonoraenequipo.com.mx\/storage\/2021\/02\/rb-logo.jpg","keywords":["elecciones sonora2021","Ricardo Bours"],"articleSection":["Sonora"],"inLanguage":"es","potentialAction":[{"@type":"CommentAction","name":"Comment","target":["https:\/\/www.sonoraenequipo.com.mx\/mc-acusa-al-pt-y-morena-de-guerra-sucia-contra-ricardo-bours\/#respond"]}]},{"@type":"WebPage","@id":"https:\/\/www.sonoraenequipo.com.mx\/mc-acusa-al-pt-y-morena-de-guerra-sucia-contra-ricardo-bours\/","url":"https:\/\/www.sonoraenequipo.com.mx\/mc-acusa-al-pt-y-morena-de-guerra-sucia-contra-ricardo-bours\/","name":"Sonora en Equipo. MC acusa al PT y Morena de Guerra sucia contra Ricardo Bours Sonora","isPartOf":{"@id":"https:\/\/www.sonoraenequipo.com.mx\/#website"},"primaryImageOfPage":{"@id":"https:\/\/www.sonoraenequipo.com.mx\/mc-acusa-al-pt-y-morena-de-guerra-sucia-contra-ricardo-bours\/#primaryimage"},"image":{"@id":"https:\/\/www.sonoraenequipo.com.mx\/mc-acusa-al-pt-y-morena-de-guerra-sucia-contra-ricardo-bours\/#primaryimage"},"thumbnailUrl":"https:\/\/www.sonoraenequipo.com.mx\/storage\/2021\/02\/rb-logo.jpg","datePublished":"2021-02-17T05:40:26+00:00","description":"MC acusa a PT y Morena de Guerra sucia contra Ricardo Bours \u25ba presentan denuncia formal ante el INE &nbsp; HERMOSILLO, SONORA,MX.\u2500\u2500 Movimiento Ciudadano En Sonora en Equipo publicamos toda la informaci\u00f3n de Sonora, M\u00e9xico y el Mundo de manera oportuna y busca que la libertad de expresi\u00f3n sea real. Visita nuestro medio informativo publicado desde Hermosillo, Sonora. %","breadcrumb":{"@id":"https:\/\/www.sonoraenequipo.com.mx\/mc-acusa-al-pt-y-morena-de-guerra-sucia-contra-ricardo-bours\/#breadcrumb"},"inLanguage":"es","potentialAction":[{"@type":"ReadAction","target":["https:\/\/www.sonoraenequipo.com.mx\/mc-acusa-al-pt-y-morena-de-guerra-sucia-contra-ricardo-bours\/"]}]},{"@type":"ImageObject","inLanguage":"es","@id":"https:\/\/www.sonoraenequipo.com.mx\/mc-acusa-al-pt-y-morena-de-guerra-sucia-contra-ricardo-bours\/#primaryimage","url":"https:\/\/www.sonoraenequipo.com.mx\/storage\/2021\/02\/rb-logo.jpg","contentUrl":"https:\/\/www.sonoraenequipo.com.mx\/storage\/2021\/02\/rb-logo.jpg","width":500,"height":300},{"@type":"BreadcrumbList","@id":"https:\/\/www.sonoraenequipo.com.mx\/mc-acusa-al-pt-y-morena-de-guerra-sucia-contra-ricardo-bours\/#breadcrumb","itemListElement":[{"@type":"ListItem","position":1,"name":"Portada","item":"https:\/\/www.sonoraenequipo.com.mx\/"},{"@type":"ListItem","position":2,"name":"MC acusa al PT y Morena de Guerra sucia contra Ricardo Bours"}]},{"@type":"WebSite","@id":"https:\/\/www.sonoraenequipo.com.mx\/#website","url":"https:\/\/www.sonoraenequipo.com.mx\/","name":"Sonora en Equipo.","description":"Diario en l\u00ednea con Noticias desde Hermosillo, Sonora","publisher":{"@id":"https:\/\/www.sonoraenequipo.com.mx\/#organization"},"potentialAction":[{"@type":"SearchAction","target":{"@type":"EntryPoint","urlTemplate":"https:\/\/www.sonoraenequipo.com.mx\/?s={search_term_string}"},"query-input":{"@type":"PropertyValueSpecification","valueRequired":true,"valueName":"search_term_string"}}],"inLanguage":"es"},{"@type":"Organization","@id":"https:\/\/www.sonoraenequipo.com.mx\/#organization","name":"Sonoraenequipo.com.mx","url":"https:\/\/www.sonoraenequipo.com.mx\/","logo":{"@type":"ImageObject","inLanguage":"es","@id":"https:\/\/www.sonoraenequipo.com.mx\/#\/schema\/logo\/image\/","url":"https:\/\/www.sonoraenequipo.com.mx\/storage\/2019\/01\/sonoraenequipo_opt.png","contentUrl":"https:\/\/www.sonoraenequipo.com.mx\/storage\/2019\/01\/sonoraenequipo_opt.png","width":375,"height":125,"caption":"Sonoraenequipo.com.mx"},"image":{"@id":"https:\/\/www.sonoraenequipo.com.mx\/#\/schema\/logo\/image\/"},"sameAs":["https:\/\/www.facebook.com\/SonoraEE\/","https:\/\/x.com\/sonoraenequipo","https:\/\/www.youtube.com\/channel\/UC338nW-lPEYmJQs4ZABQ1SQ"]},{"@type":"Person","@id":"https:\/\/www.sonoraenequipo.com.mx\/#\/schema\/person\/50102df0fb23a8fa9e8effad8fa81386","name":"enequipo","image":{"@type":"ImageObject","inLanguage":"es","@id":"https:\/\/www.sonoraenequipo.com.mx\/#\/schema\/person\/image\/","url":"https:\/\/secure.gravatar.com\/avatar\/049821681b589dabc0bc20695993ccebb09f5b5d4d790cd9251b97faac7c652b?s=96&d=blank&r=g","contentUrl":"https:\/\/secure.gravatar.com\/avatar\/049821681b589dabc0bc20695993ccebb09f5b5d4d790cd9251b97faac7c652b?s=96&d=blank&r=g","caption":"enequipo"},"sameAs":["https:\/\/www.facebook.com\/SonoraEE"]}]}},"jetpack_featured_media_url":"https:\/\/www.sonoraenequipo.com.mx\/storage\/2021\/02\/rb-logo.jpg","_links":{"self":[{"href":"https:\/\/www.sonoraenequipo.com.mx\/api\/wp\/v2\/posts\/107201","targetHints":{"allow":["GET"]}}],"collection":[{"href":"https:\/\/www.sonoraenequipo.com.mx\/api\/wp\/v2\/posts"}],"about":[{"href":"https:\/\/www.sonoraenequipo.com.mx\/api\/wp\/v2\/types\/post"}],"author":[{"embeddable":true,"href":"https:\/\/www.sonoraenequipo.com.mx\/api\/wp\/v2\/users\/1"}],"replies":[{"embeddable":true,"href":"https:\/\/www.sonoraenequipo.com.mx\/api\/wp\/v2\/comments?post=107201"}],"version-history":[{"count":1,"href":"https:\/\/www.sonoraenequipo.com.mx\/api\/wp\/v2\/posts\/107201\/revisions"}],"predecessor-version":[{"id":107203,"href":"https:\/\/www.sonoraenequipo.com.mx\/api\/wp\/v2\/posts\/107201\/revisions\/107203"}],"wp:featuredmedia":[{"embeddable":true,"href":"https:\/\/www.sonoraenequipo.com.mx\/api\/wp\/v2\/media\/107202"}],"wp:attachment":[{"href":"https:\/\/www.sonoraenequipo.com.mx\/api\/wp\/v2\/media?parent=107201"}],"wp:term":[{"taxonomy":"category","embeddable":true,"href":"https:\/\/www.sonoraenequipo.com.mx\/api\/wp\/v2\/categories?post=107201"},{"taxonomy":"post_tag","embeddable":true,"href":"https:\/\/www.sonoraenequipo.com.mx\/api\/wp\/v2\/tags?post=107201"}],"curies":[{"name":"wp","href":"https:\/\/api.w.org\/{rel}","templated":true}]}}