{"id":107209,"date":"2021-02-17T10:00:02","date_gmt":"2021-02-17T17:00:02","guid":{"rendered":"https:\/\/www.sonoraenequipo.com.mx\/?p=107209"},"modified":"2021-02-17T11:28:56","modified_gmt":"2021-02-17T18:28:56","slug":"el-pueblo-y-los-jueces-seran-los-que-decidan-acerca-del-candidato-salgado-macedonio-dice-amlo","status":"publish","type":"post","link":"https:\/\/www.sonoraenequipo.com.mx\/el-pueblo-y-los-jueces-seran-los-que-decidan-acerca-del-candidato-salgado-macedonio-dice-amlo\/","title":{"rendered":"El pueblo y los jueces ser\u00e1n los que decidan acerca del candidato Salgado Macedonio, dice AMLO"},"content":{"rendered":"<p>CIUDAD DE M\u00c9XICO. MX. \u2014 Esta ma\u00f1ana el presidente Andr\u00e9s Manuel L\u00f3pez Obrador fue cuestionado una vez m\u00e1s acerca de la candidatura para el gobierno de Guerrero, de F\u00e9lix Salgado Macedonio, contra qui\u00e9n pesan varias demandas por violaci\u00f3n.<\/p>\n<p>&nbsp;<\/p>\n<p> <\/p>\n<p>&nbsp;<\/p>\n<p>Al responder sobre las acusaciones de agresiones sexuales del candidato a gobernador en Guerrero, el presidente dijo que asuntos que tienen que ver con violaci\u00f3n, son muy fuertes, pero que no se puede hacer un linchamiento pol\u00edtico.<\/p>\n<p>&nbsp;<\/p>\n<p>&nbsp;<\/p>\n<p>Luego dijo que el pueblo ser\u00e1 el que decida acerca del candidato y el ministerio p\u00fablico, los jueces har\u00e1n lo suyo en los asuntos legales.<\/p>\n<p><em>\u201cDejarle el asunto, si es pol\u00edtico al pueblo, para no equivocarnos lo mejor es preguntar al pueblo, segundo la autoridad, el Ministerio P\u00fablico, los jueces, no la campa\u00f1a medi\u00e1tica\u201d,<\/em> se\u00f1al\u00f3 en su conferencia ma\u00f1anera.<\/p>\n<p>&nbsp;<\/p>\n<p><em>\u201cYa dije que son tiempos de elecciones y hay acusaciones de todo tipo\u201d<\/em>, insisti\u00f3.<\/p>\n<p>&nbsp;<\/p>\n<p><em>\u201cNo tengo porque opinar en este caso, ya mencion\u00e9, primero hay que tenerle confianza al pueblo, la gente es la que decide, si se hacen encuestas y la gente dice que est\u00e1n de acuerdo, pienso que se deben de respetar. La pol\u00edtica es asunto de todos, no de las \u00e9lites\u201d.<\/em><\/p>\n<p>&nbsp;<\/p>\n<p>Lo mejor, a\u00f1adi\u00f3 el Ejecutivo, la realizaci\u00f3n de encuestas para preguntar a la gente, eso hay que tomarlo en cuenta, porque si no, estamos juzgando sin elementos.<\/p>\n<p>&nbsp;<\/p>\n<p><em>\u201cTenerle confianza a la gente, el pueblo no es tonto; la democracia, los guerrerenses, ellos, la mayor\u00eda mediante procedimientos democr\u00e1ticos y darle la confianza a la gente, el pueblo no es menor de edad, sabe lo que conviene; y lo segundo hay instancias legales, si alguien comete alg\u00fan delito se tiene que denunciar y buscar que se castigue, eso es, lo otro es qu\u00edtate t\u00fa porque quiero yo, o la politiquer\u00eda y pues tambi\u00e9n los intereses, porque en todo esto siempre hay que preguntar\u00bf y de parte de qui\u00e9n?\u201d<\/em>, coment\u00f3 el mandatario.<\/p>\n<p>&nbsp;<\/p>\n<p><em>\u201cQue la justicia act\u00fae y se vea si existen elementos y se conozca el contexto, porque estamos hablando de una elecci\u00f3n; no hay que meternos en eso, ya la gente y si no, la autoridad, pero s\u00ed es como para preguntar \u00bfy de parte de qui\u00e9n?\u201d.<\/em><\/p>\n<p>&nbsp;<\/p>\n<p>L\u00f3pez Obrador refrend\u00f3 que siempre hay acusaciones, pero cuando hay temporada electoral se incrementa el n\u00famero de acusaciones de todo tipo.<\/p>\n<p>&nbsp;<\/p>\n<p>Corresponde, a\u00f1adi\u00f3, a la autoridad resolverlo y <em>\u201ccuidar que no se utilicen estos casos con prop\u00f3sitos pol\u00edticos electorales o politiqueros o no quiero que sea \u00e9l porque a m\u00ed me tocaba\u201d.<\/em><\/p>\n<p>&nbsp;<\/p>\n<p>(Publicada el 17\/02\/2021)<\/p>\n","protected":false},"excerpt":{"rendered":"<p>CIUDAD DE M\u00c9XICO. MX. \u2014 Esta ma\u00f1ana el presidente Andr\u00e9s Manuel L\u00f3pez Obrador fue cuestionado&#8230;<\/p>\n","protected":false},"author":1,"featured_media":0,"comment_status":"open","ping_status":"open","sticky":false,"template":"","format":"standard","meta":{"_monsterinsights_skip_tracking":false,"_monsterinsights_sitenote_active":false,"_monsterinsights_sitenote_note":"","_monsterinsights_sitenote_category":0,"footnotes":""},"categories":[5],"tags":[],"class_list":["post"],"yoast_head":" \n<title>Sonora en Equipo. El pueblo y los jueces ser\u00e1n los que decidan acerca del candidato Salgado Macedonio, dice AMLO Rep\u00fablica<\/title>\n<meta name=\"description\" content=\"CIUDAD DE M\u00c9XICO. MX. \u2014 Esta ma\u00f1ana el presidente Andr\u00e9s Manuel L\u00f3pez Obrador fue cuestionado una vez m\u00e1s acerca de la candidatura para el gobierno de En Sonora en Equipo publicamos toda la informaci\u00f3n de Sonora, M\u00e9xico y el Mundo de manera oportuna y busca que la libertad de expresi\u00f3n sea real. Visita nuestro medio informativo publicado desde Hermosillo, Sonora. %\" \/>\n<meta name=\"robots\" content=\"index, follow, max-snippet:-1, max-image-preview:large, max-video-preview:-1\" \/>\n<link rel=\"canonical\" href=\"https:\/\/www.sonoraenequipo.com.mx\/el-pueblo-y-los-jueces-seran-los-que-decidan-acerca-del-candidato-salgado-macedonio-dice-amlo\/\" \/>\n<meta property=\"og:locale\" content=\"es_ES\" \/>\n<meta property=\"og:type\" content=\"article\" \/>\n<meta property=\"og:title\" content=\"Sonora en Equipo. El pueblo y los jueces ser\u00e1n los que decidan acerca del candidato Salgado Macedonio, dice AMLO Rep\u00fablica\" \/>\n<meta property=\"og:description\" content=\"CIUDAD DE M\u00c9XICO. MX. \u2014 Esta ma\u00f1ana el presidente Andr\u00e9s Manuel L\u00f3pez Obrador fue cuestionado una vez m\u00e1s acerca de la candidatura para el gobierno de En Sonora en Equipo publicamos toda la informaci\u00f3n de Sonora, M\u00e9xico y el Mundo de manera oportuna y busca que la libertad de expresi\u00f3n sea real. Visita nuestro medio informativo publicado desde Hermosillo, Sonora. %\" \/>\n<meta property=\"og:url\" content=\"https:\/\/www.sonoraenequipo.com.mx\/el-pueblo-y-los-jueces-seran-los-que-decidan-acerca-del-candidato-salgado-macedonio-dice-amlo\/\" \/>\n<meta property=\"og:site_name\" content=\"Sonora en Equipo.\" \/>\n<meta property=\"article:publisher\" content=\"https:\/\/www.facebook.com\/SonoraEE\/\" \/>\n<meta property=\"article:author\" content=\"https:\/\/www.facebook.com\/SonoraEE\" \/>\n<meta property=\"article:published_time\" content=\"2021-02-17T17:00:02+00:00\" \/>\n<meta property=\"article:modified_time\" content=\"2021-02-17T18:28:56+00:00\" \/>\n<meta name=\"author\" content=\"enequipo\" \/>\n<meta name=\"twitter:card\" content=\"summary_large_image\" \/>\n<meta name=\"twitter:creator\" content=\"@sonoraenequipo\" \/>\n<meta name=\"twitter:site\" content=\"@sonoraenequipo\" \/>\n<meta name=\"twitter:label1\" content=\"Escrito por\" \/>\n\t<meta name=\"twitter:data1\" content=\"enequipo\" \/>\n\t<meta name=\"twitter:label2\" content=\"Tiempo de lectura\" \/>\n\t<meta name=\"twitter:data2\" content=\"2 minutos\" \/>\n<script type=\"application\/ld+json\" class=\"yoast-schema-graph\">{\"@context\":\"https:\/\/schema.org\",\"@graph\":[{\"@type\":\"Article\",\"@id\":\"https:\/\/www.sonoraenequipo.com.mx\/el-pueblo-y-los-jueces-seran-los-que-decidan-acerca-del-candidato-salgado-macedonio-dice-amlo\/#article\",\"isPartOf\":{\"@id\":\"https:\/\/www.sonoraenequipo.com.mx\/el-pueblo-y-los-jueces-seran-los-que-decidan-acerca-del-candidato-salgado-macedonio-dice-amlo\/\"},\"author\":{\"name\":\"enequipo\",\"@id\":\"https:\/\/www.sonoraenequipo.com.mx\/#\/schema\/person\/50102df0fb23a8fa9e8effad8fa81386\"},\"headline\":\"El pueblo y los jueces ser\u00e1n los que decidan acerca del candidato Salgado Macedonio, dice AMLO\",\"datePublished\":\"2021-02-17T17:00:02+00:00\",\"dateModified\":\"2021-02-17T18:28:56+00:00\",\"mainEntityOfPage\":{\"@id\":\"https:\/\/www.sonoraenequipo.com.mx\/el-pueblo-y-los-jueces-seran-los-que-decidan-acerca-del-candidato-salgado-macedonio-dice-amlo\/\"},\"wordCount\":482,\"commentCount\":0,\"publisher\":{\"@id\":\"https:\/\/www.sonoraenequipo.com.mx\/#organization\"},\"articleSection\":[\"Rep\u00fablica\"],\"inLanguage\":\"es\",\"potentialAction\":[{\"@type\":\"CommentAction\",\"name\":\"Comment\",\"target\":[\"https:\/\/www.sonoraenequipo.com.mx\/el-pueblo-y-los-jueces-seran-los-que-decidan-acerca-del-candidato-salgado-macedonio-dice-amlo\/#respond\"]}]},{\"@type\":\"WebPage\",\"@id\":\"https:\/\/www.sonoraenequipo.com.mx\/el-pueblo-y-los-jueces-seran-los-que-decidan-acerca-del-candidato-salgado-macedonio-dice-amlo\/\",\"url\":\"https:\/\/www.sonoraenequipo.com.mx\/el-pueblo-y-los-jueces-seran-los-que-decidan-acerca-del-candidato-salgado-macedonio-dice-amlo\/\",\"name\":\"Sonora en Equipo. El pueblo y los jueces ser\u00e1n los que decidan acerca del candidato Salgado Macedonio, dice AMLO Rep\u00fablica\",\"isPartOf\":{\"@id\":\"https:\/\/www.sonoraenequipo.com.mx\/#website\"},\"datePublished\":\"2021-02-17T17:00:02+00:00\",\"dateModified\":\"2021-02-17T18:28:56+00:00\",\"description\":\"CIUDAD DE M\u00c9XICO. MX. \u2014 Esta ma\u00f1ana el presidente Andr\u00e9s Manuel L\u00f3pez Obrador fue cuestionado una vez m\u00e1s acerca de la candidatura para el gobierno de En Sonora en Equipo publicamos toda la informaci\u00f3n de Sonora, M\u00e9xico y el Mundo de manera oportuna y busca que la libertad de expresi\u00f3n sea real. Visita nuestro medio informativo publicado desde Hermosillo, Sonora. %\",\"breadcrumb\":{\"@id\":\"https:\/\/www.sonoraenequipo.com.mx\/el-pueblo-y-los-jueces-seran-los-que-decidan-acerca-del-candidato-salgado-macedonio-dice-amlo\/#breadcrumb\"},\"inLanguage\":\"es\",\"potentialAction\":[{\"@type\":\"ReadAction\",\"target\":[\"https:\/\/www.sonoraenequipo.com.mx\/el-pueblo-y-los-jueces-seran-los-que-decidan-acerca-del-candidato-salgado-macedonio-dice-amlo\/\"]}]},{\"@type\":\"BreadcrumbList\",\"@id\":\"https:\/\/www.sonoraenequipo.com.mx\/el-pueblo-y-los-jueces-seran-los-que-decidan-acerca-del-candidato-salgado-macedonio-dice-amlo\/#breadcrumb\",\"itemListElement\":[{\"@type\":\"ListItem\",\"position\":1,\"name\":\"Portada\",\"item\":\"https:\/\/www.sonoraenequipo.com.mx\/\"},{\"@type\":\"ListItem\",\"position\":2,\"name\":\"El pueblo y los jueces ser\u00e1n los que decidan acerca del candidato Salgado Macedonio, dice AMLO\"}]},{\"@type\":\"WebSite\",\"@id\":\"https:\/\/www.sonoraenequipo.com.mx\/#website\",\"url\":\"https:\/\/www.sonoraenequipo.com.mx\/\",\"name\":\"Sonora en Equipo.\",\"description\":\"Diario en l\u00ednea con Noticias desde Hermosillo, Sonora\",\"publisher\":{\"@id\":\"https:\/\/www.sonoraenequipo.com.mx\/#organization\"},\"potentialAction\":[{\"@type\":\"SearchAction\",\"target\":{\"@type\":\"EntryPoint\",\"urlTemplate\":\"https:\/\/www.sonoraenequipo.com.mx\/?s={search_term_string}\"},\"query-input\":{\"@type\":\"PropertyValueSpecification\",\"valueRequired\":true,\"valueName\":\"search_term_string\"}}],\"inLanguage\":\"es\"},{\"@type\":\"Organization\",\"@id\":\"https:\/\/www.sonoraenequipo.com.mx\/#organization\",\"name\":\"Sonoraenequipo.com.mx\",\"url\":\"https:\/\/www.sonoraenequipo.com.mx\/\",\"logo\":{\"@type\":\"ImageObject\",\"inLanguage\":\"es\",\"@id\":\"https:\/\/www.sonoraenequipo.com.mx\/#\/schema\/logo\/image\/\",\"url\":\"https:\/\/www.sonoraenequipo.com.mx\/storage\/2019\/01\/sonoraenequipo_opt.png\",\"contentUrl\":\"https:\/\/www.sonoraenequipo.com.mx\/storage\/2019\/01\/sonoraenequipo_opt.png\",\"width\":375,\"height\":125,\"caption\":\"Sonoraenequipo.com.mx\"},\"image\":{\"@id\":\"https:\/\/www.sonoraenequipo.com.mx\/#\/schema\/logo\/image\/\"},\"sameAs\":[\"https:\/\/www.facebook.com\/SonoraEE\/\",\"https:\/\/x.com\/sonoraenequipo\",\"https:\/\/www.youtube.com\/channel\/UC338nW-lPEYmJQs4ZABQ1SQ\"]},{\"@type\":\"Person\",\"@id\":\"https:\/\/www.sonoraenequipo.com.mx\/#\/schema\/person\/50102df0fb23a8fa9e8effad8fa81386\",\"name\":\"enequipo\",\"image\":{\"@type\":\"ImageObject\",\"inLanguage\":\"es\",\"@id\":\"https:\/\/www.sonoraenequipo.com.mx\/#\/schema\/person\/image\/\",\"url\":\"https:\/\/secure.gravatar.com\/avatar\/049821681b589dabc0bc20695993ccebb09f5b5d4d790cd9251b97faac7c652b?s=96&d=blank&r=g\",\"contentUrl\":\"https:\/\/secure.gravatar.com\/avatar\/049821681b589dabc0bc20695993ccebb09f5b5d4d790cd9251b97faac7c652b?s=96&d=blank&r=g\",\"caption\":\"enequipo\"},\"sameAs\":[\"https:\/\/www.facebook.com\/SonoraEE\"]}]}<\/script>\n ","yoast_head_json":{"title":"Sonora en Equipo. El pueblo y los jueces ser\u00e1n los que decidan acerca del candidato Salgado Macedonio, dice AMLO Rep\u00fablica","description":"CIUDAD DE M\u00c9XICO. MX. \u2014 Esta ma\u00f1ana el presidente Andr\u00e9s Manuel L\u00f3pez Obrador fue cuestionado una vez m\u00e1s acerca de la candidatura para el gobierno de En Sonora en Equipo publicamos toda la informaci\u00f3n de Sonora, M\u00e9xico y el Mundo de manera oportuna y busca que la libertad de expresi\u00f3n sea real. Visita nuestro medio informativo publicado desde Hermosillo, Sonora. %","robots":{"index":"index","follow":"follow","max-snippet":"max-snippet:-1","max-image-preview":"max-image-preview:large","max-video-preview":"max-video-preview:-1"},"canonical":"https:\/\/www.sonoraenequipo.com.mx\/el-pueblo-y-los-jueces-seran-los-que-decidan-acerca-del-candidato-salgado-macedonio-dice-amlo\/","og_locale":"es_ES","og_type":"article","og_title":"Sonora en Equipo. El pueblo y los jueces ser\u00e1n los que decidan acerca del candidato Salgado Macedonio, dice AMLO Rep\u00fablica","og_description":"CIUDAD DE M\u00c9XICO. MX. \u2014 Esta ma\u00f1ana el presidente Andr\u00e9s Manuel L\u00f3pez Obrador fue cuestionado una vez m\u00e1s acerca de la candidatura para el gobierno de En Sonora en Equipo publicamos toda la informaci\u00f3n de Sonora, M\u00e9xico y el Mundo de manera oportuna y busca que la libertad de expresi\u00f3n sea real. Visita nuestro medio informativo publicado desde Hermosillo, Sonora. %","og_url":"https:\/\/www.sonoraenequipo.com.mx\/el-pueblo-y-los-jueces-seran-los-que-decidan-acerca-del-candidato-salgado-macedonio-dice-amlo\/","og_site_name":"Sonora en Equipo.","article_publisher":"https:\/\/www.facebook.com\/SonoraEE\/","article_author":"https:\/\/www.facebook.com\/SonoraEE","article_published_time":"2021-02-17T17:00:02+00:00","article_modified_time":"2021-02-17T18:28:56+00:00","author":"enequipo","twitter_card":"summary_large_image","twitter_creator":"@sonoraenequipo","twitter_site":"@sonoraenequipo","twitter_misc":{"Escrito por":"enequipo","Tiempo de lectura":"2 minutos"},"schema":{"@context":"https:\/\/schema.org","@graph":[{"@type":"Article","@id":"https:\/\/www.sonoraenequipo.com.mx\/el-pueblo-y-los-jueces-seran-los-que-decidan-acerca-del-candidato-salgado-macedonio-dice-amlo\/#article","isPartOf":{"@id":"https:\/\/www.sonoraenequipo.com.mx\/el-pueblo-y-los-jueces-seran-los-que-decidan-acerca-del-candidato-salgado-macedonio-dice-amlo\/"},"author":{"name":"enequipo","@id":"https:\/\/www.sonoraenequipo.com.mx\/#\/schema\/person\/50102df0fb23a8fa9e8effad8fa81386"},"headline":"El pueblo y los jueces ser\u00e1n los que decidan acerca del candidato Salgado Macedonio, dice AMLO","datePublished":"2021-02-17T17:00:02+00:00","dateModified":"2021-02-17T18:28:56+00:00","mainEntityOfPage":{"@id":"https:\/\/www.sonoraenequipo.com.mx\/el-pueblo-y-los-jueces-seran-los-que-decidan-acerca-del-candidato-salgado-macedonio-dice-amlo\/"},"wordCount":482,"commentCount":0,"publisher":{"@id":"https:\/\/www.sonoraenequipo.com.mx\/#organization"},"articleSection":["Rep\u00fablica"],"inLanguage":"es","potentialAction":[{"@type":"CommentAction","name":"Comment","target":["https:\/\/www.sonoraenequipo.com.mx\/el-pueblo-y-los-jueces-seran-los-que-decidan-acerca-del-candidato-salgado-macedonio-dice-amlo\/#respond"]}]},{"@type":"WebPage","@id":"https:\/\/www.sonoraenequipo.com.mx\/el-pueblo-y-los-jueces-seran-los-que-decidan-acerca-del-candidato-salgado-macedonio-dice-amlo\/","url":"https:\/\/www.sonoraenequipo.com.mx\/el-pueblo-y-los-jueces-seran-los-que-decidan-acerca-del-candidato-salgado-macedonio-dice-amlo\/","name":"Sonora en Equipo. El pueblo y los jueces ser\u00e1n los que decidan acerca del candidato Salgado Macedonio, dice AMLO Rep\u00fablica","isPartOf":{"@id":"https:\/\/www.sonoraenequipo.com.mx\/#website"},"datePublished":"2021-02-17T17:00:02+00:00","dateModified":"2021-02-17T18:28:56+00:00","description":"CIUDAD DE M\u00c9XICO. MX. \u2014 Esta ma\u00f1ana el presidente Andr\u00e9s Manuel L\u00f3pez Obrador fue cuestionado una vez m\u00e1s acerca de la candidatura para el gobierno de En Sonora en Equipo publicamos toda la informaci\u00f3n de Sonora, M\u00e9xico y el Mundo de manera oportuna y busca que la libertad de expresi\u00f3n sea real. Visita nuestro medio informativo publicado desde Hermosillo, Sonora. %","breadcrumb":{"@id":"https:\/\/www.sonoraenequipo.com.mx\/el-pueblo-y-los-jueces-seran-los-que-decidan-acerca-del-candidato-salgado-macedonio-dice-amlo\/#breadcrumb"},"inLanguage":"es","potentialAction":[{"@type":"ReadAction","target":["https:\/\/www.sonoraenequipo.com.mx\/el-pueblo-y-los-jueces-seran-los-que-decidan-acerca-del-candidato-salgado-macedonio-dice-amlo\/"]}]},{"@type":"BreadcrumbList","@id":"https:\/\/www.sonoraenequipo.com.mx\/el-pueblo-y-los-jueces-seran-los-que-decidan-acerca-del-candidato-salgado-macedonio-dice-amlo\/#breadcrumb","itemListElement":[{"@type":"ListItem","position":1,"name":"Portada","item":"https:\/\/www.sonoraenequipo.com.mx\/"},{"@type":"ListItem","position":2,"name":"El pueblo y los jueces ser\u00e1n los que decidan acerca del candidato Salgado Macedonio, dice AMLO"}]},{"@type":"WebSite","@id":"https:\/\/www.sonoraenequipo.com.mx\/#website","url":"https:\/\/www.sonoraenequipo.com.mx\/","name":"Sonora en Equipo.","description":"Diario en l\u00ednea con Noticias desde Hermosillo, Sonora","publisher":{"@id":"https:\/\/www.sonoraenequipo.com.mx\/#organization"},"potentialAction":[{"@type":"SearchAction","target":{"@type":"EntryPoint","urlTemplate":"https:\/\/www.sonoraenequipo.com.mx\/?s={search_term_string}"},"query-input":{"@type":"PropertyValueSpecification","valueRequired":true,"valueName":"search_term_string"}}],"inLanguage":"es"},{"@type":"Organization","@id":"https:\/\/www.sonoraenequipo.com.mx\/#organization","name":"Sonoraenequipo.com.mx","url":"https:\/\/www.sonoraenequipo.com.mx\/","logo":{"@type":"ImageObject","inLanguage":"es","@id":"https:\/\/www.sonoraenequipo.com.mx\/#\/schema\/logo\/image\/","url":"https:\/\/www.sonoraenequipo.com.mx\/storage\/2019\/01\/sonoraenequipo_opt.png","contentUrl":"https:\/\/www.sonoraenequipo.com.mx\/storage\/2019\/01\/sonoraenequipo_opt.png","width":375,"height":125,"caption":"Sonoraenequipo.com.mx"},"image":{"@id":"https:\/\/www.sonoraenequipo.com.mx\/#\/schema\/logo\/image\/"},"sameAs":["https:\/\/www.facebook.com\/SonoraEE\/","https:\/\/x.com\/sonoraenequipo","https:\/\/www.youtube.com\/channel\/UC338nW-lPEYmJQs4ZABQ1SQ"]},{"@type":"Person","@id":"https:\/\/www.sonoraenequipo.com.mx\/#\/schema\/person\/50102df0fb23a8fa9e8effad8fa81386","name":"enequipo","image":{"@type":"ImageObject","inLanguage":"es","@id":"https:\/\/www.sonoraenequipo.com.mx\/#\/schema\/person\/image\/","url":"https:\/\/secure.gravatar.com\/avatar\/049821681b589dabc0bc20695993ccebb09f5b5d4d790cd9251b97faac7c652b?s=96&d=blank&r=g","contentUrl":"https:\/\/secure.gravatar.com\/avatar\/049821681b589dabc0bc20695993ccebb09f5b5d4d790cd9251b97faac7c652b?s=96&d=blank&r=g","caption":"enequipo"},"sameAs":["https:\/\/www.facebook.com\/SonoraEE"]}]}},"jetpack_featured_media_url":"","_links":{"self":[{"href":"https:\/\/www.sonoraenequipo.com.mx\/api\/wp\/v2\/posts\/107209","targetHints":{"allow":["GET"]}}],"collection":[{"href":"https:\/\/www.sonoraenequipo.com.mx\/api\/wp\/v2\/posts"}],"about":[{"href":"https:\/\/www.sonoraenequipo.com.mx\/api\/wp\/v2\/types\/post"}],"author":[{"embeddable":true,"href":"https:\/\/www.sonoraenequipo.com.mx\/api\/wp\/v2\/users\/1"}],"replies":[{"embeddable":true,"href":"https:\/\/www.sonoraenequipo.com.mx\/api\/wp\/v2\/comments?post=107209"}],"version-history":[{"count":1,"href":"https:\/\/www.sonoraenequipo.com.mx\/api\/wp\/v2\/posts\/107209\/revisions"}],"predecessor-version":[{"id":107212,"href":"https:\/\/www.sonoraenequipo.com.mx\/api\/wp\/v2\/posts\/107209\/revisions\/107212"}],"wp:attachment":[{"href":"https:\/\/www.sonoraenequipo.com.mx\/api\/wp\/v2\/media?parent=107209"}],"wp:term":[{"taxonomy":"category","embeddable":true,"href":"https:\/\/www.sonoraenequipo.com.mx\/api\/wp\/v2\/categories?post=107209"},{"taxonomy":"post_tag","embeddable":true,"href":"https:\/\/www.sonoraenequipo.com.mx\/api\/wp\/v2\/tags?post=107209"}],"curies":[{"name":"wp","href":"https:\/\/api.w.org\/{rel}","templated":true}]}}