{"id":107213,"date":"2021-02-17T09:29:54","date_gmt":"2021-02-17T16:29:54","guid":{"rendered":"https:\/\/www.sonoraenequipo.com.mx\/?p=107213"},"modified":"2021-02-17T11:39:36","modified_gmt":"2021-02-17T18:39:36","slug":"mexico-tiene-alternativas-para-garantizar-suministro-de-energia-electrica-amlo","status":"publish","type":"post","link":"https:\/\/www.sonoraenequipo.com.mx\/mexico-tiene-alternativas-para-garantizar-suministro-de-energia-electrica-amlo\/","title":{"rendered":"M\u00e9xico tiene alternativas para garantizar suministro de energ\u00eda el\u00e9ctrica: AMLO"},"content":{"rendered":"<p>CIUDAD DE M\u00c9XICO. MX. \u2014 El presidente Andr\u00e9s Manuel L\u00f3pez Obrador afirm\u00f3 que M\u00e9xico tiene alternativas para solucionar el desabasto de suministro de energ\u00eda el\u00e9ctrica en el norte del pa\u00eds.<\/p>\n<p>&nbsp;<\/p>\n<p> <\/p>\n<p>&nbsp;<\/p>\n<p>Se trata, dijo, de dos plantas que no requieren gas para su funcionamiento, sino combust\u00f3leo y carb\u00f3n.<\/p>\n<p><em>\u201cNecesitamos ser autosuficientes, estar preparados para cualquier emergencia. Durante muchos a\u00f1os no se puso en pr\u00e1ctica ning\u00fan plan para extraer gas. Tenemos gas en el pa\u00eds pero no les import\u00f3 porque el negocio era comprar el gas porque en la compra del gas iba el \u2018moche\u2019. Imag\u00ednense, contratos con Repsol, lo puedo probar, de m\u00e1s de 20 mil millones de d\u00f3lares para traer gas del Per\u00fa; hicieron instalaciones especiales en Manzanillo con ese prop\u00f3sito, regasificadoras. M\u00e1s de 20 mil millones de d\u00f3lares y explicaba yo que no licitaron, fue un asunto que resolvieron arriba\u201d,<\/em> explic\u00f3 el mandatario.<\/p>\n<p>&nbsp;<\/p>\n<p>En conferencia de prensa matutina resalt\u00f3 que la planta termoel\u00e9ctrica de Guerrero aport\u00f3 un 75 por ciento de la energ\u00eda el\u00e9ctrica al inicio de la emergencia derivada de la escasez de gas en Texas por la tormenta invernal.<\/p>\n<p>&nbsp;<\/p>\n<p><em>\u201cEn Guerrero est\u00e1 apoy\u00e1ndose mucho con una planta de carb\u00f3n y de combust\u00f3leo. Se est\u00e1 llevando combust\u00f3leo de Tula a L\u00e1zaro C\u00e1rdenas por tren y tambi\u00e9n termoel\u00e9ctricas de ciclo combinado con gas licuado y se est\u00e1 procurando echar a andar todas las plantas. Las hidroel\u00e9ctricas est\u00e1n trabajando generando m\u00e1s energ\u00eda\u201d<\/em>, refiri\u00f3.<\/p>\n<p>&nbsp;<\/p>\n<p>El jefe del Ejecutivo dijo que en medio de esta crisis se constata la importancia de no haber cerrado plantas de la Comisi\u00f3n Federal de Electricidad (CFE).<\/p>\n<p>&nbsp;<\/p>\n<p><em>\u201cEsta crisis no nos agarra en estado de indefensi\u00f3n porque tenemos plantas que tuvieron presupuesto para su mantenimiento y se decidi\u00f3 que se conservaran a\u00fan subutilizadas porque por ley no pueden operar al cien por ciento porque el despacho de la energ\u00eda, el subir a la red la energ\u00eda, privilegia con la legislaci\u00f3n actual neoliberal a las particulares\u201d<\/em>, acot\u00f3.<\/p>\n<p>&nbsp;<\/p>\n<p>Inform\u00f3 que actualmente se analiza un proyecto para modernizar las termoel\u00e9rcticas del pa\u00eds con turbinas nuevas y de esta manera producir energ\u00eda.<\/p>\n<p>&nbsp;<\/p>\n<p><em>\u201cNo es hacer nuevas presas, porque no estamos planteando eso, sino aumentar el potencial de generaci\u00f3n de energ\u00eda el\u00e9ctrica con las mismas instalaciones, con la misma infraestructura, nada m\u00e1s que con turbinas modernas porque han transcurrido 50 a\u00f1os, 40 con las mismas turbinas. Es un plan que estamos analizando con posibilidad de aplicarlo\u201d,<\/em> puntualiz\u00f3.<\/p>\n<p>&nbsp;<\/p>\n<p>El mandatario comparti\u00f3 una tarjeta informativa de la CFE emitida a las 6:00 horas de este mi\u00e9rcoles, en la que se indica que para esa hora se encontraban sin suministro 89 mil 183 usuarios en Chihuahua y Tamaulipas, que representan el 0.21 por ciento de los usuarios totales de los estados afectados y el 0.2 por ciento del total de usuarios de la Comisi\u00f3n Federal de Electricidad.<\/p>\n<p>&nbsp;<\/p>\n<p><em>\u201cEs de resaltar que la Comisi\u00f3n Federal de Electricidad ha puesto a disposici\u00f3n del CENACE todas sus plantas de generaci\u00f3n para lograr el balance carga-generaci\u00f3n con lo que se ha disminuido los tiros de carga<\/em>\u201d, se\u00f1ala el comunicado.<\/p>\n<p>&nbsp;<\/p>\n<p>Sostuvo que<em> \u201cesto de ser cierto es una haza\u00f1a. Que ma\u00f1ana lo reconfirmemos. Esto no sucede en otras partes\u201d.<\/em><\/p>\n<p>&nbsp;<\/p>\n<p>Afirm\u00f3 que la CFE cuenta con trabajadores comprometidos y profesionales. Su labor y la operaci\u00f3n de las plantas que se rescataron, dijo, solucionar\u00e1n los problemas de suministro.<\/p>\n<p>&nbsp;<\/p>\n<p><em>\u201cSon muy buenos los t\u00e9cnicos de la Comisi\u00f3n Federal, como los t\u00e9cnicos de Pemex. Cuando hay huracanes, inundaciones, a los dos, tres d\u00edas ya se restableci\u00f3 el servicio por los trabajadores. Eso es una garant\u00eda, el tener trabajadores y t\u00e9cnicos muy comprometidos con estas empresas p\u00fablicas\u201d<\/em>, subray\u00f3.<\/p>\n<p>&nbsp;<\/p>\n<p>El presidente instruy\u00f3 a la CFE, al Centro Nacional de Control de Energ\u00eda (CENACE) y a los encargados de las plantas de distribuci\u00f3n presentarse en la conferencia de prensa matutina del jueves 18 de febrero para rendir un informe sobre el estado del suministro de energ\u00eda el\u00e9ctrica al norte del pa\u00eds.<\/p>\n<p>&nbsp;<\/p>\n<p>&nbsp;<\/p>\n<p>(Publicada el 17\/02\/2021)<\/p>\n","protected":false},"excerpt":{"rendered":"<p>CIUDAD DE M\u00c9XICO. MX. \u2014 El presidente Andr\u00e9s Manuel L\u00f3pez Obrador afirm\u00f3 que M\u00e9xico tiene&#8230;<\/p>\n","protected":false},"author":1,"featured_media":107214,"comment_status":"open","ping_status":"open","sticky":false,"template":"","format":"standard","meta":{"_monsterinsights_skip_tracking":false,"_monsterinsights_sitenote_active":false,"_monsterinsights_sitenote_note":"","_monsterinsights_sitenote_category":0,"footnotes":""},"categories":[5],"tags":[],"class_list":["post"],"yoast_head":" \n<title>Sonora en Equipo. M\u00e9xico tiene alternativas para garantizar suministro de energ\u00eda el\u00e9ctrica: AMLO Rep\u00fablica<\/title>\n<meta name=\"description\" content=\"CIUDAD DE M\u00c9XICO. MX. \u2014 El presidente Andr\u00e9s Manuel L\u00f3pez Obrador afirm\u00f3 que M\u00e9xico tiene alternativas para solucionar el desabasto de suministro de En Sonora en Equipo publicamos toda la informaci\u00f3n de Sonora, M\u00e9xico y el Mundo de manera oportuna y busca que la libertad de expresi\u00f3n sea real. Visita nuestro medio informativo publicado desde Hermosillo, Sonora. %\" \/>\n<meta name=\"robots\" content=\"index, follow, max-snippet:-1, max-image-preview:large, max-video-preview:-1\" \/>\n<link rel=\"canonical\" href=\"https:\/\/www.sonoraenequipo.com.mx\/mexico-tiene-alternativas-para-garantizar-suministro-de-energia-electrica-amlo\/\" \/>\n<meta property=\"og:locale\" content=\"es_ES\" \/>\n<meta property=\"og:type\" content=\"article\" \/>\n<meta property=\"og:title\" content=\"Sonora en Equipo. M\u00e9xico tiene alternativas para garantizar suministro de energ\u00eda el\u00e9ctrica: AMLO Rep\u00fablica\" \/>\n<meta property=\"og:description\" content=\"CIUDAD DE M\u00c9XICO. MX. \u2014 El presidente Andr\u00e9s Manuel L\u00f3pez Obrador afirm\u00f3 que M\u00e9xico tiene alternativas para solucionar el desabasto de suministro de En Sonora en Equipo publicamos toda la informaci\u00f3n de Sonora, M\u00e9xico y el Mundo de manera oportuna y busca que la libertad de expresi\u00f3n sea real. Visita nuestro medio informativo publicado desde Hermosillo, Sonora. %\" \/>\n<meta property=\"og:url\" content=\"https:\/\/www.sonoraenequipo.com.mx\/mexico-tiene-alternativas-para-garantizar-suministro-de-energia-electrica-amlo\/\" \/>\n<meta property=\"og:site_name\" content=\"Sonora en Equipo.\" \/>\n<meta property=\"article:publisher\" content=\"https:\/\/www.facebook.com\/SonoraEE\/\" \/>\n<meta property=\"article:author\" content=\"https:\/\/www.facebook.com\/SonoraEE\" \/>\n<meta property=\"article:published_time\" content=\"2021-02-17T16:29:54+00:00\" \/>\n<meta property=\"article:modified_time\" content=\"2021-02-17T18:39:36+00:00\" \/>\n<meta property=\"og:image\" content=\"https:\/\/www.sonoraenequipo.com.mx\/storage\/2021\/02\/17-02-2021-CONFERENCIA-_opt.jpg\" \/>\n\t<meta property=\"og:image:width\" content=\"600\" \/>\n\t<meta property=\"og:image:height\" content=\"400\" \/>\n\t<meta property=\"og:image:type\" content=\"image\/jpeg\" \/>\n<meta name=\"author\" content=\"enequipo\" \/>\n<meta name=\"twitter:card\" content=\"summary_large_image\" \/>\n<meta name=\"twitter:creator\" content=\"@sonoraenequipo\" \/>\n<meta name=\"twitter:site\" content=\"@sonoraenequipo\" \/>\n<meta name=\"twitter:label1\" content=\"Escrito por\" \/>\n\t<meta name=\"twitter:data1\" content=\"enequipo\" \/>\n\t<meta name=\"twitter:label2\" content=\"Tiempo de lectura\" \/>\n\t<meta name=\"twitter:data2\" content=\"3 minutos\" \/>\n<script type=\"application\/ld+json\" class=\"yoast-schema-graph\">{\"@context\":\"https:\/\/schema.org\",\"@graph\":[{\"@type\":\"Article\",\"@id\":\"https:\/\/www.sonoraenequipo.com.mx\/mexico-tiene-alternativas-para-garantizar-suministro-de-energia-electrica-amlo\/#article\",\"isPartOf\":{\"@id\":\"https:\/\/www.sonoraenequipo.com.mx\/mexico-tiene-alternativas-para-garantizar-suministro-de-energia-electrica-amlo\/\"},\"author\":{\"name\":\"enequipo\",\"@id\":\"https:\/\/www.sonoraenequipo.com.mx\/#\/schema\/person\/50102df0fb23a8fa9e8effad8fa81386\"},\"headline\":\"M\u00e9xico tiene alternativas para garantizar suministro de energ\u00eda el\u00e9ctrica: AMLO\",\"datePublished\":\"2021-02-17T16:29:54+00:00\",\"dateModified\":\"2021-02-17T18:39:36+00:00\",\"mainEntityOfPage\":{\"@id\":\"https:\/\/www.sonoraenequipo.com.mx\/mexico-tiene-alternativas-para-garantizar-suministro-de-energia-electrica-amlo\/\"},\"wordCount\":734,\"commentCount\":0,\"publisher\":{\"@id\":\"https:\/\/www.sonoraenequipo.com.mx\/#organization\"},\"image\":{\"@id\":\"https:\/\/www.sonoraenequipo.com.mx\/mexico-tiene-alternativas-para-garantizar-suministro-de-energia-electrica-amlo\/#primaryimage\"},\"thumbnailUrl\":\"https:\/\/www.sonoraenequipo.com.mx\/storage\/2021\/02\/17-02-2021-CONFERENCIA-_opt.jpg\",\"articleSection\":[\"Rep\u00fablica\"],\"inLanguage\":\"es\",\"potentialAction\":[{\"@type\":\"CommentAction\",\"name\":\"Comment\",\"target\":[\"https:\/\/www.sonoraenequipo.com.mx\/mexico-tiene-alternativas-para-garantizar-suministro-de-energia-electrica-amlo\/#respond\"]}]},{\"@type\":\"WebPage\",\"@id\":\"https:\/\/www.sonoraenequipo.com.mx\/mexico-tiene-alternativas-para-garantizar-suministro-de-energia-electrica-amlo\/\",\"url\":\"https:\/\/www.sonoraenequipo.com.mx\/mexico-tiene-alternativas-para-garantizar-suministro-de-energia-electrica-amlo\/\",\"name\":\"Sonora en Equipo. M\u00e9xico tiene alternativas para garantizar suministro de energ\u00eda el\u00e9ctrica: AMLO Rep\u00fablica\",\"isPartOf\":{\"@id\":\"https:\/\/www.sonoraenequipo.com.mx\/#website\"},\"primaryImageOfPage\":{\"@id\":\"https:\/\/www.sonoraenequipo.com.mx\/mexico-tiene-alternativas-para-garantizar-suministro-de-energia-electrica-amlo\/#primaryimage\"},\"image\":{\"@id\":\"https:\/\/www.sonoraenequipo.com.mx\/mexico-tiene-alternativas-para-garantizar-suministro-de-energia-electrica-amlo\/#primaryimage\"},\"thumbnailUrl\":\"https:\/\/www.sonoraenequipo.com.mx\/storage\/2021\/02\/17-02-2021-CONFERENCIA-_opt.jpg\",\"datePublished\":\"2021-02-17T16:29:54+00:00\",\"dateModified\":\"2021-02-17T18:39:36+00:00\",\"description\":\"CIUDAD DE M\u00c9XICO. MX. \u2014 El presidente Andr\u00e9s Manuel L\u00f3pez Obrador afirm\u00f3 que M\u00e9xico tiene alternativas para solucionar el desabasto de suministro de En Sonora en Equipo publicamos toda la informaci\u00f3n de Sonora, M\u00e9xico y el Mundo de manera oportuna y busca que la libertad de expresi\u00f3n sea real. Visita nuestro medio informativo publicado desde Hermosillo, Sonora. %\",\"breadcrumb\":{\"@id\":\"https:\/\/www.sonoraenequipo.com.mx\/mexico-tiene-alternativas-para-garantizar-suministro-de-energia-electrica-amlo\/#breadcrumb\"},\"inLanguage\":\"es\",\"potentialAction\":[{\"@type\":\"ReadAction\",\"target\":[\"https:\/\/www.sonoraenequipo.com.mx\/mexico-tiene-alternativas-para-garantizar-suministro-de-energia-electrica-amlo\/\"]}]},{\"@type\":\"ImageObject\",\"inLanguage\":\"es\",\"@id\":\"https:\/\/www.sonoraenequipo.com.mx\/mexico-tiene-alternativas-para-garantizar-suministro-de-energia-electrica-amlo\/#primaryimage\",\"url\":\"https:\/\/www.sonoraenequipo.com.mx\/storage\/2021\/02\/17-02-2021-CONFERENCIA-_opt.jpg\",\"contentUrl\":\"https:\/\/www.sonoraenequipo.com.mx\/storage\/2021\/02\/17-02-2021-CONFERENCIA-_opt.jpg\",\"width\":600,\"height\":400},{\"@type\":\"BreadcrumbList\",\"@id\":\"https:\/\/www.sonoraenequipo.com.mx\/mexico-tiene-alternativas-para-garantizar-suministro-de-energia-electrica-amlo\/#breadcrumb\",\"itemListElement\":[{\"@type\":\"ListItem\",\"position\":1,\"name\":\"Portada\",\"item\":\"https:\/\/www.sonoraenequipo.com.mx\/\"},{\"@type\":\"ListItem\",\"position\":2,\"name\":\"M\u00e9xico tiene alternativas para garantizar suministro de energ\u00eda el\u00e9ctrica: AMLO\"}]},{\"@type\":\"WebSite\",\"@id\":\"https:\/\/www.sonoraenequipo.com.mx\/#website\",\"url\":\"https:\/\/www.sonoraenequipo.com.mx\/\",\"name\":\"Sonora en Equipo.\",\"description\":\"Diario en l\u00ednea con Noticias desde Hermosillo, Sonora\",\"publisher\":{\"@id\":\"https:\/\/www.sonoraenequipo.com.mx\/#organization\"},\"potentialAction\":[{\"@type\":\"SearchAction\",\"target\":{\"@type\":\"EntryPoint\",\"urlTemplate\":\"https:\/\/www.sonoraenequipo.com.mx\/?s={search_term_string}\"},\"query-input\":{\"@type\":\"PropertyValueSpecification\",\"valueRequired\":true,\"valueName\":\"search_term_string\"}}],\"inLanguage\":\"es\"},{\"@type\":\"Organization\",\"@id\":\"https:\/\/www.sonoraenequipo.com.mx\/#organization\",\"name\":\"Sonoraenequipo.com.mx\",\"url\":\"https:\/\/www.sonoraenequipo.com.mx\/\",\"logo\":{\"@type\":\"ImageObject\",\"inLanguage\":\"es\",\"@id\":\"https:\/\/www.sonoraenequipo.com.mx\/#\/schema\/logo\/image\/\",\"url\":\"https:\/\/www.sonoraenequipo.com.mx\/storage\/2019\/01\/sonoraenequipo_opt.png\",\"contentUrl\":\"https:\/\/www.sonoraenequipo.com.mx\/storage\/2019\/01\/sonoraenequipo_opt.png\",\"width\":375,\"height\":125,\"caption\":\"Sonoraenequipo.com.mx\"},\"image\":{\"@id\":\"https:\/\/www.sonoraenequipo.com.mx\/#\/schema\/logo\/image\/\"},\"sameAs\":[\"https:\/\/www.facebook.com\/SonoraEE\/\",\"https:\/\/x.com\/sonoraenequipo\",\"https:\/\/www.youtube.com\/channel\/UC338nW-lPEYmJQs4ZABQ1SQ\"]},{\"@type\":\"Person\",\"@id\":\"https:\/\/www.sonoraenequipo.com.mx\/#\/schema\/person\/50102df0fb23a8fa9e8effad8fa81386\",\"name\":\"enequipo\",\"image\":{\"@type\":\"ImageObject\",\"inLanguage\":\"es\",\"@id\":\"https:\/\/www.sonoraenequipo.com.mx\/#\/schema\/person\/image\/\",\"url\":\"https:\/\/secure.gravatar.com\/avatar\/049821681b589dabc0bc20695993ccebb09f5b5d4d790cd9251b97faac7c652b?s=96&d=blank&r=g\",\"contentUrl\":\"https:\/\/secure.gravatar.com\/avatar\/049821681b589dabc0bc20695993ccebb09f5b5d4d790cd9251b97faac7c652b?s=96&d=blank&r=g\",\"caption\":\"enequipo\"},\"sameAs\":[\"https:\/\/www.facebook.com\/SonoraEE\"]}]}<\/script>\n ","yoast_head_json":{"title":"Sonora en Equipo. M\u00e9xico tiene alternativas para garantizar suministro de energ\u00eda el\u00e9ctrica: AMLO Rep\u00fablica","description":"CIUDAD DE M\u00c9XICO. MX. \u2014 El presidente Andr\u00e9s Manuel L\u00f3pez Obrador afirm\u00f3 que M\u00e9xico tiene alternativas para solucionar el desabasto de suministro de En Sonora en Equipo publicamos toda la informaci\u00f3n de Sonora, M\u00e9xico y el Mundo de manera oportuna y busca que la libertad de expresi\u00f3n sea real. Visita nuestro medio informativo publicado desde Hermosillo, Sonora. %","robots":{"index":"index","follow":"follow","max-snippet":"max-snippet:-1","max-image-preview":"max-image-preview:large","max-video-preview":"max-video-preview:-1"},"canonical":"https:\/\/www.sonoraenequipo.com.mx\/mexico-tiene-alternativas-para-garantizar-suministro-de-energia-electrica-amlo\/","og_locale":"es_ES","og_type":"article","og_title":"Sonora en Equipo. M\u00e9xico tiene alternativas para garantizar suministro de energ\u00eda el\u00e9ctrica: AMLO Rep\u00fablica","og_description":"CIUDAD DE M\u00c9XICO. MX. \u2014 El presidente Andr\u00e9s Manuel L\u00f3pez Obrador afirm\u00f3 que M\u00e9xico tiene alternativas para solucionar el desabasto de suministro de En Sonora en Equipo publicamos toda la informaci\u00f3n de Sonora, M\u00e9xico y el Mundo de manera oportuna y busca que la libertad de expresi\u00f3n sea real. Visita nuestro medio informativo publicado desde Hermosillo, Sonora. %","og_url":"https:\/\/www.sonoraenequipo.com.mx\/mexico-tiene-alternativas-para-garantizar-suministro-de-energia-electrica-amlo\/","og_site_name":"Sonora en Equipo.","article_publisher":"https:\/\/www.facebook.com\/SonoraEE\/","article_author":"https:\/\/www.facebook.com\/SonoraEE","article_published_time":"2021-02-17T16:29:54+00:00","article_modified_time":"2021-02-17T18:39:36+00:00","og_image":[{"width":600,"height":400,"url":"https:\/\/www.sonoraenequipo.com.mx\/storage\/2021\/02\/17-02-2021-CONFERENCIA-_opt.jpg","type":"image\/jpeg"}],"author":"enequipo","twitter_card":"summary_large_image","twitter_creator":"@sonoraenequipo","twitter_site":"@sonoraenequipo","twitter_misc":{"Escrito por":"enequipo","Tiempo de lectura":"3 minutos"},"schema":{"@context":"https:\/\/schema.org","@graph":[{"@type":"Article","@id":"https:\/\/www.sonoraenequipo.com.mx\/mexico-tiene-alternativas-para-garantizar-suministro-de-energia-electrica-amlo\/#article","isPartOf":{"@id":"https:\/\/www.sonoraenequipo.com.mx\/mexico-tiene-alternativas-para-garantizar-suministro-de-energia-electrica-amlo\/"},"author":{"name":"enequipo","@id":"https:\/\/www.sonoraenequipo.com.mx\/#\/schema\/person\/50102df0fb23a8fa9e8effad8fa81386"},"headline":"M\u00e9xico tiene alternativas para garantizar suministro de energ\u00eda el\u00e9ctrica: AMLO","datePublished":"2021-02-17T16:29:54+00:00","dateModified":"2021-02-17T18:39:36+00:00","mainEntityOfPage":{"@id":"https:\/\/www.sonoraenequipo.com.mx\/mexico-tiene-alternativas-para-garantizar-suministro-de-energia-electrica-amlo\/"},"wordCount":734,"commentCount":0,"publisher":{"@id":"https:\/\/www.sonoraenequipo.com.mx\/#organization"},"image":{"@id":"https:\/\/www.sonoraenequipo.com.mx\/mexico-tiene-alternativas-para-garantizar-suministro-de-energia-electrica-amlo\/#primaryimage"},"thumbnailUrl":"https:\/\/www.sonoraenequipo.com.mx\/storage\/2021\/02\/17-02-2021-CONFERENCIA-_opt.jpg","articleSection":["Rep\u00fablica"],"inLanguage":"es","potentialAction":[{"@type":"CommentAction","name":"Comment","target":["https:\/\/www.sonoraenequipo.com.mx\/mexico-tiene-alternativas-para-garantizar-suministro-de-energia-electrica-amlo\/#respond"]}]},{"@type":"WebPage","@id":"https:\/\/www.sonoraenequipo.com.mx\/mexico-tiene-alternativas-para-garantizar-suministro-de-energia-electrica-amlo\/","url":"https:\/\/www.sonoraenequipo.com.mx\/mexico-tiene-alternativas-para-garantizar-suministro-de-energia-electrica-amlo\/","name":"Sonora en Equipo. M\u00e9xico tiene alternativas para garantizar suministro de energ\u00eda el\u00e9ctrica: AMLO Rep\u00fablica","isPartOf":{"@id":"https:\/\/www.sonoraenequipo.com.mx\/#website"},"primaryImageOfPage":{"@id":"https:\/\/www.sonoraenequipo.com.mx\/mexico-tiene-alternativas-para-garantizar-suministro-de-energia-electrica-amlo\/#primaryimage"},"image":{"@id":"https:\/\/www.sonoraenequipo.com.mx\/mexico-tiene-alternativas-para-garantizar-suministro-de-energia-electrica-amlo\/#primaryimage"},"thumbnailUrl":"https:\/\/www.sonoraenequipo.com.mx\/storage\/2021\/02\/17-02-2021-CONFERENCIA-_opt.jpg","datePublished":"2021-02-17T16:29:54+00:00","dateModified":"2021-02-17T18:39:36+00:00","description":"CIUDAD DE M\u00c9XICO. MX. \u2014 El presidente Andr\u00e9s Manuel L\u00f3pez Obrador afirm\u00f3 que M\u00e9xico tiene alternativas para solucionar el desabasto de suministro de En Sonora en Equipo publicamos toda la informaci\u00f3n de Sonora, M\u00e9xico y el Mundo de manera oportuna y busca que la libertad de expresi\u00f3n sea real. Visita nuestro medio informativo publicado desde Hermosillo, Sonora. %","breadcrumb":{"@id":"https:\/\/www.sonoraenequipo.com.mx\/mexico-tiene-alternativas-para-garantizar-suministro-de-energia-electrica-amlo\/#breadcrumb"},"inLanguage":"es","potentialAction":[{"@type":"ReadAction","target":["https:\/\/www.sonoraenequipo.com.mx\/mexico-tiene-alternativas-para-garantizar-suministro-de-energia-electrica-amlo\/"]}]},{"@type":"ImageObject","inLanguage":"es","@id":"https:\/\/www.sonoraenequipo.com.mx\/mexico-tiene-alternativas-para-garantizar-suministro-de-energia-electrica-amlo\/#primaryimage","url":"https:\/\/www.sonoraenequipo.com.mx\/storage\/2021\/02\/17-02-2021-CONFERENCIA-_opt.jpg","contentUrl":"https:\/\/www.sonoraenequipo.com.mx\/storage\/2021\/02\/17-02-2021-CONFERENCIA-_opt.jpg","width":600,"height":400},{"@type":"BreadcrumbList","@id":"https:\/\/www.sonoraenequipo.com.mx\/mexico-tiene-alternativas-para-garantizar-suministro-de-energia-electrica-amlo\/#breadcrumb","itemListElement":[{"@type":"ListItem","position":1,"name":"Portada","item":"https:\/\/www.sonoraenequipo.com.mx\/"},{"@type":"ListItem","position":2,"name":"M\u00e9xico tiene alternativas para garantizar suministro de energ\u00eda el\u00e9ctrica: AMLO"}]},{"@type":"WebSite","@id":"https:\/\/www.sonoraenequipo.com.mx\/#website","url":"https:\/\/www.sonoraenequipo.com.mx\/","name":"Sonora en Equipo.","description":"Diario en l\u00ednea con Noticias desde Hermosillo, Sonora","publisher":{"@id":"https:\/\/www.sonoraenequipo.com.mx\/#organization"},"potentialAction":[{"@type":"SearchAction","target":{"@type":"EntryPoint","urlTemplate":"https:\/\/www.sonoraenequipo.com.mx\/?s={search_term_string}"},"query-input":{"@type":"PropertyValueSpecification","valueRequired":true,"valueName":"search_term_string"}}],"inLanguage":"es"},{"@type":"Organization","@id":"https:\/\/www.sonoraenequipo.com.mx\/#organization","name":"Sonoraenequipo.com.mx","url":"https:\/\/www.sonoraenequipo.com.mx\/","logo":{"@type":"ImageObject","inLanguage":"es","@id":"https:\/\/www.sonoraenequipo.com.mx\/#\/schema\/logo\/image\/","url":"https:\/\/www.sonoraenequipo.com.mx\/storage\/2019\/01\/sonoraenequipo_opt.png","contentUrl":"https:\/\/www.sonoraenequipo.com.mx\/storage\/2019\/01\/sonoraenequipo_opt.png","width":375,"height":125,"caption":"Sonoraenequipo.com.mx"},"image":{"@id":"https:\/\/www.sonoraenequipo.com.mx\/#\/schema\/logo\/image\/"},"sameAs":["https:\/\/www.facebook.com\/SonoraEE\/","https:\/\/x.com\/sonoraenequipo","https:\/\/www.youtube.com\/channel\/UC338nW-lPEYmJQs4ZABQ1SQ"]},{"@type":"Person","@id":"https:\/\/www.sonoraenequipo.com.mx\/#\/schema\/person\/50102df0fb23a8fa9e8effad8fa81386","name":"enequipo","image":{"@type":"ImageObject","inLanguage":"es","@id":"https:\/\/www.sonoraenequipo.com.mx\/#\/schema\/person\/image\/","url":"https:\/\/secure.gravatar.com\/avatar\/049821681b589dabc0bc20695993ccebb09f5b5d4d790cd9251b97faac7c652b?s=96&d=blank&r=g","contentUrl":"https:\/\/secure.gravatar.com\/avatar\/049821681b589dabc0bc20695993ccebb09f5b5d4d790cd9251b97faac7c652b?s=96&d=blank&r=g","caption":"enequipo"},"sameAs":["https:\/\/www.facebook.com\/SonoraEE"]}]}},"jetpack_featured_media_url":"https:\/\/www.sonoraenequipo.com.mx\/storage\/2021\/02\/17-02-2021-CONFERENCIA-_opt.jpg","_links":{"self":[{"href":"https:\/\/www.sonoraenequipo.com.mx\/api\/wp\/v2\/posts\/107213","targetHints":{"allow":["GET"]}}],"collection":[{"href":"https:\/\/www.sonoraenequipo.com.mx\/api\/wp\/v2\/posts"}],"about":[{"href":"https:\/\/www.sonoraenequipo.com.mx\/api\/wp\/v2\/types\/post"}],"author":[{"embeddable":true,"href":"https:\/\/www.sonoraenequipo.com.mx\/api\/wp\/v2\/users\/1"}],"replies":[{"embeddable":true,"href":"https:\/\/www.sonoraenequipo.com.mx\/api\/wp\/v2\/comments?post=107213"}],"version-history":[{"count":1,"href":"https:\/\/www.sonoraenequipo.com.mx\/api\/wp\/v2\/posts\/107213\/revisions"}],"predecessor-version":[{"id":107216,"href":"https:\/\/www.sonoraenequipo.com.mx\/api\/wp\/v2\/posts\/107213\/revisions\/107216"}],"wp:featuredmedia":[{"embeddable":true,"href":"https:\/\/www.sonoraenequipo.com.mx\/api\/wp\/v2\/media\/107214"}],"wp:attachment":[{"href":"https:\/\/www.sonoraenequipo.com.mx\/api\/wp\/v2\/media?parent=107213"}],"wp:term":[{"taxonomy":"category","embeddable":true,"href":"https:\/\/www.sonoraenequipo.com.mx\/api\/wp\/v2\/categories?post=107213"},{"taxonomy":"post_tag","embeddable":true,"href":"https:\/\/www.sonoraenequipo.com.mx\/api\/wp\/v2\/tags?post=107213"}],"curies":[{"name":"wp","href":"https:\/\/api.w.org\/{rel}","templated":true}]}}