{"id":107239,"date":"2021-02-17T14:36:42","date_gmt":"2021-02-17T21:36:42","guid":{"rendered":"https:\/\/www.sonoraenequipo.com.mx\/?p=107239"},"modified":"2021-02-17T14:36:42","modified_gmt":"2021-02-17T21:36:42","slug":"es-importante-empezar-a-dar-pasos-hacia-la-eliminacion-de-la-brecha-tecnologica-gobernadora-pavlovich","status":"publish","type":"post","link":"https:\/\/www.sonoraenequipo.com.mx\/es-importante-empezar-a-dar-pasos-hacia-la-eliminacion-de-la-brecha-tecnologica-gobernadora-pavlovich\/","title":{"rendered":"Es importante empezar a dar pasos hacia la eliminaci\u00f3n de la brecha tecnol\u00f3gica: Gobernadora Pavlovich"},"content":{"rendered":"<p>HERMOSILLO, SONORA,MX.\u2500\u2500Para que ni\u00f1as y ni\u00f1os en Sonora y en M\u00e9xico tengan las mismas oportunidades, es necesario empezar a dar pasos hacia la eliminaci\u00f3n de la brecha tecnol\u00f3gica para que todos y todas tengan acceso a computadoras e Internet, asever\u00f3 la gobernadora Claudia Pavlovich Arellano al sostener una reuni\u00f3n virtual con Jos\u00e9 Nabor Cruz Marcelo, secretario ejecutivo del Consejo Nacional de Evaluaci\u00f3n de la Pol\u00edtica de Desarrollo Social (Coneval).<\/p>\n<p>&nbsp;<\/p>\n<p>Acompa\u00f1ada por Manuel Puebla, secretario de Desarrollo Social en Sonora; Jos\u00e9 V\u00edctor Guerrero Gonz\u00e1lez, secretario de Educaci\u00f3n y Cultura y Natalia Rivera Grijalva, jefa de la Oficina del Ejecutivo Estatal, la gobernadora Pavlovich, en su calidad de presidenta de la Conferencia Nacional de Gobernadores (Conago), expuso que la pandemia por COVID-19 puso en crisis la salud, la econom\u00eda, y la din\u00e1mica social, pero tambi\u00e9n evidenci\u00f3 la brecha tecnol\u00f3gica y puso en su justa dimensi\u00f3n la desventaja que tiene un ni\u00f1o o una ni\u00f1a al no tener acceso a una computadora con Internet.<\/p>\n<p>&nbsp;<\/p>\n<p>\u201cEs muy importante que todo el estado mexicano en su conjunto trabaje para eliminar esta brecha y para que todos los ni\u00f1os y las ni\u00f1as puedan tener acceso a computadoras e Internet, es muy importante el instrumento en materia de igualdad, permite estudiar en igualdad de condiciones a todas las ni\u00f1as y los ni\u00f1os, elimina esa desventaja que tienen las ni\u00f1as y los ni\u00f1os que no tienen una computadora con acceso a internet, pero tambi\u00e9n elimina las desventajas para la integraci\u00f3n profesional\u201d, indic\u00f3.<\/p>\n<p>&nbsp;<\/p>\n<p>En esta reuni\u00f3n se acord\u00f3 que Coneval har\u00e1 un primer informe exploratorio de c\u00f3mo ha afectado esta brecha tecnol\u00f3gica, adem\u00e1s de que se trabajar\u00e1 conjuntamente con las comisiones de Educaci\u00f3n y de Desarrollo Social de la Conago.<\/p>\n<p>&nbsp;<\/p>\n<p>Asi tambi\u00e9n, se plante\u00f3 establecer los indicadores para conocer la brecha digital, as\u00ed como incluir en los costos de canasta no alimentaria el gasto de Internet.<\/p>\n<p>&nbsp;<\/p>\n<p>Finalmente, se estableci\u00f3 el trabajo conjunto con la Conago para la medici\u00f3n de la brecha tecnol\u00f3gica a trav\u00e9s del Sistema de Informaci\u00f3n de Derecho Social.<\/p>\n<p>&nbsp;<\/p>\n<p>\u201cSe va trabajar conjuntamente, la intenci\u00f3n es que con toda esta informaci\u00f3n se pueda colaborar entre estados y el Gobierno Federal, para que se pueda desarrollar un programa para que ni\u00f1as y ni\u00f1os puedan tener una computadora con acceso a Internet\u201d, se\u00f1al\u00f3.<\/p>\n<p>Fecha de publicaci\u00f3n\u00a0 mi\u00e9rcoles 17\/feb\/2021<\/p>\n<p>&nbsp;<\/p>\n","protected":false},"excerpt":{"rendered":"<p>HERMOSILLO, SONORA,MX.\u2500\u2500Para que ni\u00f1as y ni\u00f1os en Sonora y en M\u00e9xico tengan las mismas oportunidades,&#8230;<\/p>\n","protected":false},"author":1,"featured_media":107240,"comment_status":"open","ping_status":"open","sticky":false,"template":"","format":"standard","meta":{"_monsterinsights_skip_tracking":false,"_monsterinsights_sitenote_active":false,"_monsterinsights_sitenote_note":"","_monsterinsights_sitenote_category":0,"footnotes":""},"categories":[22],"tags":[116,1560],"class_list":["post"],"yoast_head":" \n<title>Sonora en Equipo. Es importante empezar a dar pasos hacia la eliminaci\u00f3n de la brecha tecnol\u00f3gica: Gobernadora Pavlovich Sonora<\/title>\n<meta name=\"description\" content=\"HERMOSILLO, SONORA,MX.\u2500\u2500Para que ni\u00f1as y ni\u00f1os en Sonora y en M\u00e9xico tengan las mismas oportunidades, es necesario empezar a dar pasos hacia la En Sonora en Equipo publicamos toda la informaci\u00f3n de Sonora, M\u00e9xico y el Mundo de manera oportuna y busca que la libertad de expresi\u00f3n sea real. Visita nuestro medio informativo publicado desde Hermosillo, Sonora. %\" \/>\n<meta name=\"robots\" content=\"index, follow, max-snippet:-1, max-image-preview:large, max-video-preview:-1\" \/>\n<link rel=\"canonical\" href=\"https:\/\/www.sonoraenequipo.com.mx\/es-importante-empezar-a-dar-pasos-hacia-la-eliminacion-de-la-brecha-tecnologica-gobernadora-pavlovich\/\" \/>\n<meta property=\"og:locale\" content=\"es_ES\" \/>\n<meta property=\"og:type\" content=\"article\" \/>\n<meta property=\"og:title\" content=\"Sonora en Equipo. Es importante empezar a dar pasos hacia la eliminaci\u00f3n de la brecha tecnol\u00f3gica: Gobernadora Pavlovich Sonora\" \/>\n<meta property=\"og:description\" content=\"HERMOSILLO, SONORA,MX.\u2500\u2500Para que ni\u00f1as y ni\u00f1os en Sonora y en M\u00e9xico tengan las mismas oportunidades, es necesario empezar a dar pasos hacia la En Sonora en Equipo publicamos toda la informaci\u00f3n de Sonora, M\u00e9xico y el Mundo de manera oportuna y busca que la libertad de expresi\u00f3n sea real. Visita nuestro medio informativo publicado desde Hermosillo, Sonora. %\" \/>\n<meta property=\"og:url\" content=\"https:\/\/www.sonoraenequipo.com.mx\/es-importante-empezar-a-dar-pasos-hacia-la-eliminacion-de-la-brecha-tecnologica-gobernadora-pavlovich\/\" \/>\n<meta property=\"og:site_name\" content=\"Sonora en Equipo.\" \/>\n<meta property=\"article:publisher\" content=\"https:\/\/www.facebook.com\/SonoraEE\/\" \/>\n<meta property=\"article:author\" content=\"https:\/\/www.facebook.com\/SonoraEE\" \/>\n<meta property=\"article:published_time\" content=\"2021-02-17T21:36:42+00:00\" \/>\n<meta property=\"og:image\" content=\"https:\/\/www.sonoraenequipo.com.mx\/storage\/2021\/02\/cpa170221.jpg\" \/>\n\t<meta property=\"og:image:width\" content=\"500\" \/>\n\t<meta property=\"og:image:height\" content=\"300\" \/>\n\t<meta property=\"og:image:type\" content=\"image\/jpeg\" \/>\n<meta name=\"author\" content=\"enequipo\" \/>\n<meta name=\"twitter:card\" content=\"summary_large_image\" \/>\n<meta name=\"twitter:creator\" content=\"@sonoraenequipo\" \/>\n<meta name=\"twitter:site\" content=\"@sonoraenequipo\" \/>\n<meta name=\"twitter:label1\" content=\"Escrito por\" \/>\n\t<meta name=\"twitter:data1\" content=\"enequipo\" \/>\n\t<meta name=\"twitter:label2\" content=\"Tiempo de lectura\" \/>\n\t<meta name=\"twitter:data2\" content=\"2 minutos\" \/>\n<script type=\"application\/ld+json\" class=\"yoast-schema-graph\">{\"@context\":\"https:\/\/schema.org\",\"@graph\":[{\"@type\":\"Article\",\"@id\":\"https:\/\/www.sonoraenequipo.com.mx\/es-importante-empezar-a-dar-pasos-hacia-la-eliminacion-de-la-brecha-tecnologica-gobernadora-pavlovich\/#article\",\"isPartOf\":{\"@id\":\"https:\/\/www.sonoraenequipo.com.mx\/es-importante-empezar-a-dar-pasos-hacia-la-eliminacion-de-la-brecha-tecnologica-gobernadora-pavlovich\/\"},\"author\":{\"name\":\"enequipo\",\"@id\":\"https:\/\/www.sonoraenequipo.com.mx\/#\/schema\/person\/50102df0fb23a8fa9e8effad8fa81386\"},\"headline\":\"Es importante empezar a dar pasos hacia la eliminaci\u00f3n de la brecha tecnol\u00f3gica: Gobernadora Pavlovich\",\"datePublished\":\"2021-02-17T21:36:42+00:00\",\"mainEntityOfPage\":{\"@id\":\"https:\/\/www.sonoraenequipo.com.mx\/es-importante-empezar-a-dar-pasos-hacia-la-eliminacion-de-la-brecha-tecnologica-gobernadora-pavlovich\/\"},\"wordCount\":449,\"commentCount\":0,\"publisher\":{\"@id\":\"https:\/\/www.sonoraenequipo.com.mx\/#organization\"},\"image\":{\"@id\":\"https:\/\/www.sonoraenequipo.com.mx\/es-importante-empezar-a-dar-pasos-hacia-la-eliminacion-de-la-brecha-tecnologica-gobernadora-pavlovich\/#primaryimage\"},\"thumbnailUrl\":\"https:\/\/www.sonoraenequipo.com.mx\/storage\/2021\/02\/cpa170221.jpg\",\"keywords\":[\"claudia pavlovich\",\"CONAGO\"],\"articleSection\":[\"Sonora\"],\"inLanguage\":\"es\",\"potentialAction\":[{\"@type\":\"CommentAction\",\"name\":\"Comment\",\"target\":[\"https:\/\/www.sonoraenequipo.com.mx\/es-importante-empezar-a-dar-pasos-hacia-la-eliminacion-de-la-brecha-tecnologica-gobernadora-pavlovich\/#respond\"]}]},{\"@type\":\"WebPage\",\"@id\":\"https:\/\/www.sonoraenequipo.com.mx\/es-importante-empezar-a-dar-pasos-hacia-la-eliminacion-de-la-brecha-tecnologica-gobernadora-pavlovich\/\",\"url\":\"https:\/\/www.sonoraenequipo.com.mx\/es-importante-empezar-a-dar-pasos-hacia-la-eliminacion-de-la-brecha-tecnologica-gobernadora-pavlovich\/\",\"name\":\"Sonora en Equipo. Es importante empezar a dar pasos hacia la eliminaci\u00f3n de la brecha tecnol\u00f3gica: Gobernadora Pavlovich Sonora\",\"isPartOf\":{\"@id\":\"https:\/\/www.sonoraenequipo.com.mx\/#website\"},\"primaryImageOfPage\":{\"@id\":\"https:\/\/www.sonoraenequipo.com.mx\/es-importante-empezar-a-dar-pasos-hacia-la-eliminacion-de-la-brecha-tecnologica-gobernadora-pavlovich\/#primaryimage\"},\"image\":{\"@id\":\"https:\/\/www.sonoraenequipo.com.mx\/es-importante-empezar-a-dar-pasos-hacia-la-eliminacion-de-la-brecha-tecnologica-gobernadora-pavlovich\/#primaryimage\"},\"thumbnailUrl\":\"https:\/\/www.sonoraenequipo.com.mx\/storage\/2021\/02\/cpa170221.jpg\",\"datePublished\":\"2021-02-17T21:36:42+00:00\",\"description\":\"HERMOSILLO, SONORA,MX.\u2500\u2500Para que ni\u00f1as y ni\u00f1os en Sonora y en M\u00e9xico tengan las mismas oportunidades, es necesario empezar a dar pasos hacia la En Sonora en Equipo publicamos toda la informaci\u00f3n de Sonora, M\u00e9xico y el Mundo de manera oportuna y busca que la libertad de expresi\u00f3n sea real. Visita nuestro medio informativo publicado desde Hermosillo, Sonora. %\",\"breadcrumb\":{\"@id\":\"https:\/\/www.sonoraenequipo.com.mx\/es-importante-empezar-a-dar-pasos-hacia-la-eliminacion-de-la-brecha-tecnologica-gobernadora-pavlovich\/#breadcrumb\"},\"inLanguage\":\"es\",\"potentialAction\":[{\"@type\":\"ReadAction\",\"target\":[\"https:\/\/www.sonoraenequipo.com.mx\/es-importante-empezar-a-dar-pasos-hacia-la-eliminacion-de-la-brecha-tecnologica-gobernadora-pavlovich\/\"]}]},{\"@type\":\"ImageObject\",\"inLanguage\":\"es\",\"@id\":\"https:\/\/www.sonoraenequipo.com.mx\/es-importante-empezar-a-dar-pasos-hacia-la-eliminacion-de-la-brecha-tecnologica-gobernadora-pavlovich\/#primaryimage\",\"url\":\"https:\/\/www.sonoraenequipo.com.mx\/storage\/2021\/02\/cpa170221.jpg\",\"contentUrl\":\"https:\/\/www.sonoraenequipo.com.mx\/storage\/2021\/02\/cpa170221.jpg\",\"width\":500,\"height\":300},{\"@type\":\"BreadcrumbList\",\"@id\":\"https:\/\/www.sonoraenequipo.com.mx\/es-importante-empezar-a-dar-pasos-hacia-la-eliminacion-de-la-brecha-tecnologica-gobernadora-pavlovich\/#breadcrumb\",\"itemListElement\":[{\"@type\":\"ListItem\",\"position\":1,\"name\":\"Portada\",\"item\":\"https:\/\/www.sonoraenequipo.com.mx\/\"},{\"@type\":\"ListItem\",\"position\":2,\"name\":\"Es importante empezar a dar pasos hacia la eliminaci\u00f3n de la brecha tecnol\u00f3gica: Gobernadora Pavlovich\"}]},{\"@type\":\"WebSite\",\"@id\":\"https:\/\/www.sonoraenequipo.com.mx\/#website\",\"url\":\"https:\/\/www.sonoraenequipo.com.mx\/\",\"name\":\"Sonora en Equipo.\",\"description\":\"Diario en l\u00ednea con Noticias desde Hermosillo, Sonora\",\"publisher\":{\"@id\":\"https:\/\/www.sonoraenequipo.com.mx\/#organization\"},\"potentialAction\":[{\"@type\":\"SearchAction\",\"target\":{\"@type\":\"EntryPoint\",\"urlTemplate\":\"https:\/\/www.sonoraenequipo.com.mx\/?s={search_term_string}\"},\"query-input\":{\"@type\":\"PropertyValueSpecification\",\"valueRequired\":true,\"valueName\":\"search_term_string\"}}],\"inLanguage\":\"es\"},{\"@type\":\"Organization\",\"@id\":\"https:\/\/www.sonoraenequipo.com.mx\/#organization\",\"name\":\"Sonoraenequipo.com.mx\",\"url\":\"https:\/\/www.sonoraenequipo.com.mx\/\",\"logo\":{\"@type\":\"ImageObject\",\"inLanguage\":\"es\",\"@id\":\"https:\/\/www.sonoraenequipo.com.mx\/#\/schema\/logo\/image\/\",\"url\":\"https:\/\/www.sonoraenequipo.com.mx\/storage\/2019\/01\/sonoraenequipo_opt.png\",\"contentUrl\":\"https:\/\/www.sonoraenequipo.com.mx\/storage\/2019\/01\/sonoraenequipo_opt.png\",\"width\":375,\"height\":125,\"caption\":\"Sonoraenequipo.com.mx\"},\"image\":{\"@id\":\"https:\/\/www.sonoraenequipo.com.mx\/#\/schema\/logo\/image\/\"},\"sameAs\":[\"https:\/\/www.facebook.com\/SonoraEE\/\",\"https:\/\/x.com\/sonoraenequipo\",\"https:\/\/www.youtube.com\/channel\/UC338nW-lPEYmJQs4ZABQ1SQ\"]},{\"@type\":\"Person\",\"@id\":\"https:\/\/www.sonoraenequipo.com.mx\/#\/schema\/person\/50102df0fb23a8fa9e8effad8fa81386\",\"name\":\"enequipo\",\"image\":{\"@type\":\"ImageObject\",\"inLanguage\":\"es\",\"@id\":\"https:\/\/www.sonoraenequipo.com.mx\/#\/schema\/person\/image\/\",\"url\":\"https:\/\/secure.gravatar.com\/avatar\/049821681b589dabc0bc20695993ccebb09f5b5d4d790cd9251b97faac7c652b?s=96&d=blank&r=g\",\"contentUrl\":\"https:\/\/secure.gravatar.com\/avatar\/049821681b589dabc0bc20695993ccebb09f5b5d4d790cd9251b97faac7c652b?s=96&d=blank&r=g\",\"caption\":\"enequipo\"},\"sameAs\":[\"https:\/\/www.facebook.com\/SonoraEE\"]}]}<\/script>\n ","yoast_head_json":{"title":"Sonora en Equipo. Es importante empezar a dar pasos hacia la eliminaci\u00f3n de la brecha tecnol\u00f3gica: Gobernadora Pavlovich Sonora","description":"HERMOSILLO, SONORA,MX.\u2500\u2500Para que ni\u00f1as y ni\u00f1os en Sonora y en M\u00e9xico tengan las mismas oportunidades, es necesario empezar a dar pasos hacia la En Sonora en Equipo publicamos toda la informaci\u00f3n de Sonora, M\u00e9xico y el Mundo de manera oportuna y busca que la libertad de expresi\u00f3n sea real. Visita nuestro medio informativo publicado desde Hermosillo, Sonora. %","robots":{"index":"index","follow":"follow","max-snippet":"max-snippet:-1","max-image-preview":"max-image-preview:large","max-video-preview":"max-video-preview:-1"},"canonical":"https:\/\/www.sonoraenequipo.com.mx\/es-importante-empezar-a-dar-pasos-hacia-la-eliminacion-de-la-brecha-tecnologica-gobernadora-pavlovich\/","og_locale":"es_ES","og_type":"article","og_title":"Sonora en Equipo. Es importante empezar a dar pasos hacia la eliminaci\u00f3n de la brecha tecnol\u00f3gica: Gobernadora Pavlovich Sonora","og_description":"HERMOSILLO, SONORA,MX.\u2500\u2500Para que ni\u00f1as y ni\u00f1os en Sonora y en M\u00e9xico tengan las mismas oportunidades, es necesario empezar a dar pasos hacia la En Sonora en Equipo publicamos toda la informaci\u00f3n de Sonora, M\u00e9xico y el Mundo de manera oportuna y busca que la libertad de expresi\u00f3n sea real. Visita nuestro medio informativo publicado desde Hermosillo, Sonora. %","og_url":"https:\/\/www.sonoraenequipo.com.mx\/es-importante-empezar-a-dar-pasos-hacia-la-eliminacion-de-la-brecha-tecnologica-gobernadora-pavlovich\/","og_site_name":"Sonora en Equipo.","article_publisher":"https:\/\/www.facebook.com\/SonoraEE\/","article_author":"https:\/\/www.facebook.com\/SonoraEE","article_published_time":"2021-02-17T21:36:42+00:00","og_image":[{"width":500,"height":300,"url":"https:\/\/www.sonoraenequipo.com.mx\/storage\/2021\/02\/cpa170221.jpg","type":"image\/jpeg"}],"author":"enequipo","twitter_card":"summary_large_image","twitter_creator":"@sonoraenequipo","twitter_site":"@sonoraenequipo","twitter_misc":{"Escrito por":"enequipo","Tiempo de lectura":"2 minutos"},"schema":{"@context":"https:\/\/schema.org","@graph":[{"@type":"Article","@id":"https:\/\/www.sonoraenequipo.com.mx\/es-importante-empezar-a-dar-pasos-hacia-la-eliminacion-de-la-brecha-tecnologica-gobernadora-pavlovich\/#article","isPartOf":{"@id":"https:\/\/www.sonoraenequipo.com.mx\/es-importante-empezar-a-dar-pasos-hacia-la-eliminacion-de-la-brecha-tecnologica-gobernadora-pavlovich\/"},"author":{"name":"enequipo","@id":"https:\/\/www.sonoraenequipo.com.mx\/#\/schema\/person\/50102df0fb23a8fa9e8effad8fa81386"},"headline":"Es importante empezar a dar pasos hacia la eliminaci\u00f3n de la brecha tecnol\u00f3gica: Gobernadora Pavlovich","datePublished":"2021-02-17T21:36:42+00:00","mainEntityOfPage":{"@id":"https:\/\/www.sonoraenequipo.com.mx\/es-importante-empezar-a-dar-pasos-hacia-la-eliminacion-de-la-brecha-tecnologica-gobernadora-pavlovich\/"},"wordCount":449,"commentCount":0,"publisher":{"@id":"https:\/\/www.sonoraenequipo.com.mx\/#organization"},"image":{"@id":"https:\/\/www.sonoraenequipo.com.mx\/es-importante-empezar-a-dar-pasos-hacia-la-eliminacion-de-la-brecha-tecnologica-gobernadora-pavlovich\/#primaryimage"},"thumbnailUrl":"https:\/\/www.sonoraenequipo.com.mx\/storage\/2021\/02\/cpa170221.jpg","keywords":["claudia pavlovich","CONAGO"],"articleSection":["Sonora"],"inLanguage":"es","potentialAction":[{"@type":"CommentAction","name":"Comment","target":["https:\/\/www.sonoraenequipo.com.mx\/es-importante-empezar-a-dar-pasos-hacia-la-eliminacion-de-la-brecha-tecnologica-gobernadora-pavlovich\/#respond"]}]},{"@type":"WebPage","@id":"https:\/\/www.sonoraenequipo.com.mx\/es-importante-empezar-a-dar-pasos-hacia-la-eliminacion-de-la-brecha-tecnologica-gobernadora-pavlovich\/","url":"https:\/\/www.sonoraenequipo.com.mx\/es-importante-empezar-a-dar-pasos-hacia-la-eliminacion-de-la-brecha-tecnologica-gobernadora-pavlovich\/","name":"Sonora en Equipo. Es importante empezar a dar pasos hacia la eliminaci\u00f3n de la brecha tecnol\u00f3gica: Gobernadora Pavlovich Sonora","isPartOf":{"@id":"https:\/\/www.sonoraenequipo.com.mx\/#website"},"primaryImageOfPage":{"@id":"https:\/\/www.sonoraenequipo.com.mx\/es-importante-empezar-a-dar-pasos-hacia-la-eliminacion-de-la-brecha-tecnologica-gobernadora-pavlovich\/#primaryimage"},"image":{"@id":"https:\/\/www.sonoraenequipo.com.mx\/es-importante-empezar-a-dar-pasos-hacia-la-eliminacion-de-la-brecha-tecnologica-gobernadora-pavlovich\/#primaryimage"},"thumbnailUrl":"https:\/\/www.sonoraenequipo.com.mx\/storage\/2021\/02\/cpa170221.jpg","datePublished":"2021-02-17T21:36:42+00:00","description":"HERMOSILLO, SONORA,MX.\u2500\u2500Para que ni\u00f1as y ni\u00f1os en Sonora y en M\u00e9xico tengan las mismas oportunidades, es necesario empezar a dar pasos hacia la En Sonora en Equipo publicamos toda la informaci\u00f3n de Sonora, M\u00e9xico y el Mundo de manera oportuna y busca que la libertad de expresi\u00f3n sea real. Visita nuestro medio informativo publicado desde Hermosillo, Sonora. %","breadcrumb":{"@id":"https:\/\/www.sonoraenequipo.com.mx\/es-importante-empezar-a-dar-pasos-hacia-la-eliminacion-de-la-brecha-tecnologica-gobernadora-pavlovich\/#breadcrumb"},"inLanguage":"es","potentialAction":[{"@type":"ReadAction","target":["https:\/\/www.sonoraenequipo.com.mx\/es-importante-empezar-a-dar-pasos-hacia-la-eliminacion-de-la-brecha-tecnologica-gobernadora-pavlovich\/"]}]},{"@type":"ImageObject","inLanguage":"es","@id":"https:\/\/www.sonoraenequipo.com.mx\/es-importante-empezar-a-dar-pasos-hacia-la-eliminacion-de-la-brecha-tecnologica-gobernadora-pavlovich\/#primaryimage","url":"https:\/\/www.sonoraenequipo.com.mx\/storage\/2021\/02\/cpa170221.jpg","contentUrl":"https:\/\/www.sonoraenequipo.com.mx\/storage\/2021\/02\/cpa170221.jpg","width":500,"height":300},{"@type":"BreadcrumbList","@id":"https:\/\/www.sonoraenequipo.com.mx\/es-importante-empezar-a-dar-pasos-hacia-la-eliminacion-de-la-brecha-tecnologica-gobernadora-pavlovich\/#breadcrumb","itemListElement":[{"@type":"ListItem","position":1,"name":"Portada","item":"https:\/\/www.sonoraenequipo.com.mx\/"},{"@type":"ListItem","position":2,"name":"Es importante empezar a dar pasos hacia la eliminaci\u00f3n de la brecha tecnol\u00f3gica: Gobernadora Pavlovich"}]},{"@type":"WebSite","@id":"https:\/\/www.sonoraenequipo.com.mx\/#website","url":"https:\/\/www.sonoraenequipo.com.mx\/","name":"Sonora en Equipo.","description":"Diario en l\u00ednea con Noticias desde Hermosillo, Sonora","publisher":{"@id":"https:\/\/www.sonoraenequipo.com.mx\/#organization"},"potentialAction":[{"@type":"SearchAction","target":{"@type":"EntryPoint","urlTemplate":"https:\/\/www.sonoraenequipo.com.mx\/?s={search_term_string}"},"query-input":{"@type":"PropertyValueSpecification","valueRequired":true,"valueName":"search_term_string"}}],"inLanguage":"es"},{"@type":"Organization","@id":"https:\/\/www.sonoraenequipo.com.mx\/#organization","name":"Sonoraenequipo.com.mx","url":"https:\/\/www.sonoraenequipo.com.mx\/","logo":{"@type":"ImageObject","inLanguage":"es","@id":"https:\/\/www.sonoraenequipo.com.mx\/#\/schema\/logo\/image\/","url":"https:\/\/www.sonoraenequipo.com.mx\/storage\/2019\/01\/sonoraenequipo_opt.png","contentUrl":"https:\/\/www.sonoraenequipo.com.mx\/storage\/2019\/01\/sonoraenequipo_opt.png","width":375,"height":125,"caption":"Sonoraenequipo.com.mx"},"image":{"@id":"https:\/\/www.sonoraenequipo.com.mx\/#\/schema\/logo\/image\/"},"sameAs":["https:\/\/www.facebook.com\/SonoraEE\/","https:\/\/x.com\/sonoraenequipo","https:\/\/www.youtube.com\/channel\/UC338nW-lPEYmJQs4ZABQ1SQ"]},{"@type":"Person","@id":"https:\/\/www.sonoraenequipo.com.mx\/#\/schema\/person\/50102df0fb23a8fa9e8effad8fa81386","name":"enequipo","image":{"@type":"ImageObject","inLanguage":"es","@id":"https:\/\/www.sonoraenequipo.com.mx\/#\/schema\/person\/image\/","url":"https:\/\/secure.gravatar.com\/avatar\/049821681b589dabc0bc20695993ccebb09f5b5d4d790cd9251b97faac7c652b?s=96&d=blank&r=g","contentUrl":"https:\/\/secure.gravatar.com\/avatar\/049821681b589dabc0bc20695993ccebb09f5b5d4d790cd9251b97faac7c652b?s=96&d=blank&r=g","caption":"enequipo"},"sameAs":["https:\/\/www.facebook.com\/SonoraEE"]}]}},"jetpack_featured_media_url":"https:\/\/www.sonoraenequipo.com.mx\/storage\/2021\/02\/cpa170221.jpg","_links":{"self":[{"href":"https:\/\/www.sonoraenequipo.com.mx\/api\/wp\/v2\/posts\/107239","targetHints":{"allow":["GET"]}}],"collection":[{"href":"https:\/\/www.sonoraenequipo.com.mx\/api\/wp\/v2\/posts"}],"about":[{"href":"https:\/\/www.sonoraenequipo.com.mx\/api\/wp\/v2\/types\/post"}],"author":[{"embeddable":true,"href":"https:\/\/www.sonoraenequipo.com.mx\/api\/wp\/v2\/users\/1"}],"replies":[{"embeddable":true,"href":"https:\/\/www.sonoraenequipo.com.mx\/api\/wp\/v2\/comments?post=107239"}],"version-history":[{"count":1,"href":"https:\/\/www.sonoraenequipo.com.mx\/api\/wp\/v2\/posts\/107239\/revisions"}],"predecessor-version":[{"id":107241,"href":"https:\/\/www.sonoraenequipo.com.mx\/api\/wp\/v2\/posts\/107239\/revisions\/107241"}],"wp:featuredmedia":[{"embeddable":true,"href":"https:\/\/www.sonoraenequipo.com.mx\/api\/wp\/v2\/media\/107240"}],"wp:attachment":[{"href":"https:\/\/www.sonoraenequipo.com.mx\/api\/wp\/v2\/media?parent=107239"}],"wp:term":[{"taxonomy":"category","embeddable":true,"href":"https:\/\/www.sonoraenequipo.com.mx\/api\/wp\/v2\/categories?post=107239"},{"taxonomy":"post_tag","embeddable":true,"href":"https:\/\/www.sonoraenequipo.com.mx\/api\/wp\/v2\/tags?post=107239"}],"curies":[{"name":"wp","href":"https:\/\/api.w.org\/{rel}","templated":true}]}}