{"id":107251,"date":"2021-02-17T16:46:39","date_gmt":"2021-02-17T23:46:39","guid":{"rendered":"https:\/\/www.sonoraenequipo.com.mx\/?p=107251"},"modified":"2021-02-17T16:46:39","modified_gmt":"2021-02-17T23:46:39","slug":"atienden-en-ciden-casos-de-sindrome-de-asperger","status":"publish","type":"post","link":"https:\/\/www.sonoraenequipo.com.mx\/atienden-en-ciden-casos-de-sindrome-de-asperger\/","title":{"rendered":"Atienden en CIDEN casos de S\u00edndrome de Asperger"},"content":{"rendered":"<p>HERMOSILLO, SONORA,MX.\u2500\u2500 En Sonora, se cuenta con atenci\u00f3n del S\u00edndrome de Asperger en el Centro Infantil de Desarrollo Neuroconductual (CIDEN), inform\u00f3 Enrique Clausen Iberri, quien detall\u00f3 que durante el 2020 se brindaron 447 consultas a menores de 0 a 12 a\u00f1os con esa condici\u00f3n mental.<\/p>\n<p>&nbsp;<\/p>\n<p>El secretario de Salud inform\u00f3 que el S\u00edndrome de Asperger es un trastorno muy frecuente, se presenta en 3 a 7 ni\u00f1os por cada 1000 nacidos vivos y comparti\u00f3 que desde 2007 se conmemora el D\u00eda Internacional del S\u00edndrome de Asperger el 18 de febrero, fecha que coincide con el aniversario del nacimiento de Hans Asperger, psiquiatra austriaco que describi\u00f3 por primera vez el s\u00edndrome.<\/p>\n<p>&nbsp;<\/p>\n<p>Clausen Iberri mencion\u00f3 que este s\u00edndrome forma parte de los Trastornos del Espectro del Autismo (TEA), que es un trastorno del neurodesarrollo que provoca que el cerebro funcione de manera diferente, especialmente en la comunicaci\u00f3n e interacci\u00f3n social y en la en la flexibilidad de pensamiento y comportamiento.<\/p>\n<p>&nbsp;<\/p>\n<p>Record\u00f3 que cada ni\u00f1o es distinto, sin embargo, pueden compartir ciertas caracter\u00edsticas como: socialmente dif\u00edcil de manejar en su relaci\u00f3n con otros ni\u00f1os y\/o adultos, ingenuo y cr\u00e9dulo, a menudo sin conciencia de los sentimientos e intenciones de otros, con grandes dificultades para llevar y mantener el ritmo normal de una conversaci\u00f3n y se altera f\u00e1cilmente por cambios en rutinas y transiciones.<\/p>\n<p>&nbsp;<\/p>\n<p>Tambi\u00e9n, dijo, suelen ser literales en lenguaje y comprensi\u00f3n, muy sensibles a sonidos fuertes, colores, luces, olores o sabores, manifiestan fijaci\u00f3n en un tema u objeto del que pueden llegar a ser aut\u00e9nticos expertos, f\u00edsicamente enfrentan serias dificultades para los deportes y suelen tener una memoria inusual para detalles, entre otros.<\/p>\n<p>&nbsp;<\/p>\n<p>\u201cAl detectar cualquiera de estas se\u00f1ales, los padres de familia deben llevar al menor para ser valorado y darle la atenci\u00f3n necesaria para que su desarrollo sea \u00f3ptimo\u201d, declar\u00f3.<\/p>\n<p>&nbsp;<\/p>\n<p>Clausen Iberri record\u00f3 que la Secretar\u00eda de Salud cuenta tambi\u00e9n con la Unidad del Adolescente del Hospital Carlos Nava y con los Centros Integrales de Salud Mental, CISAME, para la atenci\u00f3n de casos de SA.<\/p>\n<p>&nbsp;<\/p>\n<p>Consejos generales de intervenci\u00f3n para Personas con S\u00edndrome de Asperger:<\/p>\n<p>&nbsp;<\/p>\n<p>1) Empleo de apoyos visuales en cualquier proceso de ense\u00f1anza.<\/p>\n<p>2) Asegurar un ambiente estable y predecible, evitando cambios inesperados.<\/p>\n<p>3) Favorecer la generalizaci\u00f3n de los aprendizajes.<\/p>\n<p>4) Asegurar pautas de aprendizaje sin errores.<\/p>\n<p>5) Descomponer las tareas en pasos m\u00e1s peque\u00f1os.<\/p>\n<p>6) Ofrecer oportunidades de hacer elecciones.<\/p>\n<p>7) Ayudar a organizar su tiempo libre, evitando la inactividad o la dedicaci\u00f3n excesiva a sus intereses especiales.<\/p>\n<p>8) Ense\u00f1ar de manera expl\u00edcita habilidades y competencias que por lo general no suelen requerir una ense\u00f1anza formal y estructurada.<\/p>\n<p>9) Incluir los temas de inter\u00e9s para motivar su aprendizaje de nuevos contenidos.<\/p>\n<p>10) Prestar atenci\u00f3n a los indicadores emocionales, intentando prevenir posibles alteraciones en el estado de \u00e1nimo.<\/p>\n<p>11) Evitar en lo posible la cr\u00edtica y el castigo y sustituirlos por el refuerzo positivo, el halago y el premio.<\/p>\n<p>12) Una vez establecidas las rutinas y llegado a un cierto avance, trabajar con asesoramiento profesional, si es posible, en el entrenamiento de la flexibilidad.<\/p>\n<p>Fecha de publicaci\u00f3n\u00a0 mi\u00e9rcoles 17\/feb\/2021<\/p>\n<p>&nbsp;<\/p>\n","protected":false},"excerpt":{"rendered":"<p>HERMOSILLO, SONORA,MX.\u2500\u2500 En Sonora, se cuenta con atenci\u00f3n del S\u00edndrome de Asperger en el Centro&#8230;<\/p>\n","protected":false},"author":1,"featured_media":107252,"comment_status":"open","ping_status":"open","sticky":false,"template":"","format":"standard","meta":{"_monsterinsights_skip_tracking":false,"_monsterinsights_sitenote_active":false,"_monsterinsights_sitenote_note":"","_monsterinsights_sitenote_category":0,"footnotes":""},"categories":[22],"tags":[5449],"class_list":["post"],"yoast_head":" \n<title>Sonora en Equipo. Atienden en CIDEN casos de S\u00edndrome de Asperger Sonora<\/title>\n<meta name=\"description\" content=\"HERMOSILLO, SONORA,MX.\u2500\u2500 En Sonora, se cuenta con atenci\u00f3n del S\u00edndrome de Asperger en el Centro Infantil de Desarrollo Neuroconductual (CIDEN), inform\u00f3 En Sonora en Equipo publicamos toda la informaci\u00f3n de Sonora, M\u00e9xico y el Mundo de manera oportuna y busca que la libertad de expresi\u00f3n sea real. Visita nuestro medio informativo publicado desde Hermosillo, Sonora. %\" \/>\n<meta name=\"robots\" content=\"index, follow, max-snippet:-1, max-image-preview:large, max-video-preview:-1\" \/>\n<link rel=\"canonical\" href=\"https:\/\/www.sonoraenequipo.com.mx\/atienden-en-ciden-casos-de-sindrome-de-asperger\/\" \/>\n<meta property=\"og:locale\" content=\"es_ES\" \/>\n<meta property=\"og:type\" content=\"article\" \/>\n<meta property=\"og:title\" content=\"Sonora en Equipo. Atienden en CIDEN casos de S\u00edndrome de Asperger Sonora\" \/>\n<meta property=\"og:description\" content=\"HERMOSILLO, SONORA,MX.\u2500\u2500 En Sonora, se cuenta con atenci\u00f3n del S\u00edndrome de Asperger en el Centro Infantil de Desarrollo Neuroconductual (CIDEN), inform\u00f3 En Sonora en Equipo publicamos toda la informaci\u00f3n de Sonora, M\u00e9xico y el Mundo de manera oportuna y busca que la libertad de expresi\u00f3n sea real. Visita nuestro medio informativo publicado desde Hermosillo, Sonora. %\" \/>\n<meta property=\"og:url\" content=\"https:\/\/www.sonoraenequipo.com.mx\/atienden-en-ciden-casos-de-sindrome-de-asperger\/\" \/>\n<meta property=\"og:site_name\" content=\"Sonora en Equipo.\" \/>\n<meta property=\"article:publisher\" content=\"https:\/\/www.facebook.com\/SonoraEE\/\" \/>\n<meta property=\"article:author\" content=\"https:\/\/www.facebook.com\/SonoraEE\" \/>\n<meta property=\"article:published_time\" content=\"2021-02-17T23:46:39+00:00\" \/>\n<meta property=\"og:image\" content=\"https:\/\/www.sonoraenequipo.com.mx\/storage\/2021\/02\/e-clausen14.jpg\" \/>\n\t<meta property=\"og:image:width\" content=\"500\" \/>\n\t<meta property=\"og:image:height\" content=\"300\" \/>\n\t<meta property=\"og:image:type\" content=\"image\/jpeg\" \/>\n<meta name=\"author\" content=\"enequipo\" \/>\n<meta name=\"twitter:card\" content=\"summary_large_image\" \/>\n<meta name=\"twitter:creator\" content=\"@sonoraenequipo\" \/>\n<meta name=\"twitter:site\" content=\"@sonoraenequipo\" \/>\n<meta name=\"twitter:label1\" content=\"Escrito por\" \/>\n\t<meta name=\"twitter:data1\" content=\"enequipo\" \/>\n\t<meta name=\"twitter:label2\" content=\"Tiempo de lectura\" \/>\n\t<meta name=\"twitter:data2\" content=\"3 minutos\" \/>\n<script type=\"application\/ld+json\" class=\"yoast-schema-graph\">{\"@context\":\"https:\/\/schema.org\",\"@graph\":[{\"@type\":\"Article\",\"@id\":\"https:\/\/www.sonoraenequipo.com.mx\/atienden-en-ciden-casos-de-sindrome-de-asperger\/#article\",\"isPartOf\":{\"@id\":\"https:\/\/www.sonoraenequipo.com.mx\/atienden-en-ciden-casos-de-sindrome-de-asperger\/\"},\"author\":{\"name\":\"enequipo\",\"@id\":\"https:\/\/www.sonoraenequipo.com.mx\/#\/schema\/person\/50102df0fb23a8fa9e8effad8fa81386\"},\"headline\":\"Atienden en CIDEN casos de S\u00edndrome de Asperger\",\"datePublished\":\"2021-02-17T23:46:39+00:00\",\"mainEntityOfPage\":{\"@id\":\"https:\/\/www.sonoraenequipo.com.mx\/atienden-en-ciden-casos-de-sindrome-de-asperger\/\"},\"wordCount\":555,\"commentCount\":0,\"publisher\":{\"@id\":\"https:\/\/www.sonoraenequipo.com.mx\/#organization\"},\"image\":{\"@id\":\"https:\/\/www.sonoraenequipo.com.mx\/atienden-en-ciden-casos-de-sindrome-de-asperger\/#primaryimage\"},\"thumbnailUrl\":\"https:\/\/www.sonoraenequipo.com.mx\/storage\/2021\/02\/e-clausen14.jpg\",\"keywords\":[\"asperger\"],\"articleSection\":[\"Sonora\"],\"inLanguage\":\"es\",\"potentialAction\":[{\"@type\":\"CommentAction\",\"name\":\"Comment\",\"target\":[\"https:\/\/www.sonoraenequipo.com.mx\/atienden-en-ciden-casos-de-sindrome-de-asperger\/#respond\"]}]},{\"@type\":\"WebPage\",\"@id\":\"https:\/\/www.sonoraenequipo.com.mx\/atienden-en-ciden-casos-de-sindrome-de-asperger\/\",\"url\":\"https:\/\/www.sonoraenequipo.com.mx\/atienden-en-ciden-casos-de-sindrome-de-asperger\/\",\"name\":\"Sonora en Equipo. Atienden en CIDEN casos de S\u00edndrome de Asperger Sonora\",\"isPartOf\":{\"@id\":\"https:\/\/www.sonoraenequipo.com.mx\/#website\"},\"primaryImageOfPage\":{\"@id\":\"https:\/\/www.sonoraenequipo.com.mx\/atienden-en-ciden-casos-de-sindrome-de-asperger\/#primaryimage\"},\"image\":{\"@id\":\"https:\/\/www.sonoraenequipo.com.mx\/atienden-en-ciden-casos-de-sindrome-de-asperger\/#primaryimage\"},\"thumbnailUrl\":\"https:\/\/www.sonoraenequipo.com.mx\/storage\/2021\/02\/e-clausen14.jpg\",\"datePublished\":\"2021-02-17T23:46:39+00:00\",\"description\":\"HERMOSILLO, SONORA,MX.\u2500\u2500 En Sonora, se cuenta con atenci\u00f3n del S\u00edndrome de Asperger en el Centro Infantil de Desarrollo Neuroconductual (CIDEN), inform\u00f3 En Sonora en Equipo publicamos toda la informaci\u00f3n de Sonora, M\u00e9xico y el Mundo de manera oportuna y busca que la libertad de expresi\u00f3n sea real. Visita nuestro medio informativo publicado desde Hermosillo, Sonora. %\",\"breadcrumb\":{\"@id\":\"https:\/\/www.sonoraenequipo.com.mx\/atienden-en-ciden-casos-de-sindrome-de-asperger\/#breadcrumb\"},\"inLanguage\":\"es\",\"potentialAction\":[{\"@type\":\"ReadAction\",\"target\":[\"https:\/\/www.sonoraenequipo.com.mx\/atienden-en-ciden-casos-de-sindrome-de-asperger\/\"]}]},{\"@type\":\"ImageObject\",\"inLanguage\":\"es\",\"@id\":\"https:\/\/www.sonoraenequipo.com.mx\/atienden-en-ciden-casos-de-sindrome-de-asperger\/#primaryimage\",\"url\":\"https:\/\/www.sonoraenequipo.com.mx\/storage\/2021\/02\/e-clausen14.jpg\",\"contentUrl\":\"https:\/\/www.sonoraenequipo.com.mx\/storage\/2021\/02\/e-clausen14.jpg\",\"width\":500,\"height\":300},{\"@type\":\"BreadcrumbList\",\"@id\":\"https:\/\/www.sonoraenequipo.com.mx\/atienden-en-ciden-casos-de-sindrome-de-asperger\/#breadcrumb\",\"itemListElement\":[{\"@type\":\"ListItem\",\"position\":1,\"name\":\"Portada\",\"item\":\"https:\/\/www.sonoraenequipo.com.mx\/\"},{\"@type\":\"ListItem\",\"position\":2,\"name\":\"Atienden en CIDEN casos de S\u00edndrome de Asperger\"}]},{\"@type\":\"WebSite\",\"@id\":\"https:\/\/www.sonoraenequipo.com.mx\/#website\",\"url\":\"https:\/\/www.sonoraenequipo.com.mx\/\",\"name\":\"Sonora en Equipo.\",\"description\":\"Diario en l\u00ednea con Noticias desde Hermosillo, Sonora\",\"publisher\":{\"@id\":\"https:\/\/www.sonoraenequipo.com.mx\/#organization\"},\"potentialAction\":[{\"@type\":\"SearchAction\",\"target\":{\"@type\":\"EntryPoint\",\"urlTemplate\":\"https:\/\/www.sonoraenequipo.com.mx\/?s={search_term_string}\"},\"query-input\":{\"@type\":\"PropertyValueSpecification\",\"valueRequired\":true,\"valueName\":\"search_term_string\"}}],\"inLanguage\":\"es\"},{\"@type\":\"Organization\",\"@id\":\"https:\/\/www.sonoraenequipo.com.mx\/#organization\",\"name\":\"Sonoraenequipo.com.mx\",\"url\":\"https:\/\/www.sonoraenequipo.com.mx\/\",\"logo\":{\"@type\":\"ImageObject\",\"inLanguage\":\"es\",\"@id\":\"https:\/\/www.sonoraenequipo.com.mx\/#\/schema\/logo\/image\/\",\"url\":\"https:\/\/www.sonoraenequipo.com.mx\/storage\/2019\/01\/sonoraenequipo_opt.png\",\"contentUrl\":\"https:\/\/www.sonoraenequipo.com.mx\/storage\/2019\/01\/sonoraenequipo_opt.png\",\"width\":375,\"height\":125,\"caption\":\"Sonoraenequipo.com.mx\"},\"image\":{\"@id\":\"https:\/\/www.sonoraenequipo.com.mx\/#\/schema\/logo\/image\/\"},\"sameAs\":[\"https:\/\/www.facebook.com\/SonoraEE\/\",\"https:\/\/x.com\/sonoraenequipo\",\"https:\/\/www.youtube.com\/channel\/UC338nW-lPEYmJQs4ZABQ1SQ\"]},{\"@type\":\"Person\",\"@id\":\"https:\/\/www.sonoraenequipo.com.mx\/#\/schema\/person\/50102df0fb23a8fa9e8effad8fa81386\",\"name\":\"enequipo\",\"image\":{\"@type\":\"ImageObject\",\"inLanguage\":\"es\",\"@id\":\"https:\/\/www.sonoraenequipo.com.mx\/#\/schema\/person\/image\/\",\"url\":\"https:\/\/secure.gravatar.com\/avatar\/049821681b589dabc0bc20695993ccebb09f5b5d4d790cd9251b97faac7c652b?s=96&d=blank&r=g\",\"contentUrl\":\"https:\/\/secure.gravatar.com\/avatar\/049821681b589dabc0bc20695993ccebb09f5b5d4d790cd9251b97faac7c652b?s=96&d=blank&r=g\",\"caption\":\"enequipo\"},\"sameAs\":[\"https:\/\/www.facebook.com\/SonoraEE\"]}]}<\/script>\n ","yoast_head_json":{"title":"Sonora en Equipo. Atienden en CIDEN casos de S\u00edndrome de Asperger Sonora","description":"HERMOSILLO, SONORA,MX.\u2500\u2500 En Sonora, se cuenta con atenci\u00f3n del S\u00edndrome de Asperger en el Centro Infantil de Desarrollo Neuroconductual (CIDEN), inform\u00f3 En Sonora en Equipo publicamos toda la informaci\u00f3n de Sonora, M\u00e9xico y el Mundo de manera oportuna y busca que la libertad de expresi\u00f3n sea real. Visita nuestro medio informativo publicado desde Hermosillo, Sonora. %","robots":{"index":"index","follow":"follow","max-snippet":"max-snippet:-1","max-image-preview":"max-image-preview:large","max-video-preview":"max-video-preview:-1"},"canonical":"https:\/\/www.sonoraenequipo.com.mx\/atienden-en-ciden-casos-de-sindrome-de-asperger\/","og_locale":"es_ES","og_type":"article","og_title":"Sonora en Equipo. Atienden en CIDEN casos de S\u00edndrome de Asperger Sonora","og_description":"HERMOSILLO, SONORA,MX.\u2500\u2500 En Sonora, se cuenta con atenci\u00f3n del S\u00edndrome de Asperger en el Centro Infantil de Desarrollo Neuroconductual (CIDEN), inform\u00f3 En Sonora en Equipo publicamos toda la informaci\u00f3n de Sonora, M\u00e9xico y el Mundo de manera oportuna y busca que la libertad de expresi\u00f3n sea real. Visita nuestro medio informativo publicado desde Hermosillo, Sonora. %","og_url":"https:\/\/www.sonoraenequipo.com.mx\/atienden-en-ciden-casos-de-sindrome-de-asperger\/","og_site_name":"Sonora en Equipo.","article_publisher":"https:\/\/www.facebook.com\/SonoraEE\/","article_author":"https:\/\/www.facebook.com\/SonoraEE","article_published_time":"2021-02-17T23:46:39+00:00","og_image":[{"width":500,"height":300,"url":"https:\/\/www.sonoraenequipo.com.mx\/storage\/2021\/02\/e-clausen14.jpg","type":"image\/jpeg"}],"author":"enequipo","twitter_card":"summary_large_image","twitter_creator":"@sonoraenequipo","twitter_site":"@sonoraenequipo","twitter_misc":{"Escrito por":"enequipo","Tiempo de lectura":"3 minutos"},"schema":{"@context":"https:\/\/schema.org","@graph":[{"@type":"Article","@id":"https:\/\/www.sonoraenequipo.com.mx\/atienden-en-ciden-casos-de-sindrome-de-asperger\/#article","isPartOf":{"@id":"https:\/\/www.sonoraenequipo.com.mx\/atienden-en-ciden-casos-de-sindrome-de-asperger\/"},"author":{"name":"enequipo","@id":"https:\/\/www.sonoraenequipo.com.mx\/#\/schema\/person\/50102df0fb23a8fa9e8effad8fa81386"},"headline":"Atienden en CIDEN casos de S\u00edndrome de Asperger","datePublished":"2021-02-17T23:46:39+00:00","mainEntityOfPage":{"@id":"https:\/\/www.sonoraenequipo.com.mx\/atienden-en-ciden-casos-de-sindrome-de-asperger\/"},"wordCount":555,"commentCount":0,"publisher":{"@id":"https:\/\/www.sonoraenequipo.com.mx\/#organization"},"image":{"@id":"https:\/\/www.sonoraenequipo.com.mx\/atienden-en-ciden-casos-de-sindrome-de-asperger\/#primaryimage"},"thumbnailUrl":"https:\/\/www.sonoraenequipo.com.mx\/storage\/2021\/02\/e-clausen14.jpg","keywords":["asperger"],"articleSection":["Sonora"],"inLanguage":"es","potentialAction":[{"@type":"CommentAction","name":"Comment","target":["https:\/\/www.sonoraenequipo.com.mx\/atienden-en-ciden-casos-de-sindrome-de-asperger\/#respond"]}]},{"@type":"WebPage","@id":"https:\/\/www.sonoraenequipo.com.mx\/atienden-en-ciden-casos-de-sindrome-de-asperger\/","url":"https:\/\/www.sonoraenequipo.com.mx\/atienden-en-ciden-casos-de-sindrome-de-asperger\/","name":"Sonora en Equipo. Atienden en CIDEN casos de S\u00edndrome de Asperger Sonora","isPartOf":{"@id":"https:\/\/www.sonoraenequipo.com.mx\/#website"},"primaryImageOfPage":{"@id":"https:\/\/www.sonoraenequipo.com.mx\/atienden-en-ciden-casos-de-sindrome-de-asperger\/#primaryimage"},"image":{"@id":"https:\/\/www.sonoraenequipo.com.mx\/atienden-en-ciden-casos-de-sindrome-de-asperger\/#primaryimage"},"thumbnailUrl":"https:\/\/www.sonoraenequipo.com.mx\/storage\/2021\/02\/e-clausen14.jpg","datePublished":"2021-02-17T23:46:39+00:00","description":"HERMOSILLO, SONORA,MX.\u2500\u2500 En Sonora, se cuenta con atenci\u00f3n del S\u00edndrome de Asperger en el Centro Infantil de Desarrollo Neuroconductual (CIDEN), inform\u00f3 En Sonora en Equipo publicamos toda la informaci\u00f3n de Sonora, M\u00e9xico y el Mundo de manera oportuna y busca que la libertad de expresi\u00f3n sea real. Visita nuestro medio informativo publicado desde Hermosillo, Sonora. %","breadcrumb":{"@id":"https:\/\/www.sonoraenequipo.com.mx\/atienden-en-ciden-casos-de-sindrome-de-asperger\/#breadcrumb"},"inLanguage":"es","potentialAction":[{"@type":"ReadAction","target":["https:\/\/www.sonoraenequipo.com.mx\/atienden-en-ciden-casos-de-sindrome-de-asperger\/"]}]},{"@type":"ImageObject","inLanguage":"es","@id":"https:\/\/www.sonoraenequipo.com.mx\/atienden-en-ciden-casos-de-sindrome-de-asperger\/#primaryimage","url":"https:\/\/www.sonoraenequipo.com.mx\/storage\/2021\/02\/e-clausen14.jpg","contentUrl":"https:\/\/www.sonoraenequipo.com.mx\/storage\/2021\/02\/e-clausen14.jpg","width":500,"height":300},{"@type":"BreadcrumbList","@id":"https:\/\/www.sonoraenequipo.com.mx\/atienden-en-ciden-casos-de-sindrome-de-asperger\/#breadcrumb","itemListElement":[{"@type":"ListItem","position":1,"name":"Portada","item":"https:\/\/www.sonoraenequipo.com.mx\/"},{"@type":"ListItem","position":2,"name":"Atienden en CIDEN casos de S\u00edndrome de Asperger"}]},{"@type":"WebSite","@id":"https:\/\/www.sonoraenequipo.com.mx\/#website","url":"https:\/\/www.sonoraenequipo.com.mx\/","name":"Sonora en Equipo.","description":"Diario en l\u00ednea con Noticias desde Hermosillo, Sonora","publisher":{"@id":"https:\/\/www.sonoraenequipo.com.mx\/#organization"},"potentialAction":[{"@type":"SearchAction","target":{"@type":"EntryPoint","urlTemplate":"https:\/\/www.sonoraenequipo.com.mx\/?s={search_term_string}"},"query-input":{"@type":"PropertyValueSpecification","valueRequired":true,"valueName":"search_term_string"}}],"inLanguage":"es"},{"@type":"Organization","@id":"https:\/\/www.sonoraenequipo.com.mx\/#organization","name":"Sonoraenequipo.com.mx","url":"https:\/\/www.sonoraenequipo.com.mx\/","logo":{"@type":"ImageObject","inLanguage":"es","@id":"https:\/\/www.sonoraenequipo.com.mx\/#\/schema\/logo\/image\/","url":"https:\/\/www.sonoraenequipo.com.mx\/storage\/2019\/01\/sonoraenequipo_opt.png","contentUrl":"https:\/\/www.sonoraenequipo.com.mx\/storage\/2019\/01\/sonoraenequipo_opt.png","width":375,"height":125,"caption":"Sonoraenequipo.com.mx"},"image":{"@id":"https:\/\/www.sonoraenequipo.com.mx\/#\/schema\/logo\/image\/"},"sameAs":["https:\/\/www.facebook.com\/SonoraEE\/","https:\/\/x.com\/sonoraenequipo","https:\/\/www.youtube.com\/channel\/UC338nW-lPEYmJQs4ZABQ1SQ"]},{"@type":"Person","@id":"https:\/\/www.sonoraenequipo.com.mx\/#\/schema\/person\/50102df0fb23a8fa9e8effad8fa81386","name":"enequipo","image":{"@type":"ImageObject","inLanguage":"es","@id":"https:\/\/www.sonoraenequipo.com.mx\/#\/schema\/person\/image\/","url":"https:\/\/secure.gravatar.com\/avatar\/049821681b589dabc0bc20695993ccebb09f5b5d4d790cd9251b97faac7c652b?s=96&d=blank&r=g","contentUrl":"https:\/\/secure.gravatar.com\/avatar\/049821681b589dabc0bc20695993ccebb09f5b5d4d790cd9251b97faac7c652b?s=96&d=blank&r=g","caption":"enequipo"},"sameAs":["https:\/\/www.facebook.com\/SonoraEE"]}]}},"jetpack_featured_media_url":"https:\/\/www.sonoraenequipo.com.mx\/storage\/2021\/02\/e-clausen14.jpg","_links":{"self":[{"href":"https:\/\/www.sonoraenequipo.com.mx\/api\/wp\/v2\/posts\/107251","targetHints":{"allow":["GET"]}}],"collection":[{"href":"https:\/\/www.sonoraenequipo.com.mx\/api\/wp\/v2\/posts"}],"about":[{"href":"https:\/\/www.sonoraenequipo.com.mx\/api\/wp\/v2\/types\/post"}],"author":[{"embeddable":true,"href":"https:\/\/www.sonoraenequipo.com.mx\/api\/wp\/v2\/users\/1"}],"replies":[{"embeddable":true,"href":"https:\/\/www.sonoraenequipo.com.mx\/api\/wp\/v2\/comments?post=107251"}],"version-history":[{"count":1,"href":"https:\/\/www.sonoraenequipo.com.mx\/api\/wp\/v2\/posts\/107251\/revisions"}],"predecessor-version":[{"id":107253,"href":"https:\/\/www.sonoraenequipo.com.mx\/api\/wp\/v2\/posts\/107251\/revisions\/107253"}],"wp:featuredmedia":[{"embeddable":true,"href":"https:\/\/www.sonoraenequipo.com.mx\/api\/wp\/v2\/media\/107252"}],"wp:attachment":[{"href":"https:\/\/www.sonoraenequipo.com.mx\/api\/wp\/v2\/media?parent=107251"}],"wp:term":[{"taxonomy":"category","embeddable":true,"href":"https:\/\/www.sonoraenequipo.com.mx\/api\/wp\/v2\/categories?post=107251"},{"taxonomy":"post_tag","embeddable":true,"href":"https:\/\/www.sonoraenequipo.com.mx\/api\/wp\/v2\/tags?post=107251"}],"curies":[{"name":"wp","href":"https:\/\/api.w.org\/{rel}","templated":true}]}}