{"id":107262,"date":"2021-02-17T20:25:08","date_gmt":"2021-02-18T03:25:08","guid":{"rendered":"https:\/\/www.sonoraenequipo.com.mx\/?p=107262"},"modified":"2021-02-17T20:38:35","modified_gmt":"2021-02-18T03:38:35","slug":"colectivo-docente-se-retroalimenta-con-sus-experiencias-exitosas","status":"publish","type":"post","link":"https:\/\/www.sonoraenequipo.com.mx\/colectivo-docente-se-retroalimenta-con-sus-experiencias-exitosas\/","title":{"rendered":"Colectivo docente se retroalimenta con sus experiencias exitosas"},"content":{"rendered":"<p>HERMOSILLO, SONORA. MX. \u2014 El proyecto<em> \u201cExperiencias exitosas\u201d<\/em> implementado por el colectivo docente de la zona escolar 008 de Preescolar Estatal fue implementado para intercambiar pr\u00e1cticas sobre la educaci\u00f3n a distancia, explic\u00f3 Diana Rodr\u00edguez Rodr\u00edguez.<\/p>\n<p>&nbsp;<\/p>\n<p> <\/p>\n<p>&nbsp;<\/p>\n<p>La titular de la Asesor\u00eda T\u00e9cnica Pedag\u00f3gica (ATP) de esta zona escolar manifest\u00f3 que con base a un calendario completo en el ciclo escolar, los d\u00edas jueves de cada semana destinan un espacio de la jornada laboral para reunirse de forma virtual a trav\u00e9s de la plataforma Zoom.<\/p>\n<p>&nbsp;<\/p>\n<p>&nbsp;<\/p>\n<p><em>\u201cHemos favorecido un espacio de aprendizaje conjunto, donde las participantes tiene la oportunidad de compartir y aprender de sus compa\u00f1eras educadoras y tambi\u00e9n pensamos que sirve para generar un espacio de reconocimiento personal a cada una de nuestras educadoras de la zona escolar, ya que resulta visible todo el trabajo que realizan, el dinamismo que imprimen y su profesionalismo\u201d<\/em>, dijo la ATP.<\/p>\n<p>&nbsp;<\/p>\n<p>&nbsp;<\/p>\n<p>Record\u00f3 que derivado de un diagn\u00f3stico se priorizaron los temas y los rubros de trabajo en el escenario de educaci\u00f3n a distancia, ya que en preescolar se establecen las bases de una ni\u00f1ez exitosa.<\/p>\n<p>&nbsp;<\/p>\n<p>&nbsp;<\/p>\n<p><em>\u201cSon dos horas aproximadamente de nuestra sesi\u00f3n virtual. Las educadoras presentan de d\u00f3nde surge la iniciativa, el objetivo y los alcances logrados en su implementaci\u00f3n, los beneficios y una explicaci\u00f3n su aplicaci\u00f3n, posteriormente, damos a un espacio de interacci\u00f3n, logrando resultados muy favorables a favor de nuestra comunidad estudiantil\u201d,<\/em> explic\u00f3 Rodr\u00edguez Rodr\u00edguez.<\/p>\n<p>&nbsp;<\/p>\n<p>&nbsp;<\/p>\n<p>Se formaron nueve equipos de trabajo para tener el mismo n\u00famero de reuniones durante el presente ciclo escolar; hasta el momento realizaron seis encuentros y con esos equipos buscan diversidad de estrategias, las cuales, pueden aplicar cualquiera de las educadoras, abund\u00f3.<\/p>\n<p>&nbsp;<\/p>\n<p>&nbsp;<\/p>\n<p>Enfatiz\u00f3 que entre los aspectos analizados se ubican: comunicaci\u00f3n efectiva con padres de familia, el uso de diversos recursos pedag\u00f3gicos para el esquema de trabajo virtual y el uso de aplicaciones como Facebook, WhatsApp y Zoom.<\/p>\n<p>&nbsp;<\/p>\n<p>&nbsp;<\/p>\n<p><em>\u201cEn este espacio tambi\u00e9n se han solventado problem\u00e1ticas presentadas en este modelo de educaci\u00f3n a distancia y hemos visto que herramientas utilizadas en un inicio, ya no son las que est\u00e1n utilizando en este momento; sin embargo, ellas explican la decisi\u00f3n de cambiar de estrategia y el impacto que alcanzan en su contexto educativo\u201d,<\/em> agreg\u00f3 Rodr\u00edguez Rodr\u00edguez.<\/p>\n<p>&nbsp;<\/p>\n<p>(Publicada el 17\/02\/2021)<\/p>\n","protected":false},"excerpt":{"rendered":"<p>HERMOSILLO, SONORA. MX. \u2014 El proyecto \u201cExperiencias exitosas\u201d implementado por el colectivo docente de la&#8230;<\/p>\n","protected":false},"author":1,"featured_media":107264,"comment_status":"open","ping_status":"open","sticky":false,"template":"","format":"standard","meta":{"_monsterinsights_skip_tracking":false,"_monsterinsights_sitenote_active":false,"_monsterinsights_sitenote_note":"","_monsterinsights_sitenote_category":0,"footnotes":""},"categories":[22],"tags":[],"class_list":["post"],"yoast_head":" \n<title>Sonora en Equipo. Colectivo docente se retroalimenta con sus experiencias exitosas Sonora<\/title>\n<meta name=\"description\" content=\"HERMOSILLO, SONORA. MX. \u2014 El proyecto \u201cExperiencias exitosas\u201d implementado por el colectivo docente de la zona escolar 008 de Preescolar Estatal fue En Sonora en Equipo publicamos toda la informaci\u00f3n de Sonora, M\u00e9xico y el Mundo de manera oportuna y busca que la libertad de expresi\u00f3n sea real. Visita nuestro medio informativo publicado desde Hermosillo, Sonora. %\" \/>\n<meta name=\"robots\" content=\"index, follow, max-snippet:-1, max-image-preview:large, max-video-preview:-1\" \/>\n<link rel=\"canonical\" href=\"https:\/\/www.sonoraenequipo.com.mx\/colectivo-docente-se-retroalimenta-con-sus-experiencias-exitosas\/\" \/>\n<meta property=\"og:locale\" content=\"es_ES\" \/>\n<meta property=\"og:type\" content=\"article\" \/>\n<meta property=\"og:title\" content=\"Sonora en Equipo. Colectivo docente se retroalimenta con sus experiencias exitosas Sonora\" \/>\n<meta property=\"og:description\" content=\"HERMOSILLO, SONORA. MX. \u2014 El proyecto \u201cExperiencias exitosas\u201d implementado por el colectivo docente de la zona escolar 008 de Preescolar Estatal fue En Sonora en Equipo publicamos toda la informaci\u00f3n de Sonora, M\u00e9xico y el Mundo de manera oportuna y busca que la libertad de expresi\u00f3n sea real. Visita nuestro medio informativo publicado desde Hermosillo, Sonora. %\" \/>\n<meta property=\"og:url\" content=\"https:\/\/www.sonoraenequipo.com.mx\/colectivo-docente-se-retroalimenta-con-sus-experiencias-exitosas\/\" \/>\n<meta property=\"og:site_name\" content=\"Sonora en Equipo.\" \/>\n<meta property=\"article:publisher\" content=\"https:\/\/www.facebook.com\/SonoraEE\/\" \/>\n<meta property=\"article:author\" content=\"https:\/\/www.facebook.com\/SonoraEE\" \/>\n<meta property=\"article:published_time\" content=\"2021-02-18T03:25:08+00:00\" \/>\n<meta property=\"article:modified_time\" content=\"2021-02-18T03:38:35+00:00\" \/>\n<meta property=\"og:image\" content=\"https:\/\/www.sonoraenequipo.com.mx\/storage\/2021\/02\/colectivo_opt.jpg\" \/>\n\t<meta property=\"og:image:width\" content=\"594\" \/>\n\t<meta property=\"og:image:height\" content=\"400\" \/>\n\t<meta property=\"og:image:type\" content=\"image\/jpeg\" \/>\n<meta name=\"author\" content=\"enequipo\" \/>\n<meta name=\"twitter:card\" content=\"summary_large_image\" \/>\n<meta name=\"twitter:creator\" content=\"@sonoraenequipo\" \/>\n<meta name=\"twitter:site\" content=\"@sonoraenequipo\" \/>\n<meta name=\"twitter:label1\" content=\"Escrito por\" \/>\n\t<meta name=\"twitter:data1\" content=\"enequipo\" \/>\n\t<meta name=\"twitter:label2\" content=\"Tiempo de lectura\" \/>\n\t<meta name=\"twitter:data2\" content=\"2 minutos\" \/>\n<script type=\"application\/ld+json\" class=\"yoast-schema-graph\">{\"@context\":\"https:\/\/schema.org\",\"@graph\":[{\"@type\":\"Article\",\"@id\":\"https:\/\/www.sonoraenequipo.com.mx\/colectivo-docente-se-retroalimenta-con-sus-experiencias-exitosas\/#article\",\"isPartOf\":{\"@id\":\"https:\/\/www.sonoraenequipo.com.mx\/colectivo-docente-se-retroalimenta-con-sus-experiencias-exitosas\/\"},\"author\":{\"name\":\"enequipo\",\"@id\":\"https:\/\/www.sonoraenequipo.com.mx\/#\/schema\/person\/50102df0fb23a8fa9e8effad8fa81386\"},\"headline\":\"Colectivo docente se retroalimenta con sus experiencias exitosas\",\"datePublished\":\"2021-02-18T03:25:08+00:00\",\"dateModified\":\"2021-02-18T03:38:35+00:00\",\"mainEntityOfPage\":{\"@id\":\"https:\/\/www.sonoraenequipo.com.mx\/colectivo-docente-se-retroalimenta-con-sus-experiencias-exitosas\/\"},\"wordCount\":420,\"commentCount\":0,\"publisher\":{\"@id\":\"https:\/\/www.sonoraenequipo.com.mx\/#organization\"},\"image\":{\"@id\":\"https:\/\/www.sonoraenequipo.com.mx\/colectivo-docente-se-retroalimenta-con-sus-experiencias-exitosas\/#primaryimage\"},\"thumbnailUrl\":\"https:\/\/www.sonoraenequipo.com.mx\/storage\/2021\/02\/colectivo_opt.jpg\",\"articleSection\":[\"Sonora\"],\"inLanguage\":\"es\",\"potentialAction\":[{\"@type\":\"CommentAction\",\"name\":\"Comment\",\"target\":[\"https:\/\/www.sonoraenequipo.com.mx\/colectivo-docente-se-retroalimenta-con-sus-experiencias-exitosas\/#respond\"]}]},{\"@type\":\"WebPage\",\"@id\":\"https:\/\/www.sonoraenequipo.com.mx\/colectivo-docente-se-retroalimenta-con-sus-experiencias-exitosas\/\",\"url\":\"https:\/\/www.sonoraenequipo.com.mx\/colectivo-docente-se-retroalimenta-con-sus-experiencias-exitosas\/\",\"name\":\"Sonora en Equipo. Colectivo docente se retroalimenta con sus experiencias exitosas Sonora\",\"isPartOf\":{\"@id\":\"https:\/\/www.sonoraenequipo.com.mx\/#website\"},\"primaryImageOfPage\":{\"@id\":\"https:\/\/www.sonoraenequipo.com.mx\/colectivo-docente-se-retroalimenta-con-sus-experiencias-exitosas\/#primaryimage\"},\"image\":{\"@id\":\"https:\/\/www.sonoraenequipo.com.mx\/colectivo-docente-se-retroalimenta-con-sus-experiencias-exitosas\/#primaryimage\"},\"thumbnailUrl\":\"https:\/\/www.sonoraenequipo.com.mx\/storage\/2021\/02\/colectivo_opt.jpg\",\"datePublished\":\"2021-02-18T03:25:08+00:00\",\"dateModified\":\"2021-02-18T03:38:35+00:00\",\"description\":\"HERMOSILLO, SONORA. MX. \u2014 El proyecto \u201cExperiencias exitosas\u201d implementado por el colectivo docente de la zona escolar 008 de Preescolar Estatal fue En Sonora en Equipo publicamos toda la informaci\u00f3n de Sonora, M\u00e9xico y el Mundo de manera oportuna y busca que la libertad de expresi\u00f3n sea real. Visita nuestro medio informativo publicado desde Hermosillo, Sonora. %\",\"breadcrumb\":{\"@id\":\"https:\/\/www.sonoraenequipo.com.mx\/colectivo-docente-se-retroalimenta-con-sus-experiencias-exitosas\/#breadcrumb\"},\"inLanguage\":\"es\",\"potentialAction\":[{\"@type\":\"ReadAction\",\"target\":[\"https:\/\/www.sonoraenequipo.com.mx\/colectivo-docente-se-retroalimenta-con-sus-experiencias-exitosas\/\"]}]},{\"@type\":\"ImageObject\",\"inLanguage\":\"es\",\"@id\":\"https:\/\/www.sonoraenequipo.com.mx\/colectivo-docente-se-retroalimenta-con-sus-experiencias-exitosas\/#primaryimage\",\"url\":\"https:\/\/www.sonoraenequipo.com.mx\/storage\/2021\/02\/colectivo_opt.jpg\",\"contentUrl\":\"https:\/\/www.sonoraenequipo.com.mx\/storage\/2021\/02\/colectivo_opt.jpg\",\"width\":594,\"height\":400},{\"@type\":\"BreadcrumbList\",\"@id\":\"https:\/\/www.sonoraenequipo.com.mx\/colectivo-docente-se-retroalimenta-con-sus-experiencias-exitosas\/#breadcrumb\",\"itemListElement\":[{\"@type\":\"ListItem\",\"position\":1,\"name\":\"Portada\",\"item\":\"https:\/\/www.sonoraenequipo.com.mx\/\"},{\"@type\":\"ListItem\",\"position\":2,\"name\":\"Colectivo docente se retroalimenta con sus experiencias exitosas\"}]},{\"@type\":\"WebSite\",\"@id\":\"https:\/\/www.sonoraenequipo.com.mx\/#website\",\"url\":\"https:\/\/www.sonoraenequipo.com.mx\/\",\"name\":\"Sonora en Equipo.\",\"description\":\"Diario en l\u00ednea con Noticias desde Hermosillo, Sonora\",\"publisher\":{\"@id\":\"https:\/\/www.sonoraenequipo.com.mx\/#organization\"},\"potentialAction\":[{\"@type\":\"SearchAction\",\"target\":{\"@type\":\"EntryPoint\",\"urlTemplate\":\"https:\/\/www.sonoraenequipo.com.mx\/?s={search_term_string}\"},\"query-input\":{\"@type\":\"PropertyValueSpecification\",\"valueRequired\":true,\"valueName\":\"search_term_string\"}}],\"inLanguage\":\"es\"},{\"@type\":\"Organization\",\"@id\":\"https:\/\/www.sonoraenequipo.com.mx\/#organization\",\"name\":\"Sonoraenequipo.com.mx\",\"url\":\"https:\/\/www.sonoraenequipo.com.mx\/\",\"logo\":{\"@type\":\"ImageObject\",\"inLanguage\":\"es\",\"@id\":\"https:\/\/www.sonoraenequipo.com.mx\/#\/schema\/logo\/image\/\",\"url\":\"https:\/\/www.sonoraenequipo.com.mx\/storage\/2019\/01\/sonoraenequipo_opt.png\",\"contentUrl\":\"https:\/\/www.sonoraenequipo.com.mx\/storage\/2019\/01\/sonoraenequipo_opt.png\",\"width\":375,\"height\":125,\"caption\":\"Sonoraenequipo.com.mx\"},\"image\":{\"@id\":\"https:\/\/www.sonoraenequipo.com.mx\/#\/schema\/logo\/image\/\"},\"sameAs\":[\"https:\/\/www.facebook.com\/SonoraEE\/\",\"https:\/\/x.com\/sonoraenequipo\",\"https:\/\/www.youtube.com\/channel\/UC338nW-lPEYmJQs4ZABQ1SQ\"]},{\"@type\":\"Person\",\"@id\":\"https:\/\/www.sonoraenequipo.com.mx\/#\/schema\/person\/50102df0fb23a8fa9e8effad8fa81386\",\"name\":\"enequipo\",\"image\":{\"@type\":\"ImageObject\",\"inLanguage\":\"es\",\"@id\":\"https:\/\/www.sonoraenequipo.com.mx\/#\/schema\/person\/image\/\",\"url\":\"https:\/\/secure.gravatar.com\/avatar\/049821681b589dabc0bc20695993ccebb09f5b5d4d790cd9251b97faac7c652b?s=96&d=blank&r=g\",\"contentUrl\":\"https:\/\/secure.gravatar.com\/avatar\/049821681b589dabc0bc20695993ccebb09f5b5d4d790cd9251b97faac7c652b?s=96&d=blank&r=g\",\"caption\":\"enequipo\"},\"sameAs\":[\"https:\/\/www.facebook.com\/SonoraEE\"]}]}<\/script>\n ","yoast_head_json":{"title":"Sonora en Equipo. Colectivo docente se retroalimenta con sus experiencias exitosas Sonora","description":"HERMOSILLO, SONORA. MX. \u2014 El proyecto \u201cExperiencias exitosas\u201d implementado por el colectivo docente de la zona escolar 008 de Preescolar Estatal fue En Sonora en Equipo publicamos toda la informaci\u00f3n de Sonora, M\u00e9xico y el Mundo de manera oportuna y busca que la libertad de expresi\u00f3n sea real. Visita nuestro medio informativo publicado desde Hermosillo, Sonora. %","robots":{"index":"index","follow":"follow","max-snippet":"max-snippet:-1","max-image-preview":"max-image-preview:large","max-video-preview":"max-video-preview:-1"},"canonical":"https:\/\/www.sonoraenequipo.com.mx\/colectivo-docente-se-retroalimenta-con-sus-experiencias-exitosas\/","og_locale":"es_ES","og_type":"article","og_title":"Sonora en Equipo. Colectivo docente se retroalimenta con sus experiencias exitosas Sonora","og_description":"HERMOSILLO, SONORA. MX. \u2014 El proyecto \u201cExperiencias exitosas\u201d implementado por el colectivo docente de la zona escolar 008 de Preescolar Estatal fue En Sonora en Equipo publicamos toda la informaci\u00f3n de Sonora, M\u00e9xico y el Mundo de manera oportuna y busca que la libertad de expresi\u00f3n sea real. Visita nuestro medio informativo publicado desde Hermosillo, Sonora. %","og_url":"https:\/\/www.sonoraenequipo.com.mx\/colectivo-docente-se-retroalimenta-con-sus-experiencias-exitosas\/","og_site_name":"Sonora en Equipo.","article_publisher":"https:\/\/www.facebook.com\/SonoraEE\/","article_author":"https:\/\/www.facebook.com\/SonoraEE","article_published_time":"2021-02-18T03:25:08+00:00","article_modified_time":"2021-02-18T03:38:35+00:00","og_image":[{"width":594,"height":400,"url":"https:\/\/www.sonoraenequipo.com.mx\/storage\/2021\/02\/colectivo_opt.jpg","type":"image\/jpeg"}],"author":"enequipo","twitter_card":"summary_large_image","twitter_creator":"@sonoraenequipo","twitter_site":"@sonoraenequipo","twitter_misc":{"Escrito por":"enequipo","Tiempo de lectura":"2 minutos"},"schema":{"@context":"https:\/\/schema.org","@graph":[{"@type":"Article","@id":"https:\/\/www.sonoraenequipo.com.mx\/colectivo-docente-se-retroalimenta-con-sus-experiencias-exitosas\/#article","isPartOf":{"@id":"https:\/\/www.sonoraenequipo.com.mx\/colectivo-docente-se-retroalimenta-con-sus-experiencias-exitosas\/"},"author":{"name":"enequipo","@id":"https:\/\/www.sonoraenequipo.com.mx\/#\/schema\/person\/50102df0fb23a8fa9e8effad8fa81386"},"headline":"Colectivo docente se retroalimenta con sus experiencias exitosas","datePublished":"2021-02-18T03:25:08+00:00","dateModified":"2021-02-18T03:38:35+00:00","mainEntityOfPage":{"@id":"https:\/\/www.sonoraenequipo.com.mx\/colectivo-docente-se-retroalimenta-con-sus-experiencias-exitosas\/"},"wordCount":420,"commentCount":0,"publisher":{"@id":"https:\/\/www.sonoraenequipo.com.mx\/#organization"},"image":{"@id":"https:\/\/www.sonoraenequipo.com.mx\/colectivo-docente-se-retroalimenta-con-sus-experiencias-exitosas\/#primaryimage"},"thumbnailUrl":"https:\/\/www.sonoraenequipo.com.mx\/storage\/2021\/02\/colectivo_opt.jpg","articleSection":["Sonora"],"inLanguage":"es","potentialAction":[{"@type":"CommentAction","name":"Comment","target":["https:\/\/www.sonoraenequipo.com.mx\/colectivo-docente-se-retroalimenta-con-sus-experiencias-exitosas\/#respond"]}]},{"@type":"WebPage","@id":"https:\/\/www.sonoraenequipo.com.mx\/colectivo-docente-se-retroalimenta-con-sus-experiencias-exitosas\/","url":"https:\/\/www.sonoraenequipo.com.mx\/colectivo-docente-se-retroalimenta-con-sus-experiencias-exitosas\/","name":"Sonora en Equipo. Colectivo docente se retroalimenta con sus experiencias exitosas Sonora","isPartOf":{"@id":"https:\/\/www.sonoraenequipo.com.mx\/#website"},"primaryImageOfPage":{"@id":"https:\/\/www.sonoraenequipo.com.mx\/colectivo-docente-se-retroalimenta-con-sus-experiencias-exitosas\/#primaryimage"},"image":{"@id":"https:\/\/www.sonoraenequipo.com.mx\/colectivo-docente-se-retroalimenta-con-sus-experiencias-exitosas\/#primaryimage"},"thumbnailUrl":"https:\/\/www.sonoraenequipo.com.mx\/storage\/2021\/02\/colectivo_opt.jpg","datePublished":"2021-02-18T03:25:08+00:00","dateModified":"2021-02-18T03:38:35+00:00","description":"HERMOSILLO, SONORA. MX. \u2014 El proyecto \u201cExperiencias exitosas\u201d implementado por el colectivo docente de la zona escolar 008 de Preescolar Estatal fue En Sonora en Equipo publicamos toda la informaci\u00f3n de Sonora, M\u00e9xico y el Mundo de manera oportuna y busca que la libertad de expresi\u00f3n sea real. Visita nuestro medio informativo publicado desde Hermosillo, Sonora. %","breadcrumb":{"@id":"https:\/\/www.sonoraenequipo.com.mx\/colectivo-docente-se-retroalimenta-con-sus-experiencias-exitosas\/#breadcrumb"},"inLanguage":"es","potentialAction":[{"@type":"ReadAction","target":["https:\/\/www.sonoraenequipo.com.mx\/colectivo-docente-se-retroalimenta-con-sus-experiencias-exitosas\/"]}]},{"@type":"ImageObject","inLanguage":"es","@id":"https:\/\/www.sonoraenequipo.com.mx\/colectivo-docente-se-retroalimenta-con-sus-experiencias-exitosas\/#primaryimage","url":"https:\/\/www.sonoraenequipo.com.mx\/storage\/2021\/02\/colectivo_opt.jpg","contentUrl":"https:\/\/www.sonoraenequipo.com.mx\/storage\/2021\/02\/colectivo_opt.jpg","width":594,"height":400},{"@type":"BreadcrumbList","@id":"https:\/\/www.sonoraenequipo.com.mx\/colectivo-docente-se-retroalimenta-con-sus-experiencias-exitosas\/#breadcrumb","itemListElement":[{"@type":"ListItem","position":1,"name":"Portada","item":"https:\/\/www.sonoraenequipo.com.mx\/"},{"@type":"ListItem","position":2,"name":"Colectivo docente se retroalimenta con sus experiencias exitosas"}]},{"@type":"WebSite","@id":"https:\/\/www.sonoraenequipo.com.mx\/#website","url":"https:\/\/www.sonoraenequipo.com.mx\/","name":"Sonora en Equipo.","description":"Diario en l\u00ednea con Noticias desde Hermosillo, Sonora","publisher":{"@id":"https:\/\/www.sonoraenequipo.com.mx\/#organization"},"potentialAction":[{"@type":"SearchAction","target":{"@type":"EntryPoint","urlTemplate":"https:\/\/www.sonoraenequipo.com.mx\/?s={search_term_string}"},"query-input":{"@type":"PropertyValueSpecification","valueRequired":true,"valueName":"search_term_string"}}],"inLanguage":"es"},{"@type":"Organization","@id":"https:\/\/www.sonoraenequipo.com.mx\/#organization","name":"Sonoraenequipo.com.mx","url":"https:\/\/www.sonoraenequipo.com.mx\/","logo":{"@type":"ImageObject","inLanguage":"es","@id":"https:\/\/www.sonoraenequipo.com.mx\/#\/schema\/logo\/image\/","url":"https:\/\/www.sonoraenequipo.com.mx\/storage\/2019\/01\/sonoraenequipo_opt.png","contentUrl":"https:\/\/www.sonoraenequipo.com.mx\/storage\/2019\/01\/sonoraenequipo_opt.png","width":375,"height":125,"caption":"Sonoraenequipo.com.mx"},"image":{"@id":"https:\/\/www.sonoraenequipo.com.mx\/#\/schema\/logo\/image\/"},"sameAs":["https:\/\/www.facebook.com\/SonoraEE\/","https:\/\/x.com\/sonoraenequipo","https:\/\/www.youtube.com\/channel\/UC338nW-lPEYmJQs4ZABQ1SQ"]},{"@type":"Person","@id":"https:\/\/www.sonoraenequipo.com.mx\/#\/schema\/person\/50102df0fb23a8fa9e8effad8fa81386","name":"enequipo","image":{"@type":"ImageObject","inLanguage":"es","@id":"https:\/\/www.sonoraenequipo.com.mx\/#\/schema\/person\/image\/","url":"https:\/\/secure.gravatar.com\/avatar\/049821681b589dabc0bc20695993ccebb09f5b5d4d790cd9251b97faac7c652b?s=96&d=blank&r=g","contentUrl":"https:\/\/secure.gravatar.com\/avatar\/049821681b589dabc0bc20695993ccebb09f5b5d4d790cd9251b97faac7c652b?s=96&d=blank&r=g","caption":"enequipo"},"sameAs":["https:\/\/www.facebook.com\/SonoraEE"]}]}},"jetpack_featured_media_url":"https:\/\/www.sonoraenequipo.com.mx\/storage\/2021\/02\/colectivo_opt.jpg","_links":{"self":[{"href":"https:\/\/www.sonoraenequipo.com.mx\/api\/wp\/v2\/posts\/107262","targetHints":{"allow":["GET"]}}],"collection":[{"href":"https:\/\/www.sonoraenequipo.com.mx\/api\/wp\/v2\/posts"}],"about":[{"href":"https:\/\/www.sonoraenequipo.com.mx\/api\/wp\/v2\/types\/post"}],"author":[{"embeddable":true,"href":"https:\/\/www.sonoraenequipo.com.mx\/api\/wp\/v2\/users\/1"}],"replies":[{"embeddable":true,"href":"https:\/\/www.sonoraenequipo.com.mx\/api\/wp\/v2\/comments?post=107262"}],"version-history":[{"count":3,"href":"https:\/\/www.sonoraenequipo.com.mx\/api\/wp\/v2\/posts\/107262\/revisions"}],"predecessor-version":[{"id":107266,"href":"https:\/\/www.sonoraenequipo.com.mx\/api\/wp\/v2\/posts\/107262\/revisions\/107266"}],"wp:featuredmedia":[{"embeddable":true,"href":"https:\/\/www.sonoraenequipo.com.mx\/api\/wp\/v2\/media\/107264"}],"wp:attachment":[{"href":"https:\/\/www.sonoraenequipo.com.mx\/api\/wp\/v2\/media?parent=107262"}],"wp:term":[{"taxonomy":"category","embeddable":true,"href":"https:\/\/www.sonoraenequipo.com.mx\/api\/wp\/v2\/categories?post=107262"},{"taxonomy":"post_tag","embeddable":true,"href":"https:\/\/www.sonoraenequipo.com.mx\/api\/wp\/v2\/tags?post=107262"}],"curies":[{"name":"wp","href":"https:\/\/api.w.org\/{rel}","templated":true}]}}