{"id":107472,"date":"2021-02-21T20:31:17","date_gmt":"2021-02-22T03:31:17","guid":{"rendered":"https:\/\/www.sonoraenequipo.com.mx\/?p=107472"},"modified":"2021-02-21T20:31:17","modified_gmt":"2021-02-22T03:31:17","slug":"por-tercer-ano-consecutivo-sonora-en-primer-lugar-nacional-con-menos-monto-observado-murillo-aispuro","status":"publish","type":"post","link":"https:\/\/www.sonoraenequipo.com.mx\/por-tercer-ano-consecutivo-sonora-en-primer-lugar-nacional-con-menos-monto-observado-murillo-aispuro\/","title":{"rendered":"Por tercer a\u00f1o consecutivo Sonora en primer lugar nacional con menos monto observado: Murillo Aispuro"},"content":{"rendered":"<p><strong>\u25ba\u00a0Es el estado con menor monto observado en la tercera y \u00faltima entrega de informes de la ASF de la cuenta p\u00fablica 2019<\/strong><\/p>\n<p>&nbsp;<\/p>\n<p>\u25baEn las cuentas p\u00fablicas de 2017, 2018 y 2019 Sonora tuvo pr\u00e1cticamente cero monto observado.<\/p>\n<p>&nbsp;<\/p>\n<p>HERMOSILLO, SONORA,MX.\u2500\u2500 Por tercer a\u00f1o consecutivo, Sonora y la administraci\u00f3n de la gobernadora Claudia Pavlovich Arellano se ubican en primer lugar a nivel nacional con menos monto observado, luego de los resultados de la tercera y \u00faltima entrega de informes de la Cuenta P\u00fablica 2019 de la Auditor\u00eda Superior de la Federaci\u00f3n (ASF), lo que genera confianza en las y los ciudadanos de que sus recursos se est\u00e1n aplicando correctamente, destac\u00f3 Miguel \u00c1ngel Murillo Aispuro.<\/p>\n<p>&nbsp;<\/p>\n<p>El secretario de la Contralor\u00eda General del Estado puntualiz\u00f3 que desde el inicio de la actual administraci\u00f3n la gobernadora Claudia Pavlovich ha impulsado acciones de trabajo en materia de control, prevenci\u00f3n y rendici\u00f3n de cuentas, con el prop\u00f3sito de cumplir el compromiso de tener un gobierno transparente que responda con hechos al reclamo ciudadano de combate a la corrupci\u00f3n.<\/p>\n<p>&nbsp;<\/p>\n<p>Explic\u00f3 que la ASF es el \u00f3rgano fiscalizador nacional que depende de la C\u00e1mara de Diputados del Congreso de la Uni\u00f3n, y que cada a\u00f1o audita el gasto federalizado a los gobiernos federal, estatales y municipales y, en este caso, present\u00f3 el tercero y \u00faltimo informe del ejercicio 2019 donde se dieron a conocer los resultados de las auditor\u00edas practicadas a los tres \u00f3rdenes de gobierno mencionados.<\/p>\n<p>&nbsp;<\/p>\n<p>Agreg\u00f3 que adem\u00e1s de revisar los fondos federales etiquetados relativos a Educaci\u00f3n, Desarrollo Social, Seguridad e infraestructura; tambi\u00e9n se auditaron las participaciones federales, que es el Ramo de m\u00e1s cuant\u00eda, es decir, se revisaron siete de cada 10 pesos que se aplicaron en Sonora en este rubro.<\/p>\n<p>&nbsp;<\/p>\n<p>\u201cEn total, para este tercer informe nos auditaron 37 mil millones de pesos y resultamos nuevamente con el menor monto por aclarar; por lo que ocupa Sonora el primer lugar nacional con menos monto por aclarar. Es importante destacar que observaron solo 605 mil 200 pesos de esos 37 mil millones y, por eso, Sonora se posiciona en dicho primer lugar nacional. Estos resultados los ha hecho p\u00fablicos la ASF en su p\u00e1gina de internet y pueden ser corroborados por cualquier ciudadano\u201d, se\u00f1al\u00f3 Murillo Aispuro.<\/p>\n<p>&nbsp;<\/p>\n<p>Mencion\u00f3 que el ente fiscalizador audita y determina observaciones, que notifica en los siguientes 10 d\u00edas a las instancias correspondientes y, posteriormente, el gobierno auditado cuenta con 30 d\u00edas para aclarar; luego, la ASF tiene 120 d\u00edas para resolver si se solventan o no dichas observaciones; sin embargo, desde ya en el gobierno de Sonora se est\u00e1 trabajando para la aclaraci\u00f3n necesaria, antes de ser notificados formalmente.<\/p>\n<p>&nbsp;<\/p>\n<p>\u201cEn los a\u00f1os 2017 y 2018, pr\u00e1cticamente Sonora tuvo cero monto observado, en esta tercera entrega correspondiente a la cuenta p\u00fablica 2019 salimos en los mismos t\u00e9rminos, es decir, casi con cero monto observado. Si tomamos en cuenta los resultados obtenidos desde 2016 hasta este informe m\u00e1s reciente, Sonora se mantiene entre los tres primeros lugares a nivel nacional en el adecuado manejo de los recursos federales, es muy importante este dato, porque ven\u00edamos de estar entre los seis peores a nivel nacional; en 2014 fuimos el sexto estado con mayor monto observado, pasando de estar de entre los peores a ser el primero a nivel nacional\u201d, se\u00f1al\u00f3.<\/p>\n<p>&nbsp;<\/p>\n<p>Murillo Aispuro dijo que esto permite comprobar que el dinero de las y los ciudadanos es bien ejercido y es una manera de mantener la confianza en el gobierno.<\/p>\n<p>&nbsp;<\/p>\n<p>\u201cLa confianza ciudadana solo se logra cuando obtienes estos buenos resultados, cuando los \u00f3rganos fiscalizadores, como en este caso la Auditor\u00eda Superior de la Federaci\u00f3n, vienen, te auditan y te dicen que ejecutaste bien el dinero de las y los ciudadanos. Y hay que recordar lo que dijo el Auditor Superior David Rogelio Colmenares: \u201cEl buen manejo de las finanzas p\u00fablicas es una obligaci\u00f3n de las administraciones p\u00fablicas y un derecho de los ciudadanos\u201d, y en Sonora, hemos tenido presente dicha convicci\u00f3n en el tiempo que va de la gesti\u00f3n de la gobernadora Claudia Pavlovich Arellano\u201d, puntualiz\u00f3 el secretario de la Contralor\u00eda General.<\/p>\n<p>&nbsp;<\/p>\n<p>Finalmente, Murillo Aispuro destac\u00f3 las palabras del propio Auditor Superior, \u201cLa Auditor\u00eda Superior de la Federaci\u00f3n no es una instituci\u00f3n pol\u00edtica, es una instituci\u00f3n t\u00e9cnica de la C\u00e1mara de Diputados\u201d.<\/p>\n<p>Fecha de publicaci\u00f3n\u00a0\u00a0 domingo21\/feb\/2021<\/p>\n<p>&nbsp;<\/p>\n<p>&nbsp;<\/p>\n","protected":false},"excerpt":{"rendered":"<p>\u25ba\u00a0Es el estado con menor monto observado en la tercera y \u00faltima entrega de informes&#8230;<\/p>\n","protected":false},"author":1,"featured_media":107473,"comment_status":"open","ping_status":"open","sticky":false,"template":"","format":"standard","meta":{"_monsterinsights_skip_tracking":false,"_monsterinsights_sitenote_active":false,"_monsterinsights_sitenote_note":"","_monsterinsights_sitenote_category":0,"footnotes":""},"categories":[1],"tags":[],"class_list":["post"],"yoast_head":" \n<title>Sonora en Equipo. Por tercer a\u00f1o consecutivo Sonora en primer lugar nacional con menos monto observado: Murillo Aispuro<\/title>\n<meta name=\"description\" content=\"\u25ba\u00a0Es el estado con menor monto observado en la tercera y \u00faltima entrega de informes de la ASF de la cuenta p\u00fablica 2019 &nbsp; \u25baEn las cuentas p\u00fablicas de En Sonora en Equipo publicamos toda la informaci\u00f3n de Sonora, M\u00e9xico y el Mundo de manera oportuna y busca que la libertad de expresi\u00f3n sea real. Visita nuestro medio informativo publicado desde Hermosillo, Sonora. %\" \/>\n<meta name=\"robots\" content=\"index, follow, max-snippet:-1, max-image-preview:large, max-video-preview:-1\" \/>\n<link rel=\"canonical\" href=\"https:\/\/www.sonoraenequipo.com.mx\/por-tercer-ano-consecutivo-sonora-en-primer-lugar-nacional-con-menos-monto-observado-murillo-aispuro\/\" \/>\n<meta property=\"og:locale\" content=\"es_ES\" \/>\n<meta property=\"og:type\" content=\"article\" \/>\n<meta property=\"og:title\" content=\"Sonora en Equipo. Por tercer a\u00f1o consecutivo Sonora en primer lugar nacional con menos monto observado: Murillo Aispuro\" \/>\n<meta property=\"og:description\" content=\"\u25ba\u00a0Es el estado con menor monto observado en la tercera y \u00faltima entrega de informes de la ASF de la cuenta p\u00fablica 2019 &nbsp; \u25baEn las cuentas p\u00fablicas de En Sonora en Equipo publicamos toda la informaci\u00f3n de Sonora, M\u00e9xico y el Mundo de manera oportuna y busca que la libertad de expresi\u00f3n sea real. Visita nuestro medio informativo publicado desde Hermosillo, Sonora. %\" \/>\n<meta property=\"og:url\" content=\"https:\/\/www.sonoraenequipo.com.mx\/por-tercer-ano-consecutivo-sonora-en-primer-lugar-nacional-con-menos-monto-observado-murillo-aispuro\/\" \/>\n<meta property=\"og:site_name\" content=\"Sonora en Equipo.\" \/>\n<meta property=\"article:publisher\" content=\"https:\/\/www.facebook.com\/SonoraEE\/\" \/>\n<meta property=\"article:author\" content=\"https:\/\/www.facebook.com\/SonoraEE\" \/>\n<meta property=\"article:published_time\" content=\"2021-02-22T03:31:17+00:00\" \/>\n<meta property=\"og:image\" content=\"https:\/\/www.sonoraenequipo.com.mx\/storage\/2021\/02\/murillo-aispuro.jpg\" \/>\n\t<meta property=\"og:image:width\" content=\"500\" \/>\n\t<meta property=\"og:image:height\" content=\"300\" \/>\n\t<meta property=\"og:image:type\" content=\"image\/jpeg\" \/>\n<meta name=\"author\" content=\"enequipo\" \/>\n<meta name=\"twitter:card\" content=\"summary_large_image\" \/>\n<meta name=\"twitter:creator\" content=\"@sonoraenequipo\" \/>\n<meta name=\"twitter:site\" content=\"@sonoraenequipo\" \/>\n<meta name=\"twitter:label1\" content=\"Escrito por\" \/>\n\t<meta name=\"twitter:data1\" content=\"enequipo\" \/>\n\t<meta name=\"twitter:label2\" content=\"Tiempo de lectura\" \/>\n\t<meta name=\"twitter:data2\" content=\"4 minutos\" \/>\n<script type=\"application\/ld+json\" class=\"yoast-schema-graph\">{\"@context\":\"https:\/\/schema.org\",\"@graph\":[{\"@type\":\"Article\",\"@id\":\"https:\/\/www.sonoraenequipo.com.mx\/por-tercer-ano-consecutivo-sonora-en-primer-lugar-nacional-con-menos-monto-observado-murillo-aispuro\/#article\",\"isPartOf\":{\"@id\":\"https:\/\/www.sonoraenequipo.com.mx\/por-tercer-ano-consecutivo-sonora-en-primer-lugar-nacional-con-menos-monto-observado-murillo-aispuro\/\"},\"author\":{\"name\":\"enequipo\",\"@id\":\"https:\/\/www.sonoraenequipo.com.mx\/#\/schema\/person\/50102df0fb23a8fa9e8effad8fa81386\"},\"headline\":\"Por tercer a\u00f1o consecutivo Sonora en primer lugar nacional con menos monto observado: Murillo Aispuro\",\"datePublished\":\"2021-02-22T03:31:17+00:00\",\"mainEntityOfPage\":{\"@id\":\"https:\/\/www.sonoraenequipo.com.mx\/por-tercer-ano-consecutivo-sonora-en-primer-lugar-nacional-con-menos-monto-observado-murillo-aispuro\/\"},\"wordCount\":778,\"commentCount\":0,\"publisher\":{\"@id\":\"https:\/\/www.sonoraenequipo.com.mx\/#organization\"},\"image\":{\"@id\":\"https:\/\/www.sonoraenequipo.com.mx\/por-tercer-ano-consecutivo-sonora-en-primer-lugar-nacional-con-menos-monto-observado-murillo-aispuro\/#primaryimage\"},\"thumbnailUrl\":\"https:\/\/www.sonoraenequipo.com.mx\/storage\/2021\/02\/murillo-aispuro.jpg\",\"articleSection\":[\"Sin categorizar\"],\"inLanguage\":\"es\",\"potentialAction\":[{\"@type\":\"CommentAction\",\"name\":\"Comment\",\"target\":[\"https:\/\/www.sonoraenequipo.com.mx\/por-tercer-ano-consecutivo-sonora-en-primer-lugar-nacional-con-menos-monto-observado-murillo-aispuro\/#respond\"]}]},{\"@type\":\"WebPage\",\"@id\":\"https:\/\/www.sonoraenequipo.com.mx\/por-tercer-ano-consecutivo-sonora-en-primer-lugar-nacional-con-menos-monto-observado-murillo-aispuro\/\",\"url\":\"https:\/\/www.sonoraenequipo.com.mx\/por-tercer-ano-consecutivo-sonora-en-primer-lugar-nacional-con-menos-monto-observado-murillo-aispuro\/\",\"name\":\"Sonora en Equipo. Por tercer a\u00f1o consecutivo Sonora en primer lugar nacional con menos monto observado: Murillo Aispuro\",\"isPartOf\":{\"@id\":\"https:\/\/www.sonoraenequipo.com.mx\/#website\"},\"primaryImageOfPage\":{\"@id\":\"https:\/\/www.sonoraenequipo.com.mx\/por-tercer-ano-consecutivo-sonora-en-primer-lugar-nacional-con-menos-monto-observado-murillo-aispuro\/#primaryimage\"},\"image\":{\"@id\":\"https:\/\/www.sonoraenequipo.com.mx\/por-tercer-ano-consecutivo-sonora-en-primer-lugar-nacional-con-menos-monto-observado-murillo-aispuro\/#primaryimage\"},\"thumbnailUrl\":\"https:\/\/www.sonoraenequipo.com.mx\/storage\/2021\/02\/murillo-aispuro.jpg\",\"datePublished\":\"2021-02-22T03:31:17+00:00\",\"description\":\"\u25ba\u00a0Es el estado con menor monto observado en la tercera y \u00faltima entrega de informes de la ASF de la cuenta p\u00fablica 2019 &nbsp; \u25baEn las cuentas p\u00fablicas de En Sonora en Equipo publicamos toda la informaci\u00f3n de Sonora, M\u00e9xico y el Mundo de manera oportuna y busca que la libertad de expresi\u00f3n sea real. Visita nuestro medio informativo publicado desde Hermosillo, Sonora. %\",\"breadcrumb\":{\"@id\":\"https:\/\/www.sonoraenequipo.com.mx\/por-tercer-ano-consecutivo-sonora-en-primer-lugar-nacional-con-menos-monto-observado-murillo-aispuro\/#breadcrumb\"},\"inLanguage\":\"es\",\"potentialAction\":[{\"@type\":\"ReadAction\",\"target\":[\"https:\/\/www.sonoraenequipo.com.mx\/por-tercer-ano-consecutivo-sonora-en-primer-lugar-nacional-con-menos-monto-observado-murillo-aispuro\/\"]}]},{\"@type\":\"ImageObject\",\"inLanguage\":\"es\",\"@id\":\"https:\/\/www.sonoraenequipo.com.mx\/por-tercer-ano-consecutivo-sonora-en-primer-lugar-nacional-con-menos-monto-observado-murillo-aispuro\/#primaryimage\",\"url\":\"https:\/\/www.sonoraenequipo.com.mx\/storage\/2021\/02\/murillo-aispuro.jpg\",\"contentUrl\":\"https:\/\/www.sonoraenequipo.com.mx\/storage\/2021\/02\/murillo-aispuro.jpg\",\"width\":500,\"height\":300},{\"@type\":\"BreadcrumbList\",\"@id\":\"https:\/\/www.sonoraenequipo.com.mx\/por-tercer-ano-consecutivo-sonora-en-primer-lugar-nacional-con-menos-monto-observado-murillo-aispuro\/#breadcrumb\",\"itemListElement\":[{\"@type\":\"ListItem\",\"position\":1,\"name\":\"Portada\",\"item\":\"https:\/\/www.sonoraenequipo.com.mx\/\"},{\"@type\":\"ListItem\",\"position\":2,\"name\":\"Por tercer a\u00f1o consecutivo Sonora en primer lugar nacional con menos monto observado: Murillo Aispuro\"}]},{\"@type\":\"WebSite\",\"@id\":\"https:\/\/www.sonoraenequipo.com.mx\/#website\",\"url\":\"https:\/\/www.sonoraenequipo.com.mx\/\",\"name\":\"Sonora en Equipo.\",\"description\":\"Diario en l\u00ednea con Noticias desde Hermosillo, Sonora\",\"publisher\":{\"@id\":\"https:\/\/www.sonoraenequipo.com.mx\/#organization\"},\"potentialAction\":[{\"@type\":\"SearchAction\",\"target\":{\"@type\":\"EntryPoint\",\"urlTemplate\":\"https:\/\/www.sonoraenequipo.com.mx\/?s={search_term_string}\"},\"query-input\":{\"@type\":\"PropertyValueSpecification\",\"valueRequired\":true,\"valueName\":\"search_term_string\"}}],\"inLanguage\":\"es\"},{\"@type\":\"Organization\",\"@id\":\"https:\/\/www.sonoraenequipo.com.mx\/#organization\",\"name\":\"Sonoraenequipo.com.mx\",\"url\":\"https:\/\/www.sonoraenequipo.com.mx\/\",\"logo\":{\"@type\":\"ImageObject\",\"inLanguage\":\"es\",\"@id\":\"https:\/\/www.sonoraenequipo.com.mx\/#\/schema\/logo\/image\/\",\"url\":\"https:\/\/www.sonoraenequipo.com.mx\/storage\/2019\/01\/sonoraenequipo_opt.png\",\"contentUrl\":\"https:\/\/www.sonoraenequipo.com.mx\/storage\/2019\/01\/sonoraenequipo_opt.png\",\"width\":375,\"height\":125,\"caption\":\"Sonoraenequipo.com.mx\"},\"image\":{\"@id\":\"https:\/\/www.sonoraenequipo.com.mx\/#\/schema\/logo\/image\/\"},\"sameAs\":[\"https:\/\/www.facebook.com\/SonoraEE\/\",\"https:\/\/x.com\/sonoraenequipo\",\"https:\/\/www.youtube.com\/channel\/UC338nW-lPEYmJQs4ZABQ1SQ\"]},{\"@type\":\"Person\",\"@id\":\"https:\/\/www.sonoraenequipo.com.mx\/#\/schema\/person\/50102df0fb23a8fa9e8effad8fa81386\",\"name\":\"enequipo\",\"image\":{\"@type\":\"ImageObject\",\"inLanguage\":\"es\",\"@id\":\"https:\/\/www.sonoraenequipo.com.mx\/#\/schema\/person\/image\/\",\"url\":\"https:\/\/secure.gravatar.com\/avatar\/049821681b589dabc0bc20695993ccebb09f5b5d4d790cd9251b97faac7c652b?s=96&d=blank&r=g\",\"contentUrl\":\"https:\/\/secure.gravatar.com\/avatar\/049821681b589dabc0bc20695993ccebb09f5b5d4d790cd9251b97faac7c652b?s=96&d=blank&r=g\",\"caption\":\"enequipo\"},\"sameAs\":[\"https:\/\/www.facebook.com\/SonoraEE\"]}]}<\/script>\n ","yoast_head_json":{"title":"Sonora en Equipo. Por tercer a\u00f1o consecutivo Sonora en primer lugar nacional con menos monto observado: Murillo Aispuro","description":"\u25ba\u00a0Es el estado con menor monto observado en la tercera y \u00faltima entrega de informes de la ASF de la cuenta p\u00fablica 2019 &nbsp; \u25baEn las cuentas p\u00fablicas de En Sonora en Equipo publicamos toda la informaci\u00f3n de Sonora, M\u00e9xico y el Mundo de manera oportuna y busca que la libertad de expresi\u00f3n sea real. Visita nuestro medio informativo publicado desde Hermosillo, Sonora. %","robots":{"index":"index","follow":"follow","max-snippet":"max-snippet:-1","max-image-preview":"max-image-preview:large","max-video-preview":"max-video-preview:-1"},"canonical":"https:\/\/www.sonoraenequipo.com.mx\/por-tercer-ano-consecutivo-sonora-en-primer-lugar-nacional-con-menos-monto-observado-murillo-aispuro\/","og_locale":"es_ES","og_type":"article","og_title":"Sonora en Equipo. Por tercer a\u00f1o consecutivo Sonora en primer lugar nacional con menos monto observado: Murillo Aispuro","og_description":"\u25ba\u00a0Es el estado con menor monto observado en la tercera y \u00faltima entrega de informes de la ASF de la cuenta p\u00fablica 2019 &nbsp; \u25baEn las cuentas p\u00fablicas de En Sonora en Equipo publicamos toda la informaci\u00f3n de Sonora, M\u00e9xico y el Mundo de manera oportuna y busca que la libertad de expresi\u00f3n sea real. Visita nuestro medio informativo publicado desde Hermosillo, Sonora. %","og_url":"https:\/\/www.sonoraenequipo.com.mx\/por-tercer-ano-consecutivo-sonora-en-primer-lugar-nacional-con-menos-monto-observado-murillo-aispuro\/","og_site_name":"Sonora en Equipo.","article_publisher":"https:\/\/www.facebook.com\/SonoraEE\/","article_author":"https:\/\/www.facebook.com\/SonoraEE","article_published_time":"2021-02-22T03:31:17+00:00","og_image":[{"width":500,"height":300,"url":"https:\/\/www.sonoraenequipo.com.mx\/storage\/2021\/02\/murillo-aispuro.jpg","type":"image\/jpeg"}],"author":"enequipo","twitter_card":"summary_large_image","twitter_creator":"@sonoraenequipo","twitter_site":"@sonoraenequipo","twitter_misc":{"Escrito por":"enequipo","Tiempo de lectura":"4 minutos"},"schema":{"@context":"https:\/\/schema.org","@graph":[{"@type":"Article","@id":"https:\/\/www.sonoraenequipo.com.mx\/por-tercer-ano-consecutivo-sonora-en-primer-lugar-nacional-con-menos-monto-observado-murillo-aispuro\/#article","isPartOf":{"@id":"https:\/\/www.sonoraenequipo.com.mx\/por-tercer-ano-consecutivo-sonora-en-primer-lugar-nacional-con-menos-monto-observado-murillo-aispuro\/"},"author":{"name":"enequipo","@id":"https:\/\/www.sonoraenequipo.com.mx\/#\/schema\/person\/50102df0fb23a8fa9e8effad8fa81386"},"headline":"Por tercer a\u00f1o consecutivo Sonora en primer lugar nacional con menos monto observado: Murillo Aispuro","datePublished":"2021-02-22T03:31:17+00:00","mainEntityOfPage":{"@id":"https:\/\/www.sonoraenequipo.com.mx\/por-tercer-ano-consecutivo-sonora-en-primer-lugar-nacional-con-menos-monto-observado-murillo-aispuro\/"},"wordCount":778,"commentCount":0,"publisher":{"@id":"https:\/\/www.sonoraenequipo.com.mx\/#organization"},"image":{"@id":"https:\/\/www.sonoraenequipo.com.mx\/por-tercer-ano-consecutivo-sonora-en-primer-lugar-nacional-con-menos-monto-observado-murillo-aispuro\/#primaryimage"},"thumbnailUrl":"https:\/\/www.sonoraenequipo.com.mx\/storage\/2021\/02\/murillo-aispuro.jpg","articleSection":["Sin categorizar"],"inLanguage":"es","potentialAction":[{"@type":"CommentAction","name":"Comment","target":["https:\/\/www.sonoraenequipo.com.mx\/por-tercer-ano-consecutivo-sonora-en-primer-lugar-nacional-con-menos-monto-observado-murillo-aispuro\/#respond"]}]},{"@type":"WebPage","@id":"https:\/\/www.sonoraenequipo.com.mx\/por-tercer-ano-consecutivo-sonora-en-primer-lugar-nacional-con-menos-monto-observado-murillo-aispuro\/","url":"https:\/\/www.sonoraenequipo.com.mx\/por-tercer-ano-consecutivo-sonora-en-primer-lugar-nacional-con-menos-monto-observado-murillo-aispuro\/","name":"Sonora en Equipo. Por tercer a\u00f1o consecutivo Sonora en primer lugar nacional con menos monto observado: Murillo Aispuro","isPartOf":{"@id":"https:\/\/www.sonoraenequipo.com.mx\/#website"},"primaryImageOfPage":{"@id":"https:\/\/www.sonoraenequipo.com.mx\/por-tercer-ano-consecutivo-sonora-en-primer-lugar-nacional-con-menos-monto-observado-murillo-aispuro\/#primaryimage"},"image":{"@id":"https:\/\/www.sonoraenequipo.com.mx\/por-tercer-ano-consecutivo-sonora-en-primer-lugar-nacional-con-menos-monto-observado-murillo-aispuro\/#primaryimage"},"thumbnailUrl":"https:\/\/www.sonoraenequipo.com.mx\/storage\/2021\/02\/murillo-aispuro.jpg","datePublished":"2021-02-22T03:31:17+00:00","description":"\u25ba\u00a0Es el estado con menor monto observado en la tercera y \u00faltima entrega de informes de la ASF de la cuenta p\u00fablica 2019 &nbsp; \u25baEn las cuentas p\u00fablicas de En Sonora en Equipo publicamos toda la informaci\u00f3n de Sonora, M\u00e9xico y el Mundo de manera oportuna y busca que la libertad de expresi\u00f3n sea real. Visita nuestro medio informativo publicado desde Hermosillo, Sonora. %","breadcrumb":{"@id":"https:\/\/www.sonoraenequipo.com.mx\/por-tercer-ano-consecutivo-sonora-en-primer-lugar-nacional-con-menos-monto-observado-murillo-aispuro\/#breadcrumb"},"inLanguage":"es","potentialAction":[{"@type":"ReadAction","target":["https:\/\/www.sonoraenequipo.com.mx\/por-tercer-ano-consecutivo-sonora-en-primer-lugar-nacional-con-menos-monto-observado-murillo-aispuro\/"]}]},{"@type":"ImageObject","inLanguage":"es","@id":"https:\/\/www.sonoraenequipo.com.mx\/por-tercer-ano-consecutivo-sonora-en-primer-lugar-nacional-con-menos-monto-observado-murillo-aispuro\/#primaryimage","url":"https:\/\/www.sonoraenequipo.com.mx\/storage\/2021\/02\/murillo-aispuro.jpg","contentUrl":"https:\/\/www.sonoraenequipo.com.mx\/storage\/2021\/02\/murillo-aispuro.jpg","width":500,"height":300},{"@type":"BreadcrumbList","@id":"https:\/\/www.sonoraenequipo.com.mx\/por-tercer-ano-consecutivo-sonora-en-primer-lugar-nacional-con-menos-monto-observado-murillo-aispuro\/#breadcrumb","itemListElement":[{"@type":"ListItem","position":1,"name":"Portada","item":"https:\/\/www.sonoraenequipo.com.mx\/"},{"@type":"ListItem","position":2,"name":"Por tercer a\u00f1o consecutivo Sonora en primer lugar nacional con menos monto observado: Murillo Aispuro"}]},{"@type":"WebSite","@id":"https:\/\/www.sonoraenequipo.com.mx\/#website","url":"https:\/\/www.sonoraenequipo.com.mx\/","name":"Sonora en Equipo.","description":"Diario en l\u00ednea con Noticias desde Hermosillo, Sonora","publisher":{"@id":"https:\/\/www.sonoraenequipo.com.mx\/#organization"},"potentialAction":[{"@type":"SearchAction","target":{"@type":"EntryPoint","urlTemplate":"https:\/\/www.sonoraenequipo.com.mx\/?s={search_term_string}"},"query-input":{"@type":"PropertyValueSpecification","valueRequired":true,"valueName":"search_term_string"}}],"inLanguage":"es"},{"@type":"Organization","@id":"https:\/\/www.sonoraenequipo.com.mx\/#organization","name":"Sonoraenequipo.com.mx","url":"https:\/\/www.sonoraenequipo.com.mx\/","logo":{"@type":"ImageObject","inLanguage":"es","@id":"https:\/\/www.sonoraenequipo.com.mx\/#\/schema\/logo\/image\/","url":"https:\/\/www.sonoraenequipo.com.mx\/storage\/2019\/01\/sonoraenequipo_opt.png","contentUrl":"https:\/\/www.sonoraenequipo.com.mx\/storage\/2019\/01\/sonoraenequipo_opt.png","width":375,"height":125,"caption":"Sonoraenequipo.com.mx"},"image":{"@id":"https:\/\/www.sonoraenequipo.com.mx\/#\/schema\/logo\/image\/"},"sameAs":["https:\/\/www.facebook.com\/SonoraEE\/","https:\/\/x.com\/sonoraenequipo","https:\/\/www.youtube.com\/channel\/UC338nW-lPEYmJQs4ZABQ1SQ"]},{"@type":"Person","@id":"https:\/\/www.sonoraenequipo.com.mx\/#\/schema\/person\/50102df0fb23a8fa9e8effad8fa81386","name":"enequipo","image":{"@type":"ImageObject","inLanguage":"es","@id":"https:\/\/www.sonoraenequipo.com.mx\/#\/schema\/person\/image\/","url":"https:\/\/secure.gravatar.com\/avatar\/049821681b589dabc0bc20695993ccebb09f5b5d4d790cd9251b97faac7c652b?s=96&d=blank&r=g","contentUrl":"https:\/\/secure.gravatar.com\/avatar\/049821681b589dabc0bc20695993ccebb09f5b5d4d790cd9251b97faac7c652b?s=96&d=blank&r=g","caption":"enequipo"},"sameAs":["https:\/\/www.facebook.com\/SonoraEE"]}]}},"jetpack_featured_media_url":"https:\/\/www.sonoraenequipo.com.mx\/storage\/2021\/02\/murillo-aispuro.jpg","_links":{"self":[{"href":"https:\/\/www.sonoraenequipo.com.mx\/api\/wp\/v2\/posts\/107472","targetHints":{"allow":["GET"]}}],"collection":[{"href":"https:\/\/www.sonoraenequipo.com.mx\/api\/wp\/v2\/posts"}],"about":[{"href":"https:\/\/www.sonoraenequipo.com.mx\/api\/wp\/v2\/types\/post"}],"author":[{"embeddable":true,"href":"https:\/\/www.sonoraenequipo.com.mx\/api\/wp\/v2\/users\/1"}],"replies":[{"embeddable":true,"href":"https:\/\/www.sonoraenequipo.com.mx\/api\/wp\/v2\/comments?post=107472"}],"version-history":[{"count":1,"href":"https:\/\/www.sonoraenequipo.com.mx\/api\/wp\/v2\/posts\/107472\/revisions"}],"predecessor-version":[{"id":107474,"href":"https:\/\/www.sonoraenequipo.com.mx\/api\/wp\/v2\/posts\/107472\/revisions\/107474"}],"wp:featuredmedia":[{"embeddable":true,"href":"https:\/\/www.sonoraenequipo.com.mx\/api\/wp\/v2\/media\/107473"}],"wp:attachment":[{"href":"https:\/\/www.sonoraenequipo.com.mx\/api\/wp\/v2\/media?parent=107472"}],"wp:term":[{"taxonomy":"category","embeddable":true,"href":"https:\/\/www.sonoraenequipo.com.mx\/api\/wp\/v2\/categories?post=107472"},{"taxonomy":"post_tag","embeddable":true,"href":"https:\/\/www.sonoraenequipo.com.mx\/api\/wp\/v2\/tags?post=107472"}],"curies":[{"name":"wp","href":"https:\/\/api.w.org\/{rel}","templated":true}]}}