{"id":107475,"date":"2021-02-21T21:24:36","date_gmt":"2021-02-22T04:24:36","guid":{"rendered":"https:\/\/www.sonoraenequipo.com.mx\/?p=107475"},"modified":"2021-02-21T21:24:36","modified_gmt":"2021-02-22T04:24:36","slug":"la-asf-reporto-cumulo-de-irregularidades-en-la-cuenta-publica-federal-2019","status":"publish","type":"post","link":"https:\/\/www.sonoraenequipo.com.mx\/la-asf-reporto-cumulo-de-irregularidades-en-la-cuenta-publica-federal-2019\/","title":{"rendered":"La ASF report\u00f3 c\u00famulo de \u00a0irregularidades en la cuenta p\u00fablica federal 2019"},"content":{"rendered":"<p>&nbsp;<\/p>\n<p><strong>\u25baLa Secretar\u00eda de la Funci\u00f3n P\u00fablica (SFP), de Irma Er\u00e9ndira Sandoval, impidi\u00f3 el acceso a sus instalaciones a auditores de la ASF, que report\u00f3 adem\u00e1s irregularidades y deficiencias en la contrataci\u00f3n e investigaci\u00f3n de funcionarios<\/strong><\/p>\n<p>CIUDAD DE M\u00c9XICO.\u2500 La Auditor\u00eda Superior de la Federaci\u00f3n (ASF) asest\u00f3 un duro golpe a la gesti\u00f3n de Irma Er\u00e9ndira Sandoval durante su primer a\u00f1o al frente de la Secretar\u00eda de la Funci\u00f3n P\u00fablica (SFP): en un amplio informe de auditor\u00eda publicado hoy, el organismo fiscalizador se\u00f1al\u00f3 numerosas irregularidades y deficiencias en la estructura encargada de erradicar la corrupci\u00f3n en la administraci\u00f3n p\u00fablica federal.<\/p>\n<p>La relaci\u00f3n entre la ASF y la SFP result\u00f3 aparentemente muy tensa. El documento plantea que, durante la auditor\u00eda, la dependencia dirigida por Sandoval \u201cmostr\u00f3 resistencias al proceso de fiscalizaci\u00f3n, al no permitir el acceso al equipo auditor a sus instalaciones y archivos, y sus servidores p\u00fablicos se negaron a comparecer ante la ASF\u201d.<\/p>\n<p>\u201cSe concluye que la posici\u00f3n adoptada por la SFP durante el proceso de fiscalizaci\u00f3n result\u00f3 ser incongruente con la estricta aplicaci\u00f3n de los principios de transparencia, rendici\u00f3n de cuentas, y combate a la corrupci\u00f3n y a la impunidad que la propia dependencia federal impulsa en el \u00e1mbito de sus facultades\u201d, acus\u00f3 la ASF.<\/p>\n<p>parte, la ASF se\u00f1al\u00f3 a la SFP por cometer \u201cirregularidades y deficiencias\u201d en la contrataci\u00f3n de seis funcionarios a altos cargos p\u00fablicos, pues afirm\u00f3 que no contaban con los a\u00f1os de experiencia requeridos en los perfiles del puesto, y exhibi\u00f3 que, en todo 2019, la SFP solo realiz\u00f3 92 investigaciones de evoluci\u00f3n patrimonial, una cifra irrisoria en comparaci\u00f3n con las 575 mil 834 declaraciones presentadas por los funcionarios ese a\u00f1o.<\/p>\n<p>&nbsp;<\/p>\n<p>En otras palabras, la ASF insinu\u00f3 que, durante su primer a\u00f1o, la SFP no investig\u00f3 a los bur\u00f3cratas de la llamada Cuarta Transformaci\u00f3n, y tampoco dispuso de \u201cuna pol\u00edtica, lineamiento o metodolog\u00eda que estableciera las bases y justificara la selecci\u00f3n de los servidores p\u00fablicos sujetos a investigaci\u00f3n\u201d, pues la mitad de las investigaciones se originaron en notas period\u00edsticas.<\/p>\n<p>&nbsp;<\/p>\n<p>La ASF tambi\u00e9n denunci\u00f3 a la SFP por no actualizar el Registro de Servidores P\u00fablicos Sancionados, y por no tener evidencias que muestre sus actividades derivadas de los expedientes generados por las \u201cquejas, denuncias y peticiones ciudadanas por presuntas faltas administrativas en contra de servidores p\u00fablicos federales\u201d.<\/p>\n<p>&nbsp;<\/p>\n<p>Entre sus duras cr\u00edticas contra la dependencia, el organismo fiscalizador subray\u00f3 que la Coordinaci\u00f3n de los \u00d3rganos de Vigilancia y Control \u201cmostr\u00f3 limitaciones, debilidades, deficiencias y discrecionalidad en los procesos de selecci\u00f3n, designaci\u00f3n y administraci\u00f3n del personal que integr\u00f3 su estructura, aunado a las debilidades y deficiencias que reflej\u00f3 el Sistema de Evaluaci\u00f3n del Desempe\u00f1o que implement\u00f3\u201d.<\/p>\n<p>&nbsp;<\/p>\n<p>De manera general, sentenci\u00f3 que la dependencia \u201cno aport\u00f3 evidencia de los mecanismos establecidos para medir y determinar la magnitud de las faltas administrativas y el nivel de corrupci\u00f3n en las dependencias y entidades de la APF durante 2019, situaci\u00f3n que provoc\u00f3 que no se propiciara la transparencia en la gesti\u00f3n p\u00fablica y la rendici\u00f3n de cuentas entre las instituciones federales, ni tampoco el impulso a su papel estrat\u00e9gico de vigilancia y control\u201d.<\/p>\n<p>&nbsp;<\/p>\n<p>El organismo fiscalizador tambi\u00e9n critic\u00f3 el \u201cinforme de fiscalizaci\u00f3n de la funci\u00f3n p\u00fablica\u201d, que Sandoval present\u00f3 con bombo y platillo en febrero de 2020, pues afirm\u00f3 que el concepto de fiscalizaci\u00f3n empleado \u201cno se encuentra debidamente fundamentado en el marco constitucional, ni emitido de acuerdo a las previsiones operativas del Sistema Nacional Anticorrupci\u00f3n y del propio Sistema Nacional de Fiscalizaci\u00f3n\u201d.<\/p>\n<p>&nbsp;<\/p>\n<p>En otra auditor\u00eda \u2013n\u00famero 76-DS\u2013 la ASF apunt\u00f3 la \u201cinadecuada regulaci\u00f3n, direcci\u00f3n, coordinaci\u00f3n, evaluaci\u00f3n y seguimiento\u201d de la SFP en su papel al frente del Sistema del Servicio Profesional de Carrera, causadas por las \u201cserias deficiencias\u201d de la dependencia en \u201ctodos los subsistemas\u201d, las cuales \u201cpodr\u00edan poner en riesgo el cumplimiento del objeto\u201d del servicio.<\/p>\n<p>&nbsp;<\/p>\n<p>Dicho servicio pretende garantizar la igualdad de oportunidades en el acceso a la funci\u00f3n p\u00fablica con base en el m\u00e9rito; sin embargo, seg\u00fan la ASF, a finales de 2019 menos de 1% de los servidores p\u00fablicos correspond\u00edan al servicio; ello, seg\u00fan el organismo, se debi\u00f3 entre otros a que la SFP no implement\u00f3 \u201cmecanismos innovadores para atraer a los mejores hombres y mujeres\u201d.<\/p>\n<p><a href=\"http:\/\/informe.asf.gob.mx\/\">http:\/\/informe.asf.gob.mx\/<\/a><\/p>\n<p>Fecha de publicaci\u00f3n\u00a0\u00a0 domingo21\/feb\/2021\/Proceso<\/p>\n","protected":false},"excerpt":{"rendered":"<p>&nbsp; \u25baLa Secretar\u00eda de la Funci\u00f3n P\u00fablica (SFP), de Irma Er\u00e9ndira Sandoval, impidi\u00f3 el acceso&#8230;<\/p>\n","protected":false},"author":1,"featured_media":107476,"comment_status":"open","ping_status":"open","sticky":false,"template":"","format":"standard","meta":{"_monsterinsights_skip_tracking":false,"_monsterinsights_sitenote_active":false,"_monsterinsights_sitenote_note":"","_monsterinsights_sitenote_category":0,"footnotes":""},"categories":[5],"tags":[],"class_list":["post"],"yoast_head":" \n<title>Sonora en Equipo. La ASF report\u00f3 c\u00famulo de \u00a0irregularidades en la cuenta p\u00fablica federal 2019 Rep\u00fablica<\/title>\n<meta name=\"description\" content=\"&nbsp; \u25baLa Secretar\u00eda de la Funci\u00f3n P\u00fablica (SFP), de Irma Er\u00e9ndira Sandoval, impidi\u00f3 el acceso a sus instalaciones a auditores de la ASF, que report\u00f3 En Sonora en Equipo publicamos toda la informaci\u00f3n de Sonora, M\u00e9xico y el Mundo de manera oportuna y busca que la libertad de expresi\u00f3n sea real. Visita nuestro medio informativo publicado desde Hermosillo, Sonora. %\" \/>\n<meta name=\"robots\" content=\"index, follow, max-snippet:-1, max-image-preview:large, max-video-preview:-1\" \/>\n<link rel=\"canonical\" href=\"https:\/\/www.sonoraenequipo.com.mx\/la-asf-reporto-cumulo-de-irregularidades-en-la-cuenta-publica-federal-2019\/\" \/>\n<meta property=\"og:locale\" content=\"es_ES\" \/>\n<meta property=\"og:type\" content=\"article\" \/>\n<meta property=\"og:title\" content=\"Sonora en Equipo. La ASF report\u00f3 c\u00famulo de \u00a0irregularidades en la cuenta p\u00fablica federal 2019 Rep\u00fablica\" \/>\n<meta property=\"og:description\" content=\"&nbsp; \u25baLa Secretar\u00eda de la Funci\u00f3n P\u00fablica (SFP), de Irma Er\u00e9ndira Sandoval, impidi\u00f3 el acceso a sus instalaciones a auditores de la ASF, que report\u00f3 En Sonora en Equipo publicamos toda la informaci\u00f3n de Sonora, M\u00e9xico y el Mundo de manera oportuna y busca que la libertad de expresi\u00f3n sea real. Visita nuestro medio informativo publicado desde Hermosillo, Sonora. %\" \/>\n<meta property=\"og:url\" content=\"https:\/\/www.sonoraenequipo.com.mx\/la-asf-reporto-cumulo-de-irregularidades-en-la-cuenta-publica-federal-2019\/\" \/>\n<meta property=\"og:site_name\" content=\"Sonora en Equipo.\" \/>\n<meta property=\"article:publisher\" content=\"https:\/\/www.facebook.com\/SonoraEE\/\" \/>\n<meta property=\"article:author\" content=\"https:\/\/www.facebook.com\/SonoraEE\" \/>\n<meta property=\"article:published_time\" content=\"2021-02-22T04:24:36+00:00\" \/>\n<meta property=\"og:image\" content=\"https:\/\/www.sonoraenequipo.com.mx\/storage\/2021\/02\/asfdavid-colmenares-paramo.jpg\" \/>\n\t<meta property=\"og:image:width\" content=\"500\" \/>\n\t<meta property=\"og:image:height\" content=\"300\" \/>\n\t<meta property=\"og:image:type\" content=\"image\/jpeg\" \/>\n<meta name=\"author\" content=\"enequipo\" \/>\n<meta name=\"twitter:card\" content=\"summary_large_image\" \/>\n<meta name=\"twitter:creator\" content=\"@sonoraenequipo\" \/>\n<meta name=\"twitter:site\" content=\"@sonoraenequipo\" \/>\n<meta name=\"twitter:label1\" content=\"Escrito por\" \/>\n\t<meta name=\"twitter:data1\" content=\"enequipo\" \/>\n\t<meta name=\"twitter:label2\" content=\"Tiempo de lectura\" \/>\n\t<meta name=\"twitter:data2\" content=\"4 minutos\" \/>\n<script type=\"application\/ld+json\" class=\"yoast-schema-graph\">{\"@context\":\"https:\/\/schema.org\",\"@graph\":[{\"@type\":\"Article\",\"@id\":\"https:\/\/www.sonoraenequipo.com.mx\/la-asf-reporto-cumulo-de-irregularidades-en-la-cuenta-publica-federal-2019\/#article\",\"isPartOf\":{\"@id\":\"https:\/\/www.sonoraenequipo.com.mx\/la-asf-reporto-cumulo-de-irregularidades-en-la-cuenta-publica-federal-2019\/\"},\"author\":{\"name\":\"enequipo\",\"@id\":\"https:\/\/www.sonoraenequipo.com.mx\/#\/schema\/person\/50102df0fb23a8fa9e8effad8fa81386\"},\"headline\":\"La ASF report\u00f3 c\u00famulo de \u00a0irregularidades en la cuenta p\u00fablica federal 2019\",\"datePublished\":\"2021-02-22T04:24:36+00:00\",\"mainEntityOfPage\":{\"@id\":\"https:\/\/www.sonoraenequipo.com.mx\/la-asf-reporto-cumulo-de-irregularidades-en-la-cuenta-publica-federal-2019\/\"},\"wordCount\":797,\"commentCount\":0,\"publisher\":{\"@id\":\"https:\/\/www.sonoraenequipo.com.mx\/#organization\"},\"image\":{\"@id\":\"https:\/\/www.sonoraenequipo.com.mx\/la-asf-reporto-cumulo-de-irregularidades-en-la-cuenta-publica-federal-2019\/#primaryimage\"},\"thumbnailUrl\":\"https:\/\/www.sonoraenequipo.com.mx\/storage\/2021\/02\/asfdavid-colmenares-paramo.jpg\",\"articleSection\":[\"Rep\u00fablica\"],\"inLanguage\":\"es\",\"potentialAction\":[{\"@type\":\"CommentAction\",\"name\":\"Comment\",\"target\":[\"https:\/\/www.sonoraenequipo.com.mx\/la-asf-reporto-cumulo-de-irregularidades-en-la-cuenta-publica-federal-2019\/#respond\"]}]},{\"@type\":\"WebPage\",\"@id\":\"https:\/\/www.sonoraenequipo.com.mx\/la-asf-reporto-cumulo-de-irregularidades-en-la-cuenta-publica-federal-2019\/\",\"url\":\"https:\/\/www.sonoraenequipo.com.mx\/la-asf-reporto-cumulo-de-irregularidades-en-la-cuenta-publica-federal-2019\/\",\"name\":\"Sonora en Equipo. La ASF report\u00f3 c\u00famulo de \u00a0irregularidades en la cuenta p\u00fablica federal 2019 Rep\u00fablica\",\"isPartOf\":{\"@id\":\"https:\/\/www.sonoraenequipo.com.mx\/#website\"},\"primaryImageOfPage\":{\"@id\":\"https:\/\/www.sonoraenequipo.com.mx\/la-asf-reporto-cumulo-de-irregularidades-en-la-cuenta-publica-federal-2019\/#primaryimage\"},\"image\":{\"@id\":\"https:\/\/www.sonoraenequipo.com.mx\/la-asf-reporto-cumulo-de-irregularidades-en-la-cuenta-publica-federal-2019\/#primaryimage\"},\"thumbnailUrl\":\"https:\/\/www.sonoraenequipo.com.mx\/storage\/2021\/02\/asfdavid-colmenares-paramo.jpg\",\"datePublished\":\"2021-02-22T04:24:36+00:00\",\"description\":\"&nbsp; \u25baLa Secretar\u00eda de la Funci\u00f3n P\u00fablica (SFP), de Irma Er\u00e9ndira Sandoval, impidi\u00f3 el acceso a sus instalaciones a auditores de la ASF, que report\u00f3 En Sonora en Equipo publicamos toda la informaci\u00f3n de Sonora, M\u00e9xico y el Mundo de manera oportuna y busca que la libertad de expresi\u00f3n sea real. Visita nuestro medio informativo publicado desde Hermosillo, Sonora. %\",\"breadcrumb\":{\"@id\":\"https:\/\/www.sonoraenequipo.com.mx\/la-asf-reporto-cumulo-de-irregularidades-en-la-cuenta-publica-federal-2019\/#breadcrumb\"},\"inLanguage\":\"es\",\"potentialAction\":[{\"@type\":\"ReadAction\",\"target\":[\"https:\/\/www.sonoraenequipo.com.mx\/la-asf-reporto-cumulo-de-irregularidades-en-la-cuenta-publica-federal-2019\/\"]}]},{\"@type\":\"ImageObject\",\"inLanguage\":\"es\",\"@id\":\"https:\/\/www.sonoraenequipo.com.mx\/la-asf-reporto-cumulo-de-irregularidades-en-la-cuenta-publica-federal-2019\/#primaryimage\",\"url\":\"https:\/\/www.sonoraenequipo.com.mx\/storage\/2021\/02\/asfdavid-colmenares-paramo.jpg\",\"contentUrl\":\"https:\/\/www.sonoraenequipo.com.mx\/storage\/2021\/02\/asfdavid-colmenares-paramo.jpg\",\"width\":500,\"height\":300,\"caption\":\"avid colmenares p\u00e1ramo titular de la ASF\"},{\"@type\":\"BreadcrumbList\",\"@id\":\"https:\/\/www.sonoraenequipo.com.mx\/la-asf-reporto-cumulo-de-irregularidades-en-la-cuenta-publica-federal-2019\/#breadcrumb\",\"itemListElement\":[{\"@type\":\"ListItem\",\"position\":1,\"name\":\"Portada\",\"item\":\"https:\/\/www.sonoraenequipo.com.mx\/\"},{\"@type\":\"ListItem\",\"position\":2,\"name\":\"La ASF report\u00f3 c\u00famulo de \u00a0irregularidades en la cuenta p\u00fablica federal 2019\"}]},{\"@type\":\"WebSite\",\"@id\":\"https:\/\/www.sonoraenequipo.com.mx\/#website\",\"url\":\"https:\/\/www.sonoraenequipo.com.mx\/\",\"name\":\"Sonora en Equipo.\",\"description\":\"Diario en l\u00ednea con Noticias desde Hermosillo, Sonora\",\"publisher\":{\"@id\":\"https:\/\/www.sonoraenequipo.com.mx\/#organization\"},\"potentialAction\":[{\"@type\":\"SearchAction\",\"target\":{\"@type\":\"EntryPoint\",\"urlTemplate\":\"https:\/\/www.sonoraenequipo.com.mx\/?s={search_term_string}\"},\"query-input\":{\"@type\":\"PropertyValueSpecification\",\"valueRequired\":true,\"valueName\":\"search_term_string\"}}],\"inLanguage\":\"es\"},{\"@type\":\"Organization\",\"@id\":\"https:\/\/www.sonoraenequipo.com.mx\/#organization\",\"name\":\"Sonoraenequipo.com.mx\",\"url\":\"https:\/\/www.sonoraenequipo.com.mx\/\",\"logo\":{\"@type\":\"ImageObject\",\"inLanguage\":\"es\",\"@id\":\"https:\/\/www.sonoraenequipo.com.mx\/#\/schema\/logo\/image\/\",\"url\":\"https:\/\/www.sonoraenequipo.com.mx\/storage\/2019\/01\/sonoraenequipo_opt.png\",\"contentUrl\":\"https:\/\/www.sonoraenequipo.com.mx\/storage\/2019\/01\/sonoraenequipo_opt.png\",\"width\":375,\"height\":125,\"caption\":\"Sonoraenequipo.com.mx\"},\"image\":{\"@id\":\"https:\/\/www.sonoraenequipo.com.mx\/#\/schema\/logo\/image\/\"},\"sameAs\":[\"https:\/\/www.facebook.com\/SonoraEE\/\",\"https:\/\/x.com\/sonoraenequipo\",\"https:\/\/www.youtube.com\/channel\/UC338nW-lPEYmJQs4ZABQ1SQ\"]},{\"@type\":\"Person\",\"@id\":\"https:\/\/www.sonoraenequipo.com.mx\/#\/schema\/person\/50102df0fb23a8fa9e8effad8fa81386\",\"name\":\"enequipo\",\"image\":{\"@type\":\"ImageObject\",\"inLanguage\":\"es\",\"@id\":\"https:\/\/www.sonoraenequipo.com.mx\/#\/schema\/person\/image\/\",\"url\":\"https:\/\/secure.gravatar.com\/avatar\/049821681b589dabc0bc20695993ccebb09f5b5d4d790cd9251b97faac7c652b?s=96&d=blank&r=g\",\"contentUrl\":\"https:\/\/secure.gravatar.com\/avatar\/049821681b589dabc0bc20695993ccebb09f5b5d4d790cd9251b97faac7c652b?s=96&d=blank&r=g\",\"caption\":\"enequipo\"},\"sameAs\":[\"https:\/\/www.facebook.com\/SonoraEE\"]}]}<\/script>\n ","yoast_head_json":{"title":"Sonora en Equipo. La ASF report\u00f3 c\u00famulo de \u00a0irregularidades en la cuenta p\u00fablica federal 2019 Rep\u00fablica","description":"&nbsp; \u25baLa Secretar\u00eda de la Funci\u00f3n P\u00fablica (SFP), de Irma Er\u00e9ndira Sandoval, impidi\u00f3 el acceso a sus instalaciones a auditores de la ASF, que report\u00f3 En Sonora en Equipo publicamos toda la informaci\u00f3n de Sonora, M\u00e9xico y el Mundo de manera oportuna y busca que la libertad de expresi\u00f3n sea real. Visita nuestro medio informativo publicado desde Hermosillo, Sonora. %","robots":{"index":"index","follow":"follow","max-snippet":"max-snippet:-1","max-image-preview":"max-image-preview:large","max-video-preview":"max-video-preview:-1"},"canonical":"https:\/\/www.sonoraenequipo.com.mx\/la-asf-reporto-cumulo-de-irregularidades-en-la-cuenta-publica-federal-2019\/","og_locale":"es_ES","og_type":"article","og_title":"Sonora en Equipo. La ASF report\u00f3 c\u00famulo de \u00a0irregularidades en la cuenta p\u00fablica federal 2019 Rep\u00fablica","og_description":"&nbsp; \u25baLa Secretar\u00eda de la Funci\u00f3n P\u00fablica (SFP), de Irma Er\u00e9ndira Sandoval, impidi\u00f3 el acceso a sus instalaciones a auditores de la ASF, que report\u00f3 En Sonora en Equipo publicamos toda la informaci\u00f3n de Sonora, M\u00e9xico y el Mundo de manera oportuna y busca que la libertad de expresi\u00f3n sea real. Visita nuestro medio informativo publicado desde Hermosillo, Sonora. %","og_url":"https:\/\/www.sonoraenequipo.com.mx\/la-asf-reporto-cumulo-de-irregularidades-en-la-cuenta-publica-federal-2019\/","og_site_name":"Sonora en Equipo.","article_publisher":"https:\/\/www.facebook.com\/SonoraEE\/","article_author":"https:\/\/www.facebook.com\/SonoraEE","article_published_time":"2021-02-22T04:24:36+00:00","og_image":[{"width":500,"height":300,"url":"https:\/\/www.sonoraenequipo.com.mx\/storage\/2021\/02\/asfdavid-colmenares-paramo.jpg","type":"image\/jpeg"}],"author":"enequipo","twitter_card":"summary_large_image","twitter_creator":"@sonoraenequipo","twitter_site":"@sonoraenequipo","twitter_misc":{"Escrito por":"enequipo","Tiempo de lectura":"4 minutos"},"schema":{"@context":"https:\/\/schema.org","@graph":[{"@type":"Article","@id":"https:\/\/www.sonoraenequipo.com.mx\/la-asf-reporto-cumulo-de-irregularidades-en-la-cuenta-publica-federal-2019\/#article","isPartOf":{"@id":"https:\/\/www.sonoraenequipo.com.mx\/la-asf-reporto-cumulo-de-irregularidades-en-la-cuenta-publica-federal-2019\/"},"author":{"name":"enequipo","@id":"https:\/\/www.sonoraenequipo.com.mx\/#\/schema\/person\/50102df0fb23a8fa9e8effad8fa81386"},"headline":"La ASF report\u00f3 c\u00famulo de \u00a0irregularidades en la cuenta p\u00fablica federal 2019","datePublished":"2021-02-22T04:24:36+00:00","mainEntityOfPage":{"@id":"https:\/\/www.sonoraenequipo.com.mx\/la-asf-reporto-cumulo-de-irregularidades-en-la-cuenta-publica-federal-2019\/"},"wordCount":797,"commentCount":0,"publisher":{"@id":"https:\/\/www.sonoraenequipo.com.mx\/#organization"},"image":{"@id":"https:\/\/www.sonoraenequipo.com.mx\/la-asf-reporto-cumulo-de-irregularidades-en-la-cuenta-publica-federal-2019\/#primaryimage"},"thumbnailUrl":"https:\/\/www.sonoraenequipo.com.mx\/storage\/2021\/02\/asfdavid-colmenares-paramo.jpg","articleSection":["Rep\u00fablica"],"inLanguage":"es","potentialAction":[{"@type":"CommentAction","name":"Comment","target":["https:\/\/www.sonoraenequipo.com.mx\/la-asf-reporto-cumulo-de-irregularidades-en-la-cuenta-publica-federal-2019\/#respond"]}]},{"@type":"WebPage","@id":"https:\/\/www.sonoraenequipo.com.mx\/la-asf-reporto-cumulo-de-irregularidades-en-la-cuenta-publica-federal-2019\/","url":"https:\/\/www.sonoraenequipo.com.mx\/la-asf-reporto-cumulo-de-irregularidades-en-la-cuenta-publica-federal-2019\/","name":"Sonora en Equipo. La ASF report\u00f3 c\u00famulo de \u00a0irregularidades en la cuenta p\u00fablica federal 2019 Rep\u00fablica","isPartOf":{"@id":"https:\/\/www.sonoraenequipo.com.mx\/#website"},"primaryImageOfPage":{"@id":"https:\/\/www.sonoraenequipo.com.mx\/la-asf-reporto-cumulo-de-irregularidades-en-la-cuenta-publica-federal-2019\/#primaryimage"},"image":{"@id":"https:\/\/www.sonoraenequipo.com.mx\/la-asf-reporto-cumulo-de-irregularidades-en-la-cuenta-publica-federal-2019\/#primaryimage"},"thumbnailUrl":"https:\/\/www.sonoraenequipo.com.mx\/storage\/2021\/02\/asfdavid-colmenares-paramo.jpg","datePublished":"2021-02-22T04:24:36+00:00","description":"&nbsp; \u25baLa Secretar\u00eda de la Funci\u00f3n P\u00fablica (SFP), de Irma Er\u00e9ndira Sandoval, impidi\u00f3 el acceso a sus instalaciones a auditores de la ASF, que report\u00f3 En Sonora en Equipo publicamos toda la informaci\u00f3n de Sonora, M\u00e9xico y el Mundo de manera oportuna y busca que la libertad de expresi\u00f3n sea real. Visita nuestro medio informativo publicado desde Hermosillo, Sonora. %","breadcrumb":{"@id":"https:\/\/www.sonoraenequipo.com.mx\/la-asf-reporto-cumulo-de-irregularidades-en-la-cuenta-publica-federal-2019\/#breadcrumb"},"inLanguage":"es","potentialAction":[{"@type":"ReadAction","target":["https:\/\/www.sonoraenequipo.com.mx\/la-asf-reporto-cumulo-de-irregularidades-en-la-cuenta-publica-federal-2019\/"]}]},{"@type":"ImageObject","inLanguage":"es","@id":"https:\/\/www.sonoraenequipo.com.mx\/la-asf-reporto-cumulo-de-irregularidades-en-la-cuenta-publica-federal-2019\/#primaryimage","url":"https:\/\/www.sonoraenequipo.com.mx\/storage\/2021\/02\/asfdavid-colmenares-paramo.jpg","contentUrl":"https:\/\/www.sonoraenequipo.com.mx\/storage\/2021\/02\/asfdavid-colmenares-paramo.jpg","width":500,"height":300,"caption":"avid colmenares p\u00e1ramo titular de la ASF"},{"@type":"BreadcrumbList","@id":"https:\/\/www.sonoraenequipo.com.mx\/la-asf-reporto-cumulo-de-irregularidades-en-la-cuenta-publica-federal-2019\/#breadcrumb","itemListElement":[{"@type":"ListItem","position":1,"name":"Portada","item":"https:\/\/www.sonoraenequipo.com.mx\/"},{"@type":"ListItem","position":2,"name":"La ASF report\u00f3 c\u00famulo de \u00a0irregularidades en la cuenta p\u00fablica federal 2019"}]},{"@type":"WebSite","@id":"https:\/\/www.sonoraenequipo.com.mx\/#website","url":"https:\/\/www.sonoraenequipo.com.mx\/","name":"Sonora en Equipo.","description":"Diario en l\u00ednea con Noticias desde Hermosillo, Sonora","publisher":{"@id":"https:\/\/www.sonoraenequipo.com.mx\/#organization"},"potentialAction":[{"@type":"SearchAction","target":{"@type":"EntryPoint","urlTemplate":"https:\/\/www.sonoraenequipo.com.mx\/?s={search_term_string}"},"query-input":{"@type":"PropertyValueSpecification","valueRequired":true,"valueName":"search_term_string"}}],"inLanguage":"es"},{"@type":"Organization","@id":"https:\/\/www.sonoraenequipo.com.mx\/#organization","name":"Sonoraenequipo.com.mx","url":"https:\/\/www.sonoraenequipo.com.mx\/","logo":{"@type":"ImageObject","inLanguage":"es","@id":"https:\/\/www.sonoraenequipo.com.mx\/#\/schema\/logo\/image\/","url":"https:\/\/www.sonoraenequipo.com.mx\/storage\/2019\/01\/sonoraenequipo_opt.png","contentUrl":"https:\/\/www.sonoraenequipo.com.mx\/storage\/2019\/01\/sonoraenequipo_opt.png","width":375,"height":125,"caption":"Sonoraenequipo.com.mx"},"image":{"@id":"https:\/\/www.sonoraenequipo.com.mx\/#\/schema\/logo\/image\/"},"sameAs":["https:\/\/www.facebook.com\/SonoraEE\/","https:\/\/x.com\/sonoraenequipo","https:\/\/www.youtube.com\/channel\/UC338nW-lPEYmJQs4ZABQ1SQ"]},{"@type":"Person","@id":"https:\/\/www.sonoraenequipo.com.mx\/#\/schema\/person\/50102df0fb23a8fa9e8effad8fa81386","name":"enequipo","image":{"@type":"ImageObject","inLanguage":"es","@id":"https:\/\/www.sonoraenequipo.com.mx\/#\/schema\/person\/image\/","url":"https:\/\/secure.gravatar.com\/avatar\/049821681b589dabc0bc20695993ccebb09f5b5d4d790cd9251b97faac7c652b?s=96&d=blank&r=g","contentUrl":"https:\/\/secure.gravatar.com\/avatar\/049821681b589dabc0bc20695993ccebb09f5b5d4d790cd9251b97faac7c652b?s=96&d=blank&r=g","caption":"enequipo"},"sameAs":["https:\/\/www.facebook.com\/SonoraEE"]}]}},"jetpack_featured_media_url":"https:\/\/www.sonoraenequipo.com.mx\/storage\/2021\/02\/asfdavid-colmenares-paramo.jpg","_links":{"self":[{"href":"https:\/\/www.sonoraenequipo.com.mx\/api\/wp\/v2\/posts\/107475","targetHints":{"allow":["GET"]}}],"collection":[{"href":"https:\/\/www.sonoraenequipo.com.mx\/api\/wp\/v2\/posts"}],"about":[{"href":"https:\/\/www.sonoraenequipo.com.mx\/api\/wp\/v2\/types\/post"}],"author":[{"embeddable":true,"href":"https:\/\/www.sonoraenequipo.com.mx\/api\/wp\/v2\/users\/1"}],"replies":[{"embeddable":true,"href":"https:\/\/www.sonoraenequipo.com.mx\/api\/wp\/v2\/comments?post=107475"}],"version-history":[{"count":1,"href":"https:\/\/www.sonoraenequipo.com.mx\/api\/wp\/v2\/posts\/107475\/revisions"}],"predecessor-version":[{"id":107477,"href":"https:\/\/www.sonoraenequipo.com.mx\/api\/wp\/v2\/posts\/107475\/revisions\/107477"}],"wp:featuredmedia":[{"embeddable":true,"href":"https:\/\/www.sonoraenequipo.com.mx\/api\/wp\/v2\/media\/107476"}],"wp:attachment":[{"href":"https:\/\/www.sonoraenequipo.com.mx\/api\/wp\/v2\/media?parent=107475"}],"wp:term":[{"taxonomy":"category","embeddable":true,"href":"https:\/\/www.sonoraenequipo.com.mx\/api\/wp\/v2\/categories?post=107475"},{"taxonomy":"post_tag","embeddable":true,"href":"https:\/\/www.sonoraenequipo.com.mx\/api\/wp\/v2\/tags?post=107475"}],"curies":[{"name":"wp","href":"https:\/\/api.w.org\/{rel}","templated":true}]}}