{"id":107490,"date":"2021-02-22T13:33:58","date_gmt":"2021-02-22T20:33:58","guid":{"rendered":"https:\/\/www.sonoraenequipo.com.mx\/?p=107490"},"modified":"2021-02-23T13:43:25","modified_gmt":"2021-02-23T20:43:25","slug":"concluye-gobierno-de-celida-lopez-puente-pluvial-en-las-cuevitas","status":"publish","type":"post","link":"https:\/\/www.sonoraenequipo.com.mx\/concluye-gobierno-de-celida-lopez-puente-pluvial-en-las-cuevitas\/","title":{"rendered":"Concluye Gobierno de Celida L\u00f3pez puente pluvial en Las Cuevitas"},"content":{"rendered":"<p>HERMOSILLO, SONORA,MX.\u2500\u2500 La alcaldesa de Hermosillo Celida L\u00f3pez C\u00e1rdenas acudi\u00f3 a un encuentro con vecinos del sector conocido como Las Cuevitas, y les entreg\u00f3 la obra terminada del puente pluvial vehicular que les permitir\u00e1 cruzar de forma segura el arroyo L\u00e1zaro C\u00e1rdenas, a\u00fan durante lluvias abundantes.<\/p>\n<p>&nbsp;<\/p>\n<p>Acompa\u00f1ada por el peque\u00f1o Daniel, residente de una de las colonias beneficiadas, la Presidenta Municipal formaliz\u00f3 el cumplimiento de un compromiso al cortar el list\u00f3n inaugural de la obra en la que se invirtieron recursos municipales por 9 millones de pesos, y con la cual se resolver\u00e1 un grave problema de seguridad y conectividad por la concentraci\u00f3n de avenidas pluviales en el sector.<\/p>\n<p>&nbsp;<\/p>\n<p>Residentes de varios asentamientos de la zona recibieron a la alcaldesa Celida L\u00f3pez, quien estuvo acompa\u00f1ada por Joaqu\u00edn Rodr\u00edguez V\u00e9jar, Secretario del Ayuntamiento; Alejandro L\u00f3pez Qui\u00f1ones, encargado de despacho de la Direcci\u00f3n de Bienestar Social;\u00a0 Jos\u00e9 Carrillo Atondo, titular de la Coordinaci\u00f3n de Infraestructura, Desarrollo Urbano y Ecolog\u00eda (CIDUE), Pedro Fontes, Director de Infraestructura de dicha dependencia y el regidor Iv\u00e1n Miranda.<\/p>\n<p>&nbsp;<\/p>\n<p>En el lugar vecinos beneficiados agradecieron a la Presidenta Municipal por rescatar a ese sector, por tener en cuenta su seguridad, la mejora del entorno y calidad de vida, luego de a\u00f1os de olvido y desatenci\u00f3n por parte de los gobiernos municipales anteriores.<\/p>\n<p>&nbsp;<\/p>\n<p>\u201cEsta es una obra que se decidi\u00f3 hacer pensando en una comunidad muy grande que existe en este sector de la ciudad, alrededor de 2 mil 500 familias que viven aqu\u00ed y que es su \u00fanico acceso por el borde del L\u00e1zaro C\u00e1rdenas, cuando llueve se genera much\u00edsima inundaci\u00f3n y la gente se quedaba incomunicada\u201d, explic\u00f3 el Coordinador de CIDUE.<\/p>\n<p>Fecha de publicaci\u00f3n\u00a0\u00a0 domingo21\/feb\/2021<\/p>\n","protected":false},"excerpt":{"rendered":"<p>HERMOSILLO, SONORA,MX.\u2500\u2500 La alcaldesa de Hermosillo Celida L\u00f3pez C\u00e1rdenas acudi\u00f3 a un encuentro con vecinos&#8230;<\/p>\n","protected":false},"author":1,"featured_media":107491,"comment_status":"open","ping_status":"open","sticky":false,"template":"","format":"standard","meta":{"_monsterinsights_skip_tracking":false,"_monsterinsights_sitenote_active":false,"_monsterinsights_sitenote_note":"","_monsterinsights_sitenote_category":0,"footnotes":""},"categories":[4],"tags":[35,5466],"class_list":["post"],"yoast_head":" \n<title>Sonora en Equipo. Concluye Gobierno de Celida L\u00f3pez puente pluvial en Las Cuevitas Municipios<\/title>\n<meta name=\"description\" content=\"HERMOSILLO, SONORA,MX.\u2500\u2500 La alcaldesa de Hermosillo Celida L\u00f3pez C\u00e1rdenas acudi\u00f3 a un encuentro con vecinos del sector conocido como Las Cuevitas, y les En Sonora en Equipo publicamos toda la informaci\u00f3n de Sonora, M\u00e9xico y el Mundo de manera oportuna y busca que la libertad de expresi\u00f3n sea real. Visita nuestro medio informativo publicado desde Hermosillo, Sonora. %\" \/>\n<meta name=\"robots\" content=\"index, follow, max-snippet:-1, max-image-preview:large, max-video-preview:-1\" \/>\n<link rel=\"canonical\" href=\"https:\/\/www.sonoraenequipo.com.mx\/concluye-gobierno-de-celida-lopez-puente-pluvial-en-las-cuevitas\/\" \/>\n<meta property=\"og:locale\" content=\"es_ES\" \/>\n<meta property=\"og:type\" content=\"article\" \/>\n<meta property=\"og:title\" content=\"Sonora en Equipo. Concluye Gobierno de Celida L\u00f3pez puente pluvial en Las Cuevitas Municipios\" \/>\n<meta property=\"og:description\" content=\"HERMOSILLO, SONORA,MX.\u2500\u2500 La alcaldesa de Hermosillo Celida L\u00f3pez C\u00e1rdenas acudi\u00f3 a un encuentro con vecinos del sector conocido como Las Cuevitas, y les En Sonora en Equipo publicamos toda la informaci\u00f3n de Sonora, M\u00e9xico y el Mundo de manera oportuna y busca que la libertad de expresi\u00f3n sea real. Visita nuestro medio informativo publicado desde Hermosillo, Sonora. %\" \/>\n<meta property=\"og:url\" content=\"https:\/\/www.sonoraenequipo.com.mx\/concluye-gobierno-de-celida-lopez-puente-pluvial-en-las-cuevitas\/\" \/>\n<meta property=\"og:site_name\" content=\"Sonora en Equipo.\" \/>\n<meta property=\"article:publisher\" content=\"https:\/\/www.facebook.com\/SonoraEE\/\" \/>\n<meta property=\"article:author\" content=\"https:\/\/www.facebook.com\/SonoraEE\" \/>\n<meta property=\"article:published_time\" content=\"2021-02-22T20:33:58+00:00\" \/>\n<meta property=\"article:modified_time\" content=\"2021-02-23T20:43:25+00:00\" \/>\n<meta property=\"og:image\" content=\"https:\/\/www.sonoraenequipo.com.mx\/storage\/2021\/02\/clc220221.jpg\" \/>\n\t<meta property=\"og:image:width\" content=\"500\" \/>\n\t<meta property=\"og:image:height\" content=\"300\" \/>\n\t<meta property=\"og:image:type\" content=\"image\/jpeg\" \/>\n<meta name=\"author\" content=\"enequipo\" \/>\n<meta name=\"twitter:card\" content=\"summary_large_image\" \/>\n<meta name=\"twitter:creator\" content=\"@sonoraenequipo\" \/>\n<meta name=\"twitter:site\" content=\"@sonoraenequipo\" \/>\n<meta name=\"twitter:label1\" content=\"Escrito por\" \/>\n\t<meta name=\"twitter:data1\" content=\"enequipo\" \/>\n\t<meta name=\"twitter:label2\" content=\"Tiempo de lectura\" \/>\n\t<meta name=\"twitter:data2\" content=\"2 minutos\" \/>\n<script type=\"application\/ld+json\" class=\"yoast-schema-graph\">{\"@context\":\"https:\/\/schema.org\",\"@graph\":[{\"@type\":\"Article\",\"@id\":\"https:\/\/www.sonoraenequipo.com.mx\/concluye-gobierno-de-celida-lopez-puente-pluvial-en-las-cuevitas\/#article\",\"isPartOf\":{\"@id\":\"https:\/\/www.sonoraenequipo.com.mx\/concluye-gobierno-de-celida-lopez-puente-pluvial-en-las-cuevitas\/\"},\"author\":{\"name\":\"enequipo\",\"@id\":\"https:\/\/www.sonoraenequipo.com.mx\/#\/schema\/person\/50102df0fb23a8fa9e8effad8fa81386\"},\"headline\":\"Concluye Gobierno de Celida L\u00f3pez puente pluvial en Las Cuevitas\",\"datePublished\":\"2021-02-22T20:33:58+00:00\",\"dateModified\":\"2021-02-23T20:43:25+00:00\",\"mainEntityOfPage\":{\"@id\":\"https:\/\/www.sonoraenequipo.com.mx\/concluye-gobierno-de-celida-lopez-puente-pluvial-en-las-cuevitas\/\"},\"wordCount\":319,\"commentCount\":0,\"publisher\":{\"@id\":\"https:\/\/www.sonoraenequipo.com.mx\/#organization\"},\"image\":{\"@id\":\"https:\/\/www.sonoraenequipo.com.mx\/concluye-gobierno-de-celida-lopez-puente-pluvial-en-las-cuevitas\/#primaryimage\"},\"thumbnailUrl\":\"https:\/\/www.sonoraenequipo.com.mx\/storage\/2021\/02\/clc220221.jpg\",\"keywords\":[\"hermosillo\",\"obra publica\"],\"articleSection\":[\"Municipios\"],\"inLanguage\":\"es\",\"potentialAction\":[{\"@type\":\"CommentAction\",\"name\":\"Comment\",\"target\":[\"https:\/\/www.sonoraenequipo.com.mx\/concluye-gobierno-de-celida-lopez-puente-pluvial-en-las-cuevitas\/#respond\"]}]},{\"@type\":\"WebPage\",\"@id\":\"https:\/\/www.sonoraenequipo.com.mx\/concluye-gobierno-de-celida-lopez-puente-pluvial-en-las-cuevitas\/\",\"url\":\"https:\/\/www.sonoraenequipo.com.mx\/concluye-gobierno-de-celida-lopez-puente-pluvial-en-las-cuevitas\/\",\"name\":\"Sonora en Equipo. Concluye Gobierno de Celida L\u00f3pez puente pluvial en Las Cuevitas Municipios\",\"isPartOf\":{\"@id\":\"https:\/\/www.sonoraenequipo.com.mx\/#website\"},\"primaryImageOfPage\":{\"@id\":\"https:\/\/www.sonoraenequipo.com.mx\/concluye-gobierno-de-celida-lopez-puente-pluvial-en-las-cuevitas\/#primaryimage\"},\"image\":{\"@id\":\"https:\/\/www.sonoraenequipo.com.mx\/concluye-gobierno-de-celida-lopez-puente-pluvial-en-las-cuevitas\/#primaryimage\"},\"thumbnailUrl\":\"https:\/\/www.sonoraenequipo.com.mx\/storage\/2021\/02\/clc220221.jpg\",\"datePublished\":\"2021-02-22T20:33:58+00:00\",\"dateModified\":\"2021-02-23T20:43:25+00:00\",\"description\":\"HERMOSILLO, SONORA,MX.\u2500\u2500 La alcaldesa de Hermosillo Celida L\u00f3pez C\u00e1rdenas acudi\u00f3 a un encuentro con vecinos del sector conocido como Las Cuevitas, y les En Sonora en Equipo publicamos toda la informaci\u00f3n de Sonora, M\u00e9xico y el Mundo de manera oportuna y busca que la libertad de expresi\u00f3n sea real. Visita nuestro medio informativo publicado desde Hermosillo, Sonora. %\",\"breadcrumb\":{\"@id\":\"https:\/\/www.sonoraenequipo.com.mx\/concluye-gobierno-de-celida-lopez-puente-pluvial-en-las-cuevitas\/#breadcrumb\"},\"inLanguage\":\"es\",\"potentialAction\":[{\"@type\":\"ReadAction\",\"target\":[\"https:\/\/www.sonoraenequipo.com.mx\/concluye-gobierno-de-celida-lopez-puente-pluvial-en-las-cuevitas\/\"]}]},{\"@type\":\"ImageObject\",\"inLanguage\":\"es\",\"@id\":\"https:\/\/www.sonoraenequipo.com.mx\/concluye-gobierno-de-celida-lopez-puente-pluvial-en-las-cuevitas\/#primaryimage\",\"url\":\"https:\/\/www.sonoraenequipo.com.mx\/storage\/2021\/02\/clc220221.jpg\",\"contentUrl\":\"https:\/\/www.sonoraenequipo.com.mx\/storage\/2021\/02\/clc220221.jpg\",\"width\":500,\"height\":300},{\"@type\":\"BreadcrumbList\",\"@id\":\"https:\/\/www.sonoraenequipo.com.mx\/concluye-gobierno-de-celida-lopez-puente-pluvial-en-las-cuevitas\/#breadcrumb\",\"itemListElement\":[{\"@type\":\"ListItem\",\"position\":1,\"name\":\"Portada\",\"item\":\"https:\/\/www.sonoraenequipo.com.mx\/\"},{\"@type\":\"ListItem\",\"position\":2,\"name\":\"Concluye Gobierno de Celida L\u00f3pez puente pluvial en Las Cuevitas\"}]},{\"@type\":\"WebSite\",\"@id\":\"https:\/\/www.sonoraenequipo.com.mx\/#website\",\"url\":\"https:\/\/www.sonoraenequipo.com.mx\/\",\"name\":\"Sonora en Equipo.\",\"description\":\"Diario en l\u00ednea con Noticias desde Hermosillo, Sonora\",\"publisher\":{\"@id\":\"https:\/\/www.sonoraenequipo.com.mx\/#organization\"},\"potentialAction\":[{\"@type\":\"SearchAction\",\"target\":{\"@type\":\"EntryPoint\",\"urlTemplate\":\"https:\/\/www.sonoraenequipo.com.mx\/?s={search_term_string}\"},\"query-input\":{\"@type\":\"PropertyValueSpecification\",\"valueRequired\":true,\"valueName\":\"search_term_string\"}}],\"inLanguage\":\"es\"},{\"@type\":\"Organization\",\"@id\":\"https:\/\/www.sonoraenequipo.com.mx\/#organization\",\"name\":\"Sonoraenequipo.com.mx\",\"url\":\"https:\/\/www.sonoraenequipo.com.mx\/\",\"logo\":{\"@type\":\"ImageObject\",\"inLanguage\":\"es\",\"@id\":\"https:\/\/www.sonoraenequipo.com.mx\/#\/schema\/logo\/image\/\",\"url\":\"https:\/\/www.sonoraenequipo.com.mx\/storage\/2019\/01\/sonoraenequipo_opt.png\",\"contentUrl\":\"https:\/\/www.sonoraenequipo.com.mx\/storage\/2019\/01\/sonoraenequipo_opt.png\",\"width\":375,\"height\":125,\"caption\":\"Sonoraenequipo.com.mx\"},\"image\":{\"@id\":\"https:\/\/www.sonoraenequipo.com.mx\/#\/schema\/logo\/image\/\"},\"sameAs\":[\"https:\/\/www.facebook.com\/SonoraEE\/\",\"https:\/\/x.com\/sonoraenequipo\",\"https:\/\/www.youtube.com\/channel\/UC338nW-lPEYmJQs4ZABQ1SQ\"]},{\"@type\":\"Person\",\"@id\":\"https:\/\/www.sonoraenequipo.com.mx\/#\/schema\/person\/50102df0fb23a8fa9e8effad8fa81386\",\"name\":\"enequipo\",\"image\":{\"@type\":\"ImageObject\",\"inLanguage\":\"es\",\"@id\":\"https:\/\/www.sonoraenequipo.com.mx\/#\/schema\/person\/image\/\",\"url\":\"https:\/\/secure.gravatar.com\/avatar\/049821681b589dabc0bc20695993ccebb09f5b5d4d790cd9251b97faac7c652b?s=96&d=blank&r=g\",\"contentUrl\":\"https:\/\/secure.gravatar.com\/avatar\/049821681b589dabc0bc20695993ccebb09f5b5d4d790cd9251b97faac7c652b?s=96&d=blank&r=g\",\"caption\":\"enequipo\"},\"sameAs\":[\"https:\/\/www.facebook.com\/SonoraEE\"]}]}<\/script>\n ","yoast_head_json":{"title":"Sonora en Equipo. Concluye Gobierno de Celida L\u00f3pez puente pluvial en Las Cuevitas Municipios","description":"HERMOSILLO, SONORA,MX.\u2500\u2500 La alcaldesa de Hermosillo Celida L\u00f3pez C\u00e1rdenas acudi\u00f3 a un encuentro con vecinos del sector conocido como Las Cuevitas, y les En Sonora en Equipo publicamos toda la informaci\u00f3n de Sonora, M\u00e9xico y el Mundo de manera oportuna y busca que la libertad de expresi\u00f3n sea real. Visita nuestro medio informativo publicado desde Hermosillo, Sonora. %","robots":{"index":"index","follow":"follow","max-snippet":"max-snippet:-1","max-image-preview":"max-image-preview:large","max-video-preview":"max-video-preview:-1"},"canonical":"https:\/\/www.sonoraenequipo.com.mx\/concluye-gobierno-de-celida-lopez-puente-pluvial-en-las-cuevitas\/","og_locale":"es_ES","og_type":"article","og_title":"Sonora en Equipo. Concluye Gobierno de Celida L\u00f3pez puente pluvial en Las Cuevitas Municipios","og_description":"HERMOSILLO, SONORA,MX.\u2500\u2500 La alcaldesa de Hermosillo Celida L\u00f3pez C\u00e1rdenas acudi\u00f3 a un encuentro con vecinos del sector conocido como Las Cuevitas, y les En Sonora en Equipo publicamos toda la informaci\u00f3n de Sonora, M\u00e9xico y el Mundo de manera oportuna y busca que la libertad de expresi\u00f3n sea real. Visita nuestro medio informativo publicado desde Hermosillo, Sonora. %","og_url":"https:\/\/www.sonoraenequipo.com.mx\/concluye-gobierno-de-celida-lopez-puente-pluvial-en-las-cuevitas\/","og_site_name":"Sonora en Equipo.","article_publisher":"https:\/\/www.facebook.com\/SonoraEE\/","article_author":"https:\/\/www.facebook.com\/SonoraEE","article_published_time":"2021-02-22T20:33:58+00:00","article_modified_time":"2021-02-23T20:43:25+00:00","og_image":[{"width":500,"height":300,"url":"https:\/\/www.sonoraenequipo.com.mx\/storage\/2021\/02\/clc220221.jpg","type":"image\/jpeg"}],"author":"enequipo","twitter_card":"summary_large_image","twitter_creator":"@sonoraenequipo","twitter_site":"@sonoraenequipo","twitter_misc":{"Escrito por":"enequipo","Tiempo de lectura":"2 minutos"},"schema":{"@context":"https:\/\/schema.org","@graph":[{"@type":"Article","@id":"https:\/\/www.sonoraenequipo.com.mx\/concluye-gobierno-de-celida-lopez-puente-pluvial-en-las-cuevitas\/#article","isPartOf":{"@id":"https:\/\/www.sonoraenequipo.com.mx\/concluye-gobierno-de-celida-lopez-puente-pluvial-en-las-cuevitas\/"},"author":{"name":"enequipo","@id":"https:\/\/www.sonoraenequipo.com.mx\/#\/schema\/person\/50102df0fb23a8fa9e8effad8fa81386"},"headline":"Concluye Gobierno de Celida L\u00f3pez puente pluvial en Las Cuevitas","datePublished":"2021-02-22T20:33:58+00:00","dateModified":"2021-02-23T20:43:25+00:00","mainEntityOfPage":{"@id":"https:\/\/www.sonoraenequipo.com.mx\/concluye-gobierno-de-celida-lopez-puente-pluvial-en-las-cuevitas\/"},"wordCount":319,"commentCount":0,"publisher":{"@id":"https:\/\/www.sonoraenequipo.com.mx\/#organization"},"image":{"@id":"https:\/\/www.sonoraenequipo.com.mx\/concluye-gobierno-de-celida-lopez-puente-pluvial-en-las-cuevitas\/#primaryimage"},"thumbnailUrl":"https:\/\/www.sonoraenequipo.com.mx\/storage\/2021\/02\/clc220221.jpg","keywords":["hermosillo","obra publica"],"articleSection":["Municipios"],"inLanguage":"es","potentialAction":[{"@type":"CommentAction","name":"Comment","target":["https:\/\/www.sonoraenequipo.com.mx\/concluye-gobierno-de-celida-lopez-puente-pluvial-en-las-cuevitas\/#respond"]}]},{"@type":"WebPage","@id":"https:\/\/www.sonoraenequipo.com.mx\/concluye-gobierno-de-celida-lopez-puente-pluvial-en-las-cuevitas\/","url":"https:\/\/www.sonoraenequipo.com.mx\/concluye-gobierno-de-celida-lopez-puente-pluvial-en-las-cuevitas\/","name":"Sonora en Equipo. Concluye Gobierno de Celida L\u00f3pez puente pluvial en Las Cuevitas Municipios","isPartOf":{"@id":"https:\/\/www.sonoraenequipo.com.mx\/#website"},"primaryImageOfPage":{"@id":"https:\/\/www.sonoraenequipo.com.mx\/concluye-gobierno-de-celida-lopez-puente-pluvial-en-las-cuevitas\/#primaryimage"},"image":{"@id":"https:\/\/www.sonoraenequipo.com.mx\/concluye-gobierno-de-celida-lopez-puente-pluvial-en-las-cuevitas\/#primaryimage"},"thumbnailUrl":"https:\/\/www.sonoraenequipo.com.mx\/storage\/2021\/02\/clc220221.jpg","datePublished":"2021-02-22T20:33:58+00:00","dateModified":"2021-02-23T20:43:25+00:00","description":"HERMOSILLO, SONORA,MX.\u2500\u2500 La alcaldesa de Hermosillo Celida L\u00f3pez C\u00e1rdenas acudi\u00f3 a un encuentro con vecinos del sector conocido como Las Cuevitas, y les En Sonora en Equipo publicamos toda la informaci\u00f3n de Sonora, M\u00e9xico y el Mundo de manera oportuna y busca que la libertad de expresi\u00f3n sea real. Visita nuestro medio informativo publicado desde Hermosillo, Sonora. %","breadcrumb":{"@id":"https:\/\/www.sonoraenequipo.com.mx\/concluye-gobierno-de-celida-lopez-puente-pluvial-en-las-cuevitas\/#breadcrumb"},"inLanguage":"es","potentialAction":[{"@type":"ReadAction","target":["https:\/\/www.sonoraenequipo.com.mx\/concluye-gobierno-de-celida-lopez-puente-pluvial-en-las-cuevitas\/"]}]},{"@type":"ImageObject","inLanguage":"es","@id":"https:\/\/www.sonoraenequipo.com.mx\/concluye-gobierno-de-celida-lopez-puente-pluvial-en-las-cuevitas\/#primaryimage","url":"https:\/\/www.sonoraenequipo.com.mx\/storage\/2021\/02\/clc220221.jpg","contentUrl":"https:\/\/www.sonoraenequipo.com.mx\/storage\/2021\/02\/clc220221.jpg","width":500,"height":300},{"@type":"BreadcrumbList","@id":"https:\/\/www.sonoraenequipo.com.mx\/concluye-gobierno-de-celida-lopez-puente-pluvial-en-las-cuevitas\/#breadcrumb","itemListElement":[{"@type":"ListItem","position":1,"name":"Portada","item":"https:\/\/www.sonoraenequipo.com.mx\/"},{"@type":"ListItem","position":2,"name":"Concluye Gobierno de Celida L\u00f3pez puente pluvial en Las Cuevitas"}]},{"@type":"WebSite","@id":"https:\/\/www.sonoraenequipo.com.mx\/#website","url":"https:\/\/www.sonoraenequipo.com.mx\/","name":"Sonora en Equipo.","description":"Diario en l\u00ednea con Noticias desde Hermosillo, Sonora","publisher":{"@id":"https:\/\/www.sonoraenequipo.com.mx\/#organization"},"potentialAction":[{"@type":"SearchAction","target":{"@type":"EntryPoint","urlTemplate":"https:\/\/www.sonoraenequipo.com.mx\/?s={search_term_string}"},"query-input":{"@type":"PropertyValueSpecification","valueRequired":true,"valueName":"search_term_string"}}],"inLanguage":"es"},{"@type":"Organization","@id":"https:\/\/www.sonoraenequipo.com.mx\/#organization","name":"Sonoraenequipo.com.mx","url":"https:\/\/www.sonoraenequipo.com.mx\/","logo":{"@type":"ImageObject","inLanguage":"es","@id":"https:\/\/www.sonoraenequipo.com.mx\/#\/schema\/logo\/image\/","url":"https:\/\/www.sonoraenequipo.com.mx\/storage\/2019\/01\/sonoraenequipo_opt.png","contentUrl":"https:\/\/www.sonoraenequipo.com.mx\/storage\/2019\/01\/sonoraenequipo_opt.png","width":375,"height":125,"caption":"Sonoraenequipo.com.mx"},"image":{"@id":"https:\/\/www.sonoraenequipo.com.mx\/#\/schema\/logo\/image\/"},"sameAs":["https:\/\/www.facebook.com\/SonoraEE\/","https:\/\/x.com\/sonoraenequipo","https:\/\/www.youtube.com\/channel\/UC338nW-lPEYmJQs4ZABQ1SQ"]},{"@type":"Person","@id":"https:\/\/www.sonoraenequipo.com.mx\/#\/schema\/person\/50102df0fb23a8fa9e8effad8fa81386","name":"enequipo","image":{"@type":"ImageObject","inLanguage":"es","@id":"https:\/\/www.sonoraenequipo.com.mx\/#\/schema\/person\/image\/","url":"https:\/\/secure.gravatar.com\/avatar\/049821681b589dabc0bc20695993ccebb09f5b5d4d790cd9251b97faac7c652b?s=96&d=blank&r=g","contentUrl":"https:\/\/secure.gravatar.com\/avatar\/049821681b589dabc0bc20695993ccebb09f5b5d4d790cd9251b97faac7c652b?s=96&d=blank&r=g","caption":"enequipo"},"sameAs":["https:\/\/www.facebook.com\/SonoraEE"]}]}},"jetpack_featured_media_url":"https:\/\/www.sonoraenequipo.com.mx\/storage\/2021\/02\/clc220221.jpg","_links":{"self":[{"href":"https:\/\/www.sonoraenequipo.com.mx\/api\/wp\/v2\/posts\/107490","targetHints":{"allow":["GET"]}}],"collection":[{"href":"https:\/\/www.sonoraenequipo.com.mx\/api\/wp\/v2\/posts"}],"about":[{"href":"https:\/\/www.sonoraenequipo.com.mx\/api\/wp\/v2\/types\/post"}],"author":[{"embeddable":true,"href":"https:\/\/www.sonoraenequipo.com.mx\/api\/wp\/v2\/users\/1"}],"replies":[{"embeddable":true,"href":"https:\/\/www.sonoraenequipo.com.mx\/api\/wp\/v2\/comments?post=107490"}],"version-history":[{"count":1,"href":"https:\/\/www.sonoraenequipo.com.mx\/api\/wp\/v2\/posts\/107490\/revisions"}],"predecessor-version":[{"id":107492,"href":"https:\/\/www.sonoraenequipo.com.mx\/api\/wp\/v2\/posts\/107490\/revisions\/107492"}],"wp:featuredmedia":[{"embeddable":true,"href":"https:\/\/www.sonoraenequipo.com.mx\/api\/wp\/v2\/media\/107491"}],"wp:attachment":[{"href":"https:\/\/www.sonoraenequipo.com.mx\/api\/wp\/v2\/media?parent=107490"}],"wp:term":[{"taxonomy":"category","embeddable":true,"href":"https:\/\/www.sonoraenequipo.com.mx\/api\/wp\/v2\/categories?post=107490"},{"taxonomy":"post_tag","embeddable":true,"href":"https:\/\/www.sonoraenequipo.com.mx\/api\/wp\/v2\/tags?post=107490"}],"curies":[{"name":"wp","href":"https:\/\/api.w.org\/{rel}","templated":true}]}}