{"id":107510,"date":"2021-02-22T21:56:33","date_gmt":"2021-02-23T04:56:33","guid":{"rendered":"https:\/\/www.sonoraenequipo.com.mx\/?p=107510"},"modified":"2021-02-22T21:56:33","modified_gmt":"2021-02-23T04:56:33","slug":"es-necesario-dar-seguimiento-medico-a-secuelas-tras-haber-padecido-covid-19-enrique-clausen","status":"publish","type":"post","link":"https:\/\/www.sonoraenequipo.com.mx\/es-necesario-dar-seguimiento-medico-a-secuelas-tras-haber-padecido-covid-19-enrique-clausen\/","title":{"rendered":"Es necesario dar seguimiento m\u00e9dico a secuelas tras haber padecido COVID-19: Enrique Clausen"},"content":{"rendered":"<p>\u25baHoy se confirmaron 62 nuevos casos y 6 defunciones en Sonora<\/p>\n<p>&nbsp;<\/p>\n<p>HERMOSILLO, SONORA,MX.\u2500\u2500 A\u00fan y cuando una persona se haya recuperado del COVID-19, es muy importante que vaya con un especialista para identificar y, en su caso, tratar las posibles complicaciones que no hayan sido detectadas durante la enfermedad, resalt\u00f3 Enrique Clausen Iberri, traen confirmarse 6 fallecimientos m\u00e1s y 62 nuevos contagios en Sonora.<\/p>\n<p>&nbsp;<\/p>\n<p>El secretario de Salud mencion\u00f3\u00a0 que las secuelas que puedan quedar aun despu\u00e9s de haber superado la enfermedad deben ser atendidas, ya que este virus tiene la capacidad de atacar a varios \u00f3rganos del cuerpo, al no ser exclusivamente un padecimiento pulmonar.<\/p>\n<p>&nbsp;<\/p>\n<p>\u201cPuedes tener secuelas pulmonares que, si no atiendes a tiempo, se quedar\u00e1n contigo toda la vida, tambi\u00e9n pueden haber partes de tu cuerpo que, por la infecci\u00f3n del virus, necesitan ser rehabilitadas con terapia f\u00edsica, si tienes que ser hospitalizado, el Covid podr\u00eda generarte complicaciones cardiacas, por lo que tendr\u00edas que acudir a un especialista para vigilar y recuperar la funci\u00f3n adecuada de tu coraz\u00f3n\u201d, indic\u00f3.<\/p>\n<p>&nbsp;<\/p>\n<p>Clausen Iberri agreg\u00f3 que aun cuando una persona haya sido dada de alta, el Covid puede dejar al paciente con una sensaci\u00f3n de falta de aire o puede tardar meses en recuperar el olfato, adem\u00e1s de que puede afectar el sistema motor y sensitivo.<img loading=\"lazy\" decoding=\"async\" class=\"x-none  size-full\" src=\"https:\/\/www.sonoraenequipo.com.mx\/storage\/2021\/02\/casos-al-220221.jpg\" alt=\"\" width=\"900\" height=\"506\" \/><\/p>\n<p>&nbsp;<\/p>\n<p>\u201cComo ves, a\u00fan y cuando lo puedes superar, los efectos del Covid podr\u00edan acompa\u00f1arte toda tu vida, as\u00ed que antes de pensar que lo mejor es que de una vez te d\u00e9, mejor usa cubrebocas, l\u00e1vate frecuentemente las manos, y mant\u00e9n la distancia\u201d, se\u00f1al\u00f3.<\/p>\n<p>&nbsp;<\/p>\n<p>Este d\u00eda se confirmaron 6 decesos por COVID-19, en 3 mujeres y 3 hombres, residentes de: Hermosillo y San Luis R\u00edo Colorado 2 cada uno; Cajeme y Benito Ju\u00e1rez 1 cada uno; acumul\u00e1ndose 5 mil 621 defunciones.<\/p>\n<p>&nbsp;<\/p>\n<p>Hoy se sumaron 62 nuevos casos por COVID-19, en 33 mujeres y 29 hombres, acumul\u00e1ndose 66 mil 045 casos en total; los nuevos pacientes son residentes de: Hermosillo 40, Cajeme 6; Caborca, Nogales y Agua Prieta 3 cada uno; Empalme 2; Y\u00e9cora, Santa Ana, Navojoa, San Luis R\u00edo Colorado y Benito Ju\u00e1rez 1 cada uno.<\/p>\n<p>&nbsp;<\/p>\n<p>Este d\u00eda no se confirmaron casos pedi\u00e1tricos y se inform\u00f3 1 caso en una mujer embarazada, acumul\u00e1ndose 454 casos en total. A la fecha se han recuperado 58 mil 735 personas de COVID-19 en Sonora.<\/p>\n<p>&nbsp;<\/p>\n<p>Casos COVID-19 en Sonora 66,045 casos confirmados y 5,621 defunciones<\/p>\n<p>&nbsp;<\/p>\n<p>Defunciones registradas el 22 de febrero 2021: 6<\/p>\n<p>Fecha de publicaci\u00f3n\u00a0 Lunes 22\/feb\/2021<\/p>\n<p>&nbsp;<\/p>\n","protected":false},"excerpt":{"rendered":"<p>\u25baHoy se confirmaron 62 nuevos casos y 6 defunciones en Sonora &nbsp; HERMOSILLO, SONORA,MX.\u2500\u2500 A\u00fan&#8230;<\/p>\n","protected":false},"author":1,"featured_media":107467,"comment_status":"open","ping_status":"open","sticky":false,"template":"","format":"standard","meta":{"_monsterinsights_skip_tracking":false,"_monsterinsights_sitenote_active":false,"_monsterinsights_sitenote_note":"","_monsterinsights_sitenote_category":0,"footnotes":""},"categories":[22],"tags":[4249,15],"class_list":["post"],"yoast_head":" \n<title>Sonora en Equipo. Es necesario dar seguimiento m\u00e9dico a secuelas tras haber padecido COVID-19: Enrique Clausen Sonora<\/title>\n<meta name=\"description\" content=\"\u25baHoy se confirmaron 62 nuevos casos y 6 defunciones en Sonora &nbsp; HERMOSILLO, SONORA,MX.\u2500\u2500 A\u00fan y cuando una persona se haya recuperado del COVID-19, es En Sonora en Equipo publicamos toda la informaci\u00f3n de Sonora, M\u00e9xico y el Mundo de manera oportuna y busca que la libertad de expresi\u00f3n sea real. Visita nuestro medio informativo publicado desde Hermosillo, Sonora. %\" \/>\n<meta name=\"robots\" content=\"index, follow, max-snippet:-1, max-image-preview:large, max-video-preview:-1\" \/>\n<link rel=\"canonical\" href=\"https:\/\/www.sonoraenequipo.com.mx\/es-necesario-dar-seguimiento-medico-a-secuelas-tras-haber-padecido-covid-19-enrique-clausen\/\" \/>\n<meta property=\"og:locale\" content=\"es_ES\" \/>\n<meta property=\"og:type\" content=\"article\" \/>\n<meta property=\"og:title\" content=\"Sonora en Equipo. Es necesario dar seguimiento m\u00e9dico a secuelas tras haber padecido COVID-19: Enrique Clausen Sonora\" \/>\n<meta property=\"og:description\" content=\"\u25baHoy se confirmaron 62 nuevos casos y 6 defunciones en Sonora &nbsp; HERMOSILLO, SONORA,MX.\u2500\u2500 A\u00fan y cuando una persona se haya recuperado del COVID-19, es En Sonora en Equipo publicamos toda la informaci\u00f3n de Sonora, M\u00e9xico y el Mundo de manera oportuna y busca que la libertad de expresi\u00f3n sea real. Visita nuestro medio informativo publicado desde Hermosillo, Sonora. %\" \/>\n<meta property=\"og:url\" content=\"https:\/\/www.sonoraenequipo.com.mx\/es-necesario-dar-seguimiento-medico-a-secuelas-tras-haber-padecido-covid-19-enrique-clausen\/\" \/>\n<meta property=\"og:site_name\" content=\"Sonora en Equipo.\" \/>\n<meta property=\"article:publisher\" content=\"https:\/\/www.facebook.com\/SonoraEE\/\" \/>\n<meta property=\"article:author\" content=\"https:\/\/www.facebook.com\/SonoraEE\" \/>\n<meta property=\"article:published_time\" content=\"2021-02-23T04:56:33+00:00\" \/>\n<meta property=\"og:image\" content=\"https:\/\/www.sonoraenequipo.com.mx\/storage\/2021\/02\/e-clausen15.jpg\" \/>\n\t<meta property=\"og:image:width\" content=\"500\" \/>\n\t<meta property=\"og:image:height\" content=\"300\" \/>\n\t<meta property=\"og:image:type\" content=\"image\/jpeg\" \/>\n<meta name=\"author\" content=\"enequipo\" \/>\n<meta name=\"twitter:card\" content=\"summary_large_image\" \/>\n<meta name=\"twitter:creator\" content=\"@sonoraenequipo\" \/>\n<meta name=\"twitter:site\" content=\"@sonoraenequipo\" \/>\n<meta name=\"twitter:label1\" content=\"Escrito por\" \/>\n\t<meta name=\"twitter:data1\" content=\"enequipo\" \/>\n\t<meta name=\"twitter:label2\" content=\"Tiempo de lectura\" \/>\n\t<meta name=\"twitter:data2\" content=\"2 minutos\" \/>\n<script type=\"application\/ld+json\" class=\"yoast-schema-graph\">{\"@context\":\"https:\/\/schema.org\",\"@graph\":[{\"@type\":\"Article\",\"@id\":\"https:\/\/www.sonoraenequipo.com.mx\/es-necesario-dar-seguimiento-medico-a-secuelas-tras-haber-padecido-covid-19-enrique-clausen\/#article\",\"isPartOf\":{\"@id\":\"https:\/\/www.sonoraenequipo.com.mx\/es-necesario-dar-seguimiento-medico-a-secuelas-tras-haber-padecido-covid-19-enrique-clausen\/\"},\"author\":{\"name\":\"enequipo\",\"@id\":\"https:\/\/www.sonoraenequipo.com.mx\/#\/schema\/person\/50102df0fb23a8fa9e8effad8fa81386\"},\"headline\":\"Es necesario dar seguimiento m\u00e9dico a secuelas tras haber padecido COVID-19: Enrique Clausen\",\"datePublished\":\"2021-02-23T04:56:33+00:00\",\"mainEntityOfPage\":{\"@id\":\"https:\/\/www.sonoraenequipo.com.mx\/es-necesario-dar-seguimiento-medico-a-secuelas-tras-haber-padecido-covid-19-enrique-clausen\/\"},\"wordCount\":437,\"commentCount\":0,\"publisher\":{\"@id\":\"https:\/\/www.sonoraenequipo.com.mx\/#organization\"},\"image\":{\"@id\":\"https:\/\/www.sonoraenequipo.com.mx\/es-necesario-dar-seguimiento-medico-a-secuelas-tras-haber-padecido-covid-19-enrique-clausen\/#primaryimage\"},\"thumbnailUrl\":\"https:\/\/www.sonoraenequipo.com.mx\/storage\/2021\/02\/e-clausen15.jpg\",\"keywords\":[\"covid\",\"Sonora\"],\"articleSection\":[\"Sonora\"],\"inLanguage\":\"es\",\"potentialAction\":[{\"@type\":\"CommentAction\",\"name\":\"Comment\",\"target\":[\"https:\/\/www.sonoraenequipo.com.mx\/es-necesario-dar-seguimiento-medico-a-secuelas-tras-haber-padecido-covid-19-enrique-clausen\/#respond\"]}]},{\"@type\":\"WebPage\",\"@id\":\"https:\/\/www.sonoraenequipo.com.mx\/es-necesario-dar-seguimiento-medico-a-secuelas-tras-haber-padecido-covid-19-enrique-clausen\/\",\"url\":\"https:\/\/www.sonoraenequipo.com.mx\/es-necesario-dar-seguimiento-medico-a-secuelas-tras-haber-padecido-covid-19-enrique-clausen\/\",\"name\":\"Sonora en Equipo. Es necesario dar seguimiento m\u00e9dico a secuelas tras haber padecido COVID-19: Enrique Clausen Sonora\",\"isPartOf\":{\"@id\":\"https:\/\/www.sonoraenequipo.com.mx\/#website\"},\"primaryImageOfPage\":{\"@id\":\"https:\/\/www.sonoraenequipo.com.mx\/es-necesario-dar-seguimiento-medico-a-secuelas-tras-haber-padecido-covid-19-enrique-clausen\/#primaryimage\"},\"image\":{\"@id\":\"https:\/\/www.sonoraenequipo.com.mx\/es-necesario-dar-seguimiento-medico-a-secuelas-tras-haber-padecido-covid-19-enrique-clausen\/#primaryimage\"},\"thumbnailUrl\":\"https:\/\/www.sonoraenequipo.com.mx\/storage\/2021\/02\/e-clausen15.jpg\",\"datePublished\":\"2021-02-23T04:56:33+00:00\",\"description\":\"\u25baHoy se confirmaron 62 nuevos casos y 6 defunciones en Sonora &nbsp; HERMOSILLO, SONORA,MX.\u2500\u2500 A\u00fan y cuando una persona se haya recuperado del COVID-19, es En Sonora en Equipo publicamos toda la informaci\u00f3n de Sonora, M\u00e9xico y el Mundo de manera oportuna y busca que la libertad de expresi\u00f3n sea real. Visita nuestro medio informativo publicado desde Hermosillo, Sonora. %\",\"breadcrumb\":{\"@id\":\"https:\/\/www.sonoraenequipo.com.mx\/es-necesario-dar-seguimiento-medico-a-secuelas-tras-haber-padecido-covid-19-enrique-clausen\/#breadcrumb\"},\"inLanguage\":\"es\",\"potentialAction\":[{\"@type\":\"ReadAction\",\"target\":[\"https:\/\/www.sonoraenequipo.com.mx\/es-necesario-dar-seguimiento-medico-a-secuelas-tras-haber-padecido-covid-19-enrique-clausen\/\"]}]},{\"@type\":\"ImageObject\",\"inLanguage\":\"es\",\"@id\":\"https:\/\/www.sonoraenequipo.com.mx\/es-necesario-dar-seguimiento-medico-a-secuelas-tras-haber-padecido-covid-19-enrique-clausen\/#primaryimage\",\"url\":\"https:\/\/www.sonoraenequipo.com.mx\/storage\/2021\/02\/e-clausen15.jpg\",\"contentUrl\":\"https:\/\/www.sonoraenequipo.com.mx\/storage\/2021\/02\/e-clausen15.jpg\",\"width\":500,\"height\":300},{\"@type\":\"BreadcrumbList\",\"@id\":\"https:\/\/www.sonoraenequipo.com.mx\/es-necesario-dar-seguimiento-medico-a-secuelas-tras-haber-padecido-covid-19-enrique-clausen\/#breadcrumb\",\"itemListElement\":[{\"@type\":\"ListItem\",\"position\":1,\"name\":\"Portada\",\"item\":\"https:\/\/www.sonoraenequipo.com.mx\/\"},{\"@type\":\"ListItem\",\"position\":2,\"name\":\"Es necesario dar seguimiento m\u00e9dico a secuelas tras haber padecido COVID-19: Enrique Clausen\"}]},{\"@type\":\"WebSite\",\"@id\":\"https:\/\/www.sonoraenequipo.com.mx\/#website\",\"url\":\"https:\/\/www.sonoraenequipo.com.mx\/\",\"name\":\"Sonora en Equipo.\",\"description\":\"Diario en l\u00ednea con Noticias desde Hermosillo, Sonora\",\"publisher\":{\"@id\":\"https:\/\/www.sonoraenequipo.com.mx\/#organization\"},\"potentialAction\":[{\"@type\":\"SearchAction\",\"target\":{\"@type\":\"EntryPoint\",\"urlTemplate\":\"https:\/\/www.sonoraenequipo.com.mx\/?s={search_term_string}\"},\"query-input\":{\"@type\":\"PropertyValueSpecification\",\"valueRequired\":true,\"valueName\":\"search_term_string\"}}],\"inLanguage\":\"es\"},{\"@type\":\"Organization\",\"@id\":\"https:\/\/www.sonoraenequipo.com.mx\/#organization\",\"name\":\"Sonoraenequipo.com.mx\",\"url\":\"https:\/\/www.sonoraenequipo.com.mx\/\",\"logo\":{\"@type\":\"ImageObject\",\"inLanguage\":\"es\",\"@id\":\"https:\/\/www.sonoraenequipo.com.mx\/#\/schema\/logo\/image\/\",\"url\":\"https:\/\/www.sonoraenequipo.com.mx\/storage\/2019\/01\/sonoraenequipo_opt.png\",\"contentUrl\":\"https:\/\/www.sonoraenequipo.com.mx\/storage\/2019\/01\/sonoraenequipo_opt.png\",\"width\":375,\"height\":125,\"caption\":\"Sonoraenequipo.com.mx\"},\"image\":{\"@id\":\"https:\/\/www.sonoraenequipo.com.mx\/#\/schema\/logo\/image\/\"},\"sameAs\":[\"https:\/\/www.facebook.com\/SonoraEE\/\",\"https:\/\/x.com\/sonoraenequipo\",\"https:\/\/www.youtube.com\/channel\/UC338nW-lPEYmJQs4ZABQ1SQ\"]},{\"@type\":\"Person\",\"@id\":\"https:\/\/www.sonoraenequipo.com.mx\/#\/schema\/person\/50102df0fb23a8fa9e8effad8fa81386\",\"name\":\"enequipo\",\"image\":{\"@type\":\"ImageObject\",\"inLanguage\":\"es\",\"@id\":\"https:\/\/www.sonoraenequipo.com.mx\/#\/schema\/person\/image\/\",\"url\":\"https:\/\/secure.gravatar.com\/avatar\/049821681b589dabc0bc20695993ccebb09f5b5d4d790cd9251b97faac7c652b?s=96&d=blank&r=g\",\"contentUrl\":\"https:\/\/secure.gravatar.com\/avatar\/049821681b589dabc0bc20695993ccebb09f5b5d4d790cd9251b97faac7c652b?s=96&d=blank&r=g\",\"caption\":\"enequipo\"},\"sameAs\":[\"https:\/\/www.facebook.com\/SonoraEE\"]}]}<\/script>\n ","yoast_head_json":{"title":"Sonora en Equipo. Es necesario dar seguimiento m\u00e9dico a secuelas tras haber padecido COVID-19: Enrique Clausen Sonora","description":"\u25baHoy se confirmaron 62 nuevos casos y 6 defunciones en Sonora &nbsp; HERMOSILLO, SONORA,MX.\u2500\u2500 A\u00fan y cuando una persona se haya recuperado del COVID-19, es En Sonora en Equipo publicamos toda la informaci\u00f3n de Sonora, M\u00e9xico y el Mundo de manera oportuna y busca que la libertad de expresi\u00f3n sea real. Visita nuestro medio informativo publicado desde Hermosillo, Sonora. %","robots":{"index":"index","follow":"follow","max-snippet":"max-snippet:-1","max-image-preview":"max-image-preview:large","max-video-preview":"max-video-preview:-1"},"canonical":"https:\/\/www.sonoraenequipo.com.mx\/es-necesario-dar-seguimiento-medico-a-secuelas-tras-haber-padecido-covid-19-enrique-clausen\/","og_locale":"es_ES","og_type":"article","og_title":"Sonora en Equipo. Es necesario dar seguimiento m\u00e9dico a secuelas tras haber padecido COVID-19: Enrique Clausen Sonora","og_description":"\u25baHoy se confirmaron 62 nuevos casos y 6 defunciones en Sonora &nbsp; HERMOSILLO, SONORA,MX.\u2500\u2500 A\u00fan y cuando una persona se haya recuperado del COVID-19, es En Sonora en Equipo publicamos toda la informaci\u00f3n de Sonora, M\u00e9xico y el Mundo de manera oportuna y busca que la libertad de expresi\u00f3n sea real. Visita nuestro medio informativo publicado desde Hermosillo, Sonora. %","og_url":"https:\/\/www.sonoraenequipo.com.mx\/es-necesario-dar-seguimiento-medico-a-secuelas-tras-haber-padecido-covid-19-enrique-clausen\/","og_site_name":"Sonora en Equipo.","article_publisher":"https:\/\/www.facebook.com\/SonoraEE\/","article_author":"https:\/\/www.facebook.com\/SonoraEE","article_published_time":"2021-02-23T04:56:33+00:00","og_image":[{"width":500,"height":300,"url":"https:\/\/www.sonoraenequipo.com.mx\/storage\/2021\/02\/e-clausen15.jpg","type":"image\/jpeg"}],"author":"enequipo","twitter_card":"summary_large_image","twitter_creator":"@sonoraenequipo","twitter_site":"@sonoraenequipo","twitter_misc":{"Escrito por":"enequipo","Tiempo de lectura":"2 minutos"},"schema":{"@context":"https:\/\/schema.org","@graph":[{"@type":"Article","@id":"https:\/\/www.sonoraenequipo.com.mx\/es-necesario-dar-seguimiento-medico-a-secuelas-tras-haber-padecido-covid-19-enrique-clausen\/#article","isPartOf":{"@id":"https:\/\/www.sonoraenequipo.com.mx\/es-necesario-dar-seguimiento-medico-a-secuelas-tras-haber-padecido-covid-19-enrique-clausen\/"},"author":{"name":"enequipo","@id":"https:\/\/www.sonoraenequipo.com.mx\/#\/schema\/person\/50102df0fb23a8fa9e8effad8fa81386"},"headline":"Es necesario dar seguimiento m\u00e9dico a secuelas tras haber padecido COVID-19: Enrique Clausen","datePublished":"2021-02-23T04:56:33+00:00","mainEntityOfPage":{"@id":"https:\/\/www.sonoraenequipo.com.mx\/es-necesario-dar-seguimiento-medico-a-secuelas-tras-haber-padecido-covid-19-enrique-clausen\/"},"wordCount":437,"commentCount":0,"publisher":{"@id":"https:\/\/www.sonoraenequipo.com.mx\/#organization"},"image":{"@id":"https:\/\/www.sonoraenequipo.com.mx\/es-necesario-dar-seguimiento-medico-a-secuelas-tras-haber-padecido-covid-19-enrique-clausen\/#primaryimage"},"thumbnailUrl":"https:\/\/www.sonoraenequipo.com.mx\/storage\/2021\/02\/e-clausen15.jpg","keywords":["covid","Sonora"],"articleSection":["Sonora"],"inLanguage":"es","potentialAction":[{"@type":"CommentAction","name":"Comment","target":["https:\/\/www.sonoraenequipo.com.mx\/es-necesario-dar-seguimiento-medico-a-secuelas-tras-haber-padecido-covid-19-enrique-clausen\/#respond"]}]},{"@type":"WebPage","@id":"https:\/\/www.sonoraenequipo.com.mx\/es-necesario-dar-seguimiento-medico-a-secuelas-tras-haber-padecido-covid-19-enrique-clausen\/","url":"https:\/\/www.sonoraenequipo.com.mx\/es-necesario-dar-seguimiento-medico-a-secuelas-tras-haber-padecido-covid-19-enrique-clausen\/","name":"Sonora en Equipo. Es necesario dar seguimiento m\u00e9dico a secuelas tras haber padecido COVID-19: Enrique Clausen Sonora","isPartOf":{"@id":"https:\/\/www.sonoraenequipo.com.mx\/#website"},"primaryImageOfPage":{"@id":"https:\/\/www.sonoraenequipo.com.mx\/es-necesario-dar-seguimiento-medico-a-secuelas-tras-haber-padecido-covid-19-enrique-clausen\/#primaryimage"},"image":{"@id":"https:\/\/www.sonoraenequipo.com.mx\/es-necesario-dar-seguimiento-medico-a-secuelas-tras-haber-padecido-covid-19-enrique-clausen\/#primaryimage"},"thumbnailUrl":"https:\/\/www.sonoraenequipo.com.mx\/storage\/2021\/02\/e-clausen15.jpg","datePublished":"2021-02-23T04:56:33+00:00","description":"\u25baHoy se confirmaron 62 nuevos casos y 6 defunciones en Sonora &nbsp; HERMOSILLO, SONORA,MX.\u2500\u2500 A\u00fan y cuando una persona se haya recuperado del COVID-19, es En Sonora en Equipo publicamos toda la informaci\u00f3n de Sonora, M\u00e9xico y el Mundo de manera oportuna y busca que la libertad de expresi\u00f3n sea real. Visita nuestro medio informativo publicado desde Hermosillo, Sonora. %","breadcrumb":{"@id":"https:\/\/www.sonoraenequipo.com.mx\/es-necesario-dar-seguimiento-medico-a-secuelas-tras-haber-padecido-covid-19-enrique-clausen\/#breadcrumb"},"inLanguage":"es","potentialAction":[{"@type":"ReadAction","target":["https:\/\/www.sonoraenequipo.com.mx\/es-necesario-dar-seguimiento-medico-a-secuelas-tras-haber-padecido-covid-19-enrique-clausen\/"]}]},{"@type":"ImageObject","inLanguage":"es","@id":"https:\/\/www.sonoraenequipo.com.mx\/es-necesario-dar-seguimiento-medico-a-secuelas-tras-haber-padecido-covid-19-enrique-clausen\/#primaryimage","url":"https:\/\/www.sonoraenequipo.com.mx\/storage\/2021\/02\/e-clausen15.jpg","contentUrl":"https:\/\/www.sonoraenequipo.com.mx\/storage\/2021\/02\/e-clausen15.jpg","width":500,"height":300},{"@type":"BreadcrumbList","@id":"https:\/\/www.sonoraenequipo.com.mx\/es-necesario-dar-seguimiento-medico-a-secuelas-tras-haber-padecido-covid-19-enrique-clausen\/#breadcrumb","itemListElement":[{"@type":"ListItem","position":1,"name":"Portada","item":"https:\/\/www.sonoraenequipo.com.mx\/"},{"@type":"ListItem","position":2,"name":"Es necesario dar seguimiento m\u00e9dico a secuelas tras haber padecido COVID-19: Enrique Clausen"}]},{"@type":"WebSite","@id":"https:\/\/www.sonoraenequipo.com.mx\/#website","url":"https:\/\/www.sonoraenequipo.com.mx\/","name":"Sonora en Equipo.","description":"Diario en l\u00ednea con Noticias desde Hermosillo, Sonora","publisher":{"@id":"https:\/\/www.sonoraenequipo.com.mx\/#organization"},"potentialAction":[{"@type":"SearchAction","target":{"@type":"EntryPoint","urlTemplate":"https:\/\/www.sonoraenequipo.com.mx\/?s={search_term_string}"},"query-input":{"@type":"PropertyValueSpecification","valueRequired":true,"valueName":"search_term_string"}}],"inLanguage":"es"},{"@type":"Organization","@id":"https:\/\/www.sonoraenequipo.com.mx\/#organization","name":"Sonoraenequipo.com.mx","url":"https:\/\/www.sonoraenequipo.com.mx\/","logo":{"@type":"ImageObject","inLanguage":"es","@id":"https:\/\/www.sonoraenequipo.com.mx\/#\/schema\/logo\/image\/","url":"https:\/\/www.sonoraenequipo.com.mx\/storage\/2019\/01\/sonoraenequipo_opt.png","contentUrl":"https:\/\/www.sonoraenequipo.com.mx\/storage\/2019\/01\/sonoraenequipo_opt.png","width":375,"height":125,"caption":"Sonoraenequipo.com.mx"},"image":{"@id":"https:\/\/www.sonoraenequipo.com.mx\/#\/schema\/logo\/image\/"},"sameAs":["https:\/\/www.facebook.com\/SonoraEE\/","https:\/\/x.com\/sonoraenequipo","https:\/\/www.youtube.com\/channel\/UC338nW-lPEYmJQs4ZABQ1SQ"]},{"@type":"Person","@id":"https:\/\/www.sonoraenequipo.com.mx\/#\/schema\/person\/50102df0fb23a8fa9e8effad8fa81386","name":"enequipo","image":{"@type":"ImageObject","inLanguage":"es","@id":"https:\/\/www.sonoraenequipo.com.mx\/#\/schema\/person\/image\/","url":"https:\/\/secure.gravatar.com\/avatar\/049821681b589dabc0bc20695993ccebb09f5b5d4d790cd9251b97faac7c652b?s=96&d=blank&r=g","contentUrl":"https:\/\/secure.gravatar.com\/avatar\/049821681b589dabc0bc20695993ccebb09f5b5d4d790cd9251b97faac7c652b?s=96&d=blank&r=g","caption":"enequipo"},"sameAs":["https:\/\/www.facebook.com\/SonoraEE"]}]}},"jetpack_featured_media_url":"https:\/\/www.sonoraenequipo.com.mx\/storage\/2021\/02\/e-clausen15.jpg","_links":{"self":[{"href":"https:\/\/www.sonoraenequipo.com.mx\/api\/wp\/v2\/posts\/107510","targetHints":{"allow":["GET"]}}],"collection":[{"href":"https:\/\/www.sonoraenequipo.com.mx\/api\/wp\/v2\/posts"}],"about":[{"href":"https:\/\/www.sonoraenequipo.com.mx\/api\/wp\/v2\/types\/post"}],"author":[{"embeddable":true,"href":"https:\/\/www.sonoraenequipo.com.mx\/api\/wp\/v2\/users\/1"}],"replies":[{"embeddable":true,"href":"https:\/\/www.sonoraenequipo.com.mx\/api\/wp\/v2\/comments?post=107510"}],"version-history":[{"count":1,"href":"https:\/\/www.sonoraenequipo.com.mx\/api\/wp\/v2\/posts\/107510\/revisions"}],"predecessor-version":[{"id":107512,"href":"https:\/\/www.sonoraenequipo.com.mx\/api\/wp\/v2\/posts\/107510\/revisions\/107512"}],"wp:featuredmedia":[{"embeddable":true,"href":"https:\/\/www.sonoraenequipo.com.mx\/api\/wp\/v2\/media\/107467"}],"wp:attachment":[{"href":"https:\/\/www.sonoraenequipo.com.mx\/api\/wp\/v2\/media?parent=107510"}],"wp:term":[{"taxonomy":"category","embeddable":true,"href":"https:\/\/www.sonoraenequipo.com.mx\/api\/wp\/v2\/categories?post=107510"},{"taxonomy":"post_tag","embeddable":true,"href":"https:\/\/www.sonoraenequipo.com.mx\/api\/wp\/v2\/tags?post=107510"}],"curies":[{"name":"wp","href":"https:\/\/api.w.org\/{rel}","templated":true}]}}