{"id":107513,"date":"2021-02-22T22:06:11","date_gmt":"2021-02-23T05:06:11","guid":{"rendered":"https:\/\/www.sonoraenequipo.com.mx\/?p=107513"},"modified":"2021-02-22T22:06:11","modified_gmt":"2021-02-23T05:06:11","slug":"necesario-defender-a-los-sonorenses-de-cobro-excesivo-de-luz-ernesto-gandara","status":"publish","type":"post","link":"https:\/\/www.sonoraenequipo.com.mx\/necesario-defender-a-los-sonorenses-de-cobro-excesivo-de-luz-ernesto-gandara\/","title":{"rendered":"Necesario defender a los sonorenses de cobro excesivo de luz: Ernesto G\u00e1ndara"},"content":{"rendered":"<p>HERMOSILLO, SONORA,MX.\u2500\u2500 Reducir el pago de luz que hacen los sonorenses fue una de las propuestas que Ernesto \u201cEl Borrego\u201d G\u00e1ndara impuls\u00f3 como Senador y que es una gesti\u00f3n prioritaria que se debe promover, toda vez que las condiciones clim\u00e1ticas de Sonora afectan el bolsillo de los ciudadanos y generan graves problemas en la econom\u00eda familiar.<\/p>\n<p>&nbsp;<\/p>\n<p>Desde que fue Alcalde de Hermosillo, luego en su paso por el Senado de la Rep\u00fablica, \u201cEl Borrego\u201d G\u00e1ndara, ha atendido esta petici\u00f3n de los sonorenses y ha realizado gestiones, logrado apoyos, pero no son insuficientes y m\u00e1s cuando los cobros de la luz han aumentado en los \u00faltimos a\u00f1os.<\/p>\n<p>&nbsp;<\/p>\n<p>El Candidato a Gobernador por la Alianza \u00abVa Por Sonora\u00bb reconoci\u00f3 que desde hace cinco a\u00f1os adem\u00e1s de contar con tarifa IF durante el verano, los sonorenses tambi\u00e9n reciben un subsidio especial que anualmente gestiona el Gobierno del Estado lo cual ayuda a todas las familias de Sonora.<\/p>\n<p>&nbsp;<\/p>\n<p>Sin embargo consider\u00f3 que es insuficiente y debe establecerse un trato preferencial para los sonorenses dadas las condiciones clim\u00e1ticas, porque no solamente se trata de otorgar subsidios sino generar condiciones de igualdad, tambi\u00e9n es necesario garantizar que el costo de la energ\u00eda el\u00e9ctrica no se convierta en una crisis para las finanzas de las familias.<\/p>\n<p>&nbsp;<\/p>\n<p>Una de las opciones para obtener energ\u00edas m\u00e1s baratas es promover el aprovechamiento de los recursos naturales, como en el caso de Sonora que ser\u00eda la energ\u00eda solar, esto no solamente nos dar\u00eda un abasto de luz limpia sino tendr\u00eda un impacto inmediato en el gasto de las familias.<\/p>\n<p>&nbsp;<\/p>\n<p>\u201cEl Borrego\u201d G\u00e1ndara record\u00f3 que la aprobaci\u00f3n de la Reforma Energ\u00e9tica facilitaba la transici\u00f3n al uso de esos recursos naturales limpios y abundantes, por lo cual a la par que se cuidaba el medio ambiente, tambi\u00e9n se garantizaba a los sonorenses electricidad barata y con suministro constante.<\/p>\n<p>&nbsp;<\/p>\n<p>G\u00e1ndara Camou record\u00f3 que el pago excesivo del recibo de la luz ya no se limita a la temporada de intenso calor en Sonora, ahora tambi\u00e9n se extendi\u00f3 al fr\u00edo y hay regiones donde es necesario utilizar calentones que funcionan con electricidad para mitigar el intenso fr\u00edo de la temporada invernal, de ah\u00ed que las familias nunca descansan y siempre est\u00e1n entre la espada y la pared con un cobro muy alto por la luz que consumen.<\/p>\n<p>&nbsp;<\/p>\n<p>No se trata de lograr privilegios, sino generar condiciones de igualdad para equilibrar el gasto de los sonorenses y establecer las f\u00f3rmulas para una econom\u00eda familiar donde pagar el recibo de la luz no sea una decisi\u00f3n que trastoque el gasto de los ciudadanos.<\/p>\n<p>Fecha de publicaci\u00f3n\u00a0 Lunes 22\/feb\/2021<\/p>\n<p>&nbsp;<\/p>\n<p>&nbsp;<\/p>\n","protected":false},"excerpt":{"rendered":"<p>HERMOSILLO, SONORA,MX.\u2500\u2500 Reducir el pago de luz que hacen los sonorenses fue una de las&#8230;<\/p>\n","protected":false},"author":1,"featured_media":107514,"comment_status":"open","ping_status":"open","sticky":false,"template":"","format":"standard","meta":{"_monsterinsights_skip_tracking":false,"_monsterinsights_sitenote_active":false,"_monsterinsights_sitenote_note":"","_monsterinsights_sitenote_category":0,"footnotes":""},"categories":[22],"tags":[674,4660,5469],"class_list":["post"],"yoast_head":" \n<title>Sonora en Equipo. Necesario defender a los sonorenses de cobro excesivo de luz: Ernesto G\u00e1ndara Sonora<\/title>\n<meta name=\"description\" content=\"HERMOSILLO, SONORA,MX.\u2500\u2500 Reducir el pago de luz que hacen los sonorenses fue una de las propuestas que Ernesto \u201cEl Borrego\u201d G\u00e1ndara impuls\u00f3 como Senador y En Sonora en Equipo publicamos toda la informaci\u00f3n de Sonora, M\u00e9xico y el Mundo de manera oportuna y busca que la libertad de expresi\u00f3n sea real. Visita nuestro medio informativo publicado desde Hermosillo, Sonora. %\" \/>\n<meta name=\"robots\" content=\"index, follow, max-snippet:-1, max-image-preview:large, max-video-preview:-1\" \/>\n<link rel=\"canonical\" href=\"https:\/\/www.sonoraenequipo.com.mx\/necesario-defender-a-los-sonorenses-de-cobro-excesivo-de-luz-ernesto-gandara\/\" \/>\n<meta property=\"og:locale\" content=\"es_ES\" \/>\n<meta property=\"og:type\" content=\"article\" \/>\n<meta property=\"og:title\" content=\"Sonora en Equipo. Necesario defender a los sonorenses de cobro excesivo de luz: Ernesto G\u00e1ndara Sonora\" \/>\n<meta property=\"og:description\" content=\"HERMOSILLO, SONORA,MX.\u2500\u2500 Reducir el pago de luz que hacen los sonorenses fue una de las propuestas que Ernesto \u201cEl Borrego\u201d G\u00e1ndara impuls\u00f3 como Senador y En Sonora en Equipo publicamos toda la informaci\u00f3n de Sonora, M\u00e9xico y el Mundo de manera oportuna y busca que la libertad de expresi\u00f3n sea real. Visita nuestro medio informativo publicado desde Hermosillo, Sonora. %\" \/>\n<meta property=\"og:url\" content=\"https:\/\/www.sonoraenequipo.com.mx\/necesario-defender-a-los-sonorenses-de-cobro-excesivo-de-luz-ernesto-gandara\/\" \/>\n<meta property=\"og:site_name\" content=\"Sonora en Equipo.\" \/>\n<meta property=\"article:publisher\" content=\"https:\/\/www.facebook.com\/SonoraEE\/\" \/>\n<meta property=\"article:author\" content=\"https:\/\/www.facebook.com\/SonoraEE\" \/>\n<meta property=\"article:published_time\" content=\"2021-02-23T05:06:11+00:00\" \/>\n<meta property=\"og:image\" content=\"https:\/\/www.sonoraenequipo.com.mx\/storage\/2021\/02\/egc5.jpg\" \/>\n\t<meta property=\"og:image:width\" content=\"500\" \/>\n\t<meta property=\"og:image:height\" content=\"333\" \/>\n\t<meta property=\"og:image:type\" content=\"image\/jpeg\" \/>\n<meta name=\"author\" content=\"enequipo\" \/>\n<meta name=\"twitter:card\" content=\"summary_large_image\" \/>\n<meta name=\"twitter:creator\" content=\"@sonoraenequipo\" \/>\n<meta name=\"twitter:site\" content=\"@sonoraenequipo\" \/>\n<meta name=\"twitter:label1\" content=\"Escrito por\" \/>\n\t<meta name=\"twitter:data1\" content=\"enequipo\" \/>\n\t<meta name=\"twitter:label2\" content=\"Tiempo de lectura\" \/>\n\t<meta name=\"twitter:data2\" content=\"2 minutos\" \/>\n<script type=\"application\/ld+json\" class=\"yoast-schema-graph\">{\"@context\":\"https:\/\/schema.org\",\"@graph\":[{\"@type\":\"Article\",\"@id\":\"https:\/\/www.sonoraenequipo.com.mx\/necesario-defender-a-los-sonorenses-de-cobro-excesivo-de-luz-ernesto-gandara\/#article\",\"isPartOf\":{\"@id\":\"https:\/\/www.sonoraenequipo.com.mx\/necesario-defender-a-los-sonorenses-de-cobro-excesivo-de-luz-ernesto-gandara\/\"},\"author\":{\"name\":\"enequipo\",\"@id\":\"https:\/\/www.sonoraenequipo.com.mx\/#\/schema\/person\/50102df0fb23a8fa9e8effad8fa81386\"},\"headline\":\"Necesario defender a los sonorenses de cobro excesivo de luz: Ernesto G\u00e1ndara\",\"datePublished\":\"2021-02-23T05:06:11+00:00\",\"mainEntityOfPage\":{\"@id\":\"https:\/\/www.sonoraenequipo.com.mx\/necesario-defender-a-los-sonorenses-de-cobro-excesivo-de-luz-ernesto-gandara\/\"},\"wordCount\":490,\"commentCount\":0,\"publisher\":{\"@id\":\"https:\/\/www.sonoraenequipo.com.mx\/#organization\"},\"image\":{\"@id\":\"https:\/\/www.sonoraenequipo.com.mx\/necesario-defender-a-los-sonorenses-de-cobro-excesivo-de-luz-ernesto-gandara\/#primaryimage\"},\"thumbnailUrl\":\"https:\/\/www.sonoraenequipo.com.mx\/storage\/2021\/02\/egc5.jpg\",\"keywords\":[\"CFE\",\"Ernesto G\u00e1ndara\",\"tarifas\"],\"articleSection\":[\"Sonora\"],\"inLanguage\":\"es\",\"potentialAction\":[{\"@type\":\"CommentAction\",\"name\":\"Comment\",\"target\":[\"https:\/\/www.sonoraenequipo.com.mx\/necesario-defender-a-los-sonorenses-de-cobro-excesivo-de-luz-ernesto-gandara\/#respond\"]}]},{\"@type\":\"WebPage\",\"@id\":\"https:\/\/www.sonoraenequipo.com.mx\/necesario-defender-a-los-sonorenses-de-cobro-excesivo-de-luz-ernesto-gandara\/\",\"url\":\"https:\/\/www.sonoraenequipo.com.mx\/necesario-defender-a-los-sonorenses-de-cobro-excesivo-de-luz-ernesto-gandara\/\",\"name\":\"Sonora en Equipo. Necesario defender a los sonorenses de cobro excesivo de luz: Ernesto G\u00e1ndara Sonora\",\"isPartOf\":{\"@id\":\"https:\/\/www.sonoraenequipo.com.mx\/#website\"},\"primaryImageOfPage\":{\"@id\":\"https:\/\/www.sonoraenequipo.com.mx\/necesario-defender-a-los-sonorenses-de-cobro-excesivo-de-luz-ernesto-gandara\/#primaryimage\"},\"image\":{\"@id\":\"https:\/\/www.sonoraenequipo.com.mx\/necesario-defender-a-los-sonorenses-de-cobro-excesivo-de-luz-ernesto-gandara\/#primaryimage\"},\"thumbnailUrl\":\"https:\/\/www.sonoraenequipo.com.mx\/storage\/2021\/02\/egc5.jpg\",\"datePublished\":\"2021-02-23T05:06:11+00:00\",\"description\":\"HERMOSILLO, SONORA,MX.\u2500\u2500 Reducir el pago de luz que hacen los sonorenses fue una de las propuestas que Ernesto \u201cEl Borrego\u201d G\u00e1ndara impuls\u00f3 como Senador y En Sonora en Equipo publicamos toda la informaci\u00f3n de Sonora, M\u00e9xico y el Mundo de manera oportuna y busca que la libertad de expresi\u00f3n sea real. Visita nuestro medio informativo publicado desde Hermosillo, Sonora. %\",\"breadcrumb\":{\"@id\":\"https:\/\/www.sonoraenequipo.com.mx\/necesario-defender-a-los-sonorenses-de-cobro-excesivo-de-luz-ernesto-gandara\/#breadcrumb\"},\"inLanguage\":\"es\",\"potentialAction\":[{\"@type\":\"ReadAction\",\"target\":[\"https:\/\/www.sonoraenequipo.com.mx\/necesario-defender-a-los-sonorenses-de-cobro-excesivo-de-luz-ernesto-gandara\/\"]}]},{\"@type\":\"ImageObject\",\"inLanguage\":\"es\",\"@id\":\"https:\/\/www.sonoraenequipo.com.mx\/necesario-defender-a-los-sonorenses-de-cobro-excesivo-de-luz-ernesto-gandara\/#primaryimage\",\"url\":\"https:\/\/www.sonoraenequipo.com.mx\/storage\/2021\/02\/egc5.jpg\",\"contentUrl\":\"https:\/\/www.sonoraenequipo.com.mx\/storage\/2021\/02\/egc5.jpg\",\"width\":500,\"height\":333},{\"@type\":\"BreadcrumbList\",\"@id\":\"https:\/\/www.sonoraenequipo.com.mx\/necesario-defender-a-los-sonorenses-de-cobro-excesivo-de-luz-ernesto-gandara\/#breadcrumb\",\"itemListElement\":[{\"@type\":\"ListItem\",\"position\":1,\"name\":\"Portada\",\"item\":\"https:\/\/www.sonoraenequipo.com.mx\/\"},{\"@type\":\"ListItem\",\"position\":2,\"name\":\"Necesario defender a los sonorenses de cobro excesivo de luz: Ernesto G\u00e1ndara\"}]},{\"@type\":\"WebSite\",\"@id\":\"https:\/\/www.sonoraenequipo.com.mx\/#website\",\"url\":\"https:\/\/www.sonoraenequipo.com.mx\/\",\"name\":\"Sonora en Equipo.\",\"description\":\"Diario en l\u00ednea con Noticias desde Hermosillo, Sonora\",\"publisher\":{\"@id\":\"https:\/\/www.sonoraenequipo.com.mx\/#organization\"},\"potentialAction\":[{\"@type\":\"SearchAction\",\"target\":{\"@type\":\"EntryPoint\",\"urlTemplate\":\"https:\/\/www.sonoraenequipo.com.mx\/?s={search_term_string}\"},\"query-input\":{\"@type\":\"PropertyValueSpecification\",\"valueRequired\":true,\"valueName\":\"search_term_string\"}}],\"inLanguage\":\"es\"},{\"@type\":\"Organization\",\"@id\":\"https:\/\/www.sonoraenequipo.com.mx\/#organization\",\"name\":\"Sonoraenequipo.com.mx\",\"url\":\"https:\/\/www.sonoraenequipo.com.mx\/\",\"logo\":{\"@type\":\"ImageObject\",\"inLanguage\":\"es\",\"@id\":\"https:\/\/www.sonoraenequipo.com.mx\/#\/schema\/logo\/image\/\",\"url\":\"https:\/\/www.sonoraenequipo.com.mx\/storage\/2019\/01\/sonoraenequipo_opt.png\",\"contentUrl\":\"https:\/\/www.sonoraenequipo.com.mx\/storage\/2019\/01\/sonoraenequipo_opt.png\",\"width\":375,\"height\":125,\"caption\":\"Sonoraenequipo.com.mx\"},\"image\":{\"@id\":\"https:\/\/www.sonoraenequipo.com.mx\/#\/schema\/logo\/image\/\"},\"sameAs\":[\"https:\/\/www.facebook.com\/SonoraEE\/\",\"https:\/\/x.com\/sonoraenequipo\",\"https:\/\/www.youtube.com\/channel\/UC338nW-lPEYmJQs4ZABQ1SQ\"]},{\"@type\":\"Person\",\"@id\":\"https:\/\/www.sonoraenequipo.com.mx\/#\/schema\/person\/50102df0fb23a8fa9e8effad8fa81386\",\"name\":\"enequipo\",\"image\":{\"@type\":\"ImageObject\",\"inLanguage\":\"es\",\"@id\":\"https:\/\/www.sonoraenequipo.com.mx\/#\/schema\/person\/image\/\",\"url\":\"https:\/\/secure.gravatar.com\/avatar\/049821681b589dabc0bc20695993ccebb09f5b5d4d790cd9251b97faac7c652b?s=96&d=blank&r=g\",\"contentUrl\":\"https:\/\/secure.gravatar.com\/avatar\/049821681b589dabc0bc20695993ccebb09f5b5d4d790cd9251b97faac7c652b?s=96&d=blank&r=g\",\"caption\":\"enequipo\"},\"sameAs\":[\"https:\/\/www.facebook.com\/SonoraEE\"]}]}<\/script>\n ","yoast_head_json":{"title":"Sonora en Equipo. Necesario defender a los sonorenses de cobro excesivo de luz: Ernesto G\u00e1ndara Sonora","description":"HERMOSILLO, SONORA,MX.\u2500\u2500 Reducir el pago de luz que hacen los sonorenses fue una de las propuestas que Ernesto \u201cEl Borrego\u201d G\u00e1ndara impuls\u00f3 como Senador y En Sonora en Equipo publicamos toda la informaci\u00f3n de Sonora, M\u00e9xico y el Mundo de manera oportuna y busca que la libertad de expresi\u00f3n sea real. Visita nuestro medio informativo publicado desde Hermosillo, Sonora. %","robots":{"index":"index","follow":"follow","max-snippet":"max-snippet:-1","max-image-preview":"max-image-preview:large","max-video-preview":"max-video-preview:-1"},"canonical":"https:\/\/www.sonoraenequipo.com.mx\/necesario-defender-a-los-sonorenses-de-cobro-excesivo-de-luz-ernesto-gandara\/","og_locale":"es_ES","og_type":"article","og_title":"Sonora en Equipo. Necesario defender a los sonorenses de cobro excesivo de luz: Ernesto G\u00e1ndara Sonora","og_description":"HERMOSILLO, SONORA,MX.\u2500\u2500 Reducir el pago de luz que hacen los sonorenses fue una de las propuestas que Ernesto \u201cEl Borrego\u201d G\u00e1ndara impuls\u00f3 como Senador y En Sonora en Equipo publicamos toda la informaci\u00f3n de Sonora, M\u00e9xico y el Mundo de manera oportuna y busca que la libertad de expresi\u00f3n sea real. Visita nuestro medio informativo publicado desde Hermosillo, Sonora. %","og_url":"https:\/\/www.sonoraenequipo.com.mx\/necesario-defender-a-los-sonorenses-de-cobro-excesivo-de-luz-ernesto-gandara\/","og_site_name":"Sonora en Equipo.","article_publisher":"https:\/\/www.facebook.com\/SonoraEE\/","article_author":"https:\/\/www.facebook.com\/SonoraEE","article_published_time":"2021-02-23T05:06:11+00:00","og_image":[{"width":500,"height":333,"url":"https:\/\/www.sonoraenequipo.com.mx\/storage\/2021\/02\/egc5.jpg","type":"image\/jpeg"}],"author":"enequipo","twitter_card":"summary_large_image","twitter_creator":"@sonoraenequipo","twitter_site":"@sonoraenequipo","twitter_misc":{"Escrito por":"enequipo","Tiempo de lectura":"2 minutos"},"schema":{"@context":"https:\/\/schema.org","@graph":[{"@type":"Article","@id":"https:\/\/www.sonoraenequipo.com.mx\/necesario-defender-a-los-sonorenses-de-cobro-excesivo-de-luz-ernesto-gandara\/#article","isPartOf":{"@id":"https:\/\/www.sonoraenequipo.com.mx\/necesario-defender-a-los-sonorenses-de-cobro-excesivo-de-luz-ernesto-gandara\/"},"author":{"name":"enequipo","@id":"https:\/\/www.sonoraenequipo.com.mx\/#\/schema\/person\/50102df0fb23a8fa9e8effad8fa81386"},"headline":"Necesario defender a los sonorenses de cobro excesivo de luz: Ernesto G\u00e1ndara","datePublished":"2021-02-23T05:06:11+00:00","mainEntityOfPage":{"@id":"https:\/\/www.sonoraenequipo.com.mx\/necesario-defender-a-los-sonorenses-de-cobro-excesivo-de-luz-ernesto-gandara\/"},"wordCount":490,"commentCount":0,"publisher":{"@id":"https:\/\/www.sonoraenequipo.com.mx\/#organization"},"image":{"@id":"https:\/\/www.sonoraenequipo.com.mx\/necesario-defender-a-los-sonorenses-de-cobro-excesivo-de-luz-ernesto-gandara\/#primaryimage"},"thumbnailUrl":"https:\/\/www.sonoraenequipo.com.mx\/storage\/2021\/02\/egc5.jpg","keywords":["CFE","Ernesto G\u00e1ndara","tarifas"],"articleSection":["Sonora"],"inLanguage":"es","potentialAction":[{"@type":"CommentAction","name":"Comment","target":["https:\/\/www.sonoraenequipo.com.mx\/necesario-defender-a-los-sonorenses-de-cobro-excesivo-de-luz-ernesto-gandara\/#respond"]}]},{"@type":"WebPage","@id":"https:\/\/www.sonoraenequipo.com.mx\/necesario-defender-a-los-sonorenses-de-cobro-excesivo-de-luz-ernesto-gandara\/","url":"https:\/\/www.sonoraenequipo.com.mx\/necesario-defender-a-los-sonorenses-de-cobro-excesivo-de-luz-ernesto-gandara\/","name":"Sonora en Equipo. Necesario defender a los sonorenses de cobro excesivo de luz: Ernesto G\u00e1ndara Sonora","isPartOf":{"@id":"https:\/\/www.sonoraenequipo.com.mx\/#website"},"primaryImageOfPage":{"@id":"https:\/\/www.sonoraenequipo.com.mx\/necesario-defender-a-los-sonorenses-de-cobro-excesivo-de-luz-ernesto-gandara\/#primaryimage"},"image":{"@id":"https:\/\/www.sonoraenequipo.com.mx\/necesario-defender-a-los-sonorenses-de-cobro-excesivo-de-luz-ernesto-gandara\/#primaryimage"},"thumbnailUrl":"https:\/\/www.sonoraenequipo.com.mx\/storage\/2021\/02\/egc5.jpg","datePublished":"2021-02-23T05:06:11+00:00","description":"HERMOSILLO, SONORA,MX.\u2500\u2500 Reducir el pago de luz que hacen los sonorenses fue una de las propuestas que Ernesto \u201cEl Borrego\u201d G\u00e1ndara impuls\u00f3 como Senador y En Sonora en Equipo publicamos toda la informaci\u00f3n de Sonora, M\u00e9xico y el Mundo de manera oportuna y busca que la libertad de expresi\u00f3n sea real. Visita nuestro medio informativo publicado desde Hermosillo, Sonora. %","breadcrumb":{"@id":"https:\/\/www.sonoraenequipo.com.mx\/necesario-defender-a-los-sonorenses-de-cobro-excesivo-de-luz-ernesto-gandara\/#breadcrumb"},"inLanguage":"es","potentialAction":[{"@type":"ReadAction","target":["https:\/\/www.sonoraenequipo.com.mx\/necesario-defender-a-los-sonorenses-de-cobro-excesivo-de-luz-ernesto-gandara\/"]}]},{"@type":"ImageObject","inLanguage":"es","@id":"https:\/\/www.sonoraenequipo.com.mx\/necesario-defender-a-los-sonorenses-de-cobro-excesivo-de-luz-ernesto-gandara\/#primaryimage","url":"https:\/\/www.sonoraenequipo.com.mx\/storage\/2021\/02\/egc5.jpg","contentUrl":"https:\/\/www.sonoraenequipo.com.mx\/storage\/2021\/02\/egc5.jpg","width":500,"height":333},{"@type":"BreadcrumbList","@id":"https:\/\/www.sonoraenequipo.com.mx\/necesario-defender-a-los-sonorenses-de-cobro-excesivo-de-luz-ernesto-gandara\/#breadcrumb","itemListElement":[{"@type":"ListItem","position":1,"name":"Portada","item":"https:\/\/www.sonoraenequipo.com.mx\/"},{"@type":"ListItem","position":2,"name":"Necesario defender a los sonorenses de cobro excesivo de luz: Ernesto G\u00e1ndara"}]},{"@type":"WebSite","@id":"https:\/\/www.sonoraenequipo.com.mx\/#website","url":"https:\/\/www.sonoraenequipo.com.mx\/","name":"Sonora en Equipo.","description":"Diario en l\u00ednea con Noticias desde Hermosillo, Sonora","publisher":{"@id":"https:\/\/www.sonoraenequipo.com.mx\/#organization"},"potentialAction":[{"@type":"SearchAction","target":{"@type":"EntryPoint","urlTemplate":"https:\/\/www.sonoraenequipo.com.mx\/?s={search_term_string}"},"query-input":{"@type":"PropertyValueSpecification","valueRequired":true,"valueName":"search_term_string"}}],"inLanguage":"es"},{"@type":"Organization","@id":"https:\/\/www.sonoraenequipo.com.mx\/#organization","name":"Sonoraenequipo.com.mx","url":"https:\/\/www.sonoraenequipo.com.mx\/","logo":{"@type":"ImageObject","inLanguage":"es","@id":"https:\/\/www.sonoraenequipo.com.mx\/#\/schema\/logo\/image\/","url":"https:\/\/www.sonoraenequipo.com.mx\/storage\/2019\/01\/sonoraenequipo_opt.png","contentUrl":"https:\/\/www.sonoraenequipo.com.mx\/storage\/2019\/01\/sonoraenequipo_opt.png","width":375,"height":125,"caption":"Sonoraenequipo.com.mx"},"image":{"@id":"https:\/\/www.sonoraenequipo.com.mx\/#\/schema\/logo\/image\/"},"sameAs":["https:\/\/www.facebook.com\/SonoraEE\/","https:\/\/x.com\/sonoraenequipo","https:\/\/www.youtube.com\/channel\/UC338nW-lPEYmJQs4ZABQ1SQ"]},{"@type":"Person","@id":"https:\/\/www.sonoraenequipo.com.mx\/#\/schema\/person\/50102df0fb23a8fa9e8effad8fa81386","name":"enequipo","image":{"@type":"ImageObject","inLanguage":"es","@id":"https:\/\/www.sonoraenequipo.com.mx\/#\/schema\/person\/image\/","url":"https:\/\/secure.gravatar.com\/avatar\/049821681b589dabc0bc20695993ccebb09f5b5d4d790cd9251b97faac7c652b?s=96&d=blank&r=g","contentUrl":"https:\/\/secure.gravatar.com\/avatar\/049821681b589dabc0bc20695993ccebb09f5b5d4d790cd9251b97faac7c652b?s=96&d=blank&r=g","caption":"enequipo"},"sameAs":["https:\/\/www.facebook.com\/SonoraEE"]}]}},"jetpack_featured_media_url":"https:\/\/www.sonoraenequipo.com.mx\/storage\/2021\/02\/egc5.jpg","_links":{"self":[{"href":"https:\/\/www.sonoraenequipo.com.mx\/api\/wp\/v2\/posts\/107513","targetHints":{"allow":["GET"]}}],"collection":[{"href":"https:\/\/www.sonoraenequipo.com.mx\/api\/wp\/v2\/posts"}],"about":[{"href":"https:\/\/www.sonoraenequipo.com.mx\/api\/wp\/v2\/types\/post"}],"author":[{"embeddable":true,"href":"https:\/\/www.sonoraenequipo.com.mx\/api\/wp\/v2\/users\/1"}],"replies":[{"embeddable":true,"href":"https:\/\/www.sonoraenequipo.com.mx\/api\/wp\/v2\/comments?post=107513"}],"version-history":[{"count":1,"href":"https:\/\/www.sonoraenequipo.com.mx\/api\/wp\/v2\/posts\/107513\/revisions"}],"predecessor-version":[{"id":107515,"href":"https:\/\/www.sonoraenequipo.com.mx\/api\/wp\/v2\/posts\/107513\/revisions\/107515"}],"wp:featuredmedia":[{"embeddable":true,"href":"https:\/\/www.sonoraenequipo.com.mx\/api\/wp\/v2\/media\/107514"}],"wp:attachment":[{"href":"https:\/\/www.sonoraenequipo.com.mx\/api\/wp\/v2\/media?parent=107513"}],"wp:term":[{"taxonomy":"category","embeddable":true,"href":"https:\/\/www.sonoraenequipo.com.mx\/api\/wp\/v2\/categories?post=107513"},{"taxonomy":"post_tag","embeddable":true,"href":"https:\/\/www.sonoraenequipo.com.mx\/api\/wp\/v2\/tags?post=107513"}],"curies":[{"name":"wp","href":"https:\/\/api.w.org\/{rel}","templated":true}]}}