{"id":107518,"date":"2021-02-22T22:46:53","date_gmt":"2021-02-23T05:46:53","guid":{"rendered":"https:\/\/www.sonoraenequipo.com.mx\/?p=107518"},"modified":"2021-02-22T22:46:53","modified_gmt":"2021-02-23T05:46:53","slug":"presenta-isaf-a-congreso-resultados-de-encuesta-sobre-percepcion-e-incidencia-de-actos-de-corrupcion-2020","status":"publish","type":"post","link":"https:\/\/www.sonoraenequipo.com.mx\/presenta-isaf-a-congreso-resultados-de-encuesta-sobre-percepcion-e-incidencia-de-actos-de-corrupcion-2020\/","title":{"rendered":"Presenta ISAF a Congreso resultados de encuesta sobre percepci\u00f3n e incidencia de actos de corrupci\u00f3n 2020"},"content":{"rendered":"<p>Presenta ISAF a Congreso resultados de encuesta sobre percepci\u00f3n e incidencia de actos de corrupci\u00f3n 2020<\/p>\n<p>&nbsp;<\/p>\n<p>\u25baEl diputado Ferm\u00edn Trujillo Fuentes, presidente de la Comisi\u00f3n de Fiscalizaci\u00f3n, atestigu\u00f3 el evento virtual.<\/p>\n<p>&nbsp;<\/p>\n<p>HERMOSILLO, SONORA,MX.\u2500\u2500 La presentaci\u00f3n de resultados de la encuesta sobre la calidad de los servicios municipales y la percepci\u00f3n e incidencias de actos de corrupci\u00f3n en Sonora 2020, que dio a conocer el Instituto Superior de Auditor\u00eda y Fiscalizaci\u00f3n, atestigu\u00f3 el diputado Ferm\u00edn Trujillo Fuentes, presidente de la Comisi\u00f3n de Fiscalizaci\u00f3n en la LXII Legislatura.<\/p>\n<p>&nbsp;<\/p>\n<p>En la reuni\u00f3n virtual, Jes\u00fas Ram\u00f3n Moya Grijalva, Auditor Mayor del ISAF, se\u00f1al\u00f3 que dicha encuesta se realiz\u00f3 v\u00eda telef\u00f3nica bajo las indicaciones del sector salud derivado de la pandemia y cont\u00f3 con la colaboraci\u00f3n del Instituto Nacional de Estad\u00edstica, Geograf\u00eda e Inform\u00e1tica (INEGI) y el Colegio de Sonora.<\/p>\n<p>&nbsp;<\/p>\n<p>Moya Grijalva destac\u00f3 que a trav\u00e9s de este mecanismo se busca un acercamiento con la sociedad para conocer sobre las necesidades apremiantes que en materia de servicios p\u00fablicos debe mejorar cada administraci\u00f3n p\u00fablica municipal y, adem\u00e1s, sobre la incidencia corrupci\u00f3n en el estado.<\/p>\n<p>&nbsp;<\/p>\n<p>\u201cSe busca conocer qu\u00e9 sucede en materia de la prestaci\u00f3n de servicios p\u00fablicos basados en el objetivo de que sean mejorados; en la encuesta se consider\u00f3 el servicio de agua potable, alumbrado p\u00fablico, calles y avenidas, recolecci\u00f3n de basura y limpieza de calles y \u00e1reas p\u00fablicas, drenaje y alcantarillado, drenaje pluvial, parques y jardines y seguridad p\u00fablica\u201d, extern\u00f3.<\/p>\n<p>&nbsp;<\/p>\n<p>Los resultados de las encuestas, dijo, no tienen ning\u00fan prop\u00f3sito electoral; es un ejercicio de acercamiento con la sociedad para ofrecer al Congreso del Estado y a los gobiernos municipales informaci\u00f3n indispensable y \u00fatil para el ejercicio de sus funciones.<\/p>\n<p>&nbsp;<\/p>\n<p>Agreg\u00f3 que los referidos resultados ser\u00e1n parte de la revisi\u00f3n de las cuentas p\u00fablicas municipales y forman parte de los elementos para la calificaci\u00f3n de dichas cuentas del ejercicio fiscal del a\u00f1o 2020.<\/p>\n<p>&nbsp;<\/p>\n<p>En el desarrollo de la reuni\u00f3n virtual, la presentaci\u00f3n de la metodolog\u00eda, procedimientos de la encuesta y resultados agregados estuvo a cargo de Omar Rodr\u00edguez, director general de Auditor\u00eda al Desempe\u00f1o y Riza Paola Mill\u00e1n, directora de Auditor\u00eda y Evaluaci\u00f3n a Municipios.<\/p>\n<p>&nbsp;<\/p>\n<p>Enseguida, Oscar Jaimes Bello, director general de Estad\u00edsticas de Gobierno, Seguridad P\u00fablica y Justicia del INEGI, dio a conocer el resumen y opini\u00f3n sobre el trabajo llevado a cabo en las encuestas y destac\u00f3 aspectos que se pueden mejorar en cuanto al sistema de levantamiento de datos para conocer la percepci\u00f3n social respecto a los servicios p\u00fablicos y los municipios cuenten con herramientas para que estos sean m\u00e1s eficaces.<\/p>\n<p>&nbsp;<\/p>\n<p>Tambi\u00e9n en su participaci\u00f3n, Victor Pe\u00f1a Mancillas, director del Centro de Estudios en Gobierno y Asuntos P\u00fablicos del Colegio de Sonora, present\u00f3 un an\u00e1lisis sobre la Encuesta de Percepci\u00f3n de Actos de Corrupci\u00f3n, la que, expuso, ser\u00e1 un insumo para las pr\u00f3ximas administraciones municipales.<\/p>\n<p>&nbsp;<\/p>\n<p>Correspondi\u00f3 a Irma Laura Murillo Lozoya, presidenta del Sistema Estatal Anticorrupci\u00f3n, dar por concluidos los trabajos al reconocer los esfuerzos que se realizan para que los servicios p\u00fablicos municipales sean optimizados y las pol\u00edticas contra el fen\u00f3meno de la corrupci\u00f3n se fortalezcan. Los resultados de este estudio pueden ser consultados en www.isaf.gob.mx<\/p>\n<p>&nbsp;<\/p>\n<p>Fecha de publicaci\u00f3n\u00a0 Lunes 22\/feb\/2021<\/p>\n","protected":false},"excerpt":{"rendered":"<p>Presenta ISAF a Congreso resultados de encuesta sobre percepci\u00f3n e incidencia de actos de corrupci\u00f3n&#8230;<\/p>\n","protected":false},"author":1,"featured_media":0,"comment_status":"open","ping_status":"open","sticky":false,"template":"","format":"standard","meta":{"_monsterinsights_skip_tracking":false,"_monsterinsights_sitenote_active":false,"_monsterinsights_sitenote_note":"","_monsterinsights_sitenote_category":0,"footnotes":""},"categories":[3281],"tags":[],"class_list":["post"],"yoast_head":" \n<title>Sonora en Equipo. Presenta ISAF a Congreso resultados de encuesta sobre percepci\u00f3n e incidencia de actos de corrupci\u00f3n 2020 Congreso<\/title>\n<meta name=\"description\" content=\"Presenta ISAF a Congreso resultados de encuesta sobre percepci\u00f3n e incidencia de actos de corrupci\u00f3n 2020 &nbsp; \u25baEl diputado Ferm\u00edn Trujillo Fuentes, En Sonora en Equipo publicamos toda la informaci\u00f3n de Sonora, M\u00e9xico y el Mundo de manera oportuna y busca que la libertad de expresi\u00f3n sea real. Visita nuestro medio informativo publicado desde Hermosillo, Sonora. %\" \/>\n<meta name=\"robots\" content=\"index, follow, max-snippet:-1, max-image-preview:large, max-video-preview:-1\" \/>\n<link rel=\"canonical\" href=\"https:\/\/www.sonoraenequipo.com.mx\/presenta-isaf-a-congreso-resultados-de-encuesta-sobre-percepcion-e-incidencia-de-actos-de-corrupcion-2020\/\" \/>\n<meta property=\"og:locale\" content=\"es_ES\" \/>\n<meta property=\"og:type\" content=\"article\" \/>\n<meta property=\"og:title\" content=\"Sonora en Equipo. Presenta ISAF a Congreso resultados de encuesta sobre percepci\u00f3n e incidencia de actos de corrupci\u00f3n 2020 Congreso\" \/>\n<meta property=\"og:description\" content=\"Presenta ISAF a Congreso resultados de encuesta sobre percepci\u00f3n e incidencia de actos de corrupci\u00f3n 2020 &nbsp; \u25baEl diputado Ferm\u00edn Trujillo Fuentes, En Sonora en Equipo publicamos toda la informaci\u00f3n de Sonora, M\u00e9xico y el Mundo de manera oportuna y busca que la libertad de expresi\u00f3n sea real. Visita nuestro medio informativo publicado desde Hermosillo, Sonora. %\" \/>\n<meta property=\"og:url\" content=\"https:\/\/www.sonoraenequipo.com.mx\/presenta-isaf-a-congreso-resultados-de-encuesta-sobre-percepcion-e-incidencia-de-actos-de-corrupcion-2020\/\" \/>\n<meta property=\"og:site_name\" content=\"Sonora en Equipo.\" \/>\n<meta property=\"article:publisher\" content=\"https:\/\/www.facebook.com\/SonoraEE\/\" \/>\n<meta property=\"article:author\" content=\"https:\/\/www.facebook.com\/SonoraEE\" \/>\n<meta property=\"article:published_time\" content=\"2021-02-23T05:46:53+00:00\" \/>\n<meta name=\"author\" content=\"enequipo\" \/>\n<meta name=\"twitter:card\" content=\"summary_large_image\" \/>\n<meta name=\"twitter:creator\" content=\"@sonoraenequipo\" \/>\n<meta name=\"twitter:site\" content=\"@sonoraenequipo\" \/>\n<meta name=\"twitter:label1\" content=\"Escrito por\" \/>\n\t<meta name=\"twitter:data1\" content=\"enequipo\" \/>\n\t<meta name=\"twitter:label2\" content=\"Tiempo de lectura\" \/>\n\t<meta name=\"twitter:data2\" content=\"3 minutos\" \/>\n<script type=\"application\/ld+json\" class=\"yoast-schema-graph\">{\"@context\":\"https:\/\/schema.org\",\"@graph\":[{\"@type\":\"Article\",\"@id\":\"https:\/\/www.sonoraenequipo.com.mx\/presenta-isaf-a-congreso-resultados-de-encuesta-sobre-percepcion-e-incidencia-de-actos-de-corrupcion-2020\/#article\",\"isPartOf\":{\"@id\":\"https:\/\/www.sonoraenequipo.com.mx\/presenta-isaf-a-congreso-resultados-de-encuesta-sobre-percepcion-e-incidencia-de-actos-de-corrupcion-2020\/\"},\"author\":{\"name\":\"enequipo\",\"@id\":\"https:\/\/www.sonoraenequipo.com.mx\/#\/schema\/person\/50102df0fb23a8fa9e8effad8fa81386\"},\"headline\":\"Presenta ISAF a Congreso resultados de encuesta sobre percepci\u00f3n e incidencia de actos de corrupci\u00f3n 2020\",\"datePublished\":\"2021-02-23T05:46:53+00:00\",\"mainEntityOfPage\":{\"@id\":\"https:\/\/www.sonoraenequipo.com.mx\/presenta-isaf-a-congreso-resultados-de-encuesta-sobre-percepcion-e-incidencia-de-actos-de-corrupcion-2020\/\"},\"wordCount\":623,\"commentCount\":0,\"publisher\":{\"@id\":\"https:\/\/www.sonoraenequipo.com.mx\/#organization\"},\"articleSection\":[\"Congreso\"],\"inLanguage\":\"es\",\"potentialAction\":[{\"@type\":\"CommentAction\",\"name\":\"Comment\",\"target\":[\"https:\/\/www.sonoraenequipo.com.mx\/presenta-isaf-a-congreso-resultados-de-encuesta-sobre-percepcion-e-incidencia-de-actos-de-corrupcion-2020\/#respond\"]}]},{\"@type\":\"WebPage\",\"@id\":\"https:\/\/www.sonoraenequipo.com.mx\/presenta-isaf-a-congreso-resultados-de-encuesta-sobre-percepcion-e-incidencia-de-actos-de-corrupcion-2020\/\",\"url\":\"https:\/\/www.sonoraenequipo.com.mx\/presenta-isaf-a-congreso-resultados-de-encuesta-sobre-percepcion-e-incidencia-de-actos-de-corrupcion-2020\/\",\"name\":\"Sonora en Equipo. Presenta ISAF a Congreso resultados de encuesta sobre percepci\u00f3n e incidencia de actos de corrupci\u00f3n 2020 Congreso\",\"isPartOf\":{\"@id\":\"https:\/\/www.sonoraenequipo.com.mx\/#website\"},\"datePublished\":\"2021-02-23T05:46:53+00:00\",\"description\":\"Presenta ISAF a Congreso resultados de encuesta sobre percepci\u00f3n e incidencia de actos de corrupci\u00f3n 2020 &nbsp; \u25baEl diputado Ferm\u00edn Trujillo Fuentes, En Sonora en Equipo publicamos toda la informaci\u00f3n de Sonora, M\u00e9xico y el Mundo de manera oportuna y busca que la libertad de expresi\u00f3n sea real. Visita nuestro medio informativo publicado desde Hermosillo, Sonora. %\",\"breadcrumb\":{\"@id\":\"https:\/\/www.sonoraenequipo.com.mx\/presenta-isaf-a-congreso-resultados-de-encuesta-sobre-percepcion-e-incidencia-de-actos-de-corrupcion-2020\/#breadcrumb\"},\"inLanguage\":\"es\",\"potentialAction\":[{\"@type\":\"ReadAction\",\"target\":[\"https:\/\/www.sonoraenequipo.com.mx\/presenta-isaf-a-congreso-resultados-de-encuesta-sobre-percepcion-e-incidencia-de-actos-de-corrupcion-2020\/\"]}]},{\"@type\":\"BreadcrumbList\",\"@id\":\"https:\/\/www.sonoraenequipo.com.mx\/presenta-isaf-a-congreso-resultados-de-encuesta-sobre-percepcion-e-incidencia-de-actos-de-corrupcion-2020\/#breadcrumb\",\"itemListElement\":[{\"@type\":\"ListItem\",\"position\":1,\"name\":\"Portada\",\"item\":\"https:\/\/www.sonoraenequipo.com.mx\/\"},{\"@type\":\"ListItem\",\"position\":2,\"name\":\"Presenta ISAF a Congreso resultados de encuesta sobre percepci\u00f3n e incidencia de actos de corrupci\u00f3n 2020\"}]},{\"@type\":\"WebSite\",\"@id\":\"https:\/\/www.sonoraenequipo.com.mx\/#website\",\"url\":\"https:\/\/www.sonoraenequipo.com.mx\/\",\"name\":\"Sonora en Equipo.\",\"description\":\"Diario en l\u00ednea con Noticias desde Hermosillo, Sonora\",\"publisher\":{\"@id\":\"https:\/\/www.sonoraenequipo.com.mx\/#organization\"},\"potentialAction\":[{\"@type\":\"SearchAction\",\"target\":{\"@type\":\"EntryPoint\",\"urlTemplate\":\"https:\/\/www.sonoraenequipo.com.mx\/?s={search_term_string}\"},\"query-input\":{\"@type\":\"PropertyValueSpecification\",\"valueRequired\":true,\"valueName\":\"search_term_string\"}}],\"inLanguage\":\"es\"},{\"@type\":\"Organization\",\"@id\":\"https:\/\/www.sonoraenequipo.com.mx\/#organization\",\"name\":\"Sonoraenequipo.com.mx\",\"url\":\"https:\/\/www.sonoraenequipo.com.mx\/\",\"logo\":{\"@type\":\"ImageObject\",\"inLanguage\":\"es\",\"@id\":\"https:\/\/www.sonoraenequipo.com.mx\/#\/schema\/logo\/image\/\",\"url\":\"https:\/\/www.sonoraenequipo.com.mx\/storage\/2019\/01\/sonoraenequipo_opt.png\",\"contentUrl\":\"https:\/\/www.sonoraenequipo.com.mx\/storage\/2019\/01\/sonoraenequipo_opt.png\",\"width\":375,\"height\":125,\"caption\":\"Sonoraenequipo.com.mx\"},\"image\":{\"@id\":\"https:\/\/www.sonoraenequipo.com.mx\/#\/schema\/logo\/image\/\"},\"sameAs\":[\"https:\/\/www.facebook.com\/SonoraEE\/\",\"https:\/\/x.com\/sonoraenequipo\",\"https:\/\/www.youtube.com\/channel\/UC338nW-lPEYmJQs4ZABQ1SQ\"]},{\"@type\":\"Person\",\"@id\":\"https:\/\/www.sonoraenequipo.com.mx\/#\/schema\/person\/50102df0fb23a8fa9e8effad8fa81386\",\"name\":\"enequipo\",\"image\":{\"@type\":\"ImageObject\",\"inLanguage\":\"es\",\"@id\":\"https:\/\/www.sonoraenequipo.com.mx\/#\/schema\/person\/image\/\",\"url\":\"https:\/\/secure.gravatar.com\/avatar\/049821681b589dabc0bc20695993ccebb09f5b5d4d790cd9251b97faac7c652b?s=96&d=blank&r=g\",\"contentUrl\":\"https:\/\/secure.gravatar.com\/avatar\/049821681b589dabc0bc20695993ccebb09f5b5d4d790cd9251b97faac7c652b?s=96&d=blank&r=g\",\"caption\":\"enequipo\"},\"sameAs\":[\"https:\/\/www.facebook.com\/SonoraEE\"]}]}<\/script>\n ","yoast_head_json":{"title":"Sonora en Equipo. Presenta ISAF a Congreso resultados de encuesta sobre percepci\u00f3n e incidencia de actos de corrupci\u00f3n 2020 Congreso","description":"Presenta ISAF a Congreso resultados de encuesta sobre percepci\u00f3n e incidencia de actos de corrupci\u00f3n 2020 &nbsp; \u25baEl diputado Ferm\u00edn Trujillo Fuentes, En Sonora en Equipo publicamos toda la informaci\u00f3n de Sonora, M\u00e9xico y el Mundo de manera oportuna y busca que la libertad de expresi\u00f3n sea real. Visita nuestro medio informativo publicado desde Hermosillo, Sonora. %","robots":{"index":"index","follow":"follow","max-snippet":"max-snippet:-1","max-image-preview":"max-image-preview:large","max-video-preview":"max-video-preview:-1"},"canonical":"https:\/\/www.sonoraenequipo.com.mx\/presenta-isaf-a-congreso-resultados-de-encuesta-sobre-percepcion-e-incidencia-de-actos-de-corrupcion-2020\/","og_locale":"es_ES","og_type":"article","og_title":"Sonora en Equipo. Presenta ISAF a Congreso resultados de encuesta sobre percepci\u00f3n e incidencia de actos de corrupci\u00f3n 2020 Congreso","og_description":"Presenta ISAF a Congreso resultados de encuesta sobre percepci\u00f3n e incidencia de actos de corrupci\u00f3n 2020 &nbsp; \u25baEl diputado Ferm\u00edn Trujillo Fuentes, En Sonora en Equipo publicamos toda la informaci\u00f3n de Sonora, M\u00e9xico y el Mundo de manera oportuna y busca que la libertad de expresi\u00f3n sea real. Visita nuestro medio informativo publicado desde Hermosillo, Sonora. %","og_url":"https:\/\/www.sonoraenequipo.com.mx\/presenta-isaf-a-congreso-resultados-de-encuesta-sobre-percepcion-e-incidencia-de-actos-de-corrupcion-2020\/","og_site_name":"Sonora en Equipo.","article_publisher":"https:\/\/www.facebook.com\/SonoraEE\/","article_author":"https:\/\/www.facebook.com\/SonoraEE","article_published_time":"2021-02-23T05:46:53+00:00","author":"enequipo","twitter_card":"summary_large_image","twitter_creator":"@sonoraenequipo","twitter_site":"@sonoraenequipo","twitter_misc":{"Escrito por":"enequipo","Tiempo de lectura":"3 minutos"},"schema":{"@context":"https:\/\/schema.org","@graph":[{"@type":"Article","@id":"https:\/\/www.sonoraenequipo.com.mx\/presenta-isaf-a-congreso-resultados-de-encuesta-sobre-percepcion-e-incidencia-de-actos-de-corrupcion-2020\/#article","isPartOf":{"@id":"https:\/\/www.sonoraenequipo.com.mx\/presenta-isaf-a-congreso-resultados-de-encuesta-sobre-percepcion-e-incidencia-de-actos-de-corrupcion-2020\/"},"author":{"name":"enequipo","@id":"https:\/\/www.sonoraenequipo.com.mx\/#\/schema\/person\/50102df0fb23a8fa9e8effad8fa81386"},"headline":"Presenta ISAF a Congreso resultados de encuesta sobre percepci\u00f3n e incidencia de actos de corrupci\u00f3n 2020","datePublished":"2021-02-23T05:46:53+00:00","mainEntityOfPage":{"@id":"https:\/\/www.sonoraenequipo.com.mx\/presenta-isaf-a-congreso-resultados-de-encuesta-sobre-percepcion-e-incidencia-de-actos-de-corrupcion-2020\/"},"wordCount":623,"commentCount":0,"publisher":{"@id":"https:\/\/www.sonoraenequipo.com.mx\/#organization"},"articleSection":["Congreso"],"inLanguage":"es","potentialAction":[{"@type":"CommentAction","name":"Comment","target":["https:\/\/www.sonoraenequipo.com.mx\/presenta-isaf-a-congreso-resultados-de-encuesta-sobre-percepcion-e-incidencia-de-actos-de-corrupcion-2020\/#respond"]}]},{"@type":"WebPage","@id":"https:\/\/www.sonoraenequipo.com.mx\/presenta-isaf-a-congreso-resultados-de-encuesta-sobre-percepcion-e-incidencia-de-actos-de-corrupcion-2020\/","url":"https:\/\/www.sonoraenequipo.com.mx\/presenta-isaf-a-congreso-resultados-de-encuesta-sobre-percepcion-e-incidencia-de-actos-de-corrupcion-2020\/","name":"Sonora en Equipo. Presenta ISAF a Congreso resultados de encuesta sobre percepci\u00f3n e incidencia de actos de corrupci\u00f3n 2020 Congreso","isPartOf":{"@id":"https:\/\/www.sonoraenequipo.com.mx\/#website"},"datePublished":"2021-02-23T05:46:53+00:00","description":"Presenta ISAF a Congreso resultados de encuesta sobre percepci\u00f3n e incidencia de actos de corrupci\u00f3n 2020 &nbsp; \u25baEl diputado Ferm\u00edn Trujillo Fuentes, En Sonora en Equipo publicamos toda la informaci\u00f3n de Sonora, M\u00e9xico y el Mundo de manera oportuna y busca que la libertad de expresi\u00f3n sea real. Visita nuestro medio informativo publicado desde Hermosillo, Sonora. %","breadcrumb":{"@id":"https:\/\/www.sonoraenequipo.com.mx\/presenta-isaf-a-congreso-resultados-de-encuesta-sobre-percepcion-e-incidencia-de-actos-de-corrupcion-2020\/#breadcrumb"},"inLanguage":"es","potentialAction":[{"@type":"ReadAction","target":["https:\/\/www.sonoraenequipo.com.mx\/presenta-isaf-a-congreso-resultados-de-encuesta-sobre-percepcion-e-incidencia-de-actos-de-corrupcion-2020\/"]}]},{"@type":"BreadcrumbList","@id":"https:\/\/www.sonoraenequipo.com.mx\/presenta-isaf-a-congreso-resultados-de-encuesta-sobre-percepcion-e-incidencia-de-actos-de-corrupcion-2020\/#breadcrumb","itemListElement":[{"@type":"ListItem","position":1,"name":"Portada","item":"https:\/\/www.sonoraenequipo.com.mx\/"},{"@type":"ListItem","position":2,"name":"Presenta ISAF a Congreso resultados de encuesta sobre percepci\u00f3n e incidencia de actos de corrupci\u00f3n 2020"}]},{"@type":"WebSite","@id":"https:\/\/www.sonoraenequipo.com.mx\/#website","url":"https:\/\/www.sonoraenequipo.com.mx\/","name":"Sonora en Equipo.","description":"Diario en l\u00ednea con Noticias desde Hermosillo, Sonora","publisher":{"@id":"https:\/\/www.sonoraenequipo.com.mx\/#organization"},"potentialAction":[{"@type":"SearchAction","target":{"@type":"EntryPoint","urlTemplate":"https:\/\/www.sonoraenequipo.com.mx\/?s={search_term_string}"},"query-input":{"@type":"PropertyValueSpecification","valueRequired":true,"valueName":"search_term_string"}}],"inLanguage":"es"},{"@type":"Organization","@id":"https:\/\/www.sonoraenequipo.com.mx\/#organization","name":"Sonoraenequipo.com.mx","url":"https:\/\/www.sonoraenequipo.com.mx\/","logo":{"@type":"ImageObject","inLanguage":"es","@id":"https:\/\/www.sonoraenequipo.com.mx\/#\/schema\/logo\/image\/","url":"https:\/\/www.sonoraenequipo.com.mx\/storage\/2019\/01\/sonoraenequipo_opt.png","contentUrl":"https:\/\/www.sonoraenequipo.com.mx\/storage\/2019\/01\/sonoraenequipo_opt.png","width":375,"height":125,"caption":"Sonoraenequipo.com.mx"},"image":{"@id":"https:\/\/www.sonoraenequipo.com.mx\/#\/schema\/logo\/image\/"},"sameAs":["https:\/\/www.facebook.com\/SonoraEE\/","https:\/\/x.com\/sonoraenequipo","https:\/\/www.youtube.com\/channel\/UC338nW-lPEYmJQs4ZABQ1SQ"]},{"@type":"Person","@id":"https:\/\/www.sonoraenequipo.com.mx\/#\/schema\/person\/50102df0fb23a8fa9e8effad8fa81386","name":"enequipo","image":{"@type":"ImageObject","inLanguage":"es","@id":"https:\/\/www.sonoraenequipo.com.mx\/#\/schema\/person\/image\/","url":"https:\/\/secure.gravatar.com\/avatar\/049821681b589dabc0bc20695993ccebb09f5b5d4d790cd9251b97faac7c652b?s=96&d=blank&r=g","contentUrl":"https:\/\/secure.gravatar.com\/avatar\/049821681b589dabc0bc20695993ccebb09f5b5d4d790cd9251b97faac7c652b?s=96&d=blank&r=g","caption":"enequipo"},"sameAs":["https:\/\/www.facebook.com\/SonoraEE"]}]}},"jetpack_featured_media_url":"","_links":{"self":[{"href":"https:\/\/www.sonoraenequipo.com.mx\/api\/wp\/v2\/posts\/107518","targetHints":{"allow":["GET"]}}],"collection":[{"href":"https:\/\/www.sonoraenequipo.com.mx\/api\/wp\/v2\/posts"}],"about":[{"href":"https:\/\/www.sonoraenequipo.com.mx\/api\/wp\/v2\/types\/post"}],"author":[{"embeddable":true,"href":"https:\/\/www.sonoraenequipo.com.mx\/api\/wp\/v2\/users\/1"}],"replies":[{"embeddable":true,"href":"https:\/\/www.sonoraenequipo.com.mx\/api\/wp\/v2\/comments?post=107518"}],"version-history":[{"count":1,"href":"https:\/\/www.sonoraenequipo.com.mx\/api\/wp\/v2\/posts\/107518\/revisions"}],"predecessor-version":[{"id":107522,"href":"https:\/\/www.sonoraenequipo.com.mx\/api\/wp\/v2\/posts\/107518\/revisions\/107522"}],"wp:attachment":[{"href":"https:\/\/www.sonoraenequipo.com.mx\/api\/wp\/v2\/media?parent=107518"}],"wp:term":[{"taxonomy":"category","embeddable":true,"href":"https:\/\/www.sonoraenequipo.com.mx\/api\/wp\/v2\/categories?post=107518"},{"taxonomy":"post_tag","embeddable":true,"href":"https:\/\/www.sonoraenequipo.com.mx\/api\/wp\/v2\/tags?post=107518"}],"curies":[{"name":"wp","href":"https:\/\/api.w.org\/{rel}","templated":true}]}}