{"id":107536,"date":"2021-02-22T09:15:36","date_gmt":"2021-02-22T16:15:36","guid":{"rendered":"https:\/\/www.sonoraenequipo.com.mx\/?p=107536"},"modified":"2021-02-23T14:28:08","modified_gmt":"2021-02-23T21:28:08","slug":"secuelas-del-coronavirus-recuperados-pero-con-pulmones-danados-2","status":"publish","type":"post","link":"https:\/\/www.sonoraenequipo.com.mx\/secuelas-del-coronavirus-recuperados-pero-con-pulmones-danados-2\/","title":{"rendered":"Secuelas del coronavirus: recuperados, pero con pulmones da\u00f1ados"},"content":{"rendered":"<p>CHINA. \u2014 Investigadores chinos han encontrado una especie de fibra lechosa transparente en los pulmones de algunos pacientes recuperados de COVID-19, lo que sugiere un da\u00f1o permanente en los \u00f3rganos.<\/p>\n<p>&nbsp;<\/p>\n<p> <\/p>\n<p>Hay cifras esperanzadoras: m\u00e1s de 80.000 personas se han recuperado de la enfermedad pulmonar COVID-19, gracias a que la enfermedad solo tuvo un desarrollo leve o moderado en su caso y\/o porque recibieron buena atenci\u00f3n m\u00e9dica. Esta es una alta y bienvenida cifra, pero todav\u00eda hay relativamente poca informaci\u00f3n sobre su estado de salud despu\u00e9s de que han superado la enfermedad.<\/p>\n<p>&nbsp;<\/p>\n<p>Con gran alivio y alegr\u00eda, algunos describen c\u00f3mo han sobrevivido f\u00edsicamente este tiempo, que ha sido psicol\u00f3gicamente muy estresante: la curaci\u00f3n de los s\u00edntomas, la incertidumbre, la agotadora fase de aislamiento. Est\u00e1n felices de ser ahora inmunes al SARS-CoV-2 despu\u00e9s de haber sobrevivido a la enfermedad.<\/p>\n<p>&nbsp;<\/p>\n<h3>\u00bfCompleta recuperaci\u00f3n?<\/h3>\n<p>&nbsp;<\/p>\n<p>En los pr\u00f3ximos meses, las investigaciones mostrar\u00e1n si hay alg\u00fan caso aislado de efectos tard\u00edos permanentes en pacientes recuperados de COVID-19. El foco est\u00e1 principalmente en los pulmones. Dado que el nuevo pat\u00f3geno CoV-2 del SRAS ataca principalmente las v\u00edas respiratorias inferiores, las personas infectadas con un curso moderado o grave de la enfermedad tienen tos seca, dificultad para respirar y\/o neumon\u00eda.<\/p>\n<p>&nbsp;<\/p>\n<p>M\u00e9dicos de Hong Kong han descubierto una reducci\u00f3n de la funci\u00f3n pulmonar y una persistente disnea en algunos pacientes de coronavirus, a pesar de haber superado la infecci\u00f3n viral. Aunque s\u00f3lo han podido examinar un grupo comparativamente peque\u00f1o, hay indicios iniciales de posibles efectos tard\u00edos.<\/p>\n<p><em>\u201cEn algunos pacientes, la funci\u00f3n pulmonar podr\u00eda disminuir entre un 20 y un 30 por ciento despu\u00e9s de la recuperaci\u00f3n\u201d, dice el m\u00e9dico Owen Tsang Tak-yin, director del Centro de Enfermedades Infecciosas del Hospital Princesa Margarita de Hong Kong. \u201cJadean cuando van un poco m\u00e1s r\u00e1pido\u201d,<\/em> agreg\u00f3 el galeno. La tomograf\u00eda de algunos pacientes muestra una especie de neblina lechosa y vidriosa en los pulmones, lo que sugiere un da\u00f1o en los \u00f3rganos.<\/p>\n<p>&nbsp;<\/p>\n<p>Los hallazgos de Hong Kong confirman las primeras investigaciones de Wuhan a principios de febrero de 2020. En un estudio, los cient\u00edficos del Hospital Zhongnam de la Universidad de Wuhan analizaron 140 esc\u00e1neres de pulm\u00f3n de pacientes con coronavirus y encontraron una nube de aspecto lechoso y transparente en los pulmones de todos ellos.<\/p>\n<p>&nbsp;<\/p>\n<h3>Sospecha de fibrosis pulmonar<\/h3>\n<p>&nbsp;<\/p>\n<p>Las investigaciones posteriores de los pacientes recuperados de COVID-19 deben ahora mostrar si han desarrollado fibrosis pulmonar en la que el tejido conectivo del pulm\u00f3n se inflama. Esto lleva a una proliferaci\u00f3n patol\u00f3gica del tejido conector entre los alv\u00e9olos y los vasos sangu\u00edneos que los rodean.<\/p>\n<p>&nbsp;<\/p>\n<p><img loading=\"lazy\" decoding=\"async\" class=\" size-full x-left\" src=\"https:\/\/www.sonoraenequipo.com.mx\/storage\/2021\/02\/secuelas-del-covid19_opt.jpg\" alt=\"\" width=\"500\" height=\"556\" \/>Esto dificulta que el ox\u00edgeno llegue a los vasos sangu\u00edneos, endurece los pulmones y hace que la respiraci\u00f3n sea superficial y r\u00e1pida. Los trastornos respiratorios, la falta de aliento y la tos seca de pecho son las consecuencias, el rendimiento f\u00edsico disminuye, incluso las actividades cotidianas se vuelven dif\u00edciles.<\/p>\n<p>&nbsp;<\/p>\n<h3>Si se detecta a tiempo, la fibrosis pulmonar puede ser frenada<\/h3>\n<p>&nbsp;<\/p>\n<p>La fibrosis pulmonar es incurable, porque las cicatrices en el tejido pulmonar no desaparecen. Pero la progresi\u00f3n de la fibrosis pulmonar puede retrasarse y a veces incluso detenerse, si se detecta a tiempo.<\/p>\n<p>&nbsp;<\/p>\n<h3>\u00bfLogran la inmunidad los pacientes recuperados de COVID-19?<\/h3>\n<p>&nbsp;<\/p>\n<p>La mayor\u00eda de los expertos est\u00e1n convencidos de que los pacientes COVID-19 recuperados quedan inmunes al nuevo virus una vez superada la enfermedad. Despu\u00e9s de todo, el propio sistema inmunol\u00f3gico ha producido exactamente esos anticuerpos durante la infecci\u00f3n que hacen al pat\u00f3geno inofensivo.<\/p>\n<p>&nbsp;<\/p>\n<p>Lo mismo aplica a los que tuvieron un desarrollo leve de la enfermedad y en los que s\u00f3lo se observaron pocos o tal vez ning\u00fan s\u00edntoma. Sin embargo, su sistema inmunol\u00f3gico reaccion\u00f3 al pat\u00f3geno y produjo los anticuerpos correspondientes. Por lo tanto, es muy poco probable que se vuelva a producir una infecci\u00f3n por el nuevo coronavirus.<\/p>\n<p>&nbsp;<\/p>\n<p>&nbsp;<\/p>\n<p>&nbsp;<\/p>\n<p>Fuente: China Zhangzhou | Coronavirus | CT-Bild von Lunge<\/p>\n<p>Share on FacebookShare on Twitter<\/p>\n<p>&nbsp;<\/p>\n<p>(Publicada el 21\/02\/2021 \/ Noticia recomendada por Koyi Sato. AMLAR-RES Paraguay)<\/p>\n","protected":false},"excerpt":{"rendered":"<p>CHINA. \u2014 Investigadores chinos han encontrado una especie de fibra lechosa transparente en los pulmones&#8230;<\/p>\n","protected":false},"author":1,"featured_media":107538,"comment_status":"open","ping_status":"open","sticky":false,"template":"","format":"standard","meta":{"_monsterinsights_skip_tracking":false,"_monsterinsights_sitenote_active":false,"_monsterinsights_sitenote_note":"","_monsterinsights_sitenote_category":0,"footnotes":""},"categories":[3],"tags":[],"class_list":["post"],"yoast_head":" \n<title>Sonora en Equipo. Secuelas del coronavirus: recuperados, pero con pulmones da\u00f1ados MUNDO<\/title>\n<meta name=\"description\" content=\"CHINA. \u2014 Investigadores chinos han encontrado una especie de fibra lechosa transparente en los pulmones de algunos pacientes recuperados de COVID-19, lo En Sonora en Equipo publicamos toda la informaci\u00f3n de Sonora, M\u00e9xico y el Mundo de manera oportuna y busca que la libertad de expresi\u00f3n sea real. Visita nuestro medio informativo publicado desde Hermosillo, Sonora. %\" \/>\n<meta name=\"robots\" content=\"index, follow, max-snippet:-1, max-image-preview:large, max-video-preview:-1\" \/>\n<link rel=\"canonical\" href=\"https:\/\/www.sonoraenequipo.com.mx\/secuelas-del-coronavirus-recuperados-pero-con-pulmones-danados-2\/\" \/>\n<meta property=\"og:locale\" content=\"es_ES\" \/>\n<meta property=\"og:type\" content=\"article\" \/>\n<meta property=\"og:title\" content=\"Sonora en Equipo. Secuelas del coronavirus: recuperados, pero con pulmones da\u00f1ados MUNDO\" \/>\n<meta property=\"og:description\" content=\"CHINA. \u2014 Investigadores chinos han encontrado una especie de fibra lechosa transparente en los pulmones de algunos pacientes recuperados de COVID-19, lo En Sonora en Equipo publicamos toda la informaci\u00f3n de Sonora, M\u00e9xico y el Mundo de manera oportuna y busca que la libertad de expresi\u00f3n sea real. Visita nuestro medio informativo publicado desde Hermosillo, Sonora. %\" \/>\n<meta property=\"og:url\" content=\"https:\/\/www.sonoraenequipo.com.mx\/secuelas-del-coronavirus-recuperados-pero-con-pulmones-danados-2\/\" \/>\n<meta property=\"og:site_name\" content=\"Sonora en Equipo.\" \/>\n<meta property=\"article:publisher\" content=\"https:\/\/www.facebook.com\/SonoraEE\/\" \/>\n<meta property=\"article:author\" content=\"https:\/\/www.facebook.com\/SonoraEE\" \/>\n<meta property=\"article:published_time\" content=\"2021-02-22T16:15:36+00:00\" \/>\n<meta property=\"article:modified_time\" content=\"2021-02-23T21:28:08+00:00\" \/>\n<meta property=\"og:image\" content=\"https:\/\/www.sonoraenequipo.com.mx\/storage\/2021\/02\/covid-19-efectos_opt.jpg\" \/>\n\t<meta property=\"og:image:width\" content=\"712\" \/>\n\t<meta property=\"og:image:height\" content=\"400\" \/>\n\t<meta property=\"og:image:type\" content=\"image\/jpeg\" \/>\n<meta name=\"author\" content=\"enequipo\" \/>\n<meta name=\"twitter:card\" content=\"summary_large_image\" \/>\n<meta name=\"twitter:creator\" content=\"@sonoraenequipo\" \/>\n<meta name=\"twitter:site\" content=\"@sonoraenequipo\" \/>\n<meta name=\"twitter:label1\" content=\"Escrito por\" \/>\n\t<meta name=\"twitter:data1\" content=\"enequipo\" \/>\n\t<meta name=\"twitter:label2\" content=\"Tiempo de lectura\" \/>\n\t<meta name=\"twitter:data2\" content=\"4 minutos\" \/>\n<script type=\"application\/ld+json\" class=\"yoast-schema-graph\">{\"@context\":\"https:\/\/schema.org\",\"@graph\":[{\"@type\":\"Article\",\"@id\":\"https:\/\/www.sonoraenequipo.com.mx\/secuelas-del-coronavirus-recuperados-pero-con-pulmones-danados-2\/#article\",\"isPartOf\":{\"@id\":\"https:\/\/www.sonoraenequipo.com.mx\/secuelas-del-coronavirus-recuperados-pero-con-pulmones-danados-2\/\"},\"author\":{\"name\":\"enequipo\",\"@id\":\"https:\/\/www.sonoraenequipo.com.mx\/#\/schema\/person\/50102df0fb23a8fa9e8effad8fa81386\"},\"headline\":\"Secuelas del coronavirus: recuperados, pero con pulmones da\u00f1ados\",\"datePublished\":\"2021-02-22T16:15:36+00:00\",\"dateModified\":\"2021-02-23T21:28:08+00:00\",\"mainEntityOfPage\":{\"@id\":\"https:\/\/www.sonoraenequipo.com.mx\/secuelas-del-coronavirus-recuperados-pero-con-pulmones-danados-2\/\"},\"wordCount\":734,\"commentCount\":0,\"publisher\":{\"@id\":\"https:\/\/www.sonoraenequipo.com.mx\/#organization\"},\"image\":{\"@id\":\"https:\/\/www.sonoraenequipo.com.mx\/secuelas-del-coronavirus-recuperados-pero-con-pulmones-danados-2\/#primaryimage\"},\"thumbnailUrl\":\"https:\/\/www.sonoraenequipo.com.mx\/storage\/2021\/02\/covid-19-efectos_opt.jpg\",\"articleSection\":[\"MUNDO\"],\"inLanguage\":\"es\",\"potentialAction\":[{\"@type\":\"CommentAction\",\"name\":\"Comment\",\"target\":[\"https:\/\/www.sonoraenequipo.com.mx\/secuelas-del-coronavirus-recuperados-pero-con-pulmones-danados-2\/#respond\"]}]},{\"@type\":\"WebPage\",\"@id\":\"https:\/\/www.sonoraenequipo.com.mx\/secuelas-del-coronavirus-recuperados-pero-con-pulmones-danados-2\/\",\"url\":\"https:\/\/www.sonoraenequipo.com.mx\/secuelas-del-coronavirus-recuperados-pero-con-pulmones-danados-2\/\",\"name\":\"Sonora en Equipo. Secuelas del coronavirus: recuperados, pero con pulmones da\u00f1ados MUNDO\",\"isPartOf\":{\"@id\":\"https:\/\/www.sonoraenequipo.com.mx\/#website\"},\"primaryImageOfPage\":{\"@id\":\"https:\/\/www.sonoraenequipo.com.mx\/secuelas-del-coronavirus-recuperados-pero-con-pulmones-danados-2\/#primaryimage\"},\"image\":{\"@id\":\"https:\/\/www.sonoraenequipo.com.mx\/secuelas-del-coronavirus-recuperados-pero-con-pulmones-danados-2\/#primaryimage\"},\"thumbnailUrl\":\"https:\/\/www.sonoraenequipo.com.mx\/storage\/2021\/02\/covid-19-efectos_opt.jpg\",\"datePublished\":\"2021-02-22T16:15:36+00:00\",\"dateModified\":\"2021-02-23T21:28:08+00:00\",\"description\":\"CHINA. \u2014 Investigadores chinos han encontrado una especie de fibra lechosa transparente en los pulmones de algunos pacientes recuperados de COVID-19, lo En Sonora en Equipo publicamos toda la informaci\u00f3n de Sonora, M\u00e9xico y el Mundo de manera oportuna y busca que la libertad de expresi\u00f3n sea real. Visita nuestro medio informativo publicado desde Hermosillo, Sonora. %\",\"breadcrumb\":{\"@id\":\"https:\/\/www.sonoraenequipo.com.mx\/secuelas-del-coronavirus-recuperados-pero-con-pulmones-danados-2\/#breadcrumb\"},\"inLanguage\":\"es\",\"potentialAction\":[{\"@type\":\"ReadAction\",\"target\":[\"https:\/\/www.sonoraenequipo.com.mx\/secuelas-del-coronavirus-recuperados-pero-con-pulmones-danados-2\/\"]}]},{\"@type\":\"ImageObject\",\"inLanguage\":\"es\",\"@id\":\"https:\/\/www.sonoraenequipo.com.mx\/secuelas-del-coronavirus-recuperados-pero-con-pulmones-danados-2\/#primaryimage\",\"url\":\"https:\/\/www.sonoraenequipo.com.mx\/storage\/2021\/02\/covid-19-efectos_opt.jpg\",\"contentUrl\":\"https:\/\/www.sonoraenequipo.com.mx\/storage\/2021\/02\/covid-19-efectos_opt.jpg\",\"width\":712,\"height\":400},{\"@type\":\"BreadcrumbList\",\"@id\":\"https:\/\/www.sonoraenequipo.com.mx\/secuelas-del-coronavirus-recuperados-pero-con-pulmones-danados-2\/#breadcrumb\",\"itemListElement\":[{\"@type\":\"ListItem\",\"position\":1,\"name\":\"Portada\",\"item\":\"https:\/\/www.sonoraenequipo.com.mx\/\"},{\"@type\":\"ListItem\",\"position\":2,\"name\":\"Secuelas del coronavirus: recuperados, pero con pulmones da\u00f1ados\"}]},{\"@type\":\"WebSite\",\"@id\":\"https:\/\/www.sonoraenequipo.com.mx\/#website\",\"url\":\"https:\/\/www.sonoraenequipo.com.mx\/\",\"name\":\"Sonora en Equipo.\",\"description\":\"Diario en l\u00ednea con Noticias desde Hermosillo, Sonora\",\"publisher\":{\"@id\":\"https:\/\/www.sonoraenequipo.com.mx\/#organization\"},\"potentialAction\":[{\"@type\":\"SearchAction\",\"target\":{\"@type\":\"EntryPoint\",\"urlTemplate\":\"https:\/\/www.sonoraenequipo.com.mx\/?s={search_term_string}\"},\"query-input\":{\"@type\":\"PropertyValueSpecification\",\"valueRequired\":true,\"valueName\":\"search_term_string\"}}],\"inLanguage\":\"es\"},{\"@type\":\"Organization\",\"@id\":\"https:\/\/www.sonoraenequipo.com.mx\/#organization\",\"name\":\"Sonoraenequipo.com.mx\",\"url\":\"https:\/\/www.sonoraenequipo.com.mx\/\",\"logo\":{\"@type\":\"ImageObject\",\"inLanguage\":\"es\",\"@id\":\"https:\/\/www.sonoraenequipo.com.mx\/#\/schema\/logo\/image\/\",\"url\":\"https:\/\/www.sonoraenequipo.com.mx\/storage\/2019\/01\/sonoraenequipo_opt.png\",\"contentUrl\":\"https:\/\/www.sonoraenequipo.com.mx\/storage\/2019\/01\/sonoraenequipo_opt.png\",\"width\":375,\"height\":125,\"caption\":\"Sonoraenequipo.com.mx\"},\"image\":{\"@id\":\"https:\/\/www.sonoraenequipo.com.mx\/#\/schema\/logo\/image\/\"},\"sameAs\":[\"https:\/\/www.facebook.com\/SonoraEE\/\",\"https:\/\/x.com\/sonoraenequipo\",\"https:\/\/www.youtube.com\/channel\/UC338nW-lPEYmJQs4ZABQ1SQ\"]},{\"@type\":\"Person\",\"@id\":\"https:\/\/www.sonoraenequipo.com.mx\/#\/schema\/person\/50102df0fb23a8fa9e8effad8fa81386\",\"name\":\"enequipo\",\"image\":{\"@type\":\"ImageObject\",\"inLanguage\":\"es\",\"@id\":\"https:\/\/www.sonoraenequipo.com.mx\/#\/schema\/person\/image\/\",\"url\":\"https:\/\/secure.gravatar.com\/avatar\/049821681b589dabc0bc20695993ccebb09f5b5d4d790cd9251b97faac7c652b?s=96&d=blank&r=g\",\"contentUrl\":\"https:\/\/secure.gravatar.com\/avatar\/049821681b589dabc0bc20695993ccebb09f5b5d4d790cd9251b97faac7c652b?s=96&d=blank&r=g\",\"caption\":\"enequipo\"},\"sameAs\":[\"https:\/\/www.facebook.com\/SonoraEE\"]}]}<\/script>\n ","yoast_head_json":{"title":"Sonora en Equipo. Secuelas del coronavirus: recuperados, pero con pulmones da\u00f1ados MUNDO","description":"CHINA. \u2014 Investigadores chinos han encontrado una especie de fibra lechosa transparente en los pulmones de algunos pacientes recuperados de COVID-19, lo En Sonora en Equipo publicamos toda la informaci\u00f3n de Sonora, M\u00e9xico y el Mundo de manera oportuna y busca que la libertad de expresi\u00f3n sea real. Visita nuestro medio informativo publicado desde Hermosillo, Sonora. %","robots":{"index":"index","follow":"follow","max-snippet":"max-snippet:-1","max-image-preview":"max-image-preview:large","max-video-preview":"max-video-preview:-1"},"canonical":"https:\/\/www.sonoraenequipo.com.mx\/secuelas-del-coronavirus-recuperados-pero-con-pulmones-danados-2\/","og_locale":"es_ES","og_type":"article","og_title":"Sonora en Equipo. Secuelas del coronavirus: recuperados, pero con pulmones da\u00f1ados MUNDO","og_description":"CHINA. \u2014 Investigadores chinos han encontrado una especie de fibra lechosa transparente en los pulmones de algunos pacientes recuperados de COVID-19, lo En Sonora en Equipo publicamos toda la informaci\u00f3n de Sonora, M\u00e9xico y el Mundo de manera oportuna y busca que la libertad de expresi\u00f3n sea real. Visita nuestro medio informativo publicado desde Hermosillo, Sonora. %","og_url":"https:\/\/www.sonoraenequipo.com.mx\/secuelas-del-coronavirus-recuperados-pero-con-pulmones-danados-2\/","og_site_name":"Sonora en Equipo.","article_publisher":"https:\/\/www.facebook.com\/SonoraEE\/","article_author":"https:\/\/www.facebook.com\/SonoraEE","article_published_time":"2021-02-22T16:15:36+00:00","article_modified_time":"2021-02-23T21:28:08+00:00","og_image":[{"width":712,"height":400,"url":"https:\/\/www.sonoraenequipo.com.mx\/storage\/2021\/02\/covid-19-efectos_opt.jpg","type":"image\/jpeg"}],"author":"enequipo","twitter_card":"summary_large_image","twitter_creator":"@sonoraenequipo","twitter_site":"@sonoraenequipo","twitter_misc":{"Escrito por":"enequipo","Tiempo de lectura":"4 minutos"},"schema":{"@context":"https:\/\/schema.org","@graph":[{"@type":"Article","@id":"https:\/\/www.sonoraenequipo.com.mx\/secuelas-del-coronavirus-recuperados-pero-con-pulmones-danados-2\/#article","isPartOf":{"@id":"https:\/\/www.sonoraenequipo.com.mx\/secuelas-del-coronavirus-recuperados-pero-con-pulmones-danados-2\/"},"author":{"name":"enequipo","@id":"https:\/\/www.sonoraenequipo.com.mx\/#\/schema\/person\/50102df0fb23a8fa9e8effad8fa81386"},"headline":"Secuelas del coronavirus: recuperados, pero con pulmones da\u00f1ados","datePublished":"2021-02-22T16:15:36+00:00","dateModified":"2021-02-23T21:28:08+00:00","mainEntityOfPage":{"@id":"https:\/\/www.sonoraenequipo.com.mx\/secuelas-del-coronavirus-recuperados-pero-con-pulmones-danados-2\/"},"wordCount":734,"commentCount":0,"publisher":{"@id":"https:\/\/www.sonoraenequipo.com.mx\/#organization"},"image":{"@id":"https:\/\/www.sonoraenequipo.com.mx\/secuelas-del-coronavirus-recuperados-pero-con-pulmones-danados-2\/#primaryimage"},"thumbnailUrl":"https:\/\/www.sonoraenequipo.com.mx\/storage\/2021\/02\/covid-19-efectos_opt.jpg","articleSection":["MUNDO"],"inLanguage":"es","potentialAction":[{"@type":"CommentAction","name":"Comment","target":["https:\/\/www.sonoraenequipo.com.mx\/secuelas-del-coronavirus-recuperados-pero-con-pulmones-danados-2\/#respond"]}]},{"@type":"WebPage","@id":"https:\/\/www.sonoraenequipo.com.mx\/secuelas-del-coronavirus-recuperados-pero-con-pulmones-danados-2\/","url":"https:\/\/www.sonoraenequipo.com.mx\/secuelas-del-coronavirus-recuperados-pero-con-pulmones-danados-2\/","name":"Sonora en Equipo. Secuelas del coronavirus: recuperados, pero con pulmones da\u00f1ados MUNDO","isPartOf":{"@id":"https:\/\/www.sonoraenequipo.com.mx\/#website"},"primaryImageOfPage":{"@id":"https:\/\/www.sonoraenequipo.com.mx\/secuelas-del-coronavirus-recuperados-pero-con-pulmones-danados-2\/#primaryimage"},"image":{"@id":"https:\/\/www.sonoraenequipo.com.mx\/secuelas-del-coronavirus-recuperados-pero-con-pulmones-danados-2\/#primaryimage"},"thumbnailUrl":"https:\/\/www.sonoraenequipo.com.mx\/storage\/2021\/02\/covid-19-efectos_opt.jpg","datePublished":"2021-02-22T16:15:36+00:00","dateModified":"2021-02-23T21:28:08+00:00","description":"CHINA. \u2014 Investigadores chinos han encontrado una especie de fibra lechosa transparente en los pulmones de algunos pacientes recuperados de COVID-19, lo En Sonora en Equipo publicamos toda la informaci\u00f3n de Sonora, M\u00e9xico y el Mundo de manera oportuna y busca que la libertad de expresi\u00f3n sea real. Visita nuestro medio informativo publicado desde Hermosillo, Sonora. %","breadcrumb":{"@id":"https:\/\/www.sonoraenequipo.com.mx\/secuelas-del-coronavirus-recuperados-pero-con-pulmones-danados-2\/#breadcrumb"},"inLanguage":"es","potentialAction":[{"@type":"ReadAction","target":["https:\/\/www.sonoraenequipo.com.mx\/secuelas-del-coronavirus-recuperados-pero-con-pulmones-danados-2\/"]}]},{"@type":"ImageObject","inLanguage":"es","@id":"https:\/\/www.sonoraenequipo.com.mx\/secuelas-del-coronavirus-recuperados-pero-con-pulmones-danados-2\/#primaryimage","url":"https:\/\/www.sonoraenequipo.com.mx\/storage\/2021\/02\/covid-19-efectos_opt.jpg","contentUrl":"https:\/\/www.sonoraenequipo.com.mx\/storage\/2021\/02\/covid-19-efectos_opt.jpg","width":712,"height":400},{"@type":"BreadcrumbList","@id":"https:\/\/www.sonoraenequipo.com.mx\/secuelas-del-coronavirus-recuperados-pero-con-pulmones-danados-2\/#breadcrumb","itemListElement":[{"@type":"ListItem","position":1,"name":"Portada","item":"https:\/\/www.sonoraenequipo.com.mx\/"},{"@type":"ListItem","position":2,"name":"Secuelas del coronavirus: recuperados, pero con pulmones da\u00f1ados"}]},{"@type":"WebSite","@id":"https:\/\/www.sonoraenequipo.com.mx\/#website","url":"https:\/\/www.sonoraenequipo.com.mx\/","name":"Sonora en Equipo.","description":"Diario en l\u00ednea con Noticias desde Hermosillo, Sonora","publisher":{"@id":"https:\/\/www.sonoraenequipo.com.mx\/#organization"},"potentialAction":[{"@type":"SearchAction","target":{"@type":"EntryPoint","urlTemplate":"https:\/\/www.sonoraenequipo.com.mx\/?s={search_term_string}"},"query-input":{"@type":"PropertyValueSpecification","valueRequired":true,"valueName":"search_term_string"}}],"inLanguage":"es"},{"@type":"Organization","@id":"https:\/\/www.sonoraenequipo.com.mx\/#organization","name":"Sonoraenequipo.com.mx","url":"https:\/\/www.sonoraenequipo.com.mx\/","logo":{"@type":"ImageObject","inLanguage":"es","@id":"https:\/\/www.sonoraenequipo.com.mx\/#\/schema\/logo\/image\/","url":"https:\/\/www.sonoraenequipo.com.mx\/storage\/2019\/01\/sonoraenequipo_opt.png","contentUrl":"https:\/\/www.sonoraenequipo.com.mx\/storage\/2019\/01\/sonoraenequipo_opt.png","width":375,"height":125,"caption":"Sonoraenequipo.com.mx"},"image":{"@id":"https:\/\/www.sonoraenequipo.com.mx\/#\/schema\/logo\/image\/"},"sameAs":["https:\/\/www.facebook.com\/SonoraEE\/","https:\/\/x.com\/sonoraenequipo","https:\/\/www.youtube.com\/channel\/UC338nW-lPEYmJQs4ZABQ1SQ"]},{"@type":"Person","@id":"https:\/\/www.sonoraenequipo.com.mx\/#\/schema\/person\/50102df0fb23a8fa9e8effad8fa81386","name":"enequipo","image":{"@type":"ImageObject","inLanguage":"es","@id":"https:\/\/www.sonoraenequipo.com.mx\/#\/schema\/person\/image\/","url":"https:\/\/secure.gravatar.com\/avatar\/049821681b589dabc0bc20695993ccebb09f5b5d4d790cd9251b97faac7c652b?s=96&d=blank&r=g","contentUrl":"https:\/\/secure.gravatar.com\/avatar\/049821681b589dabc0bc20695993ccebb09f5b5d4d790cd9251b97faac7c652b?s=96&d=blank&r=g","caption":"enequipo"},"sameAs":["https:\/\/www.facebook.com\/SonoraEE"]}]}},"jetpack_featured_media_url":"https:\/\/www.sonoraenequipo.com.mx\/storage\/2021\/02\/covid-19-efectos_opt.jpg","_links":{"self":[{"href":"https:\/\/www.sonoraenequipo.com.mx\/api\/wp\/v2\/posts\/107536","targetHints":{"allow":["GET"]}}],"collection":[{"href":"https:\/\/www.sonoraenequipo.com.mx\/api\/wp\/v2\/posts"}],"about":[{"href":"https:\/\/www.sonoraenequipo.com.mx\/api\/wp\/v2\/types\/post"}],"author":[{"embeddable":true,"href":"https:\/\/www.sonoraenequipo.com.mx\/api\/wp\/v2\/users\/1"}],"replies":[{"embeddable":true,"href":"https:\/\/www.sonoraenequipo.com.mx\/api\/wp\/v2\/comments?post=107536"}],"version-history":[{"count":1,"href":"https:\/\/www.sonoraenequipo.com.mx\/api\/wp\/v2\/posts\/107536\/revisions"}],"predecessor-version":[{"id":107540,"href":"https:\/\/www.sonoraenequipo.com.mx\/api\/wp\/v2\/posts\/107536\/revisions\/107540"}],"wp:featuredmedia":[{"embeddable":true,"href":"https:\/\/www.sonoraenequipo.com.mx\/api\/wp\/v2\/media\/107538"}],"wp:attachment":[{"href":"https:\/\/www.sonoraenequipo.com.mx\/api\/wp\/v2\/media?parent=107536"}],"wp:term":[{"taxonomy":"category","embeddable":true,"href":"https:\/\/www.sonoraenequipo.com.mx\/api\/wp\/v2\/categories?post=107536"},{"taxonomy":"post_tag","embeddable":true,"href":"https:\/\/www.sonoraenequipo.com.mx\/api\/wp\/v2\/tags?post=107536"}],"curies":[{"name":"wp","href":"https:\/\/api.w.org\/{rel}","templated":true}]}}