{"id":107552,"date":"2021-02-23T17:51:54","date_gmt":"2021-02-24T00:51:54","guid":{"rendered":"https:\/\/www.sonoraenequipo.com.mx\/?p=107552"},"modified":"2021-02-23T17:51:54","modified_gmt":"2021-02-24T00:51:54","slug":"reconoce-celida-lopez-a-emprendedores-locales-por-innovar-y-perseverar-durante-la-pandemia","status":"publish","type":"post","link":"https:\/\/www.sonoraenequipo.com.mx\/reconoce-celida-lopez-a-emprendedores-locales-por-innovar-y-perseverar-durante-la-pandemia\/","title":{"rendered":"Reconoce Celida L\u00f3pez a emprendedores locales por innovar\u00a0 y perseverar durante la pandemia"},"content":{"rendered":"<p>HERMOSILLO, SONORA,MX.\u2500\u2500 La alcaldesa de Hermosillo, Celida L\u00f3pez C\u00e1rdenas, agradeci\u00f3 a los emprendedores que este lunes se enlazaron a la segunda semana de cursos virtuales gratuitos dise\u00f1ados con el fin de impulsarlos en el crecimiento de sus negocios mediante t\u00e9cnicas de comercio digital.<\/p>\n<p>&nbsp;<\/p>\n<p>&nbsp;<\/p>\n<p>Como ejemplo del contenido de las sesiones virtuales, mencion\u00f3 el tema sobre c\u00f3mo promocionar de manera eficiente un producto o servicio que impartieron este lunes instructoras de NAFIN, a trav\u00e9s de una plataforma digital.<\/p>\n<p>&nbsp;<\/p>\n<p>&nbsp;<\/p>\n<p>Previo a dicho encuentro virtual,\u00a0 la alcaldesa Celida L\u00f3pez agradeci\u00f3 a Juan Pedro Loustaunau Molina y Claudia Colosio Murrieta, representante en Sonora y Directora de Desarrollo Empresarial y Asistencia T\u00e9cnica de NAFIN, respectivamente, por su acompa\u00f1amiento en esta estrategia de entrenamiento a distancia en beneficio de directivos y propietarios de empresas micro, peque\u00f1as y medianas en el municipio.<\/p>\n<p>&nbsp;<\/p>\n<p>&nbsp;<\/p>\n<p>Tambi\u00e9n reconoci\u00f3 a las instructoras especializadas Rosa Mar\u00eda Osuna Liz\u00e1rraga y Celeste Margarita Ojeda I\u00f1iguez, por compartir\u00a0 sus conocimientos y competencias con los emprendedores locales.<\/p>\n<p>&nbsp;<\/p>\n<p>&nbsp;<\/p>\n<p>Por su parte, Alberto Hern\u00e1ndez Taddey, Director de la Comisi\u00f3n de Fomento Econ\u00f3mico y Tur\u00edstico de Hermosillo, explic\u00f3 que las capacitaciones en alianza con NAFIN siempre hab\u00edan sido presenciales, pero en el actual escenario de pandemia la Alcaldesa Celida L\u00f3pez logr\u00f3 que Hermosillo fuera la primera ciudad en el pa\u00eds en retomarlas en la modalidad virtual y las est\u00e1 poniendo a disposici\u00f3n de las empresas.<\/p>\n<p>&nbsp;<\/p>\n<p>Mencion\u00f3 que el primer ciclo de cursos concluye con la \u00faltima sesi\u00f3n virtual el pr\u00f3ximo primero de Marzo, pero entre tanto ya est\u00e1 abierta la convocatoria para los interesados en formar parte del segundo grupo de emprendedores a capacitarse.<\/p>\n<p>&nbsp;<\/p>\n<p>&nbsp;<\/p>\n<p>Quienes deseen beneficiarse con nuevos conocimientos, herramientas y t\u00e9cnicas empresariales tienen como fecha l\u00edmite el 5 de marzo. Deber\u00e1n llamar al n\u00famero de la dependencia, 212 49 26, de las 9:00 a las 14:00 horas, registrar sus datos y recibir instrucciones relacionadas con el uso de la plataforma digital a la que tendr\u00e1n acceso de forma totalmente gratuita a partir del lunes 8 de marzo.<\/p>\n<p>Fecha de publicaci\u00f3n\u00a0\u00a0\u00a0 lunes 22\/feb\/2021<\/p>\n","protected":false},"excerpt":{"rendered":"<p>HERMOSILLO, SONORA,MX.\u2500\u2500 La alcaldesa de Hermosillo, Celida L\u00f3pez C\u00e1rdenas, agradeci\u00f3 a los emprendedores que este&#8230;<\/p>\n","protected":false},"author":1,"featured_media":107553,"comment_status":"open","ping_status":"open","sticky":false,"template":"","format":"standard","meta":{"_monsterinsights_skip_tracking":false,"_monsterinsights_sitenote_active":false,"_monsterinsights_sitenote_note":"","_monsterinsights_sitenote_category":0,"footnotes":""},"categories":[4],"tags":[4249,93,35],"class_list":["post"],"yoast_head":" \n<title>Sonora en Equipo. Reconoce Celida L\u00f3pez a emprendedores locales por innovar\u00a0 y perseverar durante la pandemia Municipios<\/title>\n<meta name=\"description\" content=\"HERMOSILLO, SONORA,MX.\u2500\u2500 La alcaldesa de Hermosillo, Celida L\u00f3pez C\u00e1rdenas, agradeci\u00f3 a los emprendedores que este lunes se enlazaron a la segunda semana En Sonora en Equipo publicamos toda la informaci\u00f3n de Sonora, M\u00e9xico y el Mundo de manera oportuna y busca que la libertad de expresi\u00f3n sea real. Visita nuestro medio informativo publicado desde Hermosillo, Sonora. %\" \/>\n<meta name=\"robots\" content=\"index, follow, max-snippet:-1, max-image-preview:large, max-video-preview:-1\" \/>\n<link rel=\"canonical\" href=\"https:\/\/www.sonoraenequipo.com.mx\/reconoce-celida-lopez-a-emprendedores-locales-por-innovar-y-perseverar-durante-la-pandemia\/\" \/>\n<meta property=\"og:locale\" content=\"es_ES\" \/>\n<meta property=\"og:type\" content=\"article\" \/>\n<meta property=\"og:title\" content=\"Sonora en Equipo. Reconoce Celida L\u00f3pez a emprendedores locales por innovar\u00a0 y perseverar durante la pandemia Municipios\" \/>\n<meta property=\"og:description\" content=\"HERMOSILLO, SONORA,MX.\u2500\u2500 La alcaldesa de Hermosillo, Celida L\u00f3pez C\u00e1rdenas, agradeci\u00f3 a los emprendedores que este lunes se enlazaron a la segunda semana En Sonora en Equipo publicamos toda la informaci\u00f3n de Sonora, M\u00e9xico y el Mundo de manera oportuna y busca que la libertad de expresi\u00f3n sea real. Visita nuestro medio informativo publicado desde Hermosillo, Sonora. %\" \/>\n<meta property=\"og:url\" content=\"https:\/\/www.sonoraenequipo.com.mx\/reconoce-celida-lopez-a-emprendedores-locales-por-innovar-y-perseverar-durante-la-pandemia\/\" \/>\n<meta property=\"og:site_name\" content=\"Sonora en Equipo.\" \/>\n<meta property=\"article:publisher\" content=\"https:\/\/www.facebook.com\/SonoraEE\/\" \/>\n<meta property=\"article:author\" content=\"https:\/\/www.facebook.com\/SonoraEE\" \/>\n<meta property=\"article:published_time\" content=\"2021-02-24T00:51:54+00:00\" \/>\n<meta property=\"og:image\" content=\"https:\/\/www.sonoraenequipo.com.mx\/storage\/2021\/02\/clc-lpc.jpg\" \/>\n\t<meta property=\"og:image:width\" content=\"500\" \/>\n\t<meta property=\"og:image:height\" content=\"300\" \/>\n\t<meta property=\"og:image:type\" content=\"image\/jpeg\" \/>\n<meta name=\"author\" content=\"enequipo\" \/>\n<meta name=\"twitter:card\" content=\"summary_large_image\" \/>\n<meta name=\"twitter:creator\" content=\"@sonoraenequipo\" \/>\n<meta name=\"twitter:site\" content=\"@sonoraenequipo\" \/>\n<meta name=\"twitter:label1\" content=\"Escrito por\" \/>\n\t<meta name=\"twitter:data1\" content=\"enequipo\" \/>\n\t<meta name=\"twitter:label2\" content=\"Tiempo de lectura\" \/>\n\t<meta name=\"twitter:data2\" content=\"2 minutos\" \/>\n<script type=\"application\/ld+json\" class=\"yoast-schema-graph\">{\"@context\":\"https:\/\/schema.org\",\"@graph\":[{\"@type\":\"Article\",\"@id\":\"https:\/\/www.sonoraenequipo.com.mx\/reconoce-celida-lopez-a-emprendedores-locales-por-innovar-y-perseverar-durante-la-pandemia\/#article\",\"isPartOf\":{\"@id\":\"https:\/\/www.sonoraenequipo.com.mx\/reconoce-celida-lopez-a-emprendedores-locales-por-innovar-y-perseverar-durante-la-pandemia\/\"},\"author\":{\"name\":\"enequipo\",\"@id\":\"https:\/\/www.sonoraenequipo.com.mx\/#\/schema\/person\/50102df0fb23a8fa9e8effad8fa81386\"},\"headline\":\"Reconoce Celida L\u00f3pez a emprendedores locales por innovar\u00a0 y perseverar durante la pandemia\",\"datePublished\":\"2021-02-24T00:51:54+00:00\",\"mainEntityOfPage\":{\"@id\":\"https:\/\/www.sonoraenequipo.com.mx\/reconoce-celida-lopez-a-emprendedores-locales-por-innovar-y-perseverar-durante-la-pandemia\/\"},\"wordCount\":383,\"commentCount\":0,\"publisher\":{\"@id\":\"https:\/\/www.sonoraenequipo.com.mx\/#organization\"},\"image\":{\"@id\":\"https:\/\/www.sonoraenequipo.com.mx\/reconoce-celida-lopez-a-emprendedores-locales-por-innovar-y-perseverar-durante-la-pandemia\/#primaryimage\"},\"thumbnailUrl\":\"https:\/\/www.sonoraenequipo.com.mx\/storage\/2021\/02\/clc-lpc.jpg\",\"keywords\":[\"covid\",\"econom\u00eda\",\"hermosillo\"],\"articleSection\":[\"Municipios\"],\"inLanguage\":\"es\",\"potentialAction\":[{\"@type\":\"CommentAction\",\"name\":\"Comment\",\"target\":[\"https:\/\/www.sonoraenequipo.com.mx\/reconoce-celida-lopez-a-emprendedores-locales-por-innovar-y-perseverar-durante-la-pandemia\/#respond\"]}]},{\"@type\":\"WebPage\",\"@id\":\"https:\/\/www.sonoraenequipo.com.mx\/reconoce-celida-lopez-a-emprendedores-locales-por-innovar-y-perseverar-durante-la-pandemia\/\",\"url\":\"https:\/\/www.sonoraenequipo.com.mx\/reconoce-celida-lopez-a-emprendedores-locales-por-innovar-y-perseverar-durante-la-pandemia\/\",\"name\":\"Sonora en Equipo. Reconoce Celida L\u00f3pez a emprendedores locales por innovar\u00a0 y perseverar durante la pandemia Municipios\",\"isPartOf\":{\"@id\":\"https:\/\/www.sonoraenequipo.com.mx\/#website\"},\"primaryImageOfPage\":{\"@id\":\"https:\/\/www.sonoraenequipo.com.mx\/reconoce-celida-lopez-a-emprendedores-locales-por-innovar-y-perseverar-durante-la-pandemia\/#primaryimage\"},\"image\":{\"@id\":\"https:\/\/www.sonoraenequipo.com.mx\/reconoce-celida-lopez-a-emprendedores-locales-por-innovar-y-perseverar-durante-la-pandemia\/#primaryimage\"},\"thumbnailUrl\":\"https:\/\/www.sonoraenequipo.com.mx\/storage\/2021\/02\/clc-lpc.jpg\",\"datePublished\":\"2021-02-24T00:51:54+00:00\",\"description\":\"HERMOSILLO, SONORA,MX.\u2500\u2500 La alcaldesa de Hermosillo, Celida L\u00f3pez C\u00e1rdenas, agradeci\u00f3 a los emprendedores que este lunes se enlazaron a la segunda semana En Sonora en Equipo publicamos toda la informaci\u00f3n de Sonora, M\u00e9xico y el Mundo de manera oportuna y busca que la libertad de expresi\u00f3n sea real. Visita nuestro medio informativo publicado desde Hermosillo, Sonora. %\",\"breadcrumb\":{\"@id\":\"https:\/\/www.sonoraenequipo.com.mx\/reconoce-celida-lopez-a-emprendedores-locales-por-innovar-y-perseverar-durante-la-pandemia\/#breadcrumb\"},\"inLanguage\":\"es\",\"potentialAction\":[{\"@type\":\"ReadAction\",\"target\":[\"https:\/\/www.sonoraenequipo.com.mx\/reconoce-celida-lopez-a-emprendedores-locales-por-innovar-y-perseverar-durante-la-pandemia\/\"]}]},{\"@type\":\"ImageObject\",\"inLanguage\":\"es\",\"@id\":\"https:\/\/www.sonoraenequipo.com.mx\/reconoce-celida-lopez-a-emprendedores-locales-por-innovar-y-perseverar-durante-la-pandemia\/#primaryimage\",\"url\":\"https:\/\/www.sonoraenequipo.com.mx\/storage\/2021\/02\/clc-lpc.jpg\",\"contentUrl\":\"https:\/\/www.sonoraenequipo.com.mx\/storage\/2021\/02\/clc-lpc.jpg\",\"width\":500,\"height\":300},{\"@type\":\"BreadcrumbList\",\"@id\":\"https:\/\/www.sonoraenequipo.com.mx\/reconoce-celida-lopez-a-emprendedores-locales-por-innovar-y-perseverar-durante-la-pandemia\/#breadcrumb\",\"itemListElement\":[{\"@type\":\"ListItem\",\"position\":1,\"name\":\"Portada\",\"item\":\"https:\/\/www.sonoraenequipo.com.mx\/\"},{\"@type\":\"ListItem\",\"position\":2,\"name\":\"Reconoce Celida L\u00f3pez a emprendedores locales por innovar\u00a0 y perseverar durante la pandemia\"}]},{\"@type\":\"WebSite\",\"@id\":\"https:\/\/www.sonoraenequipo.com.mx\/#website\",\"url\":\"https:\/\/www.sonoraenequipo.com.mx\/\",\"name\":\"Sonora en Equipo.\",\"description\":\"Diario en l\u00ednea con Noticias desde Hermosillo, Sonora\",\"publisher\":{\"@id\":\"https:\/\/www.sonoraenequipo.com.mx\/#organization\"},\"potentialAction\":[{\"@type\":\"SearchAction\",\"target\":{\"@type\":\"EntryPoint\",\"urlTemplate\":\"https:\/\/www.sonoraenequipo.com.mx\/?s={search_term_string}\"},\"query-input\":{\"@type\":\"PropertyValueSpecification\",\"valueRequired\":true,\"valueName\":\"search_term_string\"}}],\"inLanguage\":\"es\"},{\"@type\":\"Organization\",\"@id\":\"https:\/\/www.sonoraenequipo.com.mx\/#organization\",\"name\":\"Sonoraenequipo.com.mx\",\"url\":\"https:\/\/www.sonoraenequipo.com.mx\/\",\"logo\":{\"@type\":\"ImageObject\",\"inLanguage\":\"es\",\"@id\":\"https:\/\/www.sonoraenequipo.com.mx\/#\/schema\/logo\/image\/\",\"url\":\"https:\/\/www.sonoraenequipo.com.mx\/storage\/2019\/01\/sonoraenequipo_opt.png\",\"contentUrl\":\"https:\/\/www.sonoraenequipo.com.mx\/storage\/2019\/01\/sonoraenequipo_opt.png\",\"width\":375,\"height\":125,\"caption\":\"Sonoraenequipo.com.mx\"},\"image\":{\"@id\":\"https:\/\/www.sonoraenequipo.com.mx\/#\/schema\/logo\/image\/\"},\"sameAs\":[\"https:\/\/www.facebook.com\/SonoraEE\/\",\"https:\/\/x.com\/sonoraenequipo\",\"https:\/\/www.youtube.com\/channel\/UC338nW-lPEYmJQs4ZABQ1SQ\"]},{\"@type\":\"Person\",\"@id\":\"https:\/\/www.sonoraenequipo.com.mx\/#\/schema\/person\/50102df0fb23a8fa9e8effad8fa81386\",\"name\":\"enequipo\",\"image\":{\"@type\":\"ImageObject\",\"inLanguage\":\"es\",\"@id\":\"https:\/\/www.sonoraenequipo.com.mx\/#\/schema\/person\/image\/\",\"url\":\"https:\/\/secure.gravatar.com\/avatar\/049821681b589dabc0bc20695993ccebb09f5b5d4d790cd9251b97faac7c652b?s=96&d=blank&r=g\",\"contentUrl\":\"https:\/\/secure.gravatar.com\/avatar\/049821681b589dabc0bc20695993ccebb09f5b5d4d790cd9251b97faac7c652b?s=96&d=blank&r=g\",\"caption\":\"enequipo\"},\"sameAs\":[\"https:\/\/www.facebook.com\/SonoraEE\"]}]}<\/script>\n ","yoast_head_json":{"title":"Sonora en Equipo. Reconoce Celida L\u00f3pez a emprendedores locales por innovar\u00a0 y perseverar durante la pandemia Municipios","description":"HERMOSILLO, SONORA,MX.\u2500\u2500 La alcaldesa de Hermosillo, Celida L\u00f3pez C\u00e1rdenas, agradeci\u00f3 a los emprendedores que este lunes se enlazaron a la segunda semana En Sonora en Equipo publicamos toda la informaci\u00f3n de Sonora, M\u00e9xico y el Mundo de manera oportuna y busca que la libertad de expresi\u00f3n sea real. Visita nuestro medio informativo publicado desde Hermosillo, Sonora. %","robots":{"index":"index","follow":"follow","max-snippet":"max-snippet:-1","max-image-preview":"max-image-preview:large","max-video-preview":"max-video-preview:-1"},"canonical":"https:\/\/www.sonoraenequipo.com.mx\/reconoce-celida-lopez-a-emprendedores-locales-por-innovar-y-perseverar-durante-la-pandemia\/","og_locale":"es_ES","og_type":"article","og_title":"Sonora en Equipo. Reconoce Celida L\u00f3pez a emprendedores locales por innovar\u00a0 y perseverar durante la pandemia Municipios","og_description":"HERMOSILLO, SONORA,MX.\u2500\u2500 La alcaldesa de Hermosillo, Celida L\u00f3pez C\u00e1rdenas, agradeci\u00f3 a los emprendedores que este lunes se enlazaron a la segunda semana En Sonora en Equipo publicamos toda la informaci\u00f3n de Sonora, M\u00e9xico y el Mundo de manera oportuna y busca que la libertad de expresi\u00f3n sea real. Visita nuestro medio informativo publicado desde Hermosillo, Sonora. %","og_url":"https:\/\/www.sonoraenequipo.com.mx\/reconoce-celida-lopez-a-emprendedores-locales-por-innovar-y-perseverar-durante-la-pandemia\/","og_site_name":"Sonora en Equipo.","article_publisher":"https:\/\/www.facebook.com\/SonoraEE\/","article_author":"https:\/\/www.facebook.com\/SonoraEE","article_published_time":"2021-02-24T00:51:54+00:00","og_image":[{"width":500,"height":300,"url":"https:\/\/www.sonoraenequipo.com.mx\/storage\/2021\/02\/clc-lpc.jpg","type":"image\/jpeg"}],"author":"enequipo","twitter_card":"summary_large_image","twitter_creator":"@sonoraenequipo","twitter_site":"@sonoraenequipo","twitter_misc":{"Escrito por":"enequipo","Tiempo de lectura":"2 minutos"},"schema":{"@context":"https:\/\/schema.org","@graph":[{"@type":"Article","@id":"https:\/\/www.sonoraenequipo.com.mx\/reconoce-celida-lopez-a-emprendedores-locales-por-innovar-y-perseverar-durante-la-pandemia\/#article","isPartOf":{"@id":"https:\/\/www.sonoraenequipo.com.mx\/reconoce-celida-lopez-a-emprendedores-locales-por-innovar-y-perseverar-durante-la-pandemia\/"},"author":{"name":"enequipo","@id":"https:\/\/www.sonoraenequipo.com.mx\/#\/schema\/person\/50102df0fb23a8fa9e8effad8fa81386"},"headline":"Reconoce Celida L\u00f3pez a emprendedores locales por innovar\u00a0 y perseverar durante la pandemia","datePublished":"2021-02-24T00:51:54+00:00","mainEntityOfPage":{"@id":"https:\/\/www.sonoraenequipo.com.mx\/reconoce-celida-lopez-a-emprendedores-locales-por-innovar-y-perseverar-durante-la-pandemia\/"},"wordCount":383,"commentCount":0,"publisher":{"@id":"https:\/\/www.sonoraenequipo.com.mx\/#organization"},"image":{"@id":"https:\/\/www.sonoraenequipo.com.mx\/reconoce-celida-lopez-a-emprendedores-locales-por-innovar-y-perseverar-durante-la-pandemia\/#primaryimage"},"thumbnailUrl":"https:\/\/www.sonoraenequipo.com.mx\/storage\/2021\/02\/clc-lpc.jpg","keywords":["covid","econom\u00eda","hermosillo"],"articleSection":["Municipios"],"inLanguage":"es","potentialAction":[{"@type":"CommentAction","name":"Comment","target":["https:\/\/www.sonoraenequipo.com.mx\/reconoce-celida-lopez-a-emprendedores-locales-por-innovar-y-perseverar-durante-la-pandemia\/#respond"]}]},{"@type":"WebPage","@id":"https:\/\/www.sonoraenequipo.com.mx\/reconoce-celida-lopez-a-emprendedores-locales-por-innovar-y-perseverar-durante-la-pandemia\/","url":"https:\/\/www.sonoraenequipo.com.mx\/reconoce-celida-lopez-a-emprendedores-locales-por-innovar-y-perseverar-durante-la-pandemia\/","name":"Sonora en Equipo. Reconoce Celida L\u00f3pez a emprendedores locales por innovar\u00a0 y perseverar durante la pandemia Municipios","isPartOf":{"@id":"https:\/\/www.sonoraenequipo.com.mx\/#website"},"primaryImageOfPage":{"@id":"https:\/\/www.sonoraenequipo.com.mx\/reconoce-celida-lopez-a-emprendedores-locales-por-innovar-y-perseverar-durante-la-pandemia\/#primaryimage"},"image":{"@id":"https:\/\/www.sonoraenequipo.com.mx\/reconoce-celida-lopez-a-emprendedores-locales-por-innovar-y-perseverar-durante-la-pandemia\/#primaryimage"},"thumbnailUrl":"https:\/\/www.sonoraenequipo.com.mx\/storage\/2021\/02\/clc-lpc.jpg","datePublished":"2021-02-24T00:51:54+00:00","description":"HERMOSILLO, SONORA,MX.\u2500\u2500 La alcaldesa de Hermosillo, Celida L\u00f3pez C\u00e1rdenas, agradeci\u00f3 a los emprendedores que este lunes se enlazaron a la segunda semana En Sonora en Equipo publicamos toda la informaci\u00f3n de Sonora, M\u00e9xico y el Mundo de manera oportuna y busca que la libertad de expresi\u00f3n sea real. Visita nuestro medio informativo publicado desde Hermosillo, Sonora. %","breadcrumb":{"@id":"https:\/\/www.sonoraenequipo.com.mx\/reconoce-celida-lopez-a-emprendedores-locales-por-innovar-y-perseverar-durante-la-pandemia\/#breadcrumb"},"inLanguage":"es","potentialAction":[{"@type":"ReadAction","target":["https:\/\/www.sonoraenequipo.com.mx\/reconoce-celida-lopez-a-emprendedores-locales-por-innovar-y-perseverar-durante-la-pandemia\/"]}]},{"@type":"ImageObject","inLanguage":"es","@id":"https:\/\/www.sonoraenequipo.com.mx\/reconoce-celida-lopez-a-emprendedores-locales-por-innovar-y-perseverar-durante-la-pandemia\/#primaryimage","url":"https:\/\/www.sonoraenequipo.com.mx\/storage\/2021\/02\/clc-lpc.jpg","contentUrl":"https:\/\/www.sonoraenequipo.com.mx\/storage\/2021\/02\/clc-lpc.jpg","width":500,"height":300},{"@type":"BreadcrumbList","@id":"https:\/\/www.sonoraenequipo.com.mx\/reconoce-celida-lopez-a-emprendedores-locales-por-innovar-y-perseverar-durante-la-pandemia\/#breadcrumb","itemListElement":[{"@type":"ListItem","position":1,"name":"Portada","item":"https:\/\/www.sonoraenequipo.com.mx\/"},{"@type":"ListItem","position":2,"name":"Reconoce Celida L\u00f3pez a emprendedores locales por innovar\u00a0 y perseverar durante la pandemia"}]},{"@type":"WebSite","@id":"https:\/\/www.sonoraenequipo.com.mx\/#website","url":"https:\/\/www.sonoraenequipo.com.mx\/","name":"Sonora en Equipo.","description":"Diario en l\u00ednea con Noticias desde Hermosillo, Sonora","publisher":{"@id":"https:\/\/www.sonoraenequipo.com.mx\/#organization"},"potentialAction":[{"@type":"SearchAction","target":{"@type":"EntryPoint","urlTemplate":"https:\/\/www.sonoraenequipo.com.mx\/?s={search_term_string}"},"query-input":{"@type":"PropertyValueSpecification","valueRequired":true,"valueName":"search_term_string"}}],"inLanguage":"es"},{"@type":"Organization","@id":"https:\/\/www.sonoraenequipo.com.mx\/#organization","name":"Sonoraenequipo.com.mx","url":"https:\/\/www.sonoraenequipo.com.mx\/","logo":{"@type":"ImageObject","inLanguage":"es","@id":"https:\/\/www.sonoraenequipo.com.mx\/#\/schema\/logo\/image\/","url":"https:\/\/www.sonoraenequipo.com.mx\/storage\/2019\/01\/sonoraenequipo_opt.png","contentUrl":"https:\/\/www.sonoraenequipo.com.mx\/storage\/2019\/01\/sonoraenequipo_opt.png","width":375,"height":125,"caption":"Sonoraenequipo.com.mx"},"image":{"@id":"https:\/\/www.sonoraenequipo.com.mx\/#\/schema\/logo\/image\/"},"sameAs":["https:\/\/www.facebook.com\/SonoraEE\/","https:\/\/x.com\/sonoraenequipo","https:\/\/www.youtube.com\/channel\/UC338nW-lPEYmJQs4ZABQ1SQ"]},{"@type":"Person","@id":"https:\/\/www.sonoraenequipo.com.mx\/#\/schema\/person\/50102df0fb23a8fa9e8effad8fa81386","name":"enequipo","image":{"@type":"ImageObject","inLanguage":"es","@id":"https:\/\/www.sonoraenequipo.com.mx\/#\/schema\/person\/image\/","url":"https:\/\/secure.gravatar.com\/avatar\/049821681b589dabc0bc20695993ccebb09f5b5d4d790cd9251b97faac7c652b?s=96&d=blank&r=g","contentUrl":"https:\/\/secure.gravatar.com\/avatar\/049821681b589dabc0bc20695993ccebb09f5b5d4d790cd9251b97faac7c652b?s=96&d=blank&r=g","caption":"enequipo"},"sameAs":["https:\/\/www.facebook.com\/SonoraEE"]}]}},"jetpack_featured_media_url":"https:\/\/www.sonoraenequipo.com.mx\/storage\/2021\/02\/clc-lpc.jpg","_links":{"self":[{"href":"https:\/\/www.sonoraenequipo.com.mx\/api\/wp\/v2\/posts\/107552","targetHints":{"allow":["GET"]}}],"collection":[{"href":"https:\/\/www.sonoraenequipo.com.mx\/api\/wp\/v2\/posts"}],"about":[{"href":"https:\/\/www.sonoraenequipo.com.mx\/api\/wp\/v2\/types\/post"}],"author":[{"embeddable":true,"href":"https:\/\/www.sonoraenequipo.com.mx\/api\/wp\/v2\/users\/1"}],"replies":[{"embeddable":true,"href":"https:\/\/www.sonoraenequipo.com.mx\/api\/wp\/v2\/comments?post=107552"}],"version-history":[{"count":1,"href":"https:\/\/www.sonoraenequipo.com.mx\/api\/wp\/v2\/posts\/107552\/revisions"}],"predecessor-version":[{"id":107554,"href":"https:\/\/www.sonoraenequipo.com.mx\/api\/wp\/v2\/posts\/107552\/revisions\/107554"}],"wp:featuredmedia":[{"embeddable":true,"href":"https:\/\/www.sonoraenequipo.com.mx\/api\/wp\/v2\/media\/107553"}],"wp:attachment":[{"href":"https:\/\/www.sonoraenequipo.com.mx\/api\/wp\/v2\/media?parent=107552"}],"wp:term":[{"taxonomy":"category","embeddable":true,"href":"https:\/\/www.sonoraenequipo.com.mx\/api\/wp\/v2\/categories?post=107552"},{"taxonomy":"post_tag","embeddable":true,"href":"https:\/\/www.sonoraenequipo.com.mx\/api\/wp\/v2\/tags?post=107552"}],"curies":[{"name":"wp","href":"https:\/\/api.w.org\/{rel}","templated":true}]}}