{"id":107556,"date":"2021-02-23T18:14:57","date_gmt":"2021-02-24T01:14:57","guid":{"rendered":"https:\/\/www.sonoraenequipo.com.mx\/?p=107556"},"modified":"2021-02-23T18:14:57","modified_gmt":"2021-02-24T01:14:57","slug":"democracia-incompatible-con-instituciones-publicas-cerradas-ante-el-derecho-a-saber-inai","status":"publish","type":"post","link":"https:\/\/www.sonoraenequipo.com.mx\/democracia-incompatible-con-instituciones-publicas-cerradas-ante-el-derecho-a-saber-inai\/","title":{"rendered":"Democracia \u00a0incompatible con instituciones p\u00fablicas cerradas ante el derecho a saber: INAI"},"content":{"rendered":"<p>&nbsp;<\/p>\n<p>&nbsp;<\/p>\n<p>CIUDAD DE M\u00c9XICO.\u2500La democracia es incompatible con las instituciones p\u00fablicas cerradas e impasibles ante el derecho a saber sobre los asuntos de la Rep\u00fablica, afirm\u00f3 la Comisionada Presidenta del Instituto Nacional de Transparencia, Acceso a la Informaci\u00f3n y Protecci\u00f3n de Datos Personales (INAI), al presentar el Informe de Labores 2020 ante el Senado de la Rep\u00fablica.<\/p>\n<p>&nbsp;<\/p>\n<p>\u201cM\u00e9xico demanda unidad y \u00e9sta se puede construir si todos tomamos la ruta de la ley, si dejamos atr\u00e1s descalificaciones y estigmatizaciones, si construimos un di\u00e1logo fuerte y vigoroso, plural y diverso, pero respetuoso, buscando la unidad de las y los mexicanos.<\/p>\n<p>&nbsp;<\/p>\n<p>\u201cQue la informaci\u00f3n sea hoy p\u00fablica y publicable representa un paso adelante en el proceso liberador y democratizador de las y los mexicanos. Es una conquista que necesitamos valorar y preservar. Sin ella, declinar\u00eda nuestra libertad\u201d, subray\u00f3.<\/p>\n<p>&nbsp;<\/p>\n<p>Ibarra Cadena se\u00f1al\u00f3 que el INAI es un \u00f3rgano t\u00e9cnico al servicio de la sociedad, alejado del manejo pol\u00edtico, cuya funci\u00f3n es garantizar el acceso la informaci\u00f3n p\u00fablica y la protecci\u00f3n de datos personales, dos derechos fundamentales, ajenos a intereses ideol\u00f3gicos, econ\u00f3micos, personales o partidistas\u201d.<\/p>\n<p>&nbsp;<\/p>\n<p>\u201cEl acceso a la informaci\u00f3n en cualquier tiempo es neutral en los distintos niveles de gobierno y de los partidos que los postularon. Solo responde al derecho de las y los ciudadanos\u201d, sostuvo.<\/p>\n<p>&nbsp;<\/p>\n<p>La Comisionada Presidenta plante\u00f3 que el organismo aut\u00f3nomo ejerce funciones de control y equilibrio, al fijar l\u00edmites al ejercicio del poder, desde un enfoque garantista, por lo que sus funciones son indelegables.<\/p>\n<p>&nbsp;<\/p>\n<p>\u201cPara el INAI la defensa y promoci\u00f3n de los derechos humanos que fundamentan su existencia no es una opci\u00f3n, sino un imperativo irrenunciable. Sus funciones son indelegables, como lo ha se\u00f1alado la Corte Interamericana de Derechos Humanos\u201d, apunt\u00f3.<\/p>\n<p>&nbsp;<\/p>\n<p>&nbsp;<\/p>\n<p>Destac\u00f3 que, en la actuaci\u00f3n y en el ejercicio de sus atribuciones, el INAI no es adversario ni confrontativo; por el contrario, es coadyuvante, en beneficio de los gobernados para que los sujetos obligados p\u00fablicos o privados cumplan con los derechos de acceso a la informaci\u00f3n y de protecci\u00f3n de datos personales.<\/p>\n<p>&nbsp;<\/p>\n<p>Frente a las y los legisladores presentes, Ibarra Cadena dijo que acude al Senado de la Rep\u00fablica, en representaci\u00f3n del Pleno, con esp\u00edritu de cooperaci\u00f3n republicana, federalista y democr\u00e1tica, para cumplir con la obligaci\u00f3n constitucional de presentar el Informe anual de labores y expresar su disposici\u00f3n al di\u00e1logo y a la cooperaci\u00f3n institucional.<\/p>\n<p>&nbsp;<\/p>\n<p>Acompa\u00f1ada de las Comisionada del INAI, Norma Julieta del R\u00edo Venegas y Josefina Rom\u00e1n Vergara; as\u00ed como los Comisionados Francisco Javier Acu\u00f1a Llamas, Adri\u00e1n Alcal\u00e1 M\u00e9ndez, Oscar Guerra Ford y Rosendoevgueni Monterrey Chepov, la Comisionada Presidenta dio cuenta de las acciones emprendidas por el Instituto, entre de octubre de 2019 a septiembre de 2020.<\/p>\n<p>&nbsp;<\/p>\n<p>Destac\u00f3 que se presentaron m\u00e1s de 237 mil solicitudes de acceso a la informaci\u00f3n y m\u00e1s de 45 mil solicitudes de protecci\u00f3n de datos personales. Asimismo, indic\u00f3 que el Pleno resolvi\u00f3 14 mil 941 medios de impugnaci\u00f3n de acceso a la informaci\u00f3n y mil 900 de protecci\u00f3n de datos personales.<\/p>\n<p>&nbsp;<\/p>\n<p>\u201cEn la gran mayor\u00eda, nuestras resoluciones tuvieron una instrucci\u00f3n para los sujetos obligados; estas decisiones han permitido a las y los mexicanos hacer efectivos otros derechos\u201d, recalc\u00f3.<\/p>\n<p>&nbsp;<\/p>\n<p>En materia de protecci\u00f3n de datos, en el sector privado, dio a conocer que se instauraron 75 procedimientos de imposici\u00f3n de sanciones y se impusieron multas por 56 millones 771 mil pesos, por el incumplimiento de la Ley Federal de Protecci\u00f3n de Datos Personales, lo cual \u201cdemuestra que el INAI ejerce a plenitud sus facultades ante cualquier responsable o encargado\u201d.<\/p>\n<p>&nbsp;<\/p>\n<p>Adem\u00e1s, expuso que se llevaron a cabo 176 acciones de capacitaci\u00f3n presencial y en l\u00ednea, as\u00ed como 18 cursos a trav\u00e9s del Centro Virtual de Capacitaci\u00f3n. En total, se capacit\u00f3 a 269 mil 392 participantes.<\/p>\n<p>&nbsp;<\/p>\n<p>La Comisionada Presidenta destac\u00f3 tambi\u00e9n la presencia internacional del INAI y su participaci\u00f3n en el Comit\u00e9 Ejecutivo de la Asamblea Global de Privacidad, en el Comit\u00e9 Consultivo del Convenio 108 del Consejo de Europa, en la Secretar\u00eda Ejecutiva de la Red de Transparencia y Acceso a la Informaci\u00f3n en Am\u00e9rica Latina y en la Red por la Integridad.<\/p>\n<p>&nbsp;<\/p>\n<p>\u201cLos datos hoy informados confirman lo \u00fatil y valioso de la transparencia, de contar con un \u00f3rgano garante comprometido, pero perfectible, como ente din\u00e1mico y progresivo, identificando sus debilidades para corregirlas, sus fortalezas para mantenerlas y mejorarlas, ese ser\u00e1 el sendero del INAI, que no escapa al escrutinio p\u00fablico\u201d, expres\u00f3.<\/p>\n<p>&nbsp;<\/p>\n<p>Ibarra Cadena reconoci\u00f3 el compromiso democr\u00e1tico que han expresado las y los legisladores, tanto en lo particular, como en su condici\u00f3n de miembros de las fracciones representadas en el Senado, respecto del curso de acci\u00f3n que podr\u00eda tomar el INAI.<\/p>\n<p>&nbsp;<\/p>\n<p>En el acto, celebrado de forma virtual, participaron el Presidente de la Mesa Directiva del Senado del Rep\u00fablica, Oscar Eduardo Ram\u00edrez Aguilar; el Vicepresidente Jorge Carlos Ram\u00edrez Mar\u00edn; el Senador independiente, Emilio \u00c1lvarez Icaza; la Senadora Eunice Renata Romo Molina, de Encuentro Social; la Senadora Geovanna Ba\u00f1uelos De la Torre, del PT; el Senador Juan Manuel F\u00f3cil P\u00e9rez, del PRD; la Senadora Ver\u00f3nica Delgadillo Garc\u00eda, de Movimiento Ciudadano; la Senadora Nuvia Mayorga Delgado, del PRl; X\u00f3chitl G\u00e1lvez Ruiz, del PAN, y la Senadora M\u00f3nica Fern\u00e1ndez Balboa, de Morena.<\/p>\n<p>&nbsp;<\/p>\n<p>Estuvieron presentes el Coordinador de los \u00d3rganos Garantes de las Entidades Federativas del Sistema Nacional de Transparencia, Julio C\u00e9sar Bonilla Guti\u00e9rrez, y la Presidenta del Consejo Consultivo del INAI, Nuhad Ponce Kuri. DEMOCRACIA, INCOMPATIBLE CON INSTITUCIONES P\u00daBLICAS CERRADAS ANTE EL DERECHO A SABER: INAI<\/p>\n<p>&nbsp;<\/p>\n<p>\u25aa\ufe0eEn representaci\u00f3n del Pleno, la Comisionada Presidenta del INAI, Blanca Lilia Ibarra Cadena, present\u00f3 el Informe de Labores 2020 ante el Senado de la Rep\u00fablica<\/p>\n<p>&nbsp;<\/p>\n<p>\u25aa\ufe0eM\u00e9xico demanda unidad y \u00e9sta se puede construir si todos tomamos la ruta de la ley, si dejamos atr\u00e1s descalificaciones y estigmatizaciones, si construimos un di\u00e1logo plural respetuoso, subray\u00f3<\/p>\n<p>&nbsp;<\/p>\n<p>La democracia es incompatible con las instituciones p\u00fablicas cerradas e impasibles ante el derecho a saber sobre los asuntos de la Rep\u00fablica, afirm\u00f3 la Comisionada Presidenta del Instituto Nacional de Transparencia, Acceso a la Informaci\u00f3n y Protecci\u00f3n de Datos Personales (INAI), al presentar el Informe de Labores 2020 ante el Senado de la Rep\u00fablica.<\/p>\n<p>&nbsp;<\/p>\n<p>\u201cM\u00e9xico demanda unidad y \u00e9sta se puede construir si todos tomamos la ruta de la ley, si dejamos atr\u00e1s descalificaciones y estigmatizaciones, si construimos un di\u00e1logo fuerte y vigoroso, plural y diverso, pero respetuoso, buscando la unidad de las y los mexicanos.<\/p>\n<p>&nbsp;<\/p>\n<p>\u201cQue la informaci\u00f3n sea hoy p\u00fablica y publicable representa un paso adelante en el proceso liberador y democratizador de las y los mexicanos. Es una conquista que necesitamos valorar y preservar. Sin ella, declinar\u00eda nuestra libertad\u201d, subray\u00f3.<\/p>\n<p>&nbsp;<\/p>\n<p>Ibarra Cadena se\u00f1al\u00f3 que el INAI es un \u00f3rgano t\u00e9cnico al servicio de la sociedad, alejado del manejo pol\u00edtico, cuya funci\u00f3n es garantizar el acceso la informaci\u00f3n p\u00fablica y la protecci\u00f3n de datos personales, dos derechos fundamentales, ajenos a intereses ideol\u00f3gicos, econ\u00f3micos, personales o partidistas\u201d.<\/p>\n<p>&nbsp;<\/p>\n<p>\u201cEl acceso a la informaci\u00f3n en cualquier tiempo es neutral en los distintos niveles de gobierno y de los partidos que los postularon. Solo responde al derecho de las y los ciudadanos\u201d, sostuvo.<\/p>\n<p>&nbsp;<\/p>\n<p>La Comisionada Presidenta plante\u00f3 que el organismo aut\u00f3nomo ejerce funciones de control y equilibrio, al fijar l\u00edmites al ejercicio del poder, desde un enfoque garantista, por lo que sus funciones son indelegables.<\/p>\n<p>&nbsp;<\/p>\n<p>\u201cPara el INAI la defensa y promoci\u00f3n de los derechos humanos que fundamentan su existencia no es una opci\u00f3n, sino un imperativo irrenunciable. Sus funciones son indelegables, como lo ha se\u00f1alado la Corte Interamericana de Derechos Humanos\u201d, apunt\u00f3.<\/p>\n<p>&nbsp;<\/p>\n<p>Destac\u00f3 que, en la actuaci\u00f3n y en el ejercicio de sus atribuciones, el INAI no es adversario ni confrontativo; por el contrario, es coadyuvante, en beneficio de los gobernados para que los sujetos obligados p\u00fablicos o privados cumplan con los derechos de acceso a la informaci\u00f3n y de protecci\u00f3n de datos personales.<\/p>\n<p>&nbsp;<\/p>\n<p>Frente a las y los legisladores presentes, Ibarra Cadena dijo que acude al Senado de la Rep\u00fablica, en representaci\u00f3n del Pleno, con esp\u00edritu de cooperaci\u00f3n republicana, federalista y democr\u00e1tica, para cumplir con la obligaci\u00f3n constitucional de presentar el Informe anual de labores y expresar su disposici\u00f3n al di\u00e1logo y a la cooperaci\u00f3n institucional.<\/p>\n<p>&nbsp;<\/p>\n<p>Acompa\u00f1ada de las Comisionada del INAI, Norma Julieta del R\u00edo Venegas y Josefina Rom\u00e1n Vergara; as\u00ed como los Comisionados Francisco Javier Acu\u00f1a Llamas, Adri\u00e1n Alcal\u00e1 M\u00e9ndez, Oscar Guerra Ford y Rosendoevgueni Monterrey Chepov, la Comisionada Presidenta dio cuenta de las acciones emprendidas por el Instituto, entre de octubre de 2019 a septiembre de 2020.<\/p>\n<p>&nbsp;<\/p>\n<p>Destac\u00f3 que se presentaron m\u00e1s de 237 mil solicitudes de acceso a la informaci\u00f3n y m\u00e1s de 45 mil solicitudes de protecci\u00f3n de datos personales. Asimismo, indic\u00f3 que el Pleno resolvi\u00f3 14 mil 941 medios de impugnaci\u00f3n de acceso a la informaci\u00f3n y mil 900 de protecci\u00f3n de datos personales.<\/p>\n<p>&nbsp;<\/p>\n<p>\u201cEn la gran mayor\u00eda, nuestras resoluciones tuvieron una instrucci\u00f3n para los sujetos obligados; estas decisiones han permitido a las y los mexicanos hacer efectivos otros derechos\u201d, recalc\u00f3.<\/p>\n<p>&nbsp;<\/p>\n<p>En materia de protecci\u00f3n de datos, en el sector privado, dio a conocer que se instauraron 75 procedimientos de imposici\u00f3n de sanciones y se impusieron multas por 56 millones 771 mil pesos, por el incumplimiento de la Ley Federal de Protecci\u00f3n de Datos Personales, lo cual \u201cdemuestra que el INAI ejerce a plenitud sus facultades ante cualquier responsable o encargado\u201d.<\/p>\n<p>&nbsp;<\/p>\n<p>Adem\u00e1s, expuso que se llevaron a cabo 176 acciones de capacitaci\u00f3n presencial y en l\u00ednea, as\u00ed como 18 cursos a trav\u00e9s del Centro Virtual de Capacitaci\u00f3n. En total, se capacit\u00f3 a 269 mil 392 participantes.<\/p>\n<p>&nbsp;<\/p>\n<p>La Comisionada Presidenta destac\u00f3 tambi\u00e9n la presencia internacional del INAI y su participaci\u00f3n en el Comit\u00e9 Ejecutivo de la Asamblea Global de Privacidad, en el Comit\u00e9 Consultivo del Convenio 108 del Consejo de Europa, en la Secretar\u00eda Ejecutiva de la Red de Transparencia y Acceso a la Informaci\u00f3n en Am\u00e9rica Latina y en la Red por la Integridad.<\/p>\n<p>&nbsp;<\/p>\n<p>\u201cLos datos hoy informados confirman lo \u00fatil y valioso de la transparencia, de contar con un \u00f3rgano garante comprometido, pero perfectible, como ente din\u00e1mico y progresivo, identificando sus debilidades para corregirlas, sus fortalezas para mantenerlas y mejorarlas, ese ser\u00e1 el sendero del INAI, que no escapa al escrutinio p\u00fablico\u201d, expres\u00f3.<\/p>\n<p>&nbsp;<\/p>\n<p>Ibarra Cadena reconoci\u00f3 el compromiso democr\u00e1tico que han expresado las y los legisladores, tanto en lo particular, como en su condici\u00f3n de miembros de las fracciones representadas en el Senado, respecto del curso de acci\u00f3n que podr\u00eda tomar el INAI.<\/p>\n<p>&nbsp;<\/p>\n<p>En el acto, celebrado de forma virtual, participaron el Presidente de la Mesa Directiva del Senado del Rep\u00fablica, Oscar Eduardo Ram\u00edrez Aguilar; el Vicepresidente Jorge Carlos Ram\u00edrez Mar\u00edn; el Senador independiente, Emilio \u00c1lvarez Icaza; la Senadora Eunice Renata Romo Molina, de Encuentro Social; la Senadora Geovanna Ba\u00f1uelos De la Torre, del PT; el Senador Juan Manuel F\u00f3cil P\u00e9rez, del PRD; la Senadora Ver\u00f3nica Delgadillo Garc\u00eda, de Movimiento Ciudadano; la Senadora Nuvia Mayorga Delgado, del PRl; X\u00f3chitl G\u00e1lvez Ruiz, del PAN, y la Senadora M\u00f3nica Fern\u00e1ndez Balboa, de Morena.<\/p>\n<p>&nbsp;<\/p>\n<p>Estuvieron presentes el Coordinador de los \u00d3rganos Garantes de las Entidades Federativas del Sistema Nacional de Transparencia, Julio C\u00e9sar Bonilla Guti\u00e9rrez, y la Presidenta del Consejo Consultivo del INAI, Nuhad Ponce Kuri.<\/p>\n<p>Fecha de publicaci\u00f3n\u00a0\u00a0 martes23 \/feb\/2021<\/p>\n<p>&nbsp;<\/p>\n","protected":false},"excerpt":{"rendered":"<p>&nbsp; &nbsp; CIUDAD DE M\u00c9XICO.\u2500La democracia es incompatible con las instituciones p\u00fablicas cerradas e impasibles&#8230;<\/p>\n","protected":false},"author":1,"featured_media":107557,"comment_status":"open","ping_status":"open","sticky":false,"template":"","format":"standard","meta":{"_monsterinsights_skip_tracking":false,"_monsterinsights_sitenote_active":false,"_monsterinsights_sitenote_note":"","_monsterinsights_sitenote_category":0,"footnotes":""},"categories":[5],"tags":[5233],"class_list":["post"],"yoast_head":" \n<title>Sonora en Equipo. Democracia \u00a0incompatible con instituciones p\u00fablicas cerradas ante el derecho a saber: INAI Rep\u00fablica<\/title>\n<meta name=\"description\" content=\"&nbsp; &nbsp; CIUDAD DE M\u00c9XICO.\u2500La democracia es incompatible con las instituciones p\u00fablicas cerradas e impasibles ante el derecho a saber sobre los En Sonora en Equipo publicamos toda la informaci\u00f3n de Sonora, M\u00e9xico y el Mundo de manera oportuna y busca que la libertad de expresi\u00f3n sea real. Visita nuestro medio informativo publicado desde Hermosillo, Sonora. %\" \/>\n<meta name=\"robots\" content=\"index, follow, max-snippet:-1, max-image-preview:large, max-video-preview:-1\" \/>\n<link rel=\"canonical\" href=\"https:\/\/www.sonoraenequipo.com.mx\/democracia-incompatible-con-instituciones-publicas-cerradas-ante-el-derecho-a-saber-inai\/\" \/>\n<meta property=\"og:locale\" content=\"es_ES\" \/>\n<meta property=\"og:type\" content=\"article\" \/>\n<meta property=\"og:title\" content=\"Sonora en Equipo. Democracia \u00a0incompatible con instituciones p\u00fablicas cerradas ante el derecho a saber: INAI Rep\u00fablica\" \/>\n<meta property=\"og:description\" content=\"&nbsp; &nbsp; CIUDAD DE M\u00c9XICO.\u2500La democracia es incompatible con las instituciones p\u00fablicas cerradas e impasibles ante el derecho a saber sobre los En Sonora en Equipo publicamos toda la informaci\u00f3n de Sonora, M\u00e9xico y el Mundo de manera oportuna y busca que la libertad de expresi\u00f3n sea real. Visita nuestro medio informativo publicado desde Hermosillo, Sonora. %\" \/>\n<meta property=\"og:url\" content=\"https:\/\/www.sonoraenequipo.com.mx\/democracia-incompatible-con-instituciones-publicas-cerradas-ante-el-derecho-a-saber-inai\/\" \/>\n<meta property=\"og:site_name\" content=\"Sonora en Equipo.\" \/>\n<meta property=\"article:publisher\" content=\"https:\/\/www.facebook.com\/SonoraEE\/\" \/>\n<meta property=\"article:author\" content=\"https:\/\/www.facebook.com\/SonoraEE\" \/>\n<meta property=\"article:published_time\" content=\"2021-02-24T01:14:57+00:00\" \/>\n<meta property=\"og:image\" content=\"https:\/\/www.sonoraenequipo.com.mx\/storage\/2021\/02\/blanca-lilia-ibarra.jpg\" \/>\n\t<meta property=\"og:image:width\" content=\"500\" \/>\n\t<meta property=\"og:image:height\" content=\"311\" \/>\n\t<meta property=\"og:image:type\" content=\"image\/jpeg\" \/>\n<meta name=\"author\" content=\"enequipo\" \/>\n<meta name=\"twitter:card\" content=\"summary_large_image\" \/>\n<meta name=\"twitter:creator\" content=\"@sonoraenequipo\" \/>\n<meta name=\"twitter:site\" content=\"@sonoraenequipo\" \/>\n<meta name=\"twitter:label1\" content=\"Escrito por\" \/>\n\t<meta name=\"twitter:data1\" content=\"enequipo\" \/>\n\t<meta name=\"twitter:label2\" content=\"Tiempo de lectura\" \/>\n\t<meta name=\"twitter:data2\" content=\"9 minutos\" \/>\n<script type=\"application\/ld+json\" class=\"yoast-schema-graph\">{\"@context\":\"https:\/\/schema.org\",\"@graph\":[{\"@type\":\"Article\",\"@id\":\"https:\/\/www.sonoraenequipo.com.mx\/democracia-incompatible-con-instituciones-publicas-cerradas-ante-el-derecho-a-saber-inai\/#article\",\"isPartOf\":{\"@id\":\"https:\/\/www.sonoraenequipo.com.mx\/democracia-incompatible-con-instituciones-publicas-cerradas-ante-el-derecho-a-saber-inai\/\"},\"author\":{\"name\":\"enequipo\",\"@id\":\"https:\/\/www.sonoraenequipo.com.mx\/#\/schema\/person\/50102df0fb23a8fa9e8effad8fa81386\"},\"headline\":\"Democracia \u00a0incompatible con instituciones p\u00fablicas cerradas ante el derecho a saber: INAI\",\"datePublished\":\"2021-02-24T01:14:57+00:00\",\"mainEntityOfPage\":{\"@id\":\"https:\/\/www.sonoraenequipo.com.mx\/democracia-incompatible-con-instituciones-publicas-cerradas-ante-el-derecho-a-saber-inai\/\"},\"wordCount\":2041,\"commentCount\":0,\"publisher\":{\"@id\":\"https:\/\/www.sonoraenequipo.com.mx\/#organization\"},\"image\":{\"@id\":\"https:\/\/www.sonoraenequipo.com.mx\/democracia-incompatible-con-instituciones-publicas-cerradas-ante-el-derecho-a-saber-inai\/#primaryimage\"},\"thumbnailUrl\":\"https:\/\/www.sonoraenequipo.com.mx\/storage\/2021\/02\/blanca-lilia-ibarra.jpg\",\"keywords\":[\"INAI\"],\"articleSection\":[\"Rep\u00fablica\"],\"inLanguage\":\"es\",\"potentialAction\":[{\"@type\":\"CommentAction\",\"name\":\"Comment\",\"target\":[\"https:\/\/www.sonoraenequipo.com.mx\/democracia-incompatible-con-instituciones-publicas-cerradas-ante-el-derecho-a-saber-inai\/#respond\"]}]},{\"@type\":\"WebPage\",\"@id\":\"https:\/\/www.sonoraenequipo.com.mx\/democracia-incompatible-con-instituciones-publicas-cerradas-ante-el-derecho-a-saber-inai\/\",\"url\":\"https:\/\/www.sonoraenequipo.com.mx\/democracia-incompatible-con-instituciones-publicas-cerradas-ante-el-derecho-a-saber-inai\/\",\"name\":\"Sonora en Equipo. Democracia \u00a0incompatible con instituciones p\u00fablicas cerradas ante el derecho a saber: INAI Rep\u00fablica\",\"isPartOf\":{\"@id\":\"https:\/\/www.sonoraenequipo.com.mx\/#website\"},\"primaryImageOfPage\":{\"@id\":\"https:\/\/www.sonoraenequipo.com.mx\/democracia-incompatible-con-instituciones-publicas-cerradas-ante-el-derecho-a-saber-inai\/#primaryimage\"},\"image\":{\"@id\":\"https:\/\/www.sonoraenequipo.com.mx\/democracia-incompatible-con-instituciones-publicas-cerradas-ante-el-derecho-a-saber-inai\/#primaryimage\"},\"thumbnailUrl\":\"https:\/\/www.sonoraenequipo.com.mx\/storage\/2021\/02\/blanca-lilia-ibarra.jpg\",\"datePublished\":\"2021-02-24T01:14:57+00:00\",\"description\":\"&nbsp; &nbsp; CIUDAD DE M\u00c9XICO.\u2500La democracia es incompatible con las instituciones p\u00fablicas cerradas e impasibles ante el derecho a saber sobre los En Sonora en Equipo publicamos toda la informaci\u00f3n de Sonora, M\u00e9xico y el Mundo de manera oportuna y busca que la libertad de expresi\u00f3n sea real. Visita nuestro medio informativo publicado desde Hermosillo, Sonora. %\",\"breadcrumb\":{\"@id\":\"https:\/\/www.sonoraenequipo.com.mx\/democracia-incompatible-con-instituciones-publicas-cerradas-ante-el-derecho-a-saber-inai\/#breadcrumb\"},\"inLanguage\":\"es\",\"potentialAction\":[{\"@type\":\"ReadAction\",\"target\":[\"https:\/\/www.sonoraenequipo.com.mx\/democracia-incompatible-con-instituciones-publicas-cerradas-ante-el-derecho-a-saber-inai\/\"]}]},{\"@type\":\"ImageObject\",\"inLanguage\":\"es\",\"@id\":\"https:\/\/www.sonoraenequipo.com.mx\/democracia-incompatible-con-instituciones-publicas-cerradas-ante-el-derecho-a-saber-inai\/#primaryimage\",\"url\":\"https:\/\/www.sonoraenequipo.com.mx\/storage\/2021\/02\/blanca-lilia-ibarra.jpg\",\"contentUrl\":\"https:\/\/www.sonoraenequipo.com.mx\/storage\/2021\/02\/blanca-lilia-ibarra.jpg\",\"width\":500,\"height\":311},{\"@type\":\"BreadcrumbList\",\"@id\":\"https:\/\/www.sonoraenequipo.com.mx\/democracia-incompatible-con-instituciones-publicas-cerradas-ante-el-derecho-a-saber-inai\/#breadcrumb\",\"itemListElement\":[{\"@type\":\"ListItem\",\"position\":1,\"name\":\"Portada\",\"item\":\"https:\/\/www.sonoraenequipo.com.mx\/\"},{\"@type\":\"ListItem\",\"position\":2,\"name\":\"Democracia \u00a0incompatible con instituciones p\u00fablicas cerradas ante el derecho a saber: INAI\"}]},{\"@type\":\"WebSite\",\"@id\":\"https:\/\/www.sonoraenequipo.com.mx\/#website\",\"url\":\"https:\/\/www.sonoraenequipo.com.mx\/\",\"name\":\"Sonora en Equipo.\",\"description\":\"Diario en l\u00ednea con Noticias desde Hermosillo, Sonora\",\"publisher\":{\"@id\":\"https:\/\/www.sonoraenequipo.com.mx\/#organization\"},\"potentialAction\":[{\"@type\":\"SearchAction\",\"target\":{\"@type\":\"EntryPoint\",\"urlTemplate\":\"https:\/\/www.sonoraenequipo.com.mx\/?s={search_term_string}\"},\"query-input\":{\"@type\":\"PropertyValueSpecification\",\"valueRequired\":true,\"valueName\":\"search_term_string\"}}],\"inLanguage\":\"es\"},{\"@type\":\"Organization\",\"@id\":\"https:\/\/www.sonoraenequipo.com.mx\/#organization\",\"name\":\"Sonoraenequipo.com.mx\",\"url\":\"https:\/\/www.sonoraenequipo.com.mx\/\",\"logo\":{\"@type\":\"ImageObject\",\"inLanguage\":\"es\",\"@id\":\"https:\/\/www.sonoraenequipo.com.mx\/#\/schema\/logo\/image\/\",\"url\":\"https:\/\/www.sonoraenequipo.com.mx\/storage\/2019\/01\/sonoraenequipo_opt.png\",\"contentUrl\":\"https:\/\/www.sonoraenequipo.com.mx\/storage\/2019\/01\/sonoraenequipo_opt.png\",\"width\":375,\"height\":125,\"caption\":\"Sonoraenequipo.com.mx\"},\"image\":{\"@id\":\"https:\/\/www.sonoraenequipo.com.mx\/#\/schema\/logo\/image\/\"},\"sameAs\":[\"https:\/\/www.facebook.com\/SonoraEE\/\",\"https:\/\/x.com\/sonoraenequipo\",\"https:\/\/www.youtube.com\/channel\/UC338nW-lPEYmJQs4ZABQ1SQ\"]},{\"@type\":\"Person\",\"@id\":\"https:\/\/www.sonoraenequipo.com.mx\/#\/schema\/person\/50102df0fb23a8fa9e8effad8fa81386\",\"name\":\"enequipo\",\"image\":{\"@type\":\"ImageObject\",\"inLanguage\":\"es\",\"@id\":\"https:\/\/www.sonoraenequipo.com.mx\/#\/schema\/person\/image\/\",\"url\":\"https:\/\/secure.gravatar.com\/avatar\/049821681b589dabc0bc20695993ccebb09f5b5d4d790cd9251b97faac7c652b?s=96&d=blank&r=g\",\"contentUrl\":\"https:\/\/secure.gravatar.com\/avatar\/049821681b589dabc0bc20695993ccebb09f5b5d4d790cd9251b97faac7c652b?s=96&d=blank&r=g\",\"caption\":\"enequipo\"},\"sameAs\":[\"https:\/\/www.facebook.com\/SonoraEE\"]}]}<\/script>\n ","yoast_head_json":{"title":"Sonora en Equipo. Democracia \u00a0incompatible con instituciones p\u00fablicas cerradas ante el derecho a saber: INAI Rep\u00fablica","description":"&nbsp; &nbsp; CIUDAD DE M\u00c9XICO.\u2500La democracia es incompatible con las instituciones p\u00fablicas cerradas e impasibles ante el derecho a saber sobre los En Sonora en Equipo publicamos toda la informaci\u00f3n de Sonora, M\u00e9xico y el Mundo de manera oportuna y busca que la libertad de expresi\u00f3n sea real. Visita nuestro medio informativo publicado desde Hermosillo, Sonora. %","robots":{"index":"index","follow":"follow","max-snippet":"max-snippet:-1","max-image-preview":"max-image-preview:large","max-video-preview":"max-video-preview:-1"},"canonical":"https:\/\/www.sonoraenequipo.com.mx\/democracia-incompatible-con-instituciones-publicas-cerradas-ante-el-derecho-a-saber-inai\/","og_locale":"es_ES","og_type":"article","og_title":"Sonora en Equipo. Democracia \u00a0incompatible con instituciones p\u00fablicas cerradas ante el derecho a saber: INAI Rep\u00fablica","og_description":"&nbsp; &nbsp; CIUDAD DE M\u00c9XICO.\u2500La democracia es incompatible con las instituciones p\u00fablicas cerradas e impasibles ante el derecho a saber sobre los En Sonora en Equipo publicamos toda la informaci\u00f3n de Sonora, M\u00e9xico y el Mundo de manera oportuna y busca que la libertad de expresi\u00f3n sea real. Visita nuestro medio informativo publicado desde Hermosillo, Sonora. %","og_url":"https:\/\/www.sonoraenequipo.com.mx\/democracia-incompatible-con-instituciones-publicas-cerradas-ante-el-derecho-a-saber-inai\/","og_site_name":"Sonora en Equipo.","article_publisher":"https:\/\/www.facebook.com\/SonoraEE\/","article_author":"https:\/\/www.facebook.com\/SonoraEE","article_published_time":"2021-02-24T01:14:57+00:00","og_image":[{"width":500,"height":311,"url":"https:\/\/www.sonoraenequipo.com.mx\/storage\/2021\/02\/blanca-lilia-ibarra.jpg","type":"image\/jpeg"}],"author":"enequipo","twitter_card":"summary_large_image","twitter_creator":"@sonoraenequipo","twitter_site":"@sonoraenequipo","twitter_misc":{"Escrito por":"enequipo","Tiempo de lectura":"9 minutos"},"schema":{"@context":"https:\/\/schema.org","@graph":[{"@type":"Article","@id":"https:\/\/www.sonoraenequipo.com.mx\/democracia-incompatible-con-instituciones-publicas-cerradas-ante-el-derecho-a-saber-inai\/#article","isPartOf":{"@id":"https:\/\/www.sonoraenequipo.com.mx\/democracia-incompatible-con-instituciones-publicas-cerradas-ante-el-derecho-a-saber-inai\/"},"author":{"name":"enequipo","@id":"https:\/\/www.sonoraenequipo.com.mx\/#\/schema\/person\/50102df0fb23a8fa9e8effad8fa81386"},"headline":"Democracia \u00a0incompatible con instituciones p\u00fablicas cerradas ante el derecho a saber: INAI","datePublished":"2021-02-24T01:14:57+00:00","mainEntityOfPage":{"@id":"https:\/\/www.sonoraenequipo.com.mx\/democracia-incompatible-con-instituciones-publicas-cerradas-ante-el-derecho-a-saber-inai\/"},"wordCount":2041,"commentCount":0,"publisher":{"@id":"https:\/\/www.sonoraenequipo.com.mx\/#organization"},"image":{"@id":"https:\/\/www.sonoraenequipo.com.mx\/democracia-incompatible-con-instituciones-publicas-cerradas-ante-el-derecho-a-saber-inai\/#primaryimage"},"thumbnailUrl":"https:\/\/www.sonoraenequipo.com.mx\/storage\/2021\/02\/blanca-lilia-ibarra.jpg","keywords":["INAI"],"articleSection":["Rep\u00fablica"],"inLanguage":"es","potentialAction":[{"@type":"CommentAction","name":"Comment","target":["https:\/\/www.sonoraenequipo.com.mx\/democracia-incompatible-con-instituciones-publicas-cerradas-ante-el-derecho-a-saber-inai\/#respond"]}]},{"@type":"WebPage","@id":"https:\/\/www.sonoraenequipo.com.mx\/democracia-incompatible-con-instituciones-publicas-cerradas-ante-el-derecho-a-saber-inai\/","url":"https:\/\/www.sonoraenequipo.com.mx\/democracia-incompatible-con-instituciones-publicas-cerradas-ante-el-derecho-a-saber-inai\/","name":"Sonora en Equipo. Democracia \u00a0incompatible con instituciones p\u00fablicas cerradas ante el derecho a saber: INAI Rep\u00fablica","isPartOf":{"@id":"https:\/\/www.sonoraenequipo.com.mx\/#website"},"primaryImageOfPage":{"@id":"https:\/\/www.sonoraenequipo.com.mx\/democracia-incompatible-con-instituciones-publicas-cerradas-ante-el-derecho-a-saber-inai\/#primaryimage"},"image":{"@id":"https:\/\/www.sonoraenequipo.com.mx\/democracia-incompatible-con-instituciones-publicas-cerradas-ante-el-derecho-a-saber-inai\/#primaryimage"},"thumbnailUrl":"https:\/\/www.sonoraenequipo.com.mx\/storage\/2021\/02\/blanca-lilia-ibarra.jpg","datePublished":"2021-02-24T01:14:57+00:00","description":"&nbsp; &nbsp; CIUDAD DE M\u00c9XICO.\u2500La democracia es incompatible con las instituciones p\u00fablicas cerradas e impasibles ante el derecho a saber sobre los En Sonora en Equipo publicamos toda la informaci\u00f3n de Sonora, M\u00e9xico y el Mundo de manera oportuna y busca que la libertad de expresi\u00f3n sea real. Visita nuestro medio informativo publicado desde Hermosillo, Sonora. %","breadcrumb":{"@id":"https:\/\/www.sonoraenequipo.com.mx\/democracia-incompatible-con-instituciones-publicas-cerradas-ante-el-derecho-a-saber-inai\/#breadcrumb"},"inLanguage":"es","potentialAction":[{"@type":"ReadAction","target":["https:\/\/www.sonoraenequipo.com.mx\/democracia-incompatible-con-instituciones-publicas-cerradas-ante-el-derecho-a-saber-inai\/"]}]},{"@type":"ImageObject","inLanguage":"es","@id":"https:\/\/www.sonoraenequipo.com.mx\/democracia-incompatible-con-instituciones-publicas-cerradas-ante-el-derecho-a-saber-inai\/#primaryimage","url":"https:\/\/www.sonoraenequipo.com.mx\/storage\/2021\/02\/blanca-lilia-ibarra.jpg","contentUrl":"https:\/\/www.sonoraenequipo.com.mx\/storage\/2021\/02\/blanca-lilia-ibarra.jpg","width":500,"height":311},{"@type":"BreadcrumbList","@id":"https:\/\/www.sonoraenequipo.com.mx\/democracia-incompatible-con-instituciones-publicas-cerradas-ante-el-derecho-a-saber-inai\/#breadcrumb","itemListElement":[{"@type":"ListItem","position":1,"name":"Portada","item":"https:\/\/www.sonoraenequipo.com.mx\/"},{"@type":"ListItem","position":2,"name":"Democracia \u00a0incompatible con instituciones p\u00fablicas cerradas ante el derecho a saber: INAI"}]},{"@type":"WebSite","@id":"https:\/\/www.sonoraenequipo.com.mx\/#website","url":"https:\/\/www.sonoraenequipo.com.mx\/","name":"Sonora en Equipo.","description":"Diario en l\u00ednea con Noticias desde Hermosillo, Sonora","publisher":{"@id":"https:\/\/www.sonoraenequipo.com.mx\/#organization"},"potentialAction":[{"@type":"SearchAction","target":{"@type":"EntryPoint","urlTemplate":"https:\/\/www.sonoraenequipo.com.mx\/?s={search_term_string}"},"query-input":{"@type":"PropertyValueSpecification","valueRequired":true,"valueName":"search_term_string"}}],"inLanguage":"es"},{"@type":"Organization","@id":"https:\/\/www.sonoraenequipo.com.mx\/#organization","name":"Sonoraenequipo.com.mx","url":"https:\/\/www.sonoraenequipo.com.mx\/","logo":{"@type":"ImageObject","inLanguage":"es","@id":"https:\/\/www.sonoraenequipo.com.mx\/#\/schema\/logo\/image\/","url":"https:\/\/www.sonoraenequipo.com.mx\/storage\/2019\/01\/sonoraenequipo_opt.png","contentUrl":"https:\/\/www.sonoraenequipo.com.mx\/storage\/2019\/01\/sonoraenequipo_opt.png","width":375,"height":125,"caption":"Sonoraenequipo.com.mx"},"image":{"@id":"https:\/\/www.sonoraenequipo.com.mx\/#\/schema\/logo\/image\/"},"sameAs":["https:\/\/www.facebook.com\/SonoraEE\/","https:\/\/x.com\/sonoraenequipo","https:\/\/www.youtube.com\/channel\/UC338nW-lPEYmJQs4ZABQ1SQ"]},{"@type":"Person","@id":"https:\/\/www.sonoraenequipo.com.mx\/#\/schema\/person\/50102df0fb23a8fa9e8effad8fa81386","name":"enequipo","image":{"@type":"ImageObject","inLanguage":"es","@id":"https:\/\/www.sonoraenequipo.com.mx\/#\/schema\/person\/image\/","url":"https:\/\/secure.gravatar.com\/avatar\/049821681b589dabc0bc20695993ccebb09f5b5d4d790cd9251b97faac7c652b?s=96&d=blank&r=g","contentUrl":"https:\/\/secure.gravatar.com\/avatar\/049821681b589dabc0bc20695993ccebb09f5b5d4d790cd9251b97faac7c652b?s=96&d=blank&r=g","caption":"enequipo"},"sameAs":["https:\/\/www.facebook.com\/SonoraEE"]}]}},"jetpack_featured_media_url":"https:\/\/www.sonoraenequipo.com.mx\/storage\/2021\/02\/blanca-lilia-ibarra.jpg","_links":{"self":[{"href":"https:\/\/www.sonoraenequipo.com.mx\/api\/wp\/v2\/posts\/107556","targetHints":{"allow":["GET"]}}],"collection":[{"href":"https:\/\/www.sonoraenequipo.com.mx\/api\/wp\/v2\/posts"}],"about":[{"href":"https:\/\/www.sonoraenequipo.com.mx\/api\/wp\/v2\/types\/post"}],"author":[{"embeddable":true,"href":"https:\/\/www.sonoraenequipo.com.mx\/api\/wp\/v2\/users\/1"}],"replies":[{"embeddable":true,"href":"https:\/\/www.sonoraenequipo.com.mx\/api\/wp\/v2\/comments?post=107556"}],"version-history":[{"count":1,"href":"https:\/\/www.sonoraenequipo.com.mx\/api\/wp\/v2\/posts\/107556\/revisions"}],"predecessor-version":[{"id":107558,"href":"https:\/\/www.sonoraenequipo.com.mx\/api\/wp\/v2\/posts\/107556\/revisions\/107558"}],"wp:featuredmedia":[{"embeddable":true,"href":"https:\/\/www.sonoraenequipo.com.mx\/api\/wp\/v2\/media\/107557"}],"wp:attachment":[{"href":"https:\/\/www.sonoraenequipo.com.mx\/api\/wp\/v2\/media?parent=107556"}],"wp:term":[{"taxonomy":"category","embeddable":true,"href":"https:\/\/www.sonoraenequipo.com.mx\/api\/wp\/v2\/categories?post=107556"},{"taxonomy":"post_tag","embeddable":true,"href":"https:\/\/www.sonoraenequipo.com.mx\/api\/wp\/v2\/tags?post=107556"}],"curies":[{"name":"wp","href":"https:\/\/api.w.org\/{rel}","templated":true}]}}