{"id":107563,"date":"2021-02-22T08:28:26","date_gmt":"2021-02-22T15:28:26","guid":{"rendered":"https:\/\/www.sonoraenequipo.com.mx\/?p=107563"},"modified":"2021-02-23T19:10:36","modified_gmt":"2021-02-24T02:10:36","slug":"presentan-avances-de-programas-de-bienestar-adelantaran-entrega-de-apoyos-para-cumplir-con-disposiciones-electorales","status":"publish","type":"post","link":"https:\/\/www.sonoraenequipo.com.mx\/presentan-avances-de-programas-de-bienestar-adelantaran-entrega-de-apoyos-para-cumplir-con-disposiciones-electorales\/","title":{"rendered":"Presentan avances de programas de bienestar; adelantar\u00e1n entrega de apoyos para cumplir con disposiciones electorales"},"content":{"rendered":"<p>CIUDAD DE M\u00c9XICO. MX. \u2014 El presidente Andr\u00e9s Manuel L\u00f3pez Obrador encabez\u00f3 el informe de avances de los Programas Integrales de Bienestar. Los apoyos que forman parte de las iniciativas se entregar\u00e1n por adelantado para respetar la normatividad en materia electoral.<\/p>\n<p>&nbsp;<\/p>\n<p> <\/p>\n<p>&nbsp;<\/p>\n<p>En conferencia de prensa matutina resalt\u00f3 que gracias al Programa de Precios de Garant\u00eda a Productos B\u00e1sicos a partir de 2020 se eliminaron las importaciones de leche en polvo, lo que demuestra la importancia de fomentar la autosuficiencia alimentaria.<\/p>\n<p><em>\u201cEs muy buen dato el del apoyo a los productores de leche con precios justos porque se puede ayudar de distintas maneras pero hay cosas que impactan de verdad: el precio de los productos del campo. Si se garantiza buen precio la gente ve c\u00f3mo le hace para conseguir dinero y sembrar porque hay precio\u201d,<\/em> remarc\u00f3.<\/p>\n<p>Destac\u00f3 que el programa de fertilizantes ha tenido buenos resultados tras la aplicaci\u00f3n en Guerrero, donde se increment\u00f3 la producci\u00f3n en las zonas m\u00e1s pobres. Esta iniciativa de impulso al campo se ampliar\u00e1 a Morelos, Tlaxcala y Puebla durante 2021.<\/p>\n<p>El mandatario agreg\u00f3 que en 2020, a pesar de la pandemia de COVID-19, el sector agropecuario creci\u00f3 2 por ciento y no hubo escasez de alimentos.<\/p>\n<p>&nbsp;<\/p>\n<p><em>\u201cAntes, que simulaban que apoyaban al campo, hab\u00eda programas de todo (\u2026) pulverizado, con much\u00edsima corrupci\u00f3n, no llegaban los apoyos y no aumentaba la producci\u00f3n ni se beneficiaba realmente a los productores. Ahora estamos priorizando en qu\u00e9 es lo que m\u00e1s ayuda y a eso destinamos nuestra acci\u00f3n\u201d,<\/em> remarc\u00f3.<\/p>\n<p>El secretario de Agricultura y Desarrollo Rural, V\u00edctor Villalobos Ar\u00e1mbula, inform\u00f3 que en 2020 se logr\u00f3 el mayor volumen de producci\u00f3n de alimentos, alcanzando m\u00e1s de 290 millones de toneladas, \u201ccifra sin precedentes y, como bien se\u00f1al\u00f3 el presidente, no hubo compras de p\u00e1nico ni desabasto\u201d.<\/p>\n<p>Anunci\u00f3 que en 2021 los programas de la dependencia a su cargo tendr\u00e1n un incremento presupuestal de 34 por ciento, lo que permitir\u00e1 aumentar el n\u00famero de beneficiarios de 2.8 a 3 millones.<\/p>\n<p>Se dotar\u00e1 de liquidez a agricultores de peque\u00f1a y mediana escala y a pescadores, se garantizar\u00e1 mayor ingreso y se fertilizar\u00e1 la tierra.<\/p>\n<p>El secretario dijo que se priorizar\u00e1 la atenci\u00f3n a la zona sur-sureste y a las poblaciones m\u00e1s necesitadas.<\/p>\n<p>El secretario de Bienestar, Javier May Rodr\u00edguez, report\u00f3 que el programa Sembrando Vida tiene un total de 423 mil 024 trabajadores del campo inscritos, quienes en marzo recibir\u00e1n el pago por los meses de febrero, marzo y abril, es decir, 13 mil 500 pesos.<\/p>\n<p>Indic\u00f3 que en febrero se pag\u00f3 el mes de enero y en junio se pagar\u00e1 mayo.<\/p>\n<p><em>\u201cEsto es un esfuerzo significativo porque representa una dispersi\u00f3n total de 6 mil 345 millones 360 mil pesos en beneficio de 423 sembradoras y sembradores\u201d<\/em>, precis\u00f3 el secretario.<\/p>\n<p>De los recursos totales, 634 millones 536 mil pesos corresponden al ahorro de sembradores, que cada mes destinan el 10 por ciento de sus ganancias a este fondo.<\/p>\n<p>A partir del 5 de marzo iniciar\u00e1 el pago v\u00eda bancaria y del 5 al 9 de marzo se entregar\u00e1 en efectivo en las mesas de pago que se instalar\u00e1n en Chihuahua, Guerrero, Michoac\u00e1n, Nayarit, Oaxaca, San Luis Potos\u00ed, Sinaloa y Veracruz.<\/p>\n<p>La subsecretaria de Bienestar, Ariadna Montiel Reyes, expuso que en materia de pensiones concluy\u00f3 el pago correspondiente al bimestre de enero-febrero a 8 millones 25 mil 587 personas adultas mayores, 996 mil 988 personas con discapacidad y 190 mil 037 hijas e hijos de madres trabajadoras.<\/p>\n<p><em>\u201cEn resumen, hemos dispersado 9.2 millones de apoyos a derechohabientes y beneficiarios con un monto de 24 mil 500 millones en lo que respecta a enero-febrero\u201d<\/em>, enfatiz\u00f3.<\/p>\n<p>Para el adelanto de los bimestres marzo-abril y mayo-junio se har\u00e1 el dep\u00f3sito bancario el 15 de marzo y el operativo de pago del 15 de marzo al 3 de abril.<\/p>\n<p>Se tiene como objetivo llegar a 9 millones 268 mil 644 beneficiarios con una inversi\u00f3n de 49 mil 500 millones de pesos.<\/p>\n<p>Las y los adultos mayores, as\u00ed como ni\u00f1as y ni\u00f1os con discapacidad, recibir\u00e1n 5 mil 400 pesos.<\/p>\n<p>La secretaria de Trabajo y Previsi\u00f3n Social, Luisa Mar\u00eda Alcalde Luj\u00e1n, inform\u00f3 que en J\u00f3venes Construyendo el Futuro participan un mill\u00f3n 607 mil mujeres y hombres de 18 a 29 a\u00f1os que trabajan como aprendices en comercios, empresas y talleres.<\/p>\n<p>El 57.5 por ciento son mujeres y el 42.5 por ciento son hombres desempe\u00f1\u00e1ndose en 203 mil 897 centros de trabajo en todo el pa\u00eds. En marzo ser\u00e1n 440 mil becarios activos en el programa.<\/p>\n<p>Detall\u00f3 que en 2021 los inscritos en el programa perciben 4 mil 310 pesos mensuales, de manera que con el adelanto del pago, en marzo recibir\u00e1n 12 mil 930 pesos correspondientes a ese mes, abril y mayo. Posterior a la elecci\u00f3n se depositar\u00e1 el pago de junio.<\/p>\n<p>La inversi\u00f3n social para concretar el pago asciende a 5 mil 689 millones de pesos, recursos que contribuir\u00e1n a la reactivaci\u00f3n de la econom\u00eda familiar y nacional.<\/p>\n<p>La secretaria de Econom\u00eda, Tatiana Clouthier Carrillo, detall\u00f3 que habr\u00e1 60 mil cr\u00e9ditos a peque\u00f1os y micro empresarios por 25 mil pesos reembolsables en 33 mensualidades de 823.70 pesos con tres meses de gracia.<\/p>\n<p>La secretaria de Educaci\u00f3n P\u00fablica, Delfina G\u00f3mez \u00c1lvarez, dio a conocer que hay 3 millones 836 mil 727 estudiantes beneficiarios de becas de educaci\u00f3n b\u00e1sica. Al 19 de febrero se hab\u00edan dispersado 18 mil 416 millones 289 mil 600 pesos.<\/p>\n<p>A los estudiantes de educaci\u00f3n media superior, para el 26 de febrero, se les habr\u00e1 entregado 19 mil 496 millones 358 mil 400 pesos en becas a 8 millones 173 mil 169 beneficiarios.<\/p>\n<p>En cuanto a las becas de educaci\u00f3n superior, dijo que son 819 mil 700 beneficiarios con un monto de 490 mil 118 millones de pesos.<\/p>\n<p>Sobre la Escuela es Nuestra, resalt\u00f3 que en marzo se dotar\u00e1 de recursos a 50 mil escuelas para mejorar su infraestructura con un presupuesto de 12 mil millones de pesos.<\/p>\n<p>El secretario de Desarrollo Agrario, Territorial y Urbano, Rom\u00e1n Meyer Falc\u00f3n, expuso que el Programa de Mejoramiento Urbano concret\u00f3 73 mil 448 acciones en todo el pa\u00eds entre 2019 y 2020 con una inversi\u00f3n de 5 mil 176 millones de pesos.<\/p>\n<p><iframe loading=\"lazy\" title=\"Adelanto de Programas Integrales de Bienestar para respetar elecciones. Conferencia presidente AMLO\" width=\"640\" height=\"360\" src=\"https:\/\/www.youtube.com\/embed\/pDT7BAM0edA?feature=oembed\" frameborder=\"0\" allow=\"accelerometer; autoplay; clipboard-write; encrypted-media; gyroscope; picture-in-picture; web-share\" referrerpolicy=\"strict-origin-when-cross-origin\" allowfullscreen><\/iframe><\/p>\n<p>&nbsp;<\/p>\n<p>&nbsp;<\/p>\n<p>&nbsp;<\/p>\n<p>(Publicada el 22\/02\/2021)<\/p>\n","protected":false},"excerpt":{"rendered":"<p>CIUDAD DE M\u00c9XICO. MX. \u2014 El presidente Andr\u00e9s Manuel L\u00f3pez Obrador encabez\u00f3 el informe de&#8230;<\/p>\n","protected":false},"author":1,"featured_media":107564,"comment_status":"open","ping_status":"open","sticky":false,"template":"","format":"standard","meta":{"_monsterinsights_skip_tracking":false,"_monsterinsights_sitenote_active":false,"_monsterinsights_sitenote_note":"","_monsterinsights_sitenote_category":0,"footnotes":""},"categories":[5],"tags":[],"class_list":["post"],"yoast_head":" \n<title>Sonora en Equipo. Presentan avances de programas de bienestar; adelantar\u00e1n entrega de apoyos para cumplir con disposiciones electorales Rep\u00fablica<\/title>\n<meta name=\"description\" content=\"CIUDAD DE M\u00c9XICO. MX. \u2014 El presidente Andr\u00e9s Manuel L\u00f3pez Obrador encabez\u00f3 el informe de avances de los Programas Integrales de Bienestar. Los apoyos que En Sonora en Equipo publicamos toda la informaci\u00f3n de Sonora, M\u00e9xico y el Mundo de manera oportuna y busca que la libertad de expresi\u00f3n sea real. Visita nuestro medio informativo publicado desde Hermosillo, Sonora. %\" \/>\n<meta name=\"robots\" content=\"index, follow, max-snippet:-1, max-image-preview:large, max-video-preview:-1\" \/>\n<link rel=\"canonical\" href=\"https:\/\/www.sonoraenequipo.com.mx\/presentan-avances-de-programas-de-bienestar-adelantaran-entrega-de-apoyos-para-cumplir-con-disposiciones-electorales\/\" \/>\n<meta property=\"og:locale\" content=\"es_ES\" \/>\n<meta property=\"og:type\" content=\"article\" \/>\n<meta property=\"og:title\" content=\"Sonora en Equipo. Presentan avances de programas de bienestar; adelantar\u00e1n entrega de apoyos para cumplir con disposiciones electorales Rep\u00fablica\" \/>\n<meta property=\"og:description\" content=\"CIUDAD DE M\u00c9XICO. MX. \u2014 El presidente Andr\u00e9s Manuel L\u00f3pez Obrador encabez\u00f3 el informe de avances de los Programas Integrales de Bienestar. Los apoyos que En Sonora en Equipo publicamos toda la informaci\u00f3n de Sonora, M\u00e9xico y el Mundo de manera oportuna y busca que la libertad de expresi\u00f3n sea real. Visita nuestro medio informativo publicado desde Hermosillo, Sonora. %\" \/>\n<meta property=\"og:url\" content=\"https:\/\/www.sonoraenequipo.com.mx\/presentan-avances-de-programas-de-bienestar-adelantaran-entrega-de-apoyos-para-cumplir-con-disposiciones-electorales\/\" \/>\n<meta property=\"og:site_name\" content=\"Sonora en Equipo.\" \/>\n<meta property=\"article:publisher\" content=\"https:\/\/www.facebook.com\/SonoraEE\/\" \/>\n<meta property=\"article:author\" content=\"https:\/\/www.facebook.com\/SonoraEE\" \/>\n<meta property=\"article:published_time\" content=\"2021-02-22T15:28:26+00:00\" \/>\n<meta property=\"article:modified_time\" content=\"2021-02-24T02:10:36+00:00\" \/>\n<meta property=\"og:image\" content=\"https:\/\/www.sonoraenequipo.com.mx\/storage\/2021\/02\/becas-del-bienestar_opt.jpg\" \/>\n\t<meta property=\"og:image:width\" content=\"676\" \/>\n\t<meta property=\"og:image:height\" content=\"450\" \/>\n\t<meta property=\"og:image:type\" content=\"image\/jpeg\" \/>\n<meta name=\"author\" content=\"enequipo\" \/>\n<meta name=\"twitter:card\" content=\"summary_large_image\" \/>\n<meta name=\"twitter:creator\" content=\"@sonoraenequipo\" \/>\n<meta name=\"twitter:site\" content=\"@sonoraenequipo\" \/>\n<meta name=\"twitter:label1\" content=\"Escrito por\" \/>\n\t<meta name=\"twitter:data1\" content=\"enequipo\" \/>\n\t<meta name=\"twitter:label2\" content=\"Tiempo de lectura\" \/>\n\t<meta name=\"twitter:data2\" content=\"5 minutos\" \/>\n<script type=\"application\/ld+json\" class=\"yoast-schema-graph\">{\"@context\":\"https:\/\/schema.org\",\"@graph\":[{\"@type\":\"Article\",\"@id\":\"https:\/\/www.sonoraenequipo.com.mx\/presentan-avances-de-programas-de-bienestar-adelantaran-entrega-de-apoyos-para-cumplir-con-disposiciones-electorales\/#article\",\"isPartOf\":{\"@id\":\"https:\/\/www.sonoraenequipo.com.mx\/presentan-avances-de-programas-de-bienestar-adelantaran-entrega-de-apoyos-para-cumplir-con-disposiciones-electorales\/\"},\"author\":{\"name\":\"enequipo\",\"@id\":\"https:\/\/www.sonoraenequipo.com.mx\/#\/schema\/person\/50102df0fb23a8fa9e8effad8fa81386\"},\"headline\":\"Presentan avances de programas de bienestar; adelantar\u00e1n entrega de apoyos para cumplir con disposiciones electorales\",\"datePublished\":\"2021-02-22T15:28:26+00:00\",\"dateModified\":\"2021-02-24T02:10:36+00:00\",\"mainEntityOfPage\":{\"@id\":\"https:\/\/www.sonoraenequipo.com.mx\/presentan-avances-de-programas-de-bienestar-adelantaran-entrega-de-apoyos-para-cumplir-con-disposiciones-electorales\/\"},\"wordCount\":1036,\"commentCount\":0,\"publisher\":{\"@id\":\"https:\/\/www.sonoraenequipo.com.mx\/#organization\"},\"image\":{\"@id\":\"https:\/\/www.sonoraenequipo.com.mx\/presentan-avances-de-programas-de-bienestar-adelantaran-entrega-de-apoyos-para-cumplir-con-disposiciones-electorales\/#primaryimage\"},\"thumbnailUrl\":\"https:\/\/www.sonoraenequipo.com.mx\/storage\/2021\/02\/becas-del-bienestar_opt.jpg\",\"articleSection\":[\"Rep\u00fablica\"],\"inLanguage\":\"es\",\"potentialAction\":[{\"@type\":\"CommentAction\",\"name\":\"Comment\",\"target\":[\"https:\/\/www.sonoraenequipo.com.mx\/presentan-avances-de-programas-de-bienestar-adelantaran-entrega-de-apoyos-para-cumplir-con-disposiciones-electorales\/#respond\"]}]},{\"@type\":\"WebPage\",\"@id\":\"https:\/\/www.sonoraenequipo.com.mx\/presentan-avances-de-programas-de-bienestar-adelantaran-entrega-de-apoyos-para-cumplir-con-disposiciones-electorales\/\",\"url\":\"https:\/\/www.sonoraenequipo.com.mx\/presentan-avances-de-programas-de-bienestar-adelantaran-entrega-de-apoyos-para-cumplir-con-disposiciones-electorales\/\",\"name\":\"Sonora en Equipo. Presentan avances de programas de bienestar; adelantar\u00e1n entrega de apoyos para cumplir con disposiciones electorales Rep\u00fablica\",\"isPartOf\":{\"@id\":\"https:\/\/www.sonoraenequipo.com.mx\/#website\"},\"primaryImageOfPage\":{\"@id\":\"https:\/\/www.sonoraenequipo.com.mx\/presentan-avances-de-programas-de-bienestar-adelantaran-entrega-de-apoyos-para-cumplir-con-disposiciones-electorales\/#primaryimage\"},\"image\":{\"@id\":\"https:\/\/www.sonoraenequipo.com.mx\/presentan-avances-de-programas-de-bienestar-adelantaran-entrega-de-apoyos-para-cumplir-con-disposiciones-electorales\/#primaryimage\"},\"thumbnailUrl\":\"https:\/\/www.sonoraenequipo.com.mx\/storage\/2021\/02\/becas-del-bienestar_opt.jpg\",\"datePublished\":\"2021-02-22T15:28:26+00:00\",\"dateModified\":\"2021-02-24T02:10:36+00:00\",\"description\":\"CIUDAD DE M\u00c9XICO. MX. \u2014 El presidente Andr\u00e9s Manuel L\u00f3pez Obrador encabez\u00f3 el informe de avances de los Programas Integrales de Bienestar. Los apoyos que En Sonora en Equipo publicamos toda la informaci\u00f3n de Sonora, M\u00e9xico y el Mundo de manera oportuna y busca que la libertad de expresi\u00f3n sea real. Visita nuestro medio informativo publicado desde Hermosillo, Sonora. %\",\"breadcrumb\":{\"@id\":\"https:\/\/www.sonoraenequipo.com.mx\/presentan-avances-de-programas-de-bienestar-adelantaran-entrega-de-apoyos-para-cumplir-con-disposiciones-electorales\/#breadcrumb\"},\"inLanguage\":\"es\",\"potentialAction\":[{\"@type\":\"ReadAction\",\"target\":[\"https:\/\/www.sonoraenequipo.com.mx\/presentan-avances-de-programas-de-bienestar-adelantaran-entrega-de-apoyos-para-cumplir-con-disposiciones-electorales\/\"]}]},{\"@type\":\"ImageObject\",\"inLanguage\":\"es\",\"@id\":\"https:\/\/www.sonoraenequipo.com.mx\/presentan-avances-de-programas-de-bienestar-adelantaran-entrega-de-apoyos-para-cumplir-con-disposiciones-electorales\/#primaryimage\",\"url\":\"https:\/\/www.sonoraenequipo.com.mx\/storage\/2021\/02\/becas-del-bienestar_opt.jpg\",\"contentUrl\":\"https:\/\/www.sonoraenequipo.com.mx\/storage\/2021\/02\/becas-del-bienestar_opt.jpg\",\"width\":676,\"height\":450},{\"@type\":\"BreadcrumbList\",\"@id\":\"https:\/\/www.sonoraenequipo.com.mx\/presentan-avances-de-programas-de-bienestar-adelantaran-entrega-de-apoyos-para-cumplir-con-disposiciones-electorales\/#breadcrumb\",\"itemListElement\":[{\"@type\":\"ListItem\",\"position\":1,\"name\":\"Portada\",\"item\":\"https:\/\/www.sonoraenequipo.com.mx\/\"},{\"@type\":\"ListItem\",\"position\":2,\"name\":\"Presentan avances de programas de bienestar; adelantar\u00e1n entrega de apoyos para cumplir con disposiciones electorales\"}]},{\"@type\":\"WebSite\",\"@id\":\"https:\/\/www.sonoraenequipo.com.mx\/#website\",\"url\":\"https:\/\/www.sonoraenequipo.com.mx\/\",\"name\":\"Sonora en Equipo.\",\"description\":\"Diario en l\u00ednea con Noticias desde Hermosillo, Sonora\",\"publisher\":{\"@id\":\"https:\/\/www.sonoraenequipo.com.mx\/#organization\"},\"potentialAction\":[{\"@type\":\"SearchAction\",\"target\":{\"@type\":\"EntryPoint\",\"urlTemplate\":\"https:\/\/www.sonoraenequipo.com.mx\/?s={search_term_string}\"},\"query-input\":{\"@type\":\"PropertyValueSpecification\",\"valueRequired\":true,\"valueName\":\"search_term_string\"}}],\"inLanguage\":\"es\"},{\"@type\":\"Organization\",\"@id\":\"https:\/\/www.sonoraenequipo.com.mx\/#organization\",\"name\":\"Sonoraenequipo.com.mx\",\"url\":\"https:\/\/www.sonoraenequipo.com.mx\/\",\"logo\":{\"@type\":\"ImageObject\",\"inLanguage\":\"es\",\"@id\":\"https:\/\/www.sonoraenequipo.com.mx\/#\/schema\/logo\/image\/\",\"url\":\"https:\/\/www.sonoraenequipo.com.mx\/storage\/2019\/01\/sonoraenequipo_opt.png\",\"contentUrl\":\"https:\/\/www.sonoraenequipo.com.mx\/storage\/2019\/01\/sonoraenequipo_opt.png\",\"width\":375,\"height\":125,\"caption\":\"Sonoraenequipo.com.mx\"},\"image\":{\"@id\":\"https:\/\/www.sonoraenequipo.com.mx\/#\/schema\/logo\/image\/\"},\"sameAs\":[\"https:\/\/www.facebook.com\/SonoraEE\/\",\"https:\/\/x.com\/sonoraenequipo\",\"https:\/\/www.youtube.com\/channel\/UC338nW-lPEYmJQs4ZABQ1SQ\"]},{\"@type\":\"Person\",\"@id\":\"https:\/\/www.sonoraenequipo.com.mx\/#\/schema\/person\/50102df0fb23a8fa9e8effad8fa81386\",\"name\":\"enequipo\",\"image\":{\"@type\":\"ImageObject\",\"inLanguage\":\"es\",\"@id\":\"https:\/\/www.sonoraenequipo.com.mx\/#\/schema\/person\/image\/\",\"url\":\"https:\/\/secure.gravatar.com\/avatar\/049821681b589dabc0bc20695993ccebb09f5b5d4d790cd9251b97faac7c652b?s=96&d=blank&r=g\",\"contentUrl\":\"https:\/\/secure.gravatar.com\/avatar\/049821681b589dabc0bc20695993ccebb09f5b5d4d790cd9251b97faac7c652b?s=96&d=blank&r=g\",\"caption\":\"enequipo\"},\"sameAs\":[\"https:\/\/www.facebook.com\/SonoraEE\"]}]}<\/script>\n ","yoast_head_json":{"title":"Sonora en Equipo. Presentan avances de programas de bienestar; adelantar\u00e1n entrega de apoyos para cumplir con disposiciones electorales Rep\u00fablica","description":"CIUDAD DE M\u00c9XICO. MX. \u2014 El presidente Andr\u00e9s Manuel L\u00f3pez Obrador encabez\u00f3 el informe de avances de los Programas Integrales de Bienestar. Los apoyos que En Sonora en Equipo publicamos toda la informaci\u00f3n de Sonora, M\u00e9xico y el Mundo de manera oportuna y busca que la libertad de expresi\u00f3n sea real. Visita nuestro medio informativo publicado desde Hermosillo, Sonora. %","robots":{"index":"index","follow":"follow","max-snippet":"max-snippet:-1","max-image-preview":"max-image-preview:large","max-video-preview":"max-video-preview:-1"},"canonical":"https:\/\/www.sonoraenequipo.com.mx\/presentan-avances-de-programas-de-bienestar-adelantaran-entrega-de-apoyos-para-cumplir-con-disposiciones-electorales\/","og_locale":"es_ES","og_type":"article","og_title":"Sonora en Equipo. Presentan avances de programas de bienestar; adelantar\u00e1n entrega de apoyos para cumplir con disposiciones electorales Rep\u00fablica","og_description":"CIUDAD DE M\u00c9XICO. MX. \u2014 El presidente Andr\u00e9s Manuel L\u00f3pez Obrador encabez\u00f3 el informe de avances de los Programas Integrales de Bienestar. Los apoyos que En Sonora en Equipo publicamos toda la informaci\u00f3n de Sonora, M\u00e9xico y el Mundo de manera oportuna y busca que la libertad de expresi\u00f3n sea real. Visita nuestro medio informativo publicado desde Hermosillo, Sonora. %","og_url":"https:\/\/www.sonoraenequipo.com.mx\/presentan-avances-de-programas-de-bienestar-adelantaran-entrega-de-apoyos-para-cumplir-con-disposiciones-electorales\/","og_site_name":"Sonora en Equipo.","article_publisher":"https:\/\/www.facebook.com\/SonoraEE\/","article_author":"https:\/\/www.facebook.com\/SonoraEE","article_published_time":"2021-02-22T15:28:26+00:00","article_modified_time":"2021-02-24T02:10:36+00:00","og_image":[{"width":676,"height":450,"url":"https:\/\/www.sonoraenequipo.com.mx\/storage\/2021\/02\/becas-del-bienestar_opt.jpg","type":"image\/jpeg"}],"author":"enequipo","twitter_card":"summary_large_image","twitter_creator":"@sonoraenequipo","twitter_site":"@sonoraenequipo","twitter_misc":{"Escrito por":"enequipo","Tiempo de lectura":"5 minutos"},"schema":{"@context":"https:\/\/schema.org","@graph":[{"@type":"Article","@id":"https:\/\/www.sonoraenequipo.com.mx\/presentan-avances-de-programas-de-bienestar-adelantaran-entrega-de-apoyos-para-cumplir-con-disposiciones-electorales\/#article","isPartOf":{"@id":"https:\/\/www.sonoraenequipo.com.mx\/presentan-avances-de-programas-de-bienestar-adelantaran-entrega-de-apoyos-para-cumplir-con-disposiciones-electorales\/"},"author":{"name":"enequipo","@id":"https:\/\/www.sonoraenequipo.com.mx\/#\/schema\/person\/50102df0fb23a8fa9e8effad8fa81386"},"headline":"Presentan avances de programas de bienestar; adelantar\u00e1n entrega de apoyos para cumplir con disposiciones electorales","datePublished":"2021-02-22T15:28:26+00:00","dateModified":"2021-02-24T02:10:36+00:00","mainEntityOfPage":{"@id":"https:\/\/www.sonoraenequipo.com.mx\/presentan-avances-de-programas-de-bienestar-adelantaran-entrega-de-apoyos-para-cumplir-con-disposiciones-electorales\/"},"wordCount":1036,"commentCount":0,"publisher":{"@id":"https:\/\/www.sonoraenequipo.com.mx\/#organization"},"image":{"@id":"https:\/\/www.sonoraenequipo.com.mx\/presentan-avances-de-programas-de-bienestar-adelantaran-entrega-de-apoyos-para-cumplir-con-disposiciones-electorales\/#primaryimage"},"thumbnailUrl":"https:\/\/www.sonoraenequipo.com.mx\/storage\/2021\/02\/becas-del-bienestar_opt.jpg","articleSection":["Rep\u00fablica"],"inLanguage":"es","potentialAction":[{"@type":"CommentAction","name":"Comment","target":["https:\/\/www.sonoraenequipo.com.mx\/presentan-avances-de-programas-de-bienestar-adelantaran-entrega-de-apoyos-para-cumplir-con-disposiciones-electorales\/#respond"]}]},{"@type":"WebPage","@id":"https:\/\/www.sonoraenequipo.com.mx\/presentan-avances-de-programas-de-bienestar-adelantaran-entrega-de-apoyos-para-cumplir-con-disposiciones-electorales\/","url":"https:\/\/www.sonoraenequipo.com.mx\/presentan-avances-de-programas-de-bienestar-adelantaran-entrega-de-apoyos-para-cumplir-con-disposiciones-electorales\/","name":"Sonora en Equipo. Presentan avances de programas de bienestar; adelantar\u00e1n entrega de apoyos para cumplir con disposiciones electorales Rep\u00fablica","isPartOf":{"@id":"https:\/\/www.sonoraenequipo.com.mx\/#website"},"primaryImageOfPage":{"@id":"https:\/\/www.sonoraenequipo.com.mx\/presentan-avances-de-programas-de-bienestar-adelantaran-entrega-de-apoyos-para-cumplir-con-disposiciones-electorales\/#primaryimage"},"image":{"@id":"https:\/\/www.sonoraenequipo.com.mx\/presentan-avances-de-programas-de-bienestar-adelantaran-entrega-de-apoyos-para-cumplir-con-disposiciones-electorales\/#primaryimage"},"thumbnailUrl":"https:\/\/www.sonoraenequipo.com.mx\/storage\/2021\/02\/becas-del-bienestar_opt.jpg","datePublished":"2021-02-22T15:28:26+00:00","dateModified":"2021-02-24T02:10:36+00:00","description":"CIUDAD DE M\u00c9XICO. MX. \u2014 El presidente Andr\u00e9s Manuel L\u00f3pez Obrador encabez\u00f3 el informe de avances de los Programas Integrales de Bienestar. Los apoyos que En Sonora en Equipo publicamos toda la informaci\u00f3n de Sonora, M\u00e9xico y el Mundo de manera oportuna y busca que la libertad de expresi\u00f3n sea real. Visita nuestro medio informativo publicado desde Hermosillo, Sonora. %","breadcrumb":{"@id":"https:\/\/www.sonoraenequipo.com.mx\/presentan-avances-de-programas-de-bienestar-adelantaran-entrega-de-apoyos-para-cumplir-con-disposiciones-electorales\/#breadcrumb"},"inLanguage":"es","potentialAction":[{"@type":"ReadAction","target":["https:\/\/www.sonoraenequipo.com.mx\/presentan-avances-de-programas-de-bienestar-adelantaran-entrega-de-apoyos-para-cumplir-con-disposiciones-electorales\/"]}]},{"@type":"ImageObject","inLanguage":"es","@id":"https:\/\/www.sonoraenequipo.com.mx\/presentan-avances-de-programas-de-bienestar-adelantaran-entrega-de-apoyos-para-cumplir-con-disposiciones-electorales\/#primaryimage","url":"https:\/\/www.sonoraenequipo.com.mx\/storage\/2021\/02\/becas-del-bienestar_opt.jpg","contentUrl":"https:\/\/www.sonoraenequipo.com.mx\/storage\/2021\/02\/becas-del-bienestar_opt.jpg","width":676,"height":450},{"@type":"BreadcrumbList","@id":"https:\/\/www.sonoraenequipo.com.mx\/presentan-avances-de-programas-de-bienestar-adelantaran-entrega-de-apoyos-para-cumplir-con-disposiciones-electorales\/#breadcrumb","itemListElement":[{"@type":"ListItem","position":1,"name":"Portada","item":"https:\/\/www.sonoraenequipo.com.mx\/"},{"@type":"ListItem","position":2,"name":"Presentan avances de programas de bienestar; adelantar\u00e1n entrega de apoyos para cumplir con disposiciones electorales"}]},{"@type":"WebSite","@id":"https:\/\/www.sonoraenequipo.com.mx\/#website","url":"https:\/\/www.sonoraenequipo.com.mx\/","name":"Sonora en Equipo.","description":"Diario en l\u00ednea con Noticias desde Hermosillo, Sonora","publisher":{"@id":"https:\/\/www.sonoraenequipo.com.mx\/#organization"},"potentialAction":[{"@type":"SearchAction","target":{"@type":"EntryPoint","urlTemplate":"https:\/\/www.sonoraenequipo.com.mx\/?s={search_term_string}"},"query-input":{"@type":"PropertyValueSpecification","valueRequired":true,"valueName":"search_term_string"}}],"inLanguage":"es"},{"@type":"Organization","@id":"https:\/\/www.sonoraenequipo.com.mx\/#organization","name":"Sonoraenequipo.com.mx","url":"https:\/\/www.sonoraenequipo.com.mx\/","logo":{"@type":"ImageObject","inLanguage":"es","@id":"https:\/\/www.sonoraenequipo.com.mx\/#\/schema\/logo\/image\/","url":"https:\/\/www.sonoraenequipo.com.mx\/storage\/2019\/01\/sonoraenequipo_opt.png","contentUrl":"https:\/\/www.sonoraenequipo.com.mx\/storage\/2019\/01\/sonoraenequipo_opt.png","width":375,"height":125,"caption":"Sonoraenequipo.com.mx"},"image":{"@id":"https:\/\/www.sonoraenequipo.com.mx\/#\/schema\/logo\/image\/"},"sameAs":["https:\/\/www.facebook.com\/SonoraEE\/","https:\/\/x.com\/sonoraenequipo","https:\/\/www.youtube.com\/channel\/UC338nW-lPEYmJQs4ZABQ1SQ"]},{"@type":"Person","@id":"https:\/\/www.sonoraenequipo.com.mx\/#\/schema\/person\/50102df0fb23a8fa9e8effad8fa81386","name":"enequipo","image":{"@type":"ImageObject","inLanguage":"es","@id":"https:\/\/www.sonoraenequipo.com.mx\/#\/schema\/person\/image\/","url":"https:\/\/secure.gravatar.com\/avatar\/049821681b589dabc0bc20695993ccebb09f5b5d4d790cd9251b97faac7c652b?s=96&d=blank&r=g","contentUrl":"https:\/\/secure.gravatar.com\/avatar\/049821681b589dabc0bc20695993ccebb09f5b5d4d790cd9251b97faac7c652b?s=96&d=blank&r=g","caption":"enequipo"},"sameAs":["https:\/\/www.facebook.com\/SonoraEE"]}]}},"jetpack_featured_media_url":"https:\/\/www.sonoraenequipo.com.mx\/storage\/2021\/02\/becas-del-bienestar_opt.jpg","_links":{"self":[{"href":"https:\/\/www.sonoraenequipo.com.mx\/api\/wp\/v2\/posts\/107563","targetHints":{"allow":["GET"]}}],"collection":[{"href":"https:\/\/www.sonoraenequipo.com.mx\/api\/wp\/v2\/posts"}],"about":[{"href":"https:\/\/www.sonoraenequipo.com.mx\/api\/wp\/v2\/types\/post"}],"author":[{"embeddable":true,"href":"https:\/\/www.sonoraenequipo.com.mx\/api\/wp\/v2\/users\/1"}],"replies":[{"embeddable":true,"href":"https:\/\/www.sonoraenequipo.com.mx\/api\/wp\/v2\/comments?post=107563"}],"version-history":[{"count":3,"href":"https:\/\/www.sonoraenequipo.com.mx\/api\/wp\/v2\/posts\/107563\/revisions"}],"predecessor-version":[{"id":107567,"href":"https:\/\/www.sonoraenequipo.com.mx\/api\/wp\/v2\/posts\/107563\/revisions\/107567"}],"wp:featuredmedia":[{"embeddable":true,"href":"https:\/\/www.sonoraenequipo.com.mx\/api\/wp\/v2\/media\/107564"}],"wp:attachment":[{"href":"https:\/\/www.sonoraenequipo.com.mx\/api\/wp\/v2\/media?parent=107563"}],"wp:term":[{"taxonomy":"category","embeddable":true,"href":"https:\/\/www.sonoraenequipo.com.mx\/api\/wp\/v2\/categories?post=107563"},{"taxonomy":"post_tag","embeddable":true,"href":"https:\/\/www.sonoraenequipo.com.mx\/api\/wp\/v2\/tags?post=107563"}],"curies":[{"name":"wp","href":"https:\/\/api.w.org\/{rel}","templated":true}]}}