{"id":107579,"date":"2021-02-23T19:29:35","date_gmt":"2021-02-24T02:29:35","guid":{"rendered":"https:\/\/www.sonoraenequipo.com.mx\/?p=107579"},"modified":"2021-02-24T18:59:49","modified_gmt":"2021-02-25T01:59:49","slug":"buscan-salvaguardar-dignidad-de-enfermos-en-situacion-terminal","status":"publish","type":"post","link":"https:\/\/www.sonoraenequipo.com.mx\/buscan-salvaguardar-dignidad-de-enfermos-en-situacion-terminal\/","title":{"rendered":"Buscan salvaguardar dignidad de enfermos en situaci\u00f3n terminal"},"content":{"rendered":"<p>Buscan salvaguardar dignidad de enfermos en situaci\u00f3n terminal<\/p>\n<p>&nbsp;<\/p>\n<p>HERMOSILLO, SONORA,MX.\u2500\u2500 Por mandato de la Ley General de Salud, pero sobre todo porque se trata de disposiciones que deben aplicarse en el estado para garantizar el trato digno y humanitario que toda persona merece, de manera especial aquellos pacientes que se encuentran con una afectaci\u00f3n que pone final a su existencia, el Poder Legislativo aprob\u00f3 adiciones a la Ley de Salud para el Estado de Sonora.<\/p>\n<p>&nbsp;<\/p>\n<p>&nbsp;<\/p>\n<p>&nbsp;<\/p>\n<p>De acuerdo al Decreto aprobado en la sesi\u00f3n ordinaria, a la referida norma se le adicion\u00f3 el T\u00edtulo D\u00e9cimo BIS: De los cuidados paliativos a los enfermos en situaci\u00f3n terminal, as\u00ed como los art\u00edculos 148 QUATER al 148 QUATER 21, que el diputado Rogelio D\u00edaz Brown Ramsburgh propuso mediante iniciativa presentada el 17 de septiembre de 2019.<\/p>\n<p>&nbsp;<\/p>\n<p>&nbsp;<\/p>\n<p>&nbsp;<\/p>\n<p>La Comisi\u00f3n de Salud estudi\u00f3 dicha iniciativa por considerar es congruente con la disposici\u00f3n constitucional federal, el Art\u00edculo 33, fracci\u00f3n IV de la Ley General de Salud, y el correlativo Art\u00edculo 29, fracci\u00f3n IV, de la Ley de Salud para el Estado de Sonora.<\/p>\n<p>&nbsp;<\/p>\n<p>&nbsp;<\/p>\n<p>&nbsp;<\/p>\n<p>Todas estas disposiciones contemplan dentro de sus actividades que conforman la atenci\u00f3n m\u00e9dica, a las actividades paliativas como aquellas que incluyen el cuidado integral para preservar la calidad de vida del paciente, a trav\u00e9s de la prevenci\u00f3n, tratamiento y control del dolor, y otros s\u00edntomas f\u00edsicos y emocionales por parte de un equipo profesional multidisciplinario, establece uno de los considerandos del dictamen, al que dio lectura el diputado D\u00edaz Brown Ramsburgh.<\/p>\n<p>&nbsp;<\/p>\n<p>&nbsp;<\/p>\n<p>&nbsp;<\/p>\n<p>Adicionalmente, la Ley General de Salud, en su Art\u00edculo 59, ordena a los gobiernos de las entidades federativas que promuevan y apoyen la constituci\u00f3n de grupos, asociaciones y dem\u00e1s instituciones que tengan por objeto participar organizadamente en los programas de promoci\u00f3n y mejoramiento en los cuidados paliativos, entre otras acciones en materia de salud, destac\u00f3.<\/p>\n<p>&nbsp;<\/p>\n<p>&nbsp;<\/p>\n<p>&nbsp;<\/p>\n<p>El Decreto establece que, en la atenci\u00f3n a la salud en el Estado, se incluya a los enfermos en situaci\u00f3n terminal, para lo cual se establecen los derechos y obligaciones para los prestadores y los usuarios de los servicios de salud en materia de cuidados paliativos, y se le da prioridad al derecho para recibir este tipo de cuidados y manejo del dolor a los pacientes en situaci\u00f3n terminal, adem\u00e1s se asegura que toda acci\u00f3n m\u00e9dica y sanitaria cuente con el consentimiento del paciente o de su representante.<\/p>\n<p>&nbsp;<\/p>\n<p>&nbsp;<\/p>\n<p>&nbsp;<\/p>\n<p>Como objeto de estas disposiciones se establece: salvaguardar la dignidad de los enfermos en situaci\u00f3n terminal para garantizar una vida de calidad a trav\u00e9s de los cuidados y atenciones m\u00e9dicas; garantizar una muerte natural en condiciones dignas a los enfermos en situaci\u00f3n terminal;\u00a0 y establecer y garantizar los derechos del enfermo en situaci\u00f3n terminal en relaci\u00f3n con su tratamiento, entre otros.<\/p>\n<p>&nbsp;<\/p>\n<p>&nbsp;<\/p>\n<p>&nbsp;<\/p>\n<p>En esta sesi\u00f3n ordinaria tambi\u00e9n se aprob\u00f3 otro Decreto que modifica disposiciones de la Ley de Salud para el Estado de Sonora con el objeto de que el Consejo Estatal de Salud funcione como autoridad y que en lo sucesivo, sea legalmente presidido por el titular del Poder Ejecutivo estatal y en funciones de secretario ejecutivo funja el Secretario de Salud de la entidad.<\/p>\n<p>&nbsp;<\/p>\n<p>&nbsp;<\/p>\n<p>&nbsp;<\/p>\n<p>El diputado Filem\u00f3n Ortega Quintos dio lectura al dictamen que se bas\u00f3 en una iniciativa que present\u00f3 el 20 de octubre de 2020, en la que propuso que el Consejo Estatal de Salud lo integren ocho consejeros a cargo de diversas autoridades estatales y federales en materia de salud y seguridad p\u00fablica, y como invitado un representante de la Secretar\u00eda de la Defensa Nacional.<\/p>\n<p>&nbsp;<\/p>\n<p>&nbsp;<\/p>\n<p>&nbsp;<\/p>\n<p>La Comisi\u00f3n de Salud calific\u00f3 como positiva la propuesta, toda vez que contiene disposiciones que al entrar en vigor har\u00e1n posible contar con el fundamento necesario para dar legalidad a las determinaciones que las autoridades sanitarias estatales y federales emitan a trav\u00e9s del Consejo Estatal de Salud, con el fin de coordinar acciones para atender la contingencia sanitaria ocasionada por el COVID-19 o cualquier emergencia de salud at\u00edpica que se presente en el Estado.<\/p>\n<p>&nbsp;<\/p>\n<p>&nbsp;<\/p>\n<p>&nbsp;<\/p>\n<p>En el desarrollo de esta sesi\u00f3n ordinaria, el Pleno aprob\u00f3 el dictamen con proyecto de Decreto que adiciona diversas disposiciones a la Ley Org\u00e1nica del Poder Judicial del Estado de Sonora, con lo cual se le da cumplimiento a lo dispuesto en los art\u00edculos 1\u00b0 y 4\u00b0 de la Constituci\u00f3n Pol\u00edtica de los Estados Unidos Mexicanos, preceptos que disponen, en primer t\u00e9rmino, que todas las autoridades en el pa\u00eds, en el \u00e1mbito de sus competencias, tienen la obligaci\u00f3n de promover, respetar, proteger y garantizar los derechos humanos.<\/p>\n<p>&nbsp;<\/p>\n<p>&nbsp;<\/p>\n<p>&nbsp;<\/p>\n<p>En segundo t\u00e9rmino, garantiza la igualdad de mujeres y hombres en todos los aspectos de la vida, como el pol\u00edtico, jur\u00eddico, econ\u00f3mico y profesional, entre otros, dictamin\u00f3 la Comisi\u00f3n de Justicia y Derechos Humanos, que estudi\u00f3 la iniciativa que el 17 de marzo de 2020 presentara la diputada Ernestina Castro Valenzuela.<\/p>\n<p>&nbsp;<\/p>\n<p>&nbsp;<\/p>\n<p>&nbsp;<\/p>\n<p>Se trata de crear la Unidad de Igualdad de G\u00e9nero dentro del Poder Judicial, cuyas funciones, entre otras, son las de llevar a cabo las acciones encaminadas a la institucionalizaci\u00f3n del enfoque de igualdad de g\u00e9nero y derechos humanos en la administraci\u00f3n de justicia; sensibilizar y capacitar a quienes imparten justicia en perspectiva de g\u00e9nero para mejorar el acceso a la justicia; y crear alianzas con la sociedad civil y otros poderes p\u00fablicos para promover los derechos humanos de las mujeres.<\/p>\n<p>&nbsp;<\/p>\n<p>&nbsp;<\/p>\n<p>&nbsp;<\/p>\n<p>Tambi\u00e9n incluye la incorporaci\u00f3n de la perspectiva de g\u00e9nero y derechos humanos en los proyectos de planeaci\u00f3n, reformas y modernizaci\u00f3n jurisdiccional y administrativa; promover la eliminaci\u00f3n de pr\u00e1cticas discriminatorias; y garantizar un enfoque integral y con perspectiva de derechos humanos e igualdad de g\u00e9nero en el quehacer de los integrantes del Poder Judicial del Estado.<\/p>\n<p>&nbsp;<\/p>\n<p>&nbsp;<\/p>\n<p>&nbsp;<\/p>\n<p>En los considerandos del dictamen se establece que actualmente dentro de dicho Poder ya est\u00e1 en funciones la Unidad de Igualdad de G\u00e9nero, creada mediante Acuerdo del Pleno del Supremo Tribunal de Justicia del Estado, por lo que con las adiciones a su Ley Org\u00e1nica se elevar\u00e1 a rango de Ley la creaci\u00f3n y funcionamiento de dicha unidad, con lo cual se garantizar\u00e1 la continuidad y permanencia de dicho \u00f3rgano.<\/p>\n<p>&nbsp;<\/p>\n<p>&nbsp;<\/p>\n<p>&nbsp;<\/p>\n<p>Con el fin de establecer sanciones a quienes incurran en actos violentos durante la celebraci\u00f3n de eventos deportivos, la asamblea aprob\u00f3 el dictamen con proyecto de Decreto que reforma y adiciona diversas disposiciones a la Ley para la celebraci\u00f3n de espect\u00e1culos p\u00fablicos del Estado de Sonora.<\/p>\n<p>&nbsp;<\/p>\n<p>&nbsp;<\/p>\n<p>&nbsp;<\/p>\n<p>La diputada Marcia Lorena Camarena Moncada present\u00f3 el dictamen elaborado por la Comisi\u00f3n del Deporte, una vez que esta dictaminadora estudi\u00f3 la iniciativa presentada por la legisladora el 13 de febrero de 2020, bajo el considerando de que el Estado tiene la obligaci\u00f3n de promover, respetar, proteger y garantizar los derechos humanos.<\/p>\n<p>&nbsp;<\/p>\n<p>&nbsp;<\/p>\n<p>&nbsp;<\/p>\n<p>De acuerdo a la parte expositiva de la iniciativa, \u201ccuando ocurren actos violentos en un evento deportivo se atenta contra el disfrute y el pleno ejercicio de los derechos, como la seguridad, el desarrollo integral de la familia y el derecho al deporte, entre otros derechos que pudieran estar involucrados\u201d, destaca.<\/p>\n<p>&nbsp;<\/p>\n<p>&nbsp;<\/p>\n<p>&nbsp;<\/p>\n<p>Las sanciones a quienes incurran en actos violentos o reincidan, ya sean deportistas, entrenadores, jueces, \u00e1rbitros, organizadores o directivos, ir\u00e1n desde una amonestaci\u00f3n privada o p\u00fablica, y en caso de que se les otorguen apoyos econ\u00f3micos del Estado o municipios, se les sancionar\u00e1 con la reducci\u00f3n o cancelaci\u00f3n del evento, y multa de 10 a 500 veces el valor diario de la Unidad de Medida y Actualizaci\u00f3n.<\/p>\n<p>&nbsp;<\/p>\n<p>&nbsp;<\/p>\n<p>&nbsp;<\/p>\n<p>A los aficionados, asistentes o espectadores en general: expulsi\u00f3n inmediata de las instalaciones deportivas, amonestaci\u00f3n privada o p\u00fablica, multa de 10 a 500 veces el valor diario de la UMA y suspensi\u00f3n de uno a cinco a\u00f1os del acceso a espect\u00e1culos masivos.<\/p>\n<p>&nbsp;<\/p>\n<p>&nbsp;<\/p>\n<p>&nbsp;<\/p>\n<p>El quinto dictamen de esta ordinaria resuelve aprobar el nombramiento del ciudadano Francisco Gurrola S\u00e1nchez para que ejerza funciones de Presidente Municipal del Ayuntamiento del municipio de Suaqui Grande, Sonora, ante el deceso de la ciudadana Gertrudis Quintana Castillo, dio a conocer la Comisi\u00f3n de Gobernaci\u00f3n y Puntos Constitucionales.<\/p>\n<p>&nbsp;<\/p>\n<p>&nbsp;<\/p>\n<p>&nbsp;<\/p>\n<p>Turnan iniciativas a comisiones dictaminadoras<\/p>\n<p>&nbsp;<\/p>\n<p>La Comisi\u00f3n de R\u00e9gimen Interno y Concertaci\u00f3n Pol\u00edtica present\u00f3 al Pleno una iniciativa con punto de Acuerdo mediante el cual este Poder Legislativo, de conformidad con los art\u00edculos 66, fracci\u00f3n IV de la Ley de Archivos para el Estado de Sonora, y 92, fracci\u00f3n XXXI de la Ley Org\u00e1nica del Poder Legislativo, resuelve designar como representante ante el Consejo del Estado de Sonora en materia de Archivos, al diputado que ejerza el cargo de presidente de la Comisi\u00f3n de Transparencia.<\/p>\n<p>&nbsp;<\/p>\n<p>&nbsp;<\/p>\n<p>&nbsp;<\/p>\n<p>El Consejo en materia de Archivos es el encargado de implementar las pol\u00edticas, programas, lineamientos y directrices para la organizaci\u00f3n y administraci\u00f3n de los archivos; emitir recomendaciones a los sujetos obligados como resultado del seguimiento al cumplimiento de la Ley por medio de la vigilancia ejercida por los \u00f3rganos internos de control o por el Archivo General; aprobar criterios para homologar la organizaci\u00f3n y conservaci\u00f3n de los archivos; y aprobar las campa\u00f1as de difusi\u00f3n sobre la importancia de los archivos como fuente de informaci\u00f3n esencial.<\/p>\n<p>&nbsp;<\/p>\n<p>&nbsp;<\/p>\n<p>&nbsp;<\/p>\n<p>Adem\u00e1s de que en el marco del Consejo Nacional, el Consejo Estatal podr\u00e1 proponer las disposiciones que regulen la creaci\u00f3n y uso de sistemas automatizados para la gesti\u00f3n documental y administraci\u00f3n de archivos para los sujetos obligados del \u00e1mbito estatal, que contribuyan a la organizaci\u00f3n homog\u00e9nea de sus archivos, entre otros.<\/p>\n<p>&nbsp;<\/p>\n<p>&nbsp;<\/p>\n<p>&nbsp;<\/p>\n<p>En esta sesi\u00f3n ordinaria no se consider\u00f3 como de urgente y obvia resoluci\u00f3n un dictamen presentado por las comisiones de Gobernaci\u00f3n y Puntos Constitucionales, y de Fomento Econ\u00f3mico y Turismo, con proyecto de Decreto que reforma, deroga y adiciona diversas disposiciones de la Ley Org\u00e1nica del Poder Ejecutivo del Estado de Sonora, por lo que se fij\u00f3 para la sesi\u00f3n de este jueves 25 la segunda lectura y posterior debate.<\/p>\n<p>&nbsp;<\/p>\n<p>&nbsp;<\/p>\n<p>&nbsp;<\/p>\n<p>En el mismo sentido de la no urgente y obvia resoluci\u00f3n, al no votar las dos terceras partes del Pleno, qued\u00f3 una iniciativa con punto de Acuerdo que resuelve exhortar al Ayuntamiento de Hermosillo con relaci\u00f3n al proyecto de electrificaci\u00f3n e iluminaci\u00f3n del campo deportivo conocido como \u201cCaft\u201d de Bah\u00eda de Kino Viejo, presentado por la diputada Mar\u00eda Magdalena Uribe Pe\u00f1a, por lo cual fue turnado a la Comisi\u00f3n de Deporte.<\/p>\n<p>&nbsp;<\/p>\n<p>&nbsp;<\/p>\n<p>&nbsp;<\/p>\n<p>En el orden del d\u00eda sigui\u00f3 la presentaci\u00f3n de diversas iniciativas por parte de los diputados Ferm\u00edn Trujillo Fuentes y Francisco Javier Duarte Flores, con proyecto de decreto que reforma el Art\u00edculo 513 del C\u00f3digo de Familia para el Estado de Sonora, y se turn\u00f3 a la Comisi\u00f3n de Justicia y Derechos Humanos, que tambi\u00e9n estudiar\u00e1 una iniciativa del diputado Luis Armando Colosio Mu\u00f1oz, quien propuso reformar el segundo p\u00e1rrafo del Art\u00edculo 45 de la Ley del Registro Civil para el Estado de Sonora.<\/p>\n<p>&nbsp;<\/p>\n<p>&nbsp;<\/p>\n<p>&nbsp;<\/p>\n<p>El diputado Luis Mario Rivera Aguilar present\u00f3 una iniciativa con proyecto de decreto que reforma, deroga y adiciona diversas disposiciones de la Ley Org\u00e1nica del Poder Ejecutivo del Estado de Sonora, la cual se turn\u00f3 a las comisiones de Gobernaci\u00f3n y Puntos Constitucionales, y de Energ\u00eda, Medio Ambiente y Cambio Clim\u00e1tico, en forma unida.<\/p>\n<p>&nbsp;<\/p>\n<p>&nbsp;<\/p>\n<p>&nbsp;<\/p>\n<p>Y la Comisi\u00f3n del Deporte estudiar\u00e1 la iniciativa presentada por el diputado Rodolfo Liz\u00e1rraga Arellano, con proyecto de decreto que reforma el Art\u00edculo 76 de la Ley de Cultura F\u00edsica y Deporte del Estado de Sonora.<\/p>\n<p>&nbsp;<\/p>\n<p>&nbsp;<\/p>\n<p>&nbsp;<\/p>\n<p>Antes de clausurar la sesi\u00f3n y citar para la pr\u00f3xima este jueves 25 de febrero, a las 12:00 horas, la cual ser\u00e1 virtual, el diputado Orlando Salido Rivera present\u00f3 un posicionamiento en relaci\u00f3n a su regreso a la actividad legislativa, mediante el cual llam\u00f3 a sus compa\u00f1eros legisladores a realizar su trabajo por el mejoramiento y bien com\u00fan de la ciudadan\u00eda, ya que, dijo, s\u00ed pueden hacer un esfuerzo mayor por la gente, sobre todo ante la pandemia que enfrenta el Estado de Sonora.<\/p>\n<p>Fecha de publicaci\u00f3n\u00a0\u00a0 martes23 \/feb\/2021<\/p>\n<p>&nbsp;<\/p>\n","protected":false},"excerpt":{"rendered":"<p>Buscan salvaguardar dignidad de enfermos en situaci\u00f3n terminal &nbsp; HERMOSILLO, SONORA,MX.\u2500\u2500 Por mandato de la&#8230;<\/p>\n","protected":false},"author":1,"featured_media":107580,"comment_status":"open","ping_status":"open","sticky":false,"template":"","format":"standard","meta":{"_monsterinsights_skip_tracking":false,"_monsterinsights_sitenote_active":false,"_monsterinsights_sitenote_note":"","_monsterinsights_sitenote_category":0,"footnotes":""},"categories":[3281],"tags":[5473,3177],"class_list":["post"],"yoast_head":" \n<title>Sonora en Equipo. Buscan salvaguardar dignidad de enfermos en situaci\u00f3n terminal Congreso<\/title>\n<meta name=\"description\" content=\"Buscan salvaguardar dignidad de enfermos en situaci\u00f3n terminal &nbsp; HERMOSILLO, SONORA,MX.\u2500\u2500 Por mandato de la Ley General de Salud, pero sobre todo En Sonora en Equipo publicamos toda la informaci\u00f3n de Sonora, M\u00e9xico y el Mundo de manera oportuna y busca que la libertad de expresi\u00f3n sea real. Visita nuestro medio informativo publicado desde Hermosillo, Sonora. %\" \/>\n<meta name=\"robots\" content=\"index, follow, max-snippet:-1, max-image-preview:large, max-video-preview:-1\" \/>\n<link rel=\"canonical\" href=\"https:\/\/www.sonoraenequipo.com.mx\/buscan-salvaguardar-dignidad-de-enfermos-en-situacion-terminal\/\" \/>\n<meta property=\"og:locale\" content=\"es_ES\" \/>\n<meta property=\"og:type\" content=\"article\" \/>\n<meta property=\"og:title\" content=\"Sonora en Equipo. Buscan salvaguardar dignidad de enfermos en situaci\u00f3n terminal Congreso\" \/>\n<meta property=\"og:description\" content=\"Buscan salvaguardar dignidad de enfermos en situaci\u00f3n terminal &nbsp; HERMOSILLO, SONORA,MX.\u2500\u2500 Por mandato de la Ley General de Salud, pero sobre todo En Sonora en Equipo publicamos toda la informaci\u00f3n de Sonora, M\u00e9xico y el Mundo de manera oportuna y busca que la libertad de expresi\u00f3n sea real. Visita nuestro medio informativo publicado desde Hermosillo, Sonora. %\" \/>\n<meta property=\"og:url\" content=\"https:\/\/www.sonoraenequipo.com.mx\/buscan-salvaguardar-dignidad-de-enfermos-en-situacion-terminal\/\" \/>\n<meta property=\"og:site_name\" content=\"Sonora en Equipo.\" \/>\n<meta property=\"article:publisher\" content=\"https:\/\/www.facebook.com\/SonoraEE\/\" \/>\n<meta property=\"article:author\" content=\"https:\/\/www.facebook.com\/SonoraEE\" \/>\n<meta property=\"article:published_time\" content=\"2021-02-24T02:29:35+00:00\" \/>\n<meta property=\"article:modified_time\" content=\"2021-02-25T01:59:49+00:00\" \/>\n<meta property=\"og:image\" content=\"https:\/\/www.sonoraenequipo.com.mx\/storage\/2021\/02\/pleno-cong230221.jpg\" \/>\n\t<meta property=\"og:image:width\" content=\"500\" \/>\n\t<meta property=\"og:image:height\" content=\"300\" \/>\n\t<meta property=\"og:image:type\" content=\"image\/jpeg\" \/>\n<meta name=\"author\" content=\"enequipo\" \/>\n<meta name=\"twitter:card\" content=\"summary_large_image\" \/>\n<meta name=\"twitter:creator\" content=\"@sonoraenequipo\" \/>\n<meta name=\"twitter:site\" content=\"@sonoraenequipo\" \/>\n<meta name=\"twitter:label1\" content=\"Escrito por\" \/>\n\t<meta name=\"twitter:data1\" content=\"enequipo\" \/>\n\t<meta name=\"twitter:label2\" content=\"Tiempo de lectura\" \/>\n\t<meta name=\"twitter:data2\" content=\"9 minutos\" \/>\n<script type=\"application\/ld+json\" class=\"yoast-schema-graph\">{\"@context\":\"https:\/\/schema.org\",\"@graph\":[{\"@type\":\"Article\",\"@id\":\"https:\/\/www.sonoraenequipo.com.mx\/buscan-salvaguardar-dignidad-de-enfermos-en-situacion-terminal\/#article\",\"isPartOf\":{\"@id\":\"https:\/\/www.sonoraenequipo.com.mx\/buscan-salvaguardar-dignidad-de-enfermos-en-situacion-terminal\/\"},\"author\":{\"name\":\"enequipo\",\"@id\":\"https:\/\/www.sonoraenequipo.com.mx\/#\/schema\/person\/50102df0fb23a8fa9e8effad8fa81386\"},\"headline\":\"Buscan salvaguardar dignidad de enfermos en situaci\u00f3n terminal\",\"datePublished\":\"2021-02-24T02:29:35+00:00\",\"dateModified\":\"2021-02-25T01:59:49+00:00\",\"mainEntityOfPage\":{\"@id\":\"https:\/\/www.sonoraenequipo.com.mx\/buscan-salvaguardar-dignidad-de-enfermos-en-situacion-terminal\/\"},\"wordCount\":2161,\"commentCount\":0,\"publisher\":{\"@id\":\"https:\/\/www.sonoraenequipo.com.mx\/#organization\"},\"image\":{\"@id\":\"https:\/\/www.sonoraenequipo.com.mx\/buscan-salvaguardar-dignidad-de-enfermos-en-situacion-terminal\/#primaryimage\"},\"thumbnailUrl\":\"https:\/\/www.sonoraenequipo.com.mx\/storage\/2021\/02\/pleno-cong230221.jpg\",\"keywords\":[\"diputados\u00b4pri\",\"salud sonora\"],\"articleSection\":[\"Congreso\"],\"inLanguage\":\"es\",\"potentialAction\":[{\"@type\":\"CommentAction\",\"name\":\"Comment\",\"target\":[\"https:\/\/www.sonoraenequipo.com.mx\/buscan-salvaguardar-dignidad-de-enfermos-en-situacion-terminal\/#respond\"]}]},{\"@type\":\"WebPage\",\"@id\":\"https:\/\/www.sonoraenequipo.com.mx\/buscan-salvaguardar-dignidad-de-enfermos-en-situacion-terminal\/\",\"url\":\"https:\/\/www.sonoraenequipo.com.mx\/buscan-salvaguardar-dignidad-de-enfermos-en-situacion-terminal\/\",\"name\":\"Sonora en Equipo. Buscan salvaguardar dignidad de enfermos en situaci\u00f3n terminal Congreso\",\"isPartOf\":{\"@id\":\"https:\/\/www.sonoraenequipo.com.mx\/#website\"},\"primaryImageOfPage\":{\"@id\":\"https:\/\/www.sonoraenequipo.com.mx\/buscan-salvaguardar-dignidad-de-enfermos-en-situacion-terminal\/#primaryimage\"},\"image\":{\"@id\":\"https:\/\/www.sonoraenequipo.com.mx\/buscan-salvaguardar-dignidad-de-enfermos-en-situacion-terminal\/#primaryimage\"},\"thumbnailUrl\":\"https:\/\/www.sonoraenequipo.com.mx\/storage\/2021\/02\/pleno-cong230221.jpg\",\"datePublished\":\"2021-02-24T02:29:35+00:00\",\"dateModified\":\"2021-02-25T01:59:49+00:00\",\"description\":\"Buscan salvaguardar dignidad de enfermos en situaci\u00f3n terminal &nbsp; HERMOSILLO, SONORA,MX.\u2500\u2500 Por mandato de la Ley General de Salud, pero sobre todo En Sonora en Equipo publicamos toda la informaci\u00f3n de Sonora, M\u00e9xico y el Mundo de manera oportuna y busca que la libertad de expresi\u00f3n sea real. Visita nuestro medio informativo publicado desde Hermosillo, Sonora. %\",\"breadcrumb\":{\"@id\":\"https:\/\/www.sonoraenequipo.com.mx\/buscan-salvaguardar-dignidad-de-enfermos-en-situacion-terminal\/#breadcrumb\"},\"inLanguage\":\"es\",\"potentialAction\":[{\"@type\":\"ReadAction\",\"target\":[\"https:\/\/www.sonoraenequipo.com.mx\/buscan-salvaguardar-dignidad-de-enfermos-en-situacion-terminal\/\"]}]},{\"@type\":\"ImageObject\",\"inLanguage\":\"es\",\"@id\":\"https:\/\/www.sonoraenequipo.com.mx\/buscan-salvaguardar-dignidad-de-enfermos-en-situacion-terminal\/#primaryimage\",\"url\":\"https:\/\/www.sonoraenequipo.com.mx\/storage\/2021\/02\/pleno-cong230221.jpg\",\"contentUrl\":\"https:\/\/www.sonoraenequipo.com.mx\/storage\/2021\/02\/pleno-cong230221.jpg\",\"width\":500,\"height\":300},{\"@type\":\"BreadcrumbList\",\"@id\":\"https:\/\/www.sonoraenequipo.com.mx\/buscan-salvaguardar-dignidad-de-enfermos-en-situacion-terminal\/#breadcrumb\",\"itemListElement\":[{\"@type\":\"ListItem\",\"position\":1,\"name\":\"Portada\",\"item\":\"https:\/\/www.sonoraenequipo.com.mx\/\"},{\"@type\":\"ListItem\",\"position\":2,\"name\":\"Buscan salvaguardar dignidad de enfermos en situaci\u00f3n terminal\"}]},{\"@type\":\"WebSite\",\"@id\":\"https:\/\/www.sonoraenequipo.com.mx\/#website\",\"url\":\"https:\/\/www.sonoraenequipo.com.mx\/\",\"name\":\"Sonora en Equipo.\",\"description\":\"Diario en l\u00ednea con Noticias desde Hermosillo, Sonora\",\"publisher\":{\"@id\":\"https:\/\/www.sonoraenequipo.com.mx\/#organization\"},\"potentialAction\":[{\"@type\":\"SearchAction\",\"target\":{\"@type\":\"EntryPoint\",\"urlTemplate\":\"https:\/\/www.sonoraenequipo.com.mx\/?s={search_term_string}\"},\"query-input\":{\"@type\":\"PropertyValueSpecification\",\"valueRequired\":true,\"valueName\":\"search_term_string\"}}],\"inLanguage\":\"es\"},{\"@type\":\"Organization\",\"@id\":\"https:\/\/www.sonoraenequipo.com.mx\/#organization\",\"name\":\"Sonoraenequipo.com.mx\",\"url\":\"https:\/\/www.sonoraenequipo.com.mx\/\",\"logo\":{\"@type\":\"ImageObject\",\"inLanguage\":\"es\",\"@id\":\"https:\/\/www.sonoraenequipo.com.mx\/#\/schema\/logo\/image\/\",\"url\":\"https:\/\/www.sonoraenequipo.com.mx\/storage\/2019\/01\/sonoraenequipo_opt.png\",\"contentUrl\":\"https:\/\/www.sonoraenequipo.com.mx\/storage\/2019\/01\/sonoraenequipo_opt.png\",\"width\":375,\"height\":125,\"caption\":\"Sonoraenequipo.com.mx\"},\"image\":{\"@id\":\"https:\/\/www.sonoraenequipo.com.mx\/#\/schema\/logo\/image\/\"},\"sameAs\":[\"https:\/\/www.facebook.com\/SonoraEE\/\",\"https:\/\/x.com\/sonoraenequipo\",\"https:\/\/www.youtube.com\/channel\/UC338nW-lPEYmJQs4ZABQ1SQ\"]},{\"@type\":\"Person\",\"@id\":\"https:\/\/www.sonoraenequipo.com.mx\/#\/schema\/person\/50102df0fb23a8fa9e8effad8fa81386\",\"name\":\"enequipo\",\"image\":{\"@type\":\"ImageObject\",\"inLanguage\":\"es\",\"@id\":\"https:\/\/www.sonoraenequipo.com.mx\/#\/schema\/person\/image\/\",\"url\":\"https:\/\/secure.gravatar.com\/avatar\/049821681b589dabc0bc20695993ccebb09f5b5d4d790cd9251b97faac7c652b?s=96&d=blank&r=g\",\"contentUrl\":\"https:\/\/secure.gravatar.com\/avatar\/049821681b589dabc0bc20695993ccebb09f5b5d4d790cd9251b97faac7c652b?s=96&d=blank&r=g\",\"caption\":\"enequipo\"},\"sameAs\":[\"https:\/\/www.facebook.com\/SonoraEE\"]}]}<\/script>\n ","yoast_head_json":{"title":"Sonora en Equipo. Buscan salvaguardar dignidad de enfermos en situaci\u00f3n terminal Congreso","description":"Buscan salvaguardar dignidad de enfermos en situaci\u00f3n terminal &nbsp; HERMOSILLO, SONORA,MX.\u2500\u2500 Por mandato de la Ley General de Salud, pero sobre todo En Sonora en Equipo publicamos toda la informaci\u00f3n de Sonora, M\u00e9xico y el Mundo de manera oportuna y busca que la libertad de expresi\u00f3n sea real. Visita nuestro medio informativo publicado desde Hermosillo, Sonora. %","robots":{"index":"index","follow":"follow","max-snippet":"max-snippet:-1","max-image-preview":"max-image-preview:large","max-video-preview":"max-video-preview:-1"},"canonical":"https:\/\/www.sonoraenequipo.com.mx\/buscan-salvaguardar-dignidad-de-enfermos-en-situacion-terminal\/","og_locale":"es_ES","og_type":"article","og_title":"Sonora en Equipo. Buscan salvaguardar dignidad de enfermos en situaci\u00f3n terminal Congreso","og_description":"Buscan salvaguardar dignidad de enfermos en situaci\u00f3n terminal &nbsp; HERMOSILLO, SONORA,MX.\u2500\u2500 Por mandato de la Ley General de Salud, pero sobre todo En Sonora en Equipo publicamos toda la informaci\u00f3n de Sonora, M\u00e9xico y el Mundo de manera oportuna y busca que la libertad de expresi\u00f3n sea real. Visita nuestro medio informativo publicado desde Hermosillo, Sonora. %","og_url":"https:\/\/www.sonoraenequipo.com.mx\/buscan-salvaguardar-dignidad-de-enfermos-en-situacion-terminal\/","og_site_name":"Sonora en Equipo.","article_publisher":"https:\/\/www.facebook.com\/SonoraEE\/","article_author":"https:\/\/www.facebook.com\/SonoraEE","article_published_time":"2021-02-24T02:29:35+00:00","article_modified_time":"2021-02-25T01:59:49+00:00","og_image":[{"width":500,"height":300,"url":"https:\/\/www.sonoraenequipo.com.mx\/storage\/2021\/02\/pleno-cong230221.jpg","type":"image\/jpeg"}],"author":"enequipo","twitter_card":"summary_large_image","twitter_creator":"@sonoraenequipo","twitter_site":"@sonoraenequipo","twitter_misc":{"Escrito por":"enequipo","Tiempo de lectura":"9 minutos"},"schema":{"@context":"https:\/\/schema.org","@graph":[{"@type":"Article","@id":"https:\/\/www.sonoraenequipo.com.mx\/buscan-salvaguardar-dignidad-de-enfermos-en-situacion-terminal\/#article","isPartOf":{"@id":"https:\/\/www.sonoraenequipo.com.mx\/buscan-salvaguardar-dignidad-de-enfermos-en-situacion-terminal\/"},"author":{"name":"enequipo","@id":"https:\/\/www.sonoraenequipo.com.mx\/#\/schema\/person\/50102df0fb23a8fa9e8effad8fa81386"},"headline":"Buscan salvaguardar dignidad de enfermos en situaci\u00f3n terminal","datePublished":"2021-02-24T02:29:35+00:00","dateModified":"2021-02-25T01:59:49+00:00","mainEntityOfPage":{"@id":"https:\/\/www.sonoraenequipo.com.mx\/buscan-salvaguardar-dignidad-de-enfermos-en-situacion-terminal\/"},"wordCount":2161,"commentCount":0,"publisher":{"@id":"https:\/\/www.sonoraenequipo.com.mx\/#organization"},"image":{"@id":"https:\/\/www.sonoraenequipo.com.mx\/buscan-salvaguardar-dignidad-de-enfermos-en-situacion-terminal\/#primaryimage"},"thumbnailUrl":"https:\/\/www.sonoraenequipo.com.mx\/storage\/2021\/02\/pleno-cong230221.jpg","keywords":["diputados\u00b4pri","salud sonora"],"articleSection":["Congreso"],"inLanguage":"es","potentialAction":[{"@type":"CommentAction","name":"Comment","target":["https:\/\/www.sonoraenequipo.com.mx\/buscan-salvaguardar-dignidad-de-enfermos-en-situacion-terminal\/#respond"]}]},{"@type":"WebPage","@id":"https:\/\/www.sonoraenequipo.com.mx\/buscan-salvaguardar-dignidad-de-enfermos-en-situacion-terminal\/","url":"https:\/\/www.sonoraenequipo.com.mx\/buscan-salvaguardar-dignidad-de-enfermos-en-situacion-terminal\/","name":"Sonora en Equipo. Buscan salvaguardar dignidad de enfermos en situaci\u00f3n terminal Congreso","isPartOf":{"@id":"https:\/\/www.sonoraenequipo.com.mx\/#website"},"primaryImageOfPage":{"@id":"https:\/\/www.sonoraenequipo.com.mx\/buscan-salvaguardar-dignidad-de-enfermos-en-situacion-terminal\/#primaryimage"},"image":{"@id":"https:\/\/www.sonoraenequipo.com.mx\/buscan-salvaguardar-dignidad-de-enfermos-en-situacion-terminal\/#primaryimage"},"thumbnailUrl":"https:\/\/www.sonoraenequipo.com.mx\/storage\/2021\/02\/pleno-cong230221.jpg","datePublished":"2021-02-24T02:29:35+00:00","dateModified":"2021-02-25T01:59:49+00:00","description":"Buscan salvaguardar dignidad de enfermos en situaci\u00f3n terminal &nbsp; HERMOSILLO, SONORA,MX.\u2500\u2500 Por mandato de la Ley General de Salud, pero sobre todo En Sonora en Equipo publicamos toda la informaci\u00f3n de Sonora, M\u00e9xico y el Mundo de manera oportuna y busca que la libertad de expresi\u00f3n sea real. Visita nuestro medio informativo publicado desde Hermosillo, Sonora. %","breadcrumb":{"@id":"https:\/\/www.sonoraenequipo.com.mx\/buscan-salvaguardar-dignidad-de-enfermos-en-situacion-terminal\/#breadcrumb"},"inLanguage":"es","potentialAction":[{"@type":"ReadAction","target":["https:\/\/www.sonoraenequipo.com.mx\/buscan-salvaguardar-dignidad-de-enfermos-en-situacion-terminal\/"]}]},{"@type":"ImageObject","inLanguage":"es","@id":"https:\/\/www.sonoraenequipo.com.mx\/buscan-salvaguardar-dignidad-de-enfermos-en-situacion-terminal\/#primaryimage","url":"https:\/\/www.sonoraenequipo.com.mx\/storage\/2021\/02\/pleno-cong230221.jpg","contentUrl":"https:\/\/www.sonoraenequipo.com.mx\/storage\/2021\/02\/pleno-cong230221.jpg","width":500,"height":300},{"@type":"BreadcrumbList","@id":"https:\/\/www.sonoraenequipo.com.mx\/buscan-salvaguardar-dignidad-de-enfermos-en-situacion-terminal\/#breadcrumb","itemListElement":[{"@type":"ListItem","position":1,"name":"Portada","item":"https:\/\/www.sonoraenequipo.com.mx\/"},{"@type":"ListItem","position":2,"name":"Buscan salvaguardar dignidad de enfermos en situaci\u00f3n terminal"}]},{"@type":"WebSite","@id":"https:\/\/www.sonoraenequipo.com.mx\/#website","url":"https:\/\/www.sonoraenequipo.com.mx\/","name":"Sonora en Equipo.","description":"Diario en l\u00ednea con Noticias desde Hermosillo, Sonora","publisher":{"@id":"https:\/\/www.sonoraenequipo.com.mx\/#organization"},"potentialAction":[{"@type":"SearchAction","target":{"@type":"EntryPoint","urlTemplate":"https:\/\/www.sonoraenequipo.com.mx\/?s={search_term_string}"},"query-input":{"@type":"PropertyValueSpecification","valueRequired":true,"valueName":"search_term_string"}}],"inLanguage":"es"},{"@type":"Organization","@id":"https:\/\/www.sonoraenequipo.com.mx\/#organization","name":"Sonoraenequipo.com.mx","url":"https:\/\/www.sonoraenequipo.com.mx\/","logo":{"@type":"ImageObject","inLanguage":"es","@id":"https:\/\/www.sonoraenequipo.com.mx\/#\/schema\/logo\/image\/","url":"https:\/\/www.sonoraenequipo.com.mx\/storage\/2019\/01\/sonoraenequipo_opt.png","contentUrl":"https:\/\/www.sonoraenequipo.com.mx\/storage\/2019\/01\/sonoraenequipo_opt.png","width":375,"height":125,"caption":"Sonoraenequipo.com.mx"},"image":{"@id":"https:\/\/www.sonoraenequipo.com.mx\/#\/schema\/logo\/image\/"},"sameAs":["https:\/\/www.facebook.com\/SonoraEE\/","https:\/\/x.com\/sonoraenequipo","https:\/\/www.youtube.com\/channel\/UC338nW-lPEYmJQs4ZABQ1SQ"]},{"@type":"Person","@id":"https:\/\/www.sonoraenequipo.com.mx\/#\/schema\/person\/50102df0fb23a8fa9e8effad8fa81386","name":"enequipo","image":{"@type":"ImageObject","inLanguage":"es","@id":"https:\/\/www.sonoraenequipo.com.mx\/#\/schema\/person\/image\/","url":"https:\/\/secure.gravatar.com\/avatar\/049821681b589dabc0bc20695993ccebb09f5b5d4d790cd9251b97faac7c652b?s=96&d=blank&r=g","contentUrl":"https:\/\/secure.gravatar.com\/avatar\/049821681b589dabc0bc20695993ccebb09f5b5d4d790cd9251b97faac7c652b?s=96&d=blank&r=g","caption":"enequipo"},"sameAs":["https:\/\/www.facebook.com\/SonoraEE"]}]}},"jetpack_featured_media_url":"https:\/\/www.sonoraenequipo.com.mx\/storage\/2021\/02\/pleno-cong230221.jpg","_links":{"self":[{"href":"https:\/\/www.sonoraenequipo.com.mx\/api\/wp\/v2\/posts\/107579","targetHints":{"allow":["GET"]}}],"collection":[{"href":"https:\/\/www.sonoraenequipo.com.mx\/api\/wp\/v2\/posts"}],"about":[{"href":"https:\/\/www.sonoraenequipo.com.mx\/api\/wp\/v2\/types\/post"}],"author":[{"embeddable":true,"href":"https:\/\/www.sonoraenequipo.com.mx\/api\/wp\/v2\/users\/1"}],"replies":[{"embeddable":true,"href":"https:\/\/www.sonoraenequipo.com.mx\/api\/wp\/v2\/comments?post=107579"}],"version-history":[{"count":1,"href":"https:\/\/www.sonoraenequipo.com.mx\/api\/wp\/v2\/posts\/107579\/revisions"}],"predecessor-version":[{"id":107581,"href":"https:\/\/www.sonoraenequipo.com.mx\/api\/wp\/v2\/posts\/107579\/revisions\/107581"}],"wp:featuredmedia":[{"embeddable":true,"href":"https:\/\/www.sonoraenequipo.com.mx\/api\/wp\/v2\/media\/107580"}],"wp:attachment":[{"href":"https:\/\/www.sonoraenequipo.com.mx\/api\/wp\/v2\/media?parent=107579"}],"wp:term":[{"taxonomy":"category","embeddable":true,"href":"https:\/\/www.sonoraenequipo.com.mx\/api\/wp\/v2\/categories?post=107579"},{"taxonomy":"post_tag","embeddable":true,"href":"https:\/\/www.sonoraenequipo.com.mx\/api\/wp\/v2\/tags?post=107579"}],"curies":[{"name":"wp","href":"https:\/\/api.w.org\/{rel}","templated":true}]}}