{"id":107585,"date":"2021-02-23T21:01:50","date_gmt":"2021-02-24T04:01:50","guid":{"rendered":"https:\/\/www.sonoraenequipo.com.mx\/?p=107585"},"modified":"2021-02-23T21:01:50","modified_gmt":"2021-02-24T04:01:50","slug":"se-requiere-la-colaboracion-de-todos-para-salir-de-la-emergencia-sanitaria-enrique-clausen","status":"publish","type":"post","link":"https:\/\/www.sonoraenequipo.com.mx\/se-requiere-la-colaboracion-de-todos-para-salir-de-la-emergencia-sanitaria-enrique-clausen\/","title":{"rendered":"Se requiere la colaboraci\u00f3n de todos para salir de la emergencia sanitaria: Enrique Clausen"},"content":{"rendered":"<p>\u25baEste d\u00eda se confirmaron 71 nuevos casos y 18 defunciones por COVID-19 en Sonora<\/p>\n<p>HERMOSILLO, SONORA,MX.\u2500\u2500 Para salir de la emergencia sanitaria por COVID-19 se requiere la colaboraci\u00f3n de todas y todos los ciudadanos, evitando acudir a fiestas y lugares concurridos, poniendo en riesgo a los dem\u00e1s miembros de la familia en casa, resalt\u00f3 Enrique Clausen Iberri, tras confirmarse este d\u00eda 71 nuevos casos y 18 defunciones m\u00e1s en Sonora.<\/p>\n<p>&nbsp;<\/p>\n<p>El secretario de Salud en Sonora mencion\u00f3 que muchas personas siguen sin cuidarse, sin tomar en cuenta que hay familias que est\u00e1n pasando por un mal momento buscando un tanque de ox\u00edgeno para alguno de sus enfermos.<\/p>\n<p>&nbsp;<\/p>\n<p>\u201cMuchos no han entendido que si siguen saliendo de fiesta y sin cuidarse, no vamos a salir de esta emergencia sanitaria por el Covid, ya es hora de que te des cuenta que mientras t\u00fa andas de fiesta, hay familias que est\u00e1n buscando un tanque de ox\u00edgeno \u00bfhasta cu\u00e1ndo vas a entender que mientras t\u00fa y tus amigos sigan sin cuidarse esto no va a acabar?\u201d, indic\u00f3.<img loading=\"lazy\" decoding=\"async\" class=\"x-center  size-full\" src=\"https:\/\/www.sonoraenequipo.com.mx\/storage\/2021\/02\/casos-al-230221.jpg\" alt=\"\" width=\"900\" height=\"506\" \/><\/p>\n<p>&nbsp;<\/p>\n<p>Clausen Iberri a\u00f1adi\u00f3 que a trav\u00e9s de las redes sociales se puede conocer de las personas que est\u00e1n enfermas y hasta se encuentran en estado grave, mientras otras siguen ignorando las medidas sanitarias.<\/p>\n<p>&nbsp;<\/p>\n<p>\u201cLas redes sociales est\u00e1n llenas de cadenas de oraci\u00f3n por la salud de un hijo, de un hermano, de un abuelo o de un amigo que se encuentra grave, y todo esto sucede mientras muchos siguen ignorando las medidas de protecci\u00f3n, lo que hace uno, afecta a todos\u201d, coment\u00f3.<\/p>\n<p>&nbsp;<\/p>\n<p>Este d\u00eda se confirmaron 18 decesos por COVID-19, en 12 hombres y 6 mujeres, residentes de: Guaymas y Hermosillo 4 cada uno; Cajeme, Nogales, y Navojoa 2 cada uno; San Luis R\u00edo Colorado, Empalme, Puerto Pe\u00f1asco y Caborca 1 cada uno; acumul\u00e1ndose 5 mil 639 defunciones.<\/p>\n<p>&nbsp;<\/p>\n<p>Hoy se suman 71 nuevos casos por Covid, en 36 mujeres y 35 hombres, acumul\u00e1ndose 66 mil 116 casos en total. De los nuevos casos, 33 son residentes de Hermosillo; de Guaymas 14; Cajeme 9; Navojoa 7; Nogales 3; Huatabampo, Empalme, San Ignacio R\u00edo Muerto, Agua Prieta y Caborca 1 cada uno.<\/p>\n<p>&nbsp;<\/p>\n<p>Se confirmaron 3 casos pedi\u00e1tricos, en 2 ni\u00f1as y 1 ni\u00f1o, acumul\u00e1ndose mil 182 casos en total; y se sum\u00f3 1 caso en una mujer embarazada, contabilizando 455 casos. A la fecha, se han recuperado 59 mil 619 personas de Covid-19 en Sonora.<\/p>\n<p>&nbsp;<\/p>\n<p>Casos COVID-19 en Sonora 66,116 casos confirmados y 5,639 defunciones<\/p>\n<p>&nbsp;<\/p>\n<p>Defunciones registradas el 23 de febrero 2021: 18<\/p>\n<p>Fecha de publicaci\u00f3n\u00a0\u00a0 martes23 \/feb\/2021<\/p>\n<p>&nbsp;<\/p>\n","protected":false},"excerpt":{"rendered":"<p>\u25baEste d\u00eda se confirmaron 71 nuevos casos y 18 defunciones por COVID-19 en Sonora HERMOSILLO,&#8230;<\/p>\n","protected":false},"author":1,"featured_media":107587,"comment_status":"open","ping_status":"open","sticky":false,"template":"","format":"standard","meta":{"_monsterinsights_skip_tracking":false,"_monsterinsights_sitenote_active":false,"_monsterinsights_sitenote_note":"","_monsterinsights_sitenote_category":0,"footnotes":""},"categories":[22],"tags":[4249,15],"class_list":["post"],"yoast_head":" \n<title>Sonora en Equipo. Se requiere la colaboraci\u00f3n de todos para salir de la emergencia sanitaria: Enrique Clausen Sonora<\/title>\n<meta name=\"description\" content=\"\u25baEste d\u00eda se confirmaron 71 nuevos casos y 18 defunciones por COVID-19 en Sonora HERMOSILLO, SONORA,MX.\u2500\u2500 Para salir de la emergencia sanitaria por En Sonora en Equipo publicamos toda la informaci\u00f3n de Sonora, M\u00e9xico y el Mundo de manera oportuna y busca que la libertad de expresi\u00f3n sea real. Visita nuestro medio informativo publicado desde Hermosillo, Sonora. %\" \/>\n<meta name=\"robots\" content=\"index, follow, max-snippet:-1, max-image-preview:large, max-video-preview:-1\" \/>\n<link rel=\"canonical\" href=\"https:\/\/www.sonoraenequipo.com.mx\/se-requiere-la-colaboracion-de-todos-para-salir-de-la-emergencia-sanitaria-enrique-clausen\/\" \/>\n<meta property=\"og:locale\" content=\"es_ES\" \/>\n<meta property=\"og:type\" content=\"article\" \/>\n<meta property=\"og:title\" content=\"Sonora en Equipo. Se requiere la colaboraci\u00f3n de todos para salir de la emergencia sanitaria: Enrique Clausen Sonora\" \/>\n<meta property=\"og:description\" content=\"\u25baEste d\u00eda se confirmaron 71 nuevos casos y 18 defunciones por COVID-19 en Sonora HERMOSILLO, SONORA,MX.\u2500\u2500 Para salir de la emergencia sanitaria por En Sonora en Equipo publicamos toda la informaci\u00f3n de Sonora, M\u00e9xico y el Mundo de manera oportuna y busca que la libertad de expresi\u00f3n sea real. Visita nuestro medio informativo publicado desde Hermosillo, Sonora. %\" \/>\n<meta property=\"og:url\" content=\"https:\/\/www.sonoraenequipo.com.mx\/se-requiere-la-colaboracion-de-todos-para-salir-de-la-emergencia-sanitaria-enrique-clausen\/\" \/>\n<meta property=\"og:site_name\" content=\"Sonora en Equipo.\" \/>\n<meta property=\"article:publisher\" content=\"https:\/\/www.facebook.com\/SonoraEE\/\" \/>\n<meta property=\"article:author\" content=\"https:\/\/www.facebook.com\/SonoraEE\" \/>\n<meta property=\"article:published_time\" content=\"2021-02-24T04:01:50+00:00\" \/>\n<meta property=\"og:image\" content=\"https:\/\/www.sonoraenequipo.com.mx\/storage\/2021\/02\/clausen.jpg\" \/>\n\t<meta property=\"og:image:width\" content=\"500\" \/>\n\t<meta property=\"og:image:height\" content=\"300\" \/>\n\t<meta property=\"og:image:type\" content=\"image\/jpeg\" \/>\n<meta name=\"author\" content=\"enequipo\" \/>\n<meta name=\"twitter:card\" content=\"summary_large_image\" \/>\n<meta name=\"twitter:creator\" content=\"@sonoraenequipo\" \/>\n<meta name=\"twitter:site\" content=\"@sonoraenequipo\" \/>\n<meta name=\"twitter:label1\" content=\"Escrito por\" \/>\n\t<meta name=\"twitter:data1\" content=\"enequipo\" \/>\n\t<meta name=\"twitter:label2\" content=\"Tiempo de lectura\" \/>\n\t<meta name=\"twitter:data2\" content=\"3 minutos\" \/>\n<script type=\"application\/ld+json\" class=\"yoast-schema-graph\">{\"@context\":\"https:\/\/schema.org\",\"@graph\":[{\"@type\":\"Article\",\"@id\":\"https:\/\/www.sonoraenequipo.com.mx\/se-requiere-la-colaboracion-de-todos-para-salir-de-la-emergencia-sanitaria-enrique-clausen\/#article\",\"isPartOf\":{\"@id\":\"https:\/\/www.sonoraenequipo.com.mx\/se-requiere-la-colaboracion-de-todos-para-salir-de-la-emergencia-sanitaria-enrique-clausen\/\"},\"author\":{\"name\":\"enequipo\",\"@id\":\"https:\/\/www.sonoraenequipo.com.mx\/#\/schema\/person\/50102df0fb23a8fa9e8effad8fa81386\"},\"headline\":\"Se requiere la colaboraci\u00f3n de todos para salir de la emergencia sanitaria: Enrique Clausen\",\"datePublished\":\"2021-02-24T04:01:50+00:00\",\"mainEntityOfPage\":{\"@id\":\"https:\/\/www.sonoraenequipo.com.mx\/se-requiere-la-colaboracion-de-todos-para-salir-de-la-emergencia-sanitaria-enrique-clausen\/\"},\"wordCount\":437,\"commentCount\":0,\"publisher\":{\"@id\":\"https:\/\/www.sonoraenequipo.com.mx\/#organization\"},\"image\":{\"@id\":\"https:\/\/www.sonoraenequipo.com.mx\/se-requiere-la-colaboracion-de-todos-para-salir-de-la-emergencia-sanitaria-enrique-clausen\/#primaryimage\"},\"thumbnailUrl\":\"https:\/\/www.sonoraenequipo.com.mx\/storage\/2021\/02\/clausen.jpg\",\"keywords\":[\"covid\",\"Sonora\"],\"articleSection\":[\"Sonora\"],\"inLanguage\":\"es\",\"potentialAction\":[{\"@type\":\"CommentAction\",\"name\":\"Comment\",\"target\":[\"https:\/\/www.sonoraenequipo.com.mx\/se-requiere-la-colaboracion-de-todos-para-salir-de-la-emergencia-sanitaria-enrique-clausen\/#respond\"]}]},{\"@type\":\"WebPage\",\"@id\":\"https:\/\/www.sonoraenequipo.com.mx\/se-requiere-la-colaboracion-de-todos-para-salir-de-la-emergencia-sanitaria-enrique-clausen\/\",\"url\":\"https:\/\/www.sonoraenequipo.com.mx\/se-requiere-la-colaboracion-de-todos-para-salir-de-la-emergencia-sanitaria-enrique-clausen\/\",\"name\":\"Sonora en Equipo. Se requiere la colaboraci\u00f3n de todos para salir de la emergencia sanitaria: Enrique Clausen Sonora\",\"isPartOf\":{\"@id\":\"https:\/\/www.sonoraenequipo.com.mx\/#website\"},\"primaryImageOfPage\":{\"@id\":\"https:\/\/www.sonoraenequipo.com.mx\/se-requiere-la-colaboracion-de-todos-para-salir-de-la-emergencia-sanitaria-enrique-clausen\/#primaryimage\"},\"image\":{\"@id\":\"https:\/\/www.sonoraenequipo.com.mx\/se-requiere-la-colaboracion-de-todos-para-salir-de-la-emergencia-sanitaria-enrique-clausen\/#primaryimage\"},\"thumbnailUrl\":\"https:\/\/www.sonoraenequipo.com.mx\/storage\/2021\/02\/clausen.jpg\",\"datePublished\":\"2021-02-24T04:01:50+00:00\",\"description\":\"\u25baEste d\u00eda se confirmaron 71 nuevos casos y 18 defunciones por COVID-19 en Sonora HERMOSILLO, SONORA,MX.\u2500\u2500 Para salir de la emergencia sanitaria por En Sonora en Equipo publicamos toda la informaci\u00f3n de Sonora, M\u00e9xico y el Mundo de manera oportuna y busca que la libertad de expresi\u00f3n sea real. Visita nuestro medio informativo publicado desde Hermosillo, Sonora. %\",\"breadcrumb\":{\"@id\":\"https:\/\/www.sonoraenequipo.com.mx\/se-requiere-la-colaboracion-de-todos-para-salir-de-la-emergencia-sanitaria-enrique-clausen\/#breadcrumb\"},\"inLanguage\":\"es\",\"potentialAction\":[{\"@type\":\"ReadAction\",\"target\":[\"https:\/\/www.sonoraenequipo.com.mx\/se-requiere-la-colaboracion-de-todos-para-salir-de-la-emergencia-sanitaria-enrique-clausen\/\"]}]},{\"@type\":\"ImageObject\",\"inLanguage\":\"es\",\"@id\":\"https:\/\/www.sonoraenequipo.com.mx\/se-requiere-la-colaboracion-de-todos-para-salir-de-la-emergencia-sanitaria-enrique-clausen\/#primaryimage\",\"url\":\"https:\/\/www.sonoraenequipo.com.mx\/storage\/2021\/02\/clausen.jpg\",\"contentUrl\":\"https:\/\/www.sonoraenequipo.com.mx\/storage\/2021\/02\/clausen.jpg\",\"width\":500,\"height\":300},{\"@type\":\"BreadcrumbList\",\"@id\":\"https:\/\/www.sonoraenequipo.com.mx\/se-requiere-la-colaboracion-de-todos-para-salir-de-la-emergencia-sanitaria-enrique-clausen\/#breadcrumb\",\"itemListElement\":[{\"@type\":\"ListItem\",\"position\":1,\"name\":\"Portada\",\"item\":\"https:\/\/www.sonoraenequipo.com.mx\/\"},{\"@type\":\"ListItem\",\"position\":2,\"name\":\"Se requiere la colaboraci\u00f3n de todos para salir de la emergencia sanitaria: Enrique Clausen\"}]},{\"@type\":\"WebSite\",\"@id\":\"https:\/\/www.sonoraenequipo.com.mx\/#website\",\"url\":\"https:\/\/www.sonoraenequipo.com.mx\/\",\"name\":\"Sonora en Equipo.\",\"description\":\"Diario en l\u00ednea con Noticias desde Hermosillo, Sonora\",\"publisher\":{\"@id\":\"https:\/\/www.sonoraenequipo.com.mx\/#organization\"},\"potentialAction\":[{\"@type\":\"SearchAction\",\"target\":{\"@type\":\"EntryPoint\",\"urlTemplate\":\"https:\/\/www.sonoraenequipo.com.mx\/?s={search_term_string}\"},\"query-input\":{\"@type\":\"PropertyValueSpecification\",\"valueRequired\":true,\"valueName\":\"search_term_string\"}}],\"inLanguage\":\"es\"},{\"@type\":\"Organization\",\"@id\":\"https:\/\/www.sonoraenequipo.com.mx\/#organization\",\"name\":\"Sonoraenequipo.com.mx\",\"url\":\"https:\/\/www.sonoraenequipo.com.mx\/\",\"logo\":{\"@type\":\"ImageObject\",\"inLanguage\":\"es\",\"@id\":\"https:\/\/www.sonoraenequipo.com.mx\/#\/schema\/logo\/image\/\",\"url\":\"https:\/\/www.sonoraenequipo.com.mx\/storage\/2019\/01\/sonoraenequipo_opt.png\",\"contentUrl\":\"https:\/\/www.sonoraenequipo.com.mx\/storage\/2019\/01\/sonoraenequipo_opt.png\",\"width\":375,\"height\":125,\"caption\":\"Sonoraenequipo.com.mx\"},\"image\":{\"@id\":\"https:\/\/www.sonoraenequipo.com.mx\/#\/schema\/logo\/image\/\"},\"sameAs\":[\"https:\/\/www.facebook.com\/SonoraEE\/\",\"https:\/\/x.com\/sonoraenequipo\",\"https:\/\/www.youtube.com\/channel\/UC338nW-lPEYmJQs4ZABQ1SQ\"]},{\"@type\":\"Person\",\"@id\":\"https:\/\/www.sonoraenequipo.com.mx\/#\/schema\/person\/50102df0fb23a8fa9e8effad8fa81386\",\"name\":\"enequipo\",\"image\":{\"@type\":\"ImageObject\",\"inLanguage\":\"es\",\"@id\":\"https:\/\/www.sonoraenequipo.com.mx\/#\/schema\/person\/image\/\",\"url\":\"https:\/\/secure.gravatar.com\/avatar\/049821681b589dabc0bc20695993ccebb09f5b5d4d790cd9251b97faac7c652b?s=96&d=blank&r=g\",\"contentUrl\":\"https:\/\/secure.gravatar.com\/avatar\/049821681b589dabc0bc20695993ccebb09f5b5d4d790cd9251b97faac7c652b?s=96&d=blank&r=g\",\"caption\":\"enequipo\"},\"sameAs\":[\"https:\/\/www.facebook.com\/SonoraEE\"]}]}<\/script>\n ","yoast_head_json":{"title":"Sonora en Equipo. Se requiere la colaboraci\u00f3n de todos para salir de la emergencia sanitaria: Enrique Clausen Sonora","description":"\u25baEste d\u00eda se confirmaron 71 nuevos casos y 18 defunciones por COVID-19 en Sonora HERMOSILLO, SONORA,MX.\u2500\u2500 Para salir de la emergencia sanitaria por En Sonora en Equipo publicamos toda la informaci\u00f3n de Sonora, M\u00e9xico y el Mundo de manera oportuna y busca que la libertad de expresi\u00f3n sea real. Visita nuestro medio informativo publicado desde Hermosillo, Sonora. %","robots":{"index":"index","follow":"follow","max-snippet":"max-snippet:-1","max-image-preview":"max-image-preview:large","max-video-preview":"max-video-preview:-1"},"canonical":"https:\/\/www.sonoraenequipo.com.mx\/se-requiere-la-colaboracion-de-todos-para-salir-de-la-emergencia-sanitaria-enrique-clausen\/","og_locale":"es_ES","og_type":"article","og_title":"Sonora en Equipo. Se requiere la colaboraci\u00f3n de todos para salir de la emergencia sanitaria: Enrique Clausen Sonora","og_description":"\u25baEste d\u00eda se confirmaron 71 nuevos casos y 18 defunciones por COVID-19 en Sonora HERMOSILLO, SONORA,MX.\u2500\u2500 Para salir de la emergencia sanitaria por En Sonora en Equipo publicamos toda la informaci\u00f3n de Sonora, M\u00e9xico y el Mundo de manera oportuna y busca que la libertad de expresi\u00f3n sea real. Visita nuestro medio informativo publicado desde Hermosillo, Sonora. %","og_url":"https:\/\/www.sonoraenequipo.com.mx\/se-requiere-la-colaboracion-de-todos-para-salir-de-la-emergencia-sanitaria-enrique-clausen\/","og_site_name":"Sonora en Equipo.","article_publisher":"https:\/\/www.facebook.com\/SonoraEE\/","article_author":"https:\/\/www.facebook.com\/SonoraEE","article_published_time":"2021-02-24T04:01:50+00:00","og_image":[{"width":500,"height":300,"url":"https:\/\/www.sonoraenequipo.com.mx\/storage\/2021\/02\/clausen.jpg","type":"image\/jpeg"}],"author":"enequipo","twitter_card":"summary_large_image","twitter_creator":"@sonoraenequipo","twitter_site":"@sonoraenequipo","twitter_misc":{"Escrito por":"enequipo","Tiempo de lectura":"3 minutos"},"schema":{"@context":"https:\/\/schema.org","@graph":[{"@type":"Article","@id":"https:\/\/www.sonoraenequipo.com.mx\/se-requiere-la-colaboracion-de-todos-para-salir-de-la-emergencia-sanitaria-enrique-clausen\/#article","isPartOf":{"@id":"https:\/\/www.sonoraenequipo.com.mx\/se-requiere-la-colaboracion-de-todos-para-salir-de-la-emergencia-sanitaria-enrique-clausen\/"},"author":{"name":"enequipo","@id":"https:\/\/www.sonoraenequipo.com.mx\/#\/schema\/person\/50102df0fb23a8fa9e8effad8fa81386"},"headline":"Se requiere la colaboraci\u00f3n de todos para salir de la emergencia sanitaria: Enrique Clausen","datePublished":"2021-02-24T04:01:50+00:00","mainEntityOfPage":{"@id":"https:\/\/www.sonoraenequipo.com.mx\/se-requiere-la-colaboracion-de-todos-para-salir-de-la-emergencia-sanitaria-enrique-clausen\/"},"wordCount":437,"commentCount":0,"publisher":{"@id":"https:\/\/www.sonoraenequipo.com.mx\/#organization"},"image":{"@id":"https:\/\/www.sonoraenequipo.com.mx\/se-requiere-la-colaboracion-de-todos-para-salir-de-la-emergencia-sanitaria-enrique-clausen\/#primaryimage"},"thumbnailUrl":"https:\/\/www.sonoraenequipo.com.mx\/storage\/2021\/02\/clausen.jpg","keywords":["covid","Sonora"],"articleSection":["Sonora"],"inLanguage":"es","potentialAction":[{"@type":"CommentAction","name":"Comment","target":["https:\/\/www.sonoraenequipo.com.mx\/se-requiere-la-colaboracion-de-todos-para-salir-de-la-emergencia-sanitaria-enrique-clausen\/#respond"]}]},{"@type":"WebPage","@id":"https:\/\/www.sonoraenequipo.com.mx\/se-requiere-la-colaboracion-de-todos-para-salir-de-la-emergencia-sanitaria-enrique-clausen\/","url":"https:\/\/www.sonoraenequipo.com.mx\/se-requiere-la-colaboracion-de-todos-para-salir-de-la-emergencia-sanitaria-enrique-clausen\/","name":"Sonora en Equipo. Se requiere la colaboraci\u00f3n de todos para salir de la emergencia sanitaria: Enrique Clausen Sonora","isPartOf":{"@id":"https:\/\/www.sonoraenequipo.com.mx\/#website"},"primaryImageOfPage":{"@id":"https:\/\/www.sonoraenequipo.com.mx\/se-requiere-la-colaboracion-de-todos-para-salir-de-la-emergencia-sanitaria-enrique-clausen\/#primaryimage"},"image":{"@id":"https:\/\/www.sonoraenequipo.com.mx\/se-requiere-la-colaboracion-de-todos-para-salir-de-la-emergencia-sanitaria-enrique-clausen\/#primaryimage"},"thumbnailUrl":"https:\/\/www.sonoraenequipo.com.mx\/storage\/2021\/02\/clausen.jpg","datePublished":"2021-02-24T04:01:50+00:00","description":"\u25baEste d\u00eda se confirmaron 71 nuevos casos y 18 defunciones por COVID-19 en Sonora HERMOSILLO, SONORA,MX.\u2500\u2500 Para salir de la emergencia sanitaria por En Sonora en Equipo publicamos toda la informaci\u00f3n de Sonora, M\u00e9xico y el Mundo de manera oportuna y busca que la libertad de expresi\u00f3n sea real. Visita nuestro medio informativo publicado desde Hermosillo, Sonora. %","breadcrumb":{"@id":"https:\/\/www.sonoraenequipo.com.mx\/se-requiere-la-colaboracion-de-todos-para-salir-de-la-emergencia-sanitaria-enrique-clausen\/#breadcrumb"},"inLanguage":"es","potentialAction":[{"@type":"ReadAction","target":["https:\/\/www.sonoraenequipo.com.mx\/se-requiere-la-colaboracion-de-todos-para-salir-de-la-emergencia-sanitaria-enrique-clausen\/"]}]},{"@type":"ImageObject","inLanguage":"es","@id":"https:\/\/www.sonoraenequipo.com.mx\/se-requiere-la-colaboracion-de-todos-para-salir-de-la-emergencia-sanitaria-enrique-clausen\/#primaryimage","url":"https:\/\/www.sonoraenequipo.com.mx\/storage\/2021\/02\/clausen.jpg","contentUrl":"https:\/\/www.sonoraenequipo.com.mx\/storage\/2021\/02\/clausen.jpg","width":500,"height":300},{"@type":"BreadcrumbList","@id":"https:\/\/www.sonoraenequipo.com.mx\/se-requiere-la-colaboracion-de-todos-para-salir-de-la-emergencia-sanitaria-enrique-clausen\/#breadcrumb","itemListElement":[{"@type":"ListItem","position":1,"name":"Portada","item":"https:\/\/www.sonoraenequipo.com.mx\/"},{"@type":"ListItem","position":2,"name":"Se requiere la colaboraci\u00f3n de todos para salir de la emergencia sanitaria: Enrique Clausen"}]},{"@type":"WebSite","@id":"https:\/\/www.sonoraenequipo.com.mx\/#website","url":"https:\/\/www.sonoraenequipo.com.mx\/","name":"Sonora en Equipo.","description":"Diario en l\u00ednea con Noticias desde Hermosillo, Sonora","publisher":{"@id":"https:\/\/www.sonoraenequipo.com.mx\/#organization"},"potentialAction":[{"@type":"SearchAction","target":{"@type":"EntryPoint","urlTemplate":"https:\/\/www.sonoraenequipo.com.mx\/?s={search_term_string}"},"query-input":{"@type":"PropertyValueSpecification","valueRequired":true,"valueName":"search_term_string"}}],"inLanguage":"es"},{"@type":"Organization","@id":"https:\/\/www.sonoraenequipo.com.mx\/#organization","name":"Sonoraenequipo.com.mx","url":"https:\/\/www.sonoraenequipo.com.mx\/","logo":{"@type":"ImageObject","inLanguage":"es","@id":"https:\/\/www.sonoraenequipo.com.mx\/#\/schema\/logo\/image\/","url":"https:\/\/www.sonoraenequipo.com.mx\/storage\/2019\/01\/sonoraenequipo_opt.png","contentUrl":"https:\/\/www.sonoraenequipo.com.mx\/storage\/2019\/01\/sonoraenequipo_opt.png","width":375,"height":125,"caption":"Sonoraenequipo.com.mx"},"image":{"@id":"https:\/\/www.sonoraenequipo.com.mx\/#\/schema\/logo\/image\/"},"sameAs":["https:\/\/www.facebook.com\/SonoraEE\/","https:\/\/x.com\/sonoraenequipo","https:\/\/www.youtube.com\/channel\/UC338nW-lPEYmJQs4ZABQ1SQ"]},{"@type":"Person","@id":"https:\/\/www.sonoraenequipo.com.mx\/#\/schema\/person\/50102df0fb23a8fa9e8effad8fa81386","name":"enequipo","image":{"@type":"ImageObject","inLanguage":"es","@id":"https:\/\/www.sonoraenequipo.com.mx\/#\/schema\/person\/image\/","url":"https:\/\/secure.gravatar.com\/avatar\/049821681b589dabc0bc20695993ccebb09f5b5d4d790cd9251b97faac7c652b?s=96&d=blank&r=g","contentUrl":"https:\/\/secure.gravatar.com\/avatar\/049821681b589dabc0bc20695993ccebb09f5b5d4d790cd9251b97faac7c652b?s=96&d=blank&r=g","caption":"enequipo"},"sameAs":["https:\/\/www.facebook.com\/SonoraEE"]}]}},"jetpack_featured_media_url":"https:\/\/www.sonoraenequipo.com.mx\/storage\/2021\/02\/clausen.jpg","_links":{"self":[{"href":"https:\/\/www.sonoraenequipo.com.mx\/api\/wp\/v2\/posts\/107585","targetHints":{"allow":["GET"]}}],"collection":[{"href":"https:\/\/www.sonoraenequipo.com.mx\/api\/wp\/v2\/posts"}],"about":[{"href":"https:\/\/www.sonoraenequipo.com.mx\/api\/wp\/v2\/types\/post"}],"author":[{"embeddable":true,"href":"https:\/\/www.sonoraenequipo.com.mx\/api\/wp\/v2\/users\/1"}],"replies":[{"embeddable":true,"href":"https:\/\/www.sonoraenequipo.com.mx\/api\/wp\/v2\/comments?post=107585"}],"version-history":[{"count":1,"href":"https:\/\/www.sonoraenequipo.com.mx\/api\/wp\/v2\/posts\/107585\/revisions"}],"predecessor-version":[{"id":107588,"href":"https:\/\/www.sonoraenequipo.com.mx\/api\/wp\/v2\/posts\/107585\/revisions\/107588"}],"wp:featuredmedia":[{"embeddable":true,"href":"https:\/\/www.sonoraenequipo.com.mx\/api\/wp\/v2\/media\/107587"}],"wp:attachment":[{"href":"https:\/\/www.sonoraenequipo.com.mx\/api\/wp\/v2\/media?parent=107585"}],"wp:term":[{"taxonomy":"category","embeddable":true,"href":"https:\/\/www.sonoraenequipo.com.mx\/api\/wp\/v2\/categories?post=107585"},{"taxonomy":"post_tag","embeddable":true,"href":"https:\/\/www.sonoraenequipo.com.mx\/api\/wp\/v2\/tags?post=107585"}],"curies":[{"name":"wp","href":"https:\/\/api.w.org\/{rel}","templated":true}]}}