{"id":107916,"date":"2021-03-01T10:25:17","date_gmt":"2021-03-01T17:25:17","guid":{"rendered":"https:\/\/www.sonoraenequipo.com.mx\/?p=107916"},"modified":"2021-03-01T10:25:17","modified_gmt":"2021-03-01T17:25:17","slug":"cdc-de-eeuu-recomiendan-vacuna-de-j-j-contra-covid-19-a-mayores-de-18-anos","status":"publish","type":"post","link":"https:\/\/www.sonoraenequipo.com.mx\/cdc-de-eeuu-recomiendan-vacuna-de-j-j-contra-covid-19-a-mayores-de-18-anos\/","title":{"rendered":"CDC de EEUU recomiendan vacuna de J &#038; J contra COVID-19 a mayores de 18 a\u00f1os"},"content":{"rendered":"<p>WASHINGTON, EE.UU. &#8212; Los asesores de vacunaci\u00f3n de los Centros para la Prevenci\u00f3n y Control de Enfermedades de Estados Unidos (CDC) votaron hoy para recomendar la vacuna contra la COVID-19 de Johnson &amp; Johnson para los estadounidenses de 18 a\u00f1os o m\u00e1s.<\/p>\n<p>&nbsp;<\/p>\n<p>El Comit\u00e9 sobre Pr\u00e1cticas de Vacunaci\u00f3n de los CDC es un grupo de expertos en vacunas y salud p\u00fablica que ayuda a fijar las directrices de los CDC sobre pr\u00e1cticas de vacunaci\u00f3n.<\/p>\n<p>&nbsp;<\/p>\n<p>La recomendaci\u00f3n se produce un d\u00eda despu\u00e9s de que la Administraci\u00f3n de Alimentos y Medicamentos de Estados Unidos (FDA) autoriz\u00f3 el uso de emergencia de la vacuna de Johnson &amp; Johnson contra la COVID-19 en Estados Unidos.<\/p>\n<p>&nbsp;<\/p>\n<p>Es la tercera vacuna contra la COVID-19 que ha recibido la autorizaci\u00f3n de uso de emergencia de la FDA en el pa\u00eds, luego de la primera desarrollada por la farmac\u00e9utica estadounidense Pfizer en asociaci\u00f3n con la compa\u00f1\u00eda alemana BioNTech y de la segunda desarrollada por la farmac\u00e9utica estadounidense Moderna.<\/p>\n<p>&nbsp;<\/p>\n<p>Tambi\u00e9n es la primera vacuna contra la COVID-19 de una sola dosis disponible en Estados Unidos.<\/p>\n<p>Fecha de publicaci\u00f3n\u00a0\u00a0 lunes 01\/mar\/2021\/ Spanish. xinhuanet. com<\/p>\n","protected":false},"excerpt":{"rendered":"<p>WASHINGTON, EE.UU. &#8212; Los asesores de vacunaci\u00f3n de los Centros para la Prevenci\u00f3n y Control&#8230;<\/p>\n","protected":false},"author":1,"featured_media":94481,"comment_status":"open","ping_status":"open","sticky":false,"template":"","format":"standard","meta":{"_monsterinsights_skip_tracking":false,"_monsterinsights_sitenote_active":false,"_monsterinsights_sitenote_note":"","_monsterinsights_sitenote_category":0,"footnotes":""},"categories":[3],"tags":[4249],"class_list":["post"],"yoast_head":" \n<title>Sonora en Equipo. CDC de EEUU recomiendan vacuna de J &amp; J contra COVID-19 a mayores de 18 a\u00f1os MUNDO<\/title>\n<meta name=\"description\" content=\"WASHINGTON, EE.UU. -- Los asesores de vacunaci\u00f3n de los Centros para la Prevenci\u00f3n y Control de Enfermedades de Estados Unidos (CDC) votaron hoy para En Sonora en Equipo publicamos toda la informaci\u00f3n de Sonora, M\u00e9xico y el Mundo de manera oportuna y busca que la libertad de expresi\u00f3n sea real. Visita nuestro medio informativo publicado desde Hermosillo, Sonora. %\" \/>\n<meta name=\"robots\" content=\"index, follow, max-snippet:-1, max-image-preview:large, max-video-preview:-1\" \/>\n<link rel=\"canonical\" href=\"https:\/\/www.sonoraenequipo.com.mx\/cdc-de-eeuu-recomiendan-vacuna-de-j-j-contra-covid-19-a-mayores-de-18-anos\/\" \/>\n<meta property=\"og:locale\" content=\"es_ES\" \/>\n<meta property=\"og:type\" content=\"article\" \/>\n<meta property=\"og:title\" content=\"Sonora en Equipo. CDC de EEUU recomiendan vacuna de J &amp; J contra COVID-19 a mayores de 18 a\u00f1os MUNDO\" \/>\n<meta property=\"og:description\" content=\"WASHINGTON, EE.UU. -- Los asesores de vacunaci\u00f3n de los Centros para la Prevenci\u00f3n y Control de Enfermedades de Estados Unidos (CDC) votaron hoy para En Sonora en Equipo publicamos toda la informaci\u00f3n de Sonora, M\u00e9xico y el Mundo de manera oportuna y busca que la libertad de expresi\u00f3n sea real. Visita nuestro medio informativo publicado desde Hermosillo, Sonora. %\" \/>\n<meta property=\"og:url\" content=\"https:\/\/www.sonoraenequipo.com.mx\/cdc-de-eeuu-recomiendan-vacuna-de-j-j-contra-covid-19-a-mayores-de-18-anos\/\" \/>\n<meta property=\"og:site_name\" content=\"Sonora en Equipo.\" \/>\n<meta property=\"article:publisher\" content=\"https:\/\/www.facebook.com\/SonoraEE\/\" \/>\n<meta property=\"article:author\" content=\"https:\/\/www.facebook.com\/SonoraEE\" \/>\n<meta property=\"article:published_time\" content=\"2021-03-01T17:25:17+00:00\" \/>\n<meta property=\"og:image\" content=\"https:\/\/www.sonoraenequipo.com.mx\/storage\/2020\/09\/oms-califica-de-poco-probable-vacunacion-masiva-covid-19-en-2020_opt.jpg\" \/>\n\t<meta property=\"og:image:width\" content=\"838\" \/>\n\t<meta property=\"og:image:height\" content=\"500\" \/>\n\t<meta property=\"og:image:type\" content=\"image\/jpeg\" \/>\n<meta name=\"author\" content=\"enequipo\" \/>\n<meta name=\"twitter:card\" content=\"summary_large_image\" \/>\n<meta name=\"twitter:creator\" content=\"@sonoraenequipo\" \/>\n<meta name=\"twitter:site\" content=\"@sonoraenequipo\" \/>\n<meta name=\"twitter:label1\" content=\"Escrito por\" \/>\n\t<meta name=\"twitter:data1\" content=\"enequipo\" \/>\n\t<meta name=\"twitter:label2\" content=\"Tiempo de lectura\" \/>\n\t<meta name=\"twitter:data2\" content=\"1 minuto\" \/>\n<script type=\"application\/ld+json\" class=\"yoast-schema-graph\">{\"@context\":\"https:\/\/schema.org\",\"@graph\":[{\"@type\":\"Article\",\"@id\":\"https:\/\/www.sonoraenequipo.com.mx\/cdc-de-eeuu-recomiendan-vacuna-de-j-j-contra-covid-19-a-mayores-de-18-anos\/#article\",\"isPartOf\":{\"@id\":\"https:\/\/www.sonoraenequipo.com.mx\/cdc-de-eeuu-recomiendan-vacuna-de-j-j-contra-covid-19-a-mayores-de-18-anos\/\"},\"author\":{\"name\":\"enequipo\",\"@id\":\"https:\/\/www.sonoraenequipo.com.mx\/#\/schema\/person\/50102df0fb23a8fa9e8effad8fa81386\"},\"headline\":\"CDC de EEUU recomiendan vacuna de J &#038; J contra COVID-19 a mayores de 18 a\u00f1os\",\"datePublished\":\"2021-03-01T17:25:17+00:00\",\"mainEntityOfPage\":{\"@id\":\"https:\/\/www.sonoraenequipo.com.mx\/cdc-de-eeuu-recomiendan-vacuna-de-j-j-contra-covid-19-a-mayores-de-18-anos\/\"},\"wordCount\":224,\"commentCount\":0,\"publisher\":{\"@id\":\"https:\/\/www.sonoraenequipo.com.mx\/#organization\"},\"image\":{\"@id\":\"https:\/\/www.sonoraenequipo.com.mx\/cdc-de-eeuu-recomiendan-vacuna-de-j-j-contra-covid-19-a-mayores-de-18-anos\/#primaryimage\"},\"thumbnailUrl\":\"https:\/\/www.sonoraenequipo.com.mx\/storage\/2020\/09\/oms-califica-de-poco-probable-vacunacion-masiva-covid-19-en-2020_opt.jpg\",\"keywords\":[\"covid\"],\"articleSection\":[\"MUNDO\"],\"inLanguage\":\"es\",\"potentialAction\":[{\"@type\":\"CommentAction\",\"name\":\"Comment\",\"target\":[\"https:\/\/www.sonoraenequipo.com.mx\/cdc-de-eeuu-recomiendan-vacuna-de-j-j-contra-covid-19-a-mayores-de-18-anos\/#respond\"]}]},{\"@type\":\"WebPage\",\"@id\":\"https:\/\/www.sonoraenequipo.com.mx\/cdc-de-eeuu-recomiendan-vacuna-de-j-j-contra-covid-19-a-mayores-de-18-anos\/\",\"url\":\"https:\/\/www.sonoraenequipo.com.mx\/cdc-de-eeuu-recomiendan-vacuna-de-j-j-contra-covid-19-a-mayores-de-18-anos\/\",\"name\":\"Sonora en Equipo. CDC de EEUU recomiendan vacuna de J & J contra COVID-19 a mayores de 18 a\u00f1os MUNDO\",\"isPartOf\":{\"@id\":\"https:\/\/www.sonoraenequipo.com.mx\/#website\"},\"primaryImageOfPage\":{\"@id\":\"https:\/\/www.sonoraenequipo.com.mx\/cdc-de-eeuu-recomiendan-vacuna-de-j-j-contra-covid-19-a-mayores-de-18-anos\/#primaryimage\"},\"image\":{\"@id\":\"https:\/\/www.sonoraenequipo.com.mx\/cdc-de-eeuu-recomiendan-vacuna-de-j-j-contra-covid-19-a-mayores-de-18-anos\/#primaryimage\"},\"thumbnailUrl\":\"https:\/\/www.sonoraenequipo.com.mx\/storage\/2020\/09\/oms-califica-de-poco-probable-vacunacion-masiva-covid-19-en-2020_opt.jpg\",\"datePublished\":\"2021-03-01T17:25:17+00:00\",\"description\":\"WASHINGTON, EE.UU. -- Los asesores de vacunaci\u00f3n de los Centros para la Prevenci\u00f3n y Control de Enfermedades de Estados Unidos (CDC) votaron hoy para En Sonora en Equipo publicamos toda la informaci\u00f3n de Sonora, M\u00e9xico y el Mundo de manera oportuna y busca que la libertad de expresi\u00f3n sea real. Visita nuestro medio informativo publicado desde Hermosillo, Sonora. %\",\"breadcrumb\":{\"@id\":\"https:\/\/www.sonoraenequipo.com.mx\/cdc-de-eeuu-recomiendan-vacuna-de-j-j-contra-covid-19-a-mayores-de-18-anos\/#breadcrumb\"},\"inLanguage\":\"es\",\"potentialAction\":[{\"@type\":\"ReadAction\",\"target\":[\"https:\/\/www.sonoraenequipo.com.mx\/cdc-de-eeuu-recomiendan-vacuna-de-j-j-contra-covid-19-a-mayores-de-18-anos\/\"]}]},{\"@type\":\"ImageObject\",\"inLanguage\":\"es\",\"@id\":\"https:\/\/www.sonoraenequipo.com.mx\/cdc-de-eeuu-recomiendan-vacuna-de-j-j-contra-covid-19-a-mayores-de-18-anos\/#primaryimage\",\"url\":\"https:\/\/www.sonoraenequipo.com.mx\/storage\/2020\/09\/oms-califica-de-poco-probable-vacunacion-masiva-covid-19-en-2020_opt.jpg\",\"contentUrl\":\"https:\/\/www.sonoraenequipo.com.mx\/storage\/2020\/09\/oms-califica-de-poco-probable-vacunacion-masiva-covid-19-en-2020_opt.jpg\",\"width\":838,\"height\":500},{\"@type\":\"BreadcrumbList\",\"@id\":\"https:\/\/www.sonoraenequipo.com.mx\/cdc-de-eeuu-recomiendan-vacuna-de-j-j-contra-covid-19-a-mayores-de-18-anos\/#breadcrumb\",\"itemListElement\":[{\"@type\":\"ListItem\",\"position\":1,\"name\":\"Portada\",\"item\":\"https:\/\/www.sonoraenequipo.com.mx\/\"},{\"@type\":\"ListItem\",\"position\":2,\"name\":\"CDC de EEUU recomiendan vacuna de J &#038; J contra COVID-19 a mayores de 18 a\u00f1os\"}]},{\"@type\":\"WebSite\",\"@id\":\"https:\/\/www.sonoraenequipo.com.mx\/#website\",\"url\":\"https:\/\/www.sonoraenequipo.com.mx\/\",\"name\":\"Sonora en Equipo.\",\"description\":\"Diario en l\u00ednea con Noticias desde Hermosillo, Sonora\",\"publisher\":{\"@id\":\"https:\/\/www.sonoraenequipo.com.mx\/#organization\"},\"potentialAction\":[{\"@type\":\"SearchAction\",\"target\":{\"@type\":\"EntryPoint\",\"urlTemplate\":\"https:\/\/www.sonoraenequipo.com.mx\/?s={search_term_string}\"},\"query-input\":{\"@type\":\"PropertyValueSpecification\",\"valueRequired\":true,\"valueName\":\"search_term_string\"}}],\"inLanguage\":\"es\"},{\"@type\":\"Organization\",\"@id\":\"https:\/\/www.sonoraenequipo.com.mx\/#organization\",\"name\":\"Sonoraenequipo.com.mx\",\"url\":\"https:\/\/www.sonoraenequipo.com.mx\/\",\"logo\":{\"@type\":\"ImageObject\",\"inLanguage\":\"es\",\"@id\":\"https:\/\/www.sonoraenequipo.com.mx\/#\/schema\/logo\/image\/\",\"url\":\"https:\/\/www.sonoraenequipo.com.mx\/storage\/2019\/01\/sonoraenequipo_opt.png\",\"contentUrl\":\"https:\/\/www.sonoraenequipo.com.mx\/storage\/2019\/01\/sonoraenequipo_opt.png\",\"width\":375,\"height\":125,\"caption\":\"Sonoraenequipo.com.mx\"},\"image\":{\"@id\":\"https:\/\/www.sonoraenequipo.com.mx\/#\/schema\/logo\/image\/\"},\"sameAs\":[\"https:\/\/www.facebook.com\/SonoraEE\/\",\"https:\/\/x.com\/sonoraenequipo\",\"https:\/\/www.youtube.com\/channel\/UC338nW-lPEYmJQs4ZABQ1SQ\"]},{\"@type\":\"Person\",\"@id\":\"https:\/\/www.sonoraenequipo.com.mx\/#\/schema\/person\/50102df0fb23a8fa9e8effad8fa81386\",\"name\":\"enequipo\",\"image\":{\"@type\":\"ImageObject\",\"inLanguage\":\"es\",\"@id\":\"https:\/\/www.sonoraenequipo.com.mx\/#\/schema\/person\/image\/\",\"url\":\"https:\/\/secure.gravatar.com\/avatar\/049821681b589dabc0bc20695993ccebb09f5b5d4d790cd9251b97faac7c652b?s=96&d=blank&r=g\",\"contentUrl\":\"https:\/\/secure.gravatar.com\/avatar\/049821681b589dabc0bc20695993ccebb09f5b5d4d790cd9251b97faac7c652b?s=96&d=blank&r=g\",\"caption\":\"enequipo\"},\"sameAs\":[\"https:\/\/www.facebook.com\/SonoraEE\"]}]}<\/script>\n ","yoast_head_json":{"title":"Sonora en Equipo. CDC de EEUU recomiendan vacuna de J & J contra COVID-19 a mayores de 18 a\u00f1os MUNDO","description":"WASHINGTON, EE.UU. -- Los asesores de vacunaci\u00f3n de los Centros para la Prevenci\u00f3n y Control de Enfermedades de Estados Unidos (CDC) votaron hoy para En Sonora en Equipo publicamos toda la informaci\u00f3n de Sonora, M\u00e9xico y el Mundo de manera oportuna y busca que la libertad de expresi\u00f3n sea real. Visita nuestro medio informativo publicado desde Hermosillo, Sonora. %","robots":{"index":"index","follow":"follow","max-snippet":"max-snippet:-1","max-image-preview":"max-image-preview:large","max-video-preview":"max-video-preview:-1"},"canonical":"https:\/\/www.sonoraenequipo.com.mx\/cdc-de-eeuu-recomiendan-vacuna-de-j-j-contra-covid-19-a-mayores-de-18-anos\/","og_locale":"es_ES","og_type":"article","og_title":"Sonora en Equipo. CDC de EEUU recomiendan vacuna de J & J contra COVID-19 a mayores de 18 a\u00f1os MUNDO","og_description":"WASHINGTON, EE.UU. -- Los asesores de vacunaci\u00f3n de los Centros para la Prevenci\u00f3n y Control de Enfermedades de Estados Unidos (CDC) votaron hoy para En Sonora en Equipo publicamos toda la informaci\u00f3n de Sonora, M\u00e9xico y el Mundo de manera oportuna y busca que la libertad de expresi\u00f3n sea real. Visita nuestro medio informativo publicado desde Hermosillo, Sonora. %","og_url":"https:\/\/www.sonoraenequipo.com.mx\/cdc-de-eeuu-recomiendan-vacuna-de-j-j-contra-covid-19-a-mayores-de-18-anos\/","og_site_name":"Sonora en Equipo.","article_publisher":"https:\/\/www.facebook.com\/SonoraEE\/","article_author":"https:\/\/www.facebook.com\/SonoraEE","article_published_time":"2021-03-01T17:25:17+00:00","og_image":[{"width":838,"height":500,"url":"https:\/\/www.sonoraenequipo.com.mx\/storage\/2020\/09\/oms-califica-de-poco-probable-vacunacion-masiva-covid-19-en-2020_opt.jpg","type":"image\/jpeg"}],"author":"enequipo","twitter_card":"summary_large_image","twitter_creator":"@sonoraenequipo","twitter_site":"@sonoraenequipo","twitter_misc":{"Escrito por":"enequipo","Tiempo de lectura":"1 minuto"},"schema":{"@context":"https:\/\/schema.org","@graph":[{"@type":"Article","@id":"https:\/\/www.sonoraenequipo.com.mx\/cdc-de-eeuu-recomiendan-vacuna-de-j-j-contra-covid-19-a-mayores-de-18-anos\/#article","isPartOf":{"@id":"https:\/\/www.sonoraenequipo.com.mx\/cdc-de-eeuu-recomiendan-vacuna-de-j-j-contra-covid-19-a-mayores-de-18-anos\/"},"author":{"name":"enequipo","@id":"https:\/\/www.sonoraenequipo.com.mx\/#\/schema\/person\/50102df0fb23a8fa9e8effad8fa81386"},"headline":"CDC de EEUU recomiendan vacuna de J &#038; J contra COVID-19 a mayores de 18 a\u00f1os","datePublished":"2021-03-01T17:25:17+00:00","mainEntityOfPage":{"@id":"https:\/\/www.sonoraenequipo.com.mx\/cdc-de-eeuu-recomiendan-vacuna-de-j-j-contra-covid-19-a-mayores-de-18-anos\/"},"wordCount":224,"commentCount":0,"publisher":{"@id":"https:\/\/www.sonoraenequipo.com.mx\/#organization"},"image":{"@id":"https:\/\/www.sonoraenequipo.com.mx\/cdc-de-eeuu-recomiendan-vacuna-de-j-j-contra-covid-19-a-mayores-de-18-anos\/#primaryimage"},"thumbnailUrl":"https:\/\/www.sonoraenequipo.com.mx\/storage\/2020\/09\/oms-califica-de-poco-probable-vacunacion-masiva-covid-19-en-2020_opt.jpg","keywords":["covid"],"articleSection":["MUNDO"],"inLanguage":"es","potentialAction":[{"@type":"CommentAction","name":"Comment","target":["https:\/\/www.sonoraenequipo.com.mx\/cdc-de-eeuu-recomiendan-vacuna-de-j-j-contra-covid-19-a-mayores-de-18-anos\/#respond"]}]},{"@type":"WebPage","@id":"https:\/\/www.sonoraenequipo.com.mx\/cdc-de-eeuu-recomiendan-vacuna-de-j-j-contra-covid-19-a-mayores-de-18-anos\/","url":"https:\/\/www.sonoraenequipo.com.mx\/cdc-de-eeuu-recomiendan-vacuna-de-j-j-contra-covid-19-a-mayores-de-18-anos\/","name":"Sonora en Equipo. CDC de EEUU recomiendan vacuna de J & J contra COVID-19 a mayores de 18 a\u00f1os MUNDO","isPartOf":{"@id":"https:\/\/www.sonoraenequipo.com.mx\/#website"},"primaryImageOfPage":{"@id":"https:\/\/www.sonoraenequipo.com.mx\/cdc-de-eeuu-recomiendan-vacuna-de-j-j-contra-covid-19-a-mayores-de-18-anos\/#primaryimage"},"image":{"@id":"https:\/\/www.sonoraenequipo.com.mx\/cdc-de-eeuu-recomiendan-vacuna-de-j-j-contra-covid-19-a-mayores-de-18-anos\/#primaryimage"},"thumbnailUrl":"https:\/\/www.sonoraenequipo.com.mx\/storage\/2020\/09\/oms-califica-de-poco-probable-vacunacion-masiva-covid-19-en-2020_opt.jpg","datePublished":"2021-03-01T17:25:17+00:00","description":"WASHINGTON, EE.UU. -- Los asesores de vacunaci\u00f3n de los Centros para la Prevenci\u00f3n y Control de Enfermedades de Estados Unidos (CDC) votaron hoy para En Sonora en Equipo publicamos toda la informaci\u00f3n de Sonora, M\u00e9xico y el Mundo de manera oportuna y busca que la libertad de expresi\u00f3n sea real. Visita nuestro medio informativo publicado desde Hermosillo, Sonora. %","breadcrumb":{"@id":"https:\/\/www.sonoraenequipo.com.mx\/cdc-de-eeuu-recomiendan-vacuna-de-j-j-contra-covid-19-a-mayores-de-18-anos\/#breadcrumb"},"inLanguage":"es","potentialAction":[{"@type":"ReadAction","target":["https:\/\/www.sonoraenequipo.com.mx\/cdc-de-eeuu-recomiendan-vacuna-de-j-j-contra-covid-19-a-mayores-de-18-anos\/"]}]},{"@type":"ImageObject","inLanguage":"es","@id":"https:\/\/www.sonoraenequipo.com.mx\/cdc-de-eeuu-recomiendan-vacuna-de-j-j-contra-covid-19-a-mayores-de-18-anos\/#primaryimage","url":"https:\/\/www.sonoraenequipo.com.mx\/storage\/2020\/09\/oms-califica-de-poco-probable-vacunacion-masiva-covid-19-en-2020_opt.jpg","contentUrl":"https:\/\/www.sonoraenequipo.com.mx\/storage\/2020\/09\/oms-califica-de-poco-probable-vacunacion-masiva-covid-19-en-2020_opt.jpg","width":838,"height":500},{"@type":"BreadcrumbList","@id":"https:\/\/www.sonoraenequipo.com.mx\/cdc-de-eeuu-recomiendan-vacuna-de-j-j-contra-covid-19-a-mayores-de-18-anos\/#breadcrumb","itemListElement":[{"@type":"ListItem","position":1,"name":"Portada","item":"https:\/\/www.sonoraenequipo.com.mx\/"},{"@type":"ListItem","position":2,"name":"CDC de EEUU recomiendan vacuna de J &#038; J contra COVID-19 a mayores de 18 a\u00f1os"}]},{"@type":"WebSite","@id":"https:\/\/www.sonoraenequipo.com.mx\/#website","url":"https:\/\/www.sonoraenequipo.com.mx\/","name":"Sonora en Equipo.","description":"Diario en l\u00ednea con Noticias desde Hermosillo, Sonora","publisher":{"@id":"https:\/\/www.sonoraenequipo.com.mx\/#organization"},"potentialAction":[{"@type":"SearchAction","target":{"@type":"EntryPoint","urlTemplate":"https:\/\/www.sonoraenequipo.com.mx\/?s={search_term_string}"},"query-input":{"@type":"PropertyValueSpecification","valueRequired":true,"valueName":"search_term_string"}}],"inLanguage":"es"},{"@type":"Organization","@id":"https:\/\/www.sonoraenequipo.com.mx\/#organization","name":"Sonoraenequipo.com.mx","url":"https:\/\/www.sonoraenequipo.com.mx\/","logo":{"@type":"ImageObject","inLanguage":"es","@id":"https:\/\/www.sonoraenequipo.com.mx\/#\/schema\/logo\/image\/","url":"https:\/\/www.sonoraenequipo.com.mx\/storage\/2019\/01\/sonoraenequipo_opt.png","contentUrl":"https:\/\/www.sonoraenequipo.com.mx\/storage\/2019\/01\/sonoraenequipo_opt.png","width":375,"height":125,"caption":"Sonoraenequipo.com.mx"},"image":{"@id":"https:\/\/www.sonoraenequipo.com.mx\/#\/schema\/logo\/image\/"},"sameAs":["https:\/\/www.facebook.com\/SonoraEE\/","https:\/\/x.com\/sonoraenequipo","https:\/\/www.youtube.com\/channel\/UC338nW-lPEYmJQs4ZABQ1SQ"]},{"@type":"Person","@id":"https:\/\/www.sonoraenequipo.com.mx\/#\/schema\/person\/50102df0fb23a8fa9e8effad8fa81386","name":"enequipo","image":{"@type":"ImageObject","inLanguage":"es","@id":"https:\/\/www.sonoraenequipo.com.mx\/#\/schema\/person\/image\/","url":"https:\/\/secure.gravatar.com\/avatar\/049821681b589dabc0bc20695993ccebb09f5b5d4d790cd9251b97faac7c652b?s=96&d=blank&r=g","contentUrl":"https:\/\/secure.gravatar.com\/avatar\/049821681b589dabc0bc20695993ccebb09f5b5d4d790cd9251b97faac7c652b?s=96&d=blank&r=g","caption":"enequipo"},"sameAs":["https:\/\/www.facebook.com\/SonoraEE"]}]}},"jetpack_featured_media_url":"https:\/\/www.sonoraenequipo.com.mx\/storage\/2020\/09\/oms-califica-de-poco-probable-vacunacion-masiva-covid-19-en-2020_opt.jpg","_links":{"self":[{"href":"https:\/\/www.sonoraenequipo.com.mx\/api\/wp\/v2\/posts\/107916","targetHints":{"allow":["GET"]}}],"collection":[{"href":"https:\/\/www.sonoraenequipo.com.mx\/api\/wp\/v2\/posts"}],"about":[{"href":"https:\/\/www.sonoraenequipo.com.mx\/api\/wp\/v2\/types\/post"}],"author":[{"embeddable":true,"href":"https:\/\/www.sonoraenequipo.com.mx\/api\/wp\/v2\/users\/1"}],"replies":[{"embeddable":true,"href":"https:\/\/www.sonoraenequipo.com.mx\/api\/wp\/v2\/comments?post=107916"}],"version-history":[{"count":1,"href":"https:\/\/www.sonoraenequipo.com.mx\/api\/wp\/v2\/posts\/107916\/revisions"}],"predecessor-version":[{"id":107917,"href":"https:\/\/www.sonoraenequipo.com.mx\/api\/wp\/v2\/posts\/107916\/revisions\/107917"}],"wp:featuredmedia":[{"embeddable":true,"href":"https:\/\/www.sonoraenequipo.com.mx\/api\/wp\/v2\/media\/94481"}],"wp:attachment":[{"href":"https:\/\/www.sonoraenequipo.com.mx\/api\/wp\/v2\/media?parent=107916"}],"wp:term":[{"taxonomy":"category","embeddable":true,"href":"https:\/\/www.sonoraenequipo.com.mx\/api\/wp\/v2\/categories?post=107916"},{"taxonomy":"post_tag","embeddable":true,"href":"https:\/\/www.sonoraenequipo.com.mx\/api\/wp\/v2\/tags?post=107916"}],"curies":[{"name":"wp","href":"https:\/\/api.w.org\/{rel}","templated":true}]}}