{"id":107941,"date":"2021-03-01T12:38:34","date_gmt":"2021-03-01T19:38:34","guid":{"rendered":"https:\/\/www.sonoraenequipo.com.mx\/?p=107941"},"modified":"2021-03-01T12:59:37","modified_gmt":"2021-03-01T19:59:37","slug":"pidio-eua-bloqueo-de-luis-cardenas-palomino-exmando-de-la-policia-federal","status":"publish","type":"post","link":"https:\/\/www.sonoraenequipo.com.mx\/pidio-eua-bloqueo-de-luis-cardenas-palomino-exmando-de-la-policia-federal\/","title":{"rendered":"Pidi\u00f3 EUA bloqueo de Luis C\u00e1rdenas Palomino, exmando de la Polic\u00eda Federal"},"content":{"rendered":"<p>CIUDAD DE M\u00c9XICO. MX. \u2014 Estados Unidos pidi\u00f3 a M\u00e9xico congelar las cuentas bancarias de Luis C\u00e1rdenas Palomino, ex mando de la Polic\u00eda Federal y mano derecha de Genaro Garc\u00eda Luna.<\/p>\n<p>&nbsp;<\/p>\n<p>&nbsp;<\/p>\n<p> <\/p>\n<p>&nbsp;<\/p>\n<p>Santiago Nieto, titular de la Unidad de Inteligencia Financiera (UIF), inform\u00f3 al Juzgado D\u00e9cimo Quinto de Distrito en Materia Administrativa de la Ciudad de M\u00e9xico la solicitud de los estadounidenses.<\/p>\n<p>&nbsp;<\/p>\n<p><em>\u00abEl 26 de septiembre de 2020 la autoridad promovente recibi\u00f3 comunicaci\u00f3n de una autoridad de los Estados Unidos de Am\u00e9rica, donde se le solicit\u00f3 expresamente el bloqueo de las cuentas bancarias del aqu\u00ed quejoso; lo que, a su consideraci\u00f3n, se trata de un hecho superveniente que hace procedente la revocaci\u00f3n de la suspensi\u00f3n\u00bb<\/em>, dice una resoluci\u00f3n del juzgado.<\/p>\n<p>&nbsp;<\/p>\n<p>El pasado 14 de octubre, el Quinto Tribunal Colegiado en Materia Administrativa concedi\u00f3 por unanimidad al ex mando policiaco una suspensi\u00f3n definitiva que revoc\u00f3 por tiempo indefinido la inmovilizaci\u00f3n de sus cuentas bancarias, dictado originalmente por la UIF en diciembre de 2019.<\/p>\n<p>&nbsp;<\/p>\n<p>Ante este rev\u00e9s judicial, el 3 de diciembre el jefe de la UIF solicit\u00f3 la modificaci\u00f3n de dicha suspensi\u00f3n y fue en este recurso en el que inform\u00f3 de la petici\u00f3n de Estados Unidos para congelar el dinero de C\u00e1rdenas Palomino, fechada en septiembre.<\/p>\n<p>&nbsp;<\/p>\n<p>El incidente de modificaci\u00f3n de la suspensi\u00f3n fue admitido por el Juzgado D\u00e9cimo Quinto de Distrito en Materia Administrativa, cuyo secretario en funciones de juez, Mois\u00e9s Garc\u00eda Ochoa, resolvi\u00f3 el pasado 15 de febrero como infundado.<\/p>\n<p>&nbsp;<\/p>\n<p>A mediados del a\u00f1o pasado una Corte Federal de Nueva York orden\u00f3 la captura de C\u00e1rdenas Palomino por tres cargos de importaci\u00f3n de coca\u00edna y conspiraci\u00f3n internacional, relacionados con su presunta colaboraci\u00f3n con el C\u00e1rtel de Sinaloa.<\/p>\n<p>&nbsp;<\/p>\n<p>Poco despu\u00e9s, en M\u00e9xico tambi\u00e9n un juez federal orden\u00f3 su aprehensi\u00f3n por presuntamente torturar en 2012 a cuatro sujetos acusados de secuestro, entre ellos un hermano y un sobrino de Israel Vallarta Cisneros, expareja sentimental de Florence Cassez.<\/p>\n<p>&nbsp;<\/p>\n<p>&nbsp;<\/p>\n<p>(Publicada el 01\/03\/2021)<\/p>\n","protected":false},"excerpt":{"rendered":"<p>CIUDAD DE M\u00c9XICO. MX. \u2014 Estados Unidos pidi\u00f3 a M\u00e9xico congelar las cuentas bancarias de&#8230;<\/p>\n","protected":false},"author":1,"featured_media":107942,"comment_status":"open","ping_status":"open","sticky":false,"template":"","format":"standard","meta":{"_monsterinsights_skip_tracking":false,"_monsterinsights_sitenote_active":false,"_monsterinsights_sitenote_note":"","_monsterinsights_sitenote_category":0,"footnotes":""},"categories":[5],"tags":[],"class_list":["post"],"yoast_head":" \n<title>Sonora en Equipo. Pidi\u00f3 EUA bloqueo de Luis C\u00e1rdenas Palomino, exmando de la Polic\u00eda Federal Rep\u00fablica<\/title>\n<meta name=\"description\" content=\"CIUDAD DE M\u00c9XICO. MX. \u2014 Estados Unidos pidi\u00f3 a M\u00e9xico congelar las cuentas bancarias de Luis C\u00e1rdenas Palomino, ex mando de la Polic\u00eda Federal y mano En Sonora en Equipo publicamos toda la informaci\u00f3n de Sonora, M\u00e9xico y el Mundo de manera oportuna y busca que la libertad de expresi\u00f3n sea real. Visita nuestro medio informativo publicado desde Hermosillo, Sonora. %\" \/>\n<meta name=\"robots\" content=\"index, follow, max-snippet:-1, max-image-preview:large, max-video-preview:-1\" \/>\n<link rel=\"canonical\" href=\"https:\/\/www.sonoraenequipo.com.mx\/pidio-eua-bloqueo-de-luis-cardenas-palomino-exmando-de-la-policia-federal\/\" \/>\n<meta property=\"og:locale\" content=\"es_ES\" \/>\n<meta property=\"og:type\" content=\"article\" \/>\n<meta property=\"og:title\" content=\"Sonora en Equipo. Pidi\u00f3 EUA bloqueo de Luis C\u00e1rdenas Palomino, exmando de la Polic\u00eda Federal Rep\u00fablica\" \/>\n<meta property=\"og:description\" content=\"CIUDAD DE M\u00c9XICO. MX. \u2014 Estados Unidos pidi\u00f3 a M\u00e9xico congelar las cuentas bancarias de Luis C\u00e1rdenas Palomino, ex mando de la Polic\u00eda Federal y mano En Sonora en Equipo publicamos toda la informaci\u00f3n de Sonora, M\u00e9xico y el Mundo de manera oportuna y busca que la libertad de expresi\u00f3n sea real. Visita nuestro medio informativo publicado desde Hermosillo, Sonora. %\" \/>\n<meta property=\"og:url\" content=\"https:\/\/www.sonoraenequipo.com.mx\/pidio-eua-bloqueo-de-luis-cardenas-palomino-exmando-de-la-policia-federal\/\" \/>\n<meta property=\"og:site_name\" content=\"Sonora en Equipo.\" \/>\n<meta property=\"article:publisher\" content=\"https:\/\/www.facebook.com\/SonoraEE\/\" \/>\n<meta property=\"article:author\" content=\"https:\/\/www.facebook.com\/SonoraEE\" \/>\n<meta property=\"article:published_time\" content=\"2021-03-01T19:38:34+00:00\" \/>\n<meta property=\"article:modified_time\" content=\"2021-03-01T19:59:37+00:00\" \/>\n<meta property=\"og:image\" content=\"https:\/\/www.sonoraenequipo.com.mx\/storage\/2021\/03\/luis-cardenas-palomino_opt1.jpg\" \/>\n\t<meta property=\"og:image:width\" content=\"643\" \/>\n\t<meta property=\"og:image:height\" content=\"450\" \/>\n\t<meta property=\"og:image:type\" content=\"image\/jpeg\" \/>\n<meta name=\"author\" content=\"enequipo\" \/>\n<meta name=\"twitter:card\" content=\"summary_large_image\" \/>\n<meta name=\"twitter:creator\" content=\"@sonoraenequipo\" \/>\n<meta name=\"twitter:site\" content=\"@sonoraenequipo\" \/>\n<meta name=\"twitter:label1\" content=\"Escrito por\" \/>\n\t<meta name=\"twitter:data1\" content=\"enequipo\" \/>\n\t<meta name=\"twitter:label2\" content=\"Tiempo de lectura\" \/>\n\t<meta name=\"twitter:data2\" content=\"2 minutos\" \/>\n<script type=\"application\/ld+json\" class=\"yoast-schema-graph\">{\"@context\":\"https:\/\/schema.org\",\"@graph\":[{\"@type\":\"Article\",\"@id\":\"https:\/\/www.sonoraenequipo.com.mx\/pidio-eua-bloqueo-de-luis-cardenas-palomino-exmando-de-la-policia-federal\/#article\",\"isPartOf\":{\"@id\":\"https:\/\/www.sonoraenequipo.com.mx\/pidio-eua-bloqueo-de-luis-cardenas-palomino-exmando-de-la-policia-federal\/\"},\"author\":{\"name\":\"enequipo\",\"@id\":\"https:\/\/www.sonoraenequipo.com.mx\/#\/schema\/person\/50102df0fb23a8fa9e8effad8fa81386\"},\"headline\":\"Pidi\u00f3 EUA bloqueo de Luis C\u00e1rdenas Palomino, exmando de la Polic\u00eda Federal\",\"datePublished\":\"2021-03-01T19:38:34+00:00\",\"dateModified\":\"2021-03-01T19:59:37+00:00\",\"mainEntityOfPage\":{\"@id\":\"https:\/\/www.sonoraenequipo.com.mx\/pidio-eua-bloqueo-de-luis-cardenas-palomino-exmando-de-la-policia-federal\/\"},\"wordCount\":371,\"commentCount\":0,\"publisher\":{\"@id\":\"https:\/\/www.sonoraenequipo.com.mx\/#organization\"},\"image\":{\"@id\":\"https:\/\/www.sonoraenequipo.com.mx\/pidio-eua-bloqueo-de-luis-cardenas-palomino-exmando-de-la-policia-federal\/#primaryimage\"},\"thumbnailUrl\":\"https:\/\/www.sonoraenequipo.com.mx\/storage\/2021\/03\/luis-cardenas-palomino_opt1.jpg\",\"articleSection\":[\"Rep\u00fablica\"],\"inLanguage\":\"es\",\"potentialAction\":[{\"@type\":\"CommentAction\",\"name\":\"Comment\",\"target\":[\"https:\/\/www.sonoraenequipo.com.mx\/pidio-eua-bloqueo-de-luis-cardenas-palomino-exmando-de-la-policia-federal\/#respond\"]}]},{\"@type\":\"WebPage\",\"@id\":\"https:\/\/www.sonoraenequipo.com.mx\/pidio-eua-bloqueo-de-luis-cardenas-palomino-exmando-de-la-policia-federal\/\",\"url\":\"https:\/\/www.sonoraenequipo.com.mx\/pidio-eua-bloqueo-de-luis-cardenas-palomino-exmando-de-la-policia-federal\/\",\"name\":\"Sonora en Equipo. Pidi\u00f3 EUA bloqueo de Luis C\u00e1rdenas Palomino, exmando de la Polic\u00eda Federal Rep\u00fablica\",\"isPartOf\":{\"@id\":\"https:\/\/www.sonoraenequipo.com.mx\/#website\"},\"primaryImageOfPage\":{\"@id\":\"https:\/\/www.sonoraenequipo.com.mx\/pidio-eua-bloqueo-de-luis-cardenas-palomino-exmando-de-la-policia-federal\/#primaryimage\"},\"image\":{\"@id\":\"https:\/\/www.sonoraenequipo.com.mx\/pidio-eua-bloqueo-de-luis-cardenas-palomino-exmando-de-la-policia-federal\/#primaryimage\"},\"thumbnailUrl\":\"https:\/\/www.sonoraenequipo.com.mx\/storage\/2021\/03\/luis-cardenas-palomino_opt1.jpg\",\"datePublished\":\"2021-03-01T19:38:34+00:00\",\"dateModified\":\"2021-03-01T19:59:37+00:00\",\"description\":\"CIUDAD DE M\u00c9XICO. MX. \u2014 Estados Unidos pidi\u00f3 a M\u00e9xico congelar las cuentas bancarias de Luis C\u00e1rdenas Palomino, ex mando de la Polic\u00eda Federal y mano En Sonora en Equipo publicamos toda la informaci\u00f3n de Sonora, M\u00e9xico y el Mundo de manera oportuna y busca que la libertad de expresi\u00f3n sea real. Visita nuestro medio informativo publicado desde Hermosillo, Sonora. %\",\"breadcrumb\":{\"@id\":\"https:\/\/www.sonoraenequipo.com.mx\/pidio-eua-bloqueo-de-luis-cardenas-palomino-exmando-de-la-policia-federal\/#breadcrumb\"},\"inLanguage\":\"es\",\"potentialAction\":[{\"@type\":\"ReadAction\",\"target\":[\"https:\/\/www.sonoraenequipo.com.mx\/pidio-eua-bloqueo-de-luis-cardenas-palomino-exmando-de-la-policia-federal\/\"]}]},{\"@type\":\"ImageObject\",\"inLanguage\":\"es\",\"@id\":\"https:\/\/www.sonoraenequipo.com.mx\/pidio-eua-bloqueo-de-luis-cardenas-palomino-exmando-de-la-policia-federal\/#primaryimage\",\"url\":\"https:\/\/www.sonoraenequipo.com.mx\/storage\/2021\/03\/luis-cardenas-palomino_opt1.jpg\",\"contentUrl\":\"https:\/\/www.sonoraenequipo.com.mx\/storage\/2021\/03\/luis-cardenas-palomino_opt1.jpg\",\"width\":643,\"height\":450},{\"@type\":\"BreadcrumbList\",\"@id\":\"https:\/\/www.sonoraenequipo.com.mx\/pidio-eua-bloqueo-de-luis-cardenas-palomino-exmando-de-la-policia-federal\/#breadcrumb\",\"itemListElement\":[{\"@type\":\"ListItem\",\"position\":1,\"name\":\"Portada\",\"item\":\"https:\/\/www.sonoraenequipo.com.mx\/\"},{\"@type\":\"ListItem\",\"position\":2,\"name\":\"Pidi\u00f3 EUA bloqueo de Luis C\u00e1rdenas Palomino, exmando de la Polic\u00eda Federal\"}]},{\"@type\":\"WebSite\",\"@id\":\"https:\/\/www.sonoraenequipo.com.mx\/#website\",\"url\":\"https:\/\/www.sonoraenequipo.com.mx\/\",\"name\":\"Sonora en Equipo.\",\"description\":\"Diario en l\u00ednea con Noticias desde Hermosillo, Sonora\",\"publisher\":{\"@id\":\"https:\/\/www.sonoraenequipo.com.mx\/#organization\"},\"potentialAction\":[{\"@type\":\"SearchAction\",\"target\":{\"@type\":\"EntryPoint\",\"urlTemplate\":\"https:\/\/www.sonoraenequipo.com.mx\/?s={search_term_string}\"},\"query-input\":{\"@type\":\"PropertyValueSpecification\",\"valueRequired\":true,\"valueName\":\"search_term_string\"}}],\"inLanguage\":\"es\"},{\"@type\":\"Organization\",\"@id\":\"https:\/\/www.sonoraenequipo.com.mx\/#organization\",\"name\":\"Sonoraenequipo.com.mx\",\"url\":\"https:\/\/www.sonoraenequipo.com.mx\/\",\"logo\":{\"@type\":\"ImageObject\",\"inLanguage\":\"es\",\"@id\":\"https:\/\/www.sonoraenequipo.com.mx\/#\/schema\/logo\/image\/\",\"url\":\"https:\/\/www.sonoraenequipo.com.mx\/storage\/2019\/01\/sonoraenequipo_opt.png\",\"contentUrl\":\"https:\/\/www.sonoraenequipo.com.mx\/storage\/2019\/01\/sonoraenequipo_opt.png\",\"width\":375,\"height\":125,\"caption\":\"Sonoraenequipo.com.mx\"},\"image\":{\"@id\":\"https:\/\/www.sonoraenequipo.com.mx\/#\/schema\/logo\/image\/\"},\"sameAs\":[\"https:\/\/www.facebook.com\/SonoraEE\/\",\"https:\/\/x.com\/sonoraenequipo\",\"https:\/\/www.youtube.com\/channel\/UC338nW-lPEYmJQs4ZABQ1SQ\"]},{\"@type\":\"Person\",\"@id\":\"https:\/\/www.sonoraenequipo.com.mx\/#\/schema\/person\/50102df0fb23a8fa9e8effad8fa81386\",\"name\":\"enequipo\",\"image\":{\"@type\":\"ImageObject\",\"inLanguage\":\"es\",\"@id\":\"https:\/\/www.sonoraenequipo.com.mx\/#\/schema\/person\/image\/\",\"url\":\"https:\/\/secure.gravatar.com\/avatar\/049821681b589dabc0bc20695993ccebb09f5b5d4d790cd9251b97faac7c652b?s=96&d=blank&r=g\",\"contentUrl\":\"https:\/\/secure.gravatar.com\/avatar\/049821681b589dabc0bc20695993ccebb09f5b5d4d790cd9251b97faac7c652b?s=96&d=blank&r=g\",\"caption\":\"enequipo\"},\"sameAs\":[\"https:\/\/www.facebook.com\/SonoraEE\"]}]}<\/script>\n ","yoast_head_json":{"title":"Sonora en Equipo. Pidi\u00f3 EUA bloqueo de Luis C\u00e1rdenas Palomino, exmando de la Polic\u00eda Federal Rep\u00fablica","description":"CIUDAD DE M\u00c9XICO. MX. \u2014 Estados Unidos pidi\u00f3 a M\u00e9xico congelar las cuentas bancarias de Luis C\u00e1rdenas Palomino, ex mando de la Polic\u00eda Federal y mano En Sonora en Equipo publicamos toda la informaci\u00f3n de Sonora, M\u00e9xico y el Mundo de manera oportuna y busca que la libertad de expresi\u00f3n sea real. Visita nuestro medio informativo publicado desde Hermosillo, Sonora. %","robots":{"index":"index","follow":"follow","max-snippet":"max-snippet:-1","max-image-preview":"max-image-preview:large","max-video-preview":"max-video-preview:-1"},"canonical":"https:\/\/www.sonoraenequipo.com.mx\/pidio-eua-bloqueo-de-luis-cardenas-palomino-exmando-de-la-policia-federal\/","og_locale":"es_ES","og_type":"article","og_title":"Sonora en Equipo. Pidi\u00f3 EUA bloqueo de Luis C\u00e1rdenas Palomino, exmando de la Polic\u00eda Federal Rep\u00fablica","og_description":"CIUDAD DE M\u00c9XICO. MX. \u2014 Estados Unidos pidi\u00f3 a M\u00e9xico congelar las cuentas bancarias de Luis C\u00e1rdenas Palomino, ex mando de la Polic\u00eda Federal y mano En Sonora en Equipo publicamos toda la informaci\u00f3n de Sonora, M\u00e9xico y el Mundo de manera oportuna y busca que la libertad de expresi\u00f3n sea real. Visita nuestro medio informativo publicado desde Hermosillo, Sonora. %","og_url":"https:\/\/www.sonoraenequipo.com.mx\/pidio-eua-bloqueo-de-luis-cardenas-palomino-exmando-de-la-policia-federal\/","og_site_name":"Sonora en Equipo.","article_publisher":"https:\/\/www.facebook.com\/SonoraEE\/","article_author":"https:\/\/www.facebook.com\/SonoraEE","article_published_time":"2021-03-01T19:38:34+00:00","article_modified_time":"2021-03-01T19:59:37+00:00","og_image":[{"width":643,"height":450,"url":"https:\/\/www.sonoraenequipo.com.mx\/storage\/2021\/03\/luis-cardenas-palomino_opt1.jpg","type":"image\/jpeg"}],"author":"enequipo","twitter_card":"summary_large_image","twitter_creator":"@sonoraenequipo","twitter_site":"@sonoraenequipo","twitter_misc":{"Escrito por":"enequipo","Tiempo de lectura":"2 minutos"},"schema":{"@context":"https:\/\/schema.org","@graph":[{"@type":"Article","@id":"https:\/\/www.sonoraenequipo.com.mx\/pidio-eua-bloqueo-de-luis-cardenas-palomino-exmando-de-la-policia-federal\/#article","isPartOf":{"@id":"https:\/\/www.sonoraenequipo.com.mx\/pidio-eua-bloqueo-de-luis-cardenas-palomino-exmando-de-la-policia-federal\/"},"author":{"name":"enequipo","@id":"https:\/\/www.sonoraenequipo.com.mx\/#\/schema\/person\/50102df0fb23a8fa9e8effad8fa81386"},"headline":"Pidi\u00f3 EUA bloqueo de Luis C\u00e1rdenas Palomino, exmando de la Polic\u00eda Federal","datePublished":"2021-03-01T19:38:34+00:00","dateModified":"2021-03-01T19:59:37+00:00","mainEntityOfPage":{"@id":"https:\/\/www.sonoraenequipo.com.mx\/pidio-eua-bloqueo-de-luis-cardenas-palomino-exmando-de-la-policia-federal\/"},"wordCount":371,"commentCount":0,"publisher":{"@id":"https:\/\/www.sonoraenequipo.com.mx\/#organization"},"image":{"@id":"https:\/\/www.sonoraenequipo.com.mx\/pidio-eua-bloqueo-de-luis-cardenas-palomino-exmando-de-la-policia-federal\/#primaryimage"},"thumbnailUrl":"https:\/\/www.sonoraenequipo.com.mx\/storage\/2021\/03\/luis-cardenas-palomino_opt1.jpg","articleSection":["Rep\u00fablica"],"inLanguage":"es","potentialAction":[{"@type":"CommentAction","name":"Comment","target":["https:\/\/www.sonoraenequipo.com.mx\/pidio-eua-bloqueo-de-luis-cardenas-palomino-exmando-de-la-policia-federal\/#respond"]}]},{"@type":"WebPage","@id":"https:\/\/www.sonoraenequipo.com.mx\/pidio-eua-bloqueo-de-luis-cardenas-palomino-exmando-de-la-policia-federal\/","url":"https:\/\/www.sonoraenequipo.com.mx\/pidio-eua-bloqueo-de-luis-cardenas-palomino-exmando-de-la-policia-federal\/","name":"Sonora en Equipo. Pidi\u00f3 EUA bloqueo de Luis C\u00e1rdenas Palomino, exmando de la Polic\u00eda Federal Rep\u00fablica","isPartOf":{"@id":"https:\/\/www.sonoraenequipo.com.mx\/#website"},"primaryImageOfPage":{"@id":"https:\/\/www.sonoraenequipo.com.mx\/pidio-eua-bloqueo-de-luis-cardenas-palomino-exmando-de-la-policia-federal\/#primaryimage"},"image":{"@id":"https:\/\/www.sonoraenequipo.com.mx\/pidio-eua-bloqueo-de-luis-cardenas-palomino-exmando-de-la-policia-federal\/#primaryimage"},"thumbnailUrl":"https:\/\/www.sonoraenequipo.com.mx\/storage\/2021\/03\/luis-cardenas-palomino_opt1.jpg","datePublished":"2021-03-01T19:38:34+00:00","dateModified":"2021-03-01T19:59:37+00:00","description":"CIUDAD DE M\u00c9XICO. MX. \u2014 Estados Unidos pidi\u00f3 a M\u00e9xico congelar las cuentas bancarias de Luis C\u00e1rdenas Palomino, ex mando de la Polic\u00eda Federal y mano En Sonora en Equipo publicamos toda la informaci\u00f3n de Sonora, M\u00e9xico y el Mundo de manera oportuna y busca que la libertad de expresi\u00f3n sea real. Visita nuestro medio informativo publicado desde Hermosillo, Sonora. %","breadcrumb":{"@id":"https:\/\/www.sonoraenequipo.com.mx\/pidio-eua-bloqueo-de-luis-cardenas-palomino-exmando-de-la-policia-federal\/#breadcrumb"},"inLanguage":"es","potentialAction":[{"@type":"ReadAction","target":["https:\/\/www.sonoraenequipo.com.mx\/pidio-eua-bloqueo-de-luis-cardenas-palomino-exmando-de-la-policia-federal\/"]}]},{"@type":"ImageObject","inLanguage":"es","@id":"https:\/\/www.sonoraenequipo.com.mx\/pidio-eua-bloqueo-de-luis-cardenas-palomino-exmando-de-la-policia-federal\/#primaryimage","url":"https:\/\/www.sonoraenequipo.com.mx\/storage\/2021\/03\/luis-cardenas-palomino_opt1.jpg","contentUrl":"https:\/\/www.sonoraenequipo.com.mx\/storage\/2021\/03\/luis-cardenas-palomino_opt1.jpg","width":643,"height":450},{"@type":"BreadcrumbList","@id":"https:\/\/www.sonoraenequipo.com.mx\/pidio-eua-bloqueo-de-luis-cardenas-palomino-exmando-de-la-policia-federal\/#breadcrumb","itemListElement":[{"@type":"ListItem","position":1,"name":"Portada","item":"https:\/\/www.sonoraenequipo.com.mx\/"},{"@type":"ListItem","position":2,"name":"Pidi\u00f3 EUA bloqueo de Luis C\u00e1rdenas Palomino, exmando de la Polic\u00eda Federal"}]},{"@type":"WebSite","@id":"https:\/\/www.sonoraenequipo.com.mx\/#website","url":"https:\/\/www.sonoraenequipo.com.mx\/","name":"Sonora en Equipo.","description":"Diario en l\u00ednea con Noticias desde Hermosillo, Sonora","publisher":{"@id":"https:\/\/www.sonoraenequipo.com.mx\/#organization"},"potentialAction":[{"@type":"SearchAction","target":{"@type":"EntryPoint","urlTemplate":"https:\/\/www.sonoraenequipo.com.mx\/?s={search_term_string}"},"query-input":{"@type":"PropertyValueSpecification","valueRequired":true,"valueName":"search_term_string"}}],"inLanguage":"es"},{"@type":"Organization","@id":"https:\/\/www.sonoraenequipo.com.mx\/#organization","name":"Sonoraenequipo.com.mx","url":"https:\/\/www.sonoraenequipo.com.mx\/","logo":{"@type":"ImageObject","inLanguage":"es","@id":"https:\/\/www.sonoraenequipo.com.mx\/#\/schema\/logo\/image\/","url":"https:\/\/www.sonoraenequipo.com.mx\/storage\/2019\/01\/sonoraenequipo_opt.png","contentUrl":"https:\/\/www.sonoraenequipo.com.mx\/storage\/2019\/01\/sonoraenequipo_opt.png","width":375,"height":125,"caption":"Sonoraenequipo.com.mx"},"image":{"@id":"https:\/\/www.sonoraenequipo.com.mx\/#\/schema\/logo\/image\/"},"sameAs":["https:\/\/www.facebook.com\/SonoraEE\/","https:\/\/x.com\/sonoraenequipo","https:\/\/www.youtube.com\/channel\/UC338nW-lPEYmJQs4ZABQ1SQ"]},{"@type":"Person","@id":"https:\/\/www.sonoraenequipo.com.mx\/#\/schema\/person\/50102df0fb23a8fa9e8effad8fa81386","name":"enequipo","image":{"@type":"ImageObject","inLanguage":"es","@id":"https:\/\/www.sonoraenequipo.com.mx\/#\/schema\/person\/image\/","url":"https:\/\/secure.gravatar.com\/avatar\/049821681b589dabc0bc20695993ccebb09f5b5d4d790cd9251b97faac7c652b?s=96&d=blank&r=g","contentUrl":"https:\/\/secure.gravatar.com\/avatar\/049821681b589dabc0bc20695993ccebb09f5b5d4d790cd9251b97faac7c652b?s=96&d=blank&r=g","caption":"enequipo"},"sameAs":["https:\/\/www.facebook.com\/SonoraEE"]}]}},"jetpack_featured_media_url":"https:\/\/www.sonoraenequipo.com.mx\/storage\/2021\/03\/luis-cardenas-palomino_opt1.jpg","_links":{"self":[{"href":"https:\/\/www.sonoraenequipo.com.mx\/api\/wp\/v2\/posts\/107941","targetHints":{"allow":["GET"]}}],"collection":[{"href":"https:\/\/www.sonoraenequipo.com.mx\/api\/wp\/v2\/posts"}],"about":[{"href":"https:\/\/www.sonoraenequipo.com.mx\/api\/wp\/v2\/types\/post"}],"author":[{"embeddable":true,"href":"https:\/\/www.sonoraenequipo.com.mx\/api\/wp\/v2\/users\/1"}],"replies":[{"embeddable":true,"href":"https:\/\/www.sonoraenequipo.com.mx\/api\/wp\/v2\/comments?post=107941"}],"version-history":[{"count":1,"href":"https:\/\/www.sonoraenequipo.com.mx\/api\/wp\/v2\/posts\/107941\/revisions"}],"predecessor-version":[{"id":107943,"href":"https:\/\/www.sonoraenequipo.com.mx\/api\/wp\/v2\/posts\/107941\/revisions\/107943"}],"wp:featuredmedia":[{"embeddable":true,"href":"https:\/\/www.sonoraenequipo.com.mx\/api\/wp\/v2\/media\/107942"}],"wp:attachment":[{"href":"https:\/\/www.sonoraenequipo.com.mx\/api\/wp\/v2\/media?parent=107941"}],"wp:term":[{"taxonomy":"category","embeddable":true,"href":"https:\/\/www.sonoraenequipo.com.mx\/api\/wp\/v2\/categories?post=107941"},{"taxonomy":"post_tag","embeddable":true,"href":"https:\/\/www.sonoraenequipo.com.mx\/api\/wp\/v2\/tags?post=107941"}],"curies":[{"name":"wp","href":"https:\/\/api.w.org\/{rel}","templated":true}]}}