{"id":107955,"date":"2021-03-01T14:00:14","date_gmt":"2021-03-01T21:00:14","guid":{"rendered":"https:\/\/www.sonoraenequipo.com.mx\/?p=107955"},"modified":"2021-03-01T14:02:40","modified_gmt":"2021-03-01T21:02:40","slug":"avanza-capacitacion-de-funcionarios-de-casilla","status":"publish","type":"post","link":"https:\/\/www.sonoraenequipo.com.mx\/avanza-capacitacion-de-funcionarios-de-casilla\/","title":{"rendered":"Avanza capacitaci\u00f3n de funcionarios de casilla"},"content":{"rendered":"<p>CIUDAD DE M\u00c9XICO. MX. \u2014 El consejero presidente del Instituto Nacional Electoral (INE), Lorenzo C\u00f3rdova, inform\u00f3 que hasta ahora se ha completado en un 82.7% el proceso de capacitaci\u00f3n de los funcionarios de casilla que contar\u00e1n los votos el pr\u00f3ximo 6 de junio.<\/p>\n<p>&nbsp;<\/p>\n<p> <\/p>\n<p>&nbsp;<\/p>\n<p>A trav\u00e9s de su cuenta de Twitter, C\u00f3rdova Vianello se\u00f1al\u00f3 que desde el 12 de febrero pasado 49 mil capacitadores, asistentes y supervisadores electorales comenzaron a realizar las visitas a los 12.2 millones de personas que fueron elegidos para ser funcionarios de casilla.<\/p>\n<p>&nbsp;<\/p>\n<p>Afirm\u00f3 que en 15 d\u00edas, los capacitadores han visitado a m\u00e1s de ocho millones 400 mil personas, casi el 69% de las que se tiene programado notificar y que un mill\u00f3n 216 mil personas ya han sido capacitadas para operar las casillas el d\u00eda de la votaci\u00f3n, lo que representa el 82.7% de los ciudadanos requeridos que ser\u00e1n casi un mill\u00f3n y medio.<\/p>\n<p>&nbsp;<\/p>\n<p><em>\u00abEl alto \u00edndice de respuesta positiva a la convocatoria del INE significa que la ciudadan\u00eda se est\u00e1 apropiando de este proceso electoral\u00bb,<\/em> se\u00f1al\u00f3.<\/p>\n<p>&nbsp;<\/p>\n<p>Afirm\u00f3 que lograr que sean ciudadanos quienes reciban y cuenten el voto, es una conquista pol\u00edtica y la principal garant\u00eda de limpieza, legalidad y certeza en el proceso electoral.<\/p>\n<p>&nbsp;<\/p>\n<p>Invit\u00f3 a quienes fueron sorteados y que recibir\u00e1n la visita de los capacitadores, a abrirles la puerta y participar.<\/p>\n<p>&nbsp;<\/p>\n<p>El INE tambi\u00e9n inform\u00f3 que a partir del 21 de abril enviar\u00e1 los paquetes electorales a los mexicanos residentes en el extranjero que se registraron para participar v\u00eda postal en alguna de las 11 elecciones locales, cuya ley permite el voto desde el extranjero.<\/p>\n<p>&nbsp;<\/p>\n<p>Anunci\u00f3 que realizar\u00e1 una prueba piloto para que personas en prisi\u00f3n preventiva tambi\u00e9n voten v\u00eda postal desde los Centros Federales de Readaptaci\u00f3n Social de Sonora, Guanajuato, Chiapas, Morelos y Michoac\u00e1n.<\/p>\n<p>&nbsp;<\/p>\n<p>(Publicada el 01\/03\/2021)<\/p>\n","protected":false},"excerpt":{"rendered":"<p>CIUDAD DE M\u00c9XICO. MX. \u2014 El consejero presidente del Instituto Nacional Electoral (INE), Lorenzo C\u00f3rdova,&#8230;<\/p>\n","protected":false},"author":1,"featured_media":107956,"comment_status":"open","ping_status":"open","sticky":false,"template":"","format":"standard","meta":{"_monsterinsights_skip_tracking":false,"_monsterinsights_sitenote_active":false,"_monsterinsights_sitenote_note":"","_monsterinsights_sitenote_category":0,"footnotes":""},"categories":[5],"tags":[],"class_list":["post"],"yoast_head":" \n<title>Sonora en Equipo. Avanza capacitaci\u00f3n de funcionarios de casilla Rep\u00fablica<\/title>\n<meta name=\"description\" content=\"CIUDAD DE M\u00c9XICO. MX. \u2014 El consejero presidente del Instituto Nacional Electoral (INE), Lorenzo C\u00f3rdova, inform\u00f3 que hasta ahora se ha completado en un En Sonora en Equipo publicamos toda la informaci\u00f3n de Sonora, M\u00e9xico y el Mundo de manera oportuna y busca que la libertad de expresi\u00f3n sea real. Visita nuestro medio informativo publicado desde Hermosillo, Sonora. %\" \/>\n<meta name=\"robots\" content=\"index, follow, max-snippet:-1, max-image-preview:large, max-video-preview:-1\" \/>\n<link rel=\"canonical\" href=\"https:\/\/www.sonoraenequipo.com.mx\/avanza-capacitacion-de-funcionarios-de-casilla\/\" \/>\n<meta property=\"og:locale\" content=\"es_ES\" \/>\n<meta property=\"og:type\" content=\"article\" \/>\n<meta property=\"og:title\" content=\"Sonora en Equipo. Avanza capacitaci\u00f3n de funcionarios de casilla Rep\u00fablica\" \/>\n<meta property=\"og:description\" content=\"CIUDAD DE M\u00c9XICO. MX. \u2014 El consejero presidente del Instituto Nacional Electoral (INE), Lorenzo C\u00f3rdova, inform\u00f3 que hasta ahora se ha completado en un En Sonora en Equipo publicamos toda la informaci\u00f3n de Sonora, M\u00e9xico y el Mundo de manera oportuna y busca que la libertad de expresi\u00f3n sea real. Visita nuestro medio informativo publicado desde Hermosillo, Sonora. %\" \/>\n<meta property=\"og:url\" content=\"https:\/\/www.sonoraenequipo.com.mx\/avanza-capacitacion-de-funcionarios-de-casilla\/\" \/>\n<meta property=\"og:site_name\" content=\"Sonora en Equipo.\" \/>\n<meta property=\"article:publisher\" content=\"https:\/\/www.facebook.com\/SonoraEE\/\" \/>\n<meta property=\"article:author\" content=\"https:\/\/www.facebook.com\/SonoraEE\" \/>\n<meta property=\"article:published_time\" content=\"2021-03-01T21:00:14+00:00\" \/>\n<meta property=\"article:modified_time\" content=\"2021-03-01T21:02:40+00:00\" \/>\n<meta property=\"og:image\" content=\"https:\/\/www.sonoraenequipo.com.mx\/storage\/2021\/03\/lorenzo-cordova-vianello_opt.jpg\" \/>\n\t<meta property=\"og:image:width\" content=\"675\" \/>\n\t<meta property=\"og:image:height\" content=\"450\" \/>\n\t<meta property=\"og:image:type\" content=\"image\/jpeg\" \/>\n<meta name=\"author\" content=\"enequipo\" \/>\n<meta name=\"twitter:card\" content=\"summary_large_image\" \/>\n<meta name=\"twitter:creator\" content=\"@sonoraenequipo\" \/>\n<meta name=\"twitter:site\" content=\"@sonoraenequipo\" \/>\n<meta name=\"twitter:label1\" content=\"Escrito por\" \/>\n\t<meta name=\"twitter:data1\" content=\"enequipo\" \/>\n\t<meta name=\"twitter:label2\" content=\"Tiempo de lectura\" \/>\n\t<meta name=\"twitter:data2\" content=\"2 minutos\" \/>\n<script type=\"application\/ld+json\" class=\"yoast-schema-graph\">{\"@context\":\"https:\/\/schema.org\",\"@graph\":[{\"@type\":\"Article\",\"@id\":\"https:\/\/www.sonoraenequipo.com.mx\/avanza-capacitacion-de-funcionarios-de-casilla\/#article\",\"isPartOf\":{\"@id\":\"https:\/\/www.sonoraenequipo.com.mx\/avanza-capacitacion-de-funcionarios-de-casilla\/\"},\"author\":{\"name\":\"enequipo\",\"@id\":\"https:\/\/www.sonoraenequipo.com.mx\/#\/schema\/person\/50102df0fb23a8fa9e8effad8fa81386\"},\"headline\":\"Avanza capacitaci\u00f3n de funcionarios de casilla\",\"datePublished\":\"2021-03-01T21:00:14+00:00\",\"dateModified\":\"2021-03-01T21:02:40+00:00\",\"mainEntityOfPage\":{\"@id\":\"https:\/\/www.sonoraenequipo.com.mx\/avanza-capacitacion-de-funcionarios-de-casilla\/\"},\"wordCount\":326,\"commentCount\":0,\"publisher\":{\"@id\":\"https:\/\/www.sonoraenequipo.com.mx\/#organization\"},\"image\":{\"@id\":\"https:\/\/www.sonoraenequipo.com.mx\/avanza-capacitacion-de-funcionarios-de-casilla\/#primaryimage\"},\"thumbnailUrl\":\"https:\/\/www.sonoraenequipo.com.mx\/storage\/2021\/03\/lorenzo-cordova-vianello_opt.jpg\",\"articleSection\":[\"Rep\u00fablica\"],\"inLanguage\":\"es\",\"potentialAction\":[{\"@type\":\"CommentAction\",\"name\":\"Comment\",\"target\":[\"https:\/\/www.sonoraenequipo.com.mx\/avanza-capacitacion-de-funcionarios-de-casilla\/#respond\"]}]},{\"@type\":\"WebPage\",\"@id\":\"https:\/\/www.sonoraenequipo.com.mx\/avanza-capacitacion-de-funcionarios-de-casilla\/\",\"url\":\"https:\/\/www.sonoraenequipo.com.mx\/avanza-capacitacion-de-funcionarios-de-casilla\/\",\"name\":\"Sonora en Equipo. Avanza capacitaci\u00f3n de funcionarios de casilla Rep\u00fablica\",\"isPartOf\":{\"@id\":\"https:\/\/www.sonoraenequipo.com.mx\/#website\"},\"primaryImageOfPage\":{\"@id\":\"https:\/\/www.sonoraenequipo.com.mx\/avanza-capacitacion-de-funcionarios-de-casilla\/#primaryimage\"},\"image\":{\"@id\":\"https:\/\/www.sonoraenequipo.com.mx\/avanza-capacitacion-de-funcionarios-de-casilla\/#primaryimage\"},\"thumbnailUrl\":\"https:\/\/www.sonoraenequipo.com.mx\/storage\/2021\/03\/lorenzo-cordova-vianello_opt.jpg\",\"datePublished\":\"2021-03-01T21:00:14+00:00\",\"dateModified\":\"2021-03-01T21:02:40+00:00\",\"description\":\"CIUDAD DE M\u00c9XICO. MX. \u2014 El consejero presidente del Instituto Nacional Electoral (INE), Lorenzo C\u00f3rdova, inform\u00f3 que hasta ahora se ha completado en un En Sonora en Equipo publicamos toda la informaci\u00f3n de Sonora, M\u00e9xico y el Mundo de manera oportuna y busca que la libertad de expresi\u00f3n sea real. Visita nuestro medio informativo publicado desde Hermosillo, Sonora. %\",\"breadcrumb\":{\"@id\":\"https:\/\/www.sonoraenequipo.com.mx\/avanza-capacitacion-de-funcionarios-de-casilla\/#breadcrumb\"},\"inLanguage\":\"es\",\"potentialAction\":[{\"@type\":\"ReadAction\",\"target\":[\"https:\/\/www.sonoraenequipo.com.mx\/avanza-capacitacion-de-funcionarios-de-casilla\/\"]}]},{\"@type\":\"ImageObject\",\"inLanguage\":\"es\",\"@id\":\"https:\/\/www.sonoraenequipo.com.mx\/avanza-capacitacion-de-funcionarios-de-casilla\/#primaryimage\",\"url\":\"https:\/\/www.sonoraenequipo.com.mx\/storage\/2021\/03\/lorenzo-cordova-vianello_opt.jpg\",\"contentUrl\":\"https:\/\/www.sonoraenequipo.com.mx\/storage\/2021\/03\/lorenzo-cordova-vianello_opt.jpg\",\"width\":675,\"height\":450},{\"@type\":\"BreadcrumbList\",\"@id\":\"https:\/\/www.sonoraenequipo.com.mx\/avanza-capacitacion-de-funcionarios-de-casilla\/#breadcrumb\",\"itemListElement\":[{\"@type\":\"ListItem\",\"position\":1,\"name\":\"Portada\",\"item\":\"https:\/\/www.sonoraenequipo.com.mx\/\"},{\"@type\":\"ListItem\",\"position\":2,\"name\":\"Avanza capacitaci\u00f3n de funcionarios de casilla\"}]},{\"@type\":\"WebSite\",\"@id\":\"https:\/\/www.sonoraenequipo.com.mx\/#website\",\"url\":\"https:\/\/www.sonoraenequipo.com.mx\/\",\"name\":\"Sonora en Equipo.\",\"description\":\"Diario en l\u00ednea con Noticias desde Hermosillo, Sonora\",\"publisher\":{\"@id\":\"https:\/\/www.sonoraenequipo.com.mx\/#organization\"},\"potentialAction\":[{\"@type\":\"SearchAction\",\"target\":{\"@type\":\"EntryPoint\",\"urlTemplate\":\"https:\/\/www.sonoraenequipo.com.mx\/?s={search_term_string}\"},\"query-input\":{\"@type\":\"PropertyValueSpecification\",\"valueRequired\":true,\"valueName\":\"search_term_string\"}}],\"inLanguage\":\"es\"},{\"@type\":\"Organization\",\"@id\":\"https:\/\/www.sonoraenequipo.com.mx\/#organization\",\"name\":\"Sonoraenequipo.com.mx\",\"url\":\"https:\/\/www.sonoraenequipo.com.mx\/\",\"logo\":{\"@type\":\"ImageObject\",\"inLanguage\":\"es\",\"@id\":\"https:\/\/www.sonoraenequipo.com.mx\/#\/schema\/logo\/image\/\",\"url\":\"https:\/\/www.sonoraenequipo.com.mx\/storage\/2019\/01\/sonoraenequipo_opt.png\",\"contentUrl\":\"https:\/\/www.sonoraenequipo.com.mx\/storage\/2019\/01\/sonoraenequipo_opt.png\",\"width\":375,\"height\":125,\"caption\":\"Sonoraenequipo.com.mx\"},\"image\":{\"@id\":\"https:\/\/www.sonoraenequipo.com.mx\/#\/schema\/logo\/image\/\"},\"sameAs\":[\"https:\/\/www.facebook.com\/SonoraEE\/\",\"https:\/\/x.com\/sonoraenequipo\",\"https:\/\/www.youtube.com\/channel\/UC338nW-lPEYmJQs4ZABQ1SQ\"]},{\"@type\":\"Person\",\"@id\":\"https:\/\/www.sonoraenequipo.com.mx\/#\/schema\/person\/50102df0fb23a8fa9e8effad8fa81386\",\"name\":\"enequipo\",\"image\":{\"@type\":\"ImageObject\",\"inLanguage\":\"es\",\"@id\":\"https:\/\/www.sonoraenequipo.com.mx\/#\/schema\/person\/image\/\",\"url\":\"https:\/\/secure.gravatar.com\/avatar\/049821681b589dabc0bc20695993ccebb09f5b5d4d790cd9251b97faac7c652b?s=96&d=blank&r=g\",\"contentUrl\":\"https:\/\/secure.gravatar.com\/avatar\/049821681b589dabc0bc20695993ccebb09f5b5d4d790cd9251b97faac7c652b?s=96&d=blank&r=g\",\"caption\":\"enequipo\"},\"sameAs\":[\"https:\/\/www.facebook.com\/SonoraEE\"]}]}<\/script>\n ","yoast_head_json":{"title":"Sonora en Equipo. Avanza capacitaci\u00f3n de funcionarios de casilla Rep\u00fablica","description":"CIUDAD DE M\u00c9XICO. MX. \u2014 El consejero presidente del Instituto Nacional Electoral (INE), Lorenzo C\u00f3rdova, inform\u00f3 que hasta ahora se ha completado en un En Sonora en Equipo publicamos toda la informaci\u00f3n de Sonora, M\u00e9xico y el Mundo de manera oportuna y busca que la libertad de expresi\u00f3n sea real. Visita nuestro medio informativo publicado desde Hermosillo, Sonora. %","robots":{"index":"index","follow":"follow","max-snippet":"max-snippet:-1","max-image-preview":"max-image-preview:large","max-video-preview":"max-video-preview:-1"},"canonical":"https:\/\/www.sonoraenequipo.com.mx\/avanza-capacitacion-de-funcionarios-de-casilla\/","og_locale":"es_ES","og_type":"article","og_title":"Sonora en Equipo. Avanza capacitaci\u00f3n de funcionarios de casilla Rep\u00fablica","og_description":"CIUDAD DE M\u00c9XICO. MX. \u2014 El consejero presidente del Instituto Nacional Electoral (INE), Lorenzo C\u00f3rdova, inform\u00f3 que hasta ahora se ha completado en un En Sonora en Equipo publicamos toda la informaci\u00f3n de Sonora, M\u00e9xico y el Mundo de manera oportuna y busca que la libertad de expresi\u00f3n sea real. Visita nuestro medio informativo publicado desde Hermosillo, Sonora. %","og_url":"https:\/\/www.sonoraenequipo.com.mx\/avanza-capacitacion-de-funcionarios-de-casilla\/","og_site_name":"Sonora en Equipo.","article_publisher":"https:\/\/www.facebook.com\/SonoraEE\/","article_author":"https:\/\/www.facebook.com\/SonoraEE","article_published_time":"2021-03-01T21:00:14+00:00","article_modified_time":"2021-03-01T21:02:40+00:00","og_image":[{"width":675,"height":450,"url":"https:\/\/www.sonoraenequipo.com.mx\/storage\/2021\/03\/lorenzo-cordova-vianello_opt.jpg","type":"image\/jpeg"}],"author":"enequipo","twitter_card":"summary_large_image","twitter_creator":"@sonoraenequipo","twitter_site":"@sonoraenequipo","twitter_misc":{"Escrito por":"enequipo","Tiempo de lectura":"2 minutos"},"schema":{"@context":"https:\/\/schema.org","@graph":[{"@type":"Article","@id":"https:\/\/www.sonoraenequipo.com.mx\/avanza-capacitacion-de-funcionarios-de-casilla\/#article","isPartOf":{"@id":"https:\/\/www.sonoraenequipo.com.mx\/avanza-capacitacion-de-funcionarios-de-casilla\/"},"author":{"name":"enequipo","@id":"https:\/\/www.sonoraenequipo.com.mx\/#\/schema\/person\/50102df0fb23a8fa9e8effad8fa81386"},"headline":"Avanza capacitaci\u00f3n de funcionarios de casilla","datePublished":"2021-03-01T21:00:14+00:00","dateModified":"2021-03-01T21:02:40+00:00","mainEntityOfPage":{"@id":"https:\/\/www.sonoraenequipo.com.mx\/avanza-capacitacion-de-funcionarios-de-casilla\/"},"wordCount":326,"commentCount":0,"publisher":{"@id":"https:\/\/www.sonoraenequipo.com.mx\/#organization"},"image":{"@id":"https:\/\/www.sonoraenequipo.com.mx\/avanza-capacitacion-de-funcionarios-de-casilla\/#primaryimage"},"thumbnailUrl":"https:\/\/www.sonoraenequipo.com.mx\/storage\/2021\/03\/lorenzo-cordova-vianello_opt.jpg","articleSection":["Rep\u00fablica"],"inLanguage":"es","potentialAction":[{"@type":"CommentAction","name":"Comment","target":["https:\/\/www.sonoraenequipo.com.mx\/avanza-capacitacion-de-funcionarios-de-casilla\/#respond"]}]},{"@type":"WebPage","@id":"https:\/\/www.sonoraenequipo.com.mx\/avanza-capacitacion-de-funcionarios-de-casilla\/","url":"https:\/\/www.sonoraenequipo.com.mx\/avanza-capacitacion-de-funcionarios-de-casilla\/","name":"Sonora en Equipo. Avanza capacitaci\u00f3n de funcionarios de casilla Rep\u00fablica","isPartOf":{"@id":"https:\/\/www.sonoraenequipo.com.mx\/#website"},"primaryImageOfPage":{"@id":"https:\/\/www.sonoraenequipo.com.mx\/avanza-capacitacion-de-funcionarios-de-casilla\/#primaryimage"},"image":{"@id":"https:\/\/www.sonoraenequipo.com.mx\/avanza-capacitacion-de-funcionarios-de-casilla\/#primaryimage"},"thumbnailUrl":"https:\/\/www.sonoraenequipo.com.mx\/storage\/2021\/03\/lorenzo-cordova-vianello_opt.jpg","datePublished":"2021-03-01T21:00:14+00:00","dateModified":"2021-03-01T21:02:40+00:00","description":"CIUDAD DE M\u00c9XICO. MX. \u2014 El consejero presidente del Instituto Nacional Electoral (INE), Lorenzo C\u00f3rdova, inform\u00f3 que hasta ahora se ha completado en un En Sonora en Equipo publicamos toda la informaci\u00f3n de Sonora, M\u00e9xico y el Mundo de manera oportuna y busca que la libertad de expresi\u00f3n sea real. Visita nuestro medio informativo publicado desde Hermosillo, Sonora. %","breadcrumb":{"@id":"https:\/\/www.sonoraenequipo.com.mx\/avanza-capacitacion-de-funcionarios-de-casilla\/#breadcrumb"},"inLanguage":"es","potentialAction":[{"@type":"ReadAction","target":["https:\/\/www.sonoraenequipo.com.mx\/avanza-capacitacion-de-funcionarios-de-casilla\/"]}]},{"@type":"ImageObject","inLanguage":"es","@id":"https:\/\/www.sonoraenequipo.com.mx\/avanza-capacitacion-de-funcionarios-de-casilla\/#primaryimage","url":"https:\/\/www.sonoraenequipo.com.mx\/storage\/2021\/03\/lorenzo-cordova-vianello_opt.jpg","contentUrl":"https:\/\/www.sonoraenequipo.com.mx\/storage\/2021\/03\/lorenzo-cordova-vianello_opt.jpg","width":675,"height":450},{"@type":"BreadcrumbList","@id":"https:\/\/www.sonoraenequipo.com.mx\/avanza-capacitacion-de-funcionarios-de-casilla\/#breadcrumb","itemListElement":[{"@type":"ListItem","position":1,"name":"Portada","item":"https:\/\/www.sonoraenequipo.com.mx\/"},{"@type":"ListItem","position":2,"name":"Avanza capacitaci\u00f3n de funcionarios de casilla"}]},{"@type":"WebSite","@id":"https:\/\/www.sonoraenequipo.com.mx\/#website","url":"https:\/\/www.sonoraenequipo.com.mx\/","name":"Sonora en Equipo.","description":"Diario en l\u00ednea con Noticias desde Hermosillo, Sonora","publisher":{"@id":"https:\/\/www.sonoraenequipo.com.mx\/#organization"},"potentialAction":[{"@type":"SearchAction","target":{"@type":"EntryPoint","urlTemplate":"https:\/\/www.sonoraenequipo.com.mx\/?s={search_term_string}"},"query-input":{"@type":"PropertyValueSpecification","valueRequired":true,"valueName":"search_term_string"}}],"inLanguage":"es"},{"@type":"Organization","@id":"https:\/\/www.sonoraenequipo.com.mx\/#organization","name":"Sonoraenequipo.com.mx","url":"https:\/\/www.sonoraenequipo.com.mx\/","logo":{"@type":"ImageObject","inLanguage":"es","@id":"https:\/\/www.sonoraenequipo.com.mx\/#\/schema\/logo\/image\/","url":"https:\/\/www.sonoraenequipo.com.mx\/storage\/2019\/01\/sonoraenequipo_opt.png","contentUrl":"https:\/\/www.sonoraenequipo.com.mx\/storage\/2019\/01\/sonoraenequipo_opt.png","width":375,"height":125,"caption":"Sonoraenequipo.com.mx"},"image":{"@id":"https:\/\/www.sonoraenequipo.com.mx\/#\/schema\/logo\/image\/"},"sameAs":["https:\/\/www.facebook.com\/SonoraEE\/","https:\/\/x.com\/sonoraenequipo","https:\/\/www.youtube.com\/channel\/UC338nW-lPEYmJQs4ZABQ1SQ"]},{"@type":"Person","@id":"https:\/\/www.sonoraenequipo.com.mx\/#\/schema\/person\/50102df0fb23a8fa9e8effad8fa81386","name":"enequipo","image":{"@type":"ImageObject","inLanguage":"es","@id":"https:\/\/www.sonoraenequipo.com.mx\/#\/schema\/person\/image\/","url":"https:\/\/secure.gravatar.com\/avatar\/049821681b589dabc0bc20695993ccebb09f5b5d4d790cd9251b97faac7c652b?s=96&d=blank&r=g","contentUrl":"https:\/\/secure.gravatar.com\/avatar\/049821681b589dabc0bc20695993ccebb09f5b5d4d790cd9251b97faac7c652b?s=96&d=blank&r=g","caption":"enequipo"},"sameAs":["https:\/\/www.facebook.com\/SonoraEE"]}]}},"jetpack_featured_media_url":"https:\/\/www.sonoraenequipo.com.mx\/storage\/2021\/03\/lorenzo-cordova-vianello_opt.jpg","_links":{"self":[{"href":"https:\/\/www.sonoraenequipo.com.mx\/api\/wp\/v2\/posts\/107955","targetHints":{"allow":["GET"]}}],"collection":[{"href":"https:\/\/www.sonoraenequipo.com.mx\/api\/wp\/v2\/posts"}],"about":[{"href":"https:\/\/www.sonoraenequipo.com.mx\/api\/wp\/v2\/types\/post"}],"author":[{"embeddable":true,"href":"https:\/\/www.sonoraenequipo.com.mx\/api\/wp\/v2\/users\/1"}],"replies":[{"embeddable":true,"href":"https:\/\/www.sonoraenequipo.com.mx\/api\/wp\/v2\/comments?post=107955"}],"version-history":[{"count":2,"href":"https:\/\/www.sonoraenequipo.com.mx\/api\/wp\/v2\/posts\/107955\/revisions"}],"predecessor-version":[{"id":107958,"href":"https:\/\/www.sonoraenequipo.com.mx\/api\/wp\/v2\/posts\/107955\/revisions\/107958"}],"wp:featuredmedia":[{"embeddable":true,"href":"https:\/\/www.sonoraenequipo.com.mx\/api\/wp\/v2\/media\/107956"}],"wp:attachment":[{"href":"https:\/\/www.sonoraenequipo.com.mx\/api\/wp\/v2\/media?parent=107955"}],"wp:term":[{"taxonomy":"category","embeddable":true,"href":"https:\/\/www.sonoraenequipo.com.mx\/api\/wp\/v2\/categories?post=107955"},{"taxonomy":"post_tag","embeddable":true,"href":"https:\/\/www.sonoraenequipo.com.mx\/api\/wp\/v2\/tags?post=107955"}],"curies":[{"name":"wp","href":"https:\/\/api.w.org\/{rel}","templated":true}]}}