{"id":107959,"date":"2021-03-01T10:08:28","date_gmt":"2021-03-01T17:08:28","guid":{"rendered":"https:\/\/www.sonoraenequipo.com.mx\/?p=107959"},"modified":"2021-03-01T14:12:05","modified_gmt":"2021-03-01T21:12:05","slug":"explota-coche-bomba-en-irak-mueren-7","status":"publish","type":"post","link":"https:\/\/www.sonoraenequipo.com.mx\/explota-coche-bomba-en-irak-mueren-7\/","title":{"rendered":"Explota coche bomba en Irak; mueren 7"},"content":{"rendered":"<p>IRAK. \u2014 Al menos siete militares y milicianos iraqu\u00edes murieron y otros siete resultaron heridos al explotar un coche bomba mientras estaban trabajando para desactivar los explosivos del veh\u00edculo, abandonado y perteneciente al grupo yihadista Estado Isl\u00e1mico (EI), informaron fuentes militares iraqu\u00edes.<\/p>\n<p>&nbsp;<\/p>\n<p> <\/p>\n<p>&nbsp;<\/p>\n<p>Una fuerza conjunta del Ej\u00e9rcito iraqu\u00ed y de la milicia progubernamental Multitud Popular encontraron el veh\u00edculo bomba en el oeste de la provincia de Ramadi, en el centro de Irak y donde el explosivo estall\u00f3 cuando los equipos de ingenier\u00eda estaban desactivando los explosivos, inform\u00f3 en un tuit de la C\u00e9lula de Informaci\u00f3n de Seguridad del Gobierno de Irak.<\/p>\n<p>&nbsp;<\/p>\n<p><em>\u00abDurante el proceso explot\u00f3 (el veh\u00edculo), lo que provoc\u00f3 la muerte de un soldado y otros cinco de la 8\u00aa Brigada de Infanter\u00eda resultaron heridos, as\u00ed como seis de Hashd al Ashairy murieron y otros dos combatientes resultaron heridos<\/em>\u00ab, apunt\u00f3 la fuente.<\/p>\n<p>&nbsp;<\/p>\n<p>La milicia Hashd al Ashairy est\u00e1 compuesta de combatientes musulmanes sun\u00edes incluidos en el paraguas de la Multitud Popular, integrada mayoritariamente por milicias chi\u00edes, que lucha contra los yihadistas del EI.<\/p>\n<p>&nbsp;<\/p>\n<p>Este incidente se produce en un momento en el que las fuerzas iraqu\u00edes contin\u00faan con sus operaciones de \u00ablimpieza\u00bb de las c\u00e9lulas activas que quedan en el centro y el oeste de Irak.<\/p>\n<p>&nbsp;<\/p>\n<p>El portavoz de las Fuerzas Armadas iraqu\u00edes, Yahia Rasul, inform\u00f3 de que han comenzado una operaci\u00f3n de seguridad en la provincia de Diyala, una zona en la que el EI reivindica casi a diario operaciones contra las fuerzas de seguridad y civiles.<\/p>\n<p>&nbsp;<\/p>\n<p>El Estado Isl\u00e1mico ocup\u00f3 grandes partes de Irak y lleg\u00f3 casi a las puertas de Bagdad en 2014, pero tres a\u00f1os despu\u00e9s fue derrotado territorialmente tras una larga ofensiva de las fuerzas iraqu\u00edes y la coalici\u00f3n internacional liderada por Estados Unidos.<\/p>\n<p>&nbsp;<\/p>\n<p>A pesar de las derrotas territoriales del grupo yihadista en 2017 en Irak y en 2019 en Siria, el Estado Isl\u00e1mico sigue perpetrando ataques contra las fuerzas de seguridad y sus acciones se han incrementado significativamente en los \u00faltimos meses, en un momento que Estados Unidos est\u00e1 retirando casi la mitad de sus tropas en el pa\u00eds \u00e1rabe.<\/p>\n<p>&nbsp;<\/p>\n<p>(Publicada el 01\/03\/2021 \/EFE)<\/p>\n","protected":false},"excerpt":{"rendered":"<p>IRAK. \u2014 Al menos siete militares y milicianos iraqu\u00edes murieron y otros siete resultaron heridos&#8230;<\/p>\n","protected":false},"author":1,"featured_media":107960,"comment_status":"open","ping_status":"open","sticky":false,"template":"","format":"standard","meta":{"_monsterinsights_skip_tracking":false,"_monsterinsights_sitenote_active":false,"_monsterinsights_sitenote_note":"","_monsterinsights_sitenote_category":0,"footnotes":""},"categories":[3],"tags":[],"class_list":["post"],"yoast_head":" \n<title>Sonora en Equipo. Explota coche bomba en Irak; mueren 7 MUNDO<\/title>\n<meta name=\"description\" content=\"IRAK. \u2014 Al menos siete militares y milicianos iraqu\u00edes murieron y otros siete resultaron heridos al explotar un coche bomba mientras estaban trabajando En Sonora en Equipo publicamos toda la informaci\u00f3n de Sonora, M\u00e9xico y el Mundo de manera oportuna y busca que la libertad de expresi\u00f3n sea real. Visita nuestro medio informativo publicado desde Hermosillo, Sonora. %\" \/>\n<meta name=\"robots\" content=\"index, follow, max-snippet:-1, max-image-preview:large, max-video-preview:-1\" \/>\n<link rel=\"canonical\" href=\"https:\/\/www.sonoraenequipo.com.mx\/explota-coche-bomba-en-irak-mueren-7\/\" \/>\n<meta property=\"og:locale\" content=\"es_ES\" \/>\n<meta property=\"og:type\" content=\"article\" \/>\n<meta property=\"og:title\" content=\"Sonora en Equipo. Explota coche bomba en Irak; mueren 7 MUNDO\" \/>\n<meta property=\"og:description\" content=\"IRAK. \u2014 Al menos siete militares y milicianos iraqu\u00edes murieron y otros siete resultaron heridos al explotar un coche bomba mientras estaban trabajando En Sonora en Equipo publicamos toda la informaci\u00f3n de Sonora, M\u00e9xico y el Mundo de manera oportuna y busca que la libertad de expresi\u00f3n sea real. Visita nuestro medio informativo publicado desde Hermosillo, Sonora. %\" \/>\n<meta property=\"og:url\" content=\"https:\/\/www.sonoraenequipo.com.mx\/explota-coche-bomba-en-irak-mueren-7\/\" \/>\n<meta property=\"og:site_name\" content=\"Sonora en Equipo.\" \/>\n<meta property=\"article:publisher\" content=\"https:\/\/www.facebook.com\/SonoraEE\/\" \/>\n<meta property=\"article:author\" content=\"https:\/\/www.facebook.com\/SonoraEE\" \/>\n<meta property=\"article:published_time\" content=\"2021-03-01T17:08:28+00:00\" \/>\n<meta property=\"article:modified_time\" content=\"2021-03-01T21:12:05+00:00\" \/>\n<meta property=\"og:image\" content=\"https:\/\/www.sonoraenequipo.com.mx\/storage\/2021\/03\/irak_mueren-7_opt.jpg\" \/>\n\t<meta property=\"og:image:width\" content=\"600\" \/>\n\t<meta property=\"og:image:height\" content=\"450\" \/>\n\t<meta property=\"og:image:type\" content=\"image\/jpeg\" \/>\n<meta name=\"author\" content=\"enequipo\" \/>\n<meta name=\"twitter:card\" content=\"summary_large_image\" \/>\n<meta name=\"twitter:creator\" content=\"@sonoraenequipo\" \/>\n<meta name=\"twitter:site\" content=\"@sonoraenequipo\" \/>\n<meta name=\"twitter:label1\" content=\"Escrito por\" \/>\n\t<meta name=\"twitter:data1\" content=\"enequipo\" \/>\n\t<meta name=\"twitter:label2\" content=\"Tiempo de lectura\" \/>\n\t<meta name=\"twitter:data2\" content=\"2 minutos\" \/>\n<script type=\"application\/ld+json\" class=\"yoast-schema-graph\">{\"@context\":\"https:\/\/schema.org\",\"@graph\":[{\"@type\":\"Article\",\"@id\":\"https:\/\/www.sonoraenequipo.com.mx\/explota-coche-bomba-en-irak-mueren-7\/#article\",\"isPartOf\":{\"@id\":\"https:\/\/www.sonoraenequipo.com.mx\/explota-coche-bomba-en-irak-mueren-7\/\"},\"author\":{\"name\":\"enequipo\",\"@id\":\"https:\/\/www.sonoraenequipo.com.mx\/#\/schema\/person\/50102df0fb23a8fa9e8effad8fa81386\"},\"headline\":\"Explota coche bomba en Irak; mueren 7\",\"datePublished\":\"2021-03-01T17:08:28+00:00\",\"dateModified\":\"2021-03-01T21:12:05+00:00\",\"mainEntityOfPage\":{\"@id\":\"https:\/\/www.sonoraenequipo.com.mx\/explota-coche-bomba-en-irak-mueren-7\/\"},\"wordCount\":386,\"commentCount\":0,\"publisher\":{\"@id\":\"https:\/\/www.sonoraenequipo.com.mx\/#organization\"},\"image\":{\"@id\":\"https:\/\/www.sonoraenequipo.com.mx\/explota-coche-bomba-en-irak-mueren-7\/#primaryimage\"},\"thumbnailUrl\":\"https:\/\/www.sonoraenequipo.com.mx\/storage\/2021\/03\/irak_mueren-7_opt.jpg\",\"articleSection\":[\"MUNDO\"],\"inLanguage\":\"es\",\"potentialAction\":[{\"@type\":\"CommentAction\",\"name\":\"Comment\",\"target\":[\"https:\/\/www.sonoraenequipo.com.mx\/explota-coche-bomba-en-irak-mueren-7\/#respond\"]}]},{\"@type\":\"WebPage\",\"@id\":\"https:\/\/www.sonoraenequipo.com.mx\/explota-coche-bomba-en-irak-mueren-7\/\",\"url\":\"https:\/\/www.sonoraenequipo.com.mx\/explota-coche-bomba-en-irak-mueren-7\/\",\"name\":\"Sonora en Equipo. Explota coche bomba en Irak; mueren 7 MUNDO\",\"isPartOf\":{\"@id\":\"https:\/\/www.sonoraenequipo.com.mx\/#website\"},\"primaryImageOfPage\":{\"@id\":\"https:\/\/www.sonoraenequipo.com.mx\/explota-coche-bomba-en-irak-mueren-7\/#primaryimage\"},\"image\":{\"@id\":\"https:\/\/www.sonoraenequipo.com.mx\/explota-coche-bomba-en-irak-mueren-7\/#primaryimage\"},\"thumbnailUrl\":\"https:\/\/www.sonoraenequipo.com.mx\/storage\/2021\/03\/irak_mueren-7_opt.jpg\",\"datePublished\":\"2021-03-01T17:08:28+00:00\",\"dateModified\":\"2021-03-01T21:12:05+00:00\",\"description\":\"IRAK. \u2014 Al menos siete militares y milicianos iraqu\u00edes murieron y otros siete resultaron heridos al explotar un coche bomba mientras estaban trabajando En Sonora en Equipo publicamos toda la informaci\u00f3n de Sonora, M\u00e9xico y el Mundo de manera oportuna y busca que la libertad de expresi\u00f3n sea real. Visita nuestro medio informativo publicado desde Hermosillo, Sonora. %\",\"breadcrumb\":{\"@id\":\"https:\/\/www.sonoraenequipo.com.mx\/explota-coche-bomba-en-irak-mueren-7\/#breadcrumb\"},\"inLanguage\":\"es\",\"potentialAction\":[{\"@type\":\"ReadAction\",\"target\":[\"https:\/\/www.sonoraenequipo.com.mx\/explota-coche-bomba-en-irak-mueren-7\/\"]}]},{\"@type\":\"ImageObject\",\"inLanguage\":\"es\",\"@id\":\"https:\/\/www.sonoraenequipo.com.mx\/explota-coche-bomba-en-irak-mueren-7\/#primaryimage\",\"url\":\"https:\/\/www.sonoraenequipo.com.mx\/storage\/2021\/03\/irak_mueren-7_opt.jpg\",\"contentUrl\":\"https:\/\/www.sonoraenequipo.com.mx\/storage\/2021\/03\/irak_mueren-7_opt.jpg\",\"width\":600,\"height\":450},{\"@type\":\"BreadcrumbList\",\"@id\":\"https:\/\/www.sonoraenequipo.com.mx\/explota-coche-bomba-en-irak-mueren-7\/#breadcrumb\",\"itemListElement\":[{\"@type\":\"ListItem\",\"position\":1,\"name\":\"Portada\",\"item\":\"https:\/\/www.sonoraenequipo.com.mx\/\"},{\"@type\":\"ListItem\",\"position\":2,\"name\":\"Explota coche bomba en Irak; mueren 7\"}]},{\"@type\":\"WebSite\",\"@id\":\"https:\/\/www.sonoraenequipo.com.mx\/#website\",\"url\":\"https:\/\/www.sonoraenequipo.com.mx\/\",\"name\":\"Sonora en Equipo.\",\"description\":\"Diario en l\u00ednea con Noticias desde Hermosillo, Sonora\",\"publisher\":{\"@id\":\"https:\/\/www.sonoraenequipo.com.mx\/#organization\"},\"potentialAction\":[{\"@type\":\"SearchAction\",\"target\":{\"@type\":\"EntryPoint\",\"urlTemplate\":\"https:\/\/www.sonoraenequipo.com.mx\/?s={search_term_string}\"},\"query-input\":{\"@type\":\"PropertyValueSpecification\",\"valueRequired\":true,\"valueName\":\"search_term_string\"}}],\"inLanguage\":\"es\"},{\"@type\":\"Organization\",\"@id\":\"https:\/\/www.sonoraenequipo.com.mx\/#organization\",\"name\":\"Sonoraenequipo.com.mx\",\"url\":\"https:\/\/www.sonoraenequipo.com.mx\/\",\"logo\":{\"@type\":\"ImageObject\",\"inLanguage\":\"es\",\"@id\":\"https:\/\/www.sonoraenequipo.com.mx\/#\/schema\/logo\/image\/\",\"url\":\"https:\/\/www.sonoraenequipo.com.mx\/storage\/2019\/01\/sonoraenequipo_opt.png\",\"contentUrl\":\"https:\/\/www.sonoraenequipo.com.mx\/storage\/2019\/01\/sonoraenequipo_opt.png\",\"width\":375,\"height\":125,\"caption\":\"Sonoraenequipo.com.mx\"},\"image\":{\"@id\":\"https:\/\/www.sonoraenequipo.com.mx\/#\/schema\/logo\/image\/\"},\"sameAs\":[\"https:\/\/www.facebook.com\/SonoraEE\/\",\"https:\/\/x.com\/sonoraenequipo\",\"https:\/\/www.youtube.com\/channel\/UC338nW-lPEYmJQs4ZABQ1SQ\"]},{\"@type\":\"Person\",\"@id\":\"https:\/\/www.sonoraenequipo.com.mx\/#\/schema\/person\/50102df0fb23a8fa9e8effad8fa81386\",\"name\":\"enequipo\",\"image\":{\"@type\":\"ImageObject\",\"inLanguage\":\"es\",\"@id\":\"https:\/\/www.sonoraenequipo.com.mx\/#\/schema\/person\/image\/\",\"url\":\"https:\/\/secure.gravatar.com\/avatar\/049821681b589dabc0bc20695993ccebb09f5b5d4d790cd9251b97faac7c652b?s=96&d=blank&r=g\",\"contentUrl\":\"https:\/\/secure.gravatar.com\/avatar\/049821681b589dabc0bc20695993ccebb09f5b5d4d790cd9251b97faac7c652b?s=96&d=blank&r=g\",\"caption\":\"enequipo\"},\"sameAs\":[\"https:\/\/www.facebook.com\/SonoraEE\"]}]}<\/script>\n ","yoast_head_json":{"title":"Sonora en Equipo. Explota coche bomba en Irak; mueren 7 MUNDO","description":"IRAK. \u2014 Al menos siete militares y milicianos iraqu\u00edes murieron y otros siete resultaron heridos al explotar un coche bomba mientras estaban trabajando En Sonora en Equipo publicamos toda la informaci\u00f3n de Sonora, M\u00e9xico y el Mundo de manera oportuna y busca que la libertad de expresi\u00f3n sea real. Visita nuestro medio informativo publicado desde Hermosillo, Sonora. %","robots":{"index":"index","follow":"follow","max-snippet":"max-snippet:-1","max-image-preview":"max-image-preview:large","max-video-preview":"max-video-preview:-1"},"canonical":"https:\/\/www.sonoraenequipo.com.mx\/explota-coche-bomba-en-irak-mueren-7\/","og_locale":"es_ES","og_type":"article","og_title":"Sonora en Equipo. Explota coche bomba en Irak; mueren 7 MUNDO","og_description":"IRAK. \u2014 Al menos siete militares y milicianos iraqu\u00edes murieron y otros siete resultaron heridos al explotar un coche bomba mientras estaban trabajando En Sonora en Equipo publicamos toda la informaci\u00f3n de Sonora, M\u00e9xico y el Mundo de manera oportuna y busca que la libertad de expresi\u00f3n sea real. Visita nuestro medio informativo publicado desde Hermosillo, Sonora. %","og_url":"https:\/\/www.sonoraenequipo.com.mx\/explota-coche-bomba-en-irak-mueren-7\/","og_site_name":"Sonora en Equipo.","article_publisher":"https:\/\/www.facebook.com\/SonoraEE\/","article_author":"https:\/\/www.facebook.com\/SonoraEE","article_published_time":"2021-03-01T17:08:28+00:00","article_modified_time":"2021-03-01T21:12:05+00:00","og_image":[{"width":600,"height":450,"url":"https:\/\/www.sonoraenequipo.com.mx\/storage\/2021\/03\/irak_mueren-7_opt.jpg","type":"image\/jpeg"}],"author":"enequipo","twitter_card":"summary_large_image","twitter_creator":"@sonoraenequipo","twitter_site":"@sonoraenequipo","twitter_misc":{"Escrito por":"enequipo","Tiempo de lectura":"2 minutos"},"schema":{"@context":"https:\/\/schema.org","@graph":[{"@type":"Article","@id":"https:\/\/www.sonoraenequipo.com.mx\/explota-coche-bomba-en-irak-mueren-7\/#article","isPartOf":{"@id":"https:\/\/www.sonoraenequipo.com.mx\/explota-coche-bomba-en-irak-mueren-7\/"},"author":{"name":"enequipo","@id":"https:\/\/www.sonoraenequipo.com.mx\/#\/schema\/person\/50102df0fb23a8fa9e8effad8fa81386"},"headline":"Explota coche bomba en Irak; mueren 7","datePublished":"2021-03-01T17:08:28+00:00","dateModified":"2021-03-01T21:12:05+00:00","mainEntityOfPage":{"@id":"https:\/\/www.sonoraenequipo.com.mx\/explota-coche-bomba-en-irak-mueren-7\/"},"wordCount":386,"commentCount":0,"publisher":{"@id":"https:\/\/www.sonoraenequipo.com.mx\/#organization"},"image":{"@id":"https:\/\/www.sonoraenequipo.com.mx\/explota-coche-bomba-en-irak-mueren-7\/#primaryimage"},"thumbnailUrl":"https:\/\/www.sonoraenequipo.com.mx\/storage\/2021\/03\/irak_mueren-7_opt.jpg","articleSection":["MUNDO"],"inLanguage":"es","potentialAction":[{"@type":"CommentAction","name":"Comment","target":["https:\/\/www.sonoraenequipo.com.mx\/explota-coche-bomba-en-irak-mueren-7\/#respond"]}]},{"@type":"WebPage","@id":"https:\/\/www.sonoraenequipo.com.mx\/explota-coche-bomba-en-irak-mueren-7\/","url":"https:\/\/www.sonoraenequipo.com.mx\/explota-coche-bomba-en-irak-mueren-7\/","name":"Sonora en Equipo. Explota coche bomba en Irak; mueren 7 MUNDO","isPartOf":{"@id":"https:\/\/www.sonoraenequipo.com.mx\/#website"},"primaryImageOfPage":{"@id":"https:\/\/www.sonoraenequipo.com.mx\/explota-coche-bomba-en-irak-mueren-7\/#primaryimage"},"image":{"@id":"https:\/\/www.sonoraenequipo.com.mx\/explota-coche-bomba-en-irak-mueren-7\/#primaryimage"},"thumbnailUrl":"https:\/\/www.sonoraenequipo.com.mx\/storage\/2021\/03\/irak_mueren-7_opt.jpg","datePublished":"2021-03-01T17:08:28+00:00","dateModified":"2021-03-01T21:12:05+00:00","description":"IRAK. \u2014 Al menos siete militares y milicianos iraqu\u00edes murieron y otros siete resultaron heridos al explotar un coche bomba mientras estaban trabajando En Sonora en Equipo publicamos toda la informaci\u00f3n de Sonora, M\u00e9xico y el Mundo de manera oportuna y busca que la libertad de expresi\u00f3n sea real. Visita nuestro medio informativo publicado desde Hermosillo, Sonora. %","breadcrumb":{"@id":"https:\/\/www.sonoraenequipo.com.mx\/explota-coche-bomba-en-irak-mueren-7\/#breadcrumb"},"inLanguage":"es","potentialAction":[{"@type":"ReadAction","target":["https:\/\/www.sonoraenequipo.com.mx\/explota-coche-bomba-en-irak-mueren-7\/"]}]},{"@type":"ImageObject","inLanguage":"es","@id":"https:\/\/www.sonoraenequipo.com.mx\/explota-coche-bomba-en-irak-mueren-7\/#primaryimage","url":"https:\/\/www.sonoraenequipo.com.mx\/storage\/2021\/03\/irak_mueren-7_opt.jpg","contentUrl":"https:\/\/www.sonoraenequipo.com.mx\/storage\/2021\/03\/irak_mueren-7_opt.jpg","width":600,"height":450},{"@type":"BreadcrumbList","@id":"https:\/\/www.sonoraenequipo.com.mx\/explota-coche-bomba-en-irak-mueren-7\/#breadcrumb","itemListElement":[{"@type":"ListItem","position":1,"name":"Portada","item":"https:\/\/www.sonoraenequipo.com.mx\/"},{"@type":"ListItem","position":2,"name":"Explota coche bomba en Irak; mueren 7"}]},{"@type":"WebSite","@id":"https:\/\/www.sonoraenequipo.com.mx\/#website","url":"https:\/\/www.sonoraenequipo.com.mx\/","name":"Sonora en Equipo.","description":"Diario en l\u00ednea con Noticias desde Hermosillo, Sonora","publisher":{"@id":"https:\/\/www.sonoraenequipo.com.mx\/#organization"},"potentialAction":[{"@type":"SearchAction","target":{"@type":"EntryPoint","urlTemplate":"https:\/\/www.sonoraenequipo.com.mx\/?s={search_term_string}"},"query-input":{"@type":"PropertyValueSpecification","valueRequired":true,"valueName":"search_term_string"}}],"inLanguage":"es"},{"@type":"Organization","@id":"https:\/\/www.sonoraenequipo.com.mx\/#organization","name":"Sonoraenequipo.com.mx","url":"https:\/\/www.sonoraenequipo.com.mx\/","logo":{"@type":"ImageObject","inLanguage":"es","@id":"https:\/\/www.sonoraenequipo.com.mx\/#\/schema\/logo\/image\/","url":"https:\/\/www.sonoraenequipo.com.mx\/storage\/2019\/01\/sonoraenequipo_opt.png","contentUrl":"https:\/\/www.sonoraenequipo.com.mx\/storage\/2019\/01\/sonoraenequipo_opt.png","width":375,"height":125,"caption":"Sonoraenequipo.com.mx"},"image":{"@id":"https:\/\/www.sonoraenequipo.com.mx\/#\/schema\/logo\/image\/"},"sameAs":["https:\/\/www.facebook.com\/SonoraEE\/","https:\/\/x.com\/sonoraenequipo","https:\/\/www.youtube.com\/channel\/UC338nW-lPEYmJQs4ZABQ1SQ"]},{"@type":"Person","@id":"https:\/\/www.sonoraenequipo.com.mx\/#\/schema\/person\/50102df0fb23a8fa9e8effad8fa81386","name":"enequipo","image":{"@type":"ImageObject","inLanguage":"es","@id":"https:\/\/www.sonoraenequipo.com.mx\/#\/schema\/person\/image\/","url":"https:\/\/secure.gravatar.com\/avatar\/049821681b589dabc0bc20695993ccebb09f5b5d4d790cd9251b97faac7c652b?s=96&d=blank&r=g","contentUrl":"https:\/\/secure.gravatar.com\/avatar\/049821681b589dabc0bc20695993ccebb09f5b5d4d790cd9251b97faac7c652b?s=96&d=blank&r=g","caption":"enequipo"},"sameAs":["https:\/\/www.facebook.com\/SonoraEE"]}]}},"jetpack_featured_media_url":"https:\/\/www.sonoraenequipo.com.mx\/storage\/2021\/03\/irak_mueren-7_opt.jpg","_links":{"self":[{"href":"https:\/\/www.sonoraenequipo.com.mx\/api\/wp\/v2\/posts\/107959","targetHints":{"allow":["GET"]}}],"collection":[{"href":"https:\/\/www.sonoraenequipo.com.mx\/api\/wp\/v2\/posts"}],"about":[{"href":"https:\/\/www.sonoraenequipo.com.mx\/api\/wp\/v2\/types\/post"}],"author":[{"embeddable":true,"href":"https:\/\/www.sonoraenequipo.com.mx\/api\/wp\/v2\/users\/1"}],"replies":[{"embeddable":true,"href":"https:\/\/www.sonoraenequipo.com.mx\/api\/wp\/v2\/comments?post=107959"}],"version-history":[{"count":1,"href":"https:\/\/www.sonoraenequipo.com.mx\/api\/wp\/v2\/posts\/107959\/revisions"}],"predecessor-version":[{"id":107961,"href":"https:\/\/www.sonoraenequipo.com.mx\/api\/wp\/v2\/posts\/107959\/revisions\/107961"}],"wp:featuredmedia":[{"embeddable":true,"href":"https:\/\/www.sonoraenequipo.com.mx\/api\/wp\/v2\/media\/107960"}],"wp:attachment":[{"href":"https:\/\/www.sonoraenequipo.com.mx\/api\/wp\/v2\/media?parent=107959"}],"wp:term":[{"taxonomy":"category","embeddable":true,"href":"https:\/\/www.sonoraenequipo.com.mx\/api\/wp\/v2\/categories?post=107959"},{"taxonomy":"post_tag","embeddable":true,"href":"https:\/\/www.sonoraenequipo.com.mx\/api\/wp\/v2\/tags?post=107959"}],"curies":[{"name":"wp","href":"https:\/\/api.w.org\/{rel}","templated":true}]}}