{"id":107968,"date":"2021-03-01T18:58:29","date_gmt":"2021-03-02T01:58:29","guid":{"rendered":"https:\/\/www.sonoraenequipo.com.mx\/?p=107968"},"modified":"2021-03-01T20:15:16","modified_gmt":"2021-03-02T03:15:16","slug":"el-cuidado-a-la-salud-mental-es-prioridad-en-sonora-secretaria-de-salud","status":"publish","type":"post","link":"https:\/\/www.sonoraenequipo.com.mx\/el-cuidado-a-la-salud-mental-es-prioridad-en-sonora-secretaria-de-salud\/","title":{"rendered":"El cuidado a la salud mental es prioridad en Sonora: Secretar\u00eda de Salud"},"content":{"rendered":"<p>HERMOSILLO, SONORA.MX. \u2014 A ra\u00edz del confinamiento por la pandemia de COVID-19, los casos de ansiedad, depresi\u00f3n, frustraci\u00f3n, son algunas de las situaciones que se han presentado con mayor frecuencia, por lo que la atenci\u00f3n a la salud mental es primordial, inform\u00f3 Juan Manuel Tong Pay\u00e1n.<\/p>\n<p>&nbsp;<\/p>\n<p> <\/p>\n<p>&nbsp;<\/p>\n<p>El director de Salud Mental y Adicciones detall\u00f3 que desde el inicio del Contingencia se diversificaron los m\u00e9todos de atenci\u00f3n, haciendo uso de la tecnolog\u00eda para no descuidar la salud emocional de la poblaci\u00f3n sonorense.<\/p>\n<p>&nbsp;<\/p>\n<p><img loading=\"lazy\" decoding=\"async\" class=\"size-medium  x-left\" src=\"https:\/\/www.sonoraenequipo.com.mx\/storage\/2021\/03\/SS-Salud-mental-3_opt-1-486x365.jpg\" alt=\"\" width=\"486\" height=\"365\" \/>\u201c<em>Han funcionado muy bien las atenciones psicol\u00f3gicas por medio de llamadas, o videollamadas, la gente debe saber que siempre habr\u00e1 respuesta a sus inquietudes pues han sido muchos los problemas que ha generado el confinamiento\u201d<\/em>, resalt\u00f3.<\/p>\n<p>&nbsp;<\/p>\n<p>Mencion\u00f3 que la Secretar\u00eda de Salud cuenta con el Hospital Psiqui\u00e1tri<em>co \u201cCruz del Norte\u201d,<\/em> en Hermosillo, en el que se construy\u00f3 un \u00e1rea de urgencias en 2016, se remodel\u00f3 el \u00e1rea de consulta externa y cuenta con 12 consultorios de atenci\u00f3n psicol\u00f3gica y de psiquiatr\u00eda.<\/p>\n<p>&nbsp;<\/p>\n<p>Actualmente, dijo, se construye un \u00e1rea de hospitalizaci\u00f3n de 42 camas, que cumple con criterios y la norma oficial mexicana para la atenci\u00f3n de enfermedades mentales.<\/p>\n<p>&nbsp;<\/p>\n<p>En el resto del estado, se cuenta con tres Centros Integrales de Salud Mental, Cisames en Navojoa, Nogales y Hermosillo y con el Centro Infantil de Desarrollo Neuroconductual (CIDEN) para la atenci\u00f3n de la salud mental de los menores de edad, a\u00f1adi\u00f3.<\/p>\n<p>&nbsp;<\/p>\n<p>Asimismo, comparti\u00f3 que se cuenta con el Programa de Psiquiatr\u00eda Comunitaria, Despacho de atenci\u00f3n en Salud Mental en el C5 a trav\u00e9s del 9-1-1, Atenci\u00f3n de tele psiquiatr\u00eda al municipio de Guaymas y el Programa Estatal de prevenci\u00f3n del suicidio.<\/p>\n<p>&nbsp;<\/p>\n<p><img loading=\"lazy\" decoding=\"async\" class=\"size-medium  x-right\" src=\"https:\/\/www.sonoraenequipo.com.mx\/storage\/2021\/03\/SS-Salud-mental-2_opt-486x365.jpg\" alt=\"\" width=\"486\" height=\"365\" \/>Tong Pay\u00e1n agreg\u00f3 que el Programa Ponte Frente al Espejo ha tenido un impacto positivo en la poblaci\u00f3n pues adem\u00e1s de la atenci\u00f3n que brinda a trav\u00e9s de llamadas al C5i-911, ha realizado 23 talleres con los que ha capacitado a 684 voluntarios que con sus acciones han beneficiado a casi 2 mil personas, durante la contingencia por COVID-19.<\/p>\n<p>&nbsp;<\/p>\n<p>Explic\u00f3 que en Sonora hay 11 Centros Atenci\u00f3n Primaria en Adicciones (CAPA), cuatro Hospitales para atenci\u00f3n de adicciones, ubicados en Ciudad Obreg\u00f3n, el Centro de Higiene Mental Dr. Carlos Nava Mu\u00f1oz en Hermosillo, las Unidad de Desintoxicaci\u00f3n (UNDEX) en Nogales y Agua Prieta.<\/p>\n<p>&nbsp;<\/p>\n<p>Agreg\u00f3 que en materia de adicciones destaca el Consejo Estatal Contra las Adicciones y los ocho Consejos Municipales Contra las Adicciones (COMCAS), que no han dejado de trabajar y atender este rubro.<\/p>\n<p>&nbsp;<\/p>\n<p>El psiquiatra puntualiz\u00f3 que la prevenci\u00f3n como en todas las enfermedades es muy importante ya que la prevenci\u00f3n comienza en casa, por lo que ante cualquier cambio en las emociones o de alg\u00fan integrante de la familia que genere malestar y problemas en el funcionamiento, se debe de acudir a la unidad de salud m\u00e1s cercana.<\/p>\n<p>&nbsp;<\/p>\n<p>&nbsp;<\/p>\n<p>(Publicada el 01\/03\/2021)<\/p>\n","protected":false},"excerpt":{"rendered":"<p>HERMOSILLO, SONORA.MX. \u2014 A ra\u00edz del confinamiento por la pandemia de COVID-19, los casos de&#8230;<\/p>\n","protected":false},"author":1,"featured_media":107980,"comment_status":"open","ping_status":"open","sticky":false,"template":"","format":"standard","meta":{"_monsterinsights_skip_tracking":false,"_monsterinsights_sitenote_active":false,"_monsterinsights_sitenote_note":"","_monsterinsights_sitenote_category":0,"footnotes":""},"categories":[22],"tags":[],"class_list":["post"],"yoast_head":" \n<title>Sonora en Equipo. El cuidado a la salud mental es prioridad en Sonora: Secretar\u00eda de Salud Sonora<\/title>\n<meta name=\"description\" content=\"HERMOSILLO, SONORA.MX. \u2014 A ra\u00edz del confinamiento por la pandemia de COVID-19, los casos de ansiedad, depresi\u00f3n, frustraci\u00f3n, son algunas de las En Sonora en Equipo publicamos toda la informaci\u00f3n de Sonora, M\u00e9xico y el Mundo de manera oportuna y busca que la libertad de expresi\u00f3n sea real. Visita nuestro medio informativo publicado desde Hermosillo, Sonora. %\" \/>\n<meta name=\"robots\" content=\"index, follow, max-snippet:-1, max-image-preview:large, max-video-preview:-1\" \/>\n<link rel=\"canonical\" href=\"https:\/\/www.sonoraenequipo.com.mx\/el-cuidado-a-la-salud-mental-es-prioridad-en-sonora-secretaria-de-salud\/\" \/>\n<meta property=\"og:locale\" content=\"es_ES\" \/>\n<meta property=\"og:type\" content=\"article\" \/>\n<meta property=\"og:title\" content=\"Sonora en Equipo. El cuidado a la salud mental es prioridad en Sonora: Secretar\u00eda de Salud Sonora\" \/>\n<meta property=\"og:description\" content=\"HERMOSILLO, SONORA.MX. \u2014 A ra\u00edz del confinamiento por la pandemia de COVID-19, los casos de ansiedad, depresi\u00f3n, frustraci\u00f3n, son algunas de las En Sonora en Equipo publicamos toda la informaci\u00f3n de Sonora, M\u00e9xico y el Mundo de manera oportuna y busca que la libertad de expresi\u00f3n sea real. Visita nuestro medio informativo publicado desde Hermosillo, Sonora. %\" \/>\n<meta property=\"og:url\" content=\"https:\/\/www.sonoraenequipo.com.mx\/el-cuidado-a-la-salud-mental-es-prioridad-en-sonora-secretaria-de-salud\/\" \/>\n<meta property=\"og:site_name\" content=\"Sonora en Equipo.\" \/>\n<meta property=\"article:publisher\" content=\"https:\/\/www.facebook.com\/SonoraEE\/\" \/>\n<meta property=\"article:author\" content=\"https:\/\/www.facebook.com\/SonoraEE\" \/>\n<meta property=\"article:published_time\" content=\"2021-03-02T01:58:29+00:00\" \/>\n<meta property=\"article:modified_time\" content=\"2021-03-02T03:15:16+00:00\" \/>\n<meta property=\"og:image\" content=\"https:\/\/www.sonoraenequipo.com.mx\/storage\/2021\/03\/SS-Salud-mental-4_opt.jpg\" \/>\n\t<meta property=\"og:image:width\" content=\"533\" \/>\n\t<meta property=\"og:image:height\" content=\"400\" \/>\n\t<meta property=\"og:image:type\" content=\"image\/jpeg\" \/>\n<meta name=\"author\" content=\"enequipo\" \/>\n<meta name=\"twitter:card\" content=\"summary_large_image\" \/>\n<meta name=\"twitter:creator\" content=\"@sonoraenequipo\" \/>\n<meta name=\"twitter:site\" content=\"@sonoraenequipo\" \/>\n<meta name=\"twitter:label1\" content=\"Escrito por\" \/>\n\t<meta name=\"twitter:data1\" content=\"enequipo\" \/>\n\t<meta name=\"twitter:label2\" content=\"Tiempo de lectura\" \/>\n\t<meta name=\"twitter:data2\" content=\"3 minutos\" \/>\n<script type=\"application\/ld+json\" class=\"yoast-schema-graph\">{\"@context\":\"https:\/\/schema.org\",\"@graph\":[{\"@type\":\"Article\",\"@id\":\"https:\/\/www.sonoraenequipo.com.mx\/el-cuidado-a-la-salud-mental-es-prioridad-en-sonora-secretaria-de-salud\/#article\",\"isPartOf\":{\"@id\":\"https:\/\/www.sonoraenequipo.com.mx\/el-cuidado-a-la-salud-mental-es-prioridad-en-sonora-secretaria-de-salud\/\"},\"author\":{\"name\":\"enequipo\",\"@id\":\"https:\/\/www.sonoraenequipo.com.mx\/#\/schema\/person\/50102df0fb23a8fa9e8effad8fa81386\"},\"headline\":\"El cuidado a la salud mental es prioridad en Sonora: Secretar\u00eda de Salud\",\"datePublished\":\"2021-03-02T01:58:29+00:00\",\"dateModified\":\"2021-03-02T03:15:16+00:00\",\"mainEntityOfPage\":{\"@id\":\"https:\/\/www.sonoraenequipo.com.mx\/el-cuidado-a-la-salud-mental-es-prioridad-en-sonora-secretaria-de-salud\/\"},\"wordCount\":523,\"commentCount\":0,\"publisher\":{\"@id\":\"https:\/\/www.sonoraenequipo.com.mx\/#organization\"},\"image\":{\"@id\":\"https:\/\/www.sonoraenequipo.com.mx\/el-cuidado-a-la-salud-mental-es-prioridad-en-sonora-secretaria-de-salud\/#primaryimage\"},\"thumbnailUrl\":\"https:\/\/www.sonoraenequipo.com.mx\/storage\/2021\/03\/SS-Salud-mental-4_opt.jpg\",\"articleSection\":[\"Sonora\"],\"inLanguage\":\"es\",\"potentialAction\":[{\"@type\":\"CommentAction\",\"name\":\"Comment\",\"target\":[\"https:\/\/www.sonoraenequipo.com.mx\/el-cuidado-a-la-salud-mental-es-prioridad-en-sonora-secretaria-de-salud\/#respond\"]}]},{\"@type\":\"WebPage\",\"@id\":\"https:\/\/www.sonoraenequipo.com.mx\/el-cuidado-a-la-salud-mental-es-prioridad-en-sonora-secretaria-de-salud\/\",\"url\":\"https:\/\/www.sonoraenequipo.com.mx\/el-cuidado-a-la-salud-mental-es-prioridad-en-sonora-secretaria-de-salud\/\",\"name\":\"Sonora en Equipo. El cuidado a la salud mental es prioridad en Sonora: Secretar\u00eda de Salud Sonora\",\"isPartOf\":{\"@id\":\"https:\/\/www.sonoraenequipo.com.mx\/#website\"},\"primaryImageOfPage\":{\"@id\":\"https:\/\/www.sonoraenequipo.com.mx\/el-cuidado-a-la-salud-mental-es-prioridad-en-sonora-secretaria-de-salud\/#primaryimage\"},\"image\":{\"@id\":\"https:\/\/www.sonoraenequipo.com.mx\/el-cuidado-a-la-salud-mental-es-prioridad-en-sonora-secretaria-de-salud\/#primaryimage\"},\"thumbnailUrl\":\"https:\/\/www.sonoraenequipo.com.mx\/storage\/2021\/03\/SS-Salud-mental-4_opt.jpg\",\"datePublished\":\"2021-03-02T01:58:29+00:00\",\"dateModified\":\"2021-03-02T03:15:16+00:00\",\"description\":\"HERMOSILLO, SONORA.MX. \u2014 A ra\u00edz del confinamiento por la pandemia de COVID-19, los casos de ansiedad, depresi\u00f3n, frustraci\u00f3n, son algunas de las En Sonora en Equipo publicamos toda la informaci\u00f3n de Sonora, M\u00e9xico y el Mundo de manera oportuna y busca que la libertad de expresi\u00f3n sea real. Visita nuestro medio informativo publicado desde Hermosillo, Sonora. %\",\"breadcrumb\":{\"@id\":\"https:\/\/www.sonoraenequipo.com.mx\/el-cuidado-a-la-salud-mental-es-prioridad-en-sonora-secretaria-de-salud\/#breadcrumb\"},\"inLanguage\":\"es\",\"potentialAction\":[{\"@type\":\"ReadAction\",\"target\":[\"https:\/\/www.sonoraenequipo.com.mx\/el-cuidado-a-la-salud-mental-es-prioridad-en-sonora-secretaria-de-salud\/\"]}]},{\"@type\":\"ImageObject\",\"inLanguage\":\"es\",\"@id\":\"https:\/\/www.sonoraenequipo.com.mx\/el-cuidado-a-la-salud-mental-es-prioridad-en-sonora-secretaria-de-salud\/#primaryimage\",\"url\":\"https:\/\/www.sonoraenequipo.com.mx\/storage\/2021\/03\/SS-Salud-mental-4_opt.jpg\",\"contentUrl\":\"https:\/\/www.sonoraenequipo.com.mx\/storage\/2021\/03\/SS-Salud-mental-4_opt.jpg\",\"width\":533,\"height\":400},{\"@type\":\"BreadcrumbList\",\"@id\":\"https:\/\/www.sonoraenequipo.com.mx\/el-cuidado-a-la-salud-mental-es-prioridad-en-sonora-secretaria-de-salud\/#breadcrumb\",\"itemListElement\":[{\"@type\":\"ListItem\",\"position\":1,\"name\":\"Portada\",\"item\":\"https:\/\/www.sonoraenequipo.com.mx\/\"},{\"@type\":\"ListItem\",\"position\":2,\"name\":\"El cuidado a la salud mental es prioridad en Sonora: Secretar\u00eda de Salud\"}]},{\"@type\":\"WebSite\",\"@id\":\"https:\/\/www.sonoraenequipo.com.mx\/#website\",\"url\":\"https:\/\/www.sonoraenequipo.com.mx\/\",\"name\":\"Sonora en Equipo.\",\"description\":\"Diario en l\u00ednea con Noticias desde Hermosillo, Sonora\",\"publisher\":{\"@id\":\"https:\/\/www.sonoraenequipo.com.mx\/#organization\"},\"potentialAction\":[{\"@type\":\"SearchAction\",\"target\":{\"@type\":\"EntryPoint\",\"urlTemplate\":\"https:\/\/www.sonoraenequipo.com.mx\/?s={search_term_string}\"},\"query-input\":{\"@type\":\"PropertyValueSpecification\",\"valueRequired\":true,\"valueName\":\"search_term_string\"}}],\"inLanguage\":\"es\"},{\"@type\":\"Organization\",\"@id\":\"https:\/\/www.sonoraenequipo.com.mx\/#organization\",\"name\":\"Sonoraenequipo.com.mx\",\"url\":\"https:\/\/www.sonoraenequipo.com.mx\/\",\"logo\":{\"@type\":\"ImageObject\",\"inLanguage\":\"es\",\"@id\":\"https:\/\/www.sonoraenequipo.com.mx\/#\/schema\/logo\/image\/\",\"url\":\"https:\/\/www.sonoraenequipo.com.mx\/storage\/2019\/01\/sonoraenequipo_opt.png\",\"contentUrl\":\"https:\/\/www.sonoraenequipo.com.mx\/storage\/2019\/01\/sonoraenequipo_opt.png\",\"width\":375,\"height\":125,\"caption\":\"Sonoraenequipo.com.mx\"},\"image\":{\"@id\":\"https:\/\/www.sonoraenequipo.com.mx\/#\/schema\/logo\/image\/\"},\"sameAs\":[\"https:\/\/www.facebook.com\/SonoraEE\/\",\"https:\/\/x.com\/sonoraenequipo\",\"https:\/\/www.youtube.com\/channel\/UC338nW-lPEYmJQs4ZABQ1SQ\"]},{\"@type\":\"Person\",\"@id\":\"https:\/\/www.sonoraenequipo.com.mx\/#\/schema\/person\/50102df0fb23a8fa9e8effad8fa81386\",\"name\":\"enequipo\",\"image\":{\"@type\":\"ImageObject\",\"inLanguage\":\"es\",\"@id\":\"https:\/\/www.sonoraenequipo.com.mx\/#\/schema\/person\/image\/\",\"url\":\"https:\/\/secure.gravatar.com\/avatar\/049821681b589dabc0bc20695993ccebb09f5b5d4d790cd9251b97faac7c652b?s=96&d=blank&r=g\",\"contentUrl\":\"https:\/\/secure.gravatar.com\/avatar\/049821681b589dabc0bc20695993ccebb09f5b5d4d790cd9251b97faac7c652b?s=96&d=blank&r=g\",\"caption\":\"enequipo\"},\"sameAs\":[\"https:\/\/www.facebook.com\/SonoraEE\"]}]}<\/script>\n ","yoast_head_json":{"title":"Sonora en Equipo. El cuidado a la salud mental es prioridad en Sonora: Secretar\u00eda de Salud Sonora","description":"HERMOSILLO, SONORA.MX. \u2014 A ra\u00edz del confinamiento por la pandemia de COVID-19, los casos de ansiedad, depresi\u00f3n, frustraci\u00f3n, son algunas de las En Sonora en Equipo publicamos toda la informaci\u00f3n de Sonora, M\u00e9xico y el Mundo de manera oportuna y busca que la libertad de expresi\u00f3n sea real. Visita nuestro medio informativo publicado desde Hermosillo, Sonora. %","robots":{"index":"index","follow":"follow","max-snippet":"max-snippet:-1","max-image-preview":"max-image-preview:large","max-video-preview":"max-video-preview:-1"},"canonical":"https:\/\/www.sonoraenequipo.com.mx\/el-cuidado-a-la-salud-mental-es-prioridad-en-sonora-secretaria-de-salud\/","og_locale":"es_ES","og_type":"article","og_title":"Sonora en Equipo. El cuidado a la salud mental es prioridad en Sonora: Secretar\u00eda de Salud Sonora","og_description":"HERMOSILLO, SONORA.MX. \u2014 A ra\u00edz del confinamiento por la pandemia de COVID-19, los casos de ansiedad, depresi\u00f3n, frustraci\u00f3n, son algunas de las En Sonora en Equipo publicamos toda la informaci\u00f3n de Sonora, M\u00e9xico y el Mundo de manera oportuna y busca que la libertad de expresi\u00f3n sea real. Visita nuestro medio informativo publicado desde Hermosillo, Sonora. %","og_url":"https:\/\/www.sonoraenequipo.com.mx\/el-cuidado-a-la-salud-mental-es-prioridad-en-sonora-secretaria-de-salud\/","og_site_name":"Sonora en Equipo.","article_publisher":"https:\/\/www.facebook.com\/SonoraEE\/","article_author":"https:\/\/www.facebook.com\/SonoraEE","article_published_time":"2021-03-02T01:58:29+00:00","article_modified_time":"2021-03-02T03:15:16+00:00","og_image":[{"width":533,"height":400,"url":"https:\/\/www.sonoraenequipo.com.mx\/storage\/2021\/03\/SS-Salud-mental-4_opt.jpg","type":"image\/jpeg"}],"author":"enequipo","twitter_card":"summary_large_image","twitter_creator":"@sonoraenequipo","twitter_site":"@sonoraenequipo","twitter_misc":{"Escrito por":"enequipo","Tiempo de lectura":"3 minutos"},"schema":{"@context":"https:\/\/schema.org","@graph":[{"@type":"Article","@id":"https:\/\/www.sonoraenequipo.com.mx\/el-cuidado-a-la-salud-mental-es-prioridad-en-sonora-secretaria-de-salud\/#article","isPartOf":{"@id":"https:\/\/www.sonoraenequipo.com.mx\/el-cuidado-a-la-salud-mental-es-prioridad-en-sonora-secretaria-de-salud\/"},"author":{"name":"enequipo","@id":"https:\/\/www.sonoraenequipo.com.mx\/#\/schema\/person\/50102df0fb23a8fa9e8effad8fa81386"},"headline":"El cuidado a la salud mental es prioridad en Sonora: Secretar\u00eda de Salud","datePublished":"2021-03-02T01:58:29+00:00","dateModified":"2021-03-02T03:15:16+00:00","mainEntityOfPage":{"@id":"https:\/\/www.sonoraenequipo.com.mx\/el-cuidado-a-la-salud-mental-es-prioridad-en-sonora-secretaria-de-salud\/"},"wordCount":523,"commentCount":0,"publisher":{"@id":"https:\/\/www.sonoraenequipo.com.mx\/#organization"},"image":{"@id":"https:\/\/www.sonoraenequipo.com.mx\/el-cuidado-a-la-salud-mental-es-prioridad-en-sonora-secretaria-de-salud\/#primaryimage"},"thumbnailUrl":"https:\/\/www.sonoraenequipo.com.mx\/storage\/2021\/03\/SS-Salud-mental-4_opt.jpg","articleSection":["Sonora"],"inLanguage":"es","potentialAction":[{"@type":"CommentAction","name":"Comment","target":["https:\/\/www.sonoraenequipo.com.mx\/el-cuidado-a-la-salud-mental-es-prioridad-en-sonora-secretaria-de-salud\/#respond"]}]},{"@type":"WebPage","@id":"https:\/\/www.sonoraenequipo.com.mx\/el-cuidado-a-la-salud-mental-es-prioridad-en-sonora-secretaria-de-salud\/","url":"https:\/\/www.sonoraenequipo.com.mx\/el-cuidado-a-la-salud-mental-es-prioridad-en-sonora-secretaria-de-salud\/","name":"Sonora en Equipo. El cuidado a la salud mental es prioridad en Sonora: Secretar\u00eda de Salud Sonora","isPartOf":{"@id":"https:\/\/www.sonoraenequipo.com.mx\/#website"},"primaryImageOfPage":{"@id":"https:\/\/www.sonoraenequipo.com.mx\/el-cuidado-a-la-salud-mental-es-prioridad-en-sonora-secretaria-de-salud\/#primaryimage"},"image":{"@id":"https:\/\/www.sonoraenequipo.com.mx\/el-cuidado-a-la-salud-mental-es-prioridad-en-sonora-secretaria-de-salud\/#primaryimage"},"thumbnailUrl":"https:\/\/www.sonoraenequipo.com.mx\/storage\/2021\/03\/SS-Salud-mental-4_opt.jpg","datePublished":"2021-03-02T01:58:29+00:00","dateModified":"2021-03-02T03:15:16+00:00","description":"HERMOSILLO, SONORA.MX. \u2014 A ra\u00edz del confinamiento por la pandemia de COVID-19, los casos de ansiedad, depresi\u00f3n, frustraci\u00f3n, son algunas de las En Sonora en Equipo publicamos toda la informaci\u00f3n de Sonora, M\u00e9xico y el Mundo de manera oportuna y busca que la libertad de expresi\u00f3n sea real. Visita nuestro medio informativo publicado desde Hermosillo, Sonora. %","breadcrumb":{"@id":"https:\/\/www.sonoraenequipo.com.mx\/el-cuidado-a-la-salud-mental-es-prioridad-en-sonora-secretaria-de-salud\/#breadcrumb"},"inLanguage":"es","potentialAction":[{"@type":"ReadAction","target":["https:\/\/www.sonoraenequipo.com.mx\/el-cuidado-a-la-salud-mental-es-prioridad-en-sonora-secretaria-de-salud\/"]}]},{"@type":"ImageObject","inLanguage":"es","@id":"https:\/\/www.sonoraenequipo.com.mx\/el-cuidado-a-la-salud-mental-es-prioridad-en-sonora-secretaria-de-salud\/#primaryimage","url":"https:\/\/www.sonoraenequipo.com.mx\/storage\/2021\/03\/SS-Salud-mental-4_opt.jpg","contentUrl":"https:\/\/www.sonoraenequipo.com.mx\/storage\/2021\/03\/SS-Salud-mental-4_opt.jpg","width":533,"height":400},{"@type":"BreadcrumbList","@id":"https:\/\/www.sonoraenequipo.com.mx\/el-cuidado-a-la-salud-mental-es-prioridad-en-sonora-secretaria-de-salud\/#breadcrumb","itemListElement":[{"@type":"ListItem","position":1,"name":"Portada","item":"https:\/\/www.sonoraenequipo.com.mx\/"},{"@type":"ListItem","position":2,"name":"El cuidado a la salud mental es prioridad en Sonora: Secretar\u00eda de Salud"}]},{"@type":"WebSite","@id":"https:\/\/www.sonoraenequipo.com.mx\/#website","url":"https:\/\/www.sonoraenequipo.com.mx\/","name":"Sonora en Equipo.","description":"Diario en l\u00ednea con Noticias desde Hermosillo, Sonora","publisher":{"@id":"https:\/\/www.sonoraenequipo.com.mx\/#organization"},"potentialAction":[{"@type":"SearchAction","target":{"@type":"EntryPoint","urlTemplate":"https:\/\/www.sonoraenequipo.com.mx\/?s={search_term_string}"},"query-input":{"@type":"PropertyValueSpecification","valueRequired":true,"valueName":"search_term_string"}}],"inLanguage":"es"},{"@type":"Organization","@id":"https:\/\/www.sonoraenequipo.com.mx\/#organization","name":"Sonoraenequipo.com.mx","url":"https:\/\/www.sonoraenequipo.com.mx\/","logo":{"@type":"ImageObject","inLanguage":"es","@id":"https:\/\/www.sonoraenequipo.com.mx\/#\/schema\/logo\/image\/","url":"https:\/\/www.sonoraenequipo.com.mx\/storage\/2019\/01\/sonoraenequipo_opt.png","contentUrl":"https:\/\/www.sonoraenequipo.com.mx\/storage\/2019\/01\/sonoraenequipo_opt.png","width":375,"height":125,"caption":"Sonoraenequipo.com.mx"},"image":{"@id":"https:\/\/www.sonoraenequipo.com.mx\/#\/schema\/logo\/image\/"},"sameAs":["https:\/\/www.facebook.com\/SonoraEE\/","https:\/\/x.com\/sonoraenequipo","https:\/\/www.youtube.com\/channel\/UC338nW-lPEYmJQs4ZABQ1SQ"]},{"@type":"Person","@id":"https:\/\/www.sonoraenequipo.com.mx\/#\/schema\/person\/50102df0fb23a8fa9e8effad8fa81386","name":"enequipo","image":{"@type":"ImageObject","inLanguage":"es","@id":"https:\/\/www.sonoraenequipo.com.mx\/#\/schema\/person\/image\/","url":"https:\/\/secure.gravatar.com\/avatar\/049821681b589dabc0bc20695993ccebb09f5b5d4d790cd9251b97faac7c652b?s=96&d=blank&r=g","contentUrl":"https:\/\/secure.gravatar.com\/avatar\/049821681b589dabc0bc20695993ccebb09f5b5d4d790cd9251b97faac7c652b?s=96&d=blank&r=g","caption":"enequipo"},"sameAs":["https:\/\/www.facebook.com\/SonoraEE"]}]}},"jetpack_featured_media_url":"https:\/\/www.sonoraenequipo.com.mx\/storage\/2021\/03\/SS-Salud-mental-4_opt.jpg","_links":{"self":[{"href":"https:\/\/www.sonoraenequipo.com.mx\/api\/wp\/v2\/posts\/107968","targetHints":{"allow":["GET"]}}],"collection":[{"href":"https:\/\/www.sonoraenequipo.com.mx\/api\/wp\/v2\/posts"}],"about":[{"href":"https:\/\/www.sonoraenequipo.com.mx\/api\/wp\/v2\/types\/post"}],"author":[{"embeddable":true,"href":"https:\/\/www.sonoraenequipo.com.mx\/api\/wp\/v2\/users\/1"}],"replies":[{"embeddable":true,"href":"https:\/\/www.sonoraenequipo.com.mx\/api\/wp\/v2\/comments?post=107968"}],"version-history":[{"count":3,"href":"https:\/\/www.sonoraenequipo.com.mx\/api\/wp\/v2\/posts\/107968\/revisions"}],"predecessor-version":[{"id":107987,"href":"https:\/\/www.sonoraenequipo.com.mx\/api\/wp\/v2\/posts\/107968\/revisions\/107987"}],"wp:featuredmedia":[{"embeddable":true,"href":"https:\/\/www.sonoraenequipo.com.mx\/api\/wp\/v2\/media\/107980"}],"wp:attachment":[{"href":"https:\/\/www.sonoraenequipo.com.mx\/api\/wp\/v2\/media?parent=107968"}],"wp:term":[{"taxonomy":"category","embeddable":true,"href":"https:\/\/www.sonoraenequipo.com.mx\/api\/wp\/v2\/categories?post=107968"},{"taxonomy":"post_tag","embeddable":true,"href":"https:\/\/www.sonoraenequipo.com.mx\/api\/wp\/v2\/tags?post=107968"}],"curies":[{"name":"wp","href":"https:\/\/api.w.org\/{rel}","templated":true}]}}