{"id":107988,"date":"2021-03-01T15:10:27","date_gmt":"2021-03-01T22:10:27","guid":{"rendered":"https:\/\/www.sonoraenequipo.com.mx\/?p=107988"},"modified":"2021-03-01T20:22:35","modified_gmt":"2021-03-02T03:22:35","slug":"capacita-ssp-sonora-en-perspectiva-de-genero-a-policias-de-14-municipios","status":"publish","type":"post","link":"https:\/\/www.sonoraenequipo.com.mx\/capacita-ssp-sonora-en-perspectiva-de-genero-a-policias-de-14-municipios\/","title":{"rendered":"Capacita SSP Sonora en perspectiva de g\u00e9nero a polic\u00edas de 14 municipios"},"content":{"rendered":"<p>HERMOSILLO, SONORA.MX. \u2014 Para proveer informaci\u00f3n necesaria que les ayude a mejorar su actuaci\u00f3n policial al atender reportes por violencia, donde se vean involucradas ni\u00f1as, ni\u00f1os, adolescentes y mujeres, la Secretar\u00eda de Seguridad P\u00fablica (SSP) capacit\u00f3 durante una semana intensiva a elementos de 14 municipios, inform\u00f3 Cassandra L\u00f3pez Manzano.<\/p>\n<p>&nbsp;<\/p>\n<p> <\/p>\n<p>La titular de la Unidad de Seguimiento Interinstitucional a Programas con Perspectiva de G\u00e9nero de la SSP, explic\u00f3 estas capacitaciones se impartieron a elementos de Aconchi, Arizpe, Bacoachi, Ban\u00e1michi, Bavi\u00e1cora, Caborca, Cananea, Hu\u00e9pac, Magdalena, Puerto Pe\u00f1asco, Santa Ana, San Felipe de Jes\u00fas, Sonoyta y Ures son acciones transversales y son parte de los apoyos para el Fortalecimiento a Polic\u00edas que el Gobierno del Estado impulsa, cuyo objetivo es brindar asesor\u00eda, capacitaci\u00f3n y herramientas a los estados de fuerza de distintos municipios.<\/p>\n<p><img loading=\"lazy\" decoding=\"async\" class=\"size-medium  x-left\" src=\"https:\/\/www.sonoraenequipo.com.mx\/storage\/2021\/03\/032101g_opt-680x234.jpg\" alt=\"\" width=\"680\" height=\"234\" \/>Inform\u00f3 que para este primer ciclo de capacitaci\u00f3n a oficiales, se tuvo el apoyo de la Fiscal\u00eda General de Justicia, a trav\u00e9s del Centro de Justicia para las Mujeres, DIF Sonora, Delegaci\u00f3n de la Cruz Roja en Hermosillo, Unidad Cibern\u00e9tica de la SSP e Instituto Sonorense de las Mujeres.<\/p>\n<p>Los temas que se proporcionaron por instructores certificados de cada instituci\u00f3n, mediante sesiones virtuales a trav\u00e9s de la plataforma Zoom fueron:<em> \u00abMejoras en el actuar policial\u00bb, \u00abInclusi\u00f3n\u201d, \u201cViolencia Familiar\u00bb, \u201cPrimeros Auxilios\u201d, \u201cCiberseguridad\u201d e \u201cInteligencia emocional\u201d.<\/em><\/p>\n<p>L\u00f3pez Manzano precis\u00f3 que todo este trabajo coordinado es con el fin de que los elementos de las diferentes corporaciones atiendan mejor, como primeros respondientes, los llamados de emergencias por violencia familiar en sus respectivos municipios.<\/p>\n<p>Subray\u00f3 que el secretario de Seguridad P\u00fablica, David Anaya Cooley, impulsa en forma permanente la profesionalizaci\u00f3n de los estados de fuerza para que brinden cada vez un servicio de m\u00e1s calidad a las y los sonorenses.<\/p>\n<p>&nbsp;<\/p>\n<p>(Publicada el 01\/03\/2021)<\/p>\n","protected":false},"excerpt":{"rendered":"<p>HERMOSILLO, SONORA.MX. \u2014 Para proveer informaci\u00f3n necesaria que les ayude a mejorar su actuaci\u00f3n policial&#8230;<\/p>\n","protected":false},"author":1,"featured_media":107990,"comment_status":"open","ping_status":"open","sticky":false,"template":"","format":"standard","meta":{"_monsterinsights_skip_tracking":false,"_monsterinsights_sitenote_active":false,"_monsterinsights_sitenote_note":"","_monsterinsights_sitenote_category":0,"footnotes":""},"categories":[22],"tags":[],"class_list":["post"],"yoast_head":" \n<title>Sonora en Equipo. Capacita SSP Sonora en perspectiva de g\u00e9nero a polic\u00edas de 14 municipios Sonora<\/title>\n<meta name=\"description\" content=\"HERMOSILLO, SONORA.MX. \u2014 Para proveer informaci\u00f3n necesaria que les ayude a mejorar su actuaci\u00f3n policial al atender reportes por violencia, donde se vean En Sonora en Equipo publicamos toda la informaci\u00f3n de Sonora, M\u00e9xico y el Mundo de manera oportuna y busca que la libertad de expresi\u00f3n sea real. Visita nuestro medio informativo publicado desde Hermosillo, Sonora. %\" \/>\n<meta name=\"robots\" content=\"index, follow, max-snippet:-1, max-image-preview:large, max-video-preview:-1\" \/>\n<link rel=\"canonical\" href=\"https:\/\/www.sonoraenequipo.com.mx\/capacita-ssp-sonora-en-perspectiva-de-genero-a-policias-de-14-municipios\/\" \/>\n<meta property=\"og:locale\" content=\"es_ES\" \/>\n<meta property=\"og:type\" content=\"article\" \/>\n<meta property=\"og:title\" content=\"Sonora en Equipo. Capacita SSP Sonora en perspectiva de g\u00e9nero a polic\u00edas de 14 municipios Sonora\" \/>\n<meta property=\"og:description\" content=\"HERMOSILLO, SONORA.MX. \u2014 Para proveer informaci\u00f3n necesaria que les ayude a mejorar su actuaci\u00f3n policial al atender reportes por violencia, donde se vean En Sonora en Equipo publicamos toda la informaci\u00f3n de Sonora, M\u00e9xico y el Mundo de manera oportuna y busca que la libertad de expresi\u00f3n sea real. Visita nuestro medio informativo publicado desde Hermosillo, Sonora. %\" \/>\n<meta property=\"og:url\" content=\"https:\/\/www.sonoraenequipo.com.mx\/capacita-ssp-sonora-en-perspectiva-de-genero-a-policias-de-14-municipios\/\" \/>\n<meta property=\"og:site_name\" content=\"Sonora en Equipo.\" \/>\n<meta property=\"article:publisher\" content=\"https:\/\/www.facebook.com\/SonoraEE\/\" \/>\n<meta property=\"article:author\" content=\"https:\/\/www.facebook.com\/SonoraEE\" \/>\n<meta property=\"article:published_time\" content=\"2021-03-01T22:10:27+00:00\" \/>\n<meta property=\"article:modified_time\" content=\"2021-03-02T03:22:35+00:00\" \/>\n<meta property=\"og:image\" content=\"https:\/\/www.sonoraenequipo.com.mx\/storage\/2021\/03\/032101e_opt1.jpg\" \/>\n\t<meta property=\"og:image:width\" content=\"877\" \/>\n\t<meta property=\"og:image:height\" content=\"400\" \/>\n\t<meta property=\"og:image:type\" content=\"image\/jpeg\" \/>\n<meta name=\"author\" content=\"enequipo\" \/>\n<meta name=\"twitter:card\" content=\"summary_large_image\" \/>\n<meta name=\"twitter:creator\" content=\"@sonoraenequipo\" \/>\n<meta name=\"twitter:site\" content=\"@sonoraenequipo\" \/>\n<meta name=\"twitter:label1\" content=\"Escrito por\" \/>\n\t<meta name=\"twitter:data1\" content=\"enequipo\" \/>\n\t<meta name=\"twitter:label2\" content=\"Tiempo de lectura\" \/>\n\t<meta name=\"twitter:data2\" content=\"2 minutos\" \/>\n<script type=\"application\/ld+json\" class=\"yoast-schema-graph\">{\"@context\":\"https:\/\/schema.org\",\"@graph\":[{\"@type\":\"Article\",\"@id\":\"https:\/\/www.sonoraenequipo.com.mx\/capacita-ssp-sonora-en-perspectiva-de-genero-a-policias-de-14-municipios\/#article\",\"isPartOf\":{\"@id\":\"https:\/\/www.sonoraenequipo.com.mx\/capacita-ssp-sonora-en-perspectiva-de-genero-a-policias-de-14-municipios\/\"},\"author\":{\"name\":\"enequipo\",\"@id\":\"https:\/\/www.sonoraenequipo.com.mx\/#\/schema\/person\/50102df0fb23a8fa9e8effad8fa81386\"},\"headline\":\"Capacita SSP Sonora en perspectiva de g\u00e9nero a polic\u00edas de 14 municipios\",\"datePublished\":\"2021-03-01T22:10:27+00:00\",\"dateModified\":\"2021-03-02T03:22:35+00:00\",\"mainEntityOfPage\":{\"@id\":\"https:\/\/www.sonoraenequipo.com.mx\/capacita-ssp-sonora-en-perspectiva-de-genero-a-policias-de-14-municipios\/\"},\"wordCount\":330,\"commentCount\":0,\"publisher\":{\"@id\":\"https:\/\/www.sonoraenequipo.com.mx\/#organization\"},\"image\":{\"@id\":\"https:\/\/www.sonoraenequipo.com.mx\/capacita-ssp-sonora-en-perspectiva-de-genero-a-policias-de-14-municipios\/#primaryimage\"},\"thumbnailUrl\":\"https:\/\/www.sonoraenequipo.com.mx\/storage\/2021\/03\/032101e_opt1.jpg\",\"articleSection\":[\"Sonora\"],\"inLanguage\":\"es\",\"potentialAction\":[{\"@type\":\"CommentAction\",\"name\":\"Comment\",\"target\":[\"https:\/\/www.sonoraenequipo.com.mx\/capacita-ssp-sonora-en-perspectiva-de-genero-a-policias-de-14-municipios\/#respond\"]}]},{\"@type\":\"WebPage\",\"@id\":\"https:\/\/www.sonoraenequipo.com.mx\/capacita-ssp-sonora-en-perspectiva-de-genero-a-policias-de-14-municipios\/\",\"url\":\"https:\/\/www.sonoraenequipo.com.mx\/capacita-ssp-sonora-en-perspectiva-de-genero-a-policias-de-14-municipios\/\",\"name\":\"Sonora en Equipo. Capacita SSP Sonora en perspectiva de g\u00e9nero a polic\u00edas de 14 municipios Sonora\",\"isPartOf\":{\"@id\":\"https:\/\/www.sonoraenequipo.com.mx\/#website\"},\"primaryImageOfPage\":{\"@id\":\"https:\/\/www.sonoraenequipo.com.mx\/capacita-ssp-sonora-en-perspectiva-de-genero-a-policias-de-14-municipios\/#primaryimage\"},\"image\":{\"@id\":\"https:\/\/www.sonoraenequipo.com.mx\/capacita-ssp-sonora-en-perspectiva-de-genero-a-policias-de-14-municipios\/#primaryimage\"},\"thumbnailUrl\":\"https:\/\/www.sonoraenequipo.com.mx\/storage\/2021\/03\/032101e_opt1.jpg\",\"datePublished\":\"2021-03-01T22:10:27+00:00\",\"dateModified\":\"2021-03-02T03:22:35+00:00\",\"description\":\"HERMOSILLO, SONORA.MX. \u2014 Para proveer informaci\u00f3n necesaria que les ayude a mejorar su actuaci\u00f3n policial al atender reportes por violencia, donde se vean En Sonora en Equipo publicamos toda la informaci\u00f3n de Sonora, M\u00e9xico y el Mundo de manera oportuna y busca que la libertad de expresi\u00f3n sea real. Visita nuestro medio informativo publicado desde Hermosillo, Sonora. %\",\"breadcrumb\":{\"@id\":\"https:\/\/www.sonoraenequipo.com.mx\/capacita-ssp-sonora-en-perspectiva-de-genero-a-policias-de-14-municipios\/#breadcrumb\"},\"inLanguage\":\"es\",\"potentialAction\":[{\"@type\":\"ReadAction\",\"target\":[\"https:\/\/www.sonoraenequipo.com.mx\/capacita-ssp-sonora-en-perspectiva-de-genero-a-policias-de-14-municipios\/\"]}]},{\"@type\":\"ImageObject\",\"inLanguage\":\"es\",\"@id\":\"https:\/\/www.sonoraenequipo.com.mx\/capacita-ssp-sonora-en-perspectiva-de-genero-a-policias-de-14-municipios\/#primaryimage\",\"url\":\"https:\/\/www.sonoraenequipo.com.mx\/storage\/2021\/03\/032101e_opt1.jpg\",\"contentUrl\":\"https:\/\/www.sonoraenequipo.com.mx\/storage\/2021\/03\/032101e_opt1.jpg\",\"width\":877,\"height\":400},{\"@type\":\"BreadcrumbList\",\"@id\":\"https:\/\/www.sonoraenequipo.com.mx\/capacita-ssp-sonora-en-perspectiva-de-genero-a-policias-de-14-municipios\/#breadcrumb\",\"itemListElement\":[{\"@type\":\"ListItem\",\"position\":1,\"name\":\"Portada\",\"item\":\"https:\/\/www.sonoraenequipo.com.mx\/\"},{\"@type\":\"ListItem\",\"position\":2,\"name\":\"Capacita SSP Sonora en perspectiva de g\u00e9nero a polic\u00edas de 14 municipios\"}]},{\"@type\":\"WebSite\",\"@id\":\"https:\/\/www.sonoraenequipo.com.mx\/#website\",\"url\":\"https:\/\/www.sonoraenequipo.com.mx\/\",\"name\":\"Sonora en Equipo.\",\"description\":\"Diario en l\u00ednea con Noticias desde Hermosillo, Sonora\",\"publisher\":{\"@id\":\"https:\/\/www.sonoraenequipo.com.mx\/#organization\"},\"potentialAction\":[{\"@type\":\"SearchAction\",\"target\":{\"@type\":\"EntryPoint\",\"urlTemplate\":\"https:\/\/www.sonoraenequipo.com.mx\/?s={search_term_string}\"},\"query-input\":{\"@type\":\"PropertyValueSpecification\",\"valueRequired\":true,\"valueName\":\"search_term_string\"}}],\"inLanguage\":\"es\"},{\"@type\":\"Organization\",\"@id\":\"https:\/\/www.sonoraenequipo.com.mx\/#organization\",\"name\":\"Sonoraenequipo.com.mx\",\"url\":\"https:\/\/www.sonoraenequipo.com.mx\/\",\"logo\":{\"@type\":\"ImageObject\",\"inLanguage\":\"es\",\"@id\":\"https:\/\/www.sonoraenequipo.com.mx\/#\/schema\/logo\/image\/\",\"url\":\"https:\/\/www.sonoraenequipo.com.mx\/storage\/2019\/01\/sonoraenequipo_opt.png\",\"contentUrl\":\"https:\/\/www.sonoraenequipo.com.mx\/storage\/2019\/01\/sonoraenequipo_opt.png\",\"width\":375,\"height\":125,\"caption\":\"Sonoraenequipo.com.mx\"},\"image\":{\"@id\":\"https:\/\/www.sonoraenequipo.com.mx\/#\/schema\/logo\/image\/\"},\"sameAs\":[\"https:\/\/www.facebook.com\/SonoraEE\/\",\"https:\/\/x.com\/sonoraenequipo\",\"https:\/\/www.youtube.com\/channel\/UC338nW-lPEYmJQs4ZABQ1SQ\"]},{\"@type\":\"Person\",\"@id\":\"https:\/\/www.sonoraenequipo.com.mx\/#\/schema\/person\/50102df0fb23a8fa9e8effad8fa81386\",\"name\":\"enequipo\",\"image\":{\"@type\":\"ImageObject\",\"inLanguage\":\"es\",\"@id\":\"https:\/\/www.sonoraenequipo.com.mx\/#\/schema\/person\/image\/\",\"url\":\"https:\/\/secure.gravatar.com\/avatar\/049821681b589dabc0bc20695993ccebb09f5b5d4d790cd9251b97faac7c652b?s=96&d=blank&r=g\",\"contentUrl\":\"https:\/\/secure.gravatar.com\/avatar\/049821681b589dabc0bc20695993ccebb09f5b5d4d790cd9251b97faac7c652b?s=96&d=blank&r=g\",\"caption\":\"enequipo\"},\"sameAs\":[\"https:\/\/www.facebook.com\/SonoraEE\"]}]}<\/script>\n ","yoast_head_json":{"title":"Sonora en Equipo. Capacita SSP Sonora en perspectiva de g\u00e9nero a polic\u00edas de 14 municipios Sonora","description":"HERMOSILLO, SONORA.MX. \u2014 Para proveer informaci\u00f3n necesaria que les ayude a mejorar su actuaci\u00f3n policial al atender reportes por violencia, donde se vean En Sonora en Equipo publicamos toda la informaci\u00f3n de Sonora, M\u00e9xico y el Mundo de manera oportuna y busca que la libertad de expresi\u00f3n sea real. Visita nuestro medio informativo publicado desde Hermosillo, Sonora. %","robots":{"index":"index","follow":"follow","max-snippet":"max-snippet:-1","max-image-preview":"max-image-preview:large","max-video-preview":"max-video-preview:-1"},"canonical":"https:\/\/www.sonoraenequipo.com.mx\/capacita-ssp-sonora-en-perspectiva-de-genero-a-policias-de-14-municipios\/","og_locale":"es_ES","og_type":"article","og_title":"Sonora en Equipo. Capacita SSP Sonora en perspectiva de g\u00e9nero a polic\u00edas de 14 municipios Sonora","og_description":"HERMOSILLO, SONORA.MX. \u2014 Para proveer informaci\u00f3n necesaria que les ayude a mejorar su actuaci\u00f3n policial al atender reportes por violencia, donde se vean En Sonora en Equipo publicamos toda la informaci\u00f3n de Sonora, M\u00e9xico y el Mundo de manera oportuna y busca que la libertad de expresi\u00f3n sea real. Visita nuestro medio informativo publicado desde Hermosillo, Sonora. %","og_url":"https:\/\/www.sonoraenequipo.com.mx\/capacita-ssp-sonora-en-perspectiva-de-genero-a-policias-de-14-municipios\/","og_site_name":"Sonora en Equipo.","article_publisher":"https:\/\/www.facebook.com\/SonoraEE\/","article_author":"https:\/\/www.facebook.com\/SonoraEE","article_published_time":"2021-03-01T22:10:27+00:00","article_modified_time":"2021-03-02T03:22:35+00:00","og_image":[{"width":877,"height":400,"url":"https:\/\/www.sonoraenequipo.com.mx\/storage\/2021\/03\/032101e_opt1.jpg","type":"image\/jpeg"}],"author":"enequipo","twitter_card":"summary_large_image","twitter_creator":"@sonoraenequipo","twitter_site":"@sonoraenequipo","twitter_misc":{"Escrito por":"enequipo","Tiempo de lectura":"2 minutos"},"schema":{"@context":"https:\/\/schema.org","@graph":[{"@type":"Article","@id":"https:\/\/www.sonoraenequipo.com.mx\/capacita-ssp-sonora-en-perspectiva-de-genero-a-policias-de-14-municipios\/#article","isPartOf":{"@id":"https:\/\/www.sonoraenequipo.com.mx\/capacita-ssp-sonora-en-perspectiva-de-genero-a-policias-de-14-municipios\/"},"author":{"name":"enequipo","@id":"https:\/\/www.sonoraenequipo.com.mx\/#\/schema\/person\/50102df0fb23a8fa9e8effad8fa81386"},"headline":"Capacita SSP Sonora en perspectiva de g\u00e9nero a polic\u00edas de 14 municipios","datePublished":"2021-03-01T22:10:27+00:00","dateModified":"2021-03-02T03:22:35+00:00","mainEntityOfPage":{"@id":"https:\/\/www.sonoraenequipo.com.mx\/capacita-ssp-sonora-en-perspectiva-de-genero-a-policias-de-14-municipios\/"},"wordCount":330,"commentCount":0,"publisher":{"@id":"https:\/\/www.sonoraenequipo.com.mx\/#organization"},"image":{"@id":"https:\/\/www.sonoraenequipo.com.mx\/capacita-ssp-sonora-en-perspectiva-de-genero-a-policias-de-14-municipios\/#primaryimage"},"thumbnailUrl":"https:\/\/www.sonoraenequipo.com.mx\/storage\/2021\/03\/032101e_opt1.jpg","articleSection":["Sonora"],"inLanguage":"es","potentialAction":[{"@type":"CommentAction","name":"Comment","target":["https:\/\/www.sonoraenequipo.com.mx\/capacita-ssp-sonora-en-perspectiva-de-genero-a-policias-de-14-municipios\/#respond"]}]},{"@type":"WebPage","@id":"https:\/\/www.sonoraenequipo.com.mx\/capacita-ssp-sonora-en-perspectiva-de-genero-a-policias-de-14-municipios\/","url":"https:\/\/www.sonoraenequipo.com.mx\/capacita-ssp-sonora-en-perspectiva-de-genero-a-policias-de-14-municipios\/","name":"Sonora en Equipo. Capacita SSP Sonora en perspectiva de g\u00e9nero a polic\u00edas de 14 municipios Sonora","isPartOf":{"@id":"https:\/\/www.sonoraenequipo.com.mx\/#website"},"primaryImageOfPage":{"@id":"https:\/\/www.sonoraenequipo.com.mx\/capacita-ssp-sonora-en-perspectiva-de-genero-a-policias-de-14-municipios\/#primaryimage"},"image":{"@id":"https:\/\/www.sonoraenequipo.com.mx\/capacita-ssp-sonora-en-perspectiva-de-genero-a-policias-de-14-municipios\/#primaryimage"},"thumbnailUrl":"https:\/\/www.sonoraenequipo.com.mx\/storage\/2021\/03\/032101e_opt1.jpg","datePublished":"2021-03-01T22:10:27+00:00","dateModified":"2021-03-02T03:22:35+00:00","description":"HERMOSILLO, SONORA.MX. \u2014 Para proveer informaci\u00f3n necesaria que les ayude a mejorar su actuaci\u00f3n policial al atender reportes por violencia, donde se vean En Sonora en Equipo publicamos toda la informaci\u00f3n de Sonora, M\u00e9xico y el Mundo de manera oportuna y busca que la libertad de expresi\u00f3n sea real. Visita nuestro medio informativo publicado desde Hermosillo, Sonora. %","breadcrumb":{"@id":"https:\/\/www.sonoraenequipo.com.mx\/capacita-ssp-sonora-en-perspectiva-de-genero-a-policias-de-14-municipios\/#breadcrumb"},"inLanguage":"es","potentialAction":[{"@type":"ReadAction","target":["https:\/\/www.sonoraenequipo.com.mx\/capacita-ssp-sonora-en-perspectiva-de-genero-a-policias-de-14-municipios\/"]}]},{"@type":"ImageObject","inLanguage":"es","@id":"https:\/\/www.sonoraenequipo.com.mx\/capacita-ssp-sonora-en-perspectiva-de-genero-a-policias-de-14-municipios\/#primaryimage","url":"https:\/\/www.sonoraenequipo.com.mx\/storage\/2021\/03\/032101e_opt1.jpg","contentUrl":"https:\/\/www.sonoraenequipo.com.mx\/storage\/2021\/03\/032101e_opt1.jpg","width":877,"height":400},{"@type":"BreadcrumbList","@id":"https:\/\/www.sonoraenequipo.com.mx\/capacita-ssp-sonora-en-perspectiva-de-genero-a-policias-de-14-municipios\/#breadcrumb","itemListElement":[{"@type":"ListItem","position":1,"name":"Portada","item":"https:\/\/www.sonoraenequipo.com.mx\/"},{"@type":"ListItem","position":2,"name":"Capacita SSP Sonora en perspectiva de g\u00e9nero a polic\u00edas de 14 municipios"}]},{"@type":"WebSite","@id":"https:\/\/www.sonoraenequipo.com.mx\/#website","url":"https:\/\/www.sonoraenequipo.com.mx\/","name":"Sonora en Equipo.","description":"Diario en l\u00ednea con Noticias desde Hermosillo, Sonora","publisher":{"@id":"https:\/\/www.sonoraenequipo.com.mx\/#organization"},"potentialAction":[{"@type":"SearchAction","target":{"@type":"EntryPoint","urlTemplate":"https:\/\/www.sonoraenequipo.com.mx\/?s={search_term_string}"},"query-input":{"@type":"PropertyValueSpecification","valueRequired":true,"valueName":"search_term_string"}}],"inLanguage":"es"},{"@type":"Organization","@id":"https:\/\/www.sonoraenequipo.com.mx\/#organization","name":"Sonoraenequipo.com.mx","url":"https:\/\/www.sonoraenequipo.com.mx\/","logo":{"@type":"ImageObject","inLanguage":"es","@id":"https:\/\/www.sonoraenequipo.com.mx\/#\/schema\/logo\/image\/","url":"https:\/\/www.sonoraenequipo.com.mx\/storage\/2019\/01\/sonoraenequipo_opt.png","contentUrl":"https:\/\/www.sonoraenequipo.com.mx\/storage\/2019\/01\/sonoraenequipo_opt.png","width":375,"height":125,"caption":"Sonoraenequipo.com.mx"},"image":{"@id":"https:\/\/www.sonoraenequipo.com.mx\/#\/schema\/logo\/image\/"},"sameAs":["https:\/\/www.facebook.com\/SonoraEE\/","https:\/\/x.com\/sonoraenequipo","https:\/\/www.youtube.com\/channel\/UC338nW-lPEYmJQs4ZABQ1SQ"]},{"@type":"Person","@id":"https:\/\/www.sonoraenequipo.com.mx\/#\/schema\/person\/50102df0fb23a8fa9e8effad8fa81386","name":"enequipo","image":{"@type":"ImageObject","inLanguage":"es","@id":"https:\/\/www.sonoraenequipo.com.mx\/#\/schema\/person\/image\/","url":"https:\/\/secure.gravatar.com\/avatar\/049821681b589dabc0bc20695993ccebb09f5b5d4d790cd9251b97faac7c652b?s=96&d=blank&r=g","contentUrl":"https:\/\/secure.gravatar.com\/avatar\/049821681b589dabc0bc20695993ccebb09f5b5d4d790cd9251b97faac7c652b?s=96&d=blank&r=g","caption":"enequipo"},"sameAs":["https:\/\/www.facebook.com\/SonoraEE"]}]}},"jetpack_featured_media_url":"https:\/\/www.sonoraenequipo.com.mx\/storage\/2021\/03\/032101e_opt1.jpg","_links":{"self":[{"href":"https:\/\/www.sonoraenequipo.com.mx\/api\/wp\/v2\/posts\/107988","targetHints":{"allow":["GET"]}}],"collection":[{"href":"https:\/\/www.sonoraenequipo.com.mx\/api\/wp\/v2\/posts"}],"about":[{"href":"https:\/\/www.sonoraenequipo.com.mx\/api\/wp\/v2\/types\/post"}],"author":[{"embeddable":true,"href":"https:\/\/www.sonoraenequipo.com.mx\/api\/wp\/v2\/users\/1"}],"replies":[{"embeddable":true,"href":"https:\/\/www.sonoraenequipo.com.mx\/api\/wp\/v2\/comments?post=107988"}],"version-history":[{"count":1,"href":"https:\/\/www.sonoraenequipo.com.mx\/api\/wp\/v2\/posts\/107988\/revisions"}],"predecessor-version":[{"id":107991,"href":"https:\/\/www.sonoraenequipo.com.mx\/api\/wp\/v2\/posts\/107988\/revisions\/107991"}],"wp:featuredmedia":[{"embeddable":true,"href":"https:\/\/www.sonoraenequipo.com.mx\/api\/wp\/v2\/media\/107990"}],"wp:attachment":[{"href":"https:\/\/www.sonoraenequipo.com.mx\/api\/wp\/v2\/media?parent=107988"}],"wp:term":[{"taxonomy":"category","embeddable":true,"href":"https:\/\/www.sonoraenequipo.com.mx\/api\/wp\/v2\/categories?post=107988"},{"taxonomy":"post_tag","embeddable":true,"href":"https:\/\/www.sonoraenequipo.com.mx\/api\/wp\/v2\/tags?post=107988"}],"curies":[{"name":"wp","href":"https:\/\/api.w.org\/{rel}","templated":true}]}}