{"id":107992,"date":"2021-03-01T16:22:05","date_gmt":"2021-03-01T23:22:05","guid":{"rendered":"https:\/\/www.sonoraenequipo.com.mx\/?p=107992"},"modified":"2021-03-01T20:25:43","modified_gmt":"2021-03-02T03:25:43","slug":"disminuyen-accidentes-viales-en-la-semana-comprendida-entre-el-22-y-el-28-de-febrero","status":"publish","type":"post","link":"https:\/\/www.sonoraenequipo.com.mx\/disminuyen-accidentes-viales-en-la-semana-comprendida-entre-el-22-y-el-28-de-febrero\/","title":{"rendered":"Disminuyen accidentes viales en la semana comprendida entre el 22 y el 28 de febrero"},"content":{"rendered":"<p>HERMOSILLO, SONORA. MX. \u2014 En la semana comprendida entre el 22 y el 28 de febrero, personal del Departamento de Tr\u00e1nsito de Hermosillo atendi\u00f3 un total de 23 accidentes viales en los cuales se elabor\u00f3 un Informe Policial.<\/p>\n<p>&nbsp;<\/p>\n<p> <\/p>\n<p>&nbsp;<\/p>\n<p><strong>Jos\u00e9 \u00c1ngel Rom\u00e1n, encargado de Tr\u00e1nsito en la zona Dos (Choyal)<\/strong> inform\u00f3 que esto represent\u00f3 una disminuci\u00f3n de m\u00e1s del 20 por ciento en cuando a n\u00famero de accidentes, en comparaci\u00f3n con la semana del 15 al 21 de febrero, cuando se atendieron 29 hechos viales.<\/p>\n<p>&nbsp;<\/p>\n<p>Se registr\u00f3 un total de 15 personas lesionadas, cinco de ellas en un mismo accidente, ocurrido en las calles Perimetral y Quiroga.<\/p>\n<p>&nbsp;<\/p>\n<p>El funcionario dijo que esa misma semana se detectaron a 49 conductores que presentaban aliento alcoh\u00f3lico, quienes al ser revisados por m\u00e9dicos legistas fueron declarados como conductores en estado de ebriedad, 28 de ellos detectados en los filtros de alcoholimetr\u00eda implementados durante el fin de semana.<\/p>\n<p>&nbsp;<\/p>\n<p>La vigilancia en la Carretera 100 Estatal se mantuvo durante el domingo, afor\u00e1ndose mil 800 unidades que ingresaron hacia las playas de Bah\u00eda de Kino.<\/p>\n<p>&nbsp;<\/p>\n<p>A su salida del balneario natural, se detectaron y retuvieron a siete conductores que fueron detectados conduciendo bajo los influjos del alcohol, a los cuales se les pidi\u00f3 cambiar de conductor en la unidad.<\/p>\n<p>&nbsp;<\/p>\n<p>Se realizaron 36 recorridos del Operativo Carrusel, con la finalidad de evitar accidentes durante el trayecto carretero y moderar la velocidad de traslado.<\/p>\n<p>&nbsp;<\/p>\n<p>En la zona rural oriente, en la carretera que comunica a San Pedro con Ures se reforz\u00f3 la presencia policial el pasado domingo, donde se detect\u00f3 un considerable n\u00famero de personas viajando, por lo que se requer\u00eda el apoyo para dar mayor fluidez en la v\u00eda.<\/p>\n<p>&nbsp;<\/p>\n<p>(Publicada el 01\/03\/2021)<\/p>\n","protected":false},"excerpt":{"rendered":"<p>HERMOSILLO, SONORA. MX. \u2014 En la semana comprendida entre el 22 y el 28 de&#8230;<\/p>\n","protected":false},"author":1,"featured_media":107977,"comment_status":"open","ping_status":"open","sticky":false,"template":"","format":"standard","meta":{"_monsterinsights_skip_tracking":false,"_monsterinsights_sitenote_active":false,"_monsterinsights_sitenote_note":"","_monsterinsights_sitenote_category":0,"footnotes":""},"categories":[22],"tags":[],"class_list":["post"],"yoast_head":" \n<title>Sonora en Equipo. Disminuyen accidentes viales en la semana comprendida entre el 22 y el 28 de febrero Sonora<\/title>\n<meta name=\"description\" content=\"HERMOSILLO, SONORA. MX. \u2014 En la semana comprendida entre el 22 y el 28 de febrero, personal del Departamento de Tr\u00e1nsito de Hermosillo atendi\u00f3 un total de En Sonora en Equipo publicamos toda la informaci\u00f3n de Sonora, M\u00e9xico y el Mundo de manera oportuna y busca que la libertad de expresi\u00f3n sea real. Visita nuestro medio informativo publicado desde Hermosillo, Sonora. %\" \/>\n<meta name=\"robots\" content=\"index, follow, max-snippet:-1, max-image-preview:large, max-video-preview:-1\" \/>\n<link rel=\"canonical\" href=\"https:\/\/www.sonoraenequipo.com.mx\/disminuyen-accidentes-viales-en-la-semana-comprendida-entre-el-22-y-el-28-de-febrero\/\" \/>\n<meta property=\"og:locale\" content=\"es_ES\" \/>\n<meta property=\"og:type\" content=\"article\" \/>\n<meta property=\"og:title\" content=\"Sonora en Equipo. Disminuyen accidentes viales en la semana comprendida entre el 22 y el 28 de febrero Sonora\" \/>\n<meta property=\"og:description\" content=\"HERMOSILLO, SONORA. MX. \u2014 En la semana comprendida entre el 22 y el 28 de febrero, personal del Departamento de Tr\u00e1nsito de Hermosillo atendi\u00f3 un total de En Sonora en Equipo publicamos toda la informaci\u00f3n de Sonora, M\u00e9xico y el Mundo de manera oportuna y busca que la libertad de expresi\u00f3n sea real. Visita nuestro medio informativo publicado desde Hermosillo, Sonora. %\" \/>\n<meta property=\"og:url\" content=\"https:\/\/www.sonoraenequipo.com.mx\/disminuyen-accidentes-viales-en-la-semana-comprendida-entre-el-22-y-el-28-de-febrero\/\" \/>\n<meta property=\"og:site_name\" content=\"Sonora en Equipo.\" \/>\n<meta property=\"article:publisher\" content=\"https:\/\/www.facebook.com\/SonoraEE\/\" \/>\n<meta property=\"article:author\" content=\"https:\/\/www.facebook.com\/SonoraEE\" \/>\n<meta property=\"article:published_time\" content=\"2021-03-01T23:22:05+00:00\" \/>\n<meta property=\"article:modified_time\" content=\"2021-03-02T03:25:43+00:00\" \/>\n<meta property=\"og:image\" content=\"https:\/\/www.sonoraenequipo.com.mx\/storage\/2021\/03\/Jose-Angel-Roman-encargado-de-Transito-zona-dos_opt.jpg\" \/>\n\t<meta property=\"og:image:width\" content=\"711\" \/>\n\t<meta property=\"og:image:height\" content=\"400\" \/>\n\t<meta property=\"og:image:type\" content=\"image\/jpeg\" \/>\n<meta name=\"author\" content=\"enequipo\" \/>\n<meta name=\"twitter:card\" content=\"summary_large_image\" \/>\n<meta name=\"twitter:creator\" content=\"@sonoraenequipo\" \/>\n<meta name=\"twitter:site\" content=\"@sonoraenequipo\" \/>\n<meta name=\"twitter:label1\" content=\"Escrito por\" \/>\n\t<meta name=\"twitter:data1\" content=\"enequipo\" \/>\n\t<meta name=\"twitter:label2\" content=\"Tiempo de lectura\" \/>\n\t<meta name=\"twitter:data2\" content=\"2 minutos\" \/>\n<script type=\"application\/ld+json\" class=\"yoast-schema-graph\">{\"@context\":\"https:\/\/schema.org\",\"@graph\":[{\"@type\":\"Article\",\"@id\":\"https:\/\/www.sonoraenequipo.com.mx\/disminuyen-accidentes-viales-en-la-semana-comprendida-entre-el-22-y-el-28-de-febrero\/#article\",\"isPartOf\":{\"@id\":\"https:\/\/www.sonoraenequipo.com.mx\/disminuyen-accidentes-viales-en-la-semana-comprendida-entre-el-22-y-el-28-de-febrero\/\"},\"author\":{\"name\":\"enequipo\",\"@id\":\"https:\/\/www.sonoraenequipo.com.mx\/#\/schema\/person\/50102df0fb23a8fa9e8effad8fa81386\"},\"headline\":\"Disminuyen accidentes viales en la semana comprendida entre el 22 y el 28 de febrero\",\"datePublished\":\"2021-03-01T23:22:05+00:00\",\"dateModified\":\"2021-03-02T03:25:43+00:00\",\"mainEntityOfPage\":{\"@id\":\"https:\/\/www.sonoraenequipo.com.mx\/disminuyen-accidentes-viales-en-la-semana-comprendida-entre-el-22-y-el-28-de-febrero\/\"},\"wordCount\":305,\"commentCount\":0,\"publisher\":{\"@id\":\"https:\/\/www.sonoraenequipo.com.mx\/#organization\"},\"image\":{\"@id\":\"https:\/\/www.sonoraenequipo.com.mx\/disminuyen-accidentes-viales-en-la-semana-comprendida-entre-el-22-y-el-28-de-febrero\/#primaryimage\"},\"thumbnailUrl\":\"https:\/\/www.sonoraenequipo.com.mx\/storage\/2021\/03\/Jose-Angel-Roman-encargado-de-Transito-zona-dos_opt.jpg\",\"articleSection\":[\"Sonora\"],\"inLanguage\":\"es\",\"potentialAction\":[{\"@type\":\"CommentAction\",\"name\":\"Comment\",\"target\":[\"https:\/\/www.sonoraenequipo.com.mx\/disminuyen-accidentes-viales-en-la-semana-comprendida-entre-el-22-y-el-28-de-febrero\/#respond\"]}]},{\"@type\":\"WebPage\",\"@id\":\"https:\/\/www.sonoraenequipo.com.mx\/disminuyen-accidentes-viales-en-la-semana-comprendida-entre-el-22-y-el-28-de-febrero\/\",\"url\":\"https:\/\/www.sonoraenequipo.com.mx\/disminuyen-accidentes-viales-en-la-semana-comprendida-entre-el-22-y-el-28-de-febrero\/\",\"name\":\"Sonora en Equipo. Disminuyen accidentes viales en la semana comprendida entre el 22 y el 28 de febrero Sonora\",\"isPartOf\":{\"@id\":\"https:\/\/www.sonoraenequipo.com.mx\/#website\"},\"primaryImageOfPage\":{\"@id\":\"https:\/\/www.sonoraenequipo.com.mx\/disminuyen-accidentes-viales-en-la-semana-comprendida-entre-el-22-y-el-28-de-febrero\/#primaryimage\"},\"image\":{\"@id\":\"https:\/\/www.sonoraenequipo.com.mx\/disminuyen-accidentes-viales-en-la-semana-comprendida-entre-el-22-y-el-28-de-febrero\/#primaryimage\"},\"thumbnailUrl\":\"https:\/\/www.sonoraenequipo.com.mx\/storage\/2021\/03\/Jose-Angel-Roman-encargado-de-Transito-zona-dos_opt.jpg\",\"datePublished\":\"2021-03-01T23:22:05+00:00\",\"dateModified\":\"2021-03-02T03:25:43+00:00\",\"description\":\"HERMOSILLO, SONORA. MX. \u2014 En la semana comprendida entre el 22 y el 28 de febrero, personal del Departamento de Tr\u00e1nsito de Hermosillo atendi\u00f3 un total de En Sonora en Equipo publicamos toda la informaci\u00f3n de Sonora, M\u00e9xico y el Mundo de manera oportuna y busca que la libertad de expresi\u00f3n sea real. Visita nuestro medio informativo publicado desde Hermosillo, Sonora. %\",\"breadcrumb\":{\"@id\":\"https:\/\/www.sonoraenequipo.com.mx\/disminuyen-accidentes-viales-en-la-semana-comprendida-entre-el-22-y-el-28-de-febrero\/#breadcrumb\"},\"inLanguage\":\"es\",\"potentialAction\":[{\"@type\":\"ReadAction\",\"target\":[\"https:\/\/www.sonoraenequipo.com.mx\/disminuyen-accidentes-viales-en-la-semana-comprendida-entre-el-22-y-el-28-de-febrero\/\"]}]},{\"@type\":\"ImageObject\",\"inLanguage\":\"es\",\"@id\":\"https:\/\/www.sonoraenequipo.com.mx\/disminuyen-accidentes-viales-en-la-semana-comprendida-entre-el-22-y-el-28-de-febrero\/#primaryimage\",\"url\":\"https:\/\/www.sonoraenequipo.com.mx\/storage\/2021\/03\/Jose-Angel-Roman-encargado-de-Transito-zona-dos_opt.jpg\",\"contentUrl\":\"https:\/\/www.sonoraenequipo.com.mx\/storage\/2021\/03\/Jose-Angel-Roman-encargado-de-Transito-zona-dos_opt.jpg\",\"width\":711,\"height\":400},{\"@type\":\"BreadcrumbList\",\"@id\":\"https:\/\/www.sonoraenequipo.com.mx\/disminuyen-accidentes-viales-en-la-semana-comprendida-entre-el-22-y-el-28-de-febrero\/#breadcrumb\",\"itemListElement\":[{\"@type\":\"ListItem\",\"position\":1,\"name\":\"Portada\",\"item\":\"https:\/\/www.sonoraenequipo.com.mx\/\"},{\"@type\":\"ListItem\",\"position\":2,\"name\":\"Disminuyen accidentes viales en la semana comprendida entre el 22 y el 28 de febrero\"}]},{\"@type\":\"WebSite\",\"@id\":\"https:\/\/www.sonoraenequipo.com.mx\/#website\",\"url\":\"https:\/\/www.sonoraenequipo.com.mx\/\",\"name\":\"Sonora en Equipo.\",\"description\":\"Diario en l\u00ednea con Noticias desde Hermosillo, Sonora\",\"publisher\":{\"@id\":\"https:\/\/www.sonoraenequipo.com.mx\/#organization\"},\"potentialAction\":[{\"@type\":\"SearchAction\",\"target\":{\"@type\":\"EntryPoint\",\"urlTemplate\":\"https:\/\/www.sonoraenequipo.com.mx\/?s={search_term_string}\"},\"query-input\":{\"@type\":\"PropertyValueSpecification\",\"valueRequired\":true,\"valueName\":\"search_term_string\"}}],\"inLanguage\":\"es\"},{\"@type\":\"Organization\",\"@id\":\"https:\/\/www.sonoraenequipo.com.mx\/#organization\",\"name\":\"Sonoraenequipo.com.mx\",\"url\":\"https:\/\/www.sonoraenequipo.com.mx\/\",\"logo\":{\"@type\":\"ImageObject\",\"inLanguage\":\"es\",\"@id\":\"https:\/\/www.sonoraenequipo.com.mx\/#\/schema\/logo\/image\/\",\"url\":\"https:\/\/www.sonoraenequipo.com.mx\/storage\/2019\/01\/sonoraenequipo_opt.png\",\"contentUrl\":\"https:\/\/www.sonoraenequipo.com.mx\/storage\/2019\/01\/sonoraenequipo_opt.png\",\"width\":375,\"height\":125,\"caption\":\"Sonoraenequipo.com.mx\"},\"image\":{\"@id\":\"https:\/\/www.sonoraenequipo.com.mx\/#\/schema\/logo\/image\/\"},\"sameAs\":[\"https:\/\/www.facebook.com\/SonoraEE\/\",\"https:\/\/x.com\/sonoraenequipo\",\"https:\/\/www.youtube.com\/channel\/UC338nW-lPEYmJQs4ZABQ1SQ\"]},{\"@type\":\"Person\",\"@id\":\"https:\/\/www.sonoraenequipo.com.mx\/#\/schema\/person\/50102df0fb23a8fa9e8effad8fa81386\",\"name\":\"enequipo\",\"image\":{\"@type\":\"ImageObject\",\"inLanguage\":\"es\",\"@id\":\"https:\/\/www.sonoraenequipo.com.mx\/#\/schema\/person\/image\/\",\"url\":\"https:\/\/secure.gravatar.com\/avatar\/049821681b589dabc0bc20695993ccebb09f5b5d4d790cd9251b97faac7c652b?s=96&d=blank&r=g\",\"contentUrl\":\"https:\/\/secure.gravatar.com\/avatar\/049821681b589dabc0bc20695993ccebb09f5b5d4d790cd9251b97faac7c652b?s=96&d=blank&r=g\",\"caption\":\"enequipo\"},\"sameAs\":[\"https:\/\/www.facebook.com\/SonoraEE\"]}]}<\/script>\n ","yoast_head_json":{"title":"Sonora en Equipo. Disminuyen accidentes viales en la semana comprendida entre el 22 y el 28 de febrero Sonora","description":"HERMOSILLO, SONORA. MX. \u2014 En la semana comprendida entre el 22 y el 28 de febrero, personal del Departamento de Tr\u00e1nsito de Hermosillo atendi\u00f3 un total de En Sonora en Equipo publicamos toda la informaci\u00f3n de Sonora, M\u00e9xico y el Mundo de manera oportuna y busca que la libertad de expresi\u00f3n sea real. Visita nuestro medio informativo publicado desde Hermosillo, Sonora. %","robots":{"index":"index","follow":"follow","max-snippet":"max-snippet:-1","max-image-preview":"max-image-preview:large","max-video-preview":"max-video-preview:-1"},"canonical":"https:\/\/www.sonoraenequipo.com.mx\/disminuyen-accidentes-viales-en-la-semana-comprendida-entre-el-22-y-el-28-de-febrero\/","og_locale":"es_ES","og_type":"article","og_title":"Sonora en Equipo. Disminuyen accidentes viales en la semana comprendida entre el 22 y el 28 de febrero Sonora","og_description":"HERMOSILLO, SONORA. MX. \u2014 En la semana comprendida entre el 22 y el 28 de febrero, personal del Departamento de Tr\u00e1nsito de Hermosillo atendi\u00f3 un total de En Sonora en Equipo publicamos toda la informaci\u00f3n de Sonora, M\u00e9xico y el Mundo de manera oportuna y busca que la libertad de expresi\u00f3n sea real. Visita nuestro medio informativo publicado desde Hermosillo, Sonora. %","og_url":"https:\/\/www.sonoraenequipo.com.mx\/disminuyen-accidentes-viales-en-la-semana-comprendida-entre-el-22-y-el-28-de-febrero\/","og_site_name":"Sonora en Equipo.","article_publisher":"https:\/\/www.facebook.com\/SonoraEE\/","article_author":"https:\/\/www.facebook.com\/SonoraEE","article_published_time":"2021-03-01T23:22:05+00:00","article_modified_time":"2021-03-02T03:25:43+00:00","og_image":[{"width":711,"height":400,"url":"https:\/\/www.sonoraenequipo.com.mx\/storage\/2021\/03\/Jose-Angel-Roman-encargado-de-Transito-zona-dos_opt.jpg","type":"image\/jpeg"}],"author":"enequipo","twitter_card":"summary_large_image","twitter_creator":"@sonoraenequipo","twitter_site":"@sonoraenequipo","twitter_misc":{"Escrito por":"enequipo","Tiempo de lectura":"2 minutos"},"schema":{"@context":"https:\/\/schema.org","@graph":[{"@type":"Article","@id":"https:\/\/www.sonoraenequipo.com.mx\/disminuyen-accidentes-viales-en-la-semana-comprendida-entre-el-22-y-el-28-de-febrero\/#article","isPartOf":{"@id":"https:\/\/www.sonoraenequipo.com.mx\/disminuyen-accidentes-viales-en-la-semana-comprendida-entre-el-22-y-el-28-de-febrero\/"},"author":{"name":"enequipo","@id":"https:\/\/www.sonoraenequipo.com.mx\/#\/schema\/person\/50102df0fb23a8fa9e8effad8fa81386"},"headline":"Disminuyen accidentes viales en la semana comprendida entre el 22 y el 28 de febrero","datePublished":"2021-03-01T23:22:05+00:00","dateModified":"2021-03-02T03:25:43+00:00","mainEntityOfPage":{"@id":"https:\/\/www.sonoraenequipo.com.mx\/disminuyen-accidentes-viales-en-la-semana-comprendida-entre-el-22-y-el-28-de-febrero\/"},"wordCount":305,"commentCount":0,"publisher":{"@id":"https:\/\/www.sonoraenequipo.com.mx\/#organization"},"image":{"@id":"https:\/\/www.sonoraenequipo.com.mx\/disminuyen-accidentes-viales-en-la-semana-comprendida-entre-el-22-y-el-28-de-febrero\/#primaryimage"},"thumbnailUrl":"https:\/\/www.sonoraenequipo.com.mx\/storage\/2021\/03\/Jose-Angel-Roman-encargado-de-Transito-zona-dos_opt.jpg","articleSection":["Sonora"],"inLanguage":"es","potentialAction":[{"@type":"CommentAction","name":"Comment","target":["https:\/\/www.sonoraenequipo.com.mx\/disminuyen-accidentes-viales-en-la-semana-comprendida-entre-el-22-y-el-28-de-febrero\/#respond"]}]},{"@type":"WebPage","@id":"https:\/\/www.sonoraenequipo.com.mx\/disminuyen-accidentes-viales-en-la-semana-comprendida-entre-el-22-y-el-28-de-febrero\/","url":"https:\/\/www.sonoraenequipo.com.mx\/disminuyen-accidentes-viales-en-la-semana-comprendida-entre-el-22-y-el-28-de-febrero\/","name":"Sonora en Equipo. Disminuyen accidentes viales en la semana comprendida entre el 22 y el 28 de febrero Sonora","isPartOf":{"@id":"https:\/\/www.sonoraenequipo.com.mx\/#website"},"primaryImageOfPage":{"@id":"https:\/\/www.sonoraenequipo.com.mx\/disminuyen-accidentes-viales-en-la-semana-comprendida-entre-el-22-y-el-28-de-febrero\/#primaryimage"},"image":{"@id":"https:\/\/www.sonoraenequipo.com.mx\/disminuyen-accidentes-viales-en-la-semana-comprendida-entre-el-22-y-el-28-de-febrero\/#primaryimage"},"thumbnailUrl":"https:\/\/www.sonoraenequipo.com.mx\/storage\/2021\/03\/Jose-Angel-Roman-encargado-de-Transito-zona-dos_opt.jpg","datePublished":"2021-03-01T23:22:05+00:00","dateModified":"2021-03-02T03:25:43+00:00","description":"HERMOSILLO, SONORA. MX. \u2014 En la semana comprendida entre el 22 y el 28 de febrero, personal del Departamento de Tr\u00e1nsito de Hermosillo atendi\u00f3 un total de En Sonora en Equipo publicamos toda la informaci\u00f3n de Sonora, M\u00e9xico y el Mundo de manera oportuna y busca que la libertad de expresi\u00f3n sea real. Visita nuestro medio informativo publicado desde Hermosillo, Sonora. %","breadcrumb":{"@id":"https:\/\/www.sonoraenequipo.com.mx\/disminuyen-accidentes-viales-en-la-semana-comprendida-entre-el-22-y-el-28-de-febrero\/#breadcrumb"},"inLanguage":"es","potentialAction":[{"@type":"ReadAction","target":["https:\/\/www.sonoraenequipo.com.mx\/disminuyen-accidentes-viales-en-la-semana-comprendida-entre-el-22-y-el-28-de-febrero\/"]}]},{"@type":"ImageObject","inLanguage":"es","@id":"https:\/\/www.sonoraenequipo.com.mx\/disminuyen-accidentes-viales-en-la-semana-comprendida-entre-el-22-y-el-28-de-febrero\/#primaryimage","url":"https:\/\/www.sonoraenequipo.com.mx\/storage\/2021\/03\/Jose-Angel-Roman-encargado-de-Transito-zona-dos_opt.jpg","contentUrl":"https:\/\/www.sonoraenequipo.com.mx\/storage\/2021\/03\/Jose-Angel-Roman-encargado-de-Transito-zona-dos_opt.jpg","width":711,"height":400},{"@type":"BreadcrumbList","@id":"https:\/\/www.sonoraenequipo.com.mx\/disminuyen-accidentes-viales-en-la-semana-comprendida-entre-el-22-y-el-28-de-febrero\/#breadcrumb","itemListElement":[{"@type":"ListItem","position":1,"name":"Portada","item":"https:\/\/www.sonoraenequipo.com.mx\/"},{"@type":"ListItem","position":2,"name":"Disminuyen accidentes viales en la semana comprendida entre el 22 y el 28 de febrero"}]},{"@type":"WebSite","@id":"https:\/\/www.sonoraenequipo.com.mx\/#website","url":"https:\/\/www.sonoraenequipo.com.mx\/","name":"Sonora en Equipo.","description":"Diario en l\u00ednea con Noticias desde Hermosillo, Sonora","publisher":{"@id":"https:\/\/www.sonoraenequipo.com.mx\/#organization"},"potentialAction":[{"@type":"SearchAction","target":{"@type":"EntryPoint","urlTemplate":"https:\/\/www.sonoraenequipo.com.mx\/?s={search_term_string}"},"query-input":{"@type":"PropertyValueSpecification","valueRequired":true,"valueName":"search_term_string"}}],"inLanguage":"es"},{"@type":"Organization","@id":"https:\/\/www.sonoraenequipo.com.mx\/#organization","name":"Sonoraenequipo.com.mx","url":"https:\/\/www.sonoraenequipo.com.mx\/","logo":{"@type":"ImageObject","inLanguage":"es","@id":"https:\/\/www.sonoraenequipo.com.mx\/#\/schema\/logo\/image\/","url":"https:\/\/www.sonoraenequipo.com.mx\/storage\/2019\/01\/sonoraenequipo_opt.png","contentUrl":"https:\/\/www.sonoraenequipo.com.mx\/storage\/2019\/01\/sonoraenequipo_opt.png","width":375,"height":125,"caption":"Sonoraenequipo.com.mx"},"image":{"@id":"https:\/\/www.sonoraenequipo.com.mx\/#\/schema\/logo\/image\/"},"sameAs":["https:\/\/www.facebook.com\/SonoraEE\/","https:\/\/x.com\/sonoraenequipo","https:\/\/www.youtube.com\/channel\/UC338nW-lPEYmJQs4ZABQ1SQ"]},{"@type":"Person","@id":"https:\/\/www.sonoraenequipo.com.mx\/#\/schema\/person\/50102df0fb23a8fa9e8effad8fa81386","name":"enequipo","image":{"@type":"ImageObject","inLanguage":"es","@id":"https:\/\/www.sonoraenequipo.com.mx\/#\/schema\/person\/image\/","url":"https:\/\/secure.gravatar.com\/avatar\/049821681b589dabc0bc20695993ccebb09f5b5d4d790cd9251b97faac7c652b?s=96&d=blank&r=g","contentUrl":"https:\/\/secure.gravatar.com\/avatar\/049821681b589dabc0bc20695993ccebb09f5b5d4d790cd9251b97faac7c652b?s=96&d=blank&r=g","caption":"enequipo"},"sameAs":["https:\/\/www.facebook.com\/SonoraEE"]}]}},"jetpack_featured_media_url":"https:\/\/www.sonoraenequipo.com.mx\/storage\/2021\/03\/Jose-Angel-Roman-encargado-de-Transito-zona-dos_opt.jpg","_links":{"self":[{"href":"https:\/\/www.sonoraenequipo.com.mx\/api\/wp\/v2\/posts\/107992","targetHints":{"allow":["GET"]}}],"collection":[{"href":"https:\/\/www.sonoraenequipo.com.mx\/api\/wp\/v2\/posts"}],"about":[{"href":"https:\/\/www.sonoraenequipo.com.mx\/api\/wp\/v2\/types\/post"}],"author":[{"embeddable":true,"href":"https:\/\/www.sonoraenequipo.com.mx\/api\/wp\/v2\/users\/1"}],"replies":[{"embeddable":true,"href":"https:\/\/www.sonoraenequipo.com.mx\/api\/wp\/v2\/comments?post=107992"}],"version-history":[{"count":1,"href":"https:\/\/www.sonoraenequipo.com.mx\/api\/wp\/v2\/posts\/107992\/revisions"}],"predecessor-version":[{"id":107993,"href":"https:\/\/www.sonoraenequipo.com.mx\/api\/wp\/v2\/posts\/107992\/revisions\/107993"}],"wp:featuredmedia":[{"embeddable":true,"href":"https:\/\/www.sonoraenequipo.com.mx\/api\/wp\/v2\/media\/107977"}],"wp:attachment":[{"href":"https:\/\/www.sonoraenequipo.com.mx\/api\/wp\/v2\/media?parent=107992"}],"wp:term":[{"taxonomy":"category","embeddable":true,"href":"https:\/\/www.sonoraenequipo.com.mx\/api\/wp\/v2\/categories?post=107992"},{"taxonomy":"post_tag","embeddable":true,"href":"https:\/\/www.sonoraenequipo.com.mx\/api\/wp\/v2\/tags?post=107992"}],"curies":[{"name":"wp","href":"https:\/\/api.w.org\/{rel}","templated":true}]}}