{"id":107999,"date":"2021-03-01T21:36:33","date_gmt":"2021-03-02T04:36:33","guid":{"rendered":"https:\/\/www.sonoraenequipo.com.mx\/?p=107999"},"modified":"2021-03-01T20:46:54","modified_gmt":"2021-03-02T03:46:54","slug":"otorga-gobernadora-nuevos-nombramientos-en-su-gabinete","status":"publish","type":"post","link":"https:\/\/www.sonoraenequipo.com.mx\/otorga-gobernadora-nuevos-nombramientos-en-su-gabinete\/","title":{"rendered":"Otorga gobernadora nuevos nombramientos en su Gabinete"},"content":{"rendered":"<p>HERMOSILLO, SONORA. MX. \u2014 Con el firme compromiso de continuar trabajando de lado de la gente y por el bienestar de las y los sonorenses, este lunes (01.03.2021) la gobernadora Claudia Pavlovich Arellano tom\u00f3 protesta a <strong>Juan \u00c1ngel Castillo Taraz\u00f3n<\/strong>, <strong>Jes\u00fas Epifanio Salido Pavlovich,<\/strong> <strong>Ivone Patricia Andrade Zepeda y Wenceslao Cota Amador<\/strong>, como secretario de Gobierno, jefe de la Oficina del Ejecutivo Estatal, secretaria T\u00e9cnica y de Atenci\u00f3n Ciudadana y director general de DIF Sonora, respectivamente.<\/p>\n<p>&nbsp;<\/p>\n<p> <\/p>\n<p>&nbsp;<\/p>\n<p>La mandataria estatal agradeci\u00f3 el trabajo profesional y los resultados obtenidos durante sus respectivas gestiones a <strong>Miguel Ernesto Pompa Corella, Natalia Rivera Grijalva y Karina Z\u00e1rate F\u00e9lix,<\/strong> quienes se desempe\u00f1aron como secretario de Gobierno, jefa de la Oficina del Ejecutivo Estatal y directora general de DIF Sonora, respectivamente.<\/p>\n<p>&nbsp;<\/p>\n<p><img loading=\"lazy\" decoding=\"async\" class=\"size-medium  x-left\" src=\"https:\/\/www.sonoraenequipo.com.mx\/storage\/2021\/03\/nombramientos-1_opt1-548x365.jpg\" alt=\"\" width=\"548\" height=\"365\" \/>La gobernadora Pavlovich pidi\u00f3 a quienes hoy asumen sus nuevos cargos p\u00fablicos dentro del Gabinete estatal, a mantener el trabajo coordinado entre sus respectivas \u00e1reas y a seguir imprimiendo en sus nuevas responsabilidades todo su talento, creatividad y esfuerzo cada d\u00eda para contribuir con sus acciones y decisiones a mejorar la calidad de vida de las y los sonorenses.<\/p>\n<p>&nbsp;<\/p>\n<p>Hasta este domingo, <strong>Castillo Taraz\u00f3n s<\/strong>e desempe\u00f1aba como director general del Instituto Sonorense de Educaci\u00f3n para los Adultos, tiene estudios profesionales de la Universidad de Sonora, en Ingenier\u00eda Agr\u00f3noma y anteriormente hab\u00eda desempe\u00f1ado diferentes cargos en la administraci\u00f3n p\u00fablica estatal y en la iniciativa privada.<\/p>\n<p>&nbsp;<\/p>\n<p><strong>Salido Pavlovich,<\/strong> desde enero de 2019, estaba al frente de la Secretar\u00eda T\u00e9cnica y de Atenci\u00f3n Ciudadana; es licenciado de Administraci\u00f3n y maestro de C\u00e1tedra por el Tecnol\u00f3gico de Monterrey, ha desempe\u00f1ado distintos cargos p\u00fablicos estatales, municipales y fue coordinador de la fracci\u00f3n parlamentaria del PRI en la anterior Legislatura local.<\/p>\n<p>&nbsp;<\/p>\n<p><strong><img loading=\"lazy\" decoding=\"async\" class=\"size-medium  x-right\" src=\"https:\/\/www.sonoraenequipo.com.mx\/storage\/2021\/03\/nombramientos-3_opt1-504x365.jpg\" alt=\"\" width=\"504\" height=\"365\" \/>Andrade Zepeda,<\/strong> quien fung\u00eda como coordinadora ejecutiva de Comunicaci\u00f3n Gubernamental del Gobierno del Estado, es licenciada en Ciencias de la Comunicaci\u00f3n, egresada de la Universidad de Sonora. Ha trabajado en medios de comunicaci\u00f3n, ha dirigido las \u00e1reas de Comunicaci\u00f3n Social en diferentes instancias del sector p\u00fablico y privado.<\/p>\n<p>&nbsp;<\/p>\n<p>Por su parte, <strong>Cota Amador<\/strong> se desempe\u00f1aba como procurador de Protecci\u00f3n a Ni\u00f1as, Ni\u00f1os y Adolescentes del Estado de Sonora; es licenciado en Derecho, egresado por la Universidad de Sonora.<\/p>\n<p>&nbsp;<\/p>\n<p>(Publicada el 01\/03\/2021)<\/p>\n","protected":false},"excerpt":{"rendered":"<p>HERMOSILLO, SONORA. MX. \u2014 Con el firme compromiso de continuar trabajando de lado de la&#8230;<\/p>\n","protected":false},"author":1,"featured_media":108000,"comment_status":"open","ping_status":"open","sticky":false,"template":"","format":"standard","meta":{"_monsterinsights_skip_tracking":false,"_monsterinsights_sitenote_active":false,"_monsterinsights_sitenote_note":"","_monsterinsights_sitenote_category":0,"footnotes":""},"categories":[22],"tags":[],"class_list":["post"],"yoast_head":" \n<title>Sonora en Equipo. Otorga gobernadora nuevos nombramientos en su Gabinete Sonora<\/title>\n<meta name=\"description\" content=\"HERMOSILLO, SONORA. MX. \u2014 Con el firme compromiso de continuar trabajando de lado de la gente y por el bienestar de las y los sonorenses, este lunes En Sonora en Equipo publicamos toda la informaci\u00f3n de Sonora, M\u00e9xico y el Mundo de manera oportuna y busca que la libertad de expresi\u00f3n sea real. Visita nuestro medio informativo publicado desde Hermosillo, Sonora. %\" \/>\n<meta name=\"robots\" content=\"index, follow, max-snippet:-1, max-image-preview:large, max-video-preview:-1\" \/>\n<link rel=\"canonical\" href=\"https:\/\/www.sonoraenequipo.com.mx\/otorga-gobernadora-nuevos-nombramientos-en-su-gabinete\/\" \/>\n<meta property=\"og:locale\" content=\"es_ES\" \/>\n<meta property=\"og:type\" content=\"article\" \/>\n<meta property=\"og:title\" content=\"Sonora en Equipo. Otorga gobernadora nuevos nombramientos en su Gabinete Sonora\" \/>\n<meta property=\"og:description\" content=\"HERMOSILLO, SONORA. MX. \u2014 Con el firme compromiso de continuar trabajando de lado de la gente y por el bienestar de las y los sonorenses, este lunes En Sonora en Equipo publicamos toda la informaci\u00f3n de Sonora, M\u00e9xico y el Mundo de manera oportuna y busca que la libertad de expresi\u00f3n sea real. Visita nuestro medio informativo publicado desde Hermosillo, Sonora. %\" \/>\n<meta property=\"og:url\" content=\"https:\/\/www.sonoraenequipo.com.mx\/otorga-gobernadora-nuevos-nombramientos-en-su-gabinete\/\" \/>\n<meta property=\"og:site_name\" content=\"Sonora en Equipo.\" \/>\n<meta property=\"article:publisher\" content=\"https:\/\/www.facebook.com\/SonoraEE\/\" \/>\n<meta property=\"article:author\" content=\"https:\/\/www.facebook.com\/SonoraEE\" \/>\n<meta property=\"article:published_time\" content=\"2021-03-02T04:36:33+00:00\" \/>\n<meta property=\"og:image\" content=\"https:\/\/www.sonoraenequipo.com.mx\/storage\/2021\/03\/nombramientos-2_opt1.jpg\" \/>\n\t<meta property=\"og:image:width\" content=\"633\" \/>\n\t<meta property=\"og:image:height\" content=\"400\" \/>\n\t<meta property=\"og:image:type\" content=\"image\/jpeg\" \/>\n<meta name=\"author\" content=\"enequipo\" \/>\n<meta name=\"twitter:card\" content=\"summary_large_image\" \/>\n<meta name=\"twitter:creator\" content=\"@sonoraenequipo\" \/>\n<meta name=\"twitter:site\" content=\"@sonoraenequipo\" \/>\n<meta name=\"twitter:label1\" content=\"Escrito por\" \/>\n\t<meta name=\"twitter:data1\" content=\"enequipo\" \/>\n\t<meta name=\"twitter:label2\" content=\"Tiempo de lectura\" \/>\n\t<meta name=\"twitter:data2\" content=\"2 minutos\" \/>\n<script type=\"application\/ld+json\" class=\"yoast-schema-graph\">{\"@context\":\"https:\/\/schema.org\",\"@graph\":[{\"@type\":\"Article\",\"@id\":\"https:\/\/www.sonoraenequipo.com.mx\/otorga-gobernadora-nuevos-nombramientos-en-su-gabinete\/#article\",\"isPartOf\":{\"@id\":\"https:\/\/www.sonoraenequipo.com.mx\/otorga-gobernadora-nuevos-nombramientos-en-su-gabinete\/\"},\"author\":{\"name\":\"enequipo\",\"@id\":\"https:\/\/www.sonoraenequipo.com.mx\/#\/schema\/person\/50102df0fb23a8fa9e8effad8fa81386\"},\"headline\":\"Otorga gobernadora nuevos nombramientos en su Gabinete\",\"datePublished\":\"2021-03-02T04:36:33+00:00\",\"mainEntityOfPage\":{\"@id\":\"https:\/\/www.sonoraenequipo.com.mx\/otorga-gobernadora-nuevos-nombramientos-en-su-gabinete\/\"},\"wordCount\":408,\"commentCount\":0,\"publisher\":{\"@id\":\"https:\/\/www.sonoraenequipo.com.mx\/#organization\"},\"image\":{\"@id\":\"https:\/\/www.sonoraenequipo.com.mx\/otorga-gobernadora-nuevos-nombramientos-en-su-gabinete\/#primaryimage\"},\"thumbnailUrl\":\"https:\/\/www.sonoraenequipo.com.mx\/storage\/2021\/03\/nombramientos-2_opt1.jpg\",\"articleSection\":[\"Sonora\"],\"inLanguage\":\"es\",\"potentialAction\":[{\"@type\":\"CommentAction\",\"name\":\"Comment\",\"target\":[\"https:\/\/www.sonoraenequipo.com.mx\/otorga-gobernadora-nuevos-nombramientos-en-su-gabinete\/#respond\"]}]},{\"@type\":\"WebPage\",\"@id\":\"https:\/\/www.sonoraenequipo.com.mx\/otorga-gobernadora-nuevos-nombramientos-en-su-gabinete\/\",\"url\":\"https:\/\/www.sonoraenequipo.com.mx\/otorga-gobernadora-nuevos-nombramientos-en-su-gabinete\/\",\"name\":\"Sonora en Equipo. Otorga gobernadora nuevos nombramientos en su Gabinete Sonora\",\"isPartOf\":{\"@id\":\"https:\/\/www.sonoraenequipo.com.mx\/#website\"},\"primaryImageOfPage\":{\"@id\":\"https:\/\/www.sonoraenequipo.com.mx\/otorga-gobernadora-nuevos-nombramientos-en-su-gabinete\/#primaryimage\"},\"image\":{\"@id\":\"https:\/\/www.sonoraenequipo.com.mx\/otorga-gobernadora-nuevos-nombramientos-en-su-gabinete\/#primaryimage\"},\"thumbnailUrl\":\"https:\/\/www.sonoraenequipo.com.mx\/storage\/2021\/03\/nombramientos-2_opt1.jpg\",\"datePublished\":\"2021-03-02T04:36:33+00:00\",\"description\":\"HERMOSILLO, SONORA. MX. \u2014 Con el firme compromiso de continuar trabajando de lado de la gente y por el bienestar de las y los sonorenses, este lunes En Sonora en Equipo publicamos toda la informaci\u00f3n de Sonora, M\u00e9xico y el Mundo de manera oportuna y busca que la libertad de expresi\u00f3n sea real. Visita nuestro medio informativo publicado desde Hermosillo, Sonora. %\",\"breadcrumb\":{\"@id\":\"https:\/\/www.sonoraenequipo.com.mx\/otorga-gobernadora-nuevos-nombramientos-en-su-gabinete\/#breadcrumb\"},\"inLanguage\":\"es\",\"potentialAction\":[{\"@type\":\"ReadAction\",\"target\":[\"https:\/\/www.sonoraenequipo.com.mx\/otorga-gobernadora-nuevos-nombramientos-en-su-gabinete\/\"]}]},{\"@type\":\"ImageObject\",\"inLanguage\":\"es\",\"@id\":\"https:\/\/www.sonoraenequipo.com.mx\/otorga-gobernadora-nuevos-nombramientos-en-su-gabinete\/#primaryimage\",\"url\":\"https:\/\/www.sonoraenequipo.com.mx\/storage\/2021\/03\/nombramientos-2_opt1.jpg\",\"contentUrl\":\"https:\/\/www.sonoraenequipo.com.mx\/storage\/2021\/03\/nombramientos-2_opt1.jpg\",\"width\":633,\"height\":400},{\"@type\":\"BreadcrumbList\",\"@id\":\"https:\/\/www.sonoraenequipo.com.mx\/otorga-gobernadora-nuevos-nombramientos-en-su-gabinete\/#breadcrumb\",\"itemListElement\":[{\"@type\":\"ListItem\",\"position\":1,\"name\":\"Portada\",\"item\":\"https:\/\/www.sonoraenequipo.com.mx\/\"},{\"@type\":\"ListItem\",\"position\":2,\"name\":\"Otorga gobernadora nuevos nombramientos en su Gabinete\"}]},{\"@type\":\"WebSite\",\"@id\":\"https:\/\/www.sonoraenequipo.com.mx\/#website\",\"url\":\"https:\/\/www.sonoraenequipo.com.mx\/\",\"name\":\"Sonora en Equipo.\",\"description\":\"Diario en l\u00ednea con Noticias desde Hermosillo, Sonora\",\"publisher\":{\"@id\":\"https:\/\/www.sonoraenequipo.com.mx\/#organization\"},\"potentialAction\":[{\"@type\":\"SearchAction\",\"target\":{\"@type\":\"EntryPoint\",\"urlTemplate\":\"https:\/\/www.sonoraenequipo.com.mx\/?s={search_term_string}\"},\"query-input\":{\"@type\":\"PropertyValueSpecification\",\"valueRequired\":true,\"valueName\":\"search_term_string\"}}],\"inLanguage\":\"es\"},{\"@type\":\"Organization\",\"@id\":\"https:\/\/www.sonoraenequipo.com.mx\/#organization\",\"name\":\"Sonoraenequipo.com.mx\",\"url\":\"https:\/\/www.sonoraenequipo.com.mx\/\",\"logo\":{\"@type\":\"ImageObject\",\"inLanguage\":\"es\",\"@id\":\"https:\/\/www.sonoraenequipo.com.mx\/#\/schema\/logo\/image\/\",\"url\":\"https:\/\/www.sonoraenequipo.com.mx\/storage\/2019\/01\/sonoraenequipo_opt.png\",\"contentUrl\":\"https:\/\/www.sonoraenequipo.com.mx\/storage\/2019\/01\/sonoraenequipo_opt.png\",\"width\":375,\"height\":125,\"caption\":\"Sonoraenequipo.com.mx\"},\"image\":{\"@id\":\"https:\/\/www.sonoraenequipo.com.mx\/#\/schema\/logo\/image\/\"},\"sameAs\":[\"https:\/\/www.facebook.com\/SonoraEE\/\",\"https:\/\/x.com\/sonoraenequipo\",\"https:\/\/www.youtube.com\/channel\/UC338nW-lPEYmJQs4ZABQ1SQ\"]},{\"@type\":\"Person\",\"@id\":\"https:\/\/www.sonoraenequipo.com.mx\/#\/schema\/person\/50102df0fb23a8fa9e8effad8fa81386\",\"name\":\"enequipo\",\"image\":{\"@type\":\"ImageObject\",\"inLanguage\":\"es\",\"@id\":\"https:\/\/www.sonoraenequipo.com.mx\/#\/schema\/person\/image\/\",\"url\":\"https:\/\/secure.gravatar.com\/avatar\/049821681b589dabc0bc20695993ccebb09f5b5d4d790cd9251b97faac7c652b?s=96&d=blank&r=g\",\"contentUrl\":\"https:\/\/secure.gravatar.com\/avatar\/049821681b589dabc0bc20695993ccebb09f5b5d4d790cd9251b97faac7c652b?s=96&d=blank&r=g\",\"caption\":\"enequipo\"},\"sameAs\":[\"https:\/\/www.facebook.com\/SonoraEE\"]}]}<\/script>\n ","yoast_head_json":{"title":"Sonora en Equipo. Otorga gobernadora nuevos nombramientos en su Gabinete Sonora","description":"HERMOSILLO, SONORA. MX. \u2014 Con el firme compromiso de continuar trabajando de lado de la gente y por el bienestar de las y los sonorenses, este lunes En Sonora en Equipo publicamos toda la informaci\u00f3n de Sonora, M\u00e9xico y el Mundo de manera oportuna y busca que la libertad de expresi\u00f3n sea real. Visita nuestro medio informativo publicado desde Hermosillo, Sonora. %","robots":{"index":"index","follow":"follow","max-snippet":"max-snippet:-1","max-image-preview":"max-image-preview:large","max-video-preview":"max-video-preview:-1"},"canonical":"https:\/\/www.sonoraenequipo.com.mx\/otorga-gobernadora-nuevos-nombramientos-en-su-gabinete\/","og_locale":"es_ES","og_type":"article","og_title":"Sonora en Equipo. Otorga gobernadora nuevos nombramientos en su Gabinete Sonora","og_description":"HERMOSILLO, SONORA. MX. \u2014 Con el firme compromiso de continuar trabajando de lado de la gente y por el bienestar de las y los sonorenses, este lunes En Sonora en Equipo publicamos toda la informaci\u00f3n de Sonora, M\u00e9xico y el Mundo de manera oportuna y busca que la libertad de expresi\u00f3n sea real. Visita nuestro medio informativo publicado desde Hermosillo, Sonora. %","og_url":"https:\/\/www.sonoraenequipo.com.mx\/otorga-gobernadora-nuevos-nombramientos-en-su-gabinete\/","og_site_name":"Sonora en Equipo.","article_publisher":"https:\/\/www.facebook.com\/SonoraEE\/","article_author":"https:\/\/www.facebook.com\/SonoraEE","article_published_time":"2021-03-02T04:36:33+00:00","og_image":[{"width":633,"height":400,"url":"https:\/\/www.sonoraenequipo.com.mx\/storage\/2021\/03\/nombramientos-2_opt1.jpg","type":"image\/jpeg"}],"author":"enequipo","twitter_card":"summary_large_image","twitter_creator":"@sonoraenequipo","twitter_site":"@sonoraenequipo","twitter_misc":{"Escrito por":"enequipo","Tiempo de lectura":"2 minutos"},"schema":{"@context":"https:\/\/schema.org","@graph":[{"@type":"Article","@id":"https:\/\/www.sonoraenequipo.com.mx\/otorga-gobernadora-nuevos-nombramientos-en-su-gabinete\/#article","isPartOf":{"@id":"https:\/\/www.sonoraenequipo.com.mx\/otorga-gobernadora-nuevos-nombramientos-en-su-gabinete\/"},"author":{"name":"enequipo","@id":"https:\/\/www.sonoraenequipo.com.mx\/#\/schema\/person\/50102df0fb23a8fa9e8effad8fa81386"},"headline":"Otorga gobernadora nuevos nombramientos en su Gabinete","datePublished":"2021-03-02T04:36:33+00:00","mainEntityOfPage":{"@id":"https:\/\/www.sonoraenequipo.com.mx\/otorga-gobernadora-nuevos-nombramientos-en-su-gabinete\/"},"wordCount":408,"commentCount":0,"publisher":{"@id":"https:\/\/www.sonoraenequipo.com.mx\/#organization"},"image":{"@id":"https:\/\/www.sonoraenequipo.com.mx\/otorga-gobernadora-nuevos-nombramientos-en-su-gabinete\/#primaryimage"},"thumbnailUrl":"https:\/\/www.sonoraenequipo.com.mx\/storage\/2021\/03\/nombramientos-2_opt1.jpg","articleSection":["Sonora"],"inLanguage":"es","potentialAction":[{"@type":"CommentAction","name":"Comment","target":["https:\/\/www.sonoraenequipo.com.mx\/otorga-gobernadora-nuevos-nombramientos-en-su-gabinete\/#respond"]}]},{"@type":"WebPage","@id":"https:\/\/www.sonoraenequipo.com.mx\/otorga-gobernadora-nuevos-nombramientos-en-su-gabinete\/","url":"https:\/\/www.sonoraenequipo.com.mx\/otorga-gobernadora-nuevos-nombramientos-en-su-gabinete\/","name":"Sonora en Equipo. Otorga gobernadora nuevos nombramientos en su Gabinete Sonora","isPartOf":{"@id":"https:\/\/www.sonoraenequipo.com.mx\/#website"},"primaryImageOfPage":{"@id":"https:\/\/www.sonoraenequipo.com.mx\/otorga-gobernadora-nuevos-nombramientos-en-su-gabinete\/#primaryimage"},"image":{"@id":"https:\/\/www.sonoraenequipo.com.mx\/otorga-gobernadora-nuevos-nombramientos-en-su-gabinete\/#primaryimage"},"thumbnailUrl":"https:\/\/www.sonoraenequipo.com.mx\/storage\/2021\/03\/nombramientos-2_opt1.jpg","datePublished":"2021-03-02T04:36:33+00:00","description":"HERMOSILLO, SONORA. MX. \u2014 Con el firme compromiso de continuar trabajando de lado de la gente y por el bienestar de las y los sonorenses, este lunes En Sonora en Equipo publicamos toda la informaci\u00f3n de Sonora, M\u00e9xico y el Mundo de manera oportuna y busca que la libertad de expresi\u00f3n sea real. Visita nuestro medio informativo publicado desde Hermosillo, Sonora. %","breadcrumb":{"@id":"https:\/\/www.sonoraenequipo.com.mx\/otorga-gobernadora-nuevos-nombramientos-en-su-gabinete\/#breadcrumb"},"inLanguage":"es","potentialAction":[{"@type":"ReadAction","target":["https:\/\/www.sonoraenequipo.com.mx\/otorga-gobernadora-nuevos-nombramientos-en-su-gabinete\/"]}]},{"@type":"ImageObject","inLanguage":"es","@id":"https:\/\/www.sonoraenequipo.com.mx\/otorga-gobernadora-nuevos-nombramientos-en-su-gabinete\/#primaryimage","url":"https:\/\/www.sonoraenequipo.com.mx\/storage\/2021\/03\/nombramientos-2_opt1.jpg","contentUrl":"https:\/\/www.sonoraenequipo.com.mx\/storage\/2021\/03\/nombramientos-2_opt1.jpg","width":633,"height":400},{"@type":"BreadcrumbList","@id":"https:\/\/www.sonoraenequipo.com.mx\/otorga-gobernadora-nuevos-nombramientos-en-su-gabinete\/#breadcrumb","itemListElement":[{"@type":"ListItem","position":1,"name":"Portada","item":"https:\/\/www.sonoraenequipo.com.mx\/"},{"@type":"ListItem","position":2,"name":"Otorga gobernadora nuevos nombramientos en su Gabinete"}]},{"@type":"WebSite","@id":"https:\/\/www.sonoraenequipo.com.mx\/#website","url":"https:\/\/www.sonoraenequipo.com.mx\/","name":"Sonora en Equipo.","description":"Diario en l\u00ednea con Noticias desde Hermosillo, Sonora","publisher":{"@id":"https:\/\/www.sonoraenequipo.com.mx\/#organization"},"potentialAction":[{"@type":"SearchAction","target":{"@type":"EntryPoint","urlTemplate":"https:\/\/www.sonoraenequipo.com.mx\/?s={search_term_string}"},"query-input":{"@type":"PropertyValueSpecification","valueRequired":true,"valueName":"search_term_string"}}],"inLanguage":"es"},{"@type":"Organization","@id":"https:\/\/www.sonoraenequipo.com.mx\/#organization","name":"Sonoraenequipo.com.mx","url":"https:\/\/www.sonoraenequipo.com.mx\/","logo":{"@type":"ImageObject","inLanguage":"es","@id":"https:\/\/www.sonoraenequipo.com.mx\/#\/schema\/logo\/image\/","url":"https:\/\/www.sonoraenequipo.com.mx\/storage\/2019\/01\/sonoraenequipo_opt.png","contentUrl":"https:\/\/www.sonoraenequipo.com.mx\/storage\/2019\/01\/sonoraenequipo_opt.png","width":375,"height":125,"caption":"Sonoraenequipo.com.mx"},"image":{"@id":"https:\/\/www.sonoraenequipo.com.mx\/#\/schema\/logo\/image\/"},"sameAs":["https:\/\/www.facebook.com\/SonoraEE\/","https:\/\/x.com\/sonoraenequipo","https:\/\/www.youtube.com\/channel\/UC338nW-lPEYmJQs4ZABQ1SQ"]},{"@type":"Person","@id":"https:\/\/www.sonoraenequipo.com.mx\/#\/schema\/person\/50102df0fb23a8fa9e8effad8fa81386","name":"enequipo","image":{"@type":"ImageObject","inLanguage":"es","@id":"https:\/\/www.sonoraenequipo.com.mx\/#\/schema\/person\/image\/","url":"https:\/\/secure.gravatar.com\/avatar\/049821681b589dabc0bc20695993ccebb09f5b5d4d790cd9251b97faac7c652b?s=96&d=blank&r=g","contentUrl":"https:\/\/secure.gravatar.com\/avatar\/049821681b589dabc0bc20695993ccebb09f5b5d4d790cd9251b97faac7c652b?s=96&d=blank&r=g","caption":"enequipo"},"sameAs":["https:\/\/www.facebook.com\/SonoraEE"]}]}},"jetpack_featured_media_url":"https:\/\/www.sonoraenequipo.com.mx\/storage\/2021\/03\/nombramientos-2_opt1.jpg","_links":{"self":[{"href":"https:\/\/www.sonoraenequipo.com.mx\/api\/wp\/v2\/posts\/107999","targetHints":{"allow":["GET"]}}],"collection":[{"href":"https:\/\/www.sonoraenequipo.com.mx\/api\/wp\/v2\/posts"}],"about":[{"href":"https:\/\/www.sonoraenequipo.com.mx\/api\/wp\/v2\/types\/post"}],"author":[{"embeddable":true,"href":"https:\/\/www.sonoraenequipo.com.mx\/api\/wp\/v2\/users\/1"}],"replies":[{"embeddable":true,"href":"https:\/\/www.sonoraenequipo.com.mx\/api\/wp\/v2\/comments?post=107999"}],"version-history":[{"count":1,"href":"https:\/\/www.sonoraenequipo.com.mx\/api\/wp\/v2\/posts\/107999\/revisions"}],"predecessor-version":[{"id":108006,"href":"https:\/\/www.sonoraenequipo.com.mx\/api\/wp\/v2\/posts\/107999\/revisions\/108006"}],"wp:featuredmedia":[{"embeddable":true,"href":"https:\/\/www.sonoraenequipo.com.mx\/api\/wp\/v2\/media\/108000"}],"wp:attachment":[{"href":"https:\/\/www.sonoraenequipo.com.mx\/api\/wp\/v2\/media?parent=107999"}],"wp:term":[{"taxonomy":"category","embeddable":true,"href":"https:\/\/www.sonoraenequipo.com.mx\/api\/wp\/v2\/categories?post=107999"},{"taxonomy":"post_tag","embeddable":true,"href":"https:\/\/www.sonoraenequipo.com.mx\/api\/wp\/v2\/tags?post=107999"}],"curies":[{"name":"wp","href":"https:\/\/api.w.org\/{rel}","templated":true}]}}