{"id":108016,"date":"2021-03-02T09:29:49","date_gmt":"2021-03-02T16:29:49","guid":{"rendered":"https:\/\/www.sonoraenequipo.com.mx\/?p=108016"},"modified":"2021-03-02T09:29:49","modified_gmt":"2021-03-02T16:29:49","slug":"conversacion-con-joe-biden-se-desarrollo-en-ambiente-de-respeto-y-amistad-amlo","status":"publish","type":"post","link":"https:\/\/www.sonoraenequipo.com.mx\/conversacion-con-joe-biden-se-desarrollo-en-ambiente-de-respeto-y-amistad-amlo\/","title":{"rendered":"Conversaci\u00f3n con Joe Biden se desarroll\u00f3 en ambiente de respeto y amistad: AMLO"},"content":{"rendered":"<p>CIUDAD DE M\u00c9XICO. MX. \u2014 Esta ma\u00f1ana de martes (02.03.2021), L\u00f3pez Obrador destac\u00f3 que la conversaci\u00f3n con el presidente de Estados Unidos, Joe Biden,<em> \u00abse desarroll\u00f3 en un ambiente de mucho respeto, de amistad y de colaboraci\u00f3n\u00bb<\/em>. Asever\u00f3 que respecto a las vacunas anticovid hubo una actitud de mucha comprensi\u00f3n por parte del mandatario estadunidense.<\/p>\n<p>&nbsp;<\/p>\n<p> <\/p>\n<p>&nbsp;<\/p>\n<p><em>\u00abEn general fue un encuentro amistoso, respetuoso y con mucho \u00e9nfasis en la cooperaci\u00f3n para el desarrollo, no hubo ninguna discrepancia, as\u00ed lo digo de manera categ\u00f3rica, ni una sola discrepancia; fue una conversaci\u00f3n respetuosa y creo que muy buena para los dos pa\u00edses, en especial para los pueblos de nuestras dos naciones\u00bb.<\/em><\/p>\n<h3>\nLa pandemia est\u00e1 cediendo<\/h3>\n<p>&nbsp;<\/p>\n<p>El presidente Andr\u00e9s Manuel L\u00f3pez Obrador afirm\u00f3 en La Ma\u00f1anera que la pandemia de covid-19<em> \u00abest\u00e1 cediendo\u00bb<\/em> no s\u00f3lo en M\u00e9xico, sino en el mundo,<em> \u00abes menos el contagio y est\u00e1n bajando tambi\u00e9n los fallecimientos, pero siguen habiendo y la disminuci\u00f3n todav\u00eda no es como lo deseamos\u00bb.<\/em><\/p>\n<p>&nbsp;<\/p>\n<p>El secretario de Salud (Ssa), Jorge Alcocer, detall\u00f3 que en t\u00e9rminos generales hay un descenso de casos de covid-19 desde hace tres semanas. Y agreg\u00f3 que el segundo brote de la pandemia se distingue del primero porque los contagios van 50% mujeres y 50% hombres y la edad promedio de los enfermos es de 43 a\u00f1os.<\/p>\n<p>&nbsp;<\/p>\n<h3>Vacuna de CanSino podr\u00eda estar lista a finales de marzo en M\u00e9xico: SRE<\/h3>\n<p>&nbsp;<\/p>\n<p>El secretario de Relaciones Exteriores (SRE), Marcelo Ebrard, inform\u00f3 que el 24 de febrero inici\u00f3 el envasado de los primeros lotes de la vacuna de CanSino en el laboratorio mexicano y afirm\u00f3 que las primeras dosis estar\u00e1n listas el 6 de marzo para su evaluaci\u00f3n, \u00abde ser aprobado el primer lote podr\u00eda empezar a distribuirse a finales de este mes, es decir, en marzo\u00bb.<\/p>\n<h3>No podemos regresar a clases presenciales si no est\u00e1n vacunados maestros: AMLO<\/h3>\n<p>&nbsp;<\/p>\n<p>Explic\u00f3 que para el regreso a clases presenciales primero se debe vacunar a maestros, personal educativo y adultos mayores, \u00abpara regresar a clases presenciales se requiere de la vacunaci\u00f3n de personal educativo y adultos mayores, ya eso nos dar\u00eda una garant\u00eda de protecci\u00f3n ante la pandemia. No estoy prohibiendo, cada gobierno puede tomar sus decisiones, incluso hasta los colegios particulares\u00bb.<\/p>\n<h3>\nAMLO dice que invit\u00f3 a Biden a recorrido por Oaxaca cuando visite M\u00e9xico<\/h3>\n<p>&nbsp;<\/p>\n<p>El mandatario mencion\u00f3 que invit\u00f3 a Joe Biden a Oaxaca cuando visite M\u00e9xico,<em> \u00able habl\u00e9 de los caminos de Oaxaca y me detuve en eso, explic\u00e1ndole c\u00f3mo la gente est\u00e1 haciendo los caminos, y que eran obras de arte; entonces lo invit\u00e9, cuando est\u00e9 en M\u00e9xico, cuando usted lo desee me gustar\u00eda invitarle a Oaxaca a ver esos caminos\u00bb.<\/em><\/p>\n<p>&nbsp;<\/p>\n<p>Coment\u00f3 que el presidente de Estados Unidos mostr\u00f3 no ser un pol\u00edtico acartonado, sino un hombre con sensibilidad, <em>\u00abesa confesi\u00f3n de que trae un rosario, una menci\u00f3n a la Virgen de Guadalupe, es decir, no mostr\u00f3 ser un pol\u00edtico acartonado, r\u00edgido, sino un hombre con sensibilidad\u00bb.<\/em><\/p>\n<p><iframe loading=\"lazy\" title=\"Llegada continua de dosis garantiza vacunaci\u00f3n contra COVID-19. Conferencia presidente AMLO\" width=\"640\" height=\"360\" src=\"https:\/\/www.youtube.com\/embed\/on_clKUn-Io?feature=oembed\" frameborder=\"0\" allow=\"accelerometer; autoplay; clipboard-write; encrypted-media; gyroscope; picture-in-picture; web-share\" referrerpolicy=\"strict-origin-when-cross-origin\" allowfullscreen><\/iframe><\/p>\n<p>&nbsp;<\/p>\n<p>&nbsp;<\/p>\n<p>(Publicada el 02\/03\/2021)<\/p>\n","protected":false},"excerpt":{"rendered":"<p>CIUDAD DE M\u00c9XICO. MX. \u2014 Esta ma\u00f1ana de martes (02.03.2021), L\u00f3pez Obrador destac\u00f3 que la&#8230;<\/p>\n","protected":false},"author":1,"featured_media":108017,"comment_status":"open","ping_status":"open","sticky":false,"template":"","format":"standard","meta":{"_monsterinsights_skip_tracking":false,"_monsterinsights_sitenote_active":false,"_monsterinsights_sitenote_note":"","_monsterinsights_sitenote_category":0,"footnotes":""},"categories":[5],"tags":[],"class_list":["post"],"yoast_head":" \n<title>Sonora en Equipo. Conversaci\u00f3n con Joe Biden se desarroll\u00f3 en ambiente de respeto y amistad: AMLO Rep\u00fablica<\/title>\n<meta name=\"description\" content=\"CIUDAD DE M\u00c9XICO. MX. \u2014 Esta ma\u00f1ana de martes (02.03.2021), L\u00f3pez Obrador destac\u00f3 que la conversaci\u00f3n con el presidente de Estados Unidos, Joe Biden, &quot;se En Sonora en Equipo publicamos toda la informaci\u00f3n de Sonora, M\u00e9xico y el Mundo de manera oportuna y busca que la libertad de expresi\u00f3n sea real. Visita nuestro medio informativo publicado desde Hermosillo, Sonora. %\" \/>\n<meta name=\"robots\" content=\"index, follow, max-snippet:-1, max-image-preview:large, max-video-preview:-1\" \/>\n<link rel=\"canonical\" href=\"https:\/\/www.sonoraenequipo.com.mx\/conversacion-con-joe-biden-se-desarrollo-en-ambiente-de-respeto-y-amistad-amlo\/\" \/>\n<meta property=\"og:locale\" content=\"es_ES\" \/>\n<meta property=\"og:type\" content=\"article\" \/>\n<meta property=\"og:title\" content=\"Sonora en Equipo. Conversaci\u00f3n con Joe Biden se desarroll\u00f3 en ambiente de respeto y amistad: AMLO Rep\u00fablica\" \/>\n<meta property=\"og:description\" content=\"CIUDAD DE M\u00c9XICO. MX. \u2014 Esta ma\u00f1ana de martes (02.03.2021), L\u00f3pez Obrador destac\u00f3 que la conversaci\u00f3n con el presidente de Estados Unidos, Joe Biden, &quot;se En Sonora en Equipo publicamos toda la informaci\u00f3n de Sonora, M\u00e9xico y el Mundo de manera oportuna y busca que la libertad de expresi\u00f3n sea real. Visita nuestro medio informativo publicado desde Hermosillo, Sonora. %\" \/>\n<meta property=\"og:url\" content=\"https:\/\/www.sonoraenequipo.com.mx\/conversacion-con-joe-biden-se-desarrollo-en-ambiente-de-respeto-y-amistad-amlo\/\" \/>\n<meta property=\"og:site_name\" content=\"Sonora en Equipo.\" \/>\n<meta property=\"article:publisher\" content=\"https:\/\/www.facebook.com\/SonoraEE\/\" \/>\n<meta property=\"article:author\" content=\"https:\/\/www.facebook.com\/SonoraEE\" \/>\n<meta property=\"article:published_time\" content=\"2021-03-02T16:29:49+00:00\" \/>\n<meta property=\"og:image\" content=\"https:\/\/www.sonoraenequipo.com.mx\/storage\/2021\/03\/conferencia-mananera_opt7.jpg\" \/>\n\t<meta property=\"og:image:width\" content=\"710\" \/>\n\t<meta property=\"og:image:height\" content=\"400\" \/>\n\t<meta property=\"og:image:type\" content=\"image\/jpeg\" \/>\n<meta name=\"author\" content=\"enequipo\" \/>\n<meta name=\"twitter:card\" content=\"summary_large_image\" \/>\n<meta name=\"twitter:creator\" content=\"@sonoraenequipo\" \/>\n<meta name=\"twitter:site\" content=\"@sonoraenequipo\" \/>\n<meta name=\"twitter:label1\" content=\"Escrito por\" \/>\n\t<meta name=\"twitter:data1\" content=\"enequipo\" \/>\n\t<meta name=\"twitter:label2\" content=\"Tiempo de lectura\" \/>\n\t<meta name=\"twitter:data2\" content=\"3 minutos\" \/>\n<script type=\"application\/ld+json\" class=\"yoast-schema-graph\">{\"@context\":\"https:\/\/schema.org\",\"@graph\":[{\"@type\":\"Article\",\"@id\":\"https:\/\/www.sonoraenequipo.com.mx\/conversacion-con-joe-biden-se-desarrollo-en-ambiente-de-respeto-y-amistad-amlo\/#article\",\"isPartOf\":{\"@id\":\"https:\/\/www.sonoraenequipo.com.mx\/conversacion-con-joe-biden-se-desarrollo-en-ambiente-de-respeto-y-amistad-amlo\/\"},\"author\":{\"name\":\"enequipo\",\"@id\":\"https:\/\/www.sonoraenequipo.com.mx\/#\/schema\/person\/50102df0fb23a8fa9e8effad8fa81386\"},\"headline\":\"Conversaci\u00f3n con Joe Biden se desarroll\u00f3 en ambiente de respeto y amistad: AMLO\",\"datePublished\":\"2021-03-02T16:29:49+00:00\",\"mainEntityOfPage\":{\"@id\":\"https:\/\/www.sonoraenequipo.com.mx\/conversacion-con-joe-biden-se-desarrollo-en-ambiente-de-respeto-y-amistad-amlo\/\"},\"wordCount\":552,\"commentCount\":0,\"publisher\":{\"@id\":\"https:\/\/www.sonoraenequipo.com.mx\/#organization\"},\"image\":{\"@id\":\"https:\/\/www.sonoraenequipo.com.mx\/conversacion-con-joe-biden-se-desarrollo-en-ambiente-de-respeto-y-amistad-amlo\/#primaryimage\"},\"thumbnailUrl\":\"https:\/\/www.sonoraenequipo.com.mx\/storage\/2021\/03\/conferencia-mananera_opt7.jpg\",\"articleSection\":[\"Rep\u00fablica\"],\"inLanguage\":\"es\",\"potentialAction\":[{\"@type\":\"CommentAction\",\"name\":\"Comment\",\"target\":[\"https:\/\/www.sonoraenequipo.com.mx\/conversacion-con-joe-biden-se-desarrollo-en-ambiente-de-respeto-y-amistad-amlo\/#respond\"]}]},{\"@type\":\"WebPage\",\"@id\":\"https:\/\/www.sonoraenequipo.com.mx\/conversacion-con-joe-biden-se-desarrollo-en-ambiente-de-respeto-y-amistad-amlo\/\",\"url\":\"https:\/\/www.sonoraenequipo.com.mx\/conversacion-con-joe-biden-se-desarrollo-en-ambiente-de-respeto-y-amistad-amlo\/\",\"name\":\"Sonora en Equipo. Conversaci\u00f3n con Joe Biden se desarroll\u00f3 en ambiente de respeto y amistad: AMLO Rep\u00fablica\",\"isPartOf\":{\"@id\":\"https:\/\/www.sonoraenequipo.com.mx\/#website\"},\"primaryImageOfPage\":{\"@id\":\"https:\/\/www.sonoraenequipo.com.mx\/conversacion-con-joe-biden-se-desarrollo-en-ambiente-de-respeto-y-amistad-amlo\/#primaryimage\"},\"image\":{\"@id\":\"https:\/\/www.sonoraenequipo.com.mx\/conversacion-con-joe-biden-se-desarrollo-en-ambiente-de-respeto-y-amistad-amlo\/#primaryimage\"},\"thumbnailUrl\":\"https:\/\/www.sonoraenequipo.com.mx\/storage\/2021\/03\/conferencia-mananera_opt7.jpg\",\"datePublished\":\"2021-03-02T16:29:49+00:00\",\"description\":\"CIUDAD DE M\u00c9XICO. MX. \u2014 Esta ma\u00f1ana de martes (02.03.2021), L\u00f3pez Obrador destac\u00f3 que la conversaci\u00f3n con el presidente de Estados Unidos, Joe Biden, \\\"se En Sonora en Equipo publicamos toda la informaci\u00f3n de Sonora, M\u00e9xico y el Mundo de manera oportuna y busca que la libertad de expresi\u00f3n sea real. Visita nuestro medio informativo publicado desde Hermosillo, Sonora. %\",\"breadcrumb\":{\"@id\":\"https:\/\/www.sonoraenequipo.com.mx\/conversacion-con-joe-biden-se-desarrollo-en-ambiente-de-respeto-y-amistad-amlo\/#breadcrumb\"},\"inLanguage\":\"es\",\"potentialAction\":[{\"@type\":\"ReadAction\",\"target\":[\"https:\/\/www.sonoraenequipo.com.mx\/conversacion-con-joe-biden-se-desarrollo-en-ambiente-de-respeto-y-amistad-amlo\/\"]}]},{\"@type\":\"ImageObject\",\"inLanguage\":\"es\",\"@id\":\"https:\/\/www.sonoraenequipo.com.mx\/conversacion-con-joe-biden-se-desarrollo-en-ambiente-de-respeto-y-amistad-amlo\/#primaryimage\",\"url\":\"https:\/\/www.sonoraenequipo.com.mx\/storage\/2021\/03\/conferencia-mananera_opt7.jpg\",\"contentUrl\":\"https:\/\/www.sonoraenequipo.com.mx\/storage\/2021\/03\/conferencia-mananera_opt7.jpg\",\"width\":710,\"height\":400},{\"@type\":\"BreadcrumbList\",\"@id\":\"https:\/\/www.sonoraenequipo.com.mx\/conversacion-con-joe-biden-se-desarrollo-en-ambiente-de-respeto-y-amistad-amlo\/#breadcrumb\",\"itemListElement\":[{\"@type\":\"ListItem\",\"position\":1,\"name\":\"Portada\",\"item\":\"https:\/\/www.sonoraenequipo.com.mx\/\"},{\"@type\":\"ListItem\",\"position\":2,\"name\":\"Conversaci\u00f3n con Joe Biden se desarroll\u00f3 en ambiente de respeto y amistad: AMLO\"}]},{\"@type\":\"WebSite\",\"@id\":\"https:\/\/www.sonoraenequipo.com.mx\/#website\",\"url\":\"https:\/\/www.sonoraenequipo.com.mx\/\",\"name\":\"Sonora en Equipo.\",\"description\":\"Diario en l\u00ednea con Noticias desde Hermosillo, Sonora\",\"publisher\":{\"@id\":\"https:\/\/www.sonoraenequipo.com.mx\/#organization\"},\"potentialAction\":[{\"@type\":\"SearchAction\",\"target\":{\"@type\":\"EntryPoint\",\"urlTemplate\":\"https:\/\/www.sonoraenequipo.com.mx\/?s={search_term_string}\"},\"query-input\":{\"@type\":\"PropertyValueSpecification\",\"valueRequired\":true,\"valueName\":\"search_term_string\"}}],\"inLanguage\":\"es\"},{\"@type\":\"Organization\",\"@id\":\"https:\/\/www.sonoraenequipo.com.mx\/#organization\",\"name\":\"Sonoraenequipo.com.mx\",\"url\":\"https:\/\/www.sonoraenequipo.com.mx\/\",\"logo\":{\"@type\":\"ImageObject\",\"inLanguage\":\"es\",\"@id\":\"https:\/\/www.sonoraenequipo.com.mx\/#\/schema\/logo\/image\/\",\"url\":\"https:\/\/www.sonoraenequipo.com.mx\/storage\/2019\/01\/sonoraenequipo_opt.png\",\"contentUrl\":\"https:\/\/www.sonoraenequipo.com.mx\/storage\/2019\/01\/sonoraenequipo_opt.png\",\"width\":375,\"height\":125,\"caption\":\"Sonoraenequipo.com.mx\"},\"image\":{\"@id\":\"https:\/\/www.sonoraenequipo.com.mx\/#\/schema\/logo\/image\/\"},\"sameAs\":[\"https:\/\/www.facebook.com\/SonoraEE\/\",\"https:\/\/x.com\/sonoraenequipo\",\"https:\/\/www.youtube.com\/channel\/UC338nW-lPEYmJQs4ZABQ1SQ\"]},{\"@type\":\"Person\",\"@id\":\"https:\/\/www.sonoraenequipo.com.mx\/#\/schema\/person\/50102df0fb23a8fa9e8effad8fa81386\",\"name\":\"enequipo\",\"image\":{\"@type\":\"ImageObject\",\"inLanguage\":\"es\",\"@id\":\"https:\/\/www.sonoraenequipo.com.mx\/#\/schema\/person\/image\/\",\"url\":\"https:\/\/secure.gravatar.com\/avatar\/049821681b589dabc0bc20695993ccebb09f5b5d4d790cd9251b97faac7c652b?s=96&d=blank&r=g\",\"contentUrl\":\"https:\/\/secure.gravatar.com\/avatar\/049821681b589dabc0bc20695993ccebb09f5b5d4d790cd9251b97faac7c652b?s=96&d=blank&r=g\",\"caption\":\"enequipo\"},\"sameAs\":[\"https:\/\/www.facebook.com\/SonoraEE\"]}]}<\/script>\n ","yoast_head_json":{"title":"Sonora en Equipo. Conversaci\u00f3n con Joe Biden se desarroll\u00f3 en ambiente de respeto y amistad: AMLO Rep\u00fablica","description":"CIUDAD DE M\u00c9XICO. MX. \u2014 Esta ma\u00f1ana de martes (02.03.2021), L\u00f3pez Obrador destac\u00f3 que la conversaci\u00f3n con el presidente de Estados Unidos, Joe Biden, \"se En Sonora en Equipo publicamos toda la informaci\u00f3n de Sonora, M\u00e9xico y el Mundo de manera oportuna y busca que la libertad de expresi\u00f3n sea real. Visita nuestro medio informativo publicado desde Hermosillo, Sonora. %","robots":{"index":"index","follow":"follow","max-snippet":"max-snippet:-1","max-image-preview":"max-image-preview:large","max-video-preview":"max-video-preview:-1"},"canonical":"https:\/\/www.sonoraenequipo.com.mx\/conversacion-con-joe-biden-se-desarrollo-en-ambiente-de-respeto-y-amistad-amlo\/","og_locale":"es_ES","og_type":"article","og_title":"Sonora en Equipo. Conversaci\u00f3n con Joe Biden se desarroll\u00f3 en ambiente de respeto y amistad: AMLO Rep\u00fablica","og_description":"CIUDAD DE M\u00c9XICO. MX. \u2014 Esta ma\u00f1ana de martes (02.03.2021), L\u00f3pez Obrador destac\u00f3 que la conversaci\u00f3n con el presidente de Estados Unidos, Joe Biden, \"se En Sonora en Equipo publicamos toda la informaci\u00f3n de Sonora, M\u00e9xico y el Mundo de manera oportuna y busca que la libertad de expresi\u00f3n sea real. Visita nuestro medio informativo publicado desde Hermosillo, Sonora. %","og_url":"https:\/\/www.sonoraenequipo.com.mx\/conversacion-con-joe-biden-se-desarrollo-en-ambiente-de-respeto-y-amistad-amlo\/","og_site_name":"Sonora en Equipo.","article_publisher":"https:\/\/www.facebook.com\/SonoraEE\/","article_author":"https:\/\/www.facebook.com\/SonoraEE","article_published_time":"2021-03-02T16:29:49+00:00","og_image":[{"width":710,"height":400,"url":"https:\/\/www.sonoraenequipo.com.mx\/storage\/2021\/03\/conferencia-mananera_opt7.jpg","type":"image\/jpeg"}],"author":"enequipo","twitter_card":"summary_large_image","twitter_creator":"@sonoraenequipo","twitter_site":"@sonoraenequipo","twitter_misc":{"Escrito por":"enequipo","Tiempo de lectura":"3 minutos"},"schema":{"@context":"https:\/\/schema.org","@graph":[{"@type":"Article","@id":"https:\/\/www.sonoraenequipo.com.mx\/conversacion-con-joe-biden-se-desarrollo-en-ambiente-de-respeto-y-amistad-amlo\/#article","isPartOf":{"@id":"https:\/\/www.sonoraenequipo.com.mx\/conversacion-con-joe-biden-se-desarrollo-en-ambiente-de-respeto-y-amistad-amlo\/"},"author":{"name":"enequipo","@id":"https:\/\/www.sonoraenequipo.com.mx\/#\/schema\/person\/50102df0fb23a8fa9e8effad8fa81386"},"headline":"Conversaci\u00f3n con Joe Biden se desarroll\u00f3 en ambiente de respeto y amistad: AMLO","datePublished":"2021-03-02T16:29:49+00:00","mainEntityOfPage":{"@id":"https:\/\/www.sonoraenequipo.com.mx\/conversacion-con-joe-biden-se-desarrollo-en-ambiente-de-respeto-y-amistad-amlo\/"},"wordCount":552,"commentCount":0,"publisher":{"@id":"https:\/\/www.sonoraenequipo.com.mx\/#organization"},"image":{"@id":"https:\/\/www.sonoraenequipo.com.mx\/conversacion-con-joe-biden-se-desarrollo-en-ambiente-de-respeto-y-amistad-amlo\/#primaryimage"},"thumbnailUrl":"https:\/\/www.sonoraenequipo.com.mx\/storage\/2021\/03\/conferencia-mananera_opt7.jpg","articleSection":["Rep\u00fablica"],"inLanguage":"es","potentialAction":[{"@type":"CommentAction","name":"Comment","target":["https:\/\/www.sonoraenequipo.com.mx\/conversacion-con-joe-biden-se-desarrollo-en-ambiente-de-respeto-y-amistad-amlo\/#respond"]}]},{"@type":"WebPage","@id":"https:\/\/www.sonoraenequipo.com.mx\/conversacion-con-joe-biden-se-desarrollo-en-ambiente-de-respeto-y-amistad-amlo\/","url":"https:\/\/www.sonoraenequipo.com.mx\/conversacion-con-joe-biden-se-desarrollo-en-ambiente-de-respeto-y-amistad-amlo\/","name":"Sonora en Equipo. Conversaci\u00f3n con Joe Biden se desarroll\u00f3 en ambiente de respeto y amistad: AMLO Rep\u00fablica","isPartOf":{"@id":"https:\/\/www.sonoraenequipo.com.mx\/#website"},"primaryImageOfPage":{"@id":"https:\/\/www.sonoraenequipo.com.mx\/conversacion-con-joe-biden-se-desarrollo-en-ambiente-de-respeto-y-amistad-amlo\/#primaryimage"},"image":{"@id":"https:\/\/www.sonoraenequipo.com.mx\/conversacion-con-joe-biden-se-desarrollo-en-ambiente-de-respeto-y-amistad-amlo\/#primaryimage"},"thumbnailUrl":"https:\/\/www.sonoraenequipo.com.mx\/storage\/2021\/03\/conferencia-mananera_opt7.jpg","datePublished":"2021-03-02T16:29:49+00:00","description":"CIUDAD DE M\u00c9XICO. MX. \u2014 Esta ma\u00f1ana de martes (02.03.2021), L\u00f3pez Obrador destac\u00f3 que la conversaci\u00f3n con el presidente de Estados Unidos, Joe Biden, \"se En Sonora en Equipo publicamos toda la informaci\u00f3n de Sonora, M\u00e9xico y el Mundo de manera oportuna y busca que la libertad de expresi\u00f3n sea real. Visita nuestro medio informativo publicado desde Hermosillo, Sonora. %","breadcrumb":{"@id":"https:\/\/www.sonoraenequipo.com.mx\/conversacion-con-joe-biden-se-desarrollo-en-ambiente-de-respeto-y-amistad-amlo\/#breadcrumb"},"inLanguage":"es","potentialAction":[{"@type":"ReadAction","target":["https:\/\/www.sonoraenequipo.com.mx\/conversacion-con-joe-biden-se-desarrollo-en-ambiente-de-respeto-y-amistad-amlo\/"]}]},{"@type":"ImageObject","inLanguage":"es","@id":"https:\/\/www.sonoraenequipo.com.mx\/conversacion-con-joe-biden-se-desarrollo-en-ambiente-de-respeto-y-amistad-amlo\/#primaryimage","url":"https:\/\/www.sonoraenequipo.com.mx\/storage\/2021\/03\/conferencia-mananera_opt7.jpg","contentUrl":"https:\/\/www.sonoraenequipo.com.mx\/storage\/2021\/03\/conferencia-mananera_opt7.jpg","width":710,"height":400},{"@type":"BreadcrumbList","@id":"https:\/\/www.sonoraenequipo.com.mx\/conversacion-con-joe-biden-se-desarrollo-en-ambiente-de-respeto-y-amistad-amlo\/#breadcrumb","itemListElement":[{"@type":"ListItem","position":1,"name":"Portada","item":"https:\/\/www.sonoraenequipo.com.mx\/"},{"@type":"ListItem","position":2,"name":"Conversaci\u00f3n con Joe Biden se desarroll\u00f3 en ambiente de respeto y amistad: AMLO"}]},{"@type":"WebSite","@id":"https:\/\/www.sonoraenequipo.com.mx\/#website","url":"https:\/\/www.sonoraenequipo.com.mx\/","name":"Sonora en Equipo.","description":"Diario en l\u00ednea con Noticias desde Hermosillo, Sonora","publisher":{"@id":"https:\/\/www.sonoraenequipo.com.mx\/#organization"},"potentialAction":[{"@type":"SearchAction","target":{"@type":"EntryPoint","urlTemplate":"https:\/\/www.sonoraenequipo.com.mx\/?s={search_term_string}"},"query-input":{"@type":"PropertyValueSpecification","valueRequired":true,"valueName":"search_term_string"}}],"inLanguage":"es"},{"@type":"Organization","@id":"https:\/\/www.sonoraenequipo.com.mx\/#organization","name":"Sonoraenequipo.com.mx","url":"https:\/\/www.sonoraenequipo.com.mx\/","logo":{"@type":"ImageObject","inLanguage":"es","@id":"https:\/\/www.sonoraenequipo.com.mx\/#\/schema\/logo\/image\/","url":"https:\/\/www.sonoraenequipo.com.mx\/storage\/2019\/01\/sonoraenequipo_opt.png","contentUrl":"https:\/\/www.sonoraenequipo.com.mx\/storage\/2019\/01\/sonoraenequipo_opt.png","width":375,"height":125,"caption":"Sonoraenequipo.com.mx"},"image":{"@id":"https:\/\/www.sonoraenequipo.com.mx\/#\/schema\/logo\/image\/"},"sameAs":["https:\/\/www.facebook.com\/SonoraEE\/","https:\/\/x.com\/sonoraenequipo","https:\/\/www.youtube.com\/channel\/UC338nW-lPEYmJQs4ZABQ1SQ"]},{"@type":"Person","@id":"https:\/\/www.sonoraenequipo.com.mx\/#\/schema\/person\/50102df0fb23a8fa9e8effad8fa81386","name":"enequipo","image":{"@type":"ImageObject","inLanguage":"es","@id":"https:\/\/www.sonoraenequipo.com.mx\/#\/schema\/person\/image\/","url":"https:\/\/secure.gravatar.com\/avatar\/049821681b589dabc0bc20695993ccebb09f5b5d4d790cd9251b97faac7c652b?s=96&d=blank&r=g","contentUrl":"https:\/\/secure.gravatar.com\/avatar\/049821681b589dabc0bc20695993ccebb09f5b5d4d790cd9251b97faac7c652b?s=96&d=blank&r=g","caption":"enequipo"},"sameAs":["https:\/\/www.facebook.com\/SonoraEE"]}]}},"jetpack_featured_media_url":"https:\/\/www.sonoraenequipo.com.mx\/storage\/2021\/03\/conferencia-mananera_opt7.jpg","_links":{"self":[{"href":"https:\/\/www.sonoraenequipo.com.mx\/api\/wp\/v2\/posts\/108016","targetHints":{"allow":["GET"]}}],"collection":[{"href":"https:\/\/www.sonoraenequipo.com.mx\/api\/wp\/v2\/posts"}],"about":[{"href":"https:\/\/www.sonoraenequipo.com.mx\/api\/wp\/v2\/types\/post"}],"author":[{"embeddable":true,"href":"https:\/\/www.sonoraenequipo.com.mx\/api\/wp\/v2\/users\/1"}],"replies":[{"embeddable":true,"href":"https:\/\/www.sonoraenequipo.com.mx\/api\/wp\/v2\/comments?post=108016"}],"version-history":[{"count":1,"href":"https:\/\/www.sonoraenequipo.com.mx\/api\/wp\/v2\/posts\/108016\/revisions"}],"predecessor-version":[{"id":108019,"href":"https:\/\/www.sonoraenequipo.com.mx\/api\/wp\/v2\/posts\/108016\/revisions\/108019"}],"wp:featuredmedia":[{"embeddable":true,"href":"https:\/\/www.sonoraenequipo.com.mx\/api\/wp\/v2\/media\/108017"}],"wp:attachment":[{"href":"https:\/\/www.sonoraenequipo.com.mx\/api\/wp\/v2\/media?parent=108016"}],"wp:term":[{"taxonomy":"category","embeddable":true,"href":"https:\/\/www.sonoraenequipo.com.mx\/api\/wp\/v2\/categories?post=108016"},{"taxonomy":"post_tag","embeddable":true,"href":"https:\/\/www.sonoraenequipo.com.mx\/api\/wp\/v2\/tags?post=108016"}],"curies":[{"name":"wp","href":"https:\/\/api.w.org\/{rel}","templated":true}]}}