{"id":108020,"date":"2021-03-01T23:55:35","date_gmt":"2021-03-02T06:55:35","guid":{"rendered":"https:\/\/www.sonoraenequipo.com.mx\/?p=108020"},"modified":"2021-03-02T09:44:56","modified_gmt":"2021-03-02T16:44:56","slug":"giran-otra-odenan-de-aprehension-contra-roberto-sandoval-exgobernador-de-nayarit","status":"publish","type":"post","link":"https:\/\/www.sonoraenequipo.com.mx\/giran-otra-odenan-de-aprehension-contra-roberto-sandoval-exgobernador-de-nayarit\/","title":{"rendered":"Giran otra odenan de aprehensi\u00f3n contra Roberto Sandoval, exgobernador de Nayarit"},"content":{"rendered":"<p>CIUDAD DE M\u00c9XICO. MX. \u2014\u00a0 Un juez de control del Centro de Justicia Penal Federal de Nayarit dict\u00f3 \u00f3rdenes de aprehensi\u00f3n en contra de Roberto Sandoval, exgobernador de este estado, y de su hija Lidy, por su probable responsabilidad en el delito de operaciones con recursos de procedencia il\u00edcita.<\/p>\n<p>&nbsp;<\/p>\n<p> <\/p>\n<p>&nbsp;<\/p>\n<p>El juez consider\u00f3 que el delito por el que se les acusa es de especial relevancia debido a que fue en detrimento de las finanzas p\u00fablicas de Nayarit.<\/p>\n<p>&nbsp;<\/p>\n<p>La Fiscal\u00eda General de la Rep\u00fablica (FGR) inform\u00f3 en su cuenta de Twitter que adem\u00e1s existen datos de prueba, tanto en el fuero com\u00fan como el federal, de su presunta vinculaci\u00f3n con diversas personas que han sido detenidas en un pa\u00eds extranjero por delitos relacionados con la delincuencia organizada.<\/p>\n<p>&nbsp;<\/p>\n<p>A\u00f1adi\u00f3 que con base en los mandamientos judiciales y en los procedimientos a los que haya lugar, se podr\u00e1 buscar la colaboraci\u00f3n de otras instituciones de Seguridad para el cumplimiento de las \u00f3rdenes, adem\u00e1s de pedir a la Interpol emitir ficha roja para su localizaci\u00f3n.<\/p>\n<p>&nbsp;<\/p>\n<p>La FGR agreg\u00f3 que el juez que gir\u00f3 la orden consider\u00f3 que el exgobernador y su hija <em>\u201cprobablemente cuentan con una alta capacidad econ\u00f3mica y tienen nexos con un grupo delictivo organizado\u201d.<\/em><\/p>\n<p>&nbsp;<\/p>\n<h3>No es la primera orden de aprehensi\u00f3n contra Sandoval<\/h3>\n<p>&nbsp;<\/p>\n<p>No es la primera orden de arresto contra Sandoval, pues en noviembre del a\u00f1o pasado un juez de control orden\u00f3 su arresto luego de que la Fiscal\u00eda de Nayarit lo denunciara por malversaci\u00f3n de caudales p\u00fablicos y ejercicio indebido de funciones.<\/p>\n<p>&nbsp;<\/p>\n<p>De acuerdo con el Ministerio P\u00fablico estatal, Sandoval, que gobern\u00f3 Nayarit entre 2011 y 2017 con el Partido Revolucionario Institucional (PRI), est\u00e1 \u201cpr\u00f3fugo de la justicia\u201d y ya no se encuentra en Nayarit.<\/p>\n<p>&nbsp;<\/p>\n<p>A Sandoval se le acusa de un desfalco en el Fondo de Inversi\u00f3n y Reinversi\u00f3n para la Creaci\u00f3n y Apoyo de Empresas Sociales del Estado de Nayarit.<\/p>\n<p>&nbsp;<\/p>\n<p>Seg\u00fan la Fiscal\u00eda estatal, al exgobernador le podr\u00edan caer hasta 20 a\u00f1os de c\u00e1rcel, inhabilitaci\u00f3n para cargos p\u00fablicos y una sanci\u00f3n de reparaci\u00f3n del da\u00f1o de unos 20 millones de pesos (un mill\u00f3n de d\u00f3lares).<\/p>\n<p>&nbsp;<\/p>\n<p>El 28 de febrero del a\u00f1o pasado, el entonces secretario de Estado de Estados Unidos, Mike Pompeo, acus\u00f3 a Roberto Sandoval de recibir sobornos del crimen organizado.<\/p>\n<p>&nbsp;<\/p>\n<p>Pompeo precis\u00f3 que el Departamento del Tesoro ya congel\u00f3 las cuentas del exgobernador Sandoval, debido a que tienen pruebas de que recibi\u00f3 dinero del C\u00e1rtel Jalisco Nueva Generaci\u00f3n.<\/p>\n<p>&nbsp;<\/p>\n<p>Otro funcionario del estado de Nayarit que ya fue condenado y est\u00e1 preso en Estados Unidos es \u00c9dgar Veytia, quien fuera fiscal general de Nayarit durante la Administraci\u00f3n de Roberto Sandoval.<\/p>\n<p>&nbsp;<\/p>\n<p>(Publicada el 02\/03\/2021\/ Fiscal\u00eda General de la Rep\u00fablica y EFE)<\/p>\n","protected":false},"excerpt":{"rendered":"<p>CIUDAD DE M\u00c9XICO. MX. \u2014\u00a0 Un juez de control del Centro de Justicia Penal Federal&#8230;<\/p>\n","protected":false},"author":1,"featured_media":108022,"comment_status":"open","ping_status":"open","sticky":false,"template":"","format":"standard","meta":{"_monsterinsights_skip_tracking":false,"_monsterinsights_sitenote_active":false,"_monsterinsights_sitenote_note":"","_monsterinsights_sitenote_category":0,"footnotes":""},"categories":[5],"tags":[278,5479,5480,5481],"class_list":["post"],"yoast_head":" \n<title>Sonora en Equipo. Giran otra odenan de aprehensi\u00f3n contra Roberto Sandoval, exgobernador de Nayarit Rep\u00fablica<\/title>\n<meta name=\"description\" content=\"CIUDAD DE M\u00c9XICO. MX. \u2014\u00a0 Un juez de control del Centro de Justicia Penal Federal de Nayarit dict\u00f3 \u00f3rdenes de aprehensi\u00f3n en contra de Roberto Sandoval, En Sonora en Equipo publicamos toda la informaci\u00f3n de Sonora, M\u00e9xico y el Mundo de manera oportuna y busca que la libertad de expresi\u00f3n sea real. Visita nuestro medio informativo publicado desde Hermosillo, Sonora. %\" \/>\n<meta name=\"robots\" content=\"index, follow, max-snippet:-1, max-image-preview:large, max-video-preview:-1\" \/>\n<link rel=\"canonical\" href=\"https:\/\/www.sonoraenequipo.com.mx\/giran-otra-odenan-de-aprehension-contra-roberto-sandoval-exgobernador-de-nayarit\/\" \/>\n<meta property=\"og:locale\" content=\"es_ES\" \/>\n<meta property=\"og:type\" content=\"article\" \/>\n<meta property=\"og:title\" content=\"Sonora en Equipo. Giran otra odenan de aprehensi\u00f3n contra Roberto Sandoval, exgobernador de Nayarit Rep\u00fablica\" \/>\n<meta property=\"og:description\" content=\"CIUDAD DE M\u00c9XICO. MX. \u2014\u00a0 Un juez de control del Centro de Justicia Penal Federal de Nayarit dict\u00f3 \u00f3rdenes de aprehensi\u00f3n en contra de Roberto Sandoval, En Sonora en Equipo publicamos toda la informaci\u00f3n de Sonora, M\u00e9xico y el Mundo de manera oportuna y busca que la libertad de expresi\u00f3n sea real. Visita nuestro medio informativo publicado desde Hermosillo, Sonora. %\" \/>\n<meta property=\"og:url\" content=\"https:\/\/www.sonoraenequipo.com.mx\/giran-otra-odenan-de-aprehension-contra-roberto-sandoval-exgobernador-de-nayarit\/\" \/>\n<meta property=\"og:site_name\" content=\"Sonora en Equipo.\" \/>\n<meta property=\"article:publisher\" content=\"https:\/\/www.facebook.com\/SonoraEE\/\" \/>\n<meta property=\"article:author\" content=\"https:\/\/www.facebook.com\/SonoraEE\" \/>\n<meta property=\"article:published_time\" content=\"2021-03-02T06:55:35+00:00\" \/>\n<meta property=\"article:modified_time\" content=\"2021-03-02T16:44:56+00:00\" \/>\n<meta property=\"og:image\" content=\"https:\/\/www.sonoraenequipo.com.mx\/storage\/2021\/03\/sandoval_opt.jpg\" \/>\n\t<meta property=\"og:image:width\" content=\"800\" \/>\n\t<meta property=\"og:image:height\" content=\"400\" \/>\n\t<meta property=\"og:image:type\" content=\"image\/jpeg\" \/>\n<meta name=\"author\" content=\"enequipo\" \/>\n<meta name=\"twitter:card\" content=\"summary_large_image\" \/>\n<meta name=\"twitter:creator\" content=\"@sonoraenequipo\" \/>\n<meta name=\"twitter:site\" content=\"@sonoraenequipo\" \/>\n<meta name=\"twitter:label1\" content=\"Escrito por\" \/>\n\t<meta name=\"twitter:data1\" content=\"enequipo\" \/>\n\t<meta name=\"twitter:label2\" content=\"Tiempo de lectura\" \/>\n\t<meta name=\"twitter:data2\" content=\"2 minutos\" \/>\n<script type=\"application\/ld+json\" class=\"yoast-schema-graph\">{\"@context\":\"https:\/\/schema.org\",\"@graph\":[{\"@type\":\"Article\",\"@id\":\"https:\/\/www.sonoraenequipo.com.mx\/giran-otra-odenan-de-aprehension-contra-roberto-sandoval-exgobernador-de-nayarit\/#article\",\"isPartOf\":{\"@id\":\"https:\/\/www.sonoraenequipo.com.mx\/giran-otra-odenan-de-aprehension-contra-roberto-sandoval-exgobernador-de-nayarit\/\"},\"author\":{\"name\":\"enequipo\",\"@id\":\"https:\/\/www.sonoraenequipo.com.mx\/#\/schema\/person\/50102df0fb23a8fa9e8effad8fa81386\"},\"headline\":\"Giran otra odenan de aprehensi\u00f3n contra Roberto Sandoval, exgobernador de Nayarit\",\"datePublished\":\"2021-03-02T06:55:35+00:00\",\"dateModified\":\"2021-03-02T16:44:56+00:00\",\"mainEntityOfPage\":{\"@id\":\"https:\/\/www.sonoraenequipo.com.mx\/giran-otra-odenan-de-aprehension-contra-roberto-sandoval-exgobernador-de-nayarit\/\"},\"wordCount\":506,\"commentCount\":0,\"publisher\":{\"@id\":\"https:\/\/www.sonoraenequipo.com.mx\/#organization\"},\"image\":{\"@id\":\"https:\/\/www.sonoraenequipo.com.mx\/giran-otra-odenan-de-aprehension-contra-roberto-sandoval-exgobernador-de-nayarit\/#primaryimage\"},\"thumbnailUrl\":\"https:\/\/www.sonoraenequipo.com.mx\/storage\/2021\/03\/sandoval_opt.jpg\",\"keywords\":[\"Corrupci\u00f3n\",\"nayarit\",\"orden de aprehensi\u00f3n\",\"Roberto Sandoval\"],\"articleSection\":[\"Rep\u00fablica\"],\"inLanguage\":\"es\",\"potentialAction\":[{\"@type\":\"CommentAction\",\"name\":\"Comment\",\"target\":[\"https:\/\/www.sonoraenequipo.com.mx\/giran-otra-odenan-de-aprehension-contra-roberto-sandoval-exgobernador-de-nayarit\/#respond\"]}]},{\"@type\":\"WebPage\",\"@id\":\"https:\/\/www.sonoraenequipo.com.mx\/giran-otra-odenan-de-aprehension-contra-roberto-sandoval-exgobernador-de-nayarit\/\",\"url\":\"https:\/\/www.sonoraenequipo.com.mx\/giran-otra-odenan-de-aprehension-contra-roberto-sandoval-exgobernador-de-nayarit\/\",\"name\":\"Sonora en Equipo. Giran otra odenan de aprehensi\u00f3n contra Roberto Sandoval, exgobernador de Nayarit Rep\u00fablica\",\"isPartOf\":{\"@id\":\"https:\/\/www.sonoraenequipo.com.mx\/#website\"},\"primaryImageOfPage\":{\"@id\":\"https:\/\/www.sonoraenequipo.com.mx\/giran-otra-odenan-de-aprehension-contra-roberto-sandoval-exgobernador-de-nayarit\/#primaryimage\"},\"image\":{\"@id\":\"https:\/\/www.sonoraenequipo.com.mx\/giran-otra-odenan-de-aprehension-contra-roberto-sandoval-exgobernador-de-nayarit\/#primaryimage\"},\"thumbnailUrl\":\"https:\/\/www.sonoraenequipo.com.mx\/storage\/2021\/03\/sandoval_opt.jpg\",\"datePublished\":\"2021-03-02T06:55:35+00:00\",\"dateModified\":\"2021-03-02T16:44:56+00:00\",\"description\":\"CIUDAD DE M\u00c9XICO. MX. \u2014\u00a0 Un juez de control del Centro de Justicia Penal Federal de Nayarit dict\u00f3 \u00f3rdenes de aprehensi\u00f3n en contra de Roberto Sandoval, En Sonora en Equipo publicamos toda la informaci\u00f3n de Sonora, M\u00e9xico y el Mundo de manera oportuna y busca que la libertad de expresi\u00f3n sea real. Visita nuestro medio informativo publicado desde Hermosillo, Sonora. %\",\"breadcrumb\":{\"@id\":\"https:\/\/www.sonoraenequipo.com.mx\/giran-otra-odenan-de-aprehension-contra-roberto-sandoval-exgobernador-de-nayarit\/#breadcrumb\"},\"inLanguage\":\"es\",\"potentialAction\":[{\"@type\":\"ReadAction\",\"target\":[\"https:\/\/www.sonoraenequipo.com.mx\/giran-otra-odenan-de-aprehension-contra-roberto-sandoval-exgobernador-de-nayarit\/\"]}]},{\"@type\":\"ImageObject\",\"inLanguage\":\"es\",\"@id\":\"https:\/\/www.sonoraenequipo.com.mx\/giran-otra-odenan-de-aprehension-contra-roberto-sandoval-exgobernador-de-nayarit\/#primaryimage\",\"url\":\"https:\/\/www.sonoraenequipo.com.mx\/storage\/2021\/03\/sandoval_opt.jpg\",\"contentUrl\":\"https:\/\/www.sonoraenequipo.com.mx\/storage\/2021\/03\/sandoval_opt.jpg\",\"width\":800,\"height\":400},{\"@type\":\"BreadcrumbList\",\"@id\":\"https:\/\/www.sonoraenequipo.com.mx\/giran-otra-odenan-de-aprehension-contra-roberto-sandoval-exgobernador-de-nayarit\/#breadcrumb\",\"itemListElement\":[{\"@type\":\"ListItem\",\"position\":1,\"name\":\"Portada\",\"item\":\"https:\/\/www.sonoraenequipo.com.mx\/\"},{\"@type\":\"ListItem\",\"position\":2,\"name\":\"Giran otra odenan de aprehensi\u00f3n contra Roberto Sandoval, exgobernador de Nayarit\"}]},{\"@type\":\"WebSite\",\"@id\":\"https:\/\/www.sonoraenequipo.com.mx\/#website\",\"url\":\"https:\/\/www.sonoraenequipo.com.mx\/\",\"name\":\"Sonora en Equipo.\",\"description\":\"Diario en l\u00ednea con Noticias desde Hermosillo, Sonora\",\"publisher\":{\"@id\":\"https:\/\/www.sonoraenequipo.com.mx\/#organization\"},\"potentialAction\":[{\"@type\":\"SearchAction\",\"target\":{\"@type\":\"EntryPoint\",\"urlTemplate\":\"https:\/\/www.sonoraenequipo.com.mx\/?s={search_term_string}\"},\"query-input\":{\"@type\":\"PropertyValueSpecification\",\"valueRequired\":true,\"valueName\":\"search_term_string\"}}],\"inLanguage\":\"es\"},{\"@type\":\"Organization\",\"@id\":\"https:\/\/www.sonoraenequipo.com.mx\/#organization\",\"name\":\"Sonoraenequipo.com.mx\",\"url\":\"https:\/\/www.sonoraenequipo.com.mx\/\",\"logo\":{\"@type\":\"ImageObject\",\"inLanguage\":\"es\",\"@id\":\"https:\/\/www.sonoraenequipo.com.mx\/#\/schema\/logo\/image\/\",\"url\":\"https:\/\/www.sonoraenequipo.com.mx\/storage\/2019\/01\/sonoraenequipo_opt.png\",\"contentUrl\":\"https:\/\/www.sonoraenequipo.com.mx\/storage\/2019\/01\/sonoraenequipo_opt.png\",\"width\":375,\"height\":125,\"caption\":\"Sonoraenequipo.com.mx\"},\"image\":{\"@id\":\"https:\/\/www.sonoraenequipo.com.mx\/#\/schema\/logo\/image\/\"},\"sameAs\":[\"https:\/\/www.facebook.com\/SonoraEE\/\",\"https:\/\/x.com\/sonoraenequipo\",\"https:\/\/www.youtube.com\/channel\/UC338nW-lPEYmJQs4ZABQ1SQ\"]},{\"@type\":\"Person\",\"@id\":\"https:\/\/www.sonoraenequipo.com.mx\/#\/schema\/person\/50102df0fb23a8fa9e8effad8fa81386\",\"name\":\"enequipo\",\"image\":{\"@type\":\"ImageObject\",\"inLanguage\":\"es\",\"@id\":\"https:\/\/www.sonoraenequipo.com.mx\/#\/schema\/person\/image\/\",\"url\":\"https:\/\/secure.gravatar.com\/avatar\/049821681b589dabc0bc20695993ccebb09f5b5d4d790cd9251b97faac7c652b?s=96&d=blank&r=g\",\"contentUrl\":\"https:\/\/secure.gravatar.com\/avatar\/049821681b589dabc0bc20695993ccebb09f5b5d4d790cd9251b97faac7c652b?s=96&d=blank&r=g\",\"caption\":\"enequipo\"},\"sameAs\":[\"https:\/\/www.facebook.com\/SonoraEE\"]}]}<\/script>\n ","yoast_head_json":{"title":"Sonora en Equipo. Giran otra odenan de aprehensi\u00f3n contra Roberto Sandoval, exgobernador de Nayarit Rep\u00fablica","description":"CIUDAD DE M\u00c9XICO. MX. \u2014\u00a0 Un juez de control del Centro de Justicia Penal Federal de Nayarit dict\u00f3 \u00f3rdenes de aprehensi\u00f3n en contra de Roberto Sandoval, En Sonora en Equipo publicamos toda la informaci\u00f3n de Sonora, M\u00e9xico y el Mundo de manera oportuna y busca que la libertad de expresi\u00f3n sea real. Visita nuestro medio informativo publicado desde Hermosillo, Sonora. %","robots":{"index":"index","follow":"follow","max-snippet":"max-snippet:-1","max-image-preview":"max-image-preview:large","max-video-preview":"max-video-preview:-1"},"canonical":"https:\/\/www.sonoraenequipo.com.mx\/giran-otra-odenan-de-aprehension-contra-roberto-sandoval-exgobernador-de-nayarit\/","og_locale":"es_ES","og_type":"article","og_title":"Sonora en Equipo. Giran otra odenan de aprehensi\u00f3n contra Roberto Sandoval, exgobernador de Nayarit Rep\u00fablica","og_description":"CIUDAD DE M\u00c9XICO. MX. \u2014\u00a0 Un juez de control del Centro de Justicia Penal Federal de Nayarit dict\u00f3 \u00f3rdenes de aprehensi\u00f3n en contra de Roberto Sandoval, En Sonora en Equipo publicamos toda la informaci\u00f3n de Sonora, M\u00e9xico y el Mundo de manera oportuna y busca que la libertad de expresi\u00f3n sea real. Visita nuestro medio informativo publicado desde Hermosillo, Sonora. %","og_url":"https:\/\/www.sonoraenequipo.com.mx\/giran-otra-odenan-de-aprehension-contra-roberto-sandoval-exgobernador-de-nayarit\/","og_site_name":"Sonora en Equipo.","article_publisher":"https:\/\/www.facebook.com\/SonoraEE\/","article_author":"https:\/\/www.facebook.com\/SonoraEE","article_published_time":"2021-03-02T06:55:35+00:00","article_modified_time":"2021-03-02T16:44:56+00:00","og_image":[{"width":800,"height":400,"url":"https:\/\/www.sonoraenequipo.com.mx\/storage\/2021\/03\/sandoval_opt.jpg","type":"image\/jpeg"}],"author":"enequipo","twitter_card":"summary_large_image","twitter_creator":"@sonoraenequipo","twitter_site":"@sonoraenequipo","twitter_misc":{"Escrito por":"enequipo","Tiempo de lectura":"2 minutos"},"schema":{"@context":"https:\/\/schema.org","@graph":[{"@type":"Article","@id":"https:\/\/www.sonoraenequipo.com.mx\/giran-otra-odenan-de-aprehension-contra-roberto-sandoval-exgobernador-de-nayarit\/#article","isPartOf":{"@id":"https:\/\/www.sonoraenequipo.com.mx\/giran-otra-odenan-de-aprehension-contra-roberto-sandoval-exgobernador-de-nayarit\/"},"author":{"name":"enequipo","@id":"https:\/\/www.sonoraenequipo.com.mx\/#\/schema\/person\/50102df0fb23a8fa9e8effad8fa81386"},"headline":"Giran otra odenan de aprehensi\u00f3n contra Roberto Sandoval, exgobernador de Nayarit","datePublished":"2021-03-02T06:55:35+00:00","dateModified":"2021-03-02T16:44:56+00:00","mainEntityOfPage":{"@id":"https:\/\/www.sonoraenequipo.com.mx\/giran-otra-odenan-de-aprehension-contra-roberto-sandoval-exgobernador-de-nayarit\/"},"wordCount":506,"commentCount":0,"publisher":{"@id":"https:\/\/www.sonoraenequipo.com.mx\/#organization"},"image":{"@id":"https:\/\/www.sonoraenequipo.com.mx\/giran-otra-odenan-de-aprehension-contra-roberto-sandoval-exgobernador-de-nayarit\/#primaryimage"},"thumbnailUrl":"https:\/\/www.sonoraenequipo.com.mx\/storage\/2021\/03\/sandoval_opt.jpg","keywords":["Corrupci\u00f3n","nayarit","orden de aprehensi\u00f3n","Roberto Sandoval"],"articleSection":["Rep\u00fablica"],"inLanguage":"es","potentialAction":[{"@type":"CommentAction","name":"Comment","target":["https:\/\/www.sonoraenequipo.com.mx\/giran-otra-odenan-de-aprehension-contra-roberto-sandoval-exgobernador-de-nayarit\/#respond"]}]},{"@type":"WebPage","@id":"https:\/\/www.sonoraenequipo.com.mx\/giran-otra-odenan-de-aprehension-contra-roberto-sandoval-exgobernador-de-nayarit\/","url":"https:\/\/www.sonoraenequipo.com.mx\/giran-otra-odenan-de-aprehension-contra-roberto-sandoval-exgobernador-de-nayarit\/","name":"Sonora en Equipo. Giran otra odenan de aprehensi\u00f3n contra Roberto Sandoval, exgobernador de Nayarit Rep\u00fablica","isPartOf":{"@id":"https:\/\/www.sonoraenequipo.com.mx\/#website"},"primaryImageOfPage":{"@id":"https:\/\/www.sonoraenequipo.com.mx\/giran-otra-odenan-de-aprehension-contra-roberto-sandoval-exgobernador-de-nayarit\/#primaryimage"},"image":{"@id":"https:\/\/www.sonoraenequipo.com.mx\/giran-otra-odenan-de-aprehension-contra-roberto-sandoval-exgobernador-de-nayarit\/#primaryimage"},"thumbnailUrl":"https:\/\/www.sonoraenequipo.com.mx\/storage\/2021\/03\/sandoval_opt.jpg","datePublished":"2021-03-02T06:55:35+00:00","dateModified":"2021-03-02T16:44:56+00:00","description":"CIUDAD DE M\u00c9XICO. MX. \u2014\u00a0 Un juez de control del Centro de Justicia Penal Federal de Nayarit dict\u00f3 \u00f3rdenes de aprehensi\u00f3n en contra de Roberto Sandoval, En Sonora en Equipo publicamos toda la informaci\u00f3n de Sonora, M\u00e9xico y el Mundo de manera oportuna y busca que la libertad de expresi\u00f3n sea real. Visita nuestro medio informativo publicado desde Hermosillo, Sonora. %","breadcrumb":{"@id":"https:\/\/www.sonoraenequipo.com.mx\/giran-otra-odenan-de-aprehension-contra-roberto-sandoval-exgobernador-de-nayarit\/#breadcrumb"},"inLanguage":"es","potentialAction":[{"@type":"ReadAction","target":["https:\/\/www.sonoraenequipo.com.mx\/giran-otra-odenan-de-aprehension-contra-roberto-sandoval-exgobernador-de-nayarit\/"]}]},{"@type":"ImageObject","inLanguage":"es","@id":"https:\/\/www.sonoraenequipo.com.mx\/giran-otra-odenan-de-aprehension-contra-roberto-sandoval-exgobernador-de-nayarit\/#primaryimage","url":"https:\/\/www.sonoraenequipo.com.mx\/storage\/2021\/03\/sandoval_opt.jpg","contentUrl":"https:\/\/www.sonoraenequipo.com.mx\/storage\/2021\/03\/sandoval_opt.jpg","width":800,"height":400},{"@type":"BreadcrumbList","@id":"https:\/\/www.sonoraenequipo.com.mx\/giran-otra-odenan-de-aprehension-contra-roberto-sandoval-exgobernador-de-nayarit\/#breadcrumb","itemListElement":[{"@type":"ListItem","position":1,"name":"Portada","item":"https:\/\/www.sonoraenequipo.com.mx\/"},{"@type":"ListItem","position":2,"name":"Giran otra odenan de aprehensi\u00f3n contra Roberto Sandoval, exgobernador de Nayarit"}]},{"@type":"WebSite","@id":"https:\/\/www.sonoraenequipo.com.mx\/#website","url":"https:\/\/www.sonoraenequipo.com.mx\/","name":"Sonora en Equipo.","description":"Diario en l\u00ednea con Noticias desde Hermosillo, Sonora","publisher":{"@id":"https:\/\/www.sonoraenequipo.com.mx\/#organization"},"potentialAction":[{"@type":"SearchAction","target":{"@type":"EntryPoint","urlTemplate":"https:\/\/www.sonoraenequipo.com.mx\/?s={search_term_string}"},"query-input":{"@type":"PropertyValueSpecification","valueRequired":true,"valueName":"search_term_string"}}],"inLanguage":"es"},{"@type":"Organization","@id":"https:\/\/www.sonoraenequipo.com.mx\/#organization","name":"Sonoraenequipo.com.mx","url":"https:\/\/www.sonoraenequipo.com.mx\/","logo":{"@type":"ImageObject","inLanguage":"es","@id":"https:\/\/www.sonoraenequipo.com.mx\/#\/schema\/logo\/image\/","url":"https:\/\/www.sonoraenequipo.com.mx\/storage\/2019\/01\/sonoraenequipo_opt.png","contentUrl":"https:\/\/www.sonoraenequipo.com.mx\/storage\/2019\/01\/sonoraenequipo_opt.png","width":375,"height":125,"caption":"Sonoraenequipo.com.mx"},"image":{"@id":"https:\/\/www.sonoraenequipo.com.mx\/#\/schema\/logo\/image\/"},"sameAs":["https:\/\/www.facebook.com\/SonoraEE\/","https:\/\/x.com\/sonoraenequipo","https:\/\/www.youtube.com\/channel\/UC338nW-lPEYmJQs4ZABQ1SQ"]},{"@type":"Person","@id":"https:\/\/www.sonoraenequipo.com.mx\/#\/schema\/person\/50102df0fb23a8fa9e8effad8fa81386","name":"enequipo","image":{"@type":"ImageObject","inLanguage":"es","@id":"https:\/\/www.sonoraenequipo.com.mx\/#\/schema\/person\/image\/","url":"https:\/\/secure.gravatar.com\/avatar\/049821681b589dabc0bc20695993ccebb09f5b5d4d790cd9251b97faac7c652b?s=96&d=blank&r=g","contentUrl":"https:\/\/secure.gravatar.com\/avatar\/049821681b589dabc0bc20695993ccebb09f5b5d4d790cd9251b97faac7c652b?s=96&d=blank&r=g","caption":"enequipo"},"sameAs":["https:\/\/www.facebook.com\/SonoraEE"]}]}},"jetpack_featured_media_url":"https:\/\/www.sonoraenequipo.com.mx\/storage\/2021\/03\/sandoval_opt.jpg","_links":{"self":[{"href":"https:\/\/www.sonoraenequipo.com.mx\/api\/wp\/v2\/posts\/108020","targetHints":{"allow":["GET"]}}],"collection":[{"href":"https:\/\/www.sonoraenequipo.com.mx\/api\/wp\/v2\/posts"}],"about":[{"href":"https:\/\/www.sonoraenequipo.com.mx\/api\/wp\/v2\/types\/post"}],"author":[{"embeddable":true,"href":"https:\/\/www.sonoraenequipo.com.mx\/api\/wp\/v2\/users\/1"}],"replies":[{"embeddable":true,"href":"https:\/\/www.sonoraenequipo.com.mx\/api\/wp\/v2\/comments?post=108020"}],"version-history":[{"count":2,"href":"https:\/\/www.sonoraenequipo.com.mx\/api\/wp\/v2\/posts\/108020\/revisions"}],"predecessor-version":[{"id":108023,"href":"https:\/\/www.sonoraenequipo.com.mx\/api\/wp\/v2\/posts\/108020\/revisions\/108023"}],"wp:featuredmedia":[{"embeddable":true,"href":"https:\/\/www.sonoraenequipo.com.mx\/api\/wp\/v2\/media\/108022"}],"wp:attachment":[{"href":"https:\/\/www.sonoraenequipo.com.mx\/api\/wp\/v2\/media?parent=108020"}],"wp:term":[{"taxonomy":"category","embeddable":true,"href":"https:\/\/www.sonoraenequipo.com.mx\/api\/wp\/v2\/categories?post=108020"},{"taxonomy":"post_tag","embeddable":true,"href":"https:\/\/www.sonoraenequipo.com.mx\/api\/wp\/v2\/tags?post=108020"}],"curies":[{"name":"wp","href":"https:\/\/api.w.org\/{rel}","templated":true}]}}