{"id":108031,"date":"2021-03-01T22:45:45","date_gmt":"2021-03-02T05:45:45","guid":{"rendered":"https:\/\/www.sonoraenequipo.com.mx\/?p=108031"},"modified":"2021-03-02T10:06:38","modified_gmt":"2021-03-02T17:06:38","slug":"morena-realizara-nueva-encuesta-para-elegir-a-su-candidato-a-la-gubernatura-de-guerrero","status":"publish","type":"post","link":"https:\/\/www.sonoraenequipo.com.mx\/morena-realizara-nueva-encuesta-para-elegir-a-su-candidato-a-la-gubernatura-de-guerrero\/","title":{"rendered":"Morena realizar\u00e1 nueva encuesta para elegir a su candidato a la gubernatura de Guerrero"},"content":{"rendered":"<p>CIUDAD DE M\u00c9XICO. MX. \u2014 Morena emiti\u00f3 un comunicado, la noche del lunes 1 de marzo de 2021, para dar a conocer que se realizar\u00e1 una nueva encuesta para decidir a su candidato a la gubernatura de Guerrero.<\/p>\n<p>&nbsp;<\/p>\n<p> <\/p>\n<p>La decisi\u00f3n fue tomada tras las acusaciones realizadas por un grupo de mujeres en contra de F\u00e9lix Salgado Macedonio.<\/p>\n<p>&nbsp;<\/p>\n<p><em>\u201cCon estricto apego al estatuto, daremos fiel cumplimiento a la resoluci\u00f3n emitida por la Comisi\u00f3n Nacional de Morena de Honestidad y Justicia de Morena sobre la reposici\u00f3n del proceso para seleccionar a nuestro candidato o candidata a la gubernatura de Guerrero\u201d<\/em>, dio a conocer la cuenta de Morena de Twitter por medio de un mensaje.<\/p>\n<p>&nbsp;<\/p>\n<p>Mario Delgado, dirigente del partido, tambi\u00e9n se pronunci\u00f3 en sus redes sociales sobre la decisi\u00f3n adoptada.<\/p>\n<p>&nbsp;<\/p>\n<p><em>\u201cPor unanimidad, en la Comisi\u00f3n Nacional de Elecciones de Morena acordamos la realizaci\u00f3n de una nueva encuesta para definir la candidatura a la gubernatura de Guerrero, dando cumplimiento a lo indicado por la omisi\u00f3n Nacional de Honestidad y Justicia de Morena\u201d,<\/em> escribi\u00f3 Mario Delgado.<\/p>\n<p>&nbsp;<\/p>\n<p>(Publicada el 02\/03\/2021 \/ Con informaci\u00f3n de Redes Sociales)<\/p>\n","protected":false},"excerpt":{"rendered":"<p>CIUDAD DE M\u00c9XICO. MX. \u2014 Morena emiti\u00f3 un comunicado, la noche del lunes 1 de&#8230;<\/p>\n","protected":false},"author":1,"featured_media":108028,"comment_status":"open","ping_status":"open","sticky":false,"template":"","format":"standard","meta":{"_monsterinsights_skip_tracking":false,"_monsterinsights_sitenote_active":false,"_monsterinsights_sitenote_note":"","_monsterinsights_sitenote_category":0,"footnotes":""},"categories":[5],"tags":[],"class_list":["post"],"yoast_head":" \n<title>Sonora en Equipo. Morena realizar\u00e1 nueva encuesta para elegir a su candidato a la gubernatura de Guerrero Rep\u00fablica<\/title>\n<meta name=\"description\" content=\"CIUDAD DE M\u00c9XICO. MX. \u2014 Morena emiti\u00f3 un comunicado, la noche del lunes 1 de marzo de 2021, para dar a conocer que se realizar\u00e1 una nueva encuesta para En Sonora en Equipo publicamos toda la informaci\u00f3n de Sonora, M\u00e9xico y el Mundo de manera oportuna y busca que la libertad de expresi\u00f3n sea real. Visita nuestro medio informativo publicado desde Hermosillo, Sonora. %\" \/>\n<meta name=\"robots\" content=\"index, follow, max-snippet:-1, max-image-preview:large, max-video-preview:-1\" \/>\n<link rel=\"canonical\" href=\"https:\/\/www.sonoraenequipo.com.mx\/morena-realizara-nueva-encuesta-para-elegir-a-su-candidato-a-la-gubernatura-de-guerrero\/\" \/>\n<meta property=\"og:locale\" content=\"es_ES\" \/>\n<meta property=\"og:type\" content=\"article\" \/>\n<meta property=\"og:title\" content=\"Sonora en Equipo. Morena realizar\u00e1 nueva encuesta para elegir a su candidato a la gubernatura de Guerrero Rep\u00fablica\" \/>\n<meta property=\"og:description\" content=\"CIUDAD DE M\u00c9XICO. MX. \u2014 Morena emiti\u00f3 un comunicado, la noche del lunes 1 de marzo de 2021, para dar a conocer que se realizar\u00e1 una nueva encuesta para En Sonora en Equipo publicamos toda la informaci\u00f3n de Sonora, M\u00e9xico y el Mundo de manera oportuna y busca que la libertad de expresi\u00f3n sea real. Visita nuestro medio informativo publicado desde Hermosillo, Sonora. %\" \/>\n<meta property=\"og:url\" content=\"https:\/\/www.sonoraenequipo.com.mx\/morena-realizara-nueva-encuesta-para-elegir-a-su-candidato-a-la-gubernatura-de-guerrero\/\" \/>\n<meta property=\"og:site_name\" content=\"Sonora en Equipo.\" \/>\n<meta property=\"article:publisher\" content=\"https:\/\/www.facebook.com\/SonoraEE\/\" \/>\n<meta property=\"article:author\" content=\"https:\/\/www.facebook.com\/SonoraEE\" \/>\n<meta property=\"article:published_time\" content=\"2021-03-02T05:45:45+00:00\" \/>\n<meta property=\"article:modified_time\" content=\"2021-03-02T17:06:38+00:00\" \/>\n<meta property=\"og:image\" content=\"https:\/\/www.sonoraenequipo.com.mx\/storage\/2021\/03\/encuesta-morena-guerrero_opt.jpg\" \/>\n\t<meta property=\"og:image:width\" content=\"709\" \/>\n\t<meta property=\"og:image:height\" content=\"400\" \/>\n\t<meta property=\"og:image:type\" content=\"image\/jpeg\" \/>\n<meta name=\"author\" content=\"enequipo\" \/>\n<meta name=\"twitter:card\" content=\"summary_large_image\" \/>\n<meta name=\"twitter:creator\" content=\"@sonoraenequipo\" \/>\n<meta name=\"twitter:site\" content=\"@sonoraenequipo\" \/>\n<meta name=\"twitter:label1\" content=\"Escrito por\" \/>\n\t<meta name=\"twitter:data1\" content=\"enequipo\" \/>\n\t<meta name=\"twitter:label2\" content=\"Tiempo de lectura\" \/>\n\t<meta name=\"twitter:data2\" content=\"1 minuto\" \/>\n<script type=\"application\/ld+json\" class=\"yoast-schema-graph\">{\"@context\":\"https:\/\/schema.org\",\"@graph\":[{\"@type\":\"Article\",\"@id\":\"https:\/\/www.sonoraenequipo.com.mx\/morena-realizara-nueva-encuesta-para-elegir-a-su-candidato-a-la-gubernatura-de-guerrero\/#article\",\"isPartOf\":{\"@id\":\"https:\/\/www.sonoraenequipo.com.mx\/morena-realizara-nueva-encuesta-para-elegir-a-su-candidato-a-la-gubernatura-de-guerrero\/\"},\"author\":{\"name\":\"enequipo\",\"@id\":\"https:\/\/www.sonoraenequipo.com.mx\/#\/schema\/person\/50102df0fb23a8fa9e8effad8fa81386\"},\"headline\":\"Morena realizar\u00e1 nueva encuesta para elegir a su candidato a la gubernatura de Guerrero\",\"datePublished\":\"2021-03-02T05:45:45+00:00\",\"dateModified\":\"2021-03-02T17:06:38+00:00\",\"mainEntityOfPage\":{\"@id\":\"https:\/\/www.sonoraenequipo.com.mx\/morena-realizara-nueva-encuesta-para-elegir-a-su-candidato-a-la-gubernatura-de-guerrero\/\"},\"wordCount\":207,\"commentCount\":0,\"publisher\":{\"@id\":\"https:\/\/www.sonoraenequipo.com.mx\/#organization\"},\"image\":{\"@id\":\"https:\/\/www.sonoraenequipo.com.mx\/morena-realizara-nueva-encuesta-para-elegir-a-su-candidato-a-la-gubernatura-de-guerrero\/#primaryimage\"},\"thumbnailUrl\":\"https:\/\/www.sonoraenequipo.com.mx\/storage\/2021\/03\/encuesta-morena-guerrero_opt.jpg\",\"articleSection\":[\"Rep\u00fablica\"],\"inLanguage\":\"es\",\"potentialAction\":[{\"@type\":\"CommentAction\",\"name\":\"Comment\",\"target\":[\"https:\/\/www.sonoraenequipo.com.mx\/morena-realizara-nueva-encuesta-para-elegir-a-su-candidato-a-la-gubernatura-de-guerrero\/#respond\"]}]},{\"@type\":\"WebPage\",\"@id\":\"https:\/\/www.sonoraenequipo.com.mx\/morena-realizara-nueva-encuesta-para-elegir-a-su-candidato-a-la-gubernatura-de-guerrero\/\",\"url\":\"https:\/\/www.sonoraenequipo.com.mx\/morena-realizara-nueva-encuesta-para-elegir-a-su-candidato-a-la-gubernatura-de-guerrero\/\",\"name\":\"Sonora en Equipo. Morena realizar\u00e1 nueva encuesta para elegir a su candidato a la gubernatura de Guerrero Rep\u00fablica\",\"isPartOf\":{\"@id\":\"https:\/\/www.sonoraenequipo.com.mx\/#website\"},\"primaryImageOfPage\":{\"@id\":\"https:\/\/www.sonoraenequipo.com.mx\/morena-realizara-nueva-encuesta-para-elegir-a-su-candidato-a-la-gubernatura-de-guerrero\/#primaryimage\"},\"image\":{\"@id\":\"https:\/\/www.sonoraenequipo.com.mx\/morena-realizara-nueva-encuesta-para-elegir-a-su-candidato-a-la-gubernatura-de-guerrero\/#primaryimage\"},\"thumbnailUrl\":\"https:\/\/www.sonoraenequipo.com.mx\/storage\/2021\/03\/encuesta-morena-guerrero_opt.jpg\",\"datePublished\":\"2021-03-02T05:45:45+00:00\",\"dateModified\":\"2021-03-02T17:06:38+00:00\",\"description\":\"CIUDAD DE M\u00c9XICO. MX. \u2014 Morena emiti\u00f3 un comunicado, la noche del lunes 1 de marzo de 2021, para dar a conocer que se realizar\u00e1 una nueva encuesta para En Sonora en Equipo publicamos toda la informaci\u00f3n de Sonora, M\u00e9xico y el Mundo de manera oportuna y busca que la libertad de expresi\u00f3n sea real. Visita nuestro medio informativo publicado desde Hermosillo, Sonora. %\",\"breadcrumb\":{\"@id\":\"https:\/\/www.sonoraenequipo.com.mx\/morena-realizara-nueva-encuesta-para-elegir-a-su-candidato-a-la-gubernatura-de-guerrero\/#breadcrumb\"},\"inLanguage\":\"es\",\"potentialAction\":[{\"@type\":\"ReadAction\",\"target\":[\"https:\/\/www.sonoraenequipo.com.mx\/morena-realizara-nueva-encuesta-para-elegir-a-su-candidato-a-la-gubernatura-de-guerrero\/\"]}]},{\"@type\":\"ImageObject\",\"inLanguage\":\"es\",\"@id\":\"https:\/\/www.sonoraenequipo.com.mx\/morena-realizara-nueva-encuesta-para-elegir-a-su-candidato-a-la-gubernatura-de-guerrero\/#primaryimage\",\"url\":\"https:\/\/www.sonoraenequipo.com.mx\/storage\/2021\/03\/encuesta-morena-guerrero_opt.jpg\",\"contentUrl\":\"https:\/\/www.sonoraenequipo.com.mx\/storage\/2021\/03\/encuesta-morena-guerrero_opt.jpg\",\"width\":709,\"height\":400},{\"@type\":\"BreadcrumbList\",\"@id\":\"https:\/\/www.sonoraenequipo.com.mx\/morena-realizara-nueva-encuesta-para-elegir-a-su-candidato-a-la-gubernatura-de-guerrero\/#breadcrumb\",\"itemListElement\":[{\"@type\":\"ListItem\",\"position\":1,\"name\":\"Portada\",\"item\":\"https:\/\/www.sonoraenequipo.com.mx\/\"},{\"@type\":\"ListItem\",\"position\":2,\"name\":\"Morena realizar\u00e1 nueva encuesta para elegir a su candidato a la gubernatura de Guerrero\"}]},{\"@type\":\"WebSite\",\"@id\":\"https:\/\/www.sonoraenequipo.com.mx\/#website\",\"url\":\"https:\/\/www.sonoraenequipo.com.mx\/\",\"name\":\"Sonora en Equipo.\",\"description\":\"Diario en l\u00ednea con Noticias desde Hermosillo, Sonora\",\"publisher\":{\"@id\":\"https:\/\/www.sonoraenequipo.com.mx\/#organization\"},\"potentialAction\":[{\"@type\":\"SearchAction\",\"target\":{\"@type\":\"EntryPoint\",\"urlTemplate\":\"https:\/\/www.sonoraenequipo.com.mx\/?s={search_term_string}\"},\"query-input\":{\"@type\":\"PropertyValueSpecification\",\"valueRequired\":true,\"valueName\":\"search_term_string\"}}],\"inLanguage\":\"es\"},{\"@type\":\"Organization\",\"@id\":\"https:\/\/www.sonoraenequipo.com.mx\/#organization\",\"name\":\"Sonoraenequipo.com.mx\",\"url\":\"https:\/\/www.sonoraenequipo.com.mx\/\",\"logo\":{\"@type\":\"ImageObject\",\"inLanguage\":\"es\",\"@id\":\"https:\/\/www.sonoraenequipo.com.mx\/#\/schema\/logo\/image\/\",\"url\":\"https:\/\/www.sonoraenequipo.com.mx\/storage\/2019\/01\/sonoraenequipo_opt.png\",\"contentUrl\":\"https:\/\/www.sonoraenequipo.com.mx\/storage\/2019\/01\/sonoraenequipo_opt.png\",\"width\":375,\"height\":125,\"caption\":\"Sonoraenequipo.com.mx\"},\"image\":{\"@id\":\"https:\/\/www.sonoraenequipo.com.mx\/#\/schema\/logo\/image\/\"},\"sameAs\":[\"https:\/\/www.facebook.com\/SonoraEE\/\",\"https:\/\/x.com\/sonoraenequipo\",\"https:\/\/www.youtube.com\/channel\/UC338nW-lPEYmJQs4ZABQ1SQ\"]},{\"@type\":\"Person\",\"@id\":\"https:\/\/www.sonoraenequipo.com.mx\/#\/schema\/person\/50102df0fb23a8fa9e8effad8fa81386\",\"name\":\"enequipo\",\"image\":{\"@type\":\"ImageObject\",\"inLanguage\":\"es\",\"@id\":\"https:\/\/www.sonoraenequipo.com.mx\/#\/schema\/person\/image\/\",\"url\":\"https:\/\/secure.gravatar.com\/avatar\/049821681b589dabc0bc20695993ccebb09f5b5d4d790cd9251b97faac7c652b?s=96&d=blank&r=g\",\"contentUrl\":\"https:\/\/secure.gravatar.com\/avatar\/049821681b589dabc0bc20695993ccebb09f5b5d4d790cd9251b97faac7c652b?s=96&d=blank&r=g\",\"caption\":\"enequipo\"},\"sameAs\":[\"https:\/\/www.facebook.com\/SonoraEE\"]}]}<\/script>\n ","yoast_head_json":{"title":"Sonora en Equipo. Morena realizar\u00e1 nueva encuesta para elegir a su candidato a la gubernatura de Guerrero Rep\u00fablica","description":"CIUDAD DE M\u00c9XICO. MX. \u2014 Morena emiti\u00f3 un comunicado, la noche del lunes 1 de marzo de 2021, para dar a conocer que se realizar\u00e1 una nueva encuesta para En Sonora en Equipo publicamos toda la informaci\u00f3n de Sonora, M\u00e9xico y el Mundo de manera oportuna y busca que la libertad de expresi\u00f3n sea real. Visita nuestro medio informativo publicado desde Hermosillo, Sonora. %","robots":{"index":"index","follow":"follow","max-snippet":"max-snippet:-1","max-image-preview":"max-image-preview:large","max-video-preview":"max-video-preview:-1"},"canonical":"https:\/\/www.sonoraenequipo.com.mx\/morena-realizara-nueva-encuesta-para-elegir-a-su-candidato-a-la-gubernatura-de-guerrero\/","og_locale":"es_ES","og_type":"article","og_title":"Sonora en Equipo. Morena realizar\u00e1 nueva encuesta para elegir a su candidato a la gubernatura de Guerrero Rep\u00fablica","og_description":"CIUDAD DE M\u00c9XICO. MX. \u2014 Morena emiti\u00f3 un comunicado, la noche del lunes 1 de marzo de 2021, para dar a conocer que se realizar\u00e1 una nueva encuesta para En Sonora en Equipo publicamos toda la informaci\u00f3n de Sonora, M\u00e9xico y el Mundo de manera oportuna y busca que la libertad de expresi\u00f3n sea real. Visita nuestro medio informativo publicado desde Hermosillo, Sonora. %","og_url":"https:\/\/www.sonoraenequipo.com.mx\/morena-realizara-nueva-encuesta-para-elegir-a-su-candidato-a-la-gubernatura-de-guerrero\/","og_site_name":"Sonora en Equipo.","article_publisher":"https:\/\/www.facebook.com\/SonoraEE\/","article_author":"https:\/\/www.facebook.com\/SonoraEE","article_published_time":"2021-03-02T05:45:45+00:00","article_modified_time":"2021-03-02T17:06:38+00:00","og_image":[{"width":709,"height":400,"url":"https:\/\/www.sonoraenequipo.com.mx\/storage\/2021\/03\/encuesta-morena-guerrero_opt.jpg","type":"image\/jpeg"}],"author":"enequipo","twitter_card":"summary_large_image","twitter_creator":"@sonoraenequipo","twitter_site":"@sonoraenequipo","twitter_misc":{"Escrito por":"enequipo","Tiempo de lectura":"1 minuto"},"schema":{"@context":"https:\/\/schema.org","@graph":[{"@type":"Article","@id":"https:\/\/www.sonoraenequipo.com.mx\/morena-realizara-nueva-encuesta-para-elegir-a-su-candidato-a-la-gubernatura-de-guerrero\/#article","isPartOf":{"@id":"https:\/\/www.sonoraenequipo.com.mx\/morena-realizara-nueva-encuesta-para-elegir-a-su-candidato-a-la-gubernatura-de-guerrero\/"},"author":{"name":"enequipo","@id":"https:\/\/www.sonoraenequipo.com.mx\/#\/schema\/person\/50102df0fb23a8fa9e8effad8fa81386"},"headline":"Morena realizar\u00e1 nueva encuesta para elegir a su candidato a la gubernatura de Guerrero","datePublished":"2021-03-02T05:45:45+00:00","dateModified":"2021-03-02T17:06:38+00:00","mainEntityOfPage":{"@id":"https:\/\/www.sonoraenequipo.com.mx\/morena-realizara-nueva-encuesta-para-elegir-a-su-candidato-a-la-gubernatura-de-guerrero\/"},"wordCount":207,"commentCount":0,"publisher":{"@id":"https:\/\/www.sonoraenequipo.com.mx\/#organization"},"image":{"@id":"https:\/\/www.sonoraenequipo.com.mx\/morena-realizara-nueva-encuesta-para-elegir-a-su-candidato-a-la-gubernatura-de-guerrero\/#primaryimage"},"thumbnailUrl":"https:\/\/www.sonoraenequipo.com.mx\/storage\/2021\/03\/encuesta-morena-guerrero_opt.jpg","articleSection":["Rep\u00fablica"],"inLanguage":"es","potentialAction":[{"@type":"CommentAction","name":"Comment","target":["https:\/\/www.sonoraenequipo.com.mx\/morena-realizara-nueva-encuesta-para-elegir-a-su-candidato-a-la-gubernatura-de-guerrero\/#respond"]}]},{"@type":"WebPage","@id":"https:\/\/www.sonoraenequipo.com.mx\/morena-realizara-nueva-encuesta-para-elegir-a-su-candidato-a-la-gubernatura-de-guerrero\/","url":"https:\/\/www.sonoraenequipo.com.mx\/morena-realizara-nueva-encuesta-para-elegir-a-su-candidato-a-la-gubernatura-de-guerrero\/","name":"Sonora en Equipo. Morena realizar\u00e1 nueva encuesta para elegir a su candidato a la gubernatura de Guerrero Rep\u00fablica","isPartOf":{"@id":"https:\/\/www.sonoraenequipo.com.mx\/#website"},"primaryImageOfPage":{"@id":"https:\/\/www.sonoraenequipo.com.mx\/morena-realizara-nueva-encuesta-para-elegir-a-su-candidato-a-la-gubernatura-de-guerrero\/#primaryimage"},"image":{"@id":"https:\/\/www.sonoraenequipo.com.mx\/morena-realizara-nueva-encuesta-para-elegir-a-su-candidato-a-la-gubernatura-de-guerrero\/#primaryimage"},"thumbnailUrl":"https:\/\/www.sonoraenequipo.com.mx\/storage\/2021\/03\/encuesta-morena-guerrero_opt.jpg","datePublished":"2021-03-02T05:45:45+00:00","dateModified":"2021-03-02T17:06:38+00:00","description":"CIUDAD DE M\u00c9XICO. MX. \u2014 Morena emiti\u00f3 un comunicado, la noche del lunes 1 de marzo de 2021, para dar a conocer que se realizar\u00e1 una nueva encuesta para En Sonora en Equipo publicamos toda la informaci\u00f3n de Sonora, M\u00e9xico y el Mundo de manera oportuna y busca que la libertad de expresi\u00f3n sea real. Visita nuestro medio informativo publicado desde Hermosillo, Sonora. %","breadcrumb":{"@id":"https:\/\/www.sonoraenequipo.com.mx\/morena-realizara-nueva-encuesta-para-elegir-a-su-candidato-a-la-gubernatura-de-guerrero\/#breadcrumb"},"inLanguage":"es","potentialAction":[{"@type":"ReadAction","target":["https:\/\/www.sonoraenequipo.com.mx\/morena-realizara-nueva-encuesta-para-elegir-a-su-candidato-a-la-gubernatura-de-guerrero\/"]}]},{"@type":"ImageObject","inLanguage":"es","@id":"https:\/\/www.sonoraenequipo.com.mx\/morena-realizara-nueva-encuesta-para-elegir-a-su-candidato-a-la-gubernatura-de-guerrero\/#primaryimage","url":"https:\/\/www.sonoraenequipo.com.mx\/storage\/2021\/03\/encuesta-morena-guerrero_opt.jpg","contentUrl":"https:\/\/www.sonoraenequipo.com.mx\/storage\/2021\/03\/encuesta-morena-guerrero_opt.jpg","width":709,"height":400},{"@type":"BreadcrumbList","@id":"https:\/\/www.sonoraenequipo.com.mx\/morena-realizara-nueva-encuesta-para-elegir-a-su-candidato-a-la-gubernatura-de-guerrero\/#breadcrumb","itemListElement":[{"@type":"ListItem","position":1,"name":"Portada","item":"https:\/\/www.sonoraenequipo.com.mx\/"},{"@type":"ListItem","position":2,"name":"Morena realizar\u00e1 nueva encuesta para elegir a su candidato a la gubernatura de Guerrero"}]},{"@type":"WebSite","@id":"https:\/\/www.sonoraenequipo.com.mx\/#website","url":"https:\/\/www.sonoraenequipo.com.mx\/","name":"Sonora en Equipo.","description":"Diario en l\u00ednea con Noticias desde Hermosillo, Sonora","publisher":{"@id":"https:\/\/www.sonoraenequipo.com.mx\/#organization"},"potentialAction":[{"@type":"SearchAction","target":{"@type":"EntryPoint","urlTemplate":"https:\/\/www.sonoraenequipo.com.mx\/?s={search_term_string}"},"query-input":{"@type":"PropertyValueSpecification","valueRequired":true,"valueName":"search_term_string"}}],"inLanguage":"es"},{"@type":"Organization","@id":"https:\/\/www.sonoraenequipo.com.mx\/#organization","name":"Sonoraenequipo.com.mx","url":"https:\/\/www.sonoraenequipo.com.mx\/","logo":{"@type":"ImageObject","inLanguage":"es","@id":"https:\/\/www.sonoraenequipo.com.mx\/#\/schema\/logo\/image\/","url":"https:\/\/www.sonoraenequipo.com.mx\/storage\/2019\/01\/sonoraenequipo_opt.png","contentUrl":"https:\/\/www.sonoraenequipo.com.mx\/storage\/2019\/01\/sonoraenequipo_opt.png","width":375,"height":125,"caption":"Sonoraenequipo.com.mx"},"image":{"@id":"https:\/\/www.sonoraenequipo.com.mx\/#\/schema\/logo\/image\/"},"sameAs":["https:\/\/www.facebook.com\/SonoraEE\/","https:\/\/x.com\/sonoraenequipo","https:\/\/www.youtube.com\/channel\/UC338nW-lPEYmJQs4ZABQ1SQ"]},{"@type":"Person","@id":"https:\/\/www.sonoraenequipo.com.mx\/#\/schema\/person\/50102df0fb23a8fa9e8effad8fa81386","name":"enequipo","image":{"@type":"ImageObject","inLanguage":"es","@id":"https:\/\/www.sonoraenequipo.com.mx\/#\/schema\/person\/image\/","url":"https:\/\/secure.gravatar.com\/avatar\/049821681b589dabc0bc20695993ccebb09f5b5d4d790cd9251b97faac7c652b?s=96&d=blank&r=g","contentUrl":"https:\/\/secure.gravatar.com\/avatar\/049821681b589dabc0bc20695993ccebb09f5b5d4d790cd9251b97faac7c652b?s=96&d=blank&r=g","caption":"enequipo"},"sameAs":["https:\/\/www.facebook.com\/SonoraEE"]}]}},"jetpack_featured_media_url":"https:\/\/www.sonoraenequipo.com.mx\/storage\/2021\/03\/encuesta-morena-guerrero_opt.jpg","_links":{"self":[{"href":"https:\/\/www.sonoraenequipo.com.mx\/api\/wp\/v2\/posts\/108031","targetHints":{"allow":["GET"]}}],"collection":[{"href":"https:\/\/www.sonoraenequipo.com.mx\/api\/wp\/v2\/posts"}],"about":[{"href":"https:\/\/www.sonoraenequipo.com.mx\/api\/wp\/v2\/types\/post"}],"author":[{"embeddable":true,"href":"https:\/\/www.sonoraenequipo.com.mx\/api\/wp\/v2\/users\/1"}],"replies":[{"embeddable":true,"href":"https:\/\/www.sonoraenequipo.com.mx\/api\/wp\/v2\/comments?post=108031"}],"version-history":[{"count":1,"href":"https:\/\/www.sonoraenequipo.com.mx\/api\/wp\/v2\/posts\/108031\/revisions"}],"predecessor-version":[{"id":108032,"href":"https:\/\/www.sonoraenequipo.com.mx\/api\/wp\/v2\/posts\/108031\/revisions\/108032"}],"wp:featuredmedia":[{"embeddable":true,"href":"https:\/\/www.sonoraenequipo.com.mx\/api\/wp\/v2\/media\/108028"}],"wp:attachment":[{"href":"https:\/\/www.sonoraenequipo.com.mx\/api\/wp\/v2\/media?parent=108031"}],"wp:term":[{"taxonomy":"category","embeddable":true,"href":"https:\/\/www.sonoraenequipo.com.mx\/api\/wp\/v2\/categories?post=108031"},{"taxonomy":"post_tag","embeddable":true,"href":"https:\/\/www.sonoraenequipo.com.mx\/api\/wp\/v2\/tags?post=108031"}],"curies":[{"name":"wp","href":"https:\/\/api.w.org\/{rel}","templated":true}]}}