{"id":108044,"date":"2021-03-01T23:48:51","date_gmt":"2021-03-02T06:48:51","guid":{"rendered":"https:\/\/www.sonoraenequipo.com.mx\/?p=108044"},"modified":"2021-03-02T12:08:37","modified_gmt":"2021-03-02T19:08:37","slug":"primer-viaje-de-tren-de-pasajeros-tampico-slp-tiene-fecha-tentativa-turismo","status":"publish","type":"post","link":"https:\/\/www.sonoraenequipo.com.mx\/primer-viaje-de-tren-de-pasajeros-tampico-slp-tiene-fecha-tentativa-turismo\/","title":{"rendered":"Primer viaje de tren de pasajeros Tampico-SLP tiene fecha tentativa Turismo"},"content":{"rendered":"<p>SAN LUIS POTOSI, SAN LUIS POTOSI. MX.\u00a0 \u2014 El Tren Huasteco que conecta a Tampico con San Luis Potos\u00ed, proyecto gestionado por empresarios potosinos para incentivar el turismo entre ambas ciudades, es anunciado en el estado vecino con Tamaulipas como un hecho para reanudar operaciones durante el 2021, incluso ya tiene fecha tentativa.<\/p>\n<p>&nbsp;<\/p>\n<p> <\/p>\n<p>&nbsp;<\/p>\n<p>De acuerdo al sitio \u201c<em>Conoce tu San Luis\u201d<\/em> en Facebook, la v\u00eda ferroviaria tambi\u00e9n conocida como \u201cEl Chepe Potosino\u201d y \u201cExpreso Huasteco\u201d, est\u00e1 lista con una ruta donde pasar\u00e1 por diferentes estaciones para el uso de pasajeros y turistas. Se ha aplicado una inversi\u00f3n de m\u00e1s de medio mill\u00f3n de pesos en un viaje piloto.<\/p>\n<p>&nbsp;<\/p>\n<p><em>\u201cRegresa el Tren de Pasajeros a San Luis Potos\u00ed. El proyecto \u2018Expreso Huasteco\u2019 ser\u00e1 una ruta que unir\u00e1 San Luis Potos\u00ed con Tampico pasando por diferentes estaciones\u201d,<\/em> anunci\u00f3 la plataforma digital, enfocada en mostrar la diversidad natural, gastronom\u00eda, como sitios de esparcimiento del estado.<\/p>\n<p>&nbsp;<\/p>\n<p>De acuerdo al plan, los vagones saldr\u00e1n desde el Museo del Ferrocarril de San Luis Potos\u00ed capital, para tener estaciones en el trayecto en los municipios de Cerritos, C\u00e1rdenas, Tamasopo, Ciudad Valles, Tamu\u00edn y \u00c9bano, para terminar en su \u00faltimo punto en el puerto tamaulipeco, para cubrir una distancia de 430 kil\u00f3metros.<\/p>\n<p>&nbsp;<\/p>\n<h3>Ser\u00eda en verano<\/h3>\n<p>&nbsp;<\/p>\n<p>Esta idea ha sido planteada por inversionistas de SLP como Ferrov\u00edas del Baj\u00edo, quienes el a\u00f1o pasado efectuaron con 500 mil pesos un viaje piloto entre ambos destino a trav\u00e9s de esta ruta de comunicaci\u00f3n. Tras conocer los beneficios, el empresario hotelero de Tamasopo, Julio Enrique Rivera, ve factible arrancarlo.<\/p>\n<p>&nbsp;<\/p>\n<p>Tambi\u00e9n est\u00e1 pendiente que se involucre el gobierno federal para tener los permisos y apoyo a fin de su realizaci\u00f3n.<\/p>\n<p>&nbsp;<\/p>\n<p>Este tren de pasajeros, usado por comunidades para el traslado de sus familias como de mercanc\u00eda a ambos puntos, dej\u00f3 de funcionar como tal desde finales de la d\u00e9cada de los Ochentas.<\/p>\n<p>&nbsp;<\/p>\n<p>(Publicada el 02\/03\/2021)<\/p>\n","protected":false},"excerpt":{"rendered":"<p>SAN LUIS POTOSI, SAN LUIS POTOSI. MX.\u00a0 \u2014 El Tren Huasteco que conecta a Tampico&#8230;<\/p>\n","protected":false},"author":1,"featured_media":108045,"comment_status":"open","ping_status":"open","sticky":false,"template":"","format":"standard","meta":{"_monsterinsights_skip_tracking":false,"_monsterinsights_sitenote_active":false,"_monsterinsights_sitenote_note":"","_monsterinsights_sitenote_category":0,"footnotes":""},"categories":[5],"tags":[],"class_list":["post"],"yoast_head":" \n<title>Sonora en Equipo. Primer viaje de tren de pasajeros Tampico-SLP tiene fecha tentativa Turismo Rep\u00fablica<\/title>\n<meta name=\"description\" content=\"SAN LUIS POTOSI, SAN LUIS POTOSI. MX.\u00a0 \u2014 El Tren Huasteco que conecta a Tampico con San Luis Potos\u00ed, proyecto gestionado por empresarios potosinos para En Sonora en Equipo publicamos toda la informaci\u00f3n de Sonora, M\u00e9xico y el Mundo de manera oportuna y busca que la libertad de expresi\u00f3n sea real. Visita nuestro medio informativo publicado desde Hermosillo, Sonora. %\" \/>\n<meta name=\"robots\" content=\"index, follow, max-snippet:-1, max-image-preview:large, max-video-preview:-1\" \/>\n<link rel=\"canonical\" href=\"https:\/\/www.sonoraenequipo.com.mx\/primer-viaje-de-tren-de-pasajeros-tampico-slp-tiene-fecha-tentativa-turismo\/\" \/>\n<meta property=\"og:locale\" content=\"es_ES\" \/>\n<meta property=\"og:type\" content=\"article\" \/>\n<meta property=\"og:title\" content=\"Sonora en Equipo. Primer viaje de tren de pasajeros Tampico-SLP tiene fecha tentativa Turismo Rep\u00fablica\" \/>\n<meta property=\"og:description\" content=\"SAN LUIS POTOSI, SAN LUIS POTOSI. MX.\u00a0 \u2014 El Tren Huasteco que conecta a Tampico con San Luis Potos\u00ed, proyecto gestionado por empresarios potosinos para En Sonora en Equipo publicamos toda la informaci\u00f3n de Sonora, M\u00e9xico y el Mundo de manera oportuna y busca que la libertad de expresi\u00f3n sea real. Visita nuestro medio informativo publicado desde Hermosillo, Sonora. %\" \/>\n<meta property=\"og:url\" content=\"https:\/\/www.sonoraenequipo.com.mx\/primer-viaje-de-tren-de-pasajeros-tampico-slp-tiene-fecha-tentativa-turismo\/\" \/>\n<meta property=\"og:site_name\" content=\"Sonora en Equipo.\" \/>\n<meta property=\"article:publisher\" content=\"https:\/\/www.facebook.com\/SonoraEE\/\" \/>\n<meta property=\"article:author\" content=\"https:\/\/www.facebook.com\/SonoraEE\" \/>\n<meta property=\"article:published_time\" content=\"2021-03-02T06:48:51+00:00\" \/>\n<meta property=\"article:modified_time\" content=\"2021-03-02T19:08:37+00:00\" \/>\n<meta property=\"og:image\" content=\"https:\/\/www.sonoraenequipo.com.mx\/storage\/2021\/03\/tren-turistico-especial_opt.jpg\" \/>\n\t<meta property=\"og:image:width\" content=\"643\" \/>\n\t<meta property=\"og:image:height\" content=\"304\" \/>\n\t<meta property=\"og:image:type\" content=\"image\/jpeg\" \/>\n<meta name=\"author\" content=\"enequipo\" \/>\n<meta name=\"twitter:card\" content=\"summary_large_image\" \/>\n<meta name=\"twitter:creator\" content=\"@sonoraenequipo\" \/>\n<meta name=\"twitter:site\" content=\"@sonoraenequipo\" \/>\n<meta name=\"twitter:label1\" content=\"Escrito por\" \/>\n\t<meta name=\"twitter:data1\" content=\"enequipo\" \/>\n\t<meta name=\"twitter:label2\" content=\"Tiempo de lectura\" \/>\n\t<meta name=\"twitter:data2\" content=\"2 minutos\" \/>\n<script type=\"application\/ld+json\" class=\"yoast-schema-graph\">{\"@context\":\"https:\/\/schema.org\",\"@graph\":[{\"@type\":\"Article\",\"@id\":\"https:\/\/www.sonoraenequipo.com.mx\/primer-viaje-de-tren-de-pasajeros-tampico-slp-tiene-fecha-tentativa-turismo\/#article\",\"isPartOf\":{\"@id\":\"https:\/\/www.sonoraenequipo.com.mx\/primer-viaje-de-tren-de-pasajeros-tampico-slp-tiene-fecha-tentativa-turismo\/\"},\"author\":{\"name\":\"enequipo\",\"@id\":\"https:\/\/www.sonoraenequipo.com.mx\/#\/schema\/person\/50102df0fb23a8fa9e8effad8fa81386\"},\"headline\":\"Primer viaje de tren de pasajeros Tampico-SLP tiene fecha tentativa Turismo\",\"datePublished\":\"2021-03-02T06:48:51+00:00\",\"dateModified\":\"2021-03-02T19:08:37+00:00\",\"mainEntityOfPage\":{\"@id\":\"https:\/\/www.sonoraenequipo.com.mx\/primer-viaje-de-tren-de-pasajeros-tampico-slp-tiene-fecha-tentativa-turismo\/\"},\"wordCount\":347,\"commentCount\":0,\"publisher\":{\"@id\":\"https:\/\/www.sonoraenequipo.com.mx\/#organization\"},\"image\":{\"@id\":\"https:\/\/www.sonoraenequipo.com.mx\/primer-viaje-de-tren-de-pasajeros-tampico-slp-tiene-fecha-tentativa-turismo\/#primaryimage\"},\"thumbnailUrl\":\"https:\/\/www.sonoraenequipo.com.mx\/storage\/2021\/03\/tren-turistico-especial_opt.jpg\",\"articleSection\":[\"Rep\u00fablica\"],\"inLanguage\":\"es\",\"potentialAction\":[{\"@type\":\"CommentAction\",\"name\":\"Comment\",\"target\":[\"https:\/\/www.sonoraenequipo.com.mx\/primer-viaje-de-tren-de-pasajeros-tampico-slp-tiene-fecha-tentativa-turismo\/#respond\"]}]},{\"@type\":\"WebPage\",\"@id\":\"https:\/\/www.sonoraenequipo.com.mx\/primer-viaje-de-tren-de-pasajeros-tampico-slp-tiene-fecha-tentativa-turismo\/\",\"url\":\"https:\/\/www.sonoraenequipo.com.mx\/primer-viaje-de-tren-de-pasajeros-tampico-slp-tiene-fecha-tentativa-turismo\/\",\"name\":\"Sonora en Equipo. Primer viaje de tren de pasajeros Tampico-SLP tiene fecha tentativa Turismo Rep\u00fablica\",\"isPartOf\":{\"@id\":\"https:\/\/www.sonoraenequipo.com.mx\/#website\"},\"primaryImageOfPage\":{\"@id\":\"https:\/\/www.sonoraenequipo.com.mx\/primer-viaje-de-tren-de-pasajeros-tampico-slp-tiene-fecha-tentativa-turismo\/#primaryimage\"},\"image\":{\"@id\":\"https:\/\/www.sonoraenequipo.com.mx\/primer-viaje-de-tren-de-pasajeros-tampico-slp-tiene-fecha-tentativa-turismo\/#primaryimage\"},\"thumbnailUrl\":\"https:\/\/www.sonoraenequipo.com.mx\/storage\/2021\/03\/tren-turistico-especial_opt.jpg\",\"datePublished\":\"2021-03-02T06:48:51+00:00\",\"dateModified\":\"2021-03-02T19:08:37+00:00\",\"description\":\"SAN LUIS POTOSI, SAN LUIS POTOSI. MX.\u00a0 \u2014 El Tren Huasteco que conecta a Tampico con San Luis Potos\u00ed, proyecto gestionado por empresarios potosinos para En Sonora en Equipo publicamos toda la informaci\u00f3n de Sonora, M\u00e9xico y el Mundo de manera oportuna y busca que la libertad de expresi\u00f3n sea real. Visita nuestro medio informativo publicado desde Hermosillo, Sonora. %\",\"breadcrumb\":{\"@id\":\"https:\/\/www.sonoraenequipo.com.mx\/primer-viaje-de-tren-de-pasajeros-tampico-slp-tiene-fecha-tentativa-turismo\/#breadcrumb\"},\"inLanguage\":\"es\",\"potentialAction\":[{\"@type\":\"ReadAction\",\"target\":[\"https:\/\/www.sonoraenequipo.com.mx\/primer-viaje-de-tren-de-pasajeros-tampico-slp-tiene-fecha-tentativa-turismo\/\"]}]},{\"@type\":\"ImageObject\",\"inLanguage\":\"es\",\"@id\":\"https:\/\/www.sonoraenequipo.com.mx\/primer-viaje-de-tren-de-pasajeros-tampico-slp-tiene-fecha-tentativa-turismo\/#primaryimage\",\"url\":\"https:\/\/www.sonoraenequipo.com.mx\/storage\/2021\/03\/tren-turistico-especial_opt.jpg\",\"contentUrl\":\"https:\/\/www.sonoraenequipo.com.mx\/storage\/2021\/03\/tren-turistico-especial_opt.jpg\",\"width\":643,\"height\":304},{\"@type\":\"BreadcrumbList\",\"@id\":\"https:\/\/www.sonoraenequipo.com.mx\/primer-viaje-de-tren-de-pasajeros-tampico-slp-tiene-fecha-tentativa-turismo\/#breadcrumb\",\"itemListElement\":[{\"@type\":\"ListItem\",\"position\":1,\"name\":\"Portada\",\"item\":\"https:\/\/www.sonoraenequipo.com.mx\/\"},{\"@type\":\"ListItem\",\"position\":2,\"name\":\"Primer viaje de tren de pasajeros Tampico-SLP tiene fecha tentativa Turismo\"}]},{\"@type\":\"WebSite\",\"@id\":\"https:\/\/www.sonoraenequipo.com.mx\/#website\",\"url\":\"https:\/\/www.sonoraenequipo.com.mx\/\",\"name\":\"Sonora en Equipo.\",\"description\":\"Diario en l\u00ednea con Noticias desde Hermosillo, Sonora\",\"publisher\":{\"@id\":\"https:\/\/www.sonoraenequipo.com.mx\/#organization\"},\"potentialAction\":[{\"@type\":\"SearchAction\",\"target\":{\"@type\":\"EntryPoint\",\"urlTemplate\":\"https:\/\/www.sonoraenequipo.com.mx\/?s={search_term_string}\"},\"query-input\":{\"@type\":\"PropertyValueSpecification\",\"valueRequired\":true,\"valueName\":\"search_term_string\"}}],\"inLanguage\":\"es\"},{\"@type\":\"Organization\",\"@id\":\"https:\/\/www.sonoraenequipo.com.mx\/#organization\",\"name\":\"Sonoraenequipo.com.mx\",\"url\":\"https:\/\/www.sonoraenequipo.com.mx\/\",\"logo\":{\"@type\":\"ImageObject\",\"inLanguage\":\"es\",\"@id\":\"https:\/\/www.sonoraenequipo.com.mx\/#\/schema\/logo\/image\/\",\"url\":\"https:\/\/www.sonoraenequipo.com.mx\/storage\/2019\/01\/sonoraenequipo_opt.png\",\"contentUrl\":\"https:\/\/www.sonoraenequipo.com.mx\/storage\/2019\/01\/sonoraenequipo_opt.png\",\"width\":375,\"height\":125,\"caption\":\"Sonoraenequipo.com.mx\"},\"image\":{\"@id\":\"https:\/\/www.sonoraenequipo.com.mx\/#\/schema\/logo\/image\/\"},\"sameAs\":[\"https:\/\/www.facebook.com\/SonoraEE\/\",\"https:\/\/x.com\/sonoraenequipo\",\"https:\/\/www.youtube.com\/channel\/UC338nW-lPEYmJQs4ZABQ1SQ\"]},{\"@type\":\"Person\",\"@id\":\"https:\/\/www.sonoraenequipo.com.mx\/#\/schema\/person\/50102df0fb23a8fa9e8effad8fa81386\",\"name\":\"enequipo\",\"image\":{\"@type\":\"ImageObject\",\"inLanguage\":\"es\",\"@id\":\"https:\/\/www.sonoraenequipo.com.mx\/#\/schema\/person\/image\/\",\"url\":\"https:\/\/secure.gravatar.com\/avatar\/049821681b589dabc0bc20695993ccebb09f5b5d4d790cd9251b97faac7c652b?s=96&d=blank&r=g\",\"contentUrl\":\"https:\/\/secure.gravatar.com\/avatar\/049821681b589dabc0bc20695993ccebb09f5b5d4d790cd9251b97faac7c652b?s=96&d=blank&r=g\",\"caption\":\"enequipo\"},\"sameAs\":[\"https:\/\/www.facebook.com\/SonoraEE\"]}]}<\/script>\n ","yoast_head_json":{"title":"Sonora en Equipo. Primer viaje de tren de pasajeros Tampico-SLP tiene fecha tentativa Turismo Rep\u00fablica","description":"SAN LUIS POTOSI, SAN LUIS POTOSI. MX.\u00a0 \u2014 El Tren Huasteco que conecta a Tampico con San Luis Potos\u00ed, proyecto gestionado por empresarios potosinos para En Sonora en Equipo publicamos toda la informaci\u00f3n de Sonora, M\u00e9xico y el Mundo de manera oportuna y busca que la libertad de expresi\u00f3n sea real. Visita nuestro medio informativo publicado desde Hermosillo, Sonora. %","robots":{"index":"index","follow":"follow","max-snippet":"max-snippet:-1","max-image-preview":"max-image-preview:large","max-video-preview":"max-video-preview:-1"},"canonical":"https:\/\/www.sonoraenequipo.com.mx\/primer-viaje-de-tren-de-pasajeros-tampico-slp-tiene-fecha-tentativa-turismo\/","og_locale":"es_ES","og_type":"article","og_title":"Sonora en Equipo. Primer viaje de tren de pasajeros Tampico-SLP tiene fecha tentativa Turismo Rep\u00fablica","og_description":"SAN LUIS POTOSI, SAN LUIS POTOSI. MX.\u00a0 \u2014 El Tren Huasteco que conecta a Tampico con San Luis Potos\u00ed, proyecto gestionado por empresarios potosinos para En Sonora en Equipo publicamos toda la informaci\u00f3n de Sonora, M\u00e9xico y el Mundo de manera oportuna y busca que la libertad de expresi\u00f3n sea real. Visita nuestro medio informativo publicado desde Hermosillo, Sonora. %","og_url":"https:\/\/www.sonoraenequipo.com.mx\/primer-viaje-de-tren-de-pasajeros-tampico-slp-tiene-fecha-tentativa-turismo\/","og_site_name":"Sonora en Equipo.","article_publisher":"https:\/\/www.facebook.com\/SonoraEE\/","article_author":"https:\/\/www.facebook.com\/SonoraEE","article_published_time":"2021-03-02T06:48:51+00:00","article_modified_time":"2021-03-02T19:08:37+00:00","og_image":[{"width":643,"height":304,"url":"https:\/\/www.sonoraenequipo.com.mx\/storage\/2021\/03\/tren-turistico-especial_opt.jpg","type":"image\/jpeg"}],"author":"enequipo","twitter_card":"summary_large_image","twitter_creator":"@sonoraenequipo","twitter_site":"@sonoraenequipo","twitter_misc":{"Escrito por":"enequipo","Tiempo de lectura":"2 minutos"},"schema":{"@context":"https:\/\/schema.org","@graph":[{"@type":"Article","@id":"https:\/\/www.sonoraenequipo.com.mx\/primer-viaje-de-tren-de-pasajeros-tampico-slp-tiene-fecha-tentativa-turismo\/#article","isPartOf":{"@id":"https:\/\/www.sonoraenequipo.com.mx\/primer-viaje-de-tren-de-pasajeros-tampico-slp-tiene-fecha-tentativa-turismo\/"},"author":{"name":"enequipo","@id":"https:\/\/www.sonoraenequipo.com.mx\/#\/schema\/person\/50102df0fb23a8fa9e8effad8fa81386"},"headline":"Primer viaje de tren de pasajeros Tampico-SLP tiene fecha tentativa Turismo","datePublished":"2021-03-02T06:48:51+00:00","dateModified":"2021-03-02T19:08:37+00:00","mainEntityOfPage":{"@id":"https:\/\/www.sonoraenequipo.com.mx\/primer-viaje-de-tren-de-pasajeros-tampico-slp-tiene-fecha-tentativa-turismo\/"},"wordCount":347,"commentCount":0,"publisher":{"@id":"https:\/\/www.sonoraenequipo.com.mx\/#organization"},"image":{"@id":"https:\/\/www.sonoraenequipo.com.mx\/primer-viaje-de-tren-de-pasajeros-tampico-slp-tiene-fecha-tentativa-turismo\/#primaryimage"},"thumbnailUrl":"https:\/\/www.sonoraenequipo.com.mx\/storage\/2021\/03\/tren-turistico-especial_opt.jpg","articleSection":["Rep\u00fablica"],"inLanguage":"es","potentialAction":[{"@type":"CommentAction","name":"Comment","target":["https:\/\/www.sonoraenequipo.com.mx\/primer-viaje-de-tren-de-pasajeros-tampico-slp-tiene-fecha-tentativa-turismo\/#respond"]}]},{"@type":"WebPage","@id":"https:\/\/www.sonoraenequipo.com.mx\/primer-viaje-de-tren-de-pasajeros-tampico-slp-tiene-fecha-tentativa-turismo\/","url":"https:\/\/www.sonoraenequipo.com.mx\/primer-viaje-de-tren-de-pasajeros-tampico-slp-tiene-fecha-tentativa-turismo\/","name":"Sonora en Equipo. Primer viaje de tren de pasajeros Tampico-SLP tiene fecha tentativa Turismo Rep\u00fablica","isPartOf":{"@id":"https:\/\/www.sonoraenequipo.com.mx\/#website"},"primaryImageOfPage":{"@id":"https:\/\/www.sonoraenequipo.com.mx\/primer-viaje-de-tren-de-pasajeros-tampico-slp-tiene-fecha-tentativa-turismo\/#primaryimage"},"image":{"@id":"https:\/\/www.sonoraenequipo.com.mx\/primer-viaje-de-tren-de-pasajeros-tampico-slp-tiene-fecha-tentativa-turismo\/#primaryimage"},"thumbnailUrl":"https:\/\/www.sonoraenequipo.com.mx\/storage\/2021\/03\/tren-turistico-especial_opt.jpg","datePublished":"2021-03-02T06:48:51+00:00","dateModified":"2021-03-02T19:08:37+00:00","description":"SAN LUIS POTOSI, SAN LUIS POTOSI. MX.\u00a0 \u2014 El Tren Huasteco que conecta a Tampico con San Luis Potos\u00ed, proyecto gestionado por empresarios potosinos para En Sonora en Equipo publicamos toda la informaci\u00f3n de Sonora, M\u00e9xico y el Mundo de manera oportuna y busca que la libertad de expresi\u00f3n sea real. Visita nuestro medio informativo publicado desde Hermosillo, Sonora. %","breadcrumb":{"@id":"https:\/\/www.sonoraenequipo.com.mx\/primer-viaje-de-tren-de-pasajeros-tampico-slp-tiene-fecha-tentativa-turismo\/#breadcrumb"},"inLanguage":"es","potentialAction":[{"@type":"ReadAction","target":["https:\/\/www.sonoraenequipo.com.mx\/primer-viaje-de-tren-de-pasajeros-tampico-slp-tiene-fecha-tentativa-turismo\/"]}]},{"@type":"ImageObject","inLanguage":"es","@id":"https:\/\/www.sonoraenequipo.com.mx\/primer-viaje-de-tren-de-pasajeros-tampico-slp-tiene-fecha-tentativa-turismo\/#primaryimage","url":"https:\/\/www.sonoraenequipo.com.mx\/storage\/2021\/03\/tren-turistico-especial_opt.jpg","contentUrl":"https:\/\/www.sonoraenequipo.com.mx\/storage\/2021\/03\/tren-turistico-especial_opt.jpg","width":643,"height":304},{"@type":"BreadcrumbList","@id":"https:\/\/www.sonoraenequipo.com.mx\/primer-viaje-de-tren-de-pasajeros-tampico-slp-tiene-fecha-tentativa-turismo\/#breadcrumb","itemListElement":[{"@type":"ListItem","position":1,"name":"Portada","item":"https:\/\/www.sonoraenequipo.com.mx\/"},{"@type":"ListItem","position":2,"name":"Primer viaje de tren de pasajeros Tampico-SLP tiene fecha tentativa Turismo"}]},{"@type":"WebSite","@id":"https:\/\/www.sonoraenequipo.com.mx\/#website","url":"https:\/\/www.sonoraenequipo.com.mx\/","name":"Sonora en Equipo.","description":"Diario en l\u00ednea con Noticias desde Hermosillo, Sonora","publisher":{"@id":"https:\/\/www.sonoraenequipo.com.mx\/#organization"},"potentialAction":[{"@type":"SearchAction","target":{"@type":"EntryPoint","urlTemplate":"https:\/\/www.sonoraenequipo.com.mx\/?s={search_term_string}"},"query-input":{"@type":"PropertyValueSpecification","valueRequired":true,"valueName":"search_term_string"}}],"inLanguage":"es"},{"@type":"Organization","@id":"https:\/\/www.sonoraenequipo.com.mx\/#organization","name":"Sonoraenequipo.com.mx","url":"https:\/\/www.sonoraenequipo.com.mx\/","logo":{"@type":"ImageObject","inLanguage":"es","@id":"https:\/\/www.sonoraenequipo.com.mx\/#\/schema\/logo\/image\/","url":"https:\/\/www.sonoraenequipo.com.mx\/storage\/2019\/01\/sonoraenequipo_opt.png","contentUrl":"https:\/\/www.sonoraenequipo.com.mx\/storage\/2019\/01\/sonoraenequipo_opt.png","width":375,"height":125,"caption":"Sonoraenequipo.com.mx"},"image":{"@id":"https:\/\/www.sonoraenequipo.com.mx\/#\/schema\/logo\/image\/"},"sameAs":["https:\/\/www.facebook.com\/SonoraEE\/","https:\/\/x.com\/sonoraenequipo","https:\/\/www.youtube.com\/channel\/UC338nW-lPEYmJQs4ZABQ1SQ"]},{"@type":"Person","@id":"https:\/\/www.sonoraenequipo.com.mx\/#\/schema\/person\/50102df0fb23a8fa9e8effad8fa81386","name":"enequipo","image":{"@type":"ImageObject","inLanguage":"es","@id":"https:\/\/www.sonoraenequipo.com.mx\/#\/schema\/person\/image\/","url":"https:\/\/secure.gravatar.com\/avatar\/049821681b589dabc0bc20695993ccebb09f5b5d4d790cd9251b97faac7c652b?s=96&d=blank&r=g","contentUrl":"https:\/\/secure.gravatar.com\/avatar\/049821681b589dabc0bc20695993ccebb09f5b5d4d790cd9251b97faac7c652b?s=96&d=blank&r=g","caption":"enequipo"},"sameAs":["https:\/\/www.facebook.com\/SonoraEE"]}]}},"jetpack_featured_media_url":"https:\/\/www.sonoraenequipo.com.mx\/storage\/2021\/03\/tren-turistico-especial_opt.jpg","_links":{"self":[{"href":"https:\/\/www.sonoraenequipo.com.mx\/api\/wp\/v2\/posts\/108044","targetHints":{"allow":["GET"]}}],"collection":[{"href":"https:\/\/www.sonoraenequipo.com.mx\/api\/wp\/v2\/posts"}],"about":[{"href":"https:\/\/www.sonoraenequipo.com.mx\/api\/wp\/v2\/types\/post"}],"author":[{"embeddable":true,"href":"https:\/\/www.sonoraenequipo.com.mx\/api\/wp\/v2\/users\/1"}],"replies":[{"embeddable":true,"href":"https:\/\/www.sonoraenequipo.com.mx\/api\/wp\/v2\/comments?post=108044"}],"version-history":[{"count":3,"href":"https:\/\/www.sonoraenequipo.com.mx\/api\/wp\/v2\/posts\/108044\/revisions"}],"predecessor-version":[{"id":108048,"href":"https:\/\/www.sonoraenequipo.com.mx\/api\/wp\/v2\/posts\/108044\/revisions\/108048"}],"wp:featuredmedia":[{"embeddable":true,"href":"https:\/\/www.sonoraenequipo.com.mx\/api\/wp\/v2\/media\/108045"}],"wp:attachment":[{"href":"https:\/\/www.sonoraenequipo.com.mx\/api\/wp\/v2\/media?parent=108044"}],"wp:term":[{"taxonomy":"category","embeddable":true,"href":"https:\/\/www.sonoraenequipo.com.mx\/api\/wp\/v2\/categories?post=108044"},{"taxonomy":"post_tag","embeddable":true,"href":"https:\/\/www.sonoraenequipo.com.mx\/api\/wp\/v2\/tags?post=108044"}],"curies":[{"name":"wp","href":"https:\/\/api.w.org\/{rel}","templated":true}]}}