{"id":108073,"date":"2021-03-02T07:17:58","date_gmt":"2021-03-02T14:17:58","guid":{"rendered":"https:\/\/www.sonoraenequipo.com.mx\/?p=108073"},"modified":"2021-03-02T15:16:05","modified_gmt":"2021-03-02T22:16:05","slug":"evitar-entre-todos-que-la-semana-santa-provoque-un-aumento-de-casos-de-covid-19-enrique-claussen","status":"publish","type":"post","link":"https:\/\/www.sonoraenequipo.com.mx\/evitar-entre-todos-que-la-semana-santa-provoque-un-aumento-de-casos-de-covid-19-enrique-claussen\/","title":{"rendered":"Evitar entre todos que la Semana Santa provoque un aumento de casos de COVID-19: Enrique Claussen"},"content":{"rendered":"<p>HERMOSILLO, SONORA. MX. \u2014 Luego de las pasadas celebraciones de Halloween y D\u00eda de Muertos, en Sonora se registraron m\u00e1s de 6 mil 400 contagios y 296 muertes por COVID-19, de ah\u00ed la importancia de respetar los protocolos sanitarios y evitar fiestas, reuniones y aglomeraciones en playas o paseos tur\u00edsticos esta Semana Santa, enfatiz\u00f3 Enrique Clausen Iberri, al informarse que este d\u00eda se confirmaron 23 decesos m\u00e1s y 85 nuevos casos positivos en Sonora.<\/p>\n<p>&nbsp;<\/p>\n<p> <\/p>\n<p>&nbsp;<\/p>\n<p>El secretario de Salud indic\u00f3 que en los pasados meses de octubre y noviembre, coincidentes en las celebraciones por Halloween y el D\u00eda de Muertos, en el estado hubo m\u00e1s de 6 mil contagios y m\u00e1s de 290 muertes, las cuales, a\u00f1adi\u00f3, pudieron ser evitadas, por lo que pidi\u00f3 a la ciudadan\u00eda a tomar la mejor decisi\u00f3n la pr\u00f3xima Semana Santa, que es la de respetar las medidas sanitarias y evitar las celebraciones y reuniones, permaneciendo en casa.<\/p>\n<p>.<\/p>\n<p><em>\u2018\u2019La pregunta que te hago hoy es: \u00bfvaldr\u00e1 la pena que muera m\u00e1s gente por querer salir a pasear en la pr\u00f3xima Semana Santa? Esa decisi\u00f3n la tomas t\u00fa. Nosotros, como Secretar\u00eda de Salud, haremos nuestro mejor esfuerzo para que no te contagies y que no haya m\u00e1s defunciones. Vamos para un a\u00f1o de pandemia, ay\u00fadanos a tomar las mejores decisiones. En lo que a nosotros corresponde como autoridad de Salud, exigiremos cerrar las playas y paseos tur\u00edsticos para cuidarte a ti y a tu familia. En Semana Santa no salgas, qu\u00e9date en casa\u2019\u2019,<\/em> declar\u00f3.<\/p>\n<p>&nbsp;<\/p>\n<p>Este lunes se confirmaron 23 decesos m\u00e1s en Sonora, en 12 hombres y 11 mujeres; 14 de ellos residentes de Hermosillo; tres de Guaymas; uno de \u00cdmuris; uno de Empalme; uno de Puerto Pe\u00f1asco; uno de Agua Prieta; uno de Bavi\u00e1cora y uno de Magdalena de Kino, 14 de las personas fallecidas eran derechohabientes del IMSS; ocho la Secretar\u00eda de Salud; y una de la Issste, con los que se acumulan 5 mil 739 defunciones en la entidad desde el inicio de la pandemia.<\/p>\n<p>&nbsp;<\/p>\n<p>Asimismo, se registraron 85 nuevos casos por COVID, en 53 mujeres y 32 hombres, para un total de 66 mil 727 casos en la entidad. De los contagios nuevos, 59 son residentes de Hermosillo, 13 de Guaymas, seis de Nogales, dos de Cajeme, dos de Magdalena de Kino, uno de San Luis R\u00edo Colorado, uno de Bacoachi y uno de Caborca.<\/p>\n<p>&nbsp;<\/p>\n<p>Hoy se confirmaron cinco casos pedi\u00e1tricos, en tres ni\u00f1os y dos ni\u00f1as, acumul\u00e1ndose mil 200 casos en total; hoy no se confirmaron casos en mujeres embarazadas; no se confirmaron casos en trabajadores de la salud. Este lunes, 12 pacientes fueron dados de alta y hasta el momento 59 mil 779 personas se han recuperado en la entidad.<\/p>\n<p>&nbsp;<\/p>\n<p>Al momento, se han realizado 117 mil 995 pruebas; se han confirmado 66 mil 727 casos y se han descartado 51 mil 268; en total 10 mil 653 casos han sido cuadros leves; mil 082 activos y nueve mil 571 concluyeron su seguimiento; 50 mil 208 pacientes se han curado y 127 pacientes se encuentran hospitalizados, 51 de ellos estables, 59 graves y 17 cr\u00edticos.<\/p>\n<p>&nbsp;<\/p>\n<h3>Casos COVID-19 en Sonora 66,727 casos confirmados y 5,739 defunciones<\/h3>\n<p>&nbsp;<\/p>\n<h3>Defunciones registradas el 1 marzo de 2021: 23<\/h3>\n<p>Hermosillo: 14<br \/>\nGuaymas: 3<br \/>\nMagdalena: 1<br \/>\n\u00cdmuris: 1<br \/>\nEmpalme: 1<br \/>\nPuerto Pe\u00f1asco: 1<br \/>\nAgua Prieta: 1<br \/>\nBavi\u00e1cora: 1<\/p>\n<p>Mujeres: 11\/ Hombres: 12<\/p>\n<p>Instituci\u00f3n M\u00e9dica<br \/>\nIMSS: 14<br \/>\nSecretar\u00eda de Salud: 8<br \/>\nIssste: 1<\/p>\n<p>Casos confirmados el 1 de marzo de 2021: 85<br \/>\nHermosillo: 59<br \/>\nGuaymas: 13<br \/>\nNogales: 6<br \/>\nCajeme: 2<br \/>\nMagdalena: 2<br \/>\nSan Luis R\u00edo Colorado: 1<br \/>\nBacoachi: 1<br \/>\nCaborca: 1<\/p>\n<p>Mujeres: 53\/ Hombres: 32<\/p>\n<p>Instituci\u00f3n M\u00e9dica<br \/>\nSecretar\u00eda de Salud: 71<br \/>\nIMSS: 14<\/p>\n<p>Acumulados<br \/>\nDefunciones: 5,739<br \/>\nHermosillo: 1,918<br \/>\nCajeme: 991<br \/>\nNogales: 475<br \/>\nSan Luis R\u00edo Colorado: 461<br \/>\nGuaymas: 330<br \/>\nNavojoa: 254<br \/>\nAgua Prieta: 199<br \/>\nCaborca: 146<br \/>\nHuatabampo: 129<br \/>\nCananea: 116<br \/>\nEmpalme: 98<br \/>\nEtchojoa: 80<br \/>\nPuerto Pe\u00f1asco: 70<br \/>\nMagdalena: 66<br \/>\nNacozari de Garc\u00eda: 48<br \/>\nBenito Ju\u00e1rez: 41<br \/>\nSanta Ana: 40<br \/>\nB\u00e1cum: 38<br \/>\nSan Ignacio R\u00edo Muerto: 22<br \/>\nGral. Plutarco El\u00edas Calles: 21<br \/>\n\u00cdmuris: 21<br \/>\nFronteras: 16<br \/>\nCumpas: 13<br \/>\n\u00c1lamos: 13<br \/>\nPitiquito: 12<br \/>\nUres: 9<br \/>\nNaco: 9<br \/>\nMoctezuma: 9<br \/>\nSahuaripa: 8<br \/>\nRosario: 8<br \/>\nVilla Hidalgo: 7<br \/>\nBavi\u00e1cora: 7<br \/>\nBenjam\u00edn Hill: 6<br \/>\nAltar: 6<br \/>\nBacoachi: 6<br \/>\nSan Miguel de Horcasitas: 5<br \/>\nAconchi: 4<br \/>\nS\u00e1ric: 4<br \/>\nRay\u00f3n: 3<br \/>\nCarb\u00f3: 3<br \/>\nQuiriego: 3<br \/>\nBacerac: 3<br \/>\nN\u00e1cori Chico: 2<br \/>\nArivechi: 2<br \/>\nBavispe: 2<br \/>\nArizpe: 2<br \/>\nSan Pedro de la Cueva: 2<br \/>\nBan\u00e1michi: 2<br \/>\nOpodepe: 1<br \/>\nCucurpe: 1<br \/>\nSan Felipe de Jes\u00fas: 1<br \/>\nGranados: 1<br \/>\nHu\u00e9pac: 1<br \/>\nOquitoa: 1<br \/>\nTepache: 1<br \/>\nSanta Cruz: 1<br \/>\nMazat\u00e1n: 1<\/p>\n<p>Mujeres: 2,458\/Hombres: 3,281<\/p>\n<p>Instituci\u00f3n M\u00e9dica<br \/>\nIMSS: 3,595<br \/>\nSecretar\u00eda de Salud: 1,617<br \/>\nIsssteson: 405<br \/>\nIssste: 113<br \/>\nSedena: 5<br \/>\nSemar: 4<\/p>\n<p>Total de casos confirmados: 66,727<br \/>\nHermosillo: 31,594 municipio con mayor incidencia con un 47% del total.<br \/>\nCajeme: 9,087 que representan el 14% del total.<br \/>\nNogales: 4,316 que representan el 6% del total<br \/>\nSan Luis R\u00edo Colorado: 2,972 que representan 4% del total<br \/>\nGuaymas: 2,984<br \/>\nNavojoa: 2,837<br \/>\nCaborca: 2,679<br \/>\nCananea: 1,855<br \/>\nHuatabampo: 1,270<br \/>\nAgua Prieta: 1,135<br \/>\nEmpalme: 1,131<br \/>\nEtchojoa: 663<br \/>\nMagdalena: 566<br \/>\nPuerto Pe\u00f1asco: 480<br \/>\nSanta Ana: 353<br \/>\nNacozari de Garc\u00eda: 318<br \/>\nB\u00e1cum: 269<br \/>\n\u00c1lamos: 217<br \/>\nGral. Plutarco El\u00edas Calles: 195<br \/>\nPitiquito: 192<br \/>\nBenito Ju\u00e1rez: 168<br \/>\nSan Ignacio R\u00edo Muerto: 153<br \/>\nBavi\u00e1cora: 132<br \/>\nSahuaripa: 128<br \/>\n\u00cdmuris: 93<br \/>\nUres: 90<br \/>\nAltar: 70<br \/>\nCumpas: 70<br \/>\nMoctezuma: 64<br \/>\nRosario: 63<br \/>\nBacoachi: 51<br \/>\nFronteras: 43<br \/>\nY\u00e9cora: 43<br \/>\nBenjam\u00edn Hill: 38<br \/>\nNaco: 33<br \/>\nArizpe: 32<br \/>\nAconchi: 30<br \/>\nS\u00e1ric: 26<br \/>\nN\u00e1cori Chico: 25<br \/>\nArivechi: 20<br \/>\nSan Miguel de Horcasitas: 18<br \/>\nVilla Hidalgo: 16<br \/>\nGranados: 15<br \/>\nTrincheras: 14<br \/>\nBan\u00e1michi: 14<br \/>\nQuiriego: 13<br \/>\nCarb\u00f3: 13<br \/>\nSan Pedro de la Cueva: 13<br \/>\nCucurpe: 11<br \/>\nRay\u00f3n: 10<br \/>\nTepache: 10<br \/>\nBacerac: 8<br \/>\nHu\u00e1sabas: 8<br \/>\nHuachinera: 7<br \/>\nBavispe: 7<br \/>\n\u00d3navas: 6<br \/>\nVilla Pesqueira: 6<br \/>\nSan Javier: 6<br \/>\nTubutama: 6<br \/>\nDivisaderos: 5<br \/>\nBacad\u00e9huachi: 5<br \/>\nSan Felipe de Jes\u00fas: 5<br \/>\nBacanora: 4<br \/>\nSanta Cruz: 4<br \/>\nHu\u00e9pac: 4<br \/>\nMazat\u00e1n: 4<br \/>\nOpodepe: 3<br \/>\nOquitoa: 3<br \/>\nLa Colorada: 2<br \/>\nSuaqui Grande: 1<br \/>\nSoyopa: 1<\/p>\n<p>Mujeres: 35,860\/Hombres: 30,867<\/p>\n<p>Instituci\u00f3n M\u00e9dica<br \/>\nSecretar\u00eda de Salud: 47,128<br \/>\nIMSS: 13,318<br \/>\nIsssteson: 4,962<br \/>\nIssste: 1,081<br \/>\nSedena: 223<br \/>\nSemar: 15<\/p>\n<p>Casos estudiados: 117,995<br \/>\nConfirmados: 66,727<br \/>\nDescartados: 51,268<br \/>\nCuadro leve: 10,653<br \/>\nPacientes activos: 1,082<br \/>\nPacientes en seguimiento terminado: 9,571<br \/>\nCurados: 50,208<br \/>\nHospitalizados: 127<br \/>\nEstables: 51<br \/>\nGraves: 59<br \/>\nPacientes graves con ventilaci\u00f3n mec\u00e1nica invasiva: 17<\/p>\n<p>(Publicada el 02\/03\/2021)<\/p>\n","protected":false},"excerpt":{"rendered":"<p>HERMOSILLO, SONORA. MX. \u2014 Luego de las pasadas celebraciones de Halloween y D\u00eda de Muertos,&#8230;<\/p>\n","protected":false},"author":1,"featured_media":108074,"comment_status":"open","ping_status":"open","sticky":false,"template":"","format":"standard","meta":{"_monsterinsights_skip_tracking":false,"_monsterinsights_sitenote_active":false,"_monsterinsights_sitenote_note":"","_monsterinsights_sitenote_category":0,"footnotes":""},"categories":[22],"tags":[5483,4267,5482,15],"class_list":["post"],"yoast_head":" \n<title>Sonora en Equipo. Evitar entre todos que la Semana Santa provoque un aumento de casos de COVID-19: Enrique Claussen Sonora<\/title>\n<meta name=\"description\" content=\"HERMOSILLO, SONORA. MX. \u2014 Luego de las pasadas celebraciones de Halloween y D\u00eda de Muertos, en Sonora se registraron m\u00e1s de 6 mil 400 contagios y 296 En Sonora en Equipo publicamos toda la informaci\u00f3n de Sonora, M\u00e9xico y el Mundo de manera oportuna y busca que la libertad de expresi\u00f3n sea real. Visita nuestro medio informativo publicado desde Hermosillo, Sonora. %\" \/>\n<meta name=\"robots\" content=\"index, follow, max-snippet:-1, max-image-preview:large, max-video-preview:-1\" \/>\n<link rel=\"canonical\" href=\"https:\/\/www.sonoraenequipo.com.mx\/evitar-entre-todos-que-la-semana-santa-provoque-un-aumento-de-casos-de-covid-19-enrique-claussen\/\" \/>\n<meta property=\"og:locale\" content=\"es_ES\" \/>\n<meta property=\"og:type\" content=\"article\" \/>\n<meta property=\"og:title\" content=\"Sonora en Equipo. Evitar entre todos que la Semana Santa provoque un aumento de casos de COVID-19: Enrique Claussen Sonora\" \/>\n<meta property=\"og:description\" content=\"HERMOSILLO, SONORA. MX. \u2014 Luego de las pasadas celebraciones de Halloween y D\u00eda de Muertos, en Sonora se registraron m\u00e1s de 6 mil 400 contagios y 296 En Sonora en Equipo publicamos toda la informaci\u00f3n de Sonora, M\u00e9xico y el Mundo de manera oportuna y busca que la libertad de expresi\u00f3n sea real. Visita nuestro medio informativo publicado desde Hermosillo, Sonora. %\" \/>\n<meta property=\"og:url\" content=\"https:\/\/www.sonoraenequipo.com.mx\/evitar-entre-todos-que-la-semana-santa-provoque-un-aumento-de-casos-de-covid-19-enrique-claussen\/\" \/>\n<meta property=\"og:site_name\" content=\"Sonora en Equipo.\" \/>\n<meta property=\"article:publisher\" content=\"https:\/\/www.facebook.com\/SonoraEE\/\" \/>\n<meta property=\"article:author\" content=\"https:\/\/www.facebook.com\/SonoraEE\" \/>\n<meta property=\"article:published_time\" content=\"2021-03-02T14:17:58+00:00\" \/>\n<meta property=\"article:modified_time\" content=\"2021-03-02T22:16:05+00:00\" \/>\n<meta property=\"og:image\" content=\"https:\/\/www.sonoraenequipo.com.mx\/storage\/2021\/03\/covid-19_opt.jpg\" \/>\n\t<meta property=\"og:image:width\" content=\"681\" \/>\n\t<meta property=\"og:image:height\" content=\"474\" \/>\n\t<meta property=\"og:image:type\" content=\"image\/jpeg\" \/>\n<meta name=\"author\" content=\"enequipo\" \/>\n<meta name=\"twitter:card\" content=\"summary_large_image\" \/>\n<meta name=\"twitter:creator\" content=\"@sonoraenequipo\" \/>\n<meta name=\"twitter:site\" content=\"@sonoraenequipo\" \/>\n<meta name=\"twitter:label1\" content=\"Escrito por\" \/>\n\t<meta name=\"twitter:data1\" content=\"enequipo\" \/>\n\t<meta name=\"twitter:label2\" content=\"Tiempo de lectura\" \/>\n\t<meta name=\"twitter:data2\" content=\"5 minutos\" \/>\n<script type=\"application\/ld+json\" class=\"yoast-schema-graph\">{\"@context\":\"https:\/\/schema.org\",\"@graph\":[{\"@type\":\"Article\",\"@id\":\"https:\/\/www.sonoraenequipo.com.mx\/evitar-entre-todos-que-la-semana-santa-provoque-un-aumento-de-casos-de-covid-19-enrique-claussen\/#article\",\"isPartOf\":{\"@id\":\"https:\/\/www.sonoraenequipo.com.mx\/evitar-entre-todos-que-la-semana-santa-provoque-un-aumento-de-casos-de-covid-19-enrique-claussen\/\"},\"author\":{\"name\":\"enequipo\",\"@id\":\"https:\/\/www.sonoraenequipo.com.mx\/#\/schema\/person\/50102df0fb23a8fa9e8effad8fa81386\"},\"headline\":\"Evitar entre todos que la Semana Santa provoque un aumento de casos de COVID-19: Enrique Claussen\",\"datePublished\":\"2021-03-02T14:17:58+00:00\",\"dateModified\":\"2021-03-02T22:16:05+00:00\",\"mainEntityOfPage\":{\"@id\":\"https:\/\/www.sonoraenequipo.com.mx\/evitar-entre-todos-que-la-semana-santa-provoque-un-aumento-de-casos-de-covid-19-enrique-claussen\/\"},\"wordCount\":902,\"commentCount\":0,\"publisher\":{\"@id\":\"https:\/\/www.sonoraenequipo.com.mx\/#organization\"},\"image\":{\"@id\":\"https:\/\/www.sonoraenequipo.com.mx\/evitar-entre-todos-que-la-semana-santa-provoque-un-aumento-de-casos-de-covid-19-enrique-claussen\/#primaryimage\"},\"thumbnailUrl\":\"https:\/\/www.sonoraenequipo.com.mx\/storage\/2021\/03\/covid-19_opt.jpg\",\"keywords\":[\"contagio en Sonora\",\"COVID19\",\"Enrique Claussen\",\"Sonora\"],\"articleSection\":[\"Sonora\"],\"inLanguage\":\"es\",\"potentialAction\":[{\"@type\":\"CommentAction\",\"name\":\"Comment\",\"target\":[\"https:\/\/www.sonoraenequipo.com.mx\/evitar-entre-todos-que-la-semana-santa-provoque-un-aumento-de-casos-de-covid-19-enrique-claussen\/#respond\"]}]},{\"@type\":\"WebPage\",\"@id\":\"https:\/\/www.sonoraenequipo.com.mx\/evitar-entre-todos-que-la-semana-santa-provoque-un-aumento-de-casos-de-covid-19-enrique-claussen\/\",\"url\":\"https:\/\/www.sonoraenequipo.com.mx\/evitar-entre-todos-que-la-semana-santa-provoque-un-aumento-de-casos-de-covid-19-enrique-claussen\/\",\"name\":\"Sonora en Equipo. Evitar entre todos que la Semana Santa provoque un aumento de casos de COVID-19: Enrique Claussen Sonora\",\"isPartOf\":{\"@id\":\"https:\/\/www.sonoraenequipo.com.mx\/#website\"},\"primaryImageOfPage\":{\"@id\":\"https:\/\/www.sonoraenequipo.com.mx\/evitar-entre-todos-que-la-semana-santa-provoque-un-aumento-de-casos-de-covid-19-enrique-claussen\/#primaryimage\"},\"image\":{\"@id\":\"https:\/\/www.sonoraenequipo.com.mx\/evitar-entre-todos-que-la-semana-santa-provoque-un-aumento-de-casos-de-covid-19-enrique-claussen\/#primaryimage\"},\"thumbnailUrl\":\"https:\/\/www.sonoraenequipo.com.mx\/storage\/2021\/03\/covid-19_opt.jpg\",\"datePublished\":\"2021-03-02T14:17:58+00:00\",\"dateModified\":\"2021-03-02T22:16:05+00:00\",\"description\":\"HERMOSILLO, SONORA. MX. \u2014 Luego de las pasadas celebraciones de Halloween y D\u00eda de Muertos, en Sonora se registraron m\u00e1s de 6 mil 400 contagios y 296 En Sonora en Equipo publicamos toda la informaci\u00f3n de Sonora, M\u00e9xico y el Mundo de manera oportuna y busca que la libertad de expresi\u00f3n sea real. Visita nuestro medio informativo publicado desde Hermosillo, Sonora. %\",\"breadcrumb\":{\"@id\":\"https:\/\/www.sonoraenequipo.com.mx\/evitar-entre-todos-que-la-semana-santa-provoque-un-aumento-de-casos-de-covid-19-enrique-claussen\/#breadcrumb\"},\"inLanguage\":\"es\",\"potentialAction\":[{\"@type\":\"ReadAction\",\"target\":[\"https:\/\/www.sonoraenequipo.com.mx\/evitar-entre-todos-que-la-semana-santa-provoque-un-aumento-de-casos-de-covid-19-enrique-claussen\/\"]}]},{\"@type\":\"ImageObject\",\"inLanguage\":\"es\",\"@id\":\"https:\/\/www.sonoraenequipo.com.mx\/evitar-entre-todos-que-la-semana-santa-provoque-un-aumento-de-casos-de-covid-19-enrique-claussen\/#primaryimage\",\"url\":\"https:\/\/www.sonoraenequipo.com.mx\/storage\/2021\/03\/covid-19_opt.jpg\",\"contentUrl\":\"https:\/\/www.sonoraenequipo.com.mx\/storage\/2021\/03\/covid-19_opt.jpg\",\"width\":681,\"height\":474},{\"@type\":\"BreadcrumbList\",\"@id\":\"https:\/\/www.sonoraenequipo.com.mx\/evitar-entre-todos-que-la-semana-santa-provoque-un-aumento-de-casos-de-covid-19-enrique-claussen\/#breadcrumb\",\"itemListElement\":[{\"@type\":\"ListItem\",\"position\":1,\"name\":\"Portada\",\"item\":\"https:\/\/www.sonoraenequipo.com.mx\/\"},{\"@type\":\"ListItem\",\"position\":2,\"name\":\"Evitar entre todos que la Semana Santa provoque un aumento de casos de COVID-19: Enrique Claussen\"}]},{\"@type\":\"WebSite\",\"@id\":\"https:\/\/www.sonoraenequipo.com.mx\/#website\",\"url\":\"https:\/\/www.sonoraenequipo.com.mx\/\",\"name\":\"Sonora en Equipo.\",\"description\":\"Diario en l\u00ednea con Noticias desde Hermosillo, Sonora\",\"publisher\":{\"@id\":\"https:\/\/www.sonoraenequipo.com.mx\/#organization\"},\"potentialAction\":[{\"@type\":\"SearchAction\",\"target\":{\"@type\":\"EntryPoint\",\"urlTemplate\":\"https:\/\/www.sonoraenequipo.com.mx\/?s={search_term_string}\"},\"query-input\":{\"@type\":\"PropertyValueSpecification\",\"valueRequired\":true,\"valueName\":\"search_term_string\"}}],\"inLanguage\":\"es\"},{\"@type\":\"Organization\",\"@id\":\"https:\/\/www.sonoraenequipo.com.mx\/#organization\",\"name\":\"Sonoraenequipo.com.mx\",\"url\":\"https:\/\/www.sonoraenequipo.com.mx\/\",\"logo\":{\"@type\":\"ImageObject\",\"inLanguage\":\"es\",\"@id\":\"https:\/\/www.sonoraenequipo.com.mx\/#\/schema\/logo\/image\/\",\"url\":\"https:\/\/www.sonoraenequipo.com.mx\/storage\/2019\/01\/sonoraenequipo_opt.png\",\"contentUrl\":\"https:\/\/www.sonoraenequipo.com.mx\/storage\/2019\/01\/sonoraenequipo_opt.png\",\"width\":375,\"height\":125,\"caption\":\"Sonoraenequipo.com.mx\"},\"image\":{\"@id\":\"https:\/\/www.sonoraenequipo.com.mx\/#\/schema\/logo\/image\/\"},\"sameAs\":[\"https:\/\/www.facebook.com\/SonoraEE\/\",\"https:\/\/x.com\/sonoraenequipo\",\"https:\/\/www.youtube.com\/channel\/UC338nW-lPEYmJQs4ZABQ1SQ\"]},{\"@type\":\"Person\",\"@id\":\"https:\/\/www.sonoraenequipo.com.mx\/#\/schema\/person\/50102df0fb23a8fa9e8effad8fa81386\",\"name\":\"enequipo\",\"image\":{\"@type\":\"ImageObject\",\"inLanguage\":\"es\",\"@id\":\"https:\/\/www.sonoraenequipo.com.mx\/#\/schema\/person\/image\/\",\"url\":\"https:\/\/secure.gravatar.com\/avatar\/049821681b589dabc0bc20695993ccebb09f5b5d4d790cd9251b97faac7c652b?s=96&d=blank&r=g\",\"contentUrl\":\"https:\/\/secure.gravatar.com\/avatar\/049821681b589dabc0bc20695993ccebb09f5b5d4d790cd9251b97faac7c652b?s=96&d=blank&r=g\",\"caption\":\"enequipo\"},\"sameAs\":[\"https:\/\/www.facebook.com\/SonoraEE\"]}]}<\/script>\n ","yoast_head_json":{"title":"Sonora en Equipo. Evitar entre todos que la Semana Santa provoque un aumento de casos de COVID-19: Enrique Claussen Sonora","description":"HERMOSILLO, SONORA. MX. \u2014 Luego de las pasadas celebraciones de Halloween y D\u00eda de Muertos, en Sonora se registraron m\u00e1s de 6 mil 400 contagios y 296 En Sonora en Equipo publicamos toda la informaci\u00f3n de Sonora, M\u00e9xico y el Mundo de manera oportuna y busca que la libertad de expresi\u00f3n sea real. Visita nuestro medio informativo publicado desde Hermosillo, Sonora. %","robots":{"index":"index","follow":"follow","max-snippet":"max-snippet:-1","max-image-preview":"max-image-preview:large","max-video-preview":"max-video-preview:-1"},"canonical":"https:\/\/www.sonoraenequipo.com.mx\/evitar-entre-todos-que-la-semana-santa-provoque-un-aumento-de-casos-de-covid-19-enrique-claussen\/","og_locale":"es_ES","og_type":"article","og_title":"Sonora en Equipo. Evitar entre todos que la Semana Santa provoque un aumento de casos de COVID-19: Enrique Claussen Sonora","og_description":"HERMOSILLO, SONORA. MX. \u2014 Luego de las pasadas celebraciones de Halloween y D\u00eda de Muertos, en Sonora se registraron m\u00e1s de 6 mil 400 contagios y 296 En Sonora en Equipo publicamos toda la informaci\u00f3n de Sonora, M\u00e9xico y el Mundo de manera oportuna y busca que la libertad de expresi\u00f3n sea real. Visita nuestro medio informativo publicado desde Hermosillo, Sonora. %","og_url":"https:\/\/www.sonoraenequipo.com.mx\/evitar-entre-todos-que-la-semana-santa-provoque-un-aumento-de-casos-de-covid-19-enrique-claussen\/","og_site_name":"Sonora en Equipo.","article_publisher":"https:\/\/www.facebook.com\/SonoraEE\/","article_author":"https:\/\/www.facebook.com\/SonoraEE","article_published_time":"2021-03-02T14:17:58+00:00","article_modified_time":"2021-03-02T22:16:05+00:00","og_image":[{"width":681,"height":474,"url":"https:\/\/www.sonoraenequipo.com.mx\/storage\/2021\/03\/covid-19_opt.jpg","type":"image\/jpeg"}],"author":"enequipo","twitter_card":"summary_large_image","twitter_creator":"@sonoraenequipo","twitter_site":"@sonoraenequipo","twitter_misc":{"Escrito por":"enequipo","Tiempo de lectura":"5 minutos"},"schema":{"@context":"https:\/\/schema.org","@graph":[{"@type":"Article","@id":"https:\/\/www.sonoraenequipo.com.mx\/evitar-entre-todos-que-la-semana-santa-provoque-un-aumento-de-casos-de-covid-19-enrique-claussen\/#article","isPartOf":{"@id":"https:\/\/www.sonoraenequipo.com.mx\/evitar-entre-todos-que-la-semana-santa-provoque-un-aumento-de-casos-de-covid-19-enrique-claussen\/"},"author":{"name":"enequipo","@id":"https:\/\/www.sonoraenequipo.com.mx\/#\/schema\/person\/50102df0fb23a8fa9e8effad8fa81386"},"headline":"Evitar entre todos que la Semana Santa provoque un aumento de casos de COVID-19: Enrique Claussen","datePublished":"2021-03-02T14:17:58+00:00","dateModified":"2021-03-02T22:16:05+00:00","mainEntityOfPage":{"@id":"https:\/\/www.sonoraenequipo.com.mx\/evitar-entre-todos-que-la-semana-santa-provoque-un-aumento-de-casos-de-covid-19-enrique-claussen\/"},"wordCount":902,"commentCount":0,"publisher":{"@id":"https:\/\/www.sonoraenequipo.com.mx\/#organization"},"image":{"@id":"https:\/\/www.sonoraenequipo.com.mx\/evitar-entre-todos-que-la-semana-santa-provoque-un-aumento-de-casos-de-covid-19-enrique-claussen\/#primaryimage"},"thumbnailUrl":"https:\/\/www.sonoraenequipo.com.mx\/storage\/2021\/03\/covid-19_opt.jpg","keywords":["contagio en Sonora","COVID19","Enrique Claussen","Sonora"],"articleSection":["Sonora"],"inLanguage":"es","potentialAction":[{"@type":"CommentAction","name":"Comment","target":["https:\/\/www.sonoraenequipo.com.mx\/evitar-entre-todos-que-la-semana-santa-provoque-un-aumento-de-casos-de-covid-19-enrique-claussen\/#respond"]}]},{"@type":"WebPage","@id":"https:\/\/www.sonoraenequipo.com.mx\/evitar-entre-todos-que-la-semana-santa-provoque-un-aumento-de-casos-de-covid-19-enrique-claussen\/","url":"https:\/\/www.sonoraenequipo.com.mx\/evitar-entre-todos-que-la-semana-santa-provoque-un-aumento-de-casos-de-covid-19-enrique-claussen\/","name":"Sonora en Equipo. Evitar entre todos que la Semana Santa provoque un aumento de casos de COVID-19: Enrique Claussen Sonora","isPartOf":{"@id":"https:\/\/www.sonoraenequipo.com.mx\/#website"},"primaryImageOfPage":{"@id":"https:\/\/www.sonoraenequipo.com.mx\/evitar-entre-todos-que-la-semana-santa-provoque-un-aumento-de-casos-de-covid-19-enrique-claussen\/#primaryimage"},"image":{"@id":"https:\/\/www.sonoraenequipo.com.mx\/evitar-entre-todos-que-la-semana-santa-provoque-un-aumento-de-casos-de-covid-19-enrique-claussen\/#primaryimage"},"thumbnailUrl":"https:\/\/www.sonoraenequipo.com.mx\/storage\/2021\/03\/covid-19_opt.jpg","datePublished":"2021-03-02T14:17:58+00:00","dateModified":"2021-03-02T22:16:05+00:00","description":"HERMOSILLO, SONORA. MX. \u2014 Luego de las pasadas celebraciones de Halloween y D\u00eda de Muertos, en Sonora se registraron m\u00e1s de 6 mil 400 contagios y 296 En Sonora en Equipo publicamos toda la informaci\u00f3n de Sonora, M\u00e9xico y el Mundo de manera oportuna y busca que la libertad de expresi\u00f3n sea real. Visita nuestro medio informativo publicado desde Hermosillo, Sonora. %","breadcrumb":{"@id":"https:\/\/www.sonoraenequipo.com.mx\/evitar-entre-todos-que-la-semana-santa-provoque-un-aumento-de-casos-de-covid-19-enrique-claussen\/#breadcrumb"},"inLanguage":"es","potentialAction":[{"@type":"ReadAction","target":["https:\/\/www.sonoraenequipo.com.mx\/evitar-entre-todos-que-la-semana-santa-provoque-un-aumento-de-casos-de-covid-19-enrique-claussen\/"]}]},{"@type":"ImageObject","inLanguage":"es","@id":"https:\/\/www.sonoraenequipo.com.mx\/evitar-entre-todos-que-la-semana-santa-provoque-un-aumento-de-casos-de-covid-19-enrique-claussen\/#primaryimage","url":"https:\/\/www.sonoraenequipo.com.mx\/storage\/2021\/03\/covid-19_opt.jpg","contentUrl":"https:\/\/www.sonoraenequipo.com.mx\/storage\/2021\/03\/covid-19_opt.jpg","width":681,"height":474},{"@type":"BreadcrumbList","@id":"https:\/\/www.sonoraenequipo.com.mx\/evitar-entre-todos-que-la-semana-santa-provoque-un-aumento-de-casos-de-covid-19-enrique-claussen\/#breadcrumb","itemListElement":[{"@type":"ListItem","position":1,"name":"Portada","item":"https:\/\/www.sonoraenequipo.com.mx\/"},{"@type":"ListItem","position":2,"name":"Evitar entre todos que la Semana Santa provoque un aumento de casos de COVID-19: Enrique Claussen"}]},{"@type":"WebSite","@id":"https:\/\/www.sonoraenequipo.com.mx\/#website","url":"https:\/\/www.sonoraenequipo.com.mx\/","name":"Sonora en Equipo.","description":"Diario en l\u00ednea con Noticias desde Hermosillo, Sonora","publisher":{"@id":"https:\/\/www.sonoraenequipo.com.mx\/#organization"},"potentialAction":[{"@type":"SearchAction","target":{"@type":"EntryPoint","urlTemplate":"https:\/\/www.sonoraenequipo.com.mx\/?s={search_term_string}"},"query-input":{"@type":"PropertyValueSpecification","valueRequired":true,"valueName":"search_term_string"}}],"inLanguage":"es"},{"@type":"Organization","@id":"https:\/\/www.sonoraenequipo.com.mx\/#organization","name":"Sonoraenequipo.com.mx","url":"https:\/\/www.sonoraenequipo.com.mx\/","logo":{"@type":"ImageObject","inLanguage":"es","@id":"https:\/\/www.sonoraenequipo.com.mx\/#\/schema\/logo\/image\/","url":"https:\/\/www.sonoraenequipo.com.mx\/storage\/2019\/01\/sonoraenequipo_opt.png","contentUrl":"https:\/\/www.sonoraenequipo.com.mx\/storage\/2019\/01\/sonoraenequipo_opt.png","width":375,"height":125,"caption":"Sonoraenequipo.com.mx"},"image":{"@id":"https:\/\/www.sonoraenequipo.com.mx\/#\/schema\/logo\/image\/"},"sameAs":["https:\/\/www.facebook.com\/SonoraEE\/","https:\/\/x.com\/sonoraenequipo","https:\/\/www.youtube.com\/channel\/UC338nW-lPEYmJQs4ZABQ1SQ"]},{"@type":"Person","@id":"https:\/\/www.sonoraenequipo.com.mx\/#\/schema\/person\/50102df0fb23a8fa9e8effad8fa81386","name":"enequipo","image":{"@type":"ImageObject","inLanguage":"es","@id":"https:\/\/www.sonoraenequipo.com.mx\/#\/schema\/person\/image\/","url":"https:\/\/secure.gravatar.com\/avatar\/049821681b589dabc0bc20695993ccebb09f5b5d4d790cd9251b97faac7c652b?s=96&d=blank&r=g","contentUrl":"https:\/\/secure.gravatar.com\/avatar\/049821681b589dabc0bc20695993ccebb09f5b5d4d790cd9251b97faac7c652b?s=96&d=blank&r=g","caption":"enequipo"},"sameAs":["https:\/\/www.facebook.com\/SonoraEE"]}]}},"jetpack_featured_media_url":"https:\/\/www.sonoraenequipo.com.mx\/storage\/2021\/03\/covid-19_opt.jpg","_links":{"self":[{"href":"https:\/\/www.sonoraenequipo.com.mx\/api\/wp\/v2\/posts\/108073","targetHints":{"allow":["GET"]}}],"collection":[{"href":"https:\/\/www.sonoraenequipo.com.mx\/api\/wp\/v2\/posts"}],"about":[{"href":"https:\/\/www.sonoraenequipo.com.mx\/api\/wp\/v2\/types\/post"}],"author":[{"embeddable":true,"href":"https:\/\/www.sonoraenequipo.com.mx\/api\/wp\/v2\/users\/1"}],"replies":[{"embeddable":true,"href":"https:\/\/www.sonoraenequipo.com.mx\/api\/wp\/v2\/comments?post=108073"}],"version-history":[{"count":1,"href":"https:\/\/www.sonoraenequipo.com.mx\/api\/wp\/v2\/posts\/108073\/revisions"}],"predecessor-version":[{"id":108075,"href":"https:\/\/www.sonoraenequipo.com.mx\/api\/wp\/v2\/posts\/108073\/revisions\/108075"}],"wp:featuredmedia":[{"embeddable":true,"href":"https:\/\/www.sonoraenequipo.com.mx\/api\/wp\/v2\/media\/108074"}],"wp:attachment":[{"href":"https:\/\/www.sonoraenequipo.com.mx\/api\/wp\/v2\/media?parent=108073"}],"wp:term":[{"taxonomy":"category","embeddable":true,"href":"https:\/\/www.sonoraenequipo.com.mx\/api\/wp\/v2\/categories?post=108073"},{"taxonomy":"post_tag","embeddable":true,"href":"https:\/\/www.sonoraenequipo.com.mx\/api\/wp\/v2\/tags?post=108073"}],"curies":[{"name":"wp","href":"https:\/\/api.w.org\/{rel}","templated":true}]}}