{"id":108076,"date":"2021-03-02T08:25:17","date_gmt":"2021-03-02T15:25:17","guid":{"rendered":"https:\/\/www.sonoraenequipo.com.mx\/?p=108076"},"modified":"2021-03-02T15:33:30","modified_gmt":"2021-03-02T22:33:30","slug":"acciones-policiales-para-la-seguridad-de-hermosillo-del-dia-01-marzo-2021","status":"publish","type":"post","link":"https:\/\/www.sonoraenequipo.com.mx\/acciones-policiales-para-la-seguridad-de-hermosillo-del-dia-01-marzo-2021\/","title":{"rendered":"Acciones Policiales para la Seguridad de Hermosillo del d\u00eda 01 marzo 2021"},"content":{"rendered":"<h3>Detenidos en Hermosillo por la SSP<\/h3>\n<p>&nbsp;<\/p>\n<p><strong>Real del Carmen.<\/strong>&#8211; Dos personas fueron detenidas esta tarde de lunes por el delito de homicidio, hecho ocurrido en las calles Santillana, entre Manzanares y Batall\u00f3n San Patricio.<\/p>\n<p>&nbsp;<\/p>\n<p> <\/p>\n<p>&nbsp;<\/p>\n<p>Cornelio \u00abN\u00bb, de 35 a\u00f1os, y Adri\u00e1n Alberto \u00abN\u00bb, de 33 a\u00f1os, fueron se\u00f1alados por un testigo de la agresi\u00f3n que cost\u00f3 la vida de un hombre de 43 a\u00f1os, quien present\u00f3 lesiones provocadas por arma punzo cortante.<\/p>\n<p>&nbsp;<\/p>\n<p>Los agentes arribaron al sitio a las 14:39 horas, entrevistandose con un testigo del hecho, quien dijo que minutos antes hab\u00eda escuchado gritos y golpes en el interior del lugar, donde qued\u00f3 el cuerpo sin vida de la v\u00edctima, viendo que sal\u00edan dos personas del sexo masculino del inmueble.<\/p>\n<p>&nbsp;<\/p>\n<p>Ambas personas fueron se\u00f1aladas y localizadas a metros del lugar de los hechos, quedando detenidas y presentadas ante el Ministerio P\u00fablico por los se\u00f1alamientos del delito.<\/p>\n<p>&nbsp;<\/p>\n<p>Param\u00e9dicos de Cruz Roja revisaron la casa donde se origin\u00f3 el reporte, informando que la persona agredida ya no contaba con signos vitales.<\/p>\n<p>&nbsp;<\/p>\n<p>Se inform\u00f3 del hecho al Ministerio P\u00fablico y a elementos de Periciales para que realizar\u00e1n su labor en el \u00e1rea asegurada.<\/p>\n<p>&nbsp;<\/p>\n<p>Uno de los detenidos, de 35 a\u00f1os, result\u00f3 con una orden de aprehensi\u00f3n vigente por el delito de homicidio calificado con premeditaci\u00f3n, alevos\u00eda y ventaja, lo cual fue notificado al agente del Ministerio P\u00fablico.<\/p>\n<p>&nbsp;<\/p>\n<p><strong><img loading=\"lazy\" decoding=\"async\" class=\"size-medium  x-left\" src=\"https:\/\/www.sonoraenequipo.com.mx\/storage\/2021\/03\/detenidos-por-intento-de-feminicidio_opt-283x365.jpg\" alt=\"\" width=\"283\" height=\"365\" \/>Bah\u00eda de Kino.-<\/strong> Tres personas fueron detenidas durante la noche del lunes, en las calles Mar de Cort\u00e9s y Maracaibo, en Bah\u00eda de Kino, por el delito de robo con violencia en casa habitaci\u00f3n.<\/p>\n<p>&nbsp;<\/p>\n<p>Danuel Francisco \u201cN\u201d, de 21 a\u00f1os, Jes\u00fas Gamaliel \u201cN\u201d, de 31 a\u00f1os, y Ram\u00f3n \u201cN\u201d, de 32 a\u00f1os, fueron denunciados como los participantes de un robo ocurrido en casa habitaci\u00f3n en la direcci\u00f3n mencionada.<\/p>\n<p>&nbsp;<\/p>\n<p>A las 19:25 horas los agentes reciben un reporte que varias personas sal\u00edan de la casa con cosas robadas y abordaban un veh\u00edculo tipo pick up de color rojo, con rumbo hacia la capital sonorense, siendo interceptados en el kil\u00f3metro 90 de la carretera 100 Estatal.<\/p>\n<p>&nbsp;<\/p>\n<p>La reportante, cuidadora del hogar, dijo que las tres personas detenidas y la materia recuperada, una televisi\u00f3n y una aspiradora, pertenec\u00edan a los due\u00f1os del inmueble, y que para apoderarse de ellas hab\u00edan causado da\u00f1os en la puerta principal.<\/p>\n<p>&nbsp;<\/p>\n<p>Los detenidos y la materia fueron puestos a disposici\u00f3n del Ministerio P\u00fablico.<\/p>\n<p>&nbsp;<\/p>\n<p><strong>Amapolas.-<\/strong> Luis Arturo \u201cN\u201d, de 24 a\u00f1os, y Adalberto \u201cN\u201d, de 24 a\u00f1os, fueron detenidos por elementos de la Polic\u00eda de Hermosillo, se\u00f1alados en el delito de intento de feminicidio, esto ocurrido durante la madrugada de ayer lunes, en las calles \u00c1lamo, entre Pino y Cartonera, de la colonia Amapolas.<\/p>\n<p>&nbsp;<\/p>\n<p>Los agentes acudieron al sitio donde se denunciaba una agresi\u00f3n contra una joven de 26 a\u00f1os, la cual hab\u00eda sido acuchillada por dos personas que huyeron a bordo de un veh\u00edculo tipo pick up, el cual fue ubicado de inmediato en las calles Salamanca e Iglesias, de la colonia Metalera.<\/p>\n<p>&nbsp;<\/p>\n<p>Los abordantes de dicha unidad m\u00f3vil fueron turnados ante el Ministerio P\u00fablico, ya que son se\u00f1alados por testigos de la agresi\u00f3n y por la v\u00edctima misma, la cual fue atendida por param\u00e9dicos de Cruz Roja, quienes la llevaron a un hospital a bordo de la unidad 527.<\/p>\n<p>&nbsp;<\/p>\n<p><strong>Miguel Alem\u00e1n.-<\/strong> Ayer por la tarde fue detenido Omar \u201cN\u201d, de 36 a\u00f1os, por el delito de robo de frutos por cosechar, esto en un campo ubicado en la Carretera 100 Estatal y Jos\u00e9 Arias Final Norte.<\/p>\n<p>&nbsp;<\/p>\n<p>Los agentes de la unidad policial acudieron hasta el sitio mencionado, ya que personal del campo lo hab\u00eda denunciado por llevarse un costal de naranjas.<\/p>\n<p>&nbsp;<\/p>\n<p>El hombre detenido y la materia fueron puestos a disposici\u00f3n del Ministerio P\u00fablico.<\/p>\n<p>&nbsp;<\/p>\n<p><strong><img loading=\"lazy\" decoding=\"async\" class=\"size-medium  x-left\" src=\"https:\/\/www.sonoraenequipo.com.mx\/storage\/2021\/03\/materia-recuperada-a-menor-de-edad-detenido-por-robo_opt-507x365.jpg\" alt=\"\" width=\"507\" height=\"365\" \/>Miguel Alem\u00e1n.-<\/strong> Javier Antonio \u201cN\u201d, de 29 a\u00f1os, fue detenido ayer por la tarde, a las 15:55 horas, por el delito de violencia familiar en perjuicio de una mujer de 35 a\u00f1os.<\/p>\n<p>&nbsp;<\/p>\n<p>Los agentes acudieron a las calles Francisco I. Madero y Diana Laura, donde se reportaba el caso de violencia familiar.<\/p>\n<p>&nbsp;<\/p>\n<p>Ah\u00ed se percataron de un hombre que se comportaba de manera agresiva contra una mujer, a la cual jaloneaba de un brazo, por lo que se le detuvo y present\u00f3 ante la autoridad investigadora.<\/p>\n<p>&nbsp;<\/p>\n<p><strong>El Sahuaro.-<\/strong> Marcos \u201cN\u201d, de 22 a\u00f1os, fue detenido por el delito de allanamiento de morada, esto en las calles Chetumal y L\u00e1zaro Mercado, de la colonia El Sahuaro.<\/p>\n<p>&nbsp;<\/p>\n<p>A las 7:08 horas de ayer lunes se report\u00f3 al n\u00famero de emergencia la presencia de una persona desconocida en el inmueble.<\/p>\n<p>&nbsp;<\/p>\n<p>Al llegar, los agentes se entrevistaron con la reportante, quien dijo que hab\u00eda escuchado ruidos en el traspatio, autorizando a los elementos para ingresar y revisar, los cuales encontraron al hoy detenido escondido.<\/p>\n<p>&nbsp;<\/p>\n<p>Marcos, al ver la presencia policial, intent\u00f3 huir a fuerza de carrera, pero fue alcanzado de inmediato y sometido, para ser presentado ante el Ministerio P\u00fablico por el delito mencionado.<\/p>\n<p>&nbsp;<\/p>\n<p><strong><img loading=\"lazy\" decoding=\"async\" class=\"size-medium  x-right\" src=\"https:\/\/www.sonoraenequipo.com.mx\/storage\/2021\/03\/Droga-asegurada_opt-414x365.jpg\" alt=\"\" width=\"414\" height=\"365\" \/>Miguel Alem\u00e1n. &#8211;<\/strong> Jos\u00e9 Luis \u00abN\u00bb, de 23 a\u00f1os, fue detenido a las 01:04 horas de este martes por el delito de robo con violencia a un comercio de pollos asados, en las calles Arellano Tapia y 20 de noviembre.<\/p>\n<p>&nbsp;<\/p>\n<p>Los agentes realizaban recorridos de vigilancia cuando se percataron del joven que sal\u00eda a fuerza de carrera del comercio, cargando una bocina color negro. El detenido fue puesto a disposici\u00f3n de la Agencia del Ministerio P\u00fablico para que se inicie el proceso legal.<\/p>\n<p>&nbsp;<\/p>\n<p><strong>Centro. &#8211;<\/strong> Por los delitos de robo con violencia a casa habitaci\u00f3n y portaci\u00f3n de arma prohibida fue detenido Antonio \u00abN\u00bb, de 26 a\u00f1os.<\/p>\n<p>&nbsp;<\/p>\n<p>El arresto fue en las calles Guerrero y Zacatecas, a las 03:00 horas de este martes, despu\u00e9s de que agentes municipales en recorridos de rutina recibieran el reporte.<\/p>\n<p>&nbsp;<\/p>\n<p>Los uniformados encontraron al hoy detenido en flagrancia, por lo que inmediatamente se le asegur\u00f3 y puso a disposici\u00f3n de la autoridad correspondiente.<\/p>\n<p>&nbsp;<\/p>\n<p><strong>Valle del Lago.<\/strong> &#8211; Un menor de 17 a\u00f1os fue detenido por el delito de robo con violencia a una tienda de conveniencia de las calles Villahermosa y Real del Arco, esto a las 05:20 horas.<\/p>\n<p>&nbsp;<\/p>\n<p>En el sitio los agentes se encontraron con el guardia del lugar, quien se\u00f1al\u00f3 a tres personas que hu\u00edan en bicicletas con varias cosas que sustrajeron del comercio.<\/p>\n<p>&nbsp;<\/p>\n<p>Se inici\u00f3 la persecuci\u00f3n de estos y se dio alcance a uno de ellos, quien llevaba una mochila con una botella de licor y varias cajetillas de cigarros de diversas marcas.<\/p>\n<p>&nbsp;<\/p>\n<p>Al cuestionar al detenido, este dijo tener 17 a\u00f1os, por lo que fue asegurado y puesto a disposici\u00f3n de la autoridad especializada.<\/p>\n<p>&nbsp;<\/p>\n<p><strong>VEH\u00cdCULOS RECUPERADOS<\/strong><\/p>\n<p>&nbsp;<\/p>\n<p><strong><img loading=\"lazy\" decoding=\"async\" class=\"size-medium  x-left\" src=\"https:\/\/www.sonoraenequipo.com.mx\/storage\/2021\/03\/Daniel-Jesus-y-Ramon-detenidos_opt-457x365.jpg\" alt=\"\" width=\"457\" height=\"365\" \/>Villas del Real. &#8211;<\/strong> Se tom\u00f3 nota de despojo de veh\u00edculo con violencia en las calles Villa Bugambilia y Villa del Real, siendo la v\u00edctima un taxista que conduc\u00eda un Nissan, Tiida, blanco.<\/p>\n<p>&nbsp;<\/p>\n<p>Los hechos ocurrieron a las 03:10 horas de este martes y el afectado dio parte a las autoridades mediante el n\u00famero de emergencias, inici\u00e1ndose as\u00ed un operativo.<\/p>\n<p>&nbsp;<\/p>\n<p>El veh\u00edculo fue encontrado abandonado en la colonia Tierra Nueva y, pese a que se dej\u00f3 cerrado, se pudo observar que en el piso del lado del copiloto se encontraba un cuchillo.<\/p>\n<p>&nbsp;<\/p>\n<p>La unidad fue puesta a disposici\u00f3n de la autoridad investigadora para ser procesada.<\/p>\n<p>&nbsp;<\/p>\n<p><strong>ATENCI\u00d3N A LA CIUDADAN\u00cdA<\/strong><\/p>\n<p>&nbsp;<\/p>\n<p><strong>San Luis. &#8211;<\/strong> Se aseguraron 30 envoltorios con droga, 23 de ellos con marihuana y los otros siete con metanfetamina, esto en la calle La Caridad, en las inmediaciones del cerro de la colonia San Luis.<\/p>\n<p>&nbsp;<\/p>\n<p>Los hechos ocurrieron a las 22:30 horas, momento en el que elementos de Sedena solicitaron la presencia de polic\u00edas en el sitio, toda vez que hab\u00edan asegurado un indicio tras una persecuci\u00f3n pie tierra.<\/p>\n<p>&nbsp;<\/p>\n<p>Los castrenses dijeron a los polic\u00edas que al hacer recorridos por la zona vieron a un sujeto que se ech\u00f3 a correr, por lo que lo persiguieron, no obstante, se perdi\u00f3 en el cerro.<\/p>\n<p>&nbsp;<\/p>\n<p>El individuo dej\u00f3 tirada tras de s\u00ed la mencionada bolsa con envoltorios pl\u00e1sticos, por lo que se realiz\u00f3 la revisi\u00f3n, verificando que era la mencionada droga, misma que se puso a disposici\u00f3n del Ministerio P\u00fablico.<\/p>\n<p>&nbsp;<\/p>\n<p><strong>ATENCI\u00d3N DE REPORTES<\/strong><\/p>\n<p>&nbsp;<\/p>\n<p><strong>Buena Vista.-<\/strong> A las 9:13 horas de ayer lunes se report\u00f3 al n\u00famero de emergencia un robo de accesorios de veh\u00edculos ocurrido en las calles Roberto Romero, entre De los Maestros y Cabo San Lucas, de la colonia Buena Vista.<\/p>\n<p>&nbsp;<\/p>\n<p>Al llegar al lugar reportado, los agentes se entrevistaron con la afectada, quien dijo que hab\u00eda dejado su veh\u00edculo por fuera de la casa de sus padres, a los cuales hab\u00eda ido a visitar, y al despertar se percat\u00f3 que el cofre del veh\u00edculo de la marca Ford, Fusion, color gris, estaba abierto y le hac\u00eda falta el acumulador, mientras que del interior de la unidad le hab\u00edan sacado un est\u00e9reo, unos bajos, una maleta y una cartera con dinero en efectivo.<\/p>\n<p>&nbsp;<\/p>\n<p><strong>EMERGENCIAS<\/strong><\/p>\n<p>&nbsp;<\/p>\n<p><strong>Hacienda de la Flor.-<\/strong> Elementos del Departamento de Bomberos y Polic\u00eda de Hermosillo atendieron ayer por la ma\u00f1ana, a las 6:24 horas, un reporte que indicaba un incendio de una casa habitaci\u00f3n ubicada en las calles Pedro de Gante y L\u00f3pez Riesgo, de la colonia Hacienda de la Flor.<\/p>\n<p>&nbsp;<\/p>\n<p>Al llegar al sitio, los agentes municipales se entrevistaron con el reportante, quien dijo que lo despert\u00f3 un fuerte olor a humo, el cual proven\u00eda de un cuarto contiguo donde habitan sus hermanos.<\/p>\n<p>&nbsp;<\/p>\n<p>Personal de Bomberos arrib\u00f3 al sitio, revisando el interior del cuarto, sin encontrar a personas dentro, ya que previamente se hab\u00edan desalojado a los moradores.<\/p>\n<p>&nbsp;<\/p>\n<p>Los especialistas trabajaron para sofocar las llamas, que posiblemente fueron provocadas por un corto circuito.<\/p>\n<p>&nbsp;<\/p>\n<p>Personal de Cruz Roja lleg\u00f3 para atender a la persona reportante, quien sufri\u00f3 de una crisis nerviosa por el hecho.<\/p>\n<p>&nbsp;<\/p>\n<p>&nbsp;<\/p>\n<p>(Publicada el 02\/03\/2021)<\/p>\n","protected":false},"excerpt":{"rendered":"<p>Detenidos en Hermosillo por la SSP &nbsp; Real del Carmen.&#8211; Dos personas fueron detenidas esta&#8230;<\/p>\n","protected":false},"author":1,"featured_media":108081,"comment_status":"open","ping_status":"open","sticky":false,"template":"","format":"standard","meta":{"_monsterinsights_skip_tracking":false,"_monsterinsights_sitenote_active":false,"_monsterinsights_sitenote_note":"","_monsterinsights_sitenote_category":0,"footnotes":""},"categories":[3144],"tags":[],"class_list":["post"],"yoast_head":" \n<title>Sonora en Equipo. Acciones Policiales para la Seguridad de Hermosillo del d\u00eda 01 marzo 2021 Polic\u00edaca<\/title>\n<meta name=\"description\" content=\"Detenidos en Hermosillo por la SSP &nbsp; Real del Carmen.- Dos personas fueron detenidas esta tarde de lunes por el delito de homicidio, hecho ocurrido En Sonora en Equipo publicamos toda la informaci\u00f3n de Sonora, M\u00e9xico y el Mundo de manera oportuna y busca que la libertad de expresi\u00f3n sea real. Visita nuestro medio informativo publicado desde Hermosillo, Sonora. %\" \/>\n<meta name=\"robots\" content=\"index, follow, max-snippet:-1, max-image-preview:large, max-video-preview:-1\" \/>\n<link rel=\"canonical\" href=\"https:\/\/www.sonoraenequipo.com.mx\/acciones-policiales-para-la-seguridad-de-hermosillo-del-dia-01-marzo-2021\/\" \/>\n<meta property=\"og:locale\" content=\"es_ES\" \/>\n<meta property=\"og:type\" content=\"article\" \/>\n<meta property=\"og:title\" content=\"Sonora en Equipo. Acciones Policiales para la Seguridad de Hermosillo del d\u00eda 01 marzo 2021 Polic\u00edaca\" \/>\n<meta property=\"og:description\" content=\"Detenidos en Hermosillo por la SSP &nbsp; Real del Carmen.- Dos personas fueron detenidas esta tarde de lunes por el delito de homicidio, hecho ocurrido En Sonora en Equipo publicamos toda la informaci\u00f3n de Sonora, M\u00e9xico y el Mundo de manera oportuna y busca que la libertad de expresi\u00f3n sea real. Visita nuestro medio informativo publicado desde Hermosillo, Sonora. %\" \/>\n<meta property=\"og:url\" content=\"https:\/\/www.sonoraenequipo.com.mx\/acciones-policiales-para-la-seguridad-de-hermosillo-del-dia-01-marzo-2021\/\" \/>\n<meta property=\"og:site_name\" content=\"Sonora en Equipo.\" \/>\n<meta property=\"article:publisher\" content=\"https:\/\/www.facebook.com\/SonoraEE\/\" \/>\n<meta property=\"article:author\" content=\"https:\/\/www.facebook.com\/SonoraEE\" \/>\n<meta property=\"article:published_time\" content=\"2021-03-02T15:25:17+00:00\" \/>\n<meta property=\"article:modified_time\" content=\"2021-03-02T22:33:30+00:00\" \/>\n<meta property=\"og:image\" content=\"https:\/\/www.sonoraenequipo.com.mx\/storage\/2021\/03\/Luis-Arturo-y-Adalberto-detenidos-por-intento-de-feminicidio-1_opt.jpg\" \/>\n\t<meta property=\"og:image:width\" content=\"632\" \/>\n\t<meta property=\"og:image:height\" content=\"474\" \/>\n\t<meta property=\"og:image:type\" content=\"image\/jpeg\" \/>\n<meta name=\"author\" content=\"enequipo\" \/>\n<meta name=\"twitter:card\" content=\"summary_large_image\" \/>\n<meta name=\"twitter:creator\" content=\"@sonoraenequipo\" \/>\n<meta name=\"twitter:site\" content=\"@sonoraenequipo\" \/>\n<meta name=\"twitter:label1\" content=\"Escrito por\" \/>\n\t<meta name=\"twitter:data1\" content=\"enequipo\" \/>\n\t<meta name=\"twitter:label2\" content=\"Tiempo de lectura\" \/>\n\t<meta name=\"twitter:data2\" content=\"8 minutos\" \/>\n<script type=\"application\/ld+json\" class=\"yoast-schema-graph\">{\"@context\":\"https:\/\/schema.org\",\"@graph\":[{\"@type\":\"Article\",\"@id\":\"https:\/\/www.sonoraenequipo.com.mx\/acciones-policiales-para-la-seguridad-de-hermosillo-del-dia-01-marzo-2021\/#article\",\"isPartOf\":{\"@id\":\"https:\/\/www.sonoraenequipo.com.mx\/acciones-policiales-para-la-seguridad-de-hermosillo-del-dia-01-marzo-2021\/\"},\"author\":{\"name\":\"enequipo\",\"@id\":\"https:\/\/www.sonoraenequipo.com.mx\/#\/schema\/person\/50102df0fb23a8fa9e8effad8fa81386\"},\"headline\":\"Acciones Policiales para la Seguridad de Hermosillo del d\u00eda 01 marzo 2021\",\"datePublished\":\"2021-03-02T15:25:17+00:00\",\"dateModified\":\"2021-03-02T22:33:30+00:00\",\"mainEntityOfPage\":{\"@id\":\"https:\/\/www.sonoraenequipo.com.mx\/acciones-policiales-para-la-seguridad-de-hermosillo-del-dia-01-marzo-2021\/\"},\"wordCount\":1765,\"commentCount\":0,\"publisher\":{\"@id\":\"https:\/\/www.sonoraenequipo.com.mx\/#organization\"},\"image\":{\"@id\":\"https:\/\/www.sonoraenequipo.com.mx\/acciones-policiales-para-la-seguridad-de-hermosillo-del-dia-01-marzo-2021\/#primaryimage\"},\"thumbnailUrl\":\"https:\/\/www.sonoraenequipo.com.mx\/storage\/2021\/03\/Luis-Arturo-y-Adalberto-detenidos-por-intento-de-feminicidio-1_opt.jpg\",\"articleSection\":[\"Polic\u00edaca\"],\"inLanguage\":\"es\",\"potentialAction\":[{\"@type\":\"CommentAction\",\"name\":\"Comment\",\"target\":[\"https:\/\/www.sonoraenequipo.com.mx\/acciones-policiales-para-la-seguridad-de-hermosillo-del-dia-01-marzo-2021\/#respond\"]}]},{\"@type\":\"WebPage\",\"@id\":\"https:\/\/www.sonoraenequipo.com.mx\/acciones-policiales-para-la-seguridad-de-hermosillo-del-dia-01-marzo-2021\/\",\"url\":\"https:\/\/www.sonoraenequipo.com.mx\/acciones-policiales-para-la-seguridad-de-hermosillo-del-dia-01-marzo-2021\/\",\"name\":\"Sonora en Equipo. Acciones Policiales para la Seguridad de Hermosillo del d\u00eda 01 marzo 2021 Polic\u00edaca\",\"isPartOf\":{\"@id\":\"https:\/\/www.sonoraenequipo.com.mx\/#website\"},\"primaryImageOfPage\":{\"@id\":\"https:\/\/www.sonoraenequipo.com.mx\/acciones-policiales-para-la-seguridad-de-hermosillo-del-dia-01-marzo-2021\/#primaryimage\"},\"image\":{\"@id\":\"https:\/\/www.sonoraenequipo.com.mx\/acciones-policiales-para-la-seguridad-de-hermosillo-del-dia-01-marzo-2021\/#primaryimage\"},\"thumbnailUrl\":\"https:\/\/www.sonoraenequipo.com.mx\/storage\/2021\/03\/Luis-Arturo-y-Adalberto-detenidos-por-intento-de-feminicidio-1_opt.jpg\",\"datePublished\":\"2021-03-02T15:25:17+00:00\",\"dateModified\":\"2021-03-02T22:33:30+00:00\",\"description\":\"Detenidos en Hermosillo por la SSP &nbsp; Real del Carmen.- Dos personas fueron detenidas esta tarde de lunes por el delito de homicidio, hecho ocurrido En Sonora en Equipo publicamos toda la informaci\u00f3n de Sonora, M\u00e9xico y el Mundo de manera oportuna y busca que la libertad de expresi\u00f3n sea real. Visita nuestro medio informativo publicado desde Hermosillo, Sonora. %\",\"breadcrumb\":{\"@id\":\"https:\/\/www.sonoraenequipo.com.mx\/acciones-policiales-para-la-seguridad-de-hermosillo-del-dia-01-marzo-2021\/#breadcrumb\"},\"inLanguage\":\"es\",\"potentialAction\":[{\"@type\":\"ReadAction\",\"target\":[\"https:\/\/www.sonoraenequipo.com.mx\/acciones-policiales-para-la-seguridad-de-hermosillo-del-dia-01-marzo-2021\/\"]}]},{\"@type\":\"ImageObject\",\"inLanguage\":\"es\",\"@id\":\"https:\/\/www.sonoraenequipo.com.mx\/acciones-policiales-para-la-seguridad-de-hermosillo-del-dia-01-marzo-2021\/#primaryimage\",\"url\":\"https:\/\/www.sonoraenequipo.com.mx\/storage\/2021\/03\/Luis-Arturo-y-Adalberto-detenidos-por-intento-de-feminicidio-1_opt.jpg\",\"contentUrl\":\"https:\/\/www.sonoraenequipo.com.mx\/storage\/2021\/03\/Luis-Arturo-y-Adalberto-detenidos-por-intento-de-feminicidio-1_opt.jpg\",\"width\":632,\"height\":474},{\"@type\":\"BreadcrumbList\",\"@id\":\"https:\/\/www.sonoraenequipo.com.mx\/acciones-policiales-para-la-seguridad-de-hermosillo-del-dia-01-marzo-2021\/#breadcrumb\",\"itemListElement\":[{\"@type\":\"ListItem\",\"position\":1,\"name\":\"Portada\",\"item\":\"https:\/\/www.sonoraenequipo.com.mx\/\"},{\"@type\":\"ListItem\",\"position\":2,\"name\":\"Acciones Policiales para la Seguridad de Hermosillo del d\u00eda 01 marzo 2021\"}]},{\"@type\":\"WebSite\",\"@id\":\"https:\/\/www.sonoraenequipo.com.mx\/#website\",\"url\":\"https:\/\/www.sonoraenequipo.com.mx\/\",\"name\":\"Sonora en Equipo.\",\"description\":\"Diario en l\u00ednea con Noticias desde Hermosillo, Sonora\",\"publisher\":{\"@id\":\"https:\/\/www.sonoraenequipo.com.mx\/#organization\"},\"potentialAction\":[{\"@type\":\"SearchAction\",\"target\":{\"@type\":\"EntryPoint\",\"urlTemplate\":\"https:\/\/www.sonoraenequipo.com.mx\/?s={search_term_string}\"},\"query-input\":{\"@type\":\"PropertyValueSpecification\",\"valueRequired\":true,\"valueName\":\"search_term_string\"}}],\"inLanguage\":\"es\"},{\"@type\":\"Organization\",\"@id\":\"https:\/\/www.sonoraenequipo.com.mx\/#organization\",\"name\":\"Sonoraenequipo.com.mx\",\"url\":\"https:\/\/www.sonoraenequipo.com.mx\/\",\"logo\":{\"@type\":\"ImageObject\",\"inLanguage\":\"es\",\"@id\":\"https:\/\/www.sonoraenequipo.com.mx\/#\/schema\/logo\/image\/\",\"url\":\"https:\/\/www.sonoraenequipo.com.mx\/storage\/2019\/01\/sonoraenequipo_opt.png\",\"contentUrl\":\"https:\/\/www.sonoraenequipo.com.mx\/storage\/2019\/01\/sonoraenequipo_opt.png\",\"width\":375,\"height\":125,\"caption\":\"Sonoraenequipo.com.mx\"},\"image\":{\"@id\":\"https:\/\/www.sonoraenequipo.com.mx\/#\/schema\/logo\/image\/\"},\"sameAs\":[\"https:\/\/www.facebook.com\/SonoraEE\/\",\"https:\/\/x.com\/sonoraenequipo\",\"https:\/\/www.youtube.com\/channel\/UC338nW-lPEYmJQs4ZABQ1SQ\"]},{\"@type\":\"Person\",\"@id\":\"https:\/\/www.sonoraenequipo.com.mx\/#\/schema\/person\/50102df0fb23a8fa9e8effad8fa81386\",\"name\":\"enequipo\",\"image\":{\"@type\":\"ImageObject\",\"inLanguage\":\"es\",\"@id\":\"https:\/\/www.sonoraenequipo.com.mx\/#\/schema\/person\/image\/\",\"url\":\"https:\/\/secure.gravatar.com\/avatar\/049821681b589dabc0bc20695993ccebb09f5b5d4d790cd9251b97faac7c652b?s=96&d=blank&r=g\",\"contentUrl\":\"https:\/\/secure.gravatar.com\/avatar\/049821681b589dabc0bc20695993ccebb09f5b5d4d790cd9251b97faac7c652b?s=96&d=blank&r=g\",\"caption\":\"enequipo\"},\"sameAs\":[\"https:\/\/www.facebook.com\/SonoraEE\"]}]}<\/script>\n ","yoast_head_json":{"title":"Sonora en Equipo. Acciones Policiales para la Seguridad de Hermosillo del d\u00eda 01 marzo 2021 Polic\u00edaca","description":"Detenidos en Hermosillo por la SSP &nbsp; Real del Carmen.- Dos personas fueron detenidas esta tarde de lunes por el delito de homicidio, hecho ocurrido En Sonora en Equipo publicamos toda la informaci\u00f3n de Sonora, M\u00e9xico y el Mundo de manera oportuna y busca que la libertad de expresi\u00f3n sea real. Visita nuestro medio informativo publicado desde Hermosillo, Sonora. %","robots":{"index":"index","follow":"follow","max-snippet":"max-snippet:-1","max-image-preview":"max-image-preview:large","max-video-preview":"max-video-preview:-1"},"canonical":"https:\/\/www.sonoraenequipo.com.mx\/acciones-policiales-para-la-seguridad-de-hermosillo-del-dia-01-marzo-2021\/","og_locale":"es_ES","og_type":"article","og_title":"Sonora en Equipo. Acciones Policiales para la Seguridad de Hermosillo del d\u00eda 01 marzo 2021 Polic\u00edaca","og_description":"Detenidos en Hermosillo por la SSP &nbsp; Real del Carmen.- Dos personas fueron detenidas esta tarde de lunes por el delito de homicidio, hecho ocurrido En Sonora en Equipo publicamos toda la informaci\u00f3n de Sonora, M\u00e9xico y el Mundo de manera oportuna y busca que la libertad de expresi\u00f3n sea real. Visita nuestro medio informativo publicado desde Hermosillo, Sonora. %","og_url":"https:\/\/www.sonoraenequipo.com.mx\/acciones-policiales-para-la-seguridad-de-hermosillo-del-dia-01-marzo-2021\/","og_site_name":"Sonora en Equipo.","article_publisher":"https:\/\/www.facebook.com\/SonoraEE\/","article_author":"https:\/\/www.facebook.com\/SonoraEE","article_published_time":"2021-03-02T15:25:17+00:00","article_modified_time":"2021-03-02T22:33:30+00:00","og_image":[{"width":632,"height":474,"url":"https:\/\/www.sonoraenequipo.com.mx\/storage\/2021\/03\/Luis-Arturo-y-Adalberto-detenidos-por-intento-de-feminicidio-1_opt.jpg","type":"image\/jpeg"}],"author":"enequipo","twitter_card":"summary_large_image","twitter_creator":"@sonoraenequipo","twitter_site":"@sonoraenequipo","twitter_misc":{"Escrito por":"enequipo","Tiempo de lectura":"8 minutos"},"schema":{"@context":"https:\/\/schema.org","@graph":[{"@type":"Article","@id":"https:\/\/www.sonoraenequipo.com.mx\/acciones-policiales-para-la-seguridad-de-hermosillo-del-dia-01-marzo-2021\/#article","isPartOf":{"@id":"https:\/\/www.sonoraenequipo.com.mx\/acciones-policiales-para-la-seguridad-de-hermosillo-del-dia-01-marzo-2021\/"},"author":{"name":"enequipo","@id":"https:\/\/www.sonoraenequipo.com.mx\/#\/schema\/person\/50102df0fb23a8fa9e8effad8fa81386"},"headline":"Acciones Policiales para la Seguridad de Hermosillo del d\u00eda 01 marzo 2021","datePublished":"2021-03-02T15:25:17+00:00","dateModified":"2021-03-02T22:33:30+00:00","mainEntityOfPage":{"@id":"https:\/\/www.sonoraenequipo.com.mx\/acciones-policiales-para-la-seguridad-de-hermosillo-del-dia-01-marzo-2021\/"},"wordCount":1765,"commentCount":0,"publisher":{"@id":"https:\/\/www.sonoraenequipo.com.mx\/#organization"},"image":{"@id":"https:\/\/www.sonoraenequipo.com.mx\/acciones-policiales-para-la-seguridad-de-hermosillo-del-dia-01-marzo-2021\/#primaryimage"},"thumbnailUrl":"https:\/\/www.sonoraenequipo.com.mx\/storage\/2021\/03\/Luis-Arturo-y-Adalberto-detenidos-por-intento-de-feminicidio-1_opt.jpg","articleSection":["Polic\u00edaca"],"inLanguage":"es","potentialAction":[{"@type":"CommentAction","name":"Comment","target":["https:\/\/www.sonoraenequipo.com.mx\/acciones-policiales-para-la-seguridad-de-hermosillo-del-dia-01-marzo-2021\/#respond"]}]},{"@type":"WebPage","@id":"https:\/\/www.sonoraenequipo.com.mx\/acciones-policiales-para-la-seguridad-de-hermosillo-del-dia-01-marzo-2021\/","url":"https:\/\/www.sonoraenequipo.com.mx\/acciones-policiales-para-la-seguridad-de-hermosillo-del-dia-01-marzo-2021\/","name":"Sonora en Equipo. Acciones Policiales para la Seguridad de Hermosillo del d\u00eda 01 marzo 2021 Polic\u00edaca","isPartOf":{"@id":"https:\/\/www.sonoraenequipo.com.mx\/#website"},"primaryImageOfPage":{"@id":"https:\/\/www.sonoraenequipo.com.mx\/acciones-policiales-para-la-seguridad-de-hermosillo-del-dia-01-marzo-2021\/#primaryimage"},"image":{"@id":"https:\/\/www.sonoraenequipo.com.mx\/acciones-policiales-para-la-seguridad-de-hermosillo-del-dia-01-marzo-2021\/#primaryimage"},"thumbnailUrl":"https:\/\/www.sonoraenequipo.com.mx\/storage\/2021\/03\/Luis-Arturo-y-Adalberto-detenidos-por-intento-de-feminicidio-1_opt.jpg","datePublished":"2021-03-02T15:25:17+00:00","dateModified":"2021-03-02T22:33:30+00:00","description":"Detenidos en Hermosillo por la SSP &nbsp; Real del Carmen.- Dos personas fueron detenidas esta tarde de lunes por el delito de homicidio, hecho ocurrido En Sonora en Equipo publicamos toda la informaci\u00f3n de Sonora, M\u00e9xico y el Mundo de manera oportuna y busca que la libertad de expresi\u00f3n sea real. Visita nuestro medio informativo publicado desde Hermosillo, Sonora. %","breadcrumb":{"@id":"https:\/\/www.sonoraenequipo.com.mx\/acciones-policiales-para-la-seguridad-de-hermosillo-del-dia-01-marzo-2021\/#breadcrumb"},"inLanguage":"es","potentialAction":[{"@type":"ReadAction","target":["https:\/\/www.sonoraenequipo.com.mx\/acciones-policiales-para-la-seguridad-de-hermosillo-del-dia-01-marzo-2021\/"]}]},{"@type":"ImageObject","inLanguage":"es","@id":"https:\/\/www.sonoraenequipo.com.mx\/acciones-policiales-para-la-seguridad-de-hermosillo-del-dia-01-marzo-2021\/#primaryimage","url":"https:\/\/www.sonoraenequipo.com.mx\/storage\/2021\/03\/Luis-Arturo-y-Adalberto-detenidos-por-intento-de-feminicidio-1_opt.jpg","contentUrl":"https:\/\/www.sonoraenequipo.com.mx\/storage\/2021\/03\/Luis-Arturo-y-Adalberto-detenidos-por-intento-de-feminicidio-1_opt.jpg","width":632,"height":474},{"@type":"BreadcrumbList","@id":"https:\/\/www.sonoraenequipo.com.mx\/acciones-policiales-para-la-seguridad-de-hermosillo-del-dia-01-marzo-2021\/#breadcrumb","itemListElement":[{"@type":"ListItem","position":1,"name":"Portada","item":"https:\/\/www.sonoraenequipo.com.mx\/"},{"@type":"ListItem","position":2,"name":"Acciones Policiales para la Seguridad de Hermosillo del d\u00eda 01 marzo 2021"}]},{"@type":"WebSite","@id":"https:\/\/www.sonoraenequipo.com.mx\/#website","url":"https:\/\/www.sonoraenequipo.com.mx\/","name":"Sonora en Equipo.","description":"Diario en l\u00ednea con Noticias desde Hermosillo, Sonora","publisher":{"@id":"https:\/\/www.sonoraenequipo.com.mx\/#organization"},"potentialAction":[{"@type":"SearchAction","target":{"@type":"EntryPoint","urlTemplate":"https:\/\/www.sonoraenequipo.com.mx\/?s={search_term_string}"},"query-input":{"@type":"PropertyValueSpecification","valueRequired":true,"valueName":"search_term_string"}}],"inLanguage":"es"},{"@type":"Organization","@id":"https:\/\/www.sonoraenequipo.com.mx\/#organization","name":"Sonoraenequipo.com.mx","url":"https:\/\/www.sonoraenequipo.com.mx\/","logo":{"@type":"ImageObject","inLanguage":"es","@id":"https:\/\/www.sonoraenequipo.com.mx\/#\/schema\/logo\/image\/","url":"https:\/\/www.sonoraenequipo.com.mx\/storage\/2019\/01\/sonoraenequipo_opt.png","contentUrl":"https:\/\/www.sonoraenequipo.com.mx\/storage\/2019\/01\/sonoraenequipo_opt.png","width":375,"height":125,"caption":"Sonoraenequipo.com.mx"},"image":{"@id":"https:\/\/www.sonoraenequipo.com.mx\/#\/schema\/logo\/image\/"},"sameAs":["https:\/\/www.facebook.com\/SonoraEE\/","https:\/\/x.com\/sonoraenequipo","https:\/\/www.youtube.com\/channel\/UC338nW-lPEYmJQs4ZABQ1SQ"]},{"@type":"Person","@id":"https:\/\/www.sonoraenequipo.com.mx\/#\/schema\/person\/50102df0fb23a8fa9e8effad8fa81386","name":"enequipo","image":{"@type":"ImageObject","inLanguage":"es","@id":"https:\/\/www.sonoraenequipo.com.mx\/#\/schema\/person\/image\/","url":"https:\/\/secure.gravatar.com\/avatar\/049821681b589dabc0bc20695993ccebb09f5b5d4d790cd9251b97faac7c652b?s=96&d=blank&r=g","contentUrl":"https:\/\/secure.gravatar.com\/avatar\/049821681b589dabc0bc20695993ccebb09f5b5d4d790cd9251b97faac7c652b?s=96&d=blank&r=g","caption":"enequipo"},"sameAs":["https:\/\/www.facebook.com\/SonoraEE"]}]}},"jetpack_featured_media_url":"https:\/\/www.sonoraenequipo.com.mx\/storage\/2021\/03\/Luis-Arturo-y-Adalberto-detenidos-por-intento-de-feminicidio-1_opt.jpg","_links":{"self":[{"href":"https:\/\/www.sonoraenequipo.com.mx\/api\/wp\/v2\/posts\/108076","targetHints":{"allow":["GET"]}}],"collection":[{"href":"https:\/\/www.sonoraenequipo.com.mx\/api\/wp\/v2\/posts"}],"about":[{"href":"https:\/\/www.sonoraenequipo.com.mx\/api\/wp\/v2\/types\/post"}],"author":[{"embeddable":true,"href":"https:\/\/www.sonoraenequipo.com.mx\/api\/wp\/v2\/users\/1"}],"replies":[{"embeddable":true,"href":"https:\/\/www.sonoraenequipo.com.mx\/api\/wp\/v2\/comments?post=108076"}],"version-history":[{"count":1,"href":"https:\/\/www.sonoraenequipo.com.mx\/api\/wp\/v2\/posts\/108076\/revisions"}],"predecessor-version":[{"id":108084,"href":"https:\/\/www.sonoraenequipo.com.mx\/api\/wp\/v2\/posts\/108076\/revisions\/108084"}],"wp:featuredmedia":[{"embeddable":true,"href":"https:\/\/www.sonoraenequipo.com.mx\/api\/wp\/v2\/media\/108081"}],"wp:attachment":[{"href":"https:\/\/www.sonoraenequipo.com.mx\/api\/wp\/v2\/media?parent=108076"}],"wp:term":[{"taxonomy":"category","embeddable":true,"href":"https:\/\/www.sonoraenequipo.com.mx\/api\/wp\/v2\/categories?post=108076"},{"taxonomy":"post_tag","embeddable":true,"href":"https:\/\/www.sonoraenequipo.com.mx\/api\/wp\/v2\/tags?post=108076"}],"curies":[{"name":"wp","href":"https:\/\/api.w.org\/{rel}","templated":true}]}}