{"id":108085,"date":"2021-03-02T11:20:41","date_gmt":"2021-03-02T18:20:41","guid":{"rendered":"https:\/\/www.sonoraenequipo.com.mx\/?p=108085"},"modified":"2021-03-02T15:40:06","modified_gmt":"2021-03-02T22:40:06","slug":"turismo-sera-fundamental-para-el-relanzamiento-economico-de-sonora-asegura-alfonso-durazo","status":"publish","type":"post","link":"https:\/\/www.sonoraenequipo.com.mx\/turismo-sera-fundamental-para-el-relanzamiento-economico-de-sonora-asegura-alfonso-durazo\/","title":{"rendered":"Turismo ser\u00e1 fundamental para el relanzamiento econ\u00f3mico de Sonora, asegura Alfonso Durazo."},"content":{"rendered":"<p>HERMOSILLO, SONORA.MX. \u2014\u00a0 Para la reactivaci\u00f3n econ\u00f3mica del estado se impulsar\u00e1 de manera estelar el turismo, adem\u00e1s de la agroindustria, la industria manufacturera y los proyectos de infraestructura, se\u00f1al\u00f3 Alfonso Durazo Monta\u00f1o.<\/p>\n<p>&nbsp;<\/p>\n<p> <\/p>\n<p>Al considerar que el turismo ser\u00e1 una de las vertientes fundamentales para los ingresos familiares de los sonorenses, el candidato de Morena, Partido del Trabajo, Nueva Alianza Sonora y Verde Ecologista a gobernador, se\u00f1al\u00f3 que debe rescatarse los centros hist\u00f3ricos de toda la entidad, como el de Guaymas que tiene un alto valor hist\u00f3rico.<\/p>\n<p>&nbsp;<\/p>\n<p><img loading=\"lazy\" decoding=\"async\" class=\"size-medium  x-left\" src=\"https:\/\/www.sonoraenequipo.com.mx\/storage\/2021\/03\/alfonso-durazo2_opt-547x365.jpg\" alt=\"\" width=\"547\" height=\"365\" \/>A la par, seguir\u00e1n potenci\u00e1ndose los destinos playeros mediante la rehabilitaci\u00f3n de su infraestructura, como Puerto Pe\u00f1asco, que necesita una carretera de cuatro carriles y debe aprovecharse el atractivo que representa el Cerro del Pinacate, donde se puede impulsar el turismo de aventura.<\/p>\n<p>&nbsp;<\/p>\n<p>Y en el caso de la regi\u00f3n serrana, Durazo Monta\u00f1o indic\u00f3 que a todos los pueblos se le puede encontrar su vocaci\u00f3n natural para mejorar la econom\u00eda de las poblaciones. En Moctezuma, dijo, se puede organizar una exposici\u00f3n anual de producci\u00f3n talabartera y en Bavispe, un certamen anual de jaripeo.<\/p>\n<p>&nbsp;<\/p>\n<p>&nbsp;<\/p>\n<p>(Publicada el 02\/03\/2021)<\/p>\n","protected":false},"excerpt":{"rendered":"<p>HERMOSILLO, SONORA.MX. \u2014\u00a0 Para la reactivaci\u00f3n econ\u00f3mica del estado se impulsar\u00e1 de manera estelar el&#8230;<\/p>\n","protected":false},"author":1,"featured_media":108087,"comment_status":"open","ping_status":"open","sticky":false,"template":"","format":"standard","meta":{"_monsterinsights_skip_tracking":false,"_monsterinsights_sitenote_active":false,"_monsterinsights_sitenote_note":"","_monsterinsights_sitenote_category":0,"footnotes":""},"categories":[22],"tags":[],"class_list":["post"],"yoast_head":" \n<title>Sonora en Equipo. Turismo ser\u00e1 fundamental para el relanzamiento econ\u00f3mico de Sonora, asegura Alfonso Durazo. Sonora<\/title>\n<meta name=\"description\" content=\"HERMOSILLO, SONORA.MX. \u2014\u00a0 Para la reactivaci\u00f3n econ\u00f3mica del estado se impulsar\u00e1 de manera estelar el turismo, adem\u00e1s de la agroindustria, la industria En Sonora en Equipo publicamos toda la informaci\u00f3n de Sonora, M\u00e9xico y el Mundo de manera oportuna y busca que la libertad de expresi\u00f3n sea real. Visita nuestro medio informativo publicado desde Hermosillo, Sonora. %\" \/>\n<meta name=\"robots\" content=\"index, follow, max-snippet:-1, max-image-preview:large, max-video-preview:-1\" \/>\n<link rel=\"canonical\" href=\"https:\/\/www.sonoraenequipo.com.mx\/turismo-sera-fundamental-para-el-relanzamiento-economico-de-sonora-asegura-alfonso-durazo\/\" \/>\n<meta property=\"og:locale\" content=\"es_ES\" \/>\n<meta property=\"og:type\" content=\"article\" \/>\n<meta property=\"og:title\" content=\"Sonora en Equipo. Turismo ser\u00e1 fundamental para el relanzamiento econ\u00f3mico de Sonora, asegura Alfonso Durazo. Sonora\" \/>\n<meta property=\"og:description\" content=\"HERMOSILLO, SONORA.MX. \u2014\u00a0 Para la reactivaci\u00f3n econ\u00f3mica del estado se impulsar\u00e1 de manera estelar el turismo, adem\u00e1s de la agroindustria, la industria En Sonora en Equipo publicamos toda la informaci\u00f3n de Sonora, M\u00e9xico y el Mundo de manera oportuna y busca que la libertad de expresi\u00f3n sea real. Visita nuestro medio informativo publicado desde Hermosillo, Sonora. %\" \/>\n<meta property=\"og:url\" content=\"https:\/\/www.sonoraenequipo.com.mx\/turismo-sera-fundamental-para-el-relanzamiento-economico-de-sonora-asegura-alfonso-durazo\/\" \/>\n<meta property=\"og:site_name\" content=\"Sonora en Equipo.\" \/>\n<meta property=\"article:publisher\" content=\"https:\/\/www.facebook.com\/SonoraEE\/\" \/>\n<meta property=\"article:author\" content=\"https:\/\/www.facebook.com\/SonoraEE\" \/>\n<meta property=\"article:published_time\" content=\"2021-03-02T18:20:41+00:00\" \/>\n<meta property=\"article:modified_time\" content=\"2021-03-02T22:40:06+00:00\" \/>\n<meta property=\"og:image\" content=\"https:\/\/www.sonoraenequipo.com.mx\/storage\/2021\/03\/alfosno-durazo_opt.jpg\" \/>\n\t<meta property=\"og:image:width\" content=\"711\" \/>\n\t<meta property=\"og:image:height\" content=\"474\" \/>\n\t<meta property=\"og:image:type\" content=\"image\/jpeg\" \/>\n<meta name=\"author\" content=\"enequipo\" \/>\n<meta name=\"twitter:card\" content=\"summary_large_image\" \/>\n<meta name=\"twitter:creator\" content=\"@sonoraenequipo\" \/>\n<meta name=\"twitter:site\" content=\"@sonoraenequipo\" \/>\n<meta name=\"twitter:label1\" content=\"Escrito por\" \/>\n\t<meta name=\"twitter:data1\" content=\"enequipo\" \/>\n\t<meta name=\"twitter:label2\" content=\"Tiempo de lectura\" \/>\n\t<meta name=\"twitter:data2\" content=\"1 minuto\" \/>\n<script type=\"application\/ld+json\" class=\"yoast-schema-graph\">{\"@context\":\"https:\/\/schema.org\",\"@graph\":[{\"@type\":\"Article\",\"@id\":\"https:\/\/www.sonoraenequipo.com.mx\/turismo-sera-fundamental-para-el-relanzamiento-economico-de-sonora-asegura-alfonso-durazo\/#article\",\"isPartOf\":{\"@id\":\"https:\/\/www.sonoraenequipo.com.mx\/turismo-sera-fundamental-para-el-relanzamiento-economico-de-sonora-asegura-alfonso-durazo\/\"},\"author\":{\"name\":\"enequipo\",\"@id\":\"https:\/\/www.sonoraenequipo.com.mx\/#\/schema\/person\/50102df0fb23a8fa9e8effad8fa81386\"},\"headline\":\"Turismo ser\u00e1 fundamental para el relanzamiento econ\u00f3mico de Sonora, asegura Alfonso Durazo.\",\"datePublished\":\"2021-03-02T18:20:41+00:00\",\"dateModified\":\"2021-03-02T22:40:06+00:00\",\"mainEntityOfPage\":{\"@id\":\"https:\/\/www.sonoraenequipo.com.mx\/turismo-sera-fundamental-para-el-relanzamiento-economico-de-sonora-asegura-alfonso-durazo\/\"},\"wordCount\":217,\"commentCount\":0,\"publisher\":{\"@id\":\"https:\/\/www.sonoraenequipo.com.mx\/#organization\"},\"image\":{\"@id\":\"https:\/\/www.sonoraenequipo.com.mx\/turismo-sera-fundamental-para-el-relanzamiento-economico-de-sonora-asegura-alfonso-durazo\/#primaryimage\"},\"thumbnailUrl\":\"https:\/\/www.sonoraenequipo.com.mx\/storage\/2021\/03\/alfosno-durazo_opt.jpg\",\"articleSection\":[\"Sonora\"],\"inLanguage\":\"es\",\"potentialAction\":[{\"@type\":\"CommentAction\",\"name\":\"Comment\",\"target\":[\"https:\/\/www.sonoraenequipo.com.mx\/turismo-sera-fundamental-para-el-relanzamiento-economico-de-sonora-asegura-alfonso-durazo\/#respond\"]}]},{\"@type\":\"WebPage\",\"@id\":\"https:\/\/www.sonoraenequipo.com.mx\/turismo-sera-fundamental-para-el-relanzamiento-economico-de-sonora-asegura-alfonso-durazo\/\",\"url\":\"https:\/\/www.sonoraenequipo.com.mx\/turismo-sera-fundamental-para-el-relanzamiento-economico-de-sonora-asegura-alfonso-durazo\/\",\"name\":\"Sonora en Equipo. Turismo ser\u00e1 fundamental para el relanzamiento econ\u00f3mico de Sonora, asegura Alfonso Durazo. Sonora\",\"isPartOf\":{\"@id\":\"https:\/\/www.sonoraenequipo.com.mx\/#website\"},\"primaryImageOfPage\":{\"@id\":\"https:\/\/www.sonoraenequipo.com.mx\/turismo-sera-fundamental-para-el-relanzamiento-economico-de-sonora-asegura-alfonso-durazo\/#primaryimage\"},\"image\":{\"@id\":\"https:\/\/www.sonoraenequipo.com.mx\/turismo-sera-fundamental-para-el-relanzamiento-economico-de-sonora-asegura-alfonso-durazo\/#primaryimage\"},\"thumbnailUrl\":\"https:\/\/www.sonoraenequipo.com.mx\/storage\/2021\/03\/alfosno-durazo_opt.jpg\",\"datePublished\":\"2021-03-02T18:20:41+00:00\",\"dateModified\":\"2021-03-02T22:40:06+00:00\",\"description\":\"HERMOSILLO, SONORA.MX. \u2014\u00a0 Para la reactivaci\u00f3n econ\u00f3mica del estado se impulsar\u00e1 de manera estelar el turismo, adem\u00e1s de la agroindustria, la industria En Sonora en Equipo publicamos toda la informaci\u00f3n de Sonora, M\u00e9xico y el Mundo de manera oportuna y busca que la libertad de expresi\u00f3n sea real. Visita nuestro medio informativo publicado desde Hermosillo, Sonora. %\",\"breadcrumb\":{\"@id\":\"https:\/\/www.sonoraenequipo.com.mx\/turismo-sera-fundamental-para-el-relanzamiento-economico-de-sonora-asegura-alfonso-durazo\/#breadcrumb\"},\"inLanguage\":\"es\",\"potentialAction\":[{\"@type\":\"ReadAction\",\"target\":[\"https:\/\/www.sonoraenequipo.com.mx\/turismo-sera-fundamental-para-el-relanzamiento-economico-de-sonora-asegura-alfonso-durazo\/\"]}]},{\"@type\":\"ImageObject\",\"inLanguage\":\"es\",\"@id\":\"https:\/\/www.sonoraenequipo.com.mx\/turismo-sera-fundamental-para-el-relanzamiento-economico-de-sonora-asegura-alfonso-durazo\/#primaryimage\",\"url\":\"https:\/\/www.sonoraenequipo.com.mx\/storage\/2021\/03\/alfosno-durazo_opt.jpg\",\"contentUrl\":\"https:\/\/www.sonoraenequipo.com.mx\/storage\/2021\/03\/alfosno-durazo_opt.jpg\",\"width\":711,\"height\":474},{\"@type\":\"BreadcrumbList\",\"@id\":\"https:\/\/www.sonoraenequipo.com.mx\/turismo-sera-fundamental-para-el-relanzamiento-economico-de-sonora-asegura-alfonso-durazo\/#breadcrumb\",\"itemListElement\":[{\"@type\":\"ListItem\",\"position\":1,\"name\":\"Portada\",\"item\":\"https:\/\/www.sonoraenequipo.com.mx\/\"},{\"@type\":\"ListItem\",\"position\":2,\"name\":\"Turismo ser\u00e1 fundamental para el relanzamiento econ\u00f3mico de Sonora, asegura Alfonso Durazo.\"}]},{\"@type\":\"WebSite\",\"@id\":\"https:\/\/www.sonoraenequipo.com.mx\/#website\",\"url\":\"https:\/\/www.sonoraenequipo.com.mx\/\",\"name\":\"Sonora en Equipo.\",\"description\":\"Diario en l\u00ednea con Noticias desde Hermosillo, Sonora\",\"publisher\":{\"@id\":\"https:\/\/www.sonoraenequipo.com.mx\/#organization\"},\"potentialAction\":[{\"@type\":\"SearchAction\",\"target\":{\"@type\":\"EntryPoint\",\"urlTemplate\":\"https:\/\/www.sonoraenequipo.com.mx\/?s={search_term_string}\"},\"query-input\":{\"@type\":\"PropertyValueSpecification\",\"valueRequired\":true,\"valueName\":\"search_term_string\"}}],\"inLanguage\":\"es\"},{\"@type\":\"Organization\",\"@id\":\"https:\/\/www.sonoraenequipo.com.mx\/#organization\",\"name\":\"Sonoraenequipo.com.mx\",\"url\":\"https:\/\/www.sonoraenequipo.com.mx\/\",\"logo\":{\"@type\":\"ImageObject\",\"inLanguage\":\"es\",\"@id\":\"https:\/\/www.sonoraenequipo.com.mx\/#\/schema\/logo\/image\/\",\"url\":\"https:\/\/www.sonoraenequipo.com.mx\/storage\/2019\/01\/sonoraenequipo_opt.png\",\"contentUrl\":\"https:\/\/www.sonoraenequipo.com.mx\/storage\/2019\/01\/sonoraenequipo_opt.png\",\"width\":375,\"height\":125,\"caption\":\"Sonoraenequipo.com.mx\"},\"image\":{\"@id\":\"https:\/\/www.sonoraenequipo.com.mx\/#\/schema\/logo\/image\/\"},\"sameAs\":[\"https:\/\/www.facebook.com\/SonoraEE\/\",\"https:\/\/x.com\/sonoraenequipo\",\"https:\/\/www.youtube.com\/channel\/UC338nW-lPEYmJQs4ZABQ1SQ\"]},{\"@type\":\"Person\",\"@id\":\"https:\/\/www.sonoraenequipo.com.mx\/#\/schema\/person\/50102df0fb23a8fa9e8effad8fa81386\",\"name\":\"enequipo\",\"image\":{\"@type\":\"ImageObject\",\"inLanguage\":\"es\",\"@id\":\"https:\/\/www.sonoraenequipo.com.mx\/#\/schema\/person\/image\/\",\"url\":\"https:\/\/secure.gravatar.com\/avatar\/049821681b589dabc0bc20695993ccebb09f5b5d4d790cd9251b97faac7c652b?s=96&d=blank&r=g\",\"contentUrl\":\"https:\/\/secure.gravatar.com\/avatar\/049821681b589dabc0bc20695993ccebb09f5b5d4d790cd9251b97faac7c652b?s=96&d=blank&r=g\",\"caption\":\"enequipo\"},\"sameAs\":[\"https:\/\/www.facebook.com\/SonoraEE\"]}]}<\/script>\n ","yoast_head_json":{"title":"Sonora en Equipo. Turismo ser\u00e1 fundamental para el relanzamiento econ\u00f3mico de Sonora, asegura Alfonso Durazo. Sonora","description":"HERMOSILLO, SONORA.MX. \u2014\u00a0 Para la reactivaci\u00f3n econ\u00f3mica del estado se impulsar\u00e1 de manera estelar el turismo, adem\u00e1s de la agroindustria, la industria En Sonora en Equipo publicamos toda la informaci\u00f3n de Sonora, M\u00e9xico y el Mundo de manera oportuna y busca que la libertad de expresi\u00f3n sea real. Visita nuestro medio informativo publicado desde Hermosillo, Sonora. %","robots":{"index":"index","follow":"follow","max-snippet":"max-snippet:-1","max-image-preview":"max-image-preview:large","max-video-preview":"max-video-preview:-1"},"canonical":"https:\/\/www.sonoraenequipo.com.mx\/turismo-sera-fundamental-para-el-relanzamiento-economico-de-sonora-asegura-alfonso-durazo\/","og_locale":"es_ES","og_type":"article","og_title":"Sonora en Equipo. Turismo ser\u00e1 fundamental para el relanzamiento econ\u00f3mico de Sonora, asegura Alfonso Durazo. Sonora","og_description":"HERMOSILLO, SONORA.MX. \u2014\u00a0 Para la reactivaci\u00f3n econ\u00f3mica del estado se impulsar\u00e1 de manera estelar el turismo, adem\u00e1s de la agroindustria, la industria En Sonora en Equipo publicamos toda la informaci\u00f3n de Sonora, M\u00e9xico y el Mundo de manera oportuna y busca que la libertad de expresi\u00f3n sea real. Visita nuestro medio informativo publicado desde Hermosillo, Sonora. %","og_url":"https:\/\/www.sonoraenequipo.com.mx\/turismo-sera-fundamental-para-el-relanzamiento-economico-de-sonora-asegura-alfonso-durazo\/","og_site_name":"Sonora en Equipo.","article_publisher":"https:\/\/www.facebook.com\/SonoraEE\/","article_author":"https:\/\/www.facebook.com\/SonoraEE","article_published_time":"2021-03-02T18:20:41+00:00","article_modified_time":"2021-03-02T22:40:06+00:00","og_image":[{"width":711,"height":474,"url":"https:\/\/www.sonoraenequipo.com.mx\/storage\/2021\/03\/alfosno-durazo_opt.jpg","type":"image\/jpeg"}],"author":"enequipo","twitter_card":"summary_large_image","twitter_creator":"@sonoraenequipo","twitter_site":"@sonoraenequipo","twitter_misc":{"Escrito por":"enequipo","Tiempo de lectura":"1 minuto"},"schema":{"@context":"https:\/\/schema.org","@graph":[{"@type":"Article","@id":"https:\/\/www.sonoraenequipo.com.mx\/turismo-sera-fundamental-para-el-relanzamiento-economico-de-sonora-asegura-alfonso-durazo\/#article","isPartOf":{"@id":"https:\/\/www.sonoraenequipo.com.mx\/turismo-sera-fundamental-para-el-relanzamiento-economico-de-sonora-asegura-alfonso-durazo\/"},"author":{"name":"enequipo","@id":"https:\/\/www.sonoraenequipo.com.mx\/#\/schema\/person\/50102df0fb23a8fa9e8effad8fa81386"},"headline":"Turismo ser\u00e1 fundamental para el relanzamiento econ\u00f3mico de Sonora, asegura Alfonso Durazo.","datePublished":"2021-03-02T18:20:41+00:00","dateModified":"2021-03-02T22:40:06+00:00","mainEntityOfPage":{"@id":"https:\/\/www.sonoraenequipo.com.mx\/turismo-sera-fundamental-para-el-relanzamiento-economico-de-sonora-asegura-alfonso-durazo\/"},"wordCount":217,"commentCount":0,"publisher":{"@id":"https:\/\/www.sonoraenequipo.com.mx\/#organization"},"image":{"@id":"https:\/\/www.sonoraenequipo.com.mx\/turismo-sera-fundamental-para-el-relanzamiento-economico-de-sonora-asegura-alfonso-durazo\/#primaryimage"},"thumbnailUrl":"https:\/\/www.sonoraenequipo.com.mx\/storage\/2021\/03\/alfosno-durazo_opt.jpg","articleSection":["Sonora"],"inLanguage":"es","potentialAction":[{"@type":"CommentAction","name":"Comment","target":["https:\/\/www.sonoraenequipo.com.mx\/turismo-sera-fundamental-para-el-relanzamiento-economico-de-sonora-asegura-alfonso-durazo\/#respond"]}]},{"@type":"WebPage","@id":"https:\/\/www.sonoraenequipo.com.mx\/turismo-sera-fundamental-para-el-relanzamiento-economico-de-sonora-asegura-alfonso-durazo\/","url":"https:\/\/www.sonoraenequipo.com.mx\/turismo-sera-fundamental-para-el-relanzamiento-economico-de-sonora-asegura-alfonso-durazo\/","name":"Sonora en Equipo. Turismo ser\u00e1 fundamental para el relanzamiento econ\u00f3mico de Sonora, asegura Alfonso Durazo. Sonora","isPartOf":{"@id":"https:\/\/www.sonoraenequipo.com.mx\/#website"},"primaryImageOfPage":{"@id":"https:\/\/www.sonoraenequipo.com.mx\/turismo-sera-fundamental-para-el-relanzamiento-economico-de-sonora-asegura-alfonso-durazo\/#primaryimage"},"image":{"@id":"https:\/\/www.sonoraenequipo.com.mx\/turismo-sera-fundamental-para-el-relanzamiento-economico-de-sonora-asegura-alfonso-durazo\/#primaryimage"},"thumbnailUrl":"https:\/\/www.sonoraenequipo.com.mx\/storage\/2021\/03\/alfosno-durazo_opt.jpg","datePublished":"2021-03-02T18:20:41+00:00","dateModified":"2021-03-02T22:40:06+00:00","description":"HERMOSILLO, SONORA.MX. \u2014\u00a0 Para la reactivaci\u00f3n econ\u00f3mica del estado se impulsar\u00e1 de manera estelar el turismo, adem\u00e1s de la agroindustria, la industria En Sonora en Equipo publicamos toda la informaci\u00f3n de Sonora, M\u00e9xico y el Mundo de manera oportuna y busca que la libertad de expresi\u00f3n sea real. Visita nuestro medio informativo publicado desde Hermosillo, Sonora. %","breadcrumb":{"@id":"https:\/\/www.sonoraenequipo.com.mx\/turismo-sera-fundamental-para-el-relanzamiento-economico-de-sonora-asegura-alfonso-durazo\/#breadcrumb"},"inLanguage":"es","potentialAction":[{"@type":"ReadAction","target":["https:\/\/www.sonoraenequipo.com.mx\/turismo-sera-fundamental-para-el-relanzamiento-economico-de-sonora-asegura-alfonso-durazo\/"]}]},{"@type":"ImageObject","inLanguage":"es","@id":"https:\/\/www.sonoraenequipo.com.mx\/turismo-sera-fundamental-para-el-relanzamiento-economico-de-sonora-asegura-alfonso-durazo\/#primaryimage","url":"https:\/\/www.sonoraenequipo.com.mx\/storage\/2021\/03\/alfosno-durazo_opt.jpg","contentUrl":"https:\/\/www.sonoraenequipo.com.mx\/storage\/2021\/03\/alfosno-durazo_opt.jpg","width":711,"height":474},{"@type":"BreadcrumbList","@id":"https:\/\/www.sonoraenequipo.com.mx\/turismo-sera-fundamental-para-el-relanzamiento-economico-de-sonora-asegura-alfonso-durazo\/#breadcrumb","itemListElement":[{"@type":"ListItem","position":1,"name":"Portada","item":"https:\/\/www.sonoraenequipo.com.mx\/"},{"@type":"ListItem","position":2,"name":"Turismo ser\u00e1 fundamental para el relanzamiento econ\u00f3mico de Sonora, asegura Alfonso Durazo."}]},{"@type":"WebSite","@id":"https:\/\/www.sonoraenequipo.com.mx\/#website","url":"https:\/\/www.sonoraenequipo.com.mx\/","name":"Sonora en Equipo.","description":"Diario en l\u00ednea con Noticias desde Hermosillo, Sonora","publisher":{"@id":"https:\/\/www.sonoraenequipo.com.mx\/#organization"},"potentialAction":[{"@type":"SearchAction","target":{"@type":"EntryPoint","urlTemplate":"https:\/\/www.sonoraenequipo.com.mx\/?s={search_term_string}"},"query-input":{"@type":"PropertyValueSpecification","valueRequired":true,"valueName":"search_term_string"}}],"inLanguage":"es"},{"@type":"Organization","@id":"https:\/\/www.sonoraenequipo.com.mx\/#organization","name":"Sonoraenequipo.com.mx","url":"https:\/\/www.sonoraenequipo.com.mx\/","logo":{"@type":"ImageObject","inLanguage":"es","@id":"https:\/\/www.sonoraenequipo.com.mx\/#\/schema\/logo\/image\/","url":"https:\/\/www.sonoraenequipo.com.mx\/storage\/2019\/01\/sonoraenequipo_opt.png","contentUrl":"https:\/\/www.sonoraenequipo.com.mx\/storage\/2019\/01\/sonoraenequipo_opt.png","width":375,"height":125,"caption":"Sonoraenequipo.com.mx"},"image":{"@id":"https:\/\/www.sonoraenequipo.com.mx\/#\/schema\/logo\/image\/"},"sameAs":["https:\/\/www.facebook.com\/SonoraEE\/","https:\/\/x.com\/sonoraenequipo","https:\/\/www.youtube.com\/channel\/UC338nW-lPEYmJQs4ZABQ1SQ"]},{"@type":"Person","@id":"https:\/\/www.sonoraenequipo.com.mx\/#\/schema\/person\/50102df0fb23a8fa9e8effad8fa81386","name":"enequipo","image":{"@type":"ImageObject","inLanguage":"es","@id":"https:\/\/www.sonoraenequipo.com.mx\/#\/schema\/person\/image\/","url":"https:\/\/secure.gravatar.com\/avatar\/049821681b589dabc0bc20695993ccebb09f5b5d4d790cd9251b97faac7c652b?s=96&d=blank&r=g","contentUrl":"https:\/\/secure.gravatar.com\/avatar\/049821681b589dabc0bc20695993ccebb09f5b5d4d790cd9251b97faac7c652b?s=96&d=blank&r=g","caption":"enequipo"},"sameAs":["https:\/\/www.facebook.com\/SonoraEE"]}]}},"jetpack_featured_media_url":"https:\/\/www.sonoraenequipo.com.mx\/storage\/2021\/03\/alfosno-durazo_opt.jpg","_links":{"self":[{"href":"https:\/\/www.sonoraenequipo.com.mx\/api\/wp\/v2\/posts\/108085","targetHints":{"allow":["GET"]}}],"collection":[{"href":"https:\/\/www.sonoraenequipo.com.mx\/api\/wp\/v2\/posts"}],"about":[{"href":"https:\/\/www.sonoraenequipo.com.mx\/api\/wp\/v2\/types\/post"}],"author":[{"embeddable":true,"href":"https:\/\/www.sonoraenequipo.com.mx\/api\/wp\/v2\/users\/1"}],"replies":[{"embeddable":true,"href":"https:\/\/www.sonoraenequipo.com.mx\/api\/wp\/v2\/comments?post=108085"}],"version-history":[{"count":1,"href":"https:\/\/www.sonoraenequipo.com.mx\/api\/wp\/v2\/posts\/108085\/revisions"}],"predecessor-version":[{"id":108088,"href":"https:\/\/www.sonoraenequipo.com.mx\/api\/wp\/v2\/posts\/108085\/revisions\/108088"}],"wp:featuredmedia":[{"embeddable":true,"href":"https:\/\/www.sonoraenequipo.com.mx\/api\/wp\/v2\/media\/108087"}],"wp:attachment":[{"href":"https:\/\/www.sonoraenequipo.com.mx\/api\/wp\/v2\/media?parent=108085"}],"wp:term":[{"taxonomy":"category","embeddable":true,"href":"https:\/\/www.sonoraenequipo.com.mx\/api\/wp\/v2\/categories?post=108085"},{"taxonomy":"post_tag","embeddable":true,"href":"https:\/\/www.sonoraenequipo.com.mx\/api\/wp\/v2\/tags?post=108085"}],"curies":[{"name":"wp","href":"https:\/\/api.w.org\/{rel}","templated":true}]}}