{"id":108097,"date":"2021-03-02T12:14:22","date_gmt":"2021-03-02T19:14:22","guid":{"rendered":"https:\/\/www.sonoraenequipo.com.mx\/?p=108097"},"modified":"2021-03-02T15:56:58","modified_gmt":"2021-03-02T22:56:58","slug":"recibe-personal-de-ssp-sonora-reconocimiento-de-empresa-mundial-socialmente-responsable","status":"publish","type":"post","link":"https:\/\/www.sonoraenequipo.com.mx\/recibe-personal-de-ssp-sonora-reconocimiento-de-empresa-mundial-socialmente-responsable\/","title":{"rendered":"Recibe personal de SSP Sonora reconocimiento de empresa mundial socialmente responsable"},"content":{"rendered":"<p>&nbsp;<\/p>\n<p>HERMOSILLO, SONORA. MX. \u2014 En reconocimiento a su destacada labor policial en beneficio de la sociedad, personal operativo de la Secretar\u00eda de Seguridad P\u00fablica (SSP), fue galardonado con el reconocimiento especial \u00abOrgulloso Polic\u00eda\u201d y ser\u00e1n a partir de este martes, invitados especiales en una importante franquicia de hamburguesas de todo el estado.<\/p>\n<p>&nbsp;<\/p>\n<p> <\/p>\n<p>&nbsp;<\/p>\n<p>El secretario de Seguridad P\u00fablica, David Anaya Cooley y Kurt Matzke, director de Mercadotecnia grupo AFAL, formalizaron p\u00fablicamente este homenaje al personal de la Secretar\u00eda de Seguridad P\u00fablica.<\/p>\n<p>&nbsp;<\/p>\n<p>En total, ser\u00e1n 2 mil 050 familias pertenecientes a la Secretar\u00eda de Seguridad Publica, las que se beneficiar\u00e1n con las tarjetas autorizadas para recibir el 25% de descuento en las compras realizadas en los restaurantes.<img loading=\"lazy\" decoding=\"async\" class=\"size-medium  x-left\" src=\"https:\/\/www.sonoraenequipo.com.mx\/storage\/2021\/03\/SSP-Sonora-reconocimiento-1_opt-590x365.jpg\" alt=\"\" width=\"590\" height=\"365\" \/><\/p>\n<p>&nbsp;<\/p>\n<p><em>\u201cPara nosotros es muy valioso que en este d\u00eda una empresa tan importante a nivel mundial valore la entereza y determinaci\u00f3n con la que nuestros elementos policiales realizan un trabajo profesional, quienes sin escatimar esfuerzos y sacrificios, se dedican con entusiasmo y disciplina a sus labores de servicio a pesar de las condiciones adversas con las que se pudiesen encarar\u201d,<\/em> expuso Anaya Cooley.<\/p>\n<p>&nbsp;<\/p>\n<p>Expres\u00f3 el agradecimiento y gran disposici\u00f3n de sumar y brindar apoyos al personal que integra la instituci\u00f3n quienes ejercen labores operativas, estrat\u00e9gicas y de conducciones t\u00e1cticas, implementando acciones para salvaguardar la seguridad p\u00fablica y prestando auxilio a toda persona que lo requiera, y quienes se han convertido en pieza clave para el buen funcionamiento del sistema de seguridad en nuestro Estado.<\/p>\n<p>&nbsp;<\/p>\n<p>Ante un grupo de polic\u00edas estatales de Seguridad P\u00fablica, destac\u00f3 que es muy merecido el reconocimiento que esta empresa realiza, ante lo cual responden siendo una corporaci\u00f3n que se encuentra en el ranking de las mejores polic\u00edas del pa\u00eds.<\/p>\n<p>&nbsp;<\/p>\n<p>Subray\u00f3 que en Sonora, casi 7 de cada 10 detenciones de personas por delitos contra la salud son llevadas a cabo por la PESP seg\u00fan datos de las Fiscal\u00edas, el 43% de armas que se decomisan en el estado, lo lleva a cabo dicha corporaci\u00f3n en conjunto con Sedena; adem\u00e1s es la corporaci\u00f3n que tiene mayor n\u00famero de \u201cpuestas a disposici\u00f3n con detenido\u201d durante los dos \u00faltimos a\u00f1os ante la Fiscal\u00eda General de la Rep\u00fablica, muy por encima de las Polic\u00edas Municipales cuyo estado de fuerza es hasta cinco veces mayor a nivel estatal.<\/p>\n<p>&nbsp;<\/p>\n<p><img loading=\"lazy\" decoding=\"async\" class=\"size-medium  x-right\" src=\"https:\/\/www.sonoraenequipo.com.mx\/storage\/2021\/03\/SSP-Sonora-reconocimiento-2_opt-548x365.jpg\" alt=\"\" width=\"548\" height=\"365\" \/>Kurt Matzke, director de Mercadotecnia, inform\u00f3 que la empresa de comida r\u00e1pida desde hace una d\u00e9cada se ha preocupado por generar acciones que contribuyan al beneficio social de diversos grupos y organizaciones.<\/p>\n<p>&nbsp;<\/p>\n<p><em>\u201cQueremos reconocer la importancia de la gran labor policial, especialmente en estos momentos en donde su participaci\u00f3n primordial para mantener el orden y la estabilidad de las diferentes entidades en donde d\u00eda a d\u00eda desempe\u00f1an su trabajo en beneficio de los sonorenses\u201d,<\/em> agreg\u00f3.<\/p>\n<p>&nbsp;<\/p>\n<p>Participaron como testigos de este reconocimiento a los elementos y personal de la SSP, el comisario general de la Polic\u00eda Estatal de Seguridad P\u00fablica, Alfonso Novoa Novoa y el coordinador estatal del Centro Estatal de Informaci\u00f3n de Seguridad P\u00fablica, Adri\u00e1n Manuel Garc\u00eda Sol\u00eds.<\/p>\n<p>&nbsp;<\/p>\n<p>&nbsp;<\/p>\n<p>(Publicada el 02\/03\/2021)<\/p>\n","protected":false},"excerpt":{"rendered":"<p>&nbsp; HERMOSILLO, SONORA. MX. \u2014 En reconocimiento a su destacada labor policial en beneficio de&#8230;<\/p>\n","protected":false},"author":1,"featured_media":108098,"comment_status":"open","ping_status":"open","sticky":false,"template":"","format":"standard","meta":{"_monsterinsights_skip_tracking":false,"_monsterinsights_sitenote_active":false,"_monsterinsights_sitenote_note":"","_monsterinsights_sitenote_category":0,"footnotes":""},"categories":[22],"tags":[],"class_list":["post"],"yoast_head":" \n<title>Sonora en Equipo. Recibe personal de SSP Sonora reconocimiento de empresa mundial socialmente responsable Sonora<\/title>\n<meta name=\"description\" content=\"&nbsp; HERMOSILLO, SONORA. MX. \u2014 En reconocimiento a su destacada labor policial en beneficio de la sociedad, personal operativo de la Secretar\u00eda de En Sonora en Equipo publicamos toda la informaci\u00f3n de Sonora, M\u00e9xico y el Mundo de manera oportuna y busca que la libertad de expresi\u00f3n sea real. Visita nuestro medio informativo publicado desde Hermosillo, Sonora. %\" \/>\n<meta name=\"robots\" content=\"index, follow, max-snippet:-1, max-image-preview:large, max-video-preview:-1\" \/>\n<link rel=\"canonical\" href=\"https:\/\/www.sonoraenequipo.com.mx\/recibe-personal-de-ssp-sonora-reconocimiento-de-empresa-mundial-socialmente-responsable\/\" \/>\n<meta property=\"og:locale\" content=\"es_ES\" \/>\n<meta property=\"og:type\" content=\"article\" \/>\n<meta property=\"og:title\" content=\"Sonora en Equipo. Recibe personal de SSP Sonora reconocimiento de empresa mundial socialmente responsable Sonora\" \/>\n<meta property=\"og:description\" content=\"&nbsp; HERMOSILLO, SONORA. MX. \u2014 En reconocimiento a su destacada labor policial en beneficio de la sociedad, personal operativo de la Secretar\u00eda de En Sonora en Equipo publicamos toda la informaci\u00f3n de Sonora, M\u00e9xico y el Mundo de manera oportuna y busca que la libertad de expresi\u00f3n sea real. Visita nuestro medio informativo publicado desde Hermosillo, Sonora. %\" \/>\n<meta property=\"og:url\" content=\"https:\/\/www.sonoraenequipo.com.mx\/recibe-personal-de-ssp-sonora-reconocimiento-de-empresa-mundial-socialmente-responsable\/\" \/>\n<meta property=\"og:site_name\" content=\"Sonora en Equipo.\" \/>\n<meta property=\"article:publisher\" content=\"https:\/\/www.facebook.com\/SonoraEE\/\" \/>\n<meta property=\"article:author\" content=\"https:\/\/www.facebook.com\/SonoraEE\" \/>\n<meta property=\"article:published_time\" content=\"2021-03-02T19:14:22+00:00\" \/>\n<meta property=\"article:modified_time\" content=\"2021-03-02T22:56:58+00:00\" \/>\n<meta property=\"og:image\" content=\"https:\/\/www.sonoraenequipo.com.mx\/storage\/2021\/03\/SSP-Sonora-reconocimiento-4_opt.jpg\" \/>\n\t<meta property=\"og:image:width\" content=\"712\" \/>\n\t<meta property=\"og:image:height\" content=\"474\" \/>\n\t<meta property=\"og:image:type\" content=\"image\/jpeg\" \/>\n<meta name=\"author\" content=\"enequipo\" \/>\n<meta name=\"twitter:card\" content=\"summary_large_image\" \/>\n<meta name=\"twitter:creator\" content=\"@sonoraenequipo\" \/>\n<meta name=\"twitter:site\" content=\"@sonoraenequipo\" \/>\n<meta name=\"twitter:label1\" content=\"Escrito por\" \/>\n\t<meta name=\"twitter:data1\" content=\"enequipo\" \/>\n\t<meta name=\"twitter:label2\" content=\"Tiempo de lectura\" \/>\n\t<meta name=\"twitter:data2\" content=\"3 minutos\" \/>\n<script type=\"application\/ld+json\" class=\"yoast-schema-graph\">{\"@context\":\"https:\/\/schema.org\",\"@graph\":[{\"@type\":\"Article\",\"@id\":\"https:\/\/www.sonoraenequipo.com.mx\/recibe-personal-de-ssp-sonora-reconocimiento-de-empresa-mundial-socialmente-responsable\/#article\",\"isPartOf\":{\"@id\":\"https:\/\/www.sonoraenequipo.com.mx\/recibe-personal-de-ssp-sonora-reconocimiento-de-empresa-mundial-socialmente-responsable\/\"},\"author\":{\"name\":\"enequipo\",\"@id\":\"https:\/\/www.sonoraenequipo.com.mx\/#\/schema\/person\/50102df0fb23a8fa9e8effad8fa81386\"},\"headline\":\"Recibe personal de SSP Sonora reconocimiento de empresa mundial socialmente responsable\",\"datePublished\":\"2021-03-02T19:14:22+00:00\",\"dateModified\":\"2021-03-02T22:56:58+00:00\",\"mainEntityOfPage\":{\"@id\":\"https:\/\/www.sonoraenequipo.com.mx\/recibe-personal-de-ssp-sonora-reconocimiento-de-empresa-mundial-socialmente-responsable\/\"},\"wordCount\":556,\"commentCount\":0,\"publisher\":{\"@id\":\"https:\/\/www.sonoraenequipo.com.mx\/#organization\"},\"image\":{\"@id\":\"https:\/\/www.sonoraenequipo.com.mx\/recibe-personal-de-ssp-sonora-reconocimiento-de-empresa-mundial-socialmente-responsable\/#primaryimage\"},\"thumbnailUrl\":\"https:\/\/www.sonoraenequipo.com.mx\/storage\/2021\/03\/SSP-Sonora-reconocimiento-4_opt.jpg\",\"articleSection\":[\"Sonora\"],\"inLanguage\":\"es\",\"potentialAction\":[{\"@type\":\"CommentAction\",\"name\":\"Comment\",\"target\":[\"https:\/\/www.sonoraenequipo.com.mx\/recibe-personal-de-ssp-sonora-reconocimiento-de-empresa-mundial-socialmente-responsable\/#respond\"]}]},{\"@type\":\"WebPage\",\"@id\":\"https:\/\/www.sonoraenequipo.com.mx\/recibe-personal-de-ssp-sonora-reconocimiento-de-empresa-mundial-socialmente-responsable\/\",\"url\":\"https:\/\/www.sonoraenequipo.com.mx\/recibe-personal-de-ssp-sonora-reconocimiento-de-empresa-mundial-socialmente-responsable\/\",\"name\":\"Sonora en Equipo. Recibe personal de SSP Sonora reconocimiento de empresa mundial socialmente responsable Sonora\",\"isPartOf\":{\"@id\":\"https:\/\/www.sonoraenequipo.com.mx\/#website\"},\"primaryImageOfPage\":{\"@id\":\"https:\/\/www.sonoraenequipo.com.mx\/recibe-personal-de-ssp-sonora-reconocimiento-de-empresa-mundial-socialmente-responsable\/#primaryimage\"},\"image\":{\"@id\":\"https:\/\/www.sonoraenequipo.com.mx\/recibe-personal-de-ssp-sonora-reconocimiento-de-empresa-mundial-socialmente-responsable\/#primaryimage\"},\"thumbnailUrl\":\"https:\/\/www.sonoraenequipo.com.mx\/storage\/2021\/03\/SSP-Sonora-reconocimiento-4_opt.jpg\",\"datePublished\":\"2021-03-02T19:14:22+00:00\",\"dateModified\":\"2021-03-02T22:56:58+00:00\",\"description\":\"&nbsp; HERMOSILLO, SONORA. MX. \u2014 En reconocimiento a su destacada labor policial en beneficio de la sociedad, personal operativo de la Secretar\u00eda de En Sonora en Equipo publicamos toda la informaci\u00f3n de Sonora, M\u00e9xico y el Mundo de manera oportuna y busca que la libertad de expresi\u00f3n sea real. Visita nuestro medio informativo publicado desde Hermosillo, Sonora. %\",\"breadcrumb\":{\"@id\":\"https:\/\/www.sonoraenequipo.com.mx\/recibe-personal-de-ssp-sonora-reconocimiento-de-empresa-mundial-socialmente-responsable\/#breadcrumb\"},\"inLanguage\":\"es\",\"potentialAction\":[{\"@type\":\"ReadAction\",\"target\":[\"https:\/\/www.sonoraenequipo.com.mx\/recibe-personal-de-ssp-sonora-reconocimiento-de-empresa-mundial-socialmente-responsable\/\"]}]},{\"@type\":\"ImageObject\",\"inLanguage\":\"es\",\"@id\":\"https:\/\/www.sonoraenequipo.com.mx\/recibe-personal-de-ssp-sonora-reconocimiento-de-empresa-mundial-socialmente-responsable\/#primaryimage\",\"url\":\"https:\/\/www.sonoraenequipo.com.mx\/storage\/2021\/03\/SSP-Sonora-reconocimiento-4_opt.jpg\",\"contentUrl\":\"https:\/\/www.sonoraenequipo.com.mx\/storage\/2021\/03\/SSP-Sonora-reconocimiento-4_opt.jpg\",\"width\":712,\"height\":474},{\"@type\":\"BreadcrumbList\",\"@id\":\"https:\/\/www.sonoraenequipo.com.mx\/recibe-personal-de-ssp-sonora-reconocimiento-de-empresa-mundial-socialmente-responsable\/#breadcrumb\",\"itemListElement\":[{\"@type\":\"ListItem\",\"position\":1,\"name\":\"Portada\",\"item\":\"https:\/\/www.sonoraenequipo.com.mx\/\"},{\"@type\":\"ListItem\",\"position\":2,\"name\":\"Recibe personal de SSP Sonora reconocimiento de empresa mundial socialmente responsable\"}]},{\"@type\":\"WebSite\",\"@id\":\"https:\/\/www.sonoraenequipo.com.mx\/#website\",\"url\":\"https:\/\/www.sonoraenequipo.com.mx\/\",\"name\":\"Sonora en Equipo.\",\"description\":\"Diario en l\u00ednea con Noticias desde Hermosillo, Sonora\",\"publisher\":{\"@id\":\"https:\/\/www.sonoraenequipo.com.mx\/#organization\"},\"potentialAction\":[{\"@type\":\"SearchAction\",\"target\":{\"@type\":\"EntryPoint\",\"urlTemplate\":\"https:\/\/www.sonoraenequipo.com.mx\/?s={search_term_string}\"},\"query-input\":{\"@type\":\"PropertyValueSpecification\",\"valueRequired\":true,\"valueName\":\"search_term_string\"}}],\"inLanguage\":\"es\"},{\"@type\":\"Organization\",\"@id\":\"https:\/\/www.sonoraenequipo.com.mx\/#organization\",\"name\":\"Sonoraenequipo.com.mx\",\"url\":\"https:\/\/www.sonoraenequipo.com.mx\/\",\"logo\":{\"@type\":\"ImageObject\",\"inLanguage\":\"es\",\"@id\":\"https:\/\/www.sonoraenequipo.com.mx\/#\/schema\/logo\/image\/\",\"url\":\"https:\/\/www.sonoraenequipo.com.mx\/storage\/2019\/01\/sonoraenequipo_opt.png\",\"contentUrl\":\"https:\/\/www.sonoraenequipo.com.mx\/storage\/2019\/01\/sonoraenequipo_opt.png\",\"width\":375,\"height\":125,\"caption\":\"Sonoraenequipo.com.mx\"},\"image\":{\"@id\":\"https:\/\/www.sonoraenequipo.com.mx\/#\/schema\/logo\/image\/\"},\"sameAs\":[\"https:\/\/www.facebook.com\/SonoraEE\/\",\"https:\/\/x.com\/sonoraenequipo\",\"https:\/\/www.youtube.com\/channel\/UC338nW-lPEYmJQs4ZABQ1SQ\"]},{\"@type\":\"Person\",\"@id\":\"https:\/\/www.sonoraenequipo.com.mx\/#\/schema\/person\/50102df0fb23a8fa9e8effad8fa81386\",\"name\":\"enequipo\",\"image\":{\"@type\":\"ImageObject\",\"inLanguage\":\"es\",\"@id\":\"https:\/\/www.sonoraenequipo.com.mx\/#\/schema\/person\/image\/\",\"url\":\"https:\/\/secure.gravatar.com\/avatar\/049821681b589dabc0bc20695993ccebb09f5b5d4d790cd9251b97faac7c652b?s=96&d=blank&r=g\",\"contentUrl\":\"https:\/\/secure.gravatar.com\/avatar\/049821681b589dabc0bc20695993ccebb09f5b5d4d790cd9251b97faac7c652b?s=96&d=blank&r=g\",\"caption\":\"enequipo\"},\"sameAs\":[\"https:\/\/www.facebook.com\/SonoraEE\"]}]}<\/script>\n ","yoast_head_json":{"title":"Sonora en Equipo. Recibe personal de SSP Sonora reconocimiento de empresa mundial socialmente responsable Sonora","description":"&nbsp; HERMOSILLO, SONORA. MX. \u2014 En reconocimiento a su destacada labor policial en beneficio de la sociedad, personal operativo de la Secretar\u00eda de En Sonora en Equipo publicamos toda la informaci\u00f3n de Sonora, M\u00e9xico y el Mundo de manera oportuna y busca que la libertad de expresi\u00f3n sea real. Visita nuestro medio informativo publicado desde Hermosillo, Sonora. %","robots":{"index":"index","follow":"follow","max-snippet":"max-snippet:-1","max-image-preview":"max-image-preview:large","max-video-preview":"max-video-preview:-1"},"canonical":"https:\/\/www.sonoraenequipo.com.mx\/recibe-personal-de-ssp-sonora-reconocimiento-de-empresa-mundial-socialmente-responsable\/","og_locale":"es_ES","og_type":"article","og_title":"Sonora en Equipo. Recibe personal de SSP Sonora reconocimiento de empresa mundial socialmente responsable Sonora","og_description":"&nbsp; HERMOSILLO, SONORA. MX. \u2014 En reconocimiento a su destacada labor policial en beneficio de la sociedad, personal operativo de la Secretar\u00eda de En Sonora en Equipo publicamos toda la informaci\u00f3n de Sonora, M\u00e9xico y el Mundo de manera oportuna y busca que la libertad de expresi\u00f3n sea real. Visita nuestro medio informativo publicado desde Hermosillo, Sonora. %","og_url":"https:\/\/www.sonoraenequipo.com.mx\/recibe-personal-de-ssp-sonora-reconocimiento-de-empresa-mundial-socialmente-responsable\/","og_site_name":"Sonora en Equipo.","article_publisher":"https:\/\/www.facebook.com\/SonoraEE\/","article_author":"https:\/\/www.facebook.com\/SonoraEE","article_published_time":"2021-03-02T19:14:22+00:00","article_modified_time":"2021-03-02T22:56:58+00:00","og_image":[{"width":712,"height":474,"url":"https:\/\/www.sonoraenequipo.com.mx\/storage\/2021\/03\/SSP-Sonora-reconocimiento-4_opt.jpg","type":"image\/jpeg"}],"author":"enequipo","twitter_card":"summary_large_image","twitter_creator":"@sonoraenequipo","twitter_site":"@sonoraenequipo","twitter_misc":{"Escrito por":"enequipo","Tiempo de lectura":"3 minutos"},"schema":{"@context":"https:\/\/schema.org","@graph":[{"@type":"Article","@id":"https:\/\/www.sonoraenequipo.com.mx\/recibe-personal-de-ssp-sonora-reconocimiento-de-empresa-mundial-socialmente-responsable\/#article","isPartOf":{"@id":"https:\/\/www.sonoraenequipo.com.mx\/recibe-personal-de-ssp-sonora-reconocimiento-de-empresa-mundial-socialmente-responsable\/"},"author":{"name":"enequipo","@id":"https:\/\/www.sonoraenequipo.com.mx\/#\/schema\/person\/50102df0fb23a8fa9e8effad8fa81386"},"headline":"Recibe personal de SSP Sonora reconocimiento de empresa mundial socialmente responsable","datePublished":"2021-03-02T19:14:22+00:00","dateModified":"2021-03-02T22:56:58+00:00","mainEntityOfPage":{"@id":"https:\/\/www.sonoraenequipo.com.mx\/recibe-personal-de-ssp-sonora-reconocimiento-de-empresa-mundial-socialmente-responsable\/"},"wordCount":556,"commentCount":0,"publisher":{"@id":"https:\/\/www.sonoraenequipo.com.mx\/#organization"},"image":{"@id":"https:\/\/www.sonoraenequipo.com.mx\/recibe-personal-de-ssp-sonora-reconocimiento-de-empresa-mundial-socialmente-responsable\/#primaryimage"},"thumbnailUrl":"https:\/\/www.sonoraenequipo.com.mx\/storage\/2021\/03\/SSP-Sonora-reconocimiento-4_opt.jpg","articleSection":["Sonora"],"inLanguage":"es","potentialAction":[{"@type":"CommentAction","name":"Comment","target":["https:\/\/www.sonoraenequipo.com.mx\/recibe-personal-de-ssp-sonora-reconocimiento-de-empresa-mundial-socialmente-responsable\/#respond"]}]},{"@type":"WebPage","@id":"https:\/\/www.sonoraenequipo.com.mx\/recibe-personal-de-ssp-sonora-reconocimiento-de-empresa-mundial-socialmente-responsable\/","url":"https:\/\/www.sonoraenequipo.com.mx\/recibe-personal-de-ssp-sonora-reconocimiento-de-empresa-mundial-socialmente-responsable\/","name":"Sonora en Equipo. Recibe personal de SSP Sonora reconocimiento de empresa mundial socialmente responsable Sonora","isPartOf":{"@id":"https:\/\/www.sonoraenequipo.com.mx\/#website"},"primaryImageOfPage":{"@id":"https:\/\/www.sonoraenequipo.com.mx\/recibe-personal-de-ssp-sonora-reconocimiento-de-empresa-mundial-socialmente-responsable\/#primaryimage"},"image":{"@id":"https:\/\/www.sonoraenequipo.com.mx\/recibe-personal-de-ssp-sonora-reconocimiento-de-empresa-mundial-socialmente-responsable\/#primaryimage"},"thumbnailUrl":"https:\/\/www.sonoraenequipo.com.mx\/storage\/2021\/03\/SSP-Sonora-reconocimiento-4_opt.jpg","datePublished":"2021-03-02T19:14:22+00:00","dateModified":"2021-03-02T22:56:58+00:00","description":"&nbsp; HERMOSILLO, SONORA. MX. \u2014 En reconocimiento a su destacada labor policial en beneficio de la sociedad, personal operativo de la Secretar\u00eda de En Sonora en Equipo publicamos toda la informaci\u00f3n de Sonora, M\u00e9xico y el Mundo de manera oportuna y busca que la libertad de expresi\u00f3n sea real. Visita nuestro medio informativo publicado desde Hermosillo, Sonora. %","breadcrumb":{"@id":"https:\/\/www.sonoraenequipo.com.mx\/recibe-personal-de-ssp-sonora-reconocimiento-de-empresa-mundial-socialmente-responsable\/#breadcrumb"},"inLanguage":"es","potentialAction":[{"@type":"ReadAction","target":["https:\/\/www.sonoraenequipo.com.mx\/recibe-personal-de-ssp-sonora-reconocimiento-de-empresa-mundial-socialmente-responsable\/"]}]},{"@type":"ImageObject","inLanguage":"es","@id":"https:\/\/www.sonoraenequipo.com.mx\/recibe-personal-de-ssp-sonora-reconocimiento-de-empresa-mundial-socialmente-responsable\/#primaryimage","url":"https:\/\/www.sonoraenequipo.com.mx\/storage\/2021\/03\/SSP-Sonora-reconocimiento-4_opt.jpg","contentUrl":"https:\/\/www.sonoraenequipo.com.mx\/storage\/2021\/03\/SSP-Sonora-reconocimiento-4_opt.jpg","width":712,"height":474},{"@type":"BreadcrumbList","@id":"https:\/\/www.sonoraenequipo.com.mx\/recibe-personal-de-ssp-sonora-reconocimiento-de-empresa-mundial-socialmente-responsable\/#breadcrumb","itemListElement":[{"@type":"ListItem","position":1,"name":"Portada","item":"https:\/\/www.sonoraenequipo.com.mx\/"},{"@type":"ListItem","position":2,"name":"Recibe personal de SSP Sonora reconocimiento de empresa mundial socialmente responsable"}]},{"@type":"WebSite","@id":"https:\/\/www.sonoraenequipo.com.mx\/#website","url":"https:\/\/www.sonoraenequipo.com.mx\/","name":"Sonora en Equipo.","description":"Diario en l\u00ednea con Noticias desde Hermosillo, Sonora","publisher":{"@id":"https:\/\/www.sonoraenequipo.com.mx\/#organization"},"potentialAction":[{"@type":"SearchAction","target":{"@type":"EntryPoint","urlTemplate":"https:\/\/www.sonoraenequipo.com.mx\/?s={search_term_string}"},"query-input":{"@type":"PropertyValueSpecification","valueRequired":true,"valueName":"search_term_string"}}],"inLanguage":"es"},{"@type":"Organization","@id":"https:\/\/www.sonoraenequipo.com.mx\/#organization","name":"Sonoraenequipo.com.mx","url":"https:\/\/www.sonoraenequipo.com.mx\/","logo":{"@type":"ImageObject","inLanguage":"es","@id":"https:\/\/www.sonoraenequipo.com.mx\/#\/schema\/logo\/image\/","url":"https:\/\/www.sonoraenequipo.com.mx\/storage\/2019\/01\/sonoraenequipo_opt.png","contentUrl":"https:\/\/www.sonoraenequipo.com.mx\/storage\/2019\/01\/sonoraenequipo_opt.png","width":375,"height":125,"caption":"Sonoraenequipo.com.mx"},"image":{"@id":"https:\/\/www.sonoraenequipo.com.mx\/#\/schema\/logo\/image\/"},"sameAs":["https:\/\/www.facebook.com\/SonoraEE\/","https:\/\/x.com\/sonoraenequipo","https:\/\/www.youtube.com\/channel\/UC338nW-lPEYmJQs4ZABQ1SQ"]},{"@type":"Person","@id":"https:\/\/www.sonoraenequipo.com.mx\/#\/schema\/person\/50102df0fb23a8fa9e8effad8fa81386","name":"enequipo","image":{"@type":"ImageObject","inLanguage":"es","@id":"https:\/\/www.sonoraenequipo.com.mx\/#\/schema\/person\/image\/","url":"https:\/\/secure.gravatar.com\/avatar\/049821681b589dabc0bc20695993ccebb09f5b5d4d790cd9251b97faac7c652b?s=96&d=blank&r=g","contentUrl":"https:\/\/secure.gravatar.com\/avatar\/049821681b589dabc0bc20695993ccebb09f5b5d4d790cd9251b97faac7c652b?s=96&d=blank&r=g","caption":"enequipo"},"sameAs":["https:\/\/www.facebook.com\/SonoraEE"]}]}},"jetpack_featured_media_url":"https:\/\/www.sonoraenequipo.com.mx\/storage\/2021\/03\/SSP-Sonora-reconocimiento-4_opt.jpg","_links":{"self":[{"href":"https:\/\/www.sonoraenequipo.com.mx\/api\/wp\/v2\/posts\/108097","targetHints":{"allow":["GET"]}}],"collection":[{"href":"https:\/\/www.sonoraenequipo.com.mx\/api\/wp\/v2\/posts"}],"about":[{"href":"https:\/\/www.sonoraenequipo.com.mx\/api\/wp\/v2\/types\/post"}],"author":[{"embeddable":true,"href":"https:\/\/www.sonoraenequipo.com.mx\/api\/wp\/v2\/users\/1"}],"replies":[{"embeddable":true,"href":"https:\/\/www.sonoraenequipo.com.mx\/api\/wp\/v2\/comments?post=108097"}],"version-history":[{"count":1,"href":"https:\/\/www.sonoraenequipo.com.mx\/api\/wp\/v2\/posts\/108097\/revisions"}],"predecessor-version":[{"id":108101,"href":"https:\/\/www.sonoraenequipo.com.mx\/api\/wp\/v2\/posts\/108097\/revisions\/108101"}],"wp:featuredmedia":[{"embeddable":true,"href":"https:\/\/www.sonoraenequipo.com.mx\/api\/wp\/v2\/media\/108098"}],"wp:attachment":[{"href":"https:\/\/www.sonoraenequipo.com.mx\/api\/wp\/v2\/media?parent=108097"}],"wp:term":[{"taxonomy":"category","embeddable":true,"href":"https:\/\/www.sonoraenequipo.com.mx\/api\/wp\/v2\/categories?post=108097"},{"taxonomy":"post_tag","embeddable":true,"href":"https:\/\/www.sonoraenequipo.com.mx\/api\/wp\/v2\/tags?post=108097"}],"curies":[{"name":"wp","href":"https:\/\/api.w.org\/{rel}","templated":true}]}}