{"id":108314,"date":"2021-03-04T16:22:13","date_gmt":"2021-03-04T23:22:13","guid":{"rendered":"https:\/\/www.sonoraenequipo.com.mx\/?p=108314"},"modified":"2021-03-04T17:43:15","modified_gmt":"2021-03-05T00:43:15","slug":"detenidos-142-presuntos-agresores-de-mujeres-entre-enero-y-febrero","status":"publish","type":"post","link":"https:\/\/www.sonoraenequipo.com.mx\/detenidos-142-presuntos-agresores-de-mujeres-entre-enero-y-febrero\/","title":{"rendered":"Detenidos 142 presuntos agresores de mujeres entre enero y febrero"},"content":{"rendered":"<p>CIUDAD DE M\u00c9XICO. MX. \u2014 La Fiscal\u00eda General de Justicia de Ciudad de M\u00e9xico (FGJ-CDMX) dio a conocer que logr\u00f3 que jueces de control vincularan a proceso a 142 presuntos agresores de mujeres y que estos casos no puedan quedar impunes estos delitos.<\/p>\n<p>&nbsp;<\/p>\n<p>&nbsp;<\/p>\n<p> <\/p>\n<p>&nbsp;<\/p>\n<p>Ernestina Godoy Ramos titular de la dependencia dijo que del total de vinculaciones que son resultado de acciones del 30 de enero al 26 de febrero, 35 capturas se realizaron con orden de aprehensi\u00f3n y 107 en flagrancia.<\/p>\n<p>&nbsp;<\/p>\n<p>&nbsp;<\/p>\n<p>De estos 67 por violencia familiar, 69 por delitos sexuales, 4 por feminicidio, uno por atentar contra la intimidad sexual y uno por trata de personas.<\/p>\n<p>&nbsp;<\/p>\n<p>Explic\u00f3 que este a\u00f1o se construir\u00e1 el cuarto Centro de Justicia para Mujeres que estar\u00e1 ubicado en la alcald\u00eda Magdalena Contreras y se sumar\u00e1 los tres existentes en Azcapotzalco, Tlalpan e Iztapalapa.<\/p>\n<p>&nbsp;<\/p>\n<p>La fiscal Godoy destac\u00f3 la labor de los Centros de Justicia para Mujeres que de manera conjunta, atendieron en 2020 cerca de 12 mil 800 v\u00edctimas a las que se les dise\u00f1aron igual n\u00famero de planes de intervenci\u00f3n y Seguridad.<\/p>\n<p>&nbsp;<\/p>\n<p>A\u00f1adi\u00f3 que la FGJ ya cuenta con una Unidad de Investigaci\u00f3n Inmediata en la Fiscal\u00eda de Delitos Sexuales y en cada uno de los tres Centros de Justicia para la Mujer, a efecto de que los casos de violaci\u00f3n sean atendidos con prontitud y no queden en la impunidad.<\/p>\n<p>&nbsp;<\/p>\n<p>&nbsp;<\/p>\n<p>(Publicada el 04\/03\/2021)<\/p>\n","protected":false},"excerpt":{"rendered":"<p>CIUDAD DE M\u00c9XICO. MX. \u2014 La Fiscal\u00eda General de Justicia de Ciudad de M\u00e9xico (FGJ-CDMX)&#8230;<\/p>\n","protected":false},"author":1,"featured_media":108315,"comment_status":"open","ping_status":"open","sticky":false,"template":"","format":"standard","meta":{"_monsterinsights_skip_tracking":false,"_monsterinsights_sitenote_active":false,"_monsterinsights_sitenote_note":"","_monsterinsights_sitenote_category":0,"footnotes":""},"categories":[5],"tags":[],"class_list":["post"],"yoast_head":" \n<title>Sonora en Equipo. Detenidos 142 presuntos agresores de mujeres entre enero y febrero Rep\u00fablica<\/title>\n<meta name=\"description\" content=\"CIUDAD DE M\u00c9XICO. MX. \u2014 La Fiscal\u00eda General de Justicia de Ciudad de M\u00e9xico (FGJ-CDMX) dio a conocer que logr\u00f3 que jueces de control vincularan a proceso En Sonora en Equipo publicamos toda la informaci\u00f3n de Sonora, M\u00e9xico y el Mundo de manera oportuna y busca que la libertad de expresi\u00f3n sea real. Visita nuestro medio informativo publicado desde Hermosillo, Sonora. %\" \/>\n<meta name=\"robots\" content=\"index, follow, max-snippet:-1, max-image-preview:large, max-video-preview:-1\" \/>\n<link rel=\"canonical\" href=\"https:\/\/www.sonoraenequipo.com.mx\/detenidos-142-presuntos-agresores-de-mujeres-entre-enero-y-febrero\/\" \/>\n<meta property=\"og:locale\" content=\"es_ES\" \/>\n<meta property=\"og:type\" content=\"article\" \/>\n<meta property=\"og:title\" content=\"Sonora en Equipo. Detenidos 142 presuntos agresores de mujeres entre enero y febrero Rep\u00fablica\" \/>\n<meta property=\"og:description\" content=\"CIUDAD DE M\u00c9XICO. MX. \u2014 La Fiscal\u00eda General de Justicia de Ciudad de M\u00e9xico (FGJ-CDMX) dio a conocer que logr\u00f3 que jueces de control vincularan a proceso En Sonora en Equipo publicamos toda la informaci\u00f3n de Sonora, M\u00e9xico y el Mundo de manera oportuna y busca que la libertad de expresi\u00f3n sea real. Visita nuestro medio informativo publicado desde Hermosillo, Sonora. %\" \/>\n<meta property=\"og:url\" content=\"https:\/\/www.sonoraenequipo.com.mx\/detenidos-142-presuntos-agresores-de-mujeres-entre-enero-y-febrero\/\" \/>\n<meta property=\"og:site_name\" content=\"Sonora en Equipo.\" \/>\n<meta property=\"article:publisher\" content=\"https:\/\/www.facebook.com\/SonoraEE\/\" \/>\n<meta property=\"article:author\" content=\"https:\/\/www.facebook.com\/SonoraEE\" \/>\n<meta property=\"article:published_time\" content=\"2021-03-04T23:22:13+00:00\" \/>\n<meta property=\"article:modified_time\" content=\"2021-03-05T00:43:15+00:00\" \/>\n<meta property=\"og:image\" content=\"https:\/\/www.sonoraenequipo.com.mx\/storage\/2021\/03\/detienen-apresuntos-agresores-de-mujeres_opt.jpg\" \/>\n\t<meta property=\"og:image:width\" content=\"692\" \/>\n\t<meta property=\"og:image:height\" content=\"400\" \/>\n\t<meta property=\"og:image:type\" content=\"image\/jpeg\" \/>\n<meta name=\"author\" content=\"enequipo\" \/>\n<meta name=\"twitter:card\" content=\"summary_large_image\" \/>\n<meta name=\"twitter:creator\" content=\"@sonoraenequipo\" \/>\n<meta name=\"twitter:site\" content=\"@sonoraenequipo\" \/>\n<meta name=\"twitter:label1\" content=\"Escrito por\" \/>\n\t<meta name=\"twitter:data1\" content=\"enequipo\" \/>\n\t<meta name=\"twitter:label2\" content=\"Tiempo de lectura\" \/>\n\t<meta name=\"twitter:data2\" content=\"2 minutos\" \/>\n<script type=\"application\/ld+json\" class=\"yoast-schema-graph\">{\"@context\":\"https:\/\/schema.org\",\"@graph\":[{\"@type\":\"Article\",\"@id\":\"https:\/\/www.sonoraenequipo.com.mx\/detenidos-142-presuntos-agresores-de-mujeres-entre-enero-y-febrero\/#article\",\"isPartOf\":{\"@id\":\"https:\/\/www.sonoraenequipo.com.mx\/detenidos-142-presuntos-agresores-de-mujeres-entre-enero-y-febrero\/\"},\"author\":{\"name\":\"enequipo\",\"@id\":\"https:\/\/www.sonoraenequipo.com.mx\/#\/schema\/person\/50102df0fb23a8fa9e8effad8fa81386\"},\"headline\":\"Detenidos 142 presuntos agresores de mujeres entre enero y febrero\",\"datePublished\":\"2021-03-04T23:22:13+00:00\",\"dateModified\":\"2021-03-05T00:43:15+00:00\",\"mainEntityOfPage\":{\"@id\":\"https:\/\/www.sonoraenequipo.com.mx\/detenidos-142-presuntos-agresores-de-mujeres-entre-enero-y-febrero\/\"},\"wordCount\":251,\"commentCount\":0,\"publisher\":{\"@id\":\"https:\/\/www.sonoraenequipo.com.mx\/#organization\"},\"image\":{\"@id\":\"https:\/\/www.sonoraenequipo.com.mx\/detenidos-142-presuntos-agresores-de-mujeres-entre-enero-y-febrero\/#primaryimage\"},\"thumbnailUrl\":\"https:\/\/www.sonoraenequipo.com.mx\/storage\/2021\/03\/detienen-apresuntos-agresores-de-mujeres_opt.jpg\",\"articleSection\":[\"Rep\u00fablica\"],\"inLanguage\":\"es\",\"potentialAction\":[{\"@type\":\"CommentAction\",\"name\":\"Comment\",\"target\":[\"https:\/\/www.sonoraenequipo.com.mx\/detenidos-142-presuntos-agresores-de-mujeres-entre-enero-y-febrero\/#respond\"]}]},{\"@type\":\"WebPage\",\"@id\":\"https:\/\/www.sonoraenequipo.com.mx\/detenidos-142-presuntos-agresores-de-mujeres-entre-enero-y-febrero\/\",\"url\":\"https:\/\/www.sonoraenequipo.com.mx\/detenidos-142-presuntos-agresores-de-mujeres-entre-enero-y-febrero\/\",\"name\":\"Sonora en Equipo. Detenidos 142 presuntos agresores de mujeres entre enero y febrero Rep\u00fablica\",\"isPartOf\":{\"@id\":\"https:\/\/www.sonoraenequipo.com.mx\/#website\"},\"primaryImageOfPage\":{\"@id\":\"https:\/\/www.sonoraenequipo.com.mx\/detenidos-142-presuntos-agresores-de-mujeres-entre-enero-y-febrero\/#primaryimage\"},\"image\":{\"@id\":\"https:\/\/www.sonoraenequipo.com.mx\/detenidos-142-presuntos-agresores-de-mujeres-entre-enero-y-febrero\/#primaryimage\"},\"thumbnailUrl\":\"https:\/\/www.sonoraenequipo.com.mx\/storage\/2021\/03\/detienen-apresuntos-agresores-de-mujeres_opt.jpg\",\"datePublished\":\"2021-03-04T23:22:13+00:00\",\"dateModified\":\"2021-03-05T00:43:15+00:00\",\"description\":\"CIUDAD DE M\u00c9XICO. MX. \u2014 La Fiscal\u00eda General de Justicia de Ciudad de M\u00e9xico (FGJ-CDMX) dio a conocer que logr\u00f3 que jueces de control vincularan a proceso En Sonora en Equipo publicamos toda la informaci\u00f3n de Sonora, M\u00e9xico y el Mundo de manera oportuna y busca que la libertad de expresi\u00f3n sea real. Visita nuestro medio informativo publicado desde Hermosillo, Sonora. %\",\"breadcrumb\":{\"@id\":\"https:\/\/www.sonoraenequipo.com.mx\/detenidos-142-presuntos-agresores-de-mujeres-entre-enero-y-febrero\/#breadcrumb\"},\"inLanguage\":\"es\",\"potentialAction\":[{\"@type\":\"ReadAction\",\"target\":[\"https:\/\/www.sonoraenequipo.com.mx\/detenidos-142-presuntos-agresores-de-mujeres-entre-enero-y-febrero\/\"]}]},{\"@type\":\"ImageObject\",\"inLanguage\":\"es\",\"@id\":\"https:\/\/www.sonoraenequipo.com.mx\/detenidos-142-presuntos-agresores-de-mujeres-entre-enero-y-febrero\/#primaryimage\",\"url\":\"https:\/\/www.sonoraenequipo.com.mx\/storage\/2021\/03\/detienen-apresuntos-agresores-de-mujeres_opt.jpg\",\"contentUrl\":\"https:\/\/www.sonoraenequipo.com.mx\/storage\/2021\/03\/detienen-apresuntos-agresores-de-mujeres_opt.jpg\",\"width\":692,\"height\":400},{\"@type\":\"BreadcrumbList\",\"@id\":\"https:\/\/www.sonoraenequipo.com.mx\/detenidos-142-presuntos-agresores-de-mujeres-entre-enero-y-febrero\/#breadcrumb\",\"itemListElement\":[{\"@type\":\"ListItem\",\"position\":1,\"name\":\"Portada\",\"item\":\"https:\/\/www.sonoraenequipo.com.mx\/\"},{\"@type\":\"ListItem\",\"position\":2,\"name\":\"Detenidos 142 presuntos agresores de mujeres entre enero y febrero\"}]},{\"@type\":\"WebSite\",\"@id\":\"https:\/\/www.sonoraenequipo.com.mx\/#website\",\"url\":\"https:\/\/www.sonoraenequipo.com.mx\/\",\"name\":\"Sonora en Equipo.\",\"description\":\"Diario en l\u00ednea con Noticias desde Hermosillo, Sonora\",\"publisher\":{\"@id\":\"https:\/\/www.sonoraenequipo.com.mx\/#organization\"},\"potentialAction\":[{\"@type\":\"SearchAction\",\"target\":{\"@type\":\"EntryPoint\",\"urlTemplate\":\"https:\/\/www.sonoraenequipo.com.mx\/?s={search_term_string}\"},\"query-input\":{\"@type\":\"PropertyValueSpecification\",\"valueRequired\":true,\"valueName\":\"search_term_string\"}}],\"inLanguage\":\"es\"},{\"@type\":\"Organization\",\"@id\":\"https:\/\/www.sonoraenequipo.com.mx\/#organization\",\"name\":\"Sonoraenequipo.com.mx\",\"url\":\"https:\/\/www.sonoraenequipo.com.mx\/\",\"logo\":{\"@type\":\"ImageObject\",\"inLanguage\":\"es\",\"@id\":\"https:\/\/www.sonoraenequipo.com.mx\/#\/schema\/logo\/image\/\",\"url\":\"https:\/\/www.sonoraenequipo.com.mx\/storage\/2019\/01\/sonoraenequipo_opt.png\",\"contentUrl\":\"https:\/\/www.sonoraenequipo.com.mx\/storage\/2019\/01\/sonoraenequipo_opt.png\",\"width\":375,\"height\":125,\"caption\":\"Sonoraenequipo.com.mx\"},\"image\":{\"@id\":\"https:\/\/www.sonoraenequipo.com.mx\/#\/schema\/logo\/image\/\"},\"sameAs\":[\"https:\/\/www.facebook.com\/SonoraEE\/\",\"https:\/\/x.com\/sonoraenequipo\",\"https:\/\/www.youtube.com\/channel\/UC338nW-lPEYmJQs4ZABQ1SQ\"]},{\"@type\":\"Person\",\"@id\":\"https:\/\/www.sonoraenequipo.com.mx\/#\/schema\/person\/50102df0fb23a8fa9e8effad8fa81386\",\"name\":\"enequipo\",\"image\":{\"@type\":\"ImageObject\",\"inLanguage\":\"es\",\"@id\":\"https:\/\/www.sonoraenequipo.com.mx\/#\/schema\/person\/image\/\",\"url\":\"https:\/\/secure.gravatar.com\/avatar\/049821681b589dabc0bc20695993ccebb09f5b5d4d790cd9251b97faac7c652b?s=96&d=blank&r=g\",\"contentUrl\":\"https:\/\/secure.gravatar.com\/avatar\/049821681b589dabc0bc20695993ccebb09f5b5d4d790cd9251b97faac7c652b?s=96&d=blank&r=g\",\"caption\":\"enequipo\"},\"sameAs\":[\"https:\/\/www.facebook.com\/SonoraEE\"]}]}<\/script>\n ","yoast_head_json":{"title":"Sonora en Equipo. Detenidos 142 presuntos agresores de mujeres entre enero y febrero Rep\u00fablica","description":"CIUDAD DE M\u00c9XICO. MX. \u2014 La Fiscal\u00eda General de Justicia de Ciudad de M\u00e9xico (FGJ-CDMX) dio a conocer que logr\u00f3 que jueces de control vincularan a proceso En Sonora en Equipo publicamos toda la informaci\u00f3n de Sonora, M\u00e9xico y el Mundo de manera oportuna y busca que la libertad de expresi\u00f3n sea real. Visita nuestro medio informativo publicado desde Hermosillo, Sonora. %","robots":{"index":"index","follow":"follow","max-snippet":"max-snippet:-1","max-image-preview":"max-image-preview:large","max-video-preview":"max-video-preview:-1"},"canonical":"https:\/\/www.sonoraenequipo.com.mx\/detenidos-142-presuntos-agresores-de-mujeres-entre-enero-y-febrero\/","og_locale":"es_ES","og_type":"article","og_title":"Sonora en Equipo. Detenidos 142 presuntos agresores de mujeres entre enero y febrero Rep\u00fablica","og_description":"CIUDAD DE M\u00c9XICO. MX. \u2014 La Fiscal\u00eda General de Justicia de Ciudad de M\u00e9xico (FGJ-CDMX) dio a conocer que logr\u00f3 que jueces de control vincularan a proceso En Sonora en Equipo publicamos toda la informaci\u00f3n de Sonora, M\u00e9xico y el Mundo de manera oportuna y busca que la libertad de expresi\u00f3n sea real. Visita nuestro medio informativo publicado desde Hermosillo, Sonora. %","og_url":"https:\/\/www.sonoraenequipo.com.mx\/detenidos-142-presuntos-agresores-de-mujeres-entre-enero-y-febrero\/","og_site_name":"Sonora en Equipo.","article_publisher":"https:\/\/www.facebook.com\/SonoraEE\/","article_author":"https:\/\/www.facebook.com\/SonoraEE","article_published_time":"2021-03-04T23:22:13+00:00","article_modified_time":"2021-03-05T00:43:15+00:00","og_image":[{"width":692,"height":400,"url":"https:\/\/www.sonoraenequipo.com.mx\/storage\/2021\/03\/detienen-apresuntos-agresores-de-mujeres_opt.jpg","type":"image\/jpeg"}],"author":"enequipo","twitter_card":"summary_large_image","twitter_creator":"@sonoraenequipo","twitter_site":"@sonoraenequipo","twitter_misc":{"Escrito por":"enequipo","Tiempo de lectura":"2 minutos"},"schema":{"@context":"https:\/\/schema.org","@graph":[{"@type":"Article","@id":"https:\/\/www.sonoraenequipo.com.mx\/detenidos-142-presuntos-agresores-de-mujeres-entre-enero-y-febrero\/#article","isPartOf":{"@id":"https:\/\/www.sonoraenequipo.com.mx\/detenidos-142-presuntos-agresores-de-mujeres-entre-enero-y-febrero\/"},"author":{"name":"enequipo","@id":"https:\/\/www.sonoraenequipo.com.mx\/#\/schema\/person\/50102df0fb23a8fa9e8effad8fa81386"},"headline":"Detenidos 142 presuntos agresores de mujeres entre enero y febrero","datePublished":"2021-03-04T23:22:13+00:00","dateModified":"2021-03-05T00:43:15+00:00","mainEntityOfPage":{"@id":"https:\/\/www.sonoraenequipo.com.mx\/detenidos-142-presuntos-agresores-de-mujeres-entre-enero-y-febrero\/"},"wordCount":251,"commentCount":0,"publisher":{"@id":"https:\/\/www.sonoraenequipo.com.mx\/#organization"},"image":{"@id":"https:\/\/www.sonoraenequipo.com.mx\/detenidos-142-presuntos-agresores-de-mujeres-entre-enero-y-febrero\/#primaryimage"},"thumbnailUrl":"https:\/\/www.sonoraenequipo.com.mx\/storage\/2021\/03\/detienen-apresuntos-agresores-de-mujeres_opt.jpg","articleSection":["Rep\u00fablica"],"inLanguage":"es","potentialAction":[{"@type":"CommentAction","name":"Comment","target":["https:\/\/www.sonoraenequipo.com.mx\/detenidos-142-presuntos-agresores-de-mujeres-entre-enero-y-febrero\/#respond"]}]},{"@type":"WebPage","@id":"https:\/\/www.sonoraenequipo.com.mx\/detenidos-142-presuntos-agresores-de-mujeres-entre-enero-y-febrero\/","url":"https:\/\/www.sonoraenequipo.com.mx\/detenidos-142-presuntos-agresores-de-mujeres-entre-enero-y-febrero\/","name":"Sonora en Equipo. Detenidos 142 presuntos agresores de mujeres entre enero y febrero Rep\u00fablica","isPartOf":{"@id":"https:\/\/www.sonoraenequipo.com.mx\/#website"},"primaryImageOfPage":{"@id":"https:\/\/www.sonoraenequipo.com.mx\/detenidos-142-presuntos-agresores-de-mujeres-entre-enero-y-febrero\/#primaryimage"},"image":{"@id":"https:\/\/www.sonoraenequipo.com.mx\/detenidos-142-presuntos-agresores-de-mujeres-entre-enero-y-febrero\/#primaryimage"},"thumbnailUrl":"https:\/\/www.sonoraenequipo.com.mx\/storage\/2021\/03\/detienen-apresuntos-agresores-de-mujeres_opt.jpg","datePublished":"2021-03-04T23:22:13+00:00","dateModified":"2021-03-05T00:43:15+00:00","description":"CIUDAD DE M\u00c9XICO. MX. \u2014 La Fiscal\u00eda General de Justicia de Ciudad de M\u00e9xico (FGJ-CDMX) dio a conocer que logr\u00f3 que jueces de control vincularan a proceso En Sonora en Equipo publicamos toda la informaci\u00f3n de Sonora, M\u00e9xico y el Mundo de manera oportuna y busca que la libertad de expresi\u00f3n sea real. Visita nuestro medio informativo publicado desde Hermosillo, Sonora. %","breadcrumb":{"@id":"https:\/\/www.sonoraenequipo.com.mx\/detenidos-142-presuntos-agresores-de-mujeres-entre-enero-y-febrero\/#breadcrumb"},"inLanguage":"es","potentialAction":[{"@type":"ReadAction","target":["https:\/\/www.sonoraenequipo.com.mx\/detenidos-142-presuntos-agresores-de-mujeres-entre-enero-y-febrero\/"]}]},{"@type":"ImageObject","inLanguage":"es","@id":"https:\/\/www.sonoraenequipo.com.mx\/detenidos-142-presuntos-agresores-de-mujeres-entre-enero-y-febrero\/#primaryimage","url":"https:\/\/www.sonoraenequipo.com.mx\/storage\/2021\/03\/detienen-apresuntos-agresores-de-mujeres_opt.jpg","contentUrl":"https:\/\/www.sonoraenequipo.com.mx\/storage\/2021\/03\/detienen-apresuntos-agresores-de-mujeres_opt.jpg","width":692,"height":400},{"@type":"BreadcrumbList","@id":"https:\/\/www.sonoraenequipo.com.mx\/detenidos-142-presuntos-agresores-de-mujeres-entre-enero-y-febrero\/#breadcrumb","itemListElement":[{"@type":"ListItem","position":1,"name":"Portada","item":"https:\/\/www.sonoraenequipo.com.mx\/"},{"@type":"ListItem","position":2,"name":"Detenidos 142 presuntos agresores de mujeres entre enero y febrero"}]},{"@type":"WebSite","@id":"https:\/\/www.sonoraenequipo.com.mx\/#website","url":"https:\/\/www.sonoraenequipo.com.mx\/","name":"Sonora en Equipo.","description":"Diario en l\u00ednea con Noticias desde Hermosillo, Sonora","publisher":{"@id":"https:\/\/www.sonoraenequipo.com.mx\/#organization"},"potentialAction":[{"@type":"SearchAction","target":{"@type":"EntryPoint","urlTemplate":"https:\/\/www.sonoraenequipo.com.mx\/?s={search_term_string}"},"query-input":{"@type":"PropertyValueSpecification","valueRequired":true,"valueName":"search_term_string"}}],"inLanguage":"es"},{"@type":"Organization","@id":"https:\/\/www.sonoraenequipo.com.mx\/#organization","name":"Sonoraenequipo.com.mx","url":"https:\/\/www.sonoraenequipo.com.mx\/","logo":{"@type":"ImageObject","inLanguage":"es","@id":"https:\/\/www.sonoraenequipo.com.mx\/#\/schema\/logo\/image\/","url":"https:\/\/www.sonoraenequipo.com.mx\/storage\/2019\/01\/sonoraenequipo_opt.png","contentUrl":"https:\/\/www.sonoraenequipo.com.mx\/storage\/2019\/01\/sonoraenequipo_opt.png","width":375,"height":125,"caption":"Sonoraenequipo.com.mx"},"image":{"@id":"https:\/\/www.sonoraenequipo.com.mx\/#\/schema\/logo\/image\/"},"sameAs":["https:\/\/www.facebook.com\/SonoraEE\/","https:\/\/x.com\/sonoraenequipo","https:\/\/www.youtube.com\/channel\/UC338nW-lPEYmJQs4ZABQ1SQ"]},{"@type":"Person","@id":"https:\/\/www.sonoraenequipo.com.mx\/#\/schema\/person\/50102df0fb23a8fa9e8effad8fa81386","name":"enequipo","image":{"@type":"ImageObject","inLanguage":"es","@id":"https:\/\/www.sonoraenequipo.com.mx\/#\/schema\/person\/image\/","url":"https:\/\/secure.gravatar.com\/avatar\/049821681b589dabc0bc20695993ccebb09f5b5d4d790cd9251b97faac7c652b?s=96&d=blank&r=g","contentUrl":"https:\/\/secure.gravatar.com\/avatar\/049821681b589dabc0bc20695993ccebb09f5b5d4d790cd9251b97faac7c652b?s=96&d=blank&r=g","caption":"enequipo"},"sameAs":["https:\/\/www.facebook.com\/SonoraEE"]}]}},"jetpack_featured_media_url":"https:\/\/www.sonoraenequipo.com.mx\/storage\/2021\/03\/detienen-apresuntos-agresores-de-mujeres_opt.jpg","_links":{"self":[{"href":"https:\/\/www.sonoraenequipo.com.mx\/api\/wp\/v2\/posts\/108314","targetHints":{"allow":["GET"]}}],"collection":[{"href":"https:\/\/www.sonoraenequipo.com.mx\/api\/wp\/v2\/posts"}],"about":[{"href":"https:\/\/www.sonoraenequipo.com.mx\/api\/wp\/v2\/types\/post"}],"author":[{"embeddable":true,"href":"https:\/\/www.sonoraenequipo.com.mx\/api\/wp\/v2\/users\/1"}],"replies":[{"embeddable":true,"href":"https:\/\/www.sonoraenequipo.com.mx\/api\/wp\/v2\/comments?post=108314"}],"version-history":[{"count":1,"href":"https:\/\/www.sonoraenequipo.com.mx\/api\/wp\/v2\/posts\/108314\/revisions"}],"predecessor-version":[{"id":108316,"href":"https:\/\/www.sonoraenequipo.com.mx\/api\/wp\/v2\/posts\/108314\/revisions\/108316"}],"wp:featuredmedia":[{"embeddable":true,"href":"https:\/\/www.sonoraenequipo.com.mx\/api\/wp\/v2\/media\/108315"}],"wp:attachment":[{"href":"https:\/\/www.sonoraenequipo.com.mx\/api\/wp\/v2\/media?parent=108314"}],"wp:term":[{"taxonomy":"category","embeddable":true,"href":"https:\/\/www.sonoraenequipo.com.mx\/api\/wp\/v2\/categories?post=108314"},{"taxonomy":"post_tag","embeddable":true,"href":"https:\/\/www.sonoraenequipo.com.mx\/api\/wp\/v2\/tags?post=108314"}],"curies":[{"name":"wp","href":"https:\/\/api.w.org\/{rel}","templated":true}]}}