{"id":108325,"date":"2021-03-04T20:25:34","date_gmt":"2021-03-05T03:25:34","guid":{"rendered":"https:\/\/www.sonoraenequipo.com.mx\/?p=108325"},"modified":"2021-03-04T18:41:04","modified_gmt":"2021-03-05T01:41:04","slug":"trabajamos-en-equipo-con-gobierno-de-amlo-en-beneficio-de-los-hermosillenses-celida-lopez","status":"publish","type":"post","link":"https:\/\/www.sonoraenequipo.com.mx\/trabajamos-en-equipo-con-gobierno-de-amlo-en-beneficio-de-los-hermosillenses-celida-lopez\/","title":{"rendered":"Trabajamos en equipo con gobierno de AMLO en beneficio de los hermosillenses: Celida L\u00f3pez"},"content":{"rendered":"<p>HERMOSILLO, SONORA. MX. \u2014 La Alcaldesa Celida L\u00f3pez C\u00e1rdenas reiter\u00f3 su agradecimiento en nombre de las familias de Hermosillo al Gobierno Federal encabezado por el Presidente Andr\u00e9s Manuel L\u00f3pez Obrador, que destin\u00f3 175.5 millones de pesos para el rescate de las vialidades del municipio.<\/p>\n<p>&nbsp;<\/p>\n<p> <\/p>\n<p>&nbsp;<\/p>\n<p><em>\u201cHoy estuvimos en algunas de las calles rehabilitadas. Seguimos trabajando en equipo por nuestras vialidades\u201d<\/em>, comparti\u00f3 la Presidenta Municipal durante un recorrido por algunas de las obras de rehabilitaci\u00f3n y pavimentos nuevos en diversos sectores de la ciudad beneficiados por el Programa de Mejoramiento Urbano de SEDATU.<\/p>\n<p>&nbsp;<\/p>\n<p>&nbsp;<\/p>\n<p>Acompa\u00f1aron a L\u00f3pez C\u00e1rdenas en la supervisi\u00f3n la Directora General de Coordinaci\u00f3n de Oficinas de Representaci\u00f3n Ana Gabriela Gonz\u00e1lez Gonz\u00e1lez, la Encargada de Oficina de Representaci\u00f3n de SEDATU en Sonora Paulina Astrid Hern\u00e1ndez Salinas, y el Delegado Regional de Bienestar en Hermosillo Florentino Valencia Samaniego.<\/p>\n<p>&nbsp;<\/p>\n<p>Por parte del Municipio de Hermosillo, estuvieron presentes Jos\u00e9 Carrillo Atondo, titular de la Coordinaci\u00f3n de Infraestructura, Desarrollo Urbano y Ecolog\u00eda (CIDUE), y Guadalupe Pe\u00f1u\u00f1uri Soto, Directora del Instituto Municipal de Planeaci\u00f3n Urbana y del Espacio P\u00fablico (IMPLAN).<\/p>\n<p>&nbsp;<\/p>\n<p>&nbsp;<\/p>\n<p>(Publicada el 04\/03\/2021)<\/p>\n","protected":false},"excerpt":{"rendered":"<p>HERMOSILLO, SONORA. MX. \u2014 La Alcaldesa Celida L\u00f3pez C\u00e1rdenas reiter\u00f3 su agradecimiento en nombre de&#8230;<\/p>\n","protected":false},"author":1,"featured_media":108326,"comment_status":"open","ping_status":"open","sticky":false,"template":"","format":"standard","meta":{"_monsterinsights_skip_tracking":false,"_monsterinsights_sitenote_active":false,"_monsterinsights_sitenote_note":"","_monsterinsights_sitenote_category":0,"footnotes":""},"categories":[22],"tags":[],"class_list":["post"],"yoast_head":" \n<title>Sonora en Equipo. Trabajamos en equipo con gobierno de AMLO en beneficio de los hermosillenses: Celida L\u00f3pez Sonora<\/title>\n<meta name=\"description\" content=\"HERMOSILLO, SONORA. MX. \u2014 La Alcaldesa Celida L\u00f3pez C\u00e1rdenas reiter\u00f3 su agradecimiento en nombre de las familias de Hermosillo al Gobierno Federal En Sonora en Equipo publicamos toda la informaci\u00f3n de Sonora, M\u00e9xico y el Mundo de manera oportuna y busca que la libertad de expresi\u00f3n sea real. Visita nuestro medio informativo publicado desde Hermosillo, Sonora. %\" \/>\n<meta name=\"robots\" content=\"index, follow, max-snippet:-1, max-image-preview:large, max-video-preview:-1\" \/>\n<link rel=\"canonical\" href=\"https:\/\/www.sonoraenequipo.com.mx\/trabajamos-en-equipo-con-gobierno-de-amlo-en-beneficio-de-los-hermosillenses-celida-lopez\/\" \/>\n<meta property=\"og:locale\" content=\"es_ES\" \/>\n<meta property=\"og:type\" content=\"article\" \/>\n<meta property=\"og:title\" content=\"Sonora en Equipo. Trabajamos en equipo con gobierno de AMLO en beneficio de los hermosillenses: Celida L\u00f3pez Sonora\" \/>\n<meta property=\"og:description\" content=\"HERMOSILLO, SONORA. MX. \u2014 La Alcaldesa Celida L\u00f3pez C\u00e1rdenas reiter\u00f3 su agradecimiento en nombre de las familias de Hermosillo al Gobierno Federal En Sonora en Equipo publicamos toda la informaci\u00f3n de Sonora, M\u00e9xico y el Mundo de manera oportuna y busca que la libertad de expresi\u00f3n sea real. Visita nuestro medio informativo publicado desde Hermosillo, Sonora. %\" \/>\n<meta property=\"og:url\" content=\"https:\/\/www.sonoraenequipo.com.mx\/trabajamos-en-equipo-con-gobierno-de-amlo-en-beneficio-de-los-hermosillenses-celida-lopez\/\" \/>\n<meta property=\"og:site_name\" content=\"Sonora en Equipo.\" \/>\n<meta property=\"article:publisher\" content=\"https:\/\/www.facebook.com\/SonoraEE\/\" \/>\n<meta property=\"article:author\" content=\"https:\/\/www.facebook.com\/SonoraEE\" \/>\n<meta property=\"article:published_time\" content=\"2021-03-05T03:25:34+00:00\" \/>\n<meta property=\"og:image\" content=\"https:\/\/www.sonoraenequipo.com.mx\/storage\/2021\/03\/trabajo-ee-3_opt.jpg\" \/>\n\t<meta property=\"og:image:width\" content=\"600\" \/>\n\t<meta property=\"og:image:height\" content=\"400\" \/>\n\t<meta property=\"og:image:type\" content=\"image\/jpeg\" \/>\n<meta name=\"author\" content=\"enequipo\" \/>\n<meta name=\"twitter:card\" content=\"summary_large_image\" \/>\n<meta name=\"twitter:creator\" content=\"@sonoraenequipo\" \/>\n<meta name=\"twitter:site\" content=\"@sonoraenequipo\" \/>\n<meta name=\"twitter:label1\" content=\"Escrito por\" \/>\n\t<meta name=\"twitter:data1\" content=\"enequipo\" \/>\n\t<meta name=\"twitter:label2\" content=\"Tiempo de lectura\" \/>\n\t<meta name=\"twitter:data2\" content=\"1 minuto\" \/>\n<script type=\"application\/ld+json\" class=\"yoast-schema-graph\">{\"@context\":\"https:\/\/schema.org\",\"@graph\":[{\"@type\":\"Article\",\"@id\":\"https:\/\/www.sonoraenequipo.com.mx\/trabajamos-en-equipo-con-gobierno-de-amlo-en-beneficio-de-los-hermosillenses-celida-lopez\/#article\",\"isPartOf\":{\"@id\":\"https:\/\/www.sonoraenequipo.com.mx\/trabajamos-en-equipo-con-gobierno-de-amlo-en-beneficio-de-los-hermosillenses-celida-lopez\/\"},\"author\":{\"name\":\"enequipo\",\"@id\":\"https:\/\/www.sonoraenequipo.com.mx\/#\/schema\/person\/50102df0fb23a8fa9e8effad8fa81386\"},\"headline\":\"Trabajamos en equipo con gobierno de AMLO en beneficio de los hermosillenses: Celida L\u00f3pez\",\"datePublished\":\"2021-03-05T03:25:34+00:00\",\"mainEntityOfPage\":{\"@id\":\"https:\/\/www.sonoraenequipo.com.mx\/trabajamos-en-equipo-con-gobierno-de-amlo-en-beneficio-de-los-hermosillenses-celida-lopez\/\"},\"wordCount\":217,\"commentCount\":0,\"publisher\":{\"@id\":\"https:\/\/www.sonoraenequipo.com.mx\/#organization\"},\"image\":{\"@id\":\"https:\/\/www.sonoraenequipo.com.mx\/trabajamos-en-equipo-con-gobierno-de-amlo-en-beneficio-de-los-hermosillenses-celida-lopez\/#primaryimage\"},\"thumbnailUrl\":\"https:\/\/www.sonoraenequipo.com.mx\/storage\/2021\/03\/trabajo-ee-3_opt.jpg\",\"articleSection\":[\"Sonora\"],\"inLanguage\":\"es\",\"potentialAction\":[{\"@type\":\"CommentAction\",\"name\":\"Comment\",\"target\":[\"https:\/\/www.sonoraenequipo.com.mx\/trabajamos-en-equipo-con-gobierno-de-amlo-en-beneficio-de-los-hermosillenses-celida-lopez\/#respond\"]}]},{\"@type\":\"WebPage\",\"@id\":\"https:\/\/www.sonoraenequipo.com.mx\/trabajamos-en-equipo-con-gobierno-de-amlo-en-beneficio-de-los-hermosillenses-celida-lopez\/\",\"url\":\"https:\/\/www.sonoraenequipo.com.mx\/trabajamos-en-equipo-con-gobierno-de-amlo-en-beneficio-de-los-hermosillenses-celida-lopez\/\",\"name\":\"Sonora en Equipo. Trabajamos en equipo con gobierno de AMLO en beneficio de los hermosillenses: Celida L\u00f3pez Sonora\",\"isPartOf\":{\"@id\":\"https:\/\/www.sonoraenequipo.com.mx\/#website\"},\"primaryImageOfPage\":{\"@id\":\"https:\/\/www.sonoraenequipo.com.mx\/trabajamos-en-equipo-con-gobierno-de-amlo-en-beneficio-de-los-hermosillenses-celida-lopez\/#primaryimage\"},\"image\":{\"@id\":\"https:\/\/www.sonoraenequipo.com.mx\/trabajamos-en-equipo-con-gobierno-de-amlo-en-beneficio-de-los-hermosillenses-celida-lopez\/#primaryimage\"},\"thumbnailUrl\":\"https:\/\/www.sonoraenequipo.com.mx\/storage\/2021\/03\/trabajo-ee-3_opt.jpg\",\"datePublished\":\"2021-03-05T03:25:34+00:00\",\"description\":\"HERMOSILLO, SONORA. MX. \u2014 La Alcaldesa Celida L\u00f3pez C\u00e1rdenas reiter\u00f3 su agradecimiento en nombre de las familias de Hermosillo al Gobierno Federal En Sonora en Equipo publicamos toda la informaci\u00f3n de Sonora, M\u00e9xico y el Mundo de manera oportuna y busca que la libertad de expresi\u00f3n sea real. Visita nuestro medio informativo publicado desde Hermosillo, Sonora. %\",\"breadcrumb\":{\"@id\":\"https:\/\/www.sonoraenequipo.com.mx\/trabajamos-en-equipo-con-gobierno-de-amlo-en-beneficio-de-los-hermosillenses-celida-lopez\/#breadcrumb\"},\"inLanguage\":\"es\",\"potentialAction\":[{\"@type\":\"ReadAction\",\"target\":[\"https:\/\/www.sonoraenequipo.com.mx\/trabajamos-en-equipo-con-gobierno-de-amlo-en-beneficio-de-los-hermosillenses-celida-lopez\/\"]}]},{\"@type\":\"ImageObject\",\"inLanguage\":\"es\",\"@id\":\"https:\/\/www.sonoraenequipo.com.mx\/trabajamos-en-equipo-con-gobierno-de-amlo-en-beneficio-de-los-hermosillenses-celida-lopez\/#primaryimage\",\"url\":\"https:\/\/www.sonoraenequipo.com.mx\/storage\/2021\/03\/trabajo-ee-3_opt.jpg\",\"contentUrl\":\"https:\/\/www.sonoraenequipo.com.mx\/storage\/2021\/03\/trabajo-ee-3_opt.jpg\",\"width\":600,\"height\":400},{\"@type\":\"BreadcrumbList\",\"@id\":\"https:\/\/www.sonoraenequipo.com.mx\/trabajamos-en-equipo-con-gobierno-de-amlo-en-beneficio-de-los-hermosillenses-celida-lopez\/#breadcrumb\",\"itemListElement\":[{\"@type\":\"ListItem\",\"position\":1,\"name\":\"Portada\",\"item\":\"https:\/\/www.sonoraenequipo.com.mx\/\"},{\"@type\":\"ListItem\",\"position\":2,\"name\":\"Trabajamos en equipo con gobierno de AMLO en beneficio de los hermosillenses: Celida L\u00f3pez\"}]},{\"@type\":\"WebSite\",\"@id\":\"https:\/\/www.sonoraenequipo.com.mx\/#website\",\"url\":\"https:\/\/www.sonoraenequipo.com.mx\/\",\"name\":\"Sonora en Equipo.\",\"description\":\"Diario en l\u00ednea con Noticias desde Hermosillo, Sonora\",\"publisher\":{\"@id\":\"https:\/\/www.sonoraenequipo.com.mx\/#organization\"},\"potentialAction\":[{\"@type\":\"SearchAction\",\"target\":{\"@type\":\"EntryPoint\",\"urlTemplate\":\"https:\/\/www.sonoraenequipo.com.mx\/?s={search_term_string}\"},\"query-input\":{\"@type\":\"PropertyValueSpecification\",\"valueRequired\":true,\"valueName\":\"search_term_string\"}}],\"inLanguage\":\"es\"},{\"@type\":\"Organization\",\"@id\":\"https:\/\/www.sonoraenequipo.com.mx\/#organization\",\"name\":\"Sonoraenequipo.com.mx\",\"url\":\"https:\/\/www.sonoraenequipo.com.mx\/\",\"logo\":{\"@type\":\"ImageObject\",\"inLanguage\":\"es\",\"@id\":\"https:\/\/www.sonoraenequipo.com.mx\/#\/schema\/logo\/image\/\",\"url\":\"https:\/\/www.sonoraenequipo.com.mx\/storage\/2019\/01\/sonoraenequipo_opt.png\",\"contentUrl\":\"https:\/\/www.sonoraenequipo.com.mx\/storage\/2019\/01\/sonoraenequipo_opt.png\",\"width\":375,\"height\":125,\"caption\":\"Sonoraenequipo.com.mx\"},\"image\":{\"@id\":\"https:\/\/www.sonoraenequipo.com.mx\/#\/schema\/logo\/image\/\"},\"sameAs\":[\"https:\/\/www.facebook.com\/SonoraEE\/\",\"https:\/\/x.com\/sonoraenequipo\",\"https:\/\/www.youtube.com\/channel\/UC338nW-lPEYmJQs4ZABQ1SQ\"]},{\"@type\":\"Person\",\"@id\":\"https:\/\/www.sonoraenequipo.com.mx\/#\/schema\/person\/50102df0fb23a8fa9e8effad8fa81386\",\"name\":\"enequipo\",\"image\":{\"@type\":\"ImageObject\",\"inLanguage\":\"es\",\"@id\":\"https:\/\/www.sonoraenequipo.com.mx\/#\/schema\/person\/image\/\",\"url\":\"https:\/\/secure.gravatar.com\/avatar\/049821681b589dabc0bc20695993ccebb09f5b5d4d790cd9251b97faac7c652b?s=96&d=blank&r=g\",\"contentUrl\":\"https:\/\/secure.gravatar.com\/avatar\/049821681b589dabc0bc20695993ccebb09f5b5d4d790cd9251b97faac7c652b?s=96&d=blank&r=g\",\"caption\":\"enequipo\"},\"sameAs\":[\"https:\/\/www.facebook.com\/SonoraEE\"]}]}<\/script>\n ","yoast_head_json":{"title":"Sonora en Equipo. Trabajamos en equipo con gobierno de AMLO en beneficio de los hermosillenses: Celida L\u00f3pez Sonora","description":"HERMOSILLO, SONORA. MX. \u2014 La Alcaldesa Celida L\u00f3pez C\u00e1rdenas reiter\u00f3 su agradecimiento en nombre de las familias de Hermosillo al Gobierno Federal En Sonora en Equipo publicamos toda la informaci\u00f3n de Sonora, M\u00e9xico y el Mundo de manera oportuna y busca que la libertad de expresi\u00f3n sea real. Visita nuestro medio informativo publicado desde Hermosillo, Sonora. %","robots":{"index":"index","follow":"follow","max-snippet":"max-snippet:-1","max-image-preview":"max-image-preview:large","max-video-preview":"max-video-preview:-1"},"canonical":"https:\/\/www.sonoraenequipo.com.mx\/trabajamos-en-equipo-con-gobierno-de-amlo-en-beneficio-de-los-hermosillenses-celida-lopez\/","og_locale":"es_ES","og_type":"article","og_title":"Sonora en Equipo. Trabajamos en equipo con gobierno de AMLO en beneficio de los hermosillenses: Celida L\u00f3pez Sonora","og_description":"HERMOSILLO, SONORA. MX. \u2014 La Alcaldesa Celida L\u00f3pez C\u00e1rdenas reiter\u00f3 su agradecimiento en nombre de las familias de Hermosillo al Gobierno Federal En Sonora en Equipo publicamos toda la informaci\u00f3n de Sonora, M\u00e9xico y el Mundo de manera oportuna y busca que la libertad de expresi\u00f3n sea real. Visita nuestro medio informativo publicado desde Hermosillo, Sonora. %","og_url":"https:\/\/www.sonoraenequipo.com.mx\/trabajamos-en-equipo-con-gobierno-de-amlo-en-beneficio-de-los-hermosillenses-celida-lopez\/","og_site_name":"Sonora en Equipo.","article_publisher":"https:\/\/www.facebook.com\/SonoraEE\/","article_author":"https:\/\/www.facebook.com\/SonoraEE","article_published_time":"2021-03-05T03:25:34+00:00","og_image":[{"width":600,"height":400,"url":"https:\/\/www.sonoraenequipo.com.mx\/storage\/2021\/03\/trabajo-ee-3_opt.jpg","type":"image\/jpeg"}],"author":"enequipo","twitter_card":"summary_large_image","twitter_creator":"@sonoraenequipo","twitter_site":"@sonoraenequipo","twitter_misc":{"Escrito por":"enequipo","Tiempo de lectura":"1 minuto"},"schema":{"@context":"https:\/\/schema.org","@graph":[{"@type":"Article","@id":"https:\/\/www.sonoraenequipo.com.mx\/trabajamos-en-equipo-con-gobierno-de-amlo-en-beneficio-de-los-hermosillenses-celida-lopez\/#article","isPartOf":{"@id":"https:\/\/www.sonoraenequipo.com.mx\/trabajamos-en-equipo-con-gobierno-de-amlo-en-beneficio-de-los-hermosillenses-celida-lopez\/"},"author":{"name":"enequipo","@id":"https:\/\/www.sonoraenequipo.com.mx\/#\/schema\/person\/50102df0fb23a8fa9e8effad8fa81386"},"headline":"Trabajamos en equipo con gobierno de AMLO en beneficio de los hermosillenses: Celida L\u00f3pez","datePublished":"2021-03-05T03:25:34+00:00","mainEntityOfPage":{"@id":"https:\/\/www.sonoraenequipo.com.mx\/trabajamos-en-equipo-con-gobierno-de-amlo-en-beneficio-de-los-hermosillenses-celida-lopez\/"},"wordCount":217,"commentCount":0,"publisher":{"@id":"https:\/\/www.sonoraenequipo.com.mx\/#organization"},"image":{"@id":"https:\/\/www.sonoraenequipo.com.mx\/trabajamos-en-equipo-con-gobierno-de-amlo-en-beneficio-de-los-hermosillenses-celida-lopez\/#primaryimage"},"thumbnailUrl":"https:\/\/www.sonoraenequipo.com.mx\/storage\/2021\/03\/trabajo-ee-3_opt.jpg","articleSection":["Sonora"],"inLanguage":"es","potentialAction":[{"@type":"CommentAction","name":"Comment","target":["https:\/\/www.sonoraenequipo.com.mx\/trabajamos-en-equipo-con-gobierno-de-amlo-en-beneficio-de-los-hermosillenses-celida-lopez\/#respond"]}]},{"@type":"WebPage","@id":"https:\/\/www.sonoraenequipo.com.mx\/trabajamos-en-equipo-con-gobierno-de-amlo-en-beneficio-de-los-hermosillenses-celida-lopez\/","url":"https:\/\/www.sonoraenequipo.com.mx\/trabajamos-en-equipo-con-gobierno-de-amlo-en-beneficio-de-los-hermosillenses-celida-lopez\/","name":"Sonora en Equipo. Trabajamos en equipo con gobierno de AMLO en beneficio de los hermosillenses: Celida L\u00f3pez Sonora","isPartOf":{"@id":"https:\/\/www.sonoraenequipo.com.mx\/#website"},"primaryImageOfPage":{"@id":"https:\/\/www.sonoraenequipo.com.mx\/trabajamos-en-equipo-con-gobierno-de-amlo-en-beneficio-de-los-hermosillenses-celida-lopez\/#primaryimage"},"image":{"@id":"https:\/\/www.sonoraenequipo.com.mx\/trabajamos-en-equipo-con-gobierno-de-amlo-en-beneficio-de-los-hermosillenses-celida-lopez\/#primaryimage"},"thumbnailUrl":"https:\/\/www.sonoraenequipo.com.mx\/storage\/2021\/03\/trabajo-ee-3_opt.jpg","datePublished":"2021-03-05T03:25:34+00:00","description":"HERMOSILLO, SONORA. MX. \u2014 La Alcaldesa Celida L\u00f3pez C\u00e1rdenas reiter\u00f3 su agradecimiento en nombre de las familias de Hermosillo al Gobierno Federal En Sonora en Equipo publicamos toda la informaci\u00f3n de Sonora, M\u00e9xico y el Mundo de manera oportuna y busca que la libertad de expresi\u00f3n sea real. Visita nuestro medio informativo publicado desde Hermosillo, Sonora. %","breadcrumb":{"@id":"https:\/\/www.sonoraenequipo.com.mx\/trabajamos-en-equipo-con-gobierno-de-amlo-en-beneficio-de-los-hermosillenses-celida-lopez\/#breadcrumb"},"inLanguage":"es","potentialAction":[{"@type":"ReadAction","target":["https:\/\/www.sonoraenequipo.com.mx\/trabajamos-en-equipo-con-gobierno-de-amlo-en-beneficio-de-los-hermosillenses-celida-lopez\/"]}]},{"@type":"ImageObject","inLanguage":"es","@id":"https:\/\/www.sonoraenequipo.com.mx\/trabajamos-en-equipo-con-gobierno-de-amlo-en-beneficio-de-los-hermosillenses-celida-lopez\/#primaryimage","url":"https:\/\/www.sonoraenequipo.com.mx\/storage\/2021\/03\/trabajo-ee-3_opt.jpg","contentUrl":"https:\/\/www.sonoraenequipo.com.mx\/storage\/2021\/03\/trabajo-ee-3_opt.jpg","width":600,"height":400},{"@type":"BreadcrumbList","@id":"https:\/\/www.sonoraenequipo.com.mx\/trabajamos-en-equipo-con-gobierno-de-amlo-en-beneficio-de-los-hermosillenses-celida-lopez\/#breadcrumb","itemListElement":[{"@type":"ListItem","position":1,"name":"Portada","item":"https:\/\/www.sonoraenequipo.com.mx\/"},{"@type":"ListItem","position":2,"name":"Trabajamos en equipo con gobierno de AMLO en beneficio de los hermosillenses: Celida L\u00f3pez"}]},{"@type":"WebSite","@id":"https:\/\/www.sonoraenequipo.com.mx\/#website","url":"https:\/\/www.sonoraenequipo.com.mx\/","name":"Sonora en Equipo.","description":"Diario en l\u00ednea con Noticias desde Hermosillo, Sonora","publisher":{"@id":"https:\/\/www.sonoraenequipo.com.mx\/#organization"},"potentialAction":[{"@type":"SearchAction","target":{"@type":"EntryPoint","urlTemplate":"https:\/\/www.sonoraenequipo.com.mx\/?s={search_term_string}"},"query-input":{"@type":"PropertyValueSpecification","valueRequired":true,"valueName":"search_term_string"}}],"inLanguage":"es"},{"@type":"Organization","@id":"https:\/\/www.sonoraenequipo.com.mx\/#organization","name":"Sonoraenequipo.com.mx","url":"https:\/\/www.sonoraenequipo.com.mx\/","logo":{"@type":"ImageObject","inLanguage":"es","@id":"https:\/\/www.sonoraenequipo.com.mx\/#\/schema\/logo\/image\/","url":"https:\/\/www.sonoraenequipo.com.mx\/storage\/2019\/01\/sonoraenequipo_opt.png","contentUrl":"https:\/\/www.sonoraenequipo.com.mx\/storage\/2019\/01\/sonoraenequipo_opt.png","width":375,"height":125,"caption":"Sonoraenequipo.com.mx"},"image":{"@id":"https:\/\/www.sonoraenequipo.com.mx\/#\/schema\/logo\/image\/"},"sameAs":["https:\/\/www.facebook.com\/SonoraEE\/","https:\/\/x.com\/sonoraenequipo","https:\/\/www.youtube.com\/channel\/UC338nW-lPEYmJQs4ZABQ1SQ"]},{"@type":"Person","@id":"https:\/\/www.sonoraenequipo.com.mx\/#\/schema\/person\/50102df0fb23a8fa9e8effad8fa81386","name":"enequipo","image":{"@type":"ImageObject","inLanguage":"es","@id":"https:\/\/www.sonoraenequipo.com.mx\/#\/schema\/person\/image\/","url":"https:\/\/secure.gravatar.com\/avatar\/049821681b589dabc0bc20695993ccebb09f5b5d4d790cd9251b97faac7c652b?s=96&d=blank&r=g","contentUrl":"https:\/\/secure.gravatar.com\/avatar\/049821681b589dabc0bc20695993ccebb09f5b5d4d790cd9251b97faac7c652b?s=96&d=blank&r=g","caption":"enequipo"},"sameAs":["https:\/\/www.facebook.com\/SonoraEE"]}]}},"jetpack_featured_media_url":"https:\/\/www.sonoraenequipo.com.mx\/storage\/2021\/03\/trabajo-ee-3_opt.jpg","_links":{"self":[{"href":"https:\/\/www.sonoraenequipo.com.mx\/api\/wp\/v2\/posts\/108325","targetHints":{"allow":["GET"]}}],"collection":[{"href":"https:\/\/www.sonoraenequipo.com.mx\/api\/wp\/v2\/posts"}],"about":[{"href":"https:\/\/www.sonoraenequipo.com.mx\/api\/wp\/v2\/types\/post"}],"author":[{"embeddable":true,"href":"https:\/\/www.sonoraenequipo.com.mx\/api\/wp\/v2\/users\/1"}],"replies":[{"embeddable":true,"href":"https:\/\/www.sonoraenequipo.com.mx\/api\/wp\/v2\/comments?post=108325"}],"version-history":[{"count":1,"href":"https:\/\/www.sonoraenequipo.com.mx\/api\/wp\/v2\/posts\/108325\/revisions"}],"predecessor-version":[{"id":108328,"href":"https:\/\/www.sonoraenequipo.com.mx\/api\/wp\/v2\/posts\/108325\/revisions\/108328"}],"wp:featuredmedia":[{"embeddable":true,"href":"https:\/\/www.sonoraenequipo.com.mx\/api\/wp\/v2\/media\/108326"}],"wp:attachment":[{"href":"https:\/\/www.sonoraenequipo.com.mx\/api\/wp\/v2\/media?parent=108325"}],"wp:term":[{"taxonomy":"category","embeddable":true,"href":"https:\/\/www.sonoraenequipo.com.mx\/api\/wp\/v2\/categories?post=108325"},{"taxonomy":"post_tag","embeddable":true,"href":"https:\/\/www.sonoraenequipo.com.mx\/api\/wp\/v2\/tags?post=108325"}],"curies":[{"name":"wp","href":"https:\/\/api.w.org\/{rel}","templated":true}]}}