{"id":108329,"date":"2021-03-04T21:36:50","date_gmt":"2021-03-05T04:36:50","guid":{"rendered":"https:\/\/www.sonoraenequipo.com.mx\/?p=108329"},"modified":"2021-03-04T19:29:21","modified_gmt":"2021-03-05T02:29:21","slug":"define-junta-universitaria-candidatos-al-cargo-de-rector-de-la-universidad-de-sonora","status":"publish","type":"post","link":"https:\/\/www.sonoraenequipo.com.mx\/define-junta-universitaria-candidatos-al-cargo-de-rector-de-la-universidad-de-sonora\/","title":{"rendered":"Define Junta Universitaria candidatos al cargo de Rector de la Universidad de Sonora"},"content":{"rendered":"<p>HERMOSILLO, SONORA. MX. \u2014 En cumplimiento a lo establecido en la Ley Org\u00e1nica, as\u00ed como en la Convocatoria del Proceso de Nombramiento de Rector de la Universidad de Sonora para el periodo 2021-2025, la Junta Universitaria reanud\u00f3 el pasado mi\u00e9rcoles 3 de marzo la sesi\u00f3n 132 ordinaria para definir de entre los aspirantes a este cargo, qui\u00e9nes pasar\u00e1n a la etapa final de este proceso en calidad de candidatos.<\/p>\n<p>&nbsp;<\/p>\n<p> <\/p>\n<p>&nbsp;<\/p>\n<p>De acuerdo con el art\u00edculo 20 del Reglamento Interno de la Junta Universitaria, este \u00f3rgano colegiado concentr\u00f3, proces\u00f3 y ponder\u00f3 cualitativa y cuantitativamente la informaci\u00f3n recabada a trav\u00e9s de las diversas modalidades de la etapa de auscultaci\u00f3n establecidas en los numerales 5 y 6 de la citada convocatoria; y los resultados est\u00e1n publicados en el sitio <a href=\"https:\/\/procesorector.unison.mx\/resultadosauscultacion.html\"><strong>https:\/\/procesorector.unison.mx\/resultadosauscultacion.html<\/strong><\/a><\/p>\n<p>&nbsp;<\/p>\n<p>Al concluir el an\u00e1lisis correspondiente, en sesi\u00f3n plenaria, la Junta Universitaria acord\u00f3 que los aspirantes que se mencionan a continuaci\u00f3n, en orden alfab\u00e9tico, continuar\u00e1n a la fase final del proceso en calidad de candidatos al cargo de Rector de la Universidad de Sonora para el periodo 2021-2025:<\/p>\n<p>&nbsp;<\/p>\n<p><strong>Dr. Joel Enrique Espejel Blanco<\/strong><br \/>\n<strong>Dra. Mar\u00eda Rita Plancarte Mart\u00ednez<\/strong><br \/>\n<strong>Dr. Ezequiel Rodr\u00edguez J\u00e1uregui<\/strong><\/p>\n<p>&nbsp;<\/p>\n<p>La convocatoria estipula que, del 10 al 12 de marzo, los candidatos anteriormente mencionados deber\u00e1n entregar en las oficinas de la Junta Universitaria un escrito no mayor a 10 cuartillas con los puntos m\u00e1s destacados de lo que ser\u00e1 su Plan de Desarrollo Institucional (PDI) para el periodo 2021-2025. Este documento deber\u00e1 presentarse en el siguiente formato: fuente Arial 12, espacio sencillo; y \u00e9ste tambi\u00e9n deber\u00e1 entregarse en una memoria USB en formato PDF.<\/p>\n<p>&nbsp;<\/p>\n<p>Asimismo, tal como lo estipula el numeral 9 de la convocatoria, a partir del 15 de marzo la Junta Universitaria entrevistar\u00e1 a los candidatos que hayan entregado el mencionado escrito, y antes del 19 de marzo, nombrar\u00e1 entre ellos a la persona que habr\u00e1 de ocupar el cargo de Rector de la Universidad de Sonora del 2021 al 2025.<\/p>\n<p>&nbsp;<\/p>\n<p>La Junta Universitaria agradece y reconoce la participaci\u00f3n de la comunidad universitaria: personal acad\u00e9mico, no acad\u00e9mico, estudiantes y egresados, y mantiene su invitaci\u00f3n a brindar seguimiento al mismo a trav\u00e9s del sitio <strong><a href=\"https:\/\/procesorector.unison.mx\/\">https:\/\/procesorector.unison.mx\/<\/a><\/strong><\/p>\n<p>&nbsp;<\/p>\n<p>&nbsp;<\/p>\n<p>(Publicada el 04\/03\/2021)<\/p>\n","protected":false},"excerpt":{"rendered":"<p>HERMOSILLO, SONORA. MX. \u2014 En cumplimiento a lo establecido en la Ley Org\u00e1nica, as\u00ed como&#8230;<\/p>\n","protected":false},"author":1,"featured_media":108330,"comment_status":"open","ping_status":"open","sticky":false,"template":"","format":"standard","meta":{"_monsterinsights_skip_tracking":false,"_monsterinsights_sitenote_active":false,"_monsterinsights_sitenote_note":"","_monsterinsights_sitenote_category":0,"footnotes":""},"categories":[22],"tags":[],"class_list":["post"],"yoast_head":" \n<title>Sonora en Equipo. Define Junta Universitaria candidatos al cargo de Rector de la Universidad de Sonora Sonora<\/title>\n<meta name=\"description\" content=\"HERMOSILLO, SONORA. MX. \u2014 En cumplimiento a lo establecido en la Ley Org\u00e1nica, as\u00ed como en la Convocatoria del Proceso de Nombramiento de Rector de la En Sonora en Equipo publicamos toda la informaci\u00f3n de Sonora, M\u00e9xico y el Mundo de manera oportuna y busca que la libertad de expresi\u00f3n sea real. Visita nuestro medio informativo publicado desde Hermosillo, Sonora. %\" \/>\n<meta name=\"robots\" content=\"index, follow, max-snippet:-1, max-image-preview:large, max-video-preview:-1\" \/>\n<link rel=\"canonical\" href=\"https:\/\/www.sonoraenequipo.com.mx\/define-junta-universitaria-candidatos-al-cargo-de-rector-de-la-universidad-de-sonora\/\" \/>\n<meta property=\"og:locale\" content=\"es_ES\" \/>\n<meta property=\"og:type\" content=\"article\" \/>\n<meta property=\"og:title\" content=\"Sonora en Equipo. Define Junta Universitaria candidatos al cargo de Rector de la Universidad de Sonora Sonora\" \/>\n<meta property=\"og:description\" content=\"HERMOSILLO, SONORA. MX. \u2014 En cumplimiento a lo establecido en la Ley Org\u00e1nica, as\u00ed como en la Convocatoria del Proceso de Nombramiento de Rector de la En Sonora en Equipo publicamos toda la informaci\u00f3n de Sonora, M\u00e9xico y el Mundo de manera oportuna y busca que la libertad de expresi\u00f3n sea real. Visita nuestro medio informativo publicado desde Hermosillo, Sonora. %\" \/>\n<meta property=\"og:url\" content=\"https:\/\/www.sonoraenequipo.com.mx\/define-junta-universitaria-candidatos-al-cargo-de-rector-de-la-universidad-de-sonora\/\" \/>\n<meta property=\"og:site_name\" content=\"Sonora en Equipo.\" \/>\n<meta property=\"article:publisher\" content=\"https:\/\/www.facebook.com\/SonoraEE\/\" \/>\n<meta property=\"article:author\" content=\"https:\/\/www.facebook.com\/SonoraEE\" \/>\n<meta property=\"article:published_time\" content=\"2021-03-05T04:36:50+00:00\" \/>\n<meta property=\"og:image\" content=\"https:\/\/www.sonoraenequipo.com.mx\/storage\/2021\/03\/Define-Junta-Universitaria-candidatos-al-cargo-de-Rector_opt1.jpg\" \/>\n\t<meta property=\"og:image:width\" content=\"600\" \/>\n\t<meta property=\"og:image:height\" content=\"400\" \/>\n\t<meta property=\"og:image:type\" content=\"image\/jpeg\" \/>\n<meta name=\"author\" content=\"enequipo\" \/>\n<meta name=\"twitter:card\" content=\"summary_large_image\" \/>\n<meta name=\"twitter:creator\" content=\"@sonoraenequipo\" \/>\n<meta name=\"twitter:site\" content=\"@sonoraenequipo\" \/>\n<meta name=\"twitter:label1\" content=\"Escrito por\" \/>\n\t<meta name=\"twitter:data1\" content=\"enequipo\" \/>\n\t<meta name=\"twitter:label2\" content=\"Tiempo de lectura\" \/>\n\t<meta name=\"twitter:data2\" content=\"2 minutos\" \/>\n<script type=\"application\/ld+json\" class=\"yoast-schema-graph\">{\"@context\":\"https:\/\/schema.org\",\"@graph\":[{\"@type\":\"Article\",\"@id\":\"https:\/\/www.sonoraenequipo.com.mx\/define-junta-universitaria-candidatos-al-cargo-de-rector-de-la-universidad-de-sonora\/#article\",\"isPartOf\":{\"@id\":\"https:\/\/www.sonoraenequipo.com.mx\/define-junta-universitaria-candidatos-al-cargo-de-rector-de-la-universidad-de-sonora\/\"},\"author\":{\"name\":\"enequipo\",\"@id\":\"https:\/\/www.sonoraenequipo.com.mx\/#\/schema\/person\/50102df0fb23a8fa9e8effad8fa81386\"},\"headline\":\"Define Junta Universitaria candidatos al cargo de Rector de la Universidad de Sonora\",\"datePublished\":\"2021-03-05T04:36:50+00:00\",\"mainEntityOfPage\":{\"@id\":\"https:\/\/www.sonoraenequipo.com.mx\/define-junta-universitaria-candidatos-al-cargo-de-rector-de-la-universidad-de-sonora\/\"},\"wordCount\":397,\"commentCount\":0,\"publisher\":{\"@id\":\"https:\/\/www.sonoraenequipo.com.mx\/#organization\"},\"image\":{\"@id\":\"https:\/\/www.sonoraenequipo.com.mx\/define-junta-universitaria-candidatos-al-cargo-de-rector-de-la-universidad-de-sonora\/#primaryimage\"},\"thumbnailUrl\":\"https:\/\/www.sonoraenequipo.com.mx\/storage\/2021\/03\/Define-Junta-Universitaria-candidatos-al-cargo-de-Rector_opt1.jpg\",\"articleSection\":[\"Sonora\"],\"inLanguage\":\"es\",\"potentialAction\":[{\"@type\":\"CommentAction\",\"name\":\"Comment\",\"target\":[\"https:\/\/www.sonoraenequipo.com.mx\/define-junta-universitaria-candidatos-al-cargo-de-rector-de-la-universidad-de-sonora\/#respond\"]}]},{\"@type\":\"WebPage\",\"@id\":\"https:\/\/www.sonoraenequipo.com.mx\/define-junta-universitaria-candidatos-al-cargo-de-rector-de-la-universidad-de-sonora\/\",\"url\":\"https:\/\/www.sonoraenequipo.com.mx\/define-junta-universitaria-candidatos-al-cargo-de-rector-de-la-universidad-de-sonora\/\",\"name\":\"Sonora en Equipo. Define Junta Universitaria candidatos al cargo de Rector de la Universidad de Sonora Sonora\",\"isPartOf\":{\"@id\":\"https:\/\/www.sonoraenequipo.com.mx\/#website\"},\"primaryImageOfPage\":{\"@id\":\"https:\/\/www.sonoraenequipo.com.mx\/define-junta-universitaria-candidatos-al-cargo-de-rector-de-la-universidad-de-sonora\/#primaryimage\"},\"image\":{\"@id\":\"https:\/\/www.sonoraenequipo.com.mx\/define-junta-universitaria-candidatos-al-cargo-de-rector-de-la-universidad-de-sonora\/#primaryimage\"},\"thumbnailUrl\":\"https:\/\/www.sonoraenequipo.com.mx\/storage\/2021\/03\/Define-Junta-Universitaria-candidatos-al-cargo-de-Rector_opt1.jpg\",\"datePublished\":\"2021-03-05T04:36:50+00:00\",\"description\":\"HERMOSILLO, SONORA. MX. \u2014 En cumplimiento a lo establecido en la Ley Org\u00e1nica, as\u00ed como en la Convocatoria del Proceso de Nombramiento de Rector de la En Sonora en Equipo publicamos toda la informaci\u00f3n de Sonora, M\u00e9xico y el Mundo de manera oportuna y busca que la libertad de expresi\u00f3n sea real. Visita nuestro medio informativo publicado desde Hermosillo, Sonora. %\",\"breadcrumb\":{\"@id\":\"https:\/\/www.sonoraenequipo.com.mx\/define-junta-universitaria-candidatos-al-cargo-de-rector-de-la-universidad-de-sonora\/#breadcrumb\"},\"inLanguage\":\"es\",\"potentialAction\":[{\"@type\":\"ReadAction\",\"target\":[\"https:\/\/www.sonoraenequipo.com.mx\/define-junta-universitaria-candidatos-al-cargo-de-rector-de-la-universidad-de-sonora\/\"]}]},{\"@type\":\"ImageObject\",\"inLanguage\":\"es\",\"@id\":\"https:\/\/www.sonoraenequipo.com.mx\/define-junta-universitaria-candidatos-al-cargo-de-rector-de-la-universidad-de-sonora\/#primaryimage\",\"url\":\"https:\/\/www.sonoraenequipo.com.mx\/storage\/2021\/03\/Define-Junta-Universitaria-candidatos-al-cargo-de-Rector_opt1.jpg\",\"contentUrl\":\"https:\/\/www.sonoraenequipo.com.mx\/storage\/2021\/03\/Define-Junta-Universitaria-candidatos-al-cargo-de-Rector_opt1.jpg\",\"width\":600,\"height\":400},{\"@type\":\"BreadcrumbList\",\"@id\":\"https:\/\/www.sonoraenequipo.com.mx\/define-junta-universitaria-candidatos-al-cargo-de-rector-de-la-universidad-de-sonora\/#breadcrumb\",\"itemListElement\":[{\"@type\":\"ListItem\",\"position\":1,\"name\":\"Portada\",\"item\":\"https:\/\/www.sonoraenequipo.com.mx\/\"},{\"@type\":\"ListItem\",\"position\":2,\"name\":\"Define Junta Universitaria candidatos al cargo de Rector de la Universidad de Sonora\"}]},{\"@type\":\"WebSite\",\"@id\":\"https:\/\/www.sonoraenequipo.com.mx\/#website\",\"url\":\"https:\/\/www.sonoraenequipo.com.mx\/\",\"name\":\"Sonora en Equipo.\",\"description\":\"Diario en l\u00ednea con Noticias desde Hermosillo, Sonora\",\"publisher\":{\"@id\":\"https:\/\/www.sonoraenequipo.com.mx\/#organization\"},\"potentialAction\":[{\"@type\":\"SearchAction\",\"target\":{\"@type\":\"EntryPoint\",\"urlTemplate\":\"https:\/\/www.sonoraenequipo.com.mx\/?s={search_term_string}\"},\"query-input\":{\"@type\":\"PropertyValueSpecification\",\"valueRequired\":true,\"valueName\":\"search_term_string\"}}],\"inLanguage\":\"es\"},{\"@type\":\"Organization\",\"@id\":\"https:\/\/www.sonoraenequipo.com.mx\/#organization\",\"name\":\"Sonoraenequipo.com.mx\",\"url\":\"https:\/\/www.sonoraenequipo.com.mx\/\",\"logo\":{\"@type\":\"ImageObject\",\"inLanguage\":\"es\",\"@id\":\"https:\/\/www.sonoraenequipo.com.mx\/#\/schema\/logo\/image\/\",\"url\":\"https:\/\/www.sonoraenequipo.com.mx\/storage\/2019\/01\/sonoraenequipo_opt.png\",\"contentUrl\":\"https:\/\/www.sonoraenequipo.com.mx\/storage\/2019\/01\/sonoraenequipo_opt.png\",\"width\":375,\"height\":125,\"caption\":\"Sonoraenequipo.com.mx\"},\"image\":{\"@id\":\"https:\/\/www.sonoraenequipo.com.mx\/#\/schema\/logo\/image\/\"},\"sameAs\":[\"https:\/\/www.facebook.com\/SonoraEE\/\",\"https:\/\/x.com\/sonoraenequipo\",\"https:\/\/www.youtube.com\/channel\/UC338nW-lPEYmJQs4ZABQ1SQ\"]},{\"@type\":\"Person\",\"@id\":\"https:\/\/www.sonoraenequipo.com.mx\/#\/schema\/person\/50102df0fb23a8fa9e8effad8fa81386\",\"name\":\"enequipo\",\"image\":{\"@type\":\"ImageObject\",\"inLanguage\":\"es\",\"@id\":\"https:\/\/www.sonoraenequipo.com.mx\/#\/schema\/person\/image\/\",\"url\":\"https:\/\/secure.gravatar.com\/avatar\/049821681b589dabc0bc20695993ccebb09f5b5d4d790cd9251b97faac7c652b?s=96&d=blank&r=g\",\"contentUrl\":\"https:\/\/secure.gravatar.com\/avatar\/049821681b589dabc0bc20695993ccebb09f5b5d4d790cd9251b97faac7c652b?s=96&d=blank&r=g\",\"caption\":\"enequipo\"},\"sameAs\":[\"https:\/\/www.facebook.com\/SonoraEE\"]}]}<\/script>\n ","yoast_head_json":{"title":"Sonora en Equipo. Define Junta Universitaria candidatos al cargo de Rector de la Universidad de Sonora Sonora","description":"HERMOSILLO, SONORA. MX. \u2014 En cumplimiento a lo establecido en la Ley Org\u00e1nica, as\u00ed como en la Convocatoria del Proceso de Nombramiento de Rector de la En Sonora en Equipo publicamos toda la informaci\u00f3n de Sonora, M\u00e9xico y el Mundo de manera oportuna y busca que la libertad de expresi\u00f3n sea real. Visita nuestro medio informativo publicado desde Hermosillo, Sonora. %","robots":{"index":"index","follow":"follow","max-snippet":"max-snippet:-1","max-image-preview":"max-image-preview:large","max-video-preview":"max-video-preview:-1"},"canonical":"https:\/\/www.sonoraenequipo.com.mx\/define-junta-universitaria-candidatos-al-cargo-de-rector-de-la-universidad-de-sonora\/","og_locale":"es_ES","og_type":"article","og_title":"Sonora en Equipo. Define Junta Universitaria candidatos al cargo de Rector de la Universidad de Sonora Sonora","og_description":"HERMOSILLO, SONORA. MX. \u2014 En cumplimiento a lo establecido en la Ley Org\u00e1nica, as\u00ed como en la Convocatoria del Proceso de Nombramiento de Rector de la En Sonora en Equipo publicamos toda la informaci\u00f3n de Sonora, M\u00e9xico y el Mundo de manera oportuna y busca que la libertad de expresi\u00f3n sea real. Visita nuestro medio informativo publicado desde Hermosillo, Sonora. %","og_url":"https:\/\/www.sonoraenequipo.com.mx\/define-junta-universitaria-candidatos-al-cargo-de-rector-de-la-universidad-de-sonora\/","og_site_name":"Sonora en Equipo.","article_publisher":"https:\/\/www.facebook.com\/SonoraEE\/","article_author":"https:\/\/www.facebook.com\/SonoraEE","article_published_time":"2021-03-05T04:36:50+00:00","og_image":[{"width":600,"height":400,"url":"https:\/\/www.sonoraenequipo.com.mx\/storage\/2021\/03\/Define-Junta-Universitaria-candidatos-al-cargo-de-Rector_opt1.jpg","type":"image\/jpeg"}],"author":"enequipo","twitter_card":"summary_large_image","twitter_creator":"@sonoraenequipo","twitter_site":"@sonoraenequipo","twitter_misc":{"Escrito por":"enequipo","Tiempo de lectura":"2 minutos"},"schema":{"@context":"https:\/\/schema.org","@graph":[{"@type":"Article","@id":"https:\/\/www.sonoraenequipo.com.mx\/define-junta-universitaria-candidatos-al-cargo-de-rector-de-la-universidad-de-sonora\/#article","isPartOf":{"@id":"https:\/\/www.sonoraenequipo.com.mx\/define-junta-universitaria-candidatos-al-cargo-de-rector-de-la-universidad-de-sonora\/"},"author":{"name":"enequipo","@id":"https:\/\/www.sonoraenequipo.com.mx\/#\/schema\/person\/50102df0fb23a8fa9e8effad8fa81386"},"headline":"Define Junta Universitaria candidatos al cargo de Rector de la Universidad de Sonora","datePublished":"2021-03-05T04:36:50+00:00","mainEntityOfPage":{"@id":"https:\/\/www.sonoraenequipo.com.mx\/define-junta-universitaria-candidatos-al-cargo-de-rector-de-la-universidad-de-sonora\/"},"wordCount":397,"commentCount":0,"publisher":{"@id":"https:\/\/www.sonoraenequipo.com.mx\/#organization"},"image":{"@id":"https:\/\/www.sonoraenequipo.com.mx\/define-junta-universitaria-candidatos-al-cargo-de-rector-de-la-universidad-de-sonora\/#primaryimage"},"thumbnailUrl":"https:\/\/www.sonoraenequipo.com.mx\/storage\/2021\/03\/Define-Junta-Universitaria-candidatos-al-cargo-de-Rector_opt1.jpg","articleSection":["Sonora"],"inLanguage":"es","potentialAction":[{"@type":"CommentAction","name":"Comment","target":["https:\/\/www.sonoraenequipo.com.mx\/define-junta-universitaria-candidatos-al-cargo-de-rector-de-la-universidad-de-sonora\/#respond"]}]},{"@type":"WebPage","@id":"https:\/\/www.sonoraenequipo.com.mx\/define-junta-universitaria-candidatos-al-cargo-de-rector-de-la-universidad-de-sonora\/","url":"https:\/\/www.sonoraenequipo.com.mx\/define-junta-universitaria-candidatos-al-cargo-de-rector-de-la-universidad-de-sonora\/","name":"Sonora en Equipo. Define Junta Universitaria candidatos al cargo de Rector de la Universidad de Sonora Sonora","isPartOf":{"@id":"https:\/\/www.sonoraenequipo.com.mx\/#website"},"primaryImageOfPage":{"@id":"https:\/\/www.sonoraenequipo.com.mx\/define-junta-universitaria-candidatos-al-cargo-de-rector-de-la-universidad-de-sonora\/#primaryimage"},"image":{"@id":"https:\/\/www.sonoraenequipo.com.mx\/define-junta-universitaria-candidatos-al-cargo-de-rector-de-la-universidad-de-sonora\/#primaryimage"},"thumbnailUrl":"https:\/\/www.sonoraenequipo.com.mx\/storage\/2021\/03\/Define-Junta-Universitaria-candidatos-al-cargo-de-Rector_opt1.jpg","datePublished":"2021-03-05T04:36:50+00:00","description":"HERMOSILLO, SONORA. MX. \u2014 En cumplimiento a lo establecido en la Ley Org\u00e1nica, as\u00ed como en la Convocatoria del Proceso de Nombramiento de Rector de la En Sonora en Equipo publicamos toda la informaci\u00f3n de Sonora, M\u00e9xico y el Mundo de manera oportuna y busca que la libertad de expresi\u00f3n sea real. Visita nuestro medio informativo publicado desde Hermosillo, Sonora. %","breadcrumb":{"@id":"https:\/\/www.sonoraenequipo.com.mx\/define-junta-universitaria-candidatos-al-cargo-de-rector-de-la-universidad-de-sonora\/#breadcrumb"},"inLanguage":"es","potentialAction":[{"@type":"ReadAction","target":["https:\/\/www.sonoraenequipo.com.mx\/define-junta-universitaria-candidatos-al-cargo-de-rector-de-la-universidad-de-sonora\/"]}]},{"@type":"ImageObject","inLanguage":"es","@id":"https:\/\/www.sonoraenequipo.com.mx\/define-junta-universitaria-candidatos-al-cargo-de-rector-de-la-universidad-de-sonora\/#primaryimage","url":"https:\/\/www.sonoraenequipo.com.mx\/storage\/2021\/03\/Define-Junta-Universitaria-candidatos-al-cargo-de-Rector_opt1.jpg","contentUrl":"https:\/\/www.sonoraenequipo.com.mx\/storage\/2021\/03\/Define-Junta-Universitaria-candidatos-al-cargo-de-Rector_opt1.jpg","width":600,"height":400},{"@type":"BreadcrumbList","@id":"https:\/\/www.sonoraenequipo.com.mx\/define-junta-universitaria-candidatos-al-cargo-de-rector-de-la-universidad-de-sonora\/#breadcrumb","itemListElement":[{"@type":"ListItem","position":1,"name":"Portada","item":"https:\/\/www.sonoraenequipo.com.mx\/"},{"@type":"ListItem","position":2,"name":"Define Junta Universitaria candidatos al cargo de Rector de la Universidad de Sonora"}]},{"@type":"WebSite","@id":"https:\/\/www.sonoraenequipo.com.mx\/#website","url":"https:\/\/www.sonoraenequipo.com.mx\/","name":"Sonora en Equipo.","description":"Diario en l\u00ednea con Noticias desde Hermosillo, Sonora","publisher":{"@id":"https:\/\/www.sonoraenequipo.com.mx\/#organization"},"potentialAction":[{"@type":"SearchAction","target":{"@type":"EntryPoint","urlTemplate":"https:\/\/www.sonoraenequipo.com.mx\/?s={search_term_string}"},"query-input":{"@type":"PropertyValueSpecification","valueRequired":true,"valueName":"search_term_string"}}],"inLanguage":"es"},{"@type":"Organization","@id":"https:\/\/www.sonoraenequipo.com.mx\/#organization","name":"Sonoraenequipo.com.mx","url":"https:\/\/www.sonoraenequipo.com.mx\/","logo":{"@type":"ImageObject","inLanguage":"es","@id":"https:\/\/www.sonoraenequipo.com.mx\/#\/schema\/logo\/image\/","url":"https:\/\/www.sonoraenequipo.com.mx\/storage\/2019\/01\/sonoraenequipo_opt.png","contentUrl":"https:\/\/www.sonoraenequipo.com.mx\/storage\/2019\/01\/sonoraenequipo_opt.png","width":375,"height":125,"caption":"Sonoraenequipo.com.mx"},"image":{"@id":"https:\/\/www.sonoraenequipo.com.mx\/#\/schema\/logo\/image\/"},"sameAs":["https:\/\/www.facebook.com\/SonoraEE\/","https:\/\/x.com\/sonoraenequipo","https:\/\/www.youtube.com\/channel\/UC338nW-lPEYmJQs4ZABQ1SQ"]},{"@type":"Person","@id":"https:\/\/www.sonoraenequipo.com.mx\/#\/schema\/person\/50102df0fb23a8fa9e8effad8fa81386","name":"enequipo","image":{"@type":"ImageObject","inLanguage":"es","@id":"https:\/\/www.sonoraenequipo.com.mx\/#\/schema\/person\/image\/","url":"https:\/\/secure.gravatar.com\/avatar\/049821681b589dabc0bc20695993ccebb09f5b5d4d790cd9251b97faac7c652b?s=96&d=blank&r=g","contentUrl":"https:\/\/secure.gravatar.com\/avatar\/049821681b589dabc0bc20695993ccebb09f5b5d4d790cd9251b97faac7c652b?s=96&d=blank&r=g","caption":"enequipo"},"sameAs":["https:\/\/www.facebook.com\/SonoraEE"]}]}},"jetpack_featured_media_url":"https:\/\/www.sonoraenequipo.com.mx\/storage\/2021\/03\/Define-Junta-Universitaria-candidatos-al-cargo-de-Rector_opt1.jpg","_links":{"self":[{"href":"https:\/\/www.sonoraenequipo.com.mx\/api\/wp\/v2\/posts\/108329","targetHints":{"allow":["GET"]}}],"collection":[{"href":"https:\/\/www.sonoraenequipo.com.mx\/api\/wp\/v2\/posts"}],"about":[{"href":"https:\/\/www.sonoraenequipo.com.mx\/api\/wp\/v2\/types\/post"}],"author":[{"embeddable":true,"href":"https:\/\/www.sonoraenequipo.com.mx\/api\/wp\/v2\/users\/1"}],"replies":[{"embeddable":true,"href":"https:\/\/www.sonoraenequipo.com.mx\/api\/wp\/v2\/comments?post=108329"}],"version-history":[{"count":2,"href":"https:\/\/www.sonoraenequipo.com.mx\/api\/wp\/v2\/posts\/108329\/revisions"}],"predecessor-version":[{"id":108332,"href":"https:\/\/www.sonoraenequipo.com.mx\/api\/wp\/v2\/posts\/108329\/revisions\/108332"}],"wp:featuredmedia":[{"embeddable":true,"href":"https:\/\/www.sonoraenequipo.com.mx\/api\/wp\/v2\/media\/108330"}],"wp:attachment":[{"href":"https:\/\/www.sonoraenequipo.com.mx\/api\/wp\/v2\/media?parent=108329"}],"wp:term":[{"taxonomy":"category","embeddable":true,"href":"https:\/\/www.sonoraenequipo.com.mx\/api\/wp\/v2\/categories?post=108329"},{"taxonomy":"post_tag","embeddable":true,"href":"https:\/\/www.sonoraenequipo.com.mx\/api\/wp\/v2\/tags?post=108329"}],"curies":[{"name":"wp","href":"https:\/\/api.w.org\/{rel}","templated":true}]}}