{"id":108333,"date":"2021-03-04T23:15:55","date_gmt":"2021-03-05T06:15:55","guid":{"rendered":"https:\/\/www.sonoraenequipo.com.mx\/?p=108333"},"modified":"2021-03-04T23:36:19","modified_gmt":"2021-03-05T06:36:19","slug":"se-prepara-salud-sonora-para-un-posible-semaforo-verde-y-un-eventual-regreso-a-las-aulas-seguro-enrique-clausen","status":"publish","type":"post","link":"https:\/\/www.sonoraenequipo.com.mx\/se-prepara-salud-sonora-para-un-posible-semaforo-verde-y-un-eventual-regreso-a-las-aulas-seguro-enrique-clausen\/","title":{"rendered":"Se prepara Salud Sonora para un posible sem\u00e1foro verde y un eventual regreso a las aulas seguro: Enrique Clausen"},"content":{"rendered":"<p>HERMOSILLO, SONORA. MX. \u2014 Ya se ve con esperanza un pr\u00f3ximo sem\u00e1foro verde para Sonora, ya que las tendencias as\u00ed lo indican, para lo cual la Secretar\u00eda de Salud se prepara y estar\u00e1 lista desde el 15 de marzo con protocolos que permitan un eventual regreso a clases presenciales lo m\u00e1s cuidado posible, cuando las autoridades federales y estatales de educaci\u00f3n lo decidan, inform\u00f3 Enrique Clausen Iberri.<\/p>\n<p>&nbsp;<\/p>\n<p> <\/p>\n<p>&nbsp;<\/p>\n<p>Mediante un mensaje, el Secretario de Salud de Sonora coment\u00f3 que el equipo de especialistas de la dependencia considera que existen las condiciones epidemiol\u00f3gicas para que el estado sea clasificado en color verde, lo que significar\u00eda un posible regreso gradual a clases en las aulas. Por ello, dijo, se trabaja en los protocolos preventivos de COVID-19 y por lo cual, la Gobernadora Claudia Pavlovich est\u00e1 gestionando la pronta vacunaci\u00f3n de maestros para su tranquilidad y la de sus familias.<\/p>\n<p>&nbsp;<\/p>\n<p><em><img loading=\"lazy\" decoding=\"async\" class=\"size-medium  x-right\" src=\"https:\/\/www.sonoraenequipo.com.mx\/storage\/2021\/03\/covid-19_opt2-649x365.jpg\" alt=\"\" width=\"649\" height=\"365\" \/>\u2018\u2019Para garantizar la seguridad de maestros, alumnos y padres de familia debe haber un acuerdo y una acci\u00f3n colectiva, que incluya la continuidad del calendario escolar \u2018\u2019<\/em>, agreg\u00f3, al se\u00f1alar que en el caso de que se determinara el regreso a clases presenciales, la recomendaci\u00f3n ser\u00eda que esta deber\u00e1 ser opcional.<\/p>\n<p>&nbsp;<\/p>\n<p>No obstante, la posibilidad de llegar a sem\u00e1foro verde, Clausen Iberri llam\u00f3 a la poblaci\u00f3n a limitar la movilidad poblacional en la pr\u00f3xima Semana Santa y Semana de Pascua, pues el riesgo de una regresi\u00f3n que genere un aumento de contagios est\u00e1 latente.<\/p>\n<p>&nbsp;<\/p>\n<p>Por \u00faltimo, coment\u00f3 que la Secretar\u00eda de Salud seguir\u00e1 apoyando al Gobierno Federal en los esfuerzos de vacunaci\u00f3n para avanzar a la mayor velocidad posible y reiter\u00f3 que la mandataria sonorense sigue en gestiones para agilizar el proceso para los segmentos y sectores de la poblaci\u00f3n que resultan m\u00e1s vulnerables.<\/p>\n<p>&nbsp;<\/p>\n<p>En la transmisi\u00f3n de este jueves, la Secretar\u00eda de Salud en Sonora dio a conocer que este d\u00eda se registraron 14 decesos m\u00e1s por COVID-19 y se confirmaron 121 nuevos contagios en la entidad, con lo que suman 5 mil 793 defunciones y 67 mil 083 casos que han sido positivos en la entidad desde el inicio de la pandemia.<\/p>\n<p>&nbsp;<\/p>\n<p>Este jueves se confirmaron 14 decesos m\u00e1s en Sonora, en ocho hombres y seis mujeres; seis de ellos residentes de Hermosillo; tres de Caborca; uno de Cajeme; uno de San Luis R\u00edo Colorado; uno de Magdalena de Kino; uno de Etchojoa; y uno de Cananea, nueve de las personas fallecidas eran derechohabientes de la Secretar\u00eda de Salud; cuatro del IMSS y una del Isssteson; con estas se acumulan 5 mil 793 defunciones en la entidad desde el inicio de la pandemia.<\/p>\n<p>&nbsp;<\/p>\n<p>Asimismo, se registraron 121 nuevos casos por COVID, en 69 mujeres y 52 hombres, para un total de 67 mil 083 casos en la entidad. De los contagios nuevos, 42 son residentes de Hermosillo; 19 de Cajeme; 13 de Guaymas; 10 de Empalme; ocho de Caborca; siete de Navojoa; seis de San Luis R\u00edo Colorado; tres de Nogales; dos de Pitiquito; dos de Huatabampo; uno de Y\u00e9cora; uno de Magdalena de Kino; uno de Sahuaripa; uno de Cucurpe; uno de Santa Ana; uno de \u00c1lamos; uno de Nacozari de Garc\u00eda; uno de Agua Prieta y uno de Cananea.<\/p>\n<p>&nbsp;<\/p>\n<p>Hoy se confirmaron dos casos pedi\u00e1tricos en una ni\u00f1a y un ni\u00f1o, acumul\u00e1ndose mil 211 casos en total; hoy no se confirmaron casos en mujeres embarazadas; ocho de los 121 casos son en trabajadores de la salud de diversas instituciones. Este jueves, nueve pacientes fueron dados de alta y hasta el momento 60 mil 426 personas se han recuperado en la entidad.<\/p>\n<p>&nbsp;<\/p>\n<p>Al momento, se han realizado 118 mil 458 pruebas; se han confirmado 6 mil 083 casos y se han descartado 51 mil 375; en total 10 mil 981 casos han sido cuadros leves; 763 activos y 10 mil 218 concluyeron su seguimiento; 50 mil 208 pacientes se han curado y 101 pacientes se encuentran hospitalizados, 38 de ellos estables y 63 graves.<\/p>\n<p>&nbsp;<\/p>\n<h3>Casos COVID-19 en Sonora 67,083 casos confirmados y 5,793 defunciones<\/h3>\n<p>&nbsp;<\/p>\n<p><strong>Defunciones registradas el 4 marzo de 2021: 14<\/strong><\/p>\n<p>Hermosillo: 6<br \/>\nCaborca: 3<br \/>\nMagdalena: 1<br \/>\nCajeme: 1<br \/>\nEtchojoa: 1<br \/>\nSan Luis R\u00edo Colorado: 1<br \/>\nCananea: 1<\/p>\n<p>Mujeres: 6\/ Hombres: 8<\/p>\n<p>Instituci\u00f3n M\u00e9dica<br \/>\nSecretar\u00eda de Salud: 9<br \/>\nIMSS: 4<br \/>\nIsssteson: 1<\/p>\n<p>Casos confirmados el 4 de marzo de 2021: 121<br \/>\nHermosillo: 42<br \/>\nCajeme: 19<br \/>\nGuaymas: 13<br \/>\nEmpalme: 10<br \/>\nCaborca: 8<br \/>\nNavojoa: 7<br \/>\nSan Luis R\u00edo Colorado: 6<br \/>\nNogales: 3<br \/>\nPitiquito: 2<br \/>\nHuatabampo: 2<br \/>\nY\u00e9cora: 1<br \/>\nMagdalena: 1<br \/>\nSahuaripa: 1<br \/>\nCucurpe: 1<br \/>\nSanta Ana: 1<br \/>\n\u00c1lamos: 1<br \/>\nNacozari de Garc\u00eda: 1<br \/>\nAgua Prieta: 1<br \/>\nCananea: 1<\/p>\n<p>Mujeres: 69\/ Hombres: 52<\/p>\n<p>Instituci\u00f3n M\u00e9dica<br \/>\nSecretar\u00eda de Salud: 47<br \/>\nIMSS: 38<br \/>\nIsssteson: 36<\/p>\n<p>Acumulados<br \/>\nDefunciones: 5,793<br \/>\nHermosillo: 1,933<br \/>\nCajeme: 998<br \/>\nNogales: 478<br \/>\nSan Luis R\u00edo Colorado: 468<br \/>\nGuaymas: 337<br \/>\nNavojoa: 255<br \/>\nAgua Prieta: 199<br \/>\nCaborca: 152<br \/>\nHuatabampo: 130<br \/>\nCananea: 117<br \/>\nEmpalme: 99<br \/>\nEtchojoa: 84<br \/>\nPuerto Pe\u00f1asco: 70<br \/>\nMagdalena: 67<br \/>\nNacozari de Garc\u00eda: 48<br \/>\nBenito Ju\u00e1rez: 41<br \/>\nSanta Ana: 40<br \/>\nB\u00e1cum: 38<br \/>\nSan Ignacio R\u00edo Muerto: 22<br \/>\nGral. Plutarco El\u00edas Calles: 21<br \/>\n\u00cdmuris: 21<br \/>\nFronteras: 16<br \/>\nCumpas: 13<br \/>\n\u00c1lamos: 13<br \/>\nPitiquito: 12<br \/>\nUres: 9<br \/>\nNaco: 9<br \/>\nMoctezuma: 9<br \/>\nSahuaripa: 8<br \/>\nRosario: 8<br \/>\nVilla Hidalgo: 7<br \/>\nBavi\u00e1cora: 7<br \/>\nBenjam\u00edn Hill: 6<br \/>\nAltar: 6<br \/>\nBacoachi: 6<br \/>\nSan Miguel de Horcasitas: 5<br \/>\nAconchi: 4<br \/>\nS\u00e1ric: 4<br \/>\nRay\u00f3n: 3<br \/>\nCarb\u00f3: 3<br \/>\nQuiriego: 3<br \/>\nBacerac: 3<br \/>\nArizpe: 3<br \/>\nArivechi: 2<br \/>\nBavispe: 2<br \/>\nN\u00e1cori Chico: 2<br \/>\nSan Pedro de la Cueva: 2<br \/>\nBan\u00e1michi: 2<br \/>\nCucurpe: 2<br \/>\nOpodepe: 1<br \/>\nSan Felipe de Jes\u00fas: 1<br \/>\nGranados: 1<br \/>\nHu\u00e9pac: 1<br \/>\nOquitoa: 1<br \/>\nTepache: 1<br \/>\nSanta Cruz: 1<br \/>\nMazat\u00e1n: 1<\/p>\n<p>Mujeres: 2,484\/Hombres: 3,309<\/p>\n<p>Instituci\u00f3n M\u00e9dica<br \/>\nIMSS: 3,625<br \/>\nSecretar\u00eda de Salud: 1,639<br \/>\nIsssteson: 407<br \/>\nIssste: 113<br \/>\nSedena: 5<br \/>\nSemar: 4<\/p>\n<p>Total de casos confirmados: 67,083<br \/>\nHermosillo: 31,750 municipio con mayor incidencia con un 47% del total.<br \/>\nCajeme: 9,146 que representan el 14% del total.<br \/>\nNogales: 4,325 que representan el 6% del total<br \/>\nGuaymas: 3,013 que representan el 4% del total<br \/>\nSan Luis R\u00edo Colorado: 2,990<br \/>\nNavojoa: 2,855<br \/>\nCaborca: 2,699<br \/>\nCananea: 1,856<br \/>\nHuatabampo: 1,275<br \/>\nEmpalme: 1,148<br \/>\nAgua Prieta: 1,136<br \/>\nEtchojoa: 667<br \/>\nMagdalena: 567<br \/>\nPuerto Pe\u00f1asco: 480<br \/>\nSanta Ana: 356<br \/>\nNacozari de Garc\u00eda: 322<br \/>\nB\u00e1cum: 269<br \/>\n\u00c1lamos: 220<br \/>\nPitiquito: 196<br \/>\nGral. Plutarco El\u00edas Calles: 195<br \/>\nBenito Ju\u00e1rez: 168<br \/>\nSan Ignacio R\u00edo Muerto: 153<br \/>\nBavi\u00e1cora: 132<br \/>\nSahuaripa: 129<br \/>\n\u00cdmuris: 94<br \/>\nUres: 90<br \/>\nAltar: 70<br \/>\nCumpas: 70<br \/>\nMoctezuma: 64<br \/>\nRosario: 63<br \/>\nBacoachi: 51<br \/>\nY\u00e9cora: 44<br \/>\nFronteras: 43<br \/>\nBenjam\u00edn Hill: 38<br \/>\nNaco: 33<br \/>\nArizpe: 32<br \/>\nAconchi: 30<br \/>\nS\u00e1ric: 26<br \/>\nN\u00e1cori Chico: 25<br \/>\nArivechi: 20<br \/>\nSan Miguel de Horcasitas: 18<br \/>\nVilla Hidalgo: 16<br \/>\nGranados: 15<br \/>\nTrincheras: 14<br \/>\nBan\u00e1michi: 14<br \/>\nQuiriego: 13<br \/>\nCarb\u00f3: 13<br \/>\nSan Pedro de la Cueva: 13<br \/>\nCucurpe: 12<br \/>\nRay\u00f3n: 10<br \/>\nTepache: 10<br \/>\nBacerac: 8<br \/>\nHu\u00e1sabas: 8<br \/>\nHuachinera: 7<br \/>\nBavispe: 7<br \/>\n\u00d3navas: 6<br \/>\nVilla Pesqueira: 6<br \/>\nSan Javier: 6<br \/>\nTubutama: 6<br \/>\nDivisaderos: 5<br \/>\nBacad\u00e9huachi: 5<br \/>\nSan Felipe de Jes\u00fas: 5<br \/>\nBacanora: 4<br \/>\nSanta Cruz: 4<br \/>\nHu\u00e9pac: 4<br \/>\nMazat\u00e1n: 4<br \/>\nOpodepe: 3<br \/>\nOquitoa: 3<br \/>\nLa Colorada: 2<br \/>\nSuaqui Grande: 1<br \/>\nSoyopa: 1<\/p>\n<p>Mujeres: 36,059\/Hombres: 31,024<\/p>\n<p>Instituci\u00f3n M\u00e9dica<br \/>\nSecretar\u00eda de Salud: 47,308<br \/>\nIMSS: 13,417<br \/>\nIsssteson: 5,039<br \/>\nIssste: 1,081<br \/>\nSedena: 223<br \/>\nSemar: 15<\/p>\n<p>Casos estudiados: 118,458<br \/>\nConfirmados: 67,083<br \/>\nDescartados: 51,375<br \/>\nCuadro leve: 10,981<br \/>\nPacientes activos: 763<br \/>\nPacientes en seguimiento terminado: 10,218<br \/>\nCurados: 50,208<br \/>\nHospitalizados: 101<br \/>\nEstables: 38<br \/>\nGraves: 63<\/p>\n<p>&nbsp;<\/p>\n<p>(Publicada el 05\/03\/2021)<\/p>\n","protected":false},"excerpt":{"rendered":"<p>HERMOSILLO, SONORA. MX. \u2014 Ya se ve con esperanza un pr\u00f3ximo sem\u00e1foro verde para Sonora,&#8230;<\/p>\n","protected":false},"author":1,"featured_media":108335,"comment_status":"open","ping_status":"open","sticky":false,"template":"","format":"standard","meta":{"_monsterinsights_skip_tracking":false,"_monsterinsights_sitenote_active":false,"_monsterinsights_sitenote_note":"","_monsterinsights_sitenote_category":0,"footnotes":""},"categories":[22],"tags":[],"class_list":["post"],"yoast_head":" \n<title>Sonora en Equipo. Se prepara Salud Sonora para un posible sem\u00e1foro verde y un eventual regreso a las aulas seguro: Enrique Clausen Sonora<\/title>\n<meta name=\"description\" content=\"HERMOSILLO, SONORA. MX. \u2014 Ya se ve con esperanza un pr\u00f3ximo sem\u00e1foro verde para Sonora, ya que las tendencias as\u00ed lo indican, para lo cual la Secretar\u00eda En Sonora en Equipo publicamos toda la informaci\u00f3n de Sonora, M\u00e9xico y el Mundo de manera oportuna y busca que la libertad de expresi\u00f3n sea real. Visita nuestro medio informativo publicado desde Hermosillo, Sonora. %\" \/>\n<meta name=\"robots\" content=\"index, follow, max-snippet:-1, max-image-preview:large, max-video-preview:-1\" \/>\n<link rel=\"canonical\" href=\"https:\/\/www.sonoraenequipo.com.mx\/se-prepara-salud-sonora-para-un-posible-semaforo-verde-y-un-eventual-regreso-a-las-aulas-seguro-enrique-clausen\/\" \/>\n<meta property=\"og:locale\" content=\"es_ES\" \/>\n<meta property=\"og:type\" content=\"article\" \/>\n<meta property=\"og:title\" content=\"Sonora en Equipo. Se prepara Salud Sonora para un posible sem\u00e1foro verde y un eventual regreso a las aulas seguro: Enrique Clausen Sonora\" \/>\n<meta property=\"og:description\" content=\"HERMOSILLO, SONORA. MX. \u2014 Ya se ve con esperanza un pr\u00f3ximo sem\u00e1foro verde para Sonora, ya que las tendencias as\u00ed lo indican, para lo cual la Secretar\u00eda En Sonora en Equipo publicamos toda la informaci\u00f3n de Sonora, M\u00e9xico y el Mundo de manera oportuna y busca que la libertad de expresi\u00f3n sea real. Visita nuestro medio informativo publicado desde Hermosillo, Sonora. %\" \/>\n<meta property=\"og:url\" content=\"https:\/\/www.sonoraenequipo.com.mx\/se-prepara-salud-sonora-para-un-posible-semaforo-verde-y-un-eventual-regreso-a-las-aulas-seguro-enrique-clausen\/\" \/>\n<meta property=\"og:site_name\" content=\"Sonora en Equipo.\" \/>\n<meta property=\"article:publisher\" content=\"https:\/\/www.facebook.com\/SonoraEE\/\" \/>\n<meta property=\"article:author\" content=\"https:\/\/www.facebook.com\/SonoraEE\" \/>\n<meta property=\"article:published_time\" content=\"2021-03-05T06:15:55+00:00\" \/>\n<meta property=\"article:modified_time\" content=\"2021-03-05T06:36:19+00:00\" \/>\n<meta property=\"og:image\" content=\"https:\/\/www.sonoraenequipo.com.mx\/storage\/2021\/03\/claussen_opt4.jpg\" \/>\n\t<meta property=\"og:image:width\" content=\"500\" \/>\n\t<meta property=\"og:image:height\" content=\"468\" \/>\n\t<meta property=\"og:image:type\" content=\"image\/jpeg\" \/>\n<meta name=\"author\" content=\"enequipo\" \/>\n<meta name=\"twitter:card\" content=\"summary_large_image\" \/>\n<meta name=\"twitter:creator\" content=\"@sonoraenequipo\" \/>\n<meta name=\"twitter:site\" content=\"@sonoraenequipo\" \/>\n<meta name=\"twitter:label1\" content=\"Escrito por\" \/>\n\t<meta name=\"twitter:data1\" content=\"enequipo\" \/>\n\t<meta name=\"twitter:label2\" content=\"Tiempo de lectura\" \/>\n\t<meta name=\"twitter:data2\" content=\"6 minutos\" \/>\n<script type=\"application\/ld+json\" class=\"yoast-schema-graph\">{\"@context\":\"https:\/\/schema.org\",\"@graph\":[{\"@type\":\"Article\",\"@id\":\"https:\/\/www.sonoraenequipo.com.mx\/se-prepara-salud-sonora-para-un-posible-semaforo-verde-y-un-eventual-regreso-a-las-aulas-seguro-enrique-clausen\/#article\",\"isPartOf\":{\"@id\":\"https:\/\/www.sonoraenequipo.com.mx\/se-prepara-salud-sonora-para-un-posible-semaforo-verde-y-un-eventual-regreso-a-las-aulas-seguro-enrique-clausen\/\"},\"author\":{\"name\":\"enequipo\",\"@id\":\"https:\/\/www.sonoraenequipo.com.mx\/#\/schema\/person\/50102df0fb23a8fa9e8effad8fa81386\"},\"headline\":\"Se prepara Salud Sonora para un posible sem\u00e1foro verde y un eventual regreso a las aulas seguro: Enrique Clausen\",\"datePublished\":\"2021-03-05T06:15:55+00:00\",\"dateModified\":\"2021-03-05T06:36:19+00:00\",\"mainEntityOfPage\":{\"@id\":\"https:\/\/www.sonoraenequipo.com.mx\/se-prepara-salud-sonora-para-un-posible-semaforo-verde-y-un-eventual-regreso-a-las-aulas-seguro-enrique-clausen\/\"},\"wordCount\":1064,\"commentCount\":0,\"publisher\":{\"@id\":\"https:\/\/www.sonoraenequipo.com.mx\/#organization\"},\"image\":{\"@id\":\"https:\/\/www.sonoraenequipo.com.mx\/se-prepara-salud-sonora-para-un-posible-semaforo-verde-y-un-eventual-regreso-a-las-aulas-seguro-enrique-clausen\/#primaryimage\"},\"thumbnailUrl\":\"https:\/\/www.sonoraenequipo.com.mx\/storage\/2021\/03\/claussen_opt4.jpg\",\"articleSection\":[\"Sonora\"],\"inLanguage\":\"es\",\"potentialAction\":[{\"@type\":\"CommentAction\",\"name\":\"Comment\",\"target\":[\"https:\/\/www.sonoraenequipo.com.mx\/se-prepara-salud-sonora-para-un-posible-semaforo-verde-y-un-eventual-regreso-a-las-aulas-seguro-enrique-clausen\/#respond\"]}]},{\"@type\":\"WebPage\",\"@id\":\"https:\/\/www.sonoraenequipo.com.mx\/se-prepara-salud-sonora-para-un-posible-semaforo-verde-y-un-eventual-regreso-a-las-aulas-seguro-enrique-clausen\/\",\"url\":\"https:\/\/www.sonoraenequipo.com.mx\/se-prepara-salud-sonora-para-un-posible-semaforo-verde-y-un-eventual-regreso-a-las-aulas-seguro-enrique-clausen\/\",\"name\":\"Sonora en Equipo. Se prepara Salud Sonora para un posible sem\u00e1foro verde y un eventual regreso a las aulas seguro: Enrique Clausen Sonora\",\"isPartOf\":{\"@id\":\"https:\/\/www.sonoraenequipo.com.mx\/#website\"},\"primaryImageOfPage\":{\"@id\":\"https:\/\/www.sonoraenequipo.com.mx\/se-prepara-salud-sonora-para-un-posible-semaforo-verde-y-un-eventual-regreso-a-las-aulas-seguro-enrique-clausen\/#primaryimage\"},\"image\":{\"@id\":\"https:\/\/www.sonoraenequipo.com.mx\/se-prepara-salud-sonora-para-un-posible-semaforo-verde-y-un-eventual-regreso-a-las-aulas-seguro-enrique-clausen\/#primaryimage\"},\"thumbnailUrl\":\"https:\/\/www.sonoraenequipo.com.mx\/storage\/2021\/03\/claussen_opt4.jpg\",\"datePublished\":\"2021-03-05T06:15:55+00:00\",\"dateModified\":\"2021-03-05T06:36:19+00:00\",\"description\":\"HERMOSILLO, SONORA. MX. \u2014 Ya se ve con esperanza un pr\u00f3ximo sem\u00e1foro verde para Sonora, ya que las tendencias as\u00ed lo indican, para lo cual la Secretar\u00eda En Sonora en Equipo publicamos toda la informaci\u00f3n de Sonora, M\u00e9xico y el Mundo de manera oportuna y busca que la libertad de expresi\u00f3n sea real. Visita nuestro medio informativo publicado desde Hermosillo, Sonora. %\",\"breadcrumb\":{\"@id\":\"https:\/\/www.sonoraenequipo.com.mx\/se-prepara-salud-sonora-para-un-posible-semaforo-verde-y-un-eventual-regreso-a-las-aulas-seguro-enrique-clausen\/#breadcrumb\"},\"inLanguage\":\"es\",\"potentialAction\":[{\"@type\":\"ReadAction\",\"target\":[\"https:\/\/www.sonoraenequipo.com.mx\/se-prepara-salud-sonora-para-un-posible-semaforo-verde-y-un-eventual-regreso-a-las-aulas-seguro-enrique-clausen\/\"]}]},{\"@type\":\"ImageObject\",\"inLanguage\":\"es\",\"@id\":\"https:\/\/www.sonoraenequipo.com.mx\/se-prepara-salud-sonora-para-un-posible-semaforo-verde-y-un-eventual-regreso-a-las-aulas-seguro-enrique-clausen\/#primaryimage\",\"url\":\"https:\/\/www.sonoraenequipo.com.mx\/storage\/2021\/03\/claussen_opt4.jpg\",\"contentUrl\":\"https:\/\/www.sonoraenequipo.com.mx\/storage\/2021\/03\/claussen_opt4.jpg\",\"width\":500,\"height\":468},{\"@type\":\"BreadcrumbList\",\"@id\":\"https:\/\/www.sonoraenequipo.com.mx\/se-prepara-salud-sonora-para-un-posible-semaforo-verde-y-un-eventual-regreso-a-las-aulas-seguro-enrique-clausen\/#breadcrumb\",\"itemListElement\":[{\"@type\":\"ListItem\",\"position\":1,\"name\":\"Portada\",\"item\":\"https:\/\/www.sonoraenequipo.com.mx\/\"},{\"@type\":\"ListItem\",\"position\":2,\"name\":\"Se prepara Salud Sonora para un posible sem\u00e1foro verde y un eventual regreso a las aulas seguro: Enrique Clausen\"}]},{\"@type\":\"WebSite\",\"@id\":\"https:\/\/www.sonoraenequipo.com.mx\/#website\",\"url\":\"https:\/\/www.sonoraenequipo.com.mx\/\",\"name\":\"Sonora en Equipo.\",\"description\":\"Diario en l\u00ednea con Noticias desde Hermosillo, Sonora\",\"publisher\":{\"@id\":\"https:\/\/www.sonoraenequipo.com.mx\/#organization\"},\"potentialAction\":[{\"@type\":\"SearchAction\",\"target\":{\"@type\":\"EntryPoint\",\"urlTemplate\":\"https:\/\/www.sonoraenequipo.com.mx\/?s={search_term_string}\"},\"query-input\":{\"@type\":\"PropertyValueSpecification\",\"valueRequired\":true,\"valueName\":\"search_term_string\"}}],\"inLanguage\":\"es\"},{\"@type\":\"Organization\",\"@id\":\"https:\/\/www.sonoraenequipo.com.mx\/#organization\",\"name\":\"Sonoraenequipo.com.mx\",\"url\":\"https:\/\/www.sonoraenequipo.com.mx\/\",\"logo\":{\"@type\":\"ImageObject\",\"inLanguage\":\"es\",\"@id\":\"https:\/\/www.sonoraenequipo.com.mx\/#\/schema\/logo\/image\/\",\"url\":\"https:\/\/www.sonoraenequipo.com.mx\/storage\/2019\/01\/sonoraenequipo_opt.png\",\"contentUrl\":\"https:\/\/www.sonoraenequipo.com.mx\/storage\/2019\/01\/sonoraenequipo_opt.png\",\"width\":375,\"height\":125,\"caption\":\"Sonoraenequipo.com.mx\"},\"image\":{\"@id\":\"https:\/\/www.sonoraenequipo.com.mx\/#\/schema\/logo\/image\/\"},\"sameAs\":[\"https:\/\/www.facebook.com\/SonoraEE\/\",\"https:\/\/x.com\/sonoraenequipo\",\"https:\/\/www.youtube.com\/channel\/UC338nW-lPEYmJQs4ZABQ1SQ\"]},{\"@type\":\"Person\",\"@id\":\"https:\/\/www.sonoraenequipo.com.mx\/#\/schema\/person\/50102df0fb23a8fa9e8effad8fa81386\",\"name\":\"enequipo\",\"image\":{\"@type\":\"ImageObject\",\"inLanguage\":\"es\",\"@id\":\"https:\/\/www.sonoraenequipo.com.mx\/#\/schema\/person\/image\/\",\"url\":\"https:\/\/secure.gravatar.com\/avatar\/049821681b589dabc0bc20695993ccebb09f5b5d4d790cd9251b97faac7c652b?s=96&d=blank&r=g\",\"contentUrl\":\"https:\/\/secure.gravatar.com\/avatar\/049821681b589dabc0bc20695993ccebb09f5b5d4d790cd9251b97faac7c652b?s=96&d=blank&r=g\",\"caption\":\"enequipo\"},\"sameAs\":[\"https:\/\/www.facebook.com\/SonoraEE\"]}]}<\/script>\n ","yoast_head_json":{"title":"Sonora en Equipo. Se prepara Salud Sonora para un posible sem\u00e1foro verde y un eventual regreso a las aulas seguro: Enrique Clausen Sonora","description":"HERMOSILLO, SONORA. MX. \u2014 Ya se ve con esperanza un pr\u00f3ximo sem\u00e1foro verde para Sonora, ya que las tendencias as\u00ed lo indican, para lo cual la Secretar\u00eda En Sonora en Equipo publicamos toda la informaci\u00f3n de Sonora, M\u00e9xico y el Mundo de manera oportuna y busca que la libertad de expresi\u00f3n sea real. Visita nuestro medio informativo publicado desde Hermosillo, Sonora. %","robots":{"index":"index","follow":"follow","max-snippet":"max-snippet:-1","max-image-preview":"max-image-preview:large","max-video-preview":"max-video-preview:-1"},"canonical":"https:\/\/www.sonoraenequipo.com.mx\/se-prepara-salud-sonora-para-un-posible-semaforo-verde-y-un-eventual-regreso-a-las-aulas-seguro-enrique-clausen\/","og_locale":"es_ES","og_type":"article","og_title":"Sonora en Equipo. Se prepara Salud Sonora para un posible sem\u00e1foro verde y un eventual regreso a las aulas seguro: Enrique Clausen Sonora","og_description":"HERMOSILLO, SONORA. MX. \u2014 Ya se ve con esperanza un pr\u00f3ximo sem\u00e1foro verde para Sonora, ya que las tendencias as\u00ed lo indican, para lo cual la Secretar\u00eda En Sonora en Equipo publicamos toda la informaci\u00f3n de Sonora, M\u00e9xico y el Mundo de manera oportuna y busca que la libertad de expresi\u00f3n sea real. Visita nuestro medio informativo publicado desde Hermosillo, Sonora. %","og_url":"https:\/\/www.sonoraenequipo.com.mx\/se-prepara-salud-sonora-para-un-posible-semaforo-verde-y-un-eventual-regreso-a-las-aulas-seguro-enrique-clausen\/","og_site_name":"Sonora en Equipo.","article_publisher":"https:\/\/www.facebook.com\/SonoraEE\/","article_author":"https:\/\/www.facebook.com\/SonoraEE","article_published_time":"2021-03-05T06:15:55+00:00","article_modified_time":"2021-03-05T06:36:19+00:00","og_image":[{"width":500,"height":468,"url":"https:\/\/www.sonoraenequipo.com.mx\/storage\/2021\/03\/claussen_opt4.jpg","type":"image\/jpeg"}],"author":"enequipo","twitter_card":"summary_large_image","twitter_creator":"@sonoraenequipo","twitter_site":"@sonoraenequipo","twitter_misc":{"Escrito por":"enequipo","Tiempo de lectura":"6 minutos"},"schema":{"@context":"https:\/\/schema.org","@graph":[{"@type":"Article","@id":"https:\/\/www.sonoraenequipo.com.mx\/se-prepara-salud-sonora-para-un-posible-semaforo-verde-y-un-eventual-regreso-a-las-aulas-seguro-enrique-clausen\/#article","isPartOf":{"@id":"https:\/\/www.sonoraenequipo.com.mx\/se-prepara-salud-sonora-para-un-posible-semaforo-verde-y-un-eventual-regreso-a-las-aulas-seguro-enrique-clausen\/"},"author":{"name":"enequipo","@id":"https:\/\/www.sonoraenequipo.com.mx\/#\/schema\/person\/50102df0fb23a8fa9e8effad8fa81386"},"headline":"Se prepara Salud Sonora para un posible sem\u00e1foro verde y un eventual regreso a las aulas seguro: Enrique Clausen","datePublished":"2021-03-05T06:15:55+00:00","dateModified":"2021-03-05T06:36:19+00:00","mainEntityOfPage":{"@id":"https:\/\/www.sonoraenequipo.com.mx\/se-prepara-salud-sonora-para-un-posible-semaforo-verde-y-un-eventual-regreso-a-las-aulas-seguro-enrique-clausen\/"},"wordCount":1064,"commentCount":0,"publisher":{"@id":"https:\/\/www.sonoraenequipo.com.mx\/#organization"},"image":{"@id":"https:\/\/www.sonoraenequipo.com.mx\/se-prepara-salud-sonora-para-un-posible-semaforo-verde-y-un-eventual-regreso-a-las-aulas-seguro-enrique-clausen\/#primaryimage"},"thumbnailUrl":"https:\/\/www.sonoraenequipo.com.mx\/storage\/2021\/03\/claussen_opt4.jpg","articleSection":["Sonora"],"inLanguage":"es","potentialAction":[{"@type":"CommentAction","name":"Comment","target":["https:\/\/www.sonoraenequipo.com.mx\/se-prepara-salud-sonora-para-un-posible-semaforo-verde-y-un-eventual-regreso-a-las-aulas-seguro-enrique-clausen\/#respond"]}]},{"@type":"WebPage","@id":"https:\/\/www.sonoraenequipo.com.mx\/se-prepara-salud-sonora-para-un-posible-semaforo-verde-y-un-eventual-regreso-a-las-aulas-seguro-enrique-clausen\/","url":"https:\/\/www.sonoraenequipo.com.mx\/se-prepara-salud-sonora-para-un-posible-semaforo-verde-y-un-eventual-regreso-a-las-aulas-seguro-enrique-clausen\/","name":"Sonora en Equipo. Se prepara Salud Sonora para un posible sem\u00e1foro verde y un eventual regreso a las aulas seguro: Enrique Clausen Sonora","isPartOf":{"@id":"https:\/\/www.sonoraenequipo.com.mx\/#website"},"primaryImageOfPage":{"@id":"https:\/\/www.sonoraenequipo.com.mx\/se-prepara-salud-sonora-para-un-posible-semaforo-verde-y-un-eventual-regreso-a-las-aulas-seguro-enrique-clausen\/#primaryimage"},"image":{"@id":"https:\/\/www.sonoraenequipo.com.mx\/se-prepara-salud-sonora-para-un-posible-semaforo-verde-y-un-eventual-regreso-a-las-aulas-seguro-enrique-clausen\/#primaryimage"},"thumbnailUrl":"https:\/\/www.sonoraenequipo.com.mx\/storage\/2021\/03\/claussen_opt4.jpg","datePublished":"2021-03-05T06:15:55+00:00","dateModified":"2021-03-05T06:36:19+00:00","description":"HERMOSILLO, SONORA. MX. \u2014 Ya se ve con esperanza un pr\u00f3ximo sem\u00e1foro verde para Sonora, ya que las tendencias as\u00ed lo indican, para lo cual la Secretar\u00eda En Sonora en Equipo publicamos toda la informaci\u00f3n de Sonora, M\u00e9xico y el Mundo de manera oportuna y busca que la libertad de expresi\u00f3n sea real. Visita nuestro medio informativo publicado desde Hermosillo, Sonora. %","breadcrumb":{"@id":"https:\/\/www.sonoraenequipo.com.mx\/se-prepara-salud-sonora-para-un-posible-semaforo-verde-y-un-eventual-regreso-a-las-aulas-seguro-enrique-clausen\/#breadcrumb"},"inLanguage":"es","potentialAction":[{"@type":"ReadAction","target":["https:\/\/www.sonoraenequipo.com.mx\/se-prepara-salud-sonora-para-un-posible-semaforo-verde-y-un-eventual-regreso-a-las-aulas-seguro-enrique-clausen\/"]}]},{"@type":"ImageObject","inLanguage":"es","@id":"https:\/\/www.sonoraenequipo.com.mx\/se-prepara-salud-sonora-para-un-posible-semaforo-verde-y-un-eventual-regreso-a-las-aulas-seguro-enrique-clausen\/#primaryimage","url":"https:\/\/www.sonoraenequipo.com.mx\/storage\/2021\/03\/claussen_opt4.jpg","contentUrl":"https:\/\/www.sonoraenequipo.com.mx\/storage\/2021\/03\/claussen_opt4.jpg","width":500,"height":468},{"@type":"BreadcrumbList","@id":"https:\/\/www.sonoraenequipo.com.mx\/se-prepara-salud-sonora-para-un-posible-semaforo-verde-y-un-eventual-regreso-a-las-aulas-seguro-enrique-clausen\/#breadcrumb","itemListElement":[{"@type":"ListItem","position":1,"name":"Portada","item":"https:\/\/www.sonoraenequipo.com.mx\/"},{"@type":"ListItem","position":2,"name":"Se prepara Salud Sonora para un posible sem\u00e1foro verde y un eventual regreso a las aulas seguro: Enrique Clausen"}]},{"@type":"WebSite","@id":"https:\/\/www.sonoraenequipo.com.mx\/#website","url":"https:\/\/www.sonoraenequipo.com.mx\/","name":"Sonora en Equipo.","description":"Diario en l\u00ednea con Noticias desde Hermosillo, Sonora","publisher":{"@id":"https:\/\/www.sonoraenequipo.com.mx\/#organization"},"potentialAction":[{"@type":"SearchAction","target":{"@type":"EntryPoint","urlTemplate":"https:\/\/www.sonoraenequipo.com.mx\/?s={search_term_string}"},"query-input":{"@type":"PropertyValueSpecification","valueRequired":true,"valueName":"search_term_string"}}],"inLanguage":"es"},{"@type":"Organization","@id":"https:\/\/www.sonoraenequipo.com.mx\/#organization","name":"Sonoraenequipo.com.mx","url":"https:\/\/www.sonoraenequipo.com.mx\/","logo":{"@type":"ImageObject","inLanguage":"es","@id":"https:\/\/www.sonoraenequipo.com.mx\/#\/schema\/logo\/image\/","url":"https:\/\/www.sonoraenequipo.com.mx\/storage\/2019\/01\/sonoraenequipo_opt.png","contentUrl":"https:\/\/www.sonoraenequipo.com.mx\/storage\/2019\/01\/sonoraenequipo_opt.png","width":375,"height":125,"caption":"Sonoraenequipo.com.mx"},"image":{"@id":"https:\/\/www.sonoraenequipo.com.mx\/#\/schema\/logo\/image\/"},"sameAs":["https:\/\/www.facebook.com\/SonoraEE\/","https:\/\/x.com\/sonoraenequipo","https:\/\/www.youtube.com\/channel\/UC338nW-lPEYmJQs4ZABQ1SQ"]},{"@type":"Person","@id":"https:\/\/www.sonoraenequipo.com.mx\/#\/schema\/person\/50102df0fb23a8fa9e8effad8fa81386","name":"enequipo","image":{"@type":"ImageObject","inLanguage":"es","@id":"https:\/\/www.sonoraenequipo.com.mx\/#\/schema\/person\/image\/","url":"https:\/\/secure.gravatar.com\/avatar\/049821681b589dabc0bc20695993ccebb09f5b5d4d790cd9251b97faac7c652b?s=96&d=blank&r=g","contentUrl":"https:\/\/secure.gravatar.com\/avatar\/049821681b589dabc0bc20695993ccebb09f5b5d4d790cd9251b97faac7c652b?s=96&d=blank&r=g","caption":"enequipo"},"sameAs":["https:\/\/www.facebook.com\/SonoraEE"]}]}},"jetpack_featured_media_url":"https:\/\/www.sonoraenequipo.com.mx\/storage\/2021\/03\/claussen_opt4.jpg","_links":{"self":[{"href":"https:\/\/www.sonoraenequipo.com.mx\/api\/wp\/v2\/posts\/108333","targetHints":{"allow":["GET"]}}],"collection":[{"href":"https:\/\/www.sonoraenequipo.com.mx\/api\/wp\/v2\/posts"}],"about":[{"href":"https:\/\/www.sonoraenequipo.com.mx\/api\/wp\/v2\/types\/post"}],"author":[{"embeddable":true,"href":"https:\/\/www.sonoraenequipo.com.mx\/api\/wp\/v2\/users\/1"}],"replies":[{"embeddable":true,"href":"https:\/\/www.sonoraenequipo.com.mx\/api\/wp\/v2\/comments?post=108333"}],"version-history":[{"count":1,"href":"https:\/\/www.sonoraenequipo.com.mx\/api\/wp\/v2\/posts\/108333\/revisions"}],"predecessor-version":[{"id":108336,"href":"https:\/\/www.sonoraenequipo.com.mx\/api\/wp\/v2\/posts\/108333\/revisions\/108336"}],"wp:featuredmedia":[{"embeddable":true,"href":"https:\/\/www.sonoraenequipo.com.mx\/api\/wp\/v2\/media\/108335"}],"wp:attachment":[{"href":"https:\/\/www.sonoraenequipo.com.mx\/api\/wp\/v2\/media?parent=108333"}],"wp:term":[{"taxonomy":"category","embeddable":true,"href":"https:\/\/www.sonoraenequipo.com.mx\/api\/wp\/v2\/categories?post=108333"},{"taxonomy":"post_tag","embeddable":true,"href":"https:\/\/www.sonoraenequipo.com.mx\/api\/wp\/v2\/tags?post=108333"}],"curies":[{"name":"wp","href":"https:\/\/api.w.org\/{rel}","templated":true}]}}