{"id":108342,"date":"2021-03-04T23:55:16","date_gmt":"2021-03-05T06:55:16","guid":{"rendered":"https:\/\/www.sonoraenequipo.com.mx\/?p=108342"},"modified":"2021-03-05T00:00:06","modified_gmt":"2021-03-05T07:00:06","slug":"reconoce-unicef-modelo-del-9-1-1-sonora-para-atencion-de-llamadas-por-violencia-contra-ninas-ninos-adolescentes-y-mujeres-anaya-cooley","status":"publish","type":"post","link":"https:\/\/www.sonoraenequipo.com.mx\/reconoce-unicef-modelo-del-9-1-1-sonora-para-atencion-de-llamadas-por-violencia-contra-ninas-ninos-adolescentes-y-mujeres-anaya-cooley\/","title":{"rendered":"Reconoce Unicef modelo del 9-1-1 Sonora para atenci\u00f3n de llamadas por violencia contra ni\u00f1as, ni\u00f1os, adolescentes y mujeres: Anaya Cooley"},"content":{"rendered":"<p>HERMOSILLO, SONORA. MX. \u2014 El Fondo de las Naciones Unidas para la Infancia (UNICEF), conoci\u00f3 a detalle de la forma en la que se brinda en Sonora atenci\u00f3n y seguimiento a los casos de violencia contra ni\u00f1as, ni\u00f1os, adolescentes y mujeres por medio de la l\u00ednea de emergencia 9-1-1, a trav\u00e9s del despacho de \u201c<em>Protecci\u00f3n Familiar\u201d<\/em> y lo reconoce como un modelo que puede ser replicado por las distintas entidades federativas del pa\u00eds, resalt\u00f3 David Anaya Cooley.<\/p>\n<p>&nbsp;<\/p>\n<p> <\/p>\n<p>&nbsp;<\/p>\n<p>El secretario de Seguridad P\u00fablica explic\u00f3 que luego de un trabajo a fondo, expertos de Unicef analizaron las buenas pr\u00e1cticas en la detecci\u00f3n, canalizaci\u00f3n y atenci\u00f3n de ni\u00f1as, ni\u00f1os, adolescentes y mujeres en situaciones de violencia por parte de los centros de atenci\u00f3n a llamadas de emergencia 911.<\/p>\n<p>&nbsp;<\/p>\n<p>Record\u00f3 que el Secretariado Ejecutivo del Sistema Nacional de Seguridad P\u00fablica tambi\u00e9n ha reconocido el modelo de coordinaci\u00f3n y funcionamiento del C5i Sonora en la atenci\u00f3n y seguimiento de llamadas por violencia contra mujeres, ni\u00f1as, ni\u00f1os y adolescentes; lo cual se considera una buena pr\u00e1ctica que debe sistematizarse, sostenerse y replicarse con el apoyo de Unicef.<\/p>\n<p>&nbsp;<\/p>\n<p>El modelo de \u201cProtecci\u00f3n Familiar\u201d dentro del C5i Sonora, mencion\u00f3, ha destacado por contar con personal especializado las 24 horas tanto del Instituto Sonorense de las Mujeres, DIF Sonora y Salud Mental y Adicciones, as\u00ed como la estrecha coordinaci\u00f3n con la Fiscal\u00eda General de Justicia y SIPINNA.<\/p>\n<p>&nbsp;<\/p>\n<p><em>\u201cEste momento es la cosecha de lo que hemos sembrado durante los \u00faltimos a\u00f1os en apoyo a la protecci\u00f3n y seguridad de las familias, quienes estamos aqu\u00ed de la mano con m\u00e1s instancias hemos recorrido un largo camino de aprendizaje para construir estos protocolos, rutas de atenci\u00f3n, coordinaci\u00f3n, an\u00e1lisis de informaci\u00f3n, estructuras completas a favor de la ciudadan\u00eda, para atender de una manera correcta y dar seguimiento integral a cada una de las mujeres, ni\u00f1as, ni\u00f1os y adolescentes que viven la violencia\u201d<\/em>, opin\u00f3.<\/p>\n<p>&nbsp;<\/p>\n<p>Dora Giusti, Jefa de Protecci\u00f3n UNICEF, se\u00f1al\u00f3 que el trabajo en Sonora se llev\u00f3 a cabo con el fin de desarrollar una propuesta de modelo de atenci\u00f3n y seguimiento de casos de violencia contra ni\u00f1as, ni\u00f1os, adolescentes y mujeres que pueda ser replicado por distintas entidades federativas del pa\u00eds.<\/p>\n<p>&nbsp;<\/p>\n<p><em>\u201cSonora puede inspirar a los dem\u00e1s y ampliar la capacidad del sistema para una atenci\u00f3n amigable y eficaz para ni\u00f1os, ni\u00f1as y adolescentes que viven episodios de violencia\u201d<\/em>, refiri\u00f3.<\/p>\n<p>&nbsp;<\/p>\n<p>Dijo que el ejemplo de Sonora puede ayudar a construir sistemas fortalecidos en otras entidades del pa\u00eds para cumplir con los desaf\u00edos y oportunidades y agreg\u00f3 que esperan seguir trabajando de la mano con la SSP, para lo cual la Unicef proveer\u00e1 un equipo de expertos que validar\u00e1n el conocimiento y la informaci\u00f3n que se requiera para tener esta buena pr\u00e1ctica.<\/p>\n<p>&nbsp;<\/p>\n<p>Fueron testigos de este importante reconocimiento a Sonora Leonardo Mier y Sara Ixshel Antill\u00f3n Esparza, oficiales nacionales de Protecci\u00f3n Unicef; \u00d3scar Laguna, subdirector del Centro Nacional de Informaci\u00f3n del Secretariado Ejecutivo del Sistema Nacional de Seguridad P\u00fablica; Claudia Indira Contreras C\u00f3rdova, Fiscal General de Justicia del Estado; Magdalena Souza Sorovilla, Vicefiscal de Feminicidios y Delitos por Razones de G\u00e9nero; Blanca Luz Salda\u00f1a, coordinadora del ISM; Wenceslao Cota Amador, director General de DIF Sonora; Juan Manuel Tong Pay\u00e1n, director de Salud Mental y Adicciones; Blanca Camacho Sosa, secretaria ejecutiva de Sipinna Sonora; Guadalupe Lares N\u00fa\u00f1ez, coordinadora del C5i, Cassandra L\u00f3pez Manzano, titular de la Unidad de Seguimiento Interinstitucional a Programas con Perspectiva de G\u00e9nero y Minerva Estrada, directora de Atenci\u00f3n Ciudadana.<\/p>\n<p>&nbsp;<\/p>\n<p>&nbsp;<\/p>\n<p>(Publicada el 04\/03\/2021)<\/p>\n","protected":false},"excerpt":{"rendered":"<p>HERMOSILLO, SONORA. MX. \u2014 El Fondo de las Naciones Unidas para la Infancia (UNICEF), conoci\u00f3&#8230;<\/p>\n","protected":false},"author":1,"featured_media":108345,"comment_status":"open","ping_status":"open","sticky":false,"template":"","format":"standard","meta":{"_monsterinsights_skip_tracking":false,"_monsterinsights_sitenote_active":false,"_monsterinsights_sitenote_note":"","_monsterinsights_sitenote_category":0,"footnotes":""},"categories":[22],"tags":[],"class_list":["post"],"yoast_head":" \n<title>Sonora en Equipo. Reconoce Unicef modelo del 9-1-1 Sonora para atenci\u00f3n de llamadas por violencia contra ni\u00f1as, ni\u00f1os, adolescentes y mujeres: Anaya Cooley Sonora<\/title>\n<meta name=\"description\" content=\"HERMOSILLO, SONORA. MX. \u2014 El Fondo de las Naciones Unidas para la Infancia (UNICEF), conoci\u00f3 a detalle de la forma en la que se brinda en Sonora atenci\u00f3n En Sonora en Equipo publicamos toda la informaci\u00f3n de Sonora, M\u00e9xico y el Mundo de manera oportuna y busca que la libertad de expresi\u00f3n sea real. Visita nuestro medio informativo publicado desde Hermosillo, Sonora. %\" \/>\n<meta name=\"robots\" content=\"index, follow, max-snippet:-1, max-image-preview:large, max-video-preview:-1\" \/>\n<link rel=\"canonical\" href=\"https:\/\/www.sonoraenequipo.com.mx\/reconoce-unicef-modelo-del-9-1-1-sonora-para-atencion-de-llamadas-por-violencia-contra-ninas-ninos-adolescentes-y-mujeres-anaya-cooley\/\" \/>\n<meta property=\"og:locale\" content=\"es_ES\" \/>\n<meta property=\"og:type\" content=\"article\" \/>\n<meta property=\"og:title\" content=\"Sonora en Equipo. Reconoce Unicef modelo del 9-1-1 Sonora para atenci\u00f3n de llamadas por violencia contra ni\u00f1as, ni\u00f1os, adolescentes y mujeres: Anaya Cooley Sonora\" \/>\n<meta property=\"og:description\" content=\"HERMOSILLO, SONORA. MX. \u2014 El Fondo de las Naciones Unidas para la Infancia (UNICEF), conoci\u00f3 a detalle de la forma en la que se brinda en Sonora atenci\u00f3n En Sonora en Equipo publicamos toda la informaci\u00f3n de Sonora, M\u00e9xico y el Mundo de manera oportuna y busca que la libertad de expresi\u00f3n sea real. Visita nuestro medio informativo publicado desde Hermosillo, Sonora. %\" \/>\n<meta property=\"og:url\" content=\"https:\/\/www.sonoraenequipo.com.mx\/reconoce-unicef-modelo-del-9-1-1-sonora-para-atencion-de-llamadas-por-violencia-contra-ninas-ninos-adolescentes-y-mujeres-anaya-cooley\/\" \/>\n<meta property=\"og:site_name\" content=\"Sonora en Equipo.\" \/>\n<meta property=\"article:publisher\" content=\"https:\/\/www.facebook.com\/SonoraEE\/\" \/>\n<meta property=\"article:author\" content=\"https:\/\/www.facebook.com\/SonoraEE\" \/>\n<meta property=\"article:published_time\" content=\"2021-03-05T06:55:16+00:00\" \/>\n<meta property=\"article:modified_time\" content=\"2021-03-05T07:00:06+00:00\" \/>\n<meta property=\"og:image\" content=\"https:\/\/www.sonoraenequipo.com.mx\/storage\/2021\/03\/911-ssp-0420108c.jpe.jpg\" \/>\n\t<meta property=\"og:image:width\" content=\"1280\" \/>\n\t<meta property=\"og:image:height\" content=\"847\" \/>\n\t<meta property=\"og:image:type\" content=\"image\/jpeg\" \/>\n<meta name=\"author\" content=\"enequipo\" \/>\n<meta name=\"twitter:card\" content=\"summary_large_image\" \/>\n<meta name=\"twitter:creator\" content=\"@sonoraenequipo\" \/>\n<meta name=\"twitter:site\" content=\"@sonoraenequipo\" \/>\n<meta name=\"twitter:label1\" content=\"Escrito por\" \/>\n\t<meta name=\"twitter:data1\" content=\"enequipo\" \/>\n\t<meta name=\"twitter:label2\" content=\"Tiempo de lectura\" \/>\n\t<meta name=\"twitter:data2\" content=\"3 minutos\" \/>\n<script type=\"application\/ld+json\" class=\"yoast-schema-graph\">{\"@context\":\"https:\/\/schema.org\",\"@graph\":[{\"@type\":\"Article\",\"@id\":\"https:\/\/www.sonoraenequipo.com.mx\/reconoce-unicef-modelo-del-9-1-1-sonora-para-atencion-de-llamadas-por-violencia-contra-ninas-ninos-adolescentes-y-mujeres-anaya-cooley\/#article\",\"isPartOf\":{\"@id\":\"https:\/\/www.sonoraenequipo.com.mx\/reconoce-unicef-modelo-del-9-1-1-sonora-para-atencion-de-llamadas-por-violencia-contra-ninas-ninos-adolescentes-y-mujeres-anaya-cooley\/\"},\"author\":{\"name\":\"enequipo\",\"@id\":\"https:\/\/www.sonoraenequipo.com.mx\/#\/schema\/person\/50102df0fb23a8fa9e8effad8fa81386\"},\"headline\":\"Reconoce Unicef modelo del 9-1-1 Sonora para atenci\u00f3n de llamadas por violencia contra ni\u00f1as, ni\u00f1os, adolescentes y mujeres: Anaya Cooley\",\"datePublished\":\"2021-03-05T06:55:16+00:00\",\"dateModified\":\"2021-03-05T07:00:06+00:00\",\"mainEntityOfPage\":{\"@id\":\"https:\/\/www.sonoraenequipo.com.mx\/reconoce-unicef-modelo-del-9-1-1-sonora-para-atencion-de-llamadas-por-violencia-contra-ninas-ninos-adolescentes-y-mujeres-anaya-cooley\/\"},\"wordCount\":670,\"commentCount\":0,\"publisher\":{\"@id\":\"https:\/\/www.sonoraenequipo.com.mx\/#organization\"},\"image\":{\"@id\":\"https:\/\/www.sonoraenequipo.com.mx\/reconoce-unicef-modelo-del-9-1-1-sonora-para-atencion-de-llamadas-por-violencia-contra-ninas-ninos-adolescentes-y-mujeres-anaya-cooley\/#primaryimage\"},\"thumbnailUrl\":\"https:\/\/www.sonoraenequipo.com.mx\/storage\/2021\/03\/911-ssp-0420108c.jpe.jpg\",\"articleSection\":[\"Sonora\"],\"inLanguage\":\"es\",\"potentialAction\":[{\"@type\":\"CommentAction\",\"name\":\"Comment\",\"target\":[\"https:\/\/www.sonoraenequipo.com.mx\/reconoce-unicef-modelo-del-9-1-1-sonora-para-atencion-de-llamadas-por-violencia-contra-ninas-ninos-adolescentes-y-mujeres-anaya-cooley\/#respond\"]}]},{\"@type\":\"WebPage\",\"@id\":\"https:\/\/www.sonoraenequipo.com.mx\/reconoce-unicef-modelo-del-9-1-1-sonora-para-atencion-de-llamadas-por-violencia-contra-ninas-ninos-adolescentes-y-mujeres-anaya-cooley\/\",\"url\":\"https:\/\/www.sonoraenequipo.com.mx\/reconoce-unicef-modelo-del-9-1-1-sonora-para-atencion-de-llamadas-por-violencia-contra-ninas-ninos-adolescentes-y-mujeres-anaya-cooley\/\",\"name\":\"Sonora en Equipo. Reconoce Unicef modelo del 9-1-1 Sonora para atenci\u00f3n de llamadas por violencia contra ni\u00f1as, ni\u00f1os, adolescentes y mujeres: Anaya Cooley Sonora\",\"isPartOf\":{\"@id\":\"https:\/\/www.sonoraenequipo.com.mx\/#website\"},\"primaryImageOfPage\":{\"@id\":\"https:\/\/www.sonoraenequipo.com.mx\/reconoce-unicef-modelo-del-9-1-1-sonora-para-atencion-de-llamadas-por-violencia-contra-ninas-ninos-adolescentes-y-mujeres-anaya-cooley\/#primaryimage\"},\"image\":{\"@id\":\"https:\/\/www.sonoraenequipo.com.mx\/reconoce-unicef-modelo-del-9-1-1-sonora-para-atencion-de-llamadas-por-violencia-contra-ninas-ninos-adolescentes-y-mujeres-anaya-cooley\/#primaryimage\"},\"thumbnailUrl\":\"https:\/\/www.sonoraenequipo.com.mx\/storage\/2021\/03\/911-ssp-0420108c.jpe.jpg\",\"datePublished\":\"2021-03-05T06:55:16+00:00\",\"dateModified\":\"2021-03-05T07:00:06+00:00\",\"description\":\"HERMOSILLO, SONORA. MX. \u2014 El Fondo de las Naciones Unidas para la Infancia (UNICEF), conoci\u00f3 a detalle de la forma en la que se brinda en Sonora atenci\u00f3n En Sonora en Equipo publicamos toda la informaci\u00f3n de Sonora, M\u00e9xico y el Mundo de manera oportuna y busca que la libertad de expresi\u00f3n sea real. Visita nuestro medio informativo publicado desde Hermosillo, Sonora. %\",\"breadcrumb\":{\"@id\":\"https:\/\/www.sonoraenequipo.com.mx\/reconoce-unicef-modelo-del-9-1-1-sonora-para-atencion-de-llamadas-por-violencia-contra-ninas-ninos-adolescentes-y-mujeres-anaya-cooley\/#breadcrumb\"},\"inLanguage\":\"es\",\"potentialAction\":[{\"@type\":\"ReadAction\",\"target\":[\"https:\/\/www.sonoraenequipo.com.mx\/reconoce-unicef-modelo-del-9-1-1-sonora-para-atencion-de-llamadas-por-violencia-contra-ninas-ninos-adolescentes-y-mujeres-anaya-cooley\/\"]}]},{\"@type\":\"ImageObject\",\"inLanguage\":\"es\",\"@id\":\"https:\/\/www.sonoraenequipo.com.mx\/reconoce-unicef-modelo-del-9-1-1-sonora-para-atencion-de-llamadas-por-violencia-contra-ninas-ninos-adolescentes-y-mujeres-anaya-cooley\/#primaryimage\",\"url\":\"https:\/\/www.sonoraenequipo.com.mx\/storage\/2021\/03\/911-ssp-0420108c.jpe.jpg\",\"contentUrl\":\"https:\/\/www.sonoraenequipo.com.mx\/storage\/2021\/03\/911-ssp-0420108c.jpe.jpg\",\"width\":1280,\"height\":847},{\"@type\":\"BreadcrumbList\",\"@id\":\"https:\/\/www.sonoraenequipo.com.mx\/reconoce-unicef-modelo-del-9-1-1-sonora-para-atencion-de-llamadas-por-violencia-contra-ninas-ninos-adolescentes-y-mujeres-anaya-cooley\/#breadcrumb\",\"itemListElement\":[{\"@type\":\"ListItem\",\"position\":1,\"name\":\"Portada\",\"item\":\"https:\/\/www.sonoraenequipo.com.mx\/\"},{\"@type\":\"ListItem\",\"position\":2,\"name\":\"Reconoce Unicef modelo del 9-1-1 Sonora para atenci\u00f3n de llamadas por violencia contra ni\u00f1as, ni\u00f1os, adolescentes y mujeres: Anaya Cooley\"}]},{\"@type\":\"WebSite\",\"@id\":\"https:\/\/www.sonoraenequipo.com.mx\/#website\",\"url\":\"https:\/\/www.sonoraenequipo.com.mx\/\",\"name\":\"Sonora en Equipo.\",\"description\":\"Diario en l\u00ednea con Noticias desde Hermosillo, Sonora\",\"publisher\":{\"@id\":\"https:\/\/www.sonoraenequipo.com.mx\/#organization\"},\"potentialAction\":[{\"@type\":\"SearchAction\",\"target\":{\"@type\":\"EntryPoint\",\"urlTemplate\":\"https:\/\/www.sonoraenequipo.com.mx\/?s={search_term_string}\"},\"query-input\":{\"@type\":\"PropertyValueSpecification\",\"valueRequired\":true,\"valueName\":\"search_term_string\"}}],\"inLanguage\":\"es\"},{\"@type\":\"Organization\",\"@id\":\"https:\/\/www.sonoraenequipo.com.mx\/#organization\",\"name\":\"Sonoraenequipo.com.mx\",\"url\":\"https:\/\/www.sonoraenequipo.com.mx\/\",\"logo\":{\"@type\":\"ImageObject\",\"inLanguage\":\"es\",\"@id\":\"https:\/\/www.sonoraenequipo.com.mx\/#\/schema\/logo\/image\/\",\"url\":\"https:\/\/www.sonoraenequipo.com.mx\/storage\/2019\/01\/sonoraenequipo_opt.png\",\"contentUrl\":\"https:\/\/www.sonoraenequipo.com.mx\/storage\/2019\/01\/sonoraenequipo_opt.png\",\"width\":375,\"height\":125,\"caption\":\"Sonoraenequipo.com.mx\"},\"image\":{\"@id\":\"https:\/\/www.sonoraenequipo.com.mx\/#\/schema\/logo\/image\/\"},\"sameAs\":[\"https:\/\/www.facebook.com\/SonoraEE\/\",\"https:\/\/x.com\/sonoraenequipo\",\"https:\/\/www.youtube.com\/channel\/UC338nW-lPEYmJQs4ZABQ1SQ\"]},{\"@type\":\"Person\",\"@id\":\"https:\/\/www.sonoraenequipo.com.mx\/#\/schema\/person\/50102df0fb23a8fa9e8effad8fa81386\",\"name\":\"enequipo\",\"image\":{\"@type\":\"ImageObject\",\"inLanguage\":\"es\",\"@id\":\"https:\/\/www.sonoraenequipo.com.mx\/#\/schema\/person\/image\/\",\"url\":\"https:\/\/secure.gravatar.com\/avatar\/049821681b589dabc0bc20695993ccebb09f5b5d4d790cd9251b97faac7c652b?s=96&d=blank&r=g\",\"contentUrl\":\"https:\/\/secure.gravatar.com\/avatar\/049821681b589dabc0bc20695993ccebb09f5b5d4d790cd9251b97faac7c652b?s=96&d=blank&r=g\",\"caption\":\"enequipo\"},\"sameAs\":[\"https:\/\/www.facebook.com\/SonoraEE\"]}]}<\/script>\n ","yoast_head_json":{"title":"Sonora en Equipo. Reconoce Unicef modelo del 9-1-1 Sonora para atenci\u00f3n de llamadas por violencia contra ni\u00f1as, ni\u00f1os, adolescentes y mujeres: Anaya Cooley Sonora","description":"HERMOSILLO, SONORA. MX. \u2014 El Fondo de las Naciones Unidas para la Infancia (UNICEF), conoci\u00f3 a detalle de la forma en la que se brinda en Sonora atenci\u00f3n En Sonora en Equipo publicamos toda la informaci\u00f3n de Sonora, M\u00e9xico y el Mundo de manera oportuna y busca que la libertad de expresi\u00f3n sea real. Visita nuestro medio informativo publicado desde Hermosillo, Sonora. %","robots":{"index":"index","follow":"follow","max-snippet":"max-snippet:-1","max-image-preview":"max-image-preview:large","max-video-preview":"max-video-preview:-1"},"canonical":"https:\/\/www.sonoraenequipo.com.mx\/reconoce-unicef-modelo-del-9-1-1-sonora-para-atencion-de-llamadas-por-violencia-contra-ninas-ninos-adolescentes-y-mujeres-anaya-cooley\/","og_locale":"es_ES","og_type":"article","og_title":"Sonora en Equipo. Reconoce Unicef modelo del 9-1-1 Sonora para atenci\u00f3n de llamadas por violencia contra ni\u00f1as, ni\u00f1os, adolescentes y mujeres: Anaya Cooley Sonora","og_description":"HERMOSILLO, SONORA. MX. \u2014 El Fondo de las Naciones Unidas para la Infancia (UNICEF), conoci\u00f3 a detalle de la forma en la que se brinda en Sonora atenci\u00f3n En Sonora en Equipo publicamos toda la informaci\u00f3n de Sonora, M\u00e9xico y el Mundo de manera oportuna y busca que la libertad de expresi\u00f3n sea real. Visita nuestro medio informativo publicado desde Hermosillo, Sonora. %","og_url":"https:\/\/www.sonoraenequipo.com.mx\/reconoce-unicef-modelo-del-9-1-1-sonora-para-atencion-de-llamadas-por-violencia-contra-ninas-ninos-adolescentes-y-mujeres-anaya-cooley\/","og_site_name":"Sonora en Equipo.","article_publisher":"https:\/\/www.facebook.com\/SonoraEE\/","article_author":"https:\/\/www.facebook.com\/SonoraEE","article_published_time":"2021-03-05T06:55:16+00:00","article_modified_time":"2021-03-05T07:00:06+00:00","og_image":[{"width":1280,"height":847,"url":"https:\/\/www.sonoraenequipo.com.mx\/storage\/2021\/03\/911-ssp-0420108c.jpe.jpg","type":"image\/jpeg"}],"author":"enequipo","twitter_card":"summary_large_image","twitter_creator":"@sonoraenequipo","twitter_site":"@sonoraenequipo","twitter_misc":{"Escrito por":"enequipo","Tiempo de lectura":"3 minutos"},"schema":{"@context":"https:\/\/schema.org","@graph":[{"@type":"Article","@id":"https:\/\/www.sonoraenequipo.com.mx\/reconoce-unicef-modelo-del-9-1-1-sonora-para-atencion-de-llamadas-por-violencia-contra-ninas-ninos-adolescentes-y-mujeres-anaya-cooley\/#article","isPartOf":{"@id":"https:\/\/www.sonoraenequipo.com.mx\/reconoce-unicef-modelo-del-9-1-1-sonora-para-atencion-de-llamadas-por-violencia-contra-ninas-ninos-adolescentes-y-mujeres-anaya-cooley\/"},"author":{"name":"enequipo","@id":"https:\/\/www.sonoraenequipo.com.mx\/#\/schema\/person\/50102df0fb23a8fa9e8effad8fa81386"},"headline":"Reconoce Unicef modelo del 9-1-1 Sonora para atenci\u00f3n de llamadas por violencia contra ni\u00f1as, ni\u00f1os, adolescentes y mujeres: Anaya Cooley","datePublished":"2021-03-05T06:55:16+00:00","dateModified":"2021-03-05T07:00:06+00:00","mainEntityOfPage":{"@id":"https:\/\/www.sonoraenequipo.com.mx\/reconoce-unicef-modelo-del-9-1-1-sonora-para-atencion-de-llamadas-por-violencia-contra-ninas-ninos-adolescentes-y-mujeres-anaya-cooley\/"},"wordCount":670,"commentCount":0,"publisher":{"@id":"https:\/\/www.sonoraenequipo.com.mx\/#organization"},"image":{"@id":"https:\/\/www.sonoraenequipo.com.mx\/reconoce-unicef-modelo-del-9-1-1-sonora-para-atencion-de-llamadas-por-violencia-contra-ninas-ninos-adolescentes-y-mujeres-anaya-cooley\/#primaryimage"},"thumbnailUrl":"https:\/\/www.sonoraenequipo.com.mx\/storage\/2021\/03\/911-ssp-0420108c.jpe.jpg","articleSection":["Sonora"],"inLanguage":"es","potentialAction":[{"@type":"CommentAction","name":"Comment","target":["https:\/\/www.sonoraenequipo.com.mx\/reconoce-unicef-modelo-del-9-1-1-sonora-para-atencion-de-llamadas-por-violencia-contra-ninas-ninos-adolescentes-y-mujeres-anaya-cooley\/#respond"]}]},{"@type":"WebPage","@id":"https:\/\/www.sonoraenequipo.com.mx\/reconoce-unicef-modelo-del-9-1-1-sonora-para-atencion-de-llamadas-por-violencia-contra-ninas-ninos-adolescentes-y-mujeres-anaya-cooley\/","url":"https:\/\/www.sonoraenequipo.com.mx\/reconoce-unicef-modelo-del-9-1-1-sonora-para-atencion-de-llamadas-por-violencia-contra-ninas-ninos-adolescentes-y-mujeres-anaya-cooley\/","name":"Sonora en Equipo. Reconoce Unicef modelo del 9-1-1 Sonora para atenci\u00f3n de llamadas por violencia contra ni\u00f1as, ni\u00f1os, adolescentes y mujeres: Anaya Cooley Sonora","isPartOf":{"@id":"https:\/\/www.sonoraenequipo.com.mx\/#website"},"primaryImageOfPage":{"@id":"https:\/\/www.sonoraenequipo.com.mx\/reconoce-unicef-modelo-del-9-1-1-sonora-para-atencion-de-llamadas-por-violencia-contra-ninas-ninos-adolescentes-y-mujeres-anaya-cooley\/#primaryimage"},"image":{"@id":"https:\/\/www.sonoraenequipo.com.mx\/reconoce-unicef-modelo-del-9-1-1-sonora-para-atencion-de-llamadas-por-violencia-contra-ninas-ninos-adolescentes-y-mujeres-anaya-cooley\/#primaryimage"},"thumbnailUrl":"https:\/\/www.sonoraenequipo.com.mx\/storage\/2021\/03\/911-ssp-0420108c.jpe.jpg","datePublished":"2021-03-05T06:55:16+00:00","dateModified":"2021-03-05T07:00:06+00:00","description":"HERMOSILLO, SONORA. MX. \u2014 El Fondo de las Naciones Unidas para la Infancia (UNICEF), conoci\u00f3 a detalle de la forma en la que se brinda en Sonora atenci\u00f3n En Sonora en Equipo publicamos toda la informaci\u00f3n de Sonora, M\u00e9xico y el Mundo de manera oportuna y busca que la libertad de expresi\u00f3n sea real. Visita nuestro medio informativo publicado desde Hermosillo, Sonora. %","breadcrumb":{"@id":"https:\/\/www.sonoraenequipo.com.mx\/reconoce-unicef-modelo-del-9-1-1-sonora-para-atencion-de-llamadas-por-violencia-contra-ninas-ninos-adolescentes-y-mujeres-anaya-cooley\/#breadcrumb"},"inLanguage":"es","potentialAction":[{"@type":"ReadAction","target":["https:\/\/www.sonoraenequipo.com.mx\/reconoce-unicef-modelo-del-9-1-1-sonora-para-atencion-de-llamadas-por-violencia-contra-ninas-ninos-adolescentes-y-mujeres-anaya-cooley\/"]}]},{"@type":"ImageObject","inLanguage":"es","@id":"https:\/\/www.sonoraenequipo.com.mx\/reconoce-unicef-modelo-del-9-1-1-sonora-para-atencion-de-llamadas-por-violencia-contra-ninas-ninos-adolescentes-y-mujeres-anaya-cooley\/#primaryimage","url":"https:\/\/www.sonoraenequipo.com.mx\/storage\/2021\/03\/911-ssp-0420108c.jpe.jpg","contentUrl":"https:\/\/www.sonoraenequipo.com.mx\/storage\/2021\/03\/911-ssp-0420108c.jpe.jpg","width":1280,"height":847},{"@type":"BreadcrumbList","@id":"https:\/\/www.sonoraenequipo.com.mx\/reconoce-unicef-modelo-del-9-1-1-sonora-para-atencion-de-llamadas-por-violencia-contra-ninas-ninos-adolescentes-y-mujeres-anaya-cooley\/#breadcrumb","itemListElement":[{"@type":"ListItem","position":1,"name":"Portada","item":"https:\/\/www.sonoraenequipo.com.mx\/"},{"@type":"ListItem","position":2,"name":"Reconoce Unicef modelo del 9-1-1 Sonora para atenci\u00f3n de llamadas por violencia contra ni\u00f1as, ni\u00f1os, adolescentes y mujeres: Anaya Cooley"}]},{"@type":"WebSite","@id":"https:\/\/www.sonoraenequipo.com.mx\/#website","url":"https:\/\/www.sonoraenequipo.com.mx\/","name":"Sonora en Equipo.","description":"Diario en l\u00ednea con Noticias desde Hermosillo, Sonora","publisher":{"@id":"https:\/\/www.sonoraenequipo.com.mx\/#organization"},"potentialAction":[{"@type":"SearchAction","target":{"@type":"EntryPoint","urlTemplate":"https:\/\/www.sonoraenequipo.com.mx\/?s={search_term_string}"},"query-input":{"@type":"PropertyValueSpecification","valueRequired":true,"valueName":"search_term_string"}}],"inLanguage":"es"},{"@type":"Organization","@id":"https:\/\/www.sonoraenequipo.com.mx\/#organization","name":"Sonoraenequipo.com.mx","url":"https:\/\/www.sonoraenequipo.com.mx\/","logo":{"@type":"ImageObject","inLanguage":"es","@id":"https:\/\/www.sonoraenequipo.com.mx\/#\/schema\/logo\/image\/","url":"https:\/\/www.sonoraenequipo.com.mx\/storage\/2019\/01\/sonoraenequipo_opt.png","contentUrl":"https:\/\/www.sonoraenequipo.com.mx\/storage\/2019\/01\/sonoraenequipo_opt.png","width":375,"height":125,"caption":"Sonoraenequipo.com.mx"},"image":{"@id":"https:\/\/www.sonoraenequipo.com.mx\/#\/schema\/logo\/image\/"},"sameAs":["https:\/\/www.facebook.com\/SonoraEE\/","https:\/\/x.com\/sonoraenequipo","https:\/\/www.youtube.com\/channel\/UC338nW-lPEYmJQs4ZABQ1SQ"]},{"@type":"Person","@id":"https:\/\/www.sonoraenequipo.com.mx\/#\/schema\/person\/50102df0fb23a8fa9e8effad8fa81386","name":"enequipo","image":{"@type":"ImageObject","inLanguage":"es","@id":"https:\/\/www.sonoraenequipo.com.mx\/#\/schema\/person\/image\/","url":"https:\/\/secure.gravatar.com\/avatar\/049821681b589dabc0bc20695993ccebb09f5b5d4d790cd9251b97faac7c652b?s=96&d=blank&r=g","contentUrl":"https:\/\/secure.gravatar.com\/avatar\/049821681b589dabc0bc20695993ccebb09f5b5d4d790cd9251b97faac7c652b?s=96&d=blank&r=g","caption":"enequipo"},"sameAs":["https:\/\/www.facebook.com\/SonoraEE"]}]}},"jetpack_featured_media_url":"https:\/\/www.sonoraenequipo.com.mx\/storage\/2021\/03\/911-ssp-0420108c.jpe.jpg","_links":{"self":[{"href":"https:\/\/www.sonoraenequipo.com.mx\/api\/wp\/v2\/posts\/108342","targetHints":{"allow":["GET"]}}],"collection":[{"href":"https:\/\/www.sonoraenequipo.com.mx\/api\/wp\/v2\/posts"}],"about":[{"href":"https:\/\/www.sonoraenequipo.com.mx\/api\/wp\/v2\/types\/post"}],"author":[{"embeddable":true,"href":"https:\/\/www.sonoraenequipo.com.mx\/api\/wp\/v2\/users\/1"}],"replies":[{"embeddable":true,"href":"https:\/\/www.sonoraenequipo.com.mx\/api\/wp\/v2\/comments?post=108342"}],"version-history":[{"count":1,"href":"https:\/\/www.sonoraenequipo.com.mx\/api\/wp\/v2\/posts\/108342\/revisions"}],"predecessor-version":[{"id":108344,"href":"https:\/\/www.sonoraenequipo.com.mx\/api\/wp\/v2\/posts\/108342\/revisions\/108344"}],"wp:featuredmedia":[{"embeddable":true,"href":"https:\/\/www.sonoraenequipo.com.mx\/api\/wp\/v2\/media\/108345"}],"wp:attachment":[{"href":"https:\/\/www.sonoraenequipo.com.mx\/api\/wp\/v2\/media?parent=108342"}],"wp:term":[{"taxonomy":"category","embeddable":true,"href":"https:\/\/www.sonoraenequipo.com.mx\/api\/wp\/v2\/categories?post=108342"},{"taxonomy":"post_tag","embeddable":true,"href":"https:\/\/www.sonoraenequipo.com.mx\/api\/wp\/v2\/tags?post=108342"}],"curies":[{"name":"wp","href":"https:\/\/api.w.org\/{rel}","templated":true}]}}