{"id":108347,"date":"2021-03-05T04:50:09","date_gmt":"2021-03-05T11:50:09","guid":{"rendered":"https:\/\/www.sonoraenequipo.com.mx\/?p=108347"},"modified":"2021-03-05T00:25:31","modified_gmt":"2021-03-05T07:25:31","slug":"procurar-justicia-con-perspectiva-de-genero-transforma-la-vida-de-las-mujeres-sonorenses-fgjes","status":"publish","type":"post","link":"https:\/\/www.sonoraenequipo.com.mx\/procurar-justicia-con-perspectiva-de-genero-transforma-la-vida-de-las-mujeres-sonorenses-fgjes\/","title":{"rendered":"Procurar justicia con perspectiva de g\u00e9nero, transforma la vida de las mujeres sonorenses: FGJES"},"content":{"rendered":"<p>HERMOSILLO, SONORA. MX. \u2014 En un ejercicio de Fiscal\u00eda abierta y cercana a la gente, la Fiscal General dio a conocer en forma detallada y expl\u00edcita, por espacio de 2 horas con 10 minutos, cada uno de las programas y acciones implementadas como parte de una Fiscal\u00eda que procura justicia con perspectiva de g\u00e9nero.<\/p>\n<p>&nbsp;<\/p>\n<p> <\/p>\n<p>&nbsp;<\/p>\n<p><em>\u201cEn Sonora hemos logrado disminuir en un 25.64 % la incidencia de los casos de Feminicidio, al igual que los delitos de Homicidios contra Mujeres comparativamente del a\u00f1o 2019 al 2020, esto derivado de acciones que, de manera transversal, hemos venido realizando las distintas dependencias y la sociedad civil organizada, todas y todos; aqu\u00ed se ve refleja el trabajo de a\u00f1os que tanto las instituciones como los distintos colectivos y organizaciones de mujeres hemos realizado en beneficio de las Mujeres\u201d<\/em>: Fiscal General.<\/p>\n<p>&nbsp;<\/p>\n<p>&nbsp;<\/p>\n<p>Detall\u00f3 que del a\u00f1o 2015 a lo que ha transcurrido del 2021 se tienen registrados 188 casos por feminicidio, de los cuales 183 se han judicializado, es decir el 97.34% y de esos 147 han obtenido ya sentencia condenatoria, esto significa un 78.19% de los casos; en cuanto a homicidios dolosos en contra de mujeres se han contabilizado 234 casos, en el mismo periodo de tiempo, y se obtuvieron 223 sentencias condenatorias, esto representa un 95.30%.<\/p>\n<p>&nbsp;<\/p>\n<p>&nbsp;<\/p>\n<p>Hermosillo, Sonora, marzo 4 de 2021.- En un ejercicio de Fiscal\u00eda abierta y cercana a la gente, la Fiscal General dio a conocer en forma detallada y expl\u00edcita, por espacio de 2 horas con 10 minutos, cada uno de las programas y acciones implementadas como parte de una Fiscal\u00eda que procura justicia con perspectiva de g\u00e9nero.<\/p>\n<p>&nbsp;<\/p>\n<p>&nbsp;<\/p>\n<p>En reuni\u00f3n virtual, a trav\u00e9s de las redes sociales de la FGJE Sonora, la Fiscal de Justicia estuvo respondiendo inquietudes sobre violencia de g\u00e9nero, feminicidio, acoso sexual, violencia intrafamiliar, y otros temas que la audiencia le iba cuestionando, mientras ella expon\u00eda los logros y avances que ha conseguido esta Instituci\u00f3n.<\/p>\n<p>&nbsp;<\/p>\n<p>&nbsp;<\/p>\n<p><em>\u201cEn Sonora hemos logrado disminuir en un 25.64 % la incidencia de los casos de Feminicidio, al igual que los delitos de homicidios contra mujeres comparativamente del a\u00f1o 2019 al 2020, esto derivado de acciones que, de manera transversal, hemos venido realizando las distintas dependencias y la sociedad civil organizada, todas y todos; aqu\u00ed se ve refleja el trabajo de a\u00f1os que tanto las instituciones como los distintos colectivos y organizaciones de mujeres hemos realizado en beneficio de las mujeres\u201d,<\/em> manifest\u00f3 la Fiscal General.<\/p>\n<p>&nbsp;<\/p>\n<p><em>\u201cTiene que ver con el trabajo de todas y de todos, aqu\u00ed el trabajo coordinado, el trabajo que cada quien, desde su trinchera, ha venido realizando, el trabajo que han venido realizando los distintos colectivos de mujeres, que han ido visibilizando la situaci\u00f3n de violencia previniendo el delito, entonces creo que han venido dando resultado tambi\u00e9n algunas estrategias muy espec\u00edficas que distintas dependencias han venido realizando, como el Protocolo ALVI que coordina la Secretar\u00eda de Seguridad P\u00fablica y en la cual estamos 50 instituciones y distintas dependencias, o \u00e1reas de distintas dependencias, del Estado.<br \/>\n<\/em><\/p>\n<p>&nbsp;<\/p>\n<p>&nbsp;<\/p>\n<p>La Fiscal General quiso dejar en claro que algunos colectivos que dan cuenta de los delitos contra la mujer llevan una metodolog\u00eda diferente a la utilizada por la FGJE Sonora, y que eso no est\u00e1 mal, pero esa es una de las razones por las que no coinciden las cifras registradas; sin embargo, ambas, tanto la Fiscal\u00eda como las organizaciones de mujeres, buscan un objetivo claro y com\u00fan, que es, que no haya m\u00e1s v\u00edctimas de violencia ni m\u00e1s feminicidios.<\/p>\n<p>&nbsp;<\/p>\n<p>Detall\u00f3 que del a\u00f1o 2015 a lo que ha transcurrido del 2021 se tienen registrados 188 casos por feminicidio, de los cuales 183 se han judicializado, es decir el 97.34% y de esos 147 han obtenido ya sentencia condenatoria, esto significa un 78.19% de los casos; en cuanto a homicidios dolosos en contra de mujeres se han contabilizado 234 casos, en el mismo periodo de tiempo, y se obtuvieron 223 sentencias condenatorias, esto representa un 95.30%.<\/p>\n<p>&nbsp;<\/p>\n<p>Durante su exposici\u00f3n tambi\u00e9n explic\u00f3 que hay grupos que le han solicitado el establecimiento de una Unidad de An\u00e1lisis de Contexto, la cual ya es una realidad y est\u00e1 a cargo de Mar\u00eda Salguero, reconocida investigadora a nivel internacional por haber creado y desarrollado el Mapa de Feminicidios en M\u00e9xico.<\/p>\n<p>&nbsp;<\/p>\n<p>Por otro lado, detall\u00f3 las mejoras que la FGJE Sonora ha tenido en cuanto a infraestructura para atender a las mujeres v\u00edctimas de violencia, pues ahora se cuenta con los Centros de Justicia para las Mujeres (CJM), ubicados en Hermosillo y Cajeme, y ya se tiene un terreno para hacer realidad uno m\u00e1s en San Luis R\u00edo Colorado. Puntualiz\u00f3 que en el CJM de Cajeme desde 2016 a la fecha se han atendido m\u00e1s de 23,000 personas y en el de Hermosillo, desde su inauguraci\u00f3n en julio de 2020, m\u00e1s de 2,400 usuarias.<\/p>\n<p>&nbsp;<\/p>\n<p>Enfatiz\u00f3 que los Centros de Justicia son espacios para todas las mujeres y sus hijos e hijas, son lugares donde siempre ser\u00e1n bienvenidas para recibir asesor\u00eda y atenci\u00f3n sobre las inquietudes que las aquejen, y tanto ellas como su familia pueden contar con el apoyo que requieran si son v\u00edctimas de violencia.<\/p>\n<p>&nbsp;<\/p>\n<p>Tambi\u00e9n enumer\u00f3 otros espacios f\u00edsicos de obras civiles en que la Fiscal\u00eda ha invertido y son ahora una realidad: el Centro Estatal de Datos y An\u00e1lisis Estrat\u00e9gico del Delito (CEDAE) donde se desarrollan los softwares que actualmente utiliza la FGJE Sonora, el Laboratorio de Inteligencia Cient\u00edfica Forense (CIF), que es un soporte important\u00edsimo en las investigaciones, y las nuevas sedes regionales en Navojoa, Guaymas y Caborca.<\/p>\n<p>&nbsp;<\/p>\n<p>Refiri\u00f3 que la Fiscal\u00eda de Sonora ha innovado con la implementaci\u00f3n y utilizaci\u00f3n de nuevas metodolog\u00edas, que han sido apoyo para la reducci\u00f3n de casos de feminicidio o la detecci\u00f3n de casos de violencia familiar, como: el reto de los 100 d\u00edas de resultados r\u00e1pidos, el programa de detecci\u00f3n de Violencia de Alto Riesgo (VAR), el modelo de tres pisos, el Protocolo Alba, y otros programas que han impulsado la protecci\u00f3n cautelar de las v\u00edctimas de violencia, el \u00e9xito del procedimiento abreviado en las sentencias condenatorias y m\u00e1s recientemente se ha iniciado la implementaci\u00f3n de la Pol\u00edtica de Persecuci\u00f3n Penal.<\/p>\n<p>Destac\u00f3 el desarrollo e implementaci\u00f3n de acciones estrat\u00e9gicas para difundir el derecho de las mujeres a una vida libre de violencia, como los mecanismos de denuncia y la cultura de la no violencia, y acentu\u00f3 la implementaci\u00f3n del programa \u201cHecho en Casa\u201d que surgi\u00f3 como una alternativa para que las usuarias de los CJM, jefas de familia, pudieran generar recursos, sin descuidar a sus hijas e hijos durante la pandemia, y comercializaran productos que se demandaba durante la misma contingencia, todo con el prop\u00f3sito de empoderar a las mujeres.<\/p>\n<p>Antes de finalizar record\u00f3 que \u201cM\u00e9xico Eval\u00faa\u201d en su \u00faltimo reporte otorg\u00f3 el Primer Lugar Nacional a la FGJE Sonora en los rubros de resoluci\u00f3n de casos, sentencias condenatorias por procedimiento abreviado, y detenciones calificadas como legales, as\u00ed como el Segundo Lugar Nacional en casos de personas vinculadas a proceso, v\u00edctimas atendidas por un asesor jur\u00eddico, y en procedimientos derivados a justicia alternativa.<\/p>\n<p>&nbsp;<\/p>\n<p>En el transcurso de su presentaci\u00f3n, la Fiscal fue intercalando informaci\u00f3n de rendici\u00f3n de cuentas con las respuestas a preguntas vertidas por quienes siguieron la transmisi\u00f3n y aclar\u00f3 que el Centro de Justicia para las Mujeres ofrece atenci\u00f3n tambi\u00e9n los fines de semana.<\/p>\n<p>&nbsp;<\/p>\n<p>(Publicada el 05\/03\/2021)<\/p>\n","protected":false},"excerpt":{"rendered":"<p>HERMOSILLO, SONORA. MX. \u2014 En un ejercicio de Fiscal\u00eda abierta y cercana a la gente,&#8230;<\/p>\n","protected":false},"author":1,"featured_media":108358,"comment_status":"open","ping_status":"open","sticky":false,"template":"","format":"standard","meta":{"_monsterinsights_skip_tracking":false,"_monsterinsights_sitenote_active":false,"_monsterinsights_sitenote_note":"","_monsterinsights_sitenote_category":0,"footnotes":""},"categories":[22],"tags":[],"class_list":["post"],"yoast_head":" \n<title>Sonora en Equipo. Procurar justicia con perspectiva de g\u00e9nero, transforma la vida de las mujeres sonorenses: FGJES Sonora<\/title>\n<meta name=\"description\" content=\"HERMOSILLO, SONORA. MX. \u2014 En un ejercicio de Fiscal\u00eda abierta y cercana a la gente, la Fiscal General dio a conocer en forma detallada y expl\u00edcita, por En Sonora en Equipo publicamos toda la informaci\u00f3n de Sonora, M\u00e9xico y el Mundo de manera oportuna y busca que la libertad de expresi\u00f3n sea real. Visita nuestro medio informativo publicado desde Hermosillo, Sonora. %\" \/>\n<meta name=\"robots\" content=\"index, follow, max-snippet:-1, max-image-preview:large, max-video-preview:-1\" \/>\n<link rel=\"canonical\" href=\"https:\/\/www.sonoraenequipo.com.mx\/procurar-justicia-con-perspectiva-de-genero-transforma-la-vida-de-las-mujeres-sonorenses-fgjes\/\" \/>\n<meta property=\"og:locale\" content=\"es_ES\" \/>\n<meta property=\"og:type\" content=\"article\" \/>\n<meta property=\"og:title\" content=\"Sonora en Equipo. Procurar justicia con perspectiva de g\u00e9nero, transforma la vida de las mujeres sonorenses: FGJES Sonora\" \/>\n<meta property=\"og:description\" content=\"HERMOSILLO, SONORA. MX. \u2014 En un ejercicio de Fiscal\u00eda abierta y cercana a la gente, la Fiscal General dio a conocer en forma detallada y expl\u00edcita, por En Sonora en Equipo publicamos toda la informaci\u00f3n de Sonora, M\u00e9xico y el Mundo de manera oportuna y busca que la libertad de expresi\u00f3n sea real. Visita nuestro medio informativo publicado desde Hermosillo, Sonora. %\" \/>\n<meta property=\"og:url\" content=\"https:\/\/www.sonoraenequipo.com.mx\/procurar-justicia-con-perspectiva-de-genero-transforma-la-vida-de-las-mujeres-sonorenses-fgjes\/\" \/>\n<meta property=\"og:site_name\" content=\"Sonora en Equipo.\" \/>\n<meta property=\"article:publisher\" content=\"https:\/\/www.facebook.com\/SonoraEE\/\" \/>\n<meta property=\"article:author\" content=\"https:\/\/www.facebook.com\/SonoraEE\" \/>\n<meta property=\"article:published_time\" content=\"2021-03-05T11:50:09+00:00\" \/>\n<meta property=\"og:image\" content=\"https:\/\/www.sonoraenequipo.com.mx\/storage\/2021\/03\/Procuradora-1_opt.jpg\" \/>\n\t<meta property=\"og:image:width\" content=\"601\" \/>\n\t<meta property=\"og:image:height\" content=\"400\" \/>\n\t<meta property=\"og:image:type\" content=\"image\/jpeg\" \/>\n<meta name=\"author\" content=\"enequipo\" \/>\n<meta name=\"twitter:card\" content=\"summary_large_image\" \/>\n<meta name=\"twitter:creator\" content=\"@sonoraenequipo\" \/>\n<meta name=\"twitter:site\" content=\"@sonoraenequipo\" \/>\n<meta name=\"twitter:label1\" content=\"Escrito por\" \/>\n\t<meta name=\"twitter:data1\" content=\"enequipo\" \/>\n\t<meta name=\"twitter:label2\" content=\"Tiempo de lectura\" \/>\n\t<meta name=\"twitter:data2\" content=\"6 minutos\" \/>\n<script type=\"application\/ld+json\" class=\"yoast-schema-graph\">{\"@context\":\"https:\/\/schema.org\",\"@graph\":[{\"@type\":\"Article\",\"@id\":\"https:\/\/www.sonoraenequipo.com.mx\/procurar-justicia-con-perspectiva-de-genero-transforma-la-vida-de-las-mujeres-sonorenses-fgjes\/#article\",\"isPartOf\":{\"@id\":\"https:\/\/www.sonoraenequipo.com.mx\/procurar-justicia-con-perspectiva-de-genero-transforma-la-vida-de-las-mujeres-sonorenses-fgjes\/\"},\"author\":{\"name\":\"enequipo\",\"@id\":\"https:\/\/www.sonoraenequipo.com.mx\/#\/schema\/person\/50102df0fb23a8fa9e8effad8fa81386\"},\"headline\":\"Procurar justicia con perspectiva de g\u00e9nero, transforma la vida de las mujeres sonorenses: FGJES\",\"datePublished\":\"2021-03-05T11:50:09+00:00\",\"mainEntityOfPage\":{\"@id\":\"https:\/\/www.sonoraenequipo.com.mx\/procurar-justicia-con-perspectiva-de-genero-transforma-la-vida-de-las-mujeres-sonorenses-fgjes\/\"},\"wordCount\":1288,\"commentCount\":0,\"publisher\":{\"@id\":\"https:\/\/www.sonoraenequipo.com.mx\/#organization\"},\"image\":{\"@id\":\"https:\/\/www.sonoraenequipo.com.mx\/procurar-justicia-con-perspectiva-de-genero-transforma-la-vida-de-las-mujeres-sonorenses-fgjes\/#primaryimage\"},\"thumbnailUrl\":\"https:\/\/www.sonoraenequipo.com.mx\/storage\/2021\/03\/Procuradora-1_opt.jpg\",\"articleSection\":[\"Sonora\"],\"inLanguage\":\"es\",\"potentialAction\":[{\"@type\":\"CommentAction\",\"name\":\"Comment\",\"target\":[\"https:\/\/www.sonoraenequipo.com.mx\/procurar-justicia-con-perspectiva-de-genero-transforma-la-vida-de-las-mujeres-sonorenses-fgjes\/#respond\"]}]},{\"@type\":\"WebPage\",\"@id\":\"https:\/\/www.sonoraenequipo.com.mx\/procurar-justicia-con-perspectiva-de-genero-transforma-la-vida-de-las-mujeres-sonorenses-fgjes\/\",\"url\":\"https:\/\/www.sonoraenequipo.com.mx\/procurar-justicia-con-perspectiva-de-genero-transforma-la-vida-de-las-mujeres-sonorenses-fgjes\/\",\"name\":\"Sonora en Equipo. Procurar justicia con perspectiva de g\u00e9nero, transforma la vida de las mujeres sonorenses: FGJES Sonora\",\"isPartOf\":{\"@id\":\"https:\/\/www.sonoraenequipo.com.mx\/#website\"},\"primaryImageOfPage\":{\"@id\":\"https:\/\/www.sonoraenequipo.com.mx\/procurar-justicia-con-perspectiva-de-genero-transforma-la-vida-de-las-mujeres-sonorenses-fgjes\/#primaryimage\"},\"image\":{\"@id\":\"https:\/\/www.sonoraenequipo.com.mx\/procurar-justicia-con-perspectiva-de-genero-transforma-la-vida-de-las-mujeres-sonorenses-fgjes\/#primaryimage\"},\"thumbnailUrl\":\"https:\/\/www.sonoraenequipo.com.mx\/storage\/2021\/03\/Procuradora-1_opt.jpg\",\"datePublished\":\"2021-03-05T11:50:09+00:00\",\"description\":\"HERMOSILLO, SONORA. MX. \u2014 En un ejercicio de Fiscal\u00eda abierta y cercana a la gente, la Fiscal General dio a conocer en forma detallada y expl\u00edcita, por En Sonora en Equipo publicamos toda la informaci\u00f3n de Sonora, M\u00e9xico y el Mundo de manera oportuna y busca que la libertad de expresi\u00f3n sea real. Visita nuestro medio informativo publicado desde Hermosillo, Sonora. %\",\"breadcrumb\":{\"@id\":\"https:\/\/www.sonoraenequipo.com.mx\/procurar-justicia-con-perspectiva-de-genero-transforma-la-vida-de-las-mujeres-sonorenses-fgjes\/#breadcrumb\"},\"inLanguage\":\"es\",\"potentialAction\":[{\"@type\":\"ReadAction\",\"target\":[\"https:\/\/www.sonoraenequipo.com.mx\/procurar-justicia-con-perspectiva-de-genero-transforma-la-vida-de-las-mujeres-sonorenses-fgjes\/\"]}]},{\"@type\":\"ImageObject\",\"inLanguage\":\"es\",\"@id\":\"https:\/\/www.sonoraenequipo.com.mx\/procurar-justicia-con-perspectiva-de-genero-transforma-la-vida-de-las-mujeres-sonorenses-fgjes\/#primaryimage\",\"url\":\"https:\/\/www.sonoraenequipo.com.mx\/storage\/2021\/03\/Procuradora-1_opt.jpg\",\"contentUrl\":\"https:\/\/www.sonoraenequipo.com.mx\/storage\/2021\/03\/Procuradora-1_opt.jpg\",\"width\":601,\"height\":400},{\"@type\":\"BreadcrumbList\",\"@id\":\"https:\/\/www.sonoraenequipo.com.mx\/procurar-justicia-con-perspectiva-de-genero-transforma-la-vida-de-las-mujeres-sonorenses-fgjes\/#breadcrumb\",\"itemListElement\":[{\"@type\":\"ListItem\",\"position\":1,\"name\":\"Portada\",\"item\":\"https:\/\/www.sonoraenequipo.com.mx\/\"},{\"@type\":\"ListItem\",\"position\":2,\"name\":\"Procurar justicia con perspectiva de g\u00e9nero, transforma la vida de las mujeres sonorenses: FGJES\"}]},{\"@type\":\"WebSite\",\"@id\":\"https:\/\/www.sonoraenequipo.com.mx\/#website\",\"url\":\"https:\/\/www.sonoraenequipo.com.mx\/\",\"name\":\"Sonora en Equipo.\",\"description\":\"Diario en l\u00ednea con Noticias desde Hermosillo, Sonora\",\"publisher\":{\"@id\":\"https:\/\/www.sonoraenequipo.com.mx\/#organization\"},\"potentialAction\":[{\"@type\":\"SearchAction\",\"target\":{\"@type\":\"EntryPoint\",\"urlTemplate\":\"https:\/\/www.sonoraenequipo.com.mx\/?s={search_term_string}\"},\"query-input\":{\"@type\":\"PropertyValueSpecification\",\"valueRequired\":true,\"valueName\":\"search_term_string\"}}],\"inLanguage\":\"es\"},{\"@type\":\"Organization\",\"@id\":\"https:\/\/www.sonoraenequipo.com.mx\/#organization\",\"name\":\"Sonoraenequipo.com.mx\",\"url\":\"https:\/\/www.sonoraenequipo.com.mx\/\",\"logo\":{\"@type\":\"ImageObject\",\"inLanguage\":\"es\",\"@id\":\"https:\/\/www.sonoraenequipo.com.mx\/#\/schema\/logo\/image\/\",\"url\":\"https:\/\/www.sonoraenequipo.com.mx\/storage\/2019\/01\/sonoraenequipo_opt.png\",\"contentUrl\":\"https:\/\/www.sonoraenequipo.com.mx\/storage\/2019\/01\/sonoraenequipo_opt.png\",\"width\":375,\"height\":125,\"caption\":\"Sonoraenequipo.com.mx\"},\"image\":{\"@id\":\"https:\/\/www.sonoraenequipo.com.mx\/#\/schema\/logo\/image\/\"},\"sameAs\":[\"https:\/\/www.facebook.com\/SonoraEE\/\",\"https:\/\/x.com\/sonoraenequipo\",\"https:\/\/www.youtube.com\/channel\/UC338nW-lPEYmJQs4ZABQ1SQ\"]},{\"@type\":\"Person\",\"@id\":\"https:\/\/www.sonoraenequipo.com.mx\/#\/schema\/person\/50102df0fb23a8fa9e8effad8fa81386\",\"name\":\"enequipo\",\"image\":{\"@type\":\"ImageObject\",\"inLanguage\":\"es\",\"@id\":\"https:\/\/www.sonoraenequipo.com.mx\/#\/schema\/person\/image\/\",\"url\":\"https:\/\/secure.gravatar.com\/avatar\/049821681b589dabc0bc20695993ccebb09f5b5d4d790cd9251b97faac7c652b?s=96&d=blank&r=g\",\"contentUrl\":\"https:\/\/secure.gravatar.com\/avatar\/049821681b589dabc0bc20695993ccebb09f5b5d4d790cd9251b97faac7c652b?s=96&d=blank&r=g\",\"caption\":\"enequipo\"},\"sameAs\":[\"https:\/\/www.facebook.com\/SonoraEE\"]}]}<\/script>\n ","yoast_head_json":{"title":"Sonora en Equipo. Procurar justicia con perspectiva de g\u00e9nero, transforma la vida de las mujeres sonorenses: FGJES Sonora","description":"HERMOSILLO, SONORA. MX. \u2014 En un ejercicio de Fiscal\u00eda abierta y cercana a la gente, la Fiscal General dio a conocer en forma detallada y expl\u00edcita, por En Sonora en Equipo publicamos toda la informaci\u00f3n de Sonora, M\u00e9xico y el Mundo de manera oportuna y busca que la libertad de expresi\u00f3n sea real. Visita nuestro medio informativo publicado desde Hermosillo, Sonora. %","robots":{"index":"index","follow":"follow","max-snippet":"max-snippet:-1","max-image-preview":"max-image-preview:large","max-video-preview":"max-video-preview:-1"},"canonical":"https:\/\/www.sonoraenequipo.com.mx\/procurar-justicia-con-perspectiva-de-genero-transforma-la-vida-de-las-mujeres-sonorenses-fgjes\/","og_locale":"es_ES","og_type":"article","og_title":"Sonora en Equipo. Procurar justicia con perspectiva de g\u00e9nero, transforma la vida de las mujeres sonorenses: FGJES Sonora","og_description":"HERMOSILLO, SONORA. MX. \u2014 En un ejercicio de Fiscal\u00eda abierta y cercana a la gente, la Fiscal General dio a conocer en forma detallada y expl\u00edcita, por En Sonora en Equipo publicamos toda la informaci\u00f3n de Sonora, M\u00e9xico y el Mundo de manera oportuna y busca que la libertad de expresi\u00f3n sea real. Visita nuestro medio informativo publicado desde Hermosillo, Sonora. %","og_url":"https:\/\/www.sonoraenequipo.com.mx\/procurar-justicia-con-perspectiva-de-genero-transforma-la-vida-de-las-mujeres-sonorenses-fgjes\/","og_site_name":"Sonora en Equipo.","article_publisher":"https:\/\/www.facebook.com\/SonoraEE\/","article_author":"https:\/\/www.facebook.com\/SonoraEE","article_published_time":"2021-03-05T11:50:09+00:00","og_image":[{"width":601,"height":400,"url":"https:\/\/www.sonoraenequipo.com.mx\/storage\/2021\/03\/Procuradora-1_opt.jpg","type":"image\/jpeg"}],"author":"enequipo","twitter_card":"summary_large_image","twitter_creator":"@sonoraenequipo","twitter_site":"@sonoraenequipo","twitter_misc":{"Escrito por":"enequipo","Tiempo de lectura":"6 minutos"},"schema":{"@context":"https:\/\/schema.org","@graph":[{"@type":"Article","@id":"https:\/\/www.sonoraenequipo.com.mx\/procurar-justicia-con-perspectiva-de-genero-transforma-la-vida-de-las-mujeres-sonorenses-fgjes\/#article","isPartOf":{"@id":"https:\/\/www.sonoraenequipo.com.mx\/procurar-justicia-con-perspectiva-de-genero-transforma-la-vida-de-las-mujeres-sonorenses-fgjes\/"},"author":{"name":"enequipo","@id":"https:\/\/www.sonoraenequipo.com.mx\/#\/schema\/person\/50102df0fb23a8fa9e8effad8fa81386"},"headline":"Procurar justicia con perspectiva de g\u00e9nero, transforma la vida de las mujeres sonorenses: FGJES","datePublished":"2021-03-05T11:50:09+00:00","mainEntityOfPage":{"@id":"https:\/\/www.sonoraenequipo.com.mx\/procurar-justicia-con-perspectiva-de-genero-transforma-la-vida-de-las-mujeres-sonorenses-fgjes\/"},"wordCount":1288,"commentCount":0,"publisher":{"@id":"https:\/\/www.sonoraenequipo.com.mx\/#organization"},"image":{"@id":"https:\/\/www.sonoraenequipo.com.mx\/procurar-justicia-con-perspectiva-de-genero-transforma-la-vida-de-las-mujeres-sonorenses-fgjes\/#primaryimage"},"thumbnailUrl":"https:\/\/www.sonoraenequipo.com.mx\/storage\/2021\/03\/Procuradora-1_opt.jpg","articleSection":["Sonora"],"inLanguage":"es","potentialAction":[{"@type":"CommentAction","name":"Comment","target":["https:\/\/www.sonoraenequipo.com.mx\/procurar-justicia-con-perspectiva-de-genero-transforma-la-vida-de-las-mujeres-sonorenses-fgjes\/#respond"]}]},{"@type":"WebPage","@id":"https:\/\/www.sonoraenequipo.com.mx\/procurar-justicia-con-perspectiva-de-genero-transforma-la-vida-de-las-mujeres-sonorenses-fgjes\/","url":"https:\/\/www.sonoraenequipo.com.mx\/procurar-justicia-con-perspectiva-de-genero-transforma-la-vida-de-las-mujeres-sonorenses-fgjes\/","name":"Sonora en Equipo. Procurar justicia con perspectiva de g\u00e9nero, transforma la vida de las mujeres sonorenses: FGJES Sonora","isPartOf":{"@id":"https:\/\/www.sonoraenequipo.com.mx\/#website"},"primaryImageOfPage":{"@id":"https:\/\/www.sonoraenequipo.com.mx\/procurar-justicia-con-perspectiva-de-genero-transforma-la-vida-de-las-mujeres-sonorenses-fgjes\/#primaryimage"},"image":{"@id":"https:\/\/www.sonoraenequipo.com.mx\/procurar-justicia-con-perspectiva-de-genero-transforma-la-vida-de-las-mujeres-sonorenses-fgjes\/#primaryimage"},"thumbnailUrl":"https:\/\/www.sonoraenequipo.com.mx\/storage\/2021\/03\/Procuradora-1_opt.jpg","datePublished":"2021-03-05T11:50:09+00:00","description":"HERMOSILLO, SONORA. MX. \u2014 En un ejercicio de Fiscal\u00eda abierta y cercana a la gente, la Fiscal General dio a conocer en forma detallada y expl\u00edcita, por En Sonora en Equipo publicamos toda la informaci\u00f3n de Sonora, M\u00e9xico y el Mundo de manera oportuna y busca que la libertad de expresi\u00f3n sea real. Visita nuestro medio informativo publicado desde Hermosillo, Sonora. %","breadcrumb":{"@id":"https:\/\/www.sonoraenequipo.com.mx\/procurar-justicia-con-perspectiva-de-genero-transforma-la-vida-de-las-mujeres-sonorenses-fgjes\/#breadcrumb"},"inLanguage":"es","potentialAction":[{"@type":"ReadAction","target":["https:\/\/www.sonoraenequipo.com.mx\/procurar-justicia-con-perspectiva-de-genero-transforma-la-vida-de-las-mujeres-sonorenses-fgjes\/"]}]},{"@type":"ImageObject","inLanguage":"es","@id":"https:\/\/www.sonoraenequipo.com.mx\/procurar-justicia-con-perspectiva-de-genero-transforma-la-vida-de-las-mujeres-sonorenses-fgjes\/#primaryimage","url":"https:\/\/www.sonoraenequipo.com.mx\/storage\/2021\/03\/Procuradora-1_opt.jpg","contentUrl":"https:\/\/www.sonoraenequipo.com.mx\/storage\/2021\/03\/Procuradora-1_opt.jpg","width":601,"height":400},{"@type":"BreadcrumbList","@id":"https:\/\/www.sonoraenequipo.com.mx\/procurar-justicia-con-perspectiva-de-genero-transforma-la-vida-de-las-mujeres-sonorenses-fgjes\/#breadcrumb","itemListElement":[{"@type":"ListItem","position":1,"name":"Portada","item":"https:\/\/www.sonoraenequipo.com.mx\/"},{"@type":"ListItem","position":2,"name":"Procurar justicia con perspectiva de g\u00e9nero, transforma la vida de las mujeres sonorenses: FGJES"}]},{"@type":"WebSite","@id":"https:\/\/www.sonoraenequipo.com.mx\/#website","url":"https:\/\/www.sonoraenequipo.com.mx\/","name":"Sonora en Equipo.","description":"Diario en l\u00ednea con Noticias desde Hermosillo, Sonora","publisher":{"@id":"https:\/\/www.sonoraenequipo.com.mx\/#organization"},"potentialAction":[{"@type":"SearchAction","target":{"@type":"EntryPoint","urlTemplate":"https:\/\/www.sonoraenequipo.com.mx\/?s={search_term_string}"},"query-input":{"@type":"PropertyValueSpecification","valueRequired":true,"valueName":"search_term_string"}}],"inLanguage":"es"},{"@type":"Organization","@id":"https:\/\/www.sonoraenequipo.com.mx\/#organization","name":"Sonoraenequipo.com.mx","url":"https:\/\/www.sonoraenequipo.com.mx\/","logo":{"@type":"ImageObject","inLanguage":"es","@id":"https:\/\/www.sonoraenequipo.com.mx\/#\/schema\/logo\/image\/","url":"https:\/\/www.sonoraenequipo.com.mx\/storage\/2019\/01\/sonoraenequipo_opt.png","contentUrl":"https:\/\/www.sonoraenequipo.com.mx\/storage\/2019\/01\/sonoraenequipo_opt.png","width":375,"height":125,"caption":"Sonoraenequipo.com.mx"},"image":{"@id":"https:\/\/www.sonoraenequipo.com.mx\/#\/schema\/logo\/image\/"},"sameAs":["https:\/\/www.facebook.com\/SonoraEE\/","https:\/\/x.com\/sonoraenequipo","https:\/\/www.youtube.com\/channel\/UC338nW-lPEYmJQs4ZABQ1SQ"]},{"@type":"Person","@id":"https:\/\/www.sonoraenequipo.com.mx\/#\/schema\/person\/50102df0fb23a8fa9e8effad8fa81386","name":"enequipo","image":{"@type":"ImageObject","inLanguage":"es","@id":"https:\/\/www.sonoraenequipo.com.mx\/#\/schema\/person\/image\/","url":"https:\/\/secure.gravatar.com\/avatar\/049821681b589dabc0bc20695993ccebb09f5b5d4d790cd9251b97faac7c652b?s=96&d=blank&r=g","contentUrl":"https:\/\/secure.gravatar.com\/avatar\/049821681b589dabc0bc20695993ccebb09f5b5d4d790cd9251b97faac7c652b?s=96&d=blank&r=g","caption":"enequipo"},"sameAs":["https:\/\/www.facebook.com\/SonoraEE"]}]}},"jetpack_featured_media_url":"https:\/\/www.sonoraenequipo.com.mx\/storage\/2021\/03\/Procuradora-1_opt.jpg","_links":{"self":[{"href":"https:\/\/www.sonoraenequipo.com.mx\/api\/wp\/v2\/posts\/108347","targetHints":{"allow":["GET"]}}],"collection":[{"href":"https:\/\/www.sonoraenequipo.com.mx\/api\/wp\/v2\/posts"}],"about":[{"href":"https:\/\/www.sonoraenequipo.com.mx\/api\/wp\/v2\/types\/post"}],"author":[{"embeddable":true,"href":"https:\/\/www.sonoraenequipo.com.mx\/api\/wp\/v2\/users\/1"}],"replies":[{"embeddable":true,"href":"https:\/\/www.sonoraenequipo.com.mx\/api\/wp\/v2\/comments?post=108347"}],"version-history":[{"count":1,"href":"https:\/\/www.sonoraenequipo.com.mx\/api\/wp\/v2\/posts\/108347\/revisions"}],"predecessor-version":[{"id":108359,"href":"https:\/\/www.sonoraenequipo.com.mx\/api\/wp\/v2\/posts\/108347\/revisions\/108359"}],"wp:featuredmedia":[{"embeddable":true,"href":"https:\/\/www.sonoraenequipo.com.mx\/api\/wp\/v2\/media\/108358"}],"wp:attachment":[{"href":"https:\/\/www.sonoraenequipo.com.mx\/api\/wp\/v2\/media?parent=108347"}],"wp:term":[{"taxonomy":"category","embeddable":true,"href":"https:\/\/www.sonoraenequipo.com.mx\/api\/wp\/v2\/categories?post=108347"},{"taxonomy":"post_tag","embeddable":true,"href":"https:\/\/www.sonoraenequipo.com.mx\/api\/wp\/v2\/tags?post=108347"}],"curies":[{"name":"wp","href":"https:\/\/api.w.org\/{rel}","templated":true}]}}