{"id":108360,"date":"2021-03-05T05:10:06","date_gmt":"2021-03-05T12:10:06","guid":{"rendered":"https:\/\/www.sonoraenequipo.com.mx\/?p=108360"},"modified":"2021-03-05T01:04:28","modified_gmt":"2021-03-05T08:04:28","slug":"se-fortalecen-mecanismos-de-colaboracion-y-coordinacion-fiscal-gobernadora-claudia-pavlovich-y-secretario-de-hacienda-arturo-herrera","status":"publish","type":"post","link":"https:\/\/www.sonoraenequipo.com.mx\/se-fortalecen-mecanismos-de-colaboracion-y-coordinacion-fiscal-gobernadora-claudia-pavlovich-y-secretario-de-hacienda-arturo-herrera\/","title":{"rendered":"Se fortalecen mecanismos de colaboraci\u00f3n y coordinaci\u00f3n fiscal: Gobernadora Claudia Pavlovich y secretario de Hacienda, Arturo Herrera"},"content":{"rendered":"<p>HERMOSILLO, SONRORA. MX. \u2014 La implementaci\u00f3n en Sonora de un esquema de auditor\u00edas en tiempo real sobre el manejo de los recursos de las y los sonorenses da certeza de que est\u00e1n siendo usados de forma correcta y en beneficio de la ciudadan\u00eda, lo que adem\u00e1s ha colocado a la entidad en los primeros lugares a nivel nacional en materia de transparencia y rendici\u00f3n de cuentas, asever\u00f3 la gobernadora <strong>Claudia Pavlovich Arellano<\/strong> ante el secretario de Hacienda y Cr\u00e9dito P\u00fablico, Arturo Herrera Guti\u00e9rrez, quien destac\u00f3 el trabajo de la mandataria sonorense en este rengl\u00f3n.<\/p>\n<p>&nbsp;<\/p>\n<p> <\/p>\n<p>&nbsp;<\/p>\n<p>En gira de trabajo por Sonora, el secretario de Hacienda federal,<strong> Arturo Herrera y la gobernadora Pavlovich<\/strong> desahogaron una agenda que incluy\u00f3 una reuni\u00f3n con empresarios, ante quienes se plante\u00f3 el calendario previsto a nivel nacional para la adquisici\u00f3n de vacunas contra COVID-19 y e<em>l \u201cProyecto de transformaci\u00f3n integral Garita Mariposa\u201d<\/em>, en Nogales Sonora, para agilizar la exportaci\u00f3n en la frontera norte, toda vez que este es el principal cruce fronterizo de entre Sonora y Arizona con gran dinamismo comercial, tur\u00edstico e industrial.<\/p>\n<p>&nbsp;<\/p>\n<p>&nbsp;<\/p>\n<p>Esta frontera conecta tres de los diez m\u00e1s importantes puertos de Estados Unidos: Los \u00c1ngeles, San Francisco, Seattle con los puertos mexicanos de Guaymas, Topolobampo y Mazatl\u00e1n, por lo que los empresarios destacaron la importancia de modernizarlo, con el fin de promover el desarrollo de infraestructura de enlace y conectividad de mercanc\u00edas y personas de la regi\u00f3n y fortalecer las redes de transporte y nodos de comercio exterior.<\/p>\n<p>&nbsp;<\/p>\n<p>&nbsp;<\/p>\n<p>El secretario de Hacienda Federal asegur\u00f3 que analizar\u00e1 la inclusi\u00f3n de la modernizaci\u00f3n de la garita Mariposa en el paquete de obras que ya se tienen consideradas para esta franja fronteriza del pa\u00eds.<\/p>\n<p>&nbsp;<\/p>\n<p>&nbsp;<\/p>\n<p>Durante la gira de trabajo del secretario de Hacienda y Cr\u00e9dito P\u00fablico y en el marco de la presentaci\u00f3n del informe anual del Comit\u00e9 Coordinador del Sistema Estatal Anticorrupci\u00f3n 2019-2020, la gobernadora Pavlovich revel\u00f3 que en 2017 se reform\u00f3 la Constituci\u00f3n Pol\u00edtica de Sonora para crear el Sistema Estatal Anticorrupci\u00f3n, logrando ser el primer estado en dotar a su ente fiscalizador de facultades para hacer auditor\u00edas en tiempo real de todo el ejercicio de gobierno.<\/p>\n<p>&nbsp;<\/p>\n<p><em>\u201cNuestro estado fue el primero y \u00fanico en dotar a su ente fiscalizador estatal de la facultad para hacer auditor\u00edas en tiempo real, tambi\u00e9n, insisto, pasamos de estar entre los seis peores a nivel nacional por los montos observados, a estar entre los tres mejores con menos monto observado, no lo digo yo, lo dicen las instituciones fiscalizadoras, tenemos el orgullo nacional, por su control interno y sus resultados tras procesos de planeaci\u00f3n, transparencia y rendici\u00f3n de cuentas\u201d,<\/em> asever\u00f3.<\/p>\n<p>&nbsp;<\/p>\n<p>&nbsp;<\/p>\n<p>La gobernadora Pavlovich a\u00f1adi\u00f3 que el uso correcto y transparente de los recursos ha permitido obtener resultados muy positivos como que no haya procedimientos abierto contra los procesos de licitaci\u00f3n y que las y los sonorenses puedan conocer el destino de cada peso que se invierte en infraestructura, a trav\u00e9s del portal <strong>tuobra.mx.<\/strong><\/p>\n<p>&nbsp;<\/p>\n<p><strong>Arturo Herrera Guti\u00e9rrez,<\/strong> destac\u00f3 que el trabajo desarrollado en Sonora permite implementar una auditor\u00eda ciudadana, donde cualquier persona puede verificar a d\u00f3nde se van los recursos.<\/p>\n<p>&nbsp;<\/p>\n<p><em><img loading=\"lazy\" decoding=\"async\" class=\"size-medium  x-left\" src=\"https:\/\/www.sonoraenequipo.com.mx\/storage\/2021\/03\/coord-shcp-y-gobson-1_opt-548x365.jpg\" alt=\"\" width=\"548\" height=\"365\" \/>\u201cMuy bien, nos quedamos muy gratamente impresionados con lo que nos presentaron en la reuni\u00f3n del sistema estatal anticorrupci\u00f3n; creo que muy bien la participaci\u00f3n de la sociedad civil en ese \u00f3rgano es importante\u201d<\/em>, destac\u00f3.<\/p>\n<p>&nbsp;<\/p>\n<p>El titular de Hacienda federal reconoci\u00f3 las auditor\u00edas en tiempo real que se realizan en Sonora y se refiri\u00f3 a los avances que registra Sonora en materia de transparencia.<\/p>\n<p>&nbsp;<\/p>\n<p>&nbsp;<\/p>\n<p><em>\u201cYo creo que m\u00e1s all\u00e1 de los lugares donde pueda estar, lo que eso nos da, es la certeza de que podemos colaborar y que los recursos que nosotros pongamos van a ser utilizados para un buen fin y eso ha logrado generar una relaci\u00f3n muy constructiva, no solo con nosotros en Hacienda, creo que hay una relaci\u00f3n de confianza muy productiva y muy fruct\u00edfera con el presidente de la Rep\u00fablica\u201d<\/em>, dijo.<\/p>\n<p>&nbsp;<\/p>\n<p>&nbsp;<\/p>\n<p><strong>Miguel \u00c1ngel Murillo Aispuro,<\/strong> secretario de la Contralor\u00eda General, mencion\u00f3 que las pol\u00edticas implementadas por la gobernadora Pavlovich en materia de transparencia en el ejercicio de los recursos, han permitido que Sonora se ubique en los primeros lugares nacionales con menos monto observado.<\/p>\n<p>&nbsp;<\/p>\n<p>&nbsp;<\/p>\n<p>En la reuni\u00f3n, <strong>Jes\u00fas Ram\u00f3n Moya Grijalva,<\/strong> auditor mayor del Instituto Superior de Auditor\u00eda y Fiscalizaci\u00f3n (ISAF), revel\u00f3 que en 2016 esta instancia hizo 104 auditor\u00edas al Gobierno del Estado y en la revisi\u00f3n de la Cuenta P\u00fablica esta increment\u00f3 a mil 006 auditor\u00edas, lo que representa un avance significativo en materia de transparencia.<\/p>\n<p>&nbsp;<\/p>\n<p><strong>Irma Laura Murillo Lozoya,<\/strong> presidenta del Sistema Estatal Anticorrupci\u00f3n asegur\u00f3 que Sonora es de los pocos estados en el pa\u00eds en contar con una Pol\u00edtica Estatal Anticorrupci\u00f3n, que deber\u00eda ser una pol\u00edtica obligatoria en el ejercicio de la funci\u00f3n p\u00fablica.<\/p>\n<p>&nbsp;<\/p>\n<p>&nbsp;<\/p>\n<p>Durante la gira de trabajo, la gobernadora Pavlovich y el secretario de Hacienda sostuvieron una reuni\u00f3n para conocer el proyecto de la empresa LNG Alliance PTE, de Singapur, para llevar a cabo la exportaci\u00f3n de gas natural licuado desde Sonora hacia otras partes del pa\u00eds y del mundo, que se establecer\u00eda en el puerto de Guaymas.<\/p>\n<p>&nbsp;<\/p>\n<p>&nbsp;<\/p>\n<p>Presentes:<strong> Francisco Guti\u00e9rrez Rodr\u00edguez, <\/strong>presidente del Supremo Tribunal de Justicia del Estado<strong>; Aldo Gerardo Padilla Pesta\u00f1o, <\/strong>magistrado presidente del Tribunal de Justicia Administrativa;<strong> Francisco Cuevas S\u00e1enz,<\/strong> comisionado presidente del ISTAI;<strong> Rafael Valenzuela Mendoza,<\/strong><em> integrante del CPC Sonora;<\/em> <strong>Ra\u00fal Guill\u00e9n, <\/strong>secretario t\u00e9cnico de la Secretar\u00eda Ejecutiva del Sistema Estatal Anticorrupci\u00f3n; <strong>Odracir Espinoza Valdez;<\/strong> fiscal Anticorrupci\u00f3n de Sonora;<strong> Griselda Ofelia Pandura,<\/strong> magistrada representante del Consejo del Poder Judicial del Estado; <strong>Miriam Monreal e Iv\u00e1n Andrade Rembau,<\/strong> integrantes del CPC Sonora;<strong> Epifanio Salido Pavlovich,<\/strong> jefe de la Oficina del Ejecutivo; <strong>Daniel Galindo Ruiz, <\/strong>tesorero;<strong> Enrique Ruiz S\u00e1nchez<\/strong>, director de ProSonora; <strong>Fernando Arechederra Mustre, <\/strong>titular de la Unidad de Coordinaci\u00f3n con Entidades Federativas de la SHCP; <strong>Roberto V\u00e1zquez Mu\u00f1oz, <\/strong>representante del proyecto de gas en Guaymas;<strong> y Gabriela P\u00e9rez Oroz de Espriu, <\/strong>de Broker Inmobiliaria y empresarios del estado.<\/p>\n<p>&nbsp;<\/p>\n<p>&nbsp;<\/p>\n<p>(Publicada el 05\/03\/2021)<\/p>\n","protected":false},"excerpt":{"rendered":"<p>HERMOSILLO, SONRORA. MX. \u2014 La implementaci\u00f3n en Sonora de un esquema de auditor\u00edas en tiempo&#8230;<\/p>\n","protected":false},"author":1,"featured_media":108362,"comment_status":"open","ping_status":"open","sticky":false,"template":"","format":"standard","meta":{"_monsterinsights_skip_tracking":false,"_monsterinsights_sitenote_active":false,"_monsterinsights_sitenote_note":"","_monsterinsights_sitenote_category":0,"footnotes":""},"categories":[22],"tags":[],"class_list":["post"],"yoast_head":" \n<title>Sonora en Equipo. Se fortalecen mecanismos de colaboraci\u00f3n y coordinaci\u00f3n fiscal: Gobernadora Claudia Pavlovich y secretario de Hacienda, Arturo Herrera Sonora<\/title>\n<meta name=\"description\" content=\"HERMOSILLO, SONRORA. MX. \u2014 La implementaci\u00f3n en Sonora de un esquema de auditor\u00edas en tiempo real sobre el manejo de los recursos de las y los sonorenses En Sonora en Equipo publicamos toda la informaci\u00f3n de Sonora, M\u00e9xico y el Mundo de manera oportuna y busca que la libertad de expresi\u00f3n sea real. Visita nuestro medio informativo publicado desde Hermosillo, Sonora. %\" \/>\n<meta name=\"robots\" content=\"index, follow, max-snippet:-1, max-image-preview:large, max-video-preview:-1\" \/>\n<link rel=\"canonical\" href=\"https:\/\/www.sonoraenequipo.com.mx\/se-fortalecen-mecanismos-de-colaboracion-y-coordinacion-fiscal-gobernadora-claudia-pavlovich-y-secretario-de-hacienda-arturo-herrera\/\" \/>\n<meta property=\"og:locale\" content=\"es_ES\" \/>\n<meta property=\"og:type\" content=\"article\" \/>\n<meta property=\"og:title\" content=\"Sonora en Equipo. Se fortalecen mecanismos de colaboraci\u00f3n y coordinaci\u00f3n fiscal: Gobernadora Claudia Pavlovich y secretario de Hacienda, Arturo Herrera Sonora\" \/>\n<meta property=\"og:description\" content=\"HERMOSILLO, SONRORA. MX. \u2014 La implementaci\u00f3n en Sonora de un esquema de auditor\u00edas en tiempo real sobre el manejo de los recursos de las y los sonorenses En Sonora en Equipo publicamos toda la informaci\u00f3n de Sonora, M\u00e9xico y el Mundo de manera oportuna y busca que la libertad de expresi\u00f3n sea real. Visita nuestro medio informativo publicado desde Hermosillo, Sonora. %\" \/>\n<meta property=\"og:url\" content=\"https:\/\/www.sonoraenequipo.com.mx\/se-fortalecen-mecanismos-de-colaboracion-y-coordinacion-fiscal-gobernadora-claudia-pavlovich-y-secretario-de-hacienda-arturo-herrera\/\" \/>\n<meta property=\"og:site_name\" content=\"Sonora en Equipo.\" \/>\n<meta property=\"article:publisher\" content=\"https:\/\/www.facebook.com\/SonoraEE\/\" \/>\n<meta property=\"article:author\" content=\"https:\/\/www.facebook.com\/SonoraEE\" \/>\n<meta property=\"article:published_time\" content=\"2021-03-05T12:10:06+00:00\" \/>\n<meta property=\"og:image\" content=\"https:\/\/www.sonoraenequipo.com.mx\/storage\/2021\/03\/coord-shcp-y-gobson-2_opt.jpg\" \/>\n\t<meta property=\"og:image:width\" content=\"600\" \/>\n\t<meta property=\"og:image:height\" content=\"400\" \/>\n\t<meta property=\"og:image:type\" content=\"image\/jpeg\" \/>\n<meta name=\"author\" content=\"enequipo\" \/>\n<meta name=\"twitter:card\" content=\"summary_large_image\" \/>\n<meta name=\"twitter:creator\" content=\"@sonoraenequipo\" \/>\n<meta name=\"twitter:site\" content=\"@sonoraenequipo\" \/>\n<meta name=\"twitter:label1\" content=\"Escrito por\" \/>\n\t<meta name=\"twitter:data1\" content=\"enequipo\" \/>\n\t<meta name=\"twitter:label2\" content=\"Tiempo de lectura\" \/>\n\t<meta name=\"twitter:data2\" content=\"5 minutos\" \/>\n<script type=\"application\/ld+json\" class=\"yoast-schema-graph\">{\"@context\":\"https:\/\/schema.org\",\"@graph\":[{\"@type\":\"Article\",\"@id\":\"https:\/\/www.sonoraenequipo.com.mx\/se-fortalecen-mecanismos-de-colaboracion-y-coordinacion-fiscal-gobernadora-claudia-pavlovich-y-secretario-de-hacienda-arturo-herrera\/#article\",\"isPartOf\":{\"@id\":\"https:\/\/www.sonoraenequipo.com.mx\/se-fortalecen-mecanismos-de-colaboracion-y-coordinacion-fiscal-gobernadora-claudia-pavlovich-y-secretario-de-hacienda-arturo-herrera\/\"},\"author\":{\"name\":\"enequipo\",\"@id\":\"https:\/\/www.sonoraenequipo.com.mx\/#\/schema\/person\/50102df0fb23a8fa9e8effad8fa81386\"},\"headline\":\"Se fortalecen mecanismos de colaboraci\u00f3n y coordinaci\u00f3n fiscal: Gobernadora Claudia Pavlovich y secretario de Hacienda, Arturo Herrera\",\"datePublished\":\"2021-03-05T12:10:06+00:00\",\"mainEntityOfPage\":{\"@id\":\"https:\/\/www.sonoraenequipo.com.mx\/se-fortalecen-mecanismos-de-colaboracion-y-coordinacion-fiscal-gobernadora-claudia-pavlovich-y-secretario-de-hacienda-arturo-herrera\/\"},\"wordCount\":1107,\"commentCount\":0,\"publisher\":{\"@id\":\"https:\/\/www.sonoraenequipo.com.mx\/#organization\"},\"image\":{\"@id\":\"https:\/\/www.sonoraenequipo.com.mx\/se-fortalecen-mecanismos-de-colaboracion-y-coordinacion-fiscal-gobernadora-claudia-pavlovich-y-secretario-de-hacienda-arturo-herrera\/#primaryimage\"},\"thumbnailUrl\":\"https:\/\/www.sonoraenequipo.com.mx\/storage\/2021\/03\/coord-shcp-y-gobson-2_opt.jpg\",\"articleSection\":[\"Sonora\"],\"inLanguage\":\"es\",\"potentialAction\":[{\"@type\":\"CommentAction\",\"name\":\"Comment\",\"target\":[\"https:\/\/www.sonoraenequipo.com.mx\/se-fortalecen-mecanismos-de-colaboracion-y-coordinacion-fiscal-gobernadora-claudia-pavlovich-y-secretario-de-hacienda-arturo-herrera\/#respond\"]}]},{\"@type\":\"WebPage\",\"@id\":\"https:\/\/www.sonoraenequipo.com.mx\/se-fortalecen-mecanismos-de-colaboracion-y-coordinacion-fiscal-gobernadora-claudia-pavlovich-y-secretario-de-hacienda-arturo-herrera\/\",\"url\":\"https:\/\/www.sonoraenequipo.com.mx\/se-fortalecen-mecanismos-de-colaboracion-y-coordinacion-fiscal-gobernadora-claudia-pavlovich-y-secretario-de-hacienda-arturo-herrera\/\",\"name\":\"Sonora en Equipo. Se fortalecen mecanismos de colaboraci\u00f3n y coordinaci\u00f3n fiscal: Gobernadora Claudia Pavlovich y secretario de Hacienda, Arturo Herrera Sonora\",\"isPartOf\":{\"@id\":\"https:\/\/www.sonoraenequipo.com.mx\/#website\"},\"primaryImageOfPage\":{\"@id\":\"https:\/\/www.sonoraenequipo.com.mx\/se-fortalecen-mecanismos-de-colaboracion-y-coordinacion-fiscal-gobernadora-claudia-pavlovich-y-secretario-de-hacienda-arturo-herrera\/#primaryimage\"},\"image\":{\"@id\":\"https:\/\/www.sonoraenequipo.com.mx\/se-fortalecen-mecanismos-de-colaboracion-y-coordinacion-fiscal-gobernadora-claudia-pavlovich-y-secretario-de-hacienda-arturo-herrera\/#primaryimage\"},\"thumbnailUrl\":\"https:\/\/www.sonoraenequipo.com.mx\/storage\/2021\/03\/coord-shcp-y-gobson-2_opt.jpg\",\"datePublished\":\"2021-03-05T12:10:06+00:00\",\"description\":\"HERMOSILLO, SONRORA. MX. \u2014 La implementaci\u00f3n en Sonora de un esquema de auditor\u00edas en tiempo real sobre el manejo de los recursos de las y los sonorenses En Sonora en Equipo publicamos toda la informaci\u00f3n de Sonora, M\u00e9xico y el Mundo de manera oportuna y busca que la libertad de expresi\u00f3n sea real. Visita nuestro medio informativo publicado desde Hermosillo, Sonora. %\",\"breadcrumb\":{\"@id\":\"https:\/\/www.sonoraenequipo.com.mx\/se-fortalecen-mecanismos-de-colaboracion-y-coordinacion-fiscal-gobernadora-claudia-pavlovich-y-secretario-de-hacienda-arturo-herrera\/#breadcrumb\"},\"inLanguage\":\"es\",\"potentialAction\":[{\"@type\":\"ReadAction\",\"target\":[\"https:\/\/www.sonoraenequipo.com.mx\/se-fortalecen-mecanismos-de-colaboracion-y-coordinacion-fiscal-gobernadora-claudia-pavlovich-y-secretario-de-hacienda-arturo-herrera\/\"]}]},{\"@type\":\"ImageObject\",\"inLanguage\":\"es\",\"@id\":\"https:\/\/www.sonoraenequipo.com.mx\/se-fortalecen-mecanismos-de-colaboracion-y-coordinacion-fiscal-gobernadora-claudia-pavlovich-y-secretario-de-hacienda-arturo-herrera\/#primaryimage\",\"url\":\"https:\/\/www.sonoraenequipo.com.mx\/storage\/2021\/03\/coord-shcp-y-gobson-2_opt.jpg\",\"contentUrl\":\"https:\/\/www.sonoraenequipo.com.mx\/storage\/2021\/03\/coord-shcp-y-gobson-2_opt.jpg\",\"width\":600,\"height\":400},{\"@type\":\"BreadcrumbList\",\"@id\":\"https:\/\/www.sonoraenequipo.com.mx\/se-fortalecen-mecanismos-de-colaboracion-y-coordinacion-fiscal-gobernadora-claudia-pavlovich-y-secretario-de-hacienda-arturo-herrera\/#breadcrumb\",\"itemListElement\":[{\"@type\":\"ListItem\",\"position\":1,\"name\":\"Portada\",\"item\":\"https:\/\/www.sonoraenequipo.com.mx\/\"},{\"@type\":\"ListItem\",\"position\":2,\"name\":\"Se fortalecen mecanismos de colaboraci\u00f3n y coordinaci\u00f3n fiscal: Gobernadora Claudia Pavlovich y secretario de Hacienda, Arturo Herrera\"}]},{\"@type\":\"WebSite\",\"@id\":\"https:\/\/www.sonoraenequipo.com.mx\/#website\",\"url\":\"https:\/\/www.sonoraenequipo.com.mx\/\",\"name\":\"Sonora en Equipo.\",\"description\":\"Diario en l\u00ednea con Noticias desde Hermosillo, Sonora\",\"publisher\":{\"@id\":\"https:\/\/www.sonoraenequipo.com.mx\/#organization\"},\"potentialAction\":[{\"@type\":\"SearchAction\",\"target\":{\"@type\":\"EntryPoint\",\"urlTemplate\":\"https:\/\/www.sonoraenequipo.com.mx\/?s={search_term_string}\"},\"query-input\":{\"@type\":\"PropertyValueSpecification\",\"valueRequired\":true,\"valueName\":\"search_term_string\"}}],\"inLanguage\":\"es\"},{\"@type\":\"Organization\",\"@id\":\"https:\/\/www.sonoraenequipo.com.mx\/#organization\",\"name\":\"Sonoraenequipo.com.mx\",\"url\":\"https:\/\/www.sonoraenequipo.com.mx\/\",\"logo\":{\"@type\":\"ImageObject\",\"inLanguage\":\"es\",\"@id\":\"https:\/\/www.sonoraenequipo.com.mx\/#\/schema\/logo\/image\/\",\"url\":\"https:\/\/www.sonoraenequipo.com.mx\/storage\/2019\/01\/sonoraenequipo_opt.png\",\"contentUrl\":\"https:\/\/www.sonoraenequipo.com.mx\/storage\/2019\/01\/sonoraenequipo_opt.png\",\"width\":375,\"height\":125,\"caption\":\"Sonoraenequipo.com.mx\"},\"image\":{\"@id\":\"https:\/\/www.sonoraenequipo.com.mx\/#\/schema\/logo\/image\/\"},\"sameAs\":[\"https:\/\/www.facebook.com\/SonoraEE\/\",\"https:\/\/x.com\/sonoraenequipo\",\"https:\/\/www.youtube.com\/channel\/UC338nW-lPEYmJQs4ZABQ1SQ\"]},{\"@type\":\"Person\",\"@id\":\"https:\/\/www.sonoraenequipo.com.mx\/#\/schema\/person\/50102df0fb23a8fa9e8effad8fa81386\",\"name\":\"enequipo\",\"image\":{\"@type\":\"ImageObject\",\"inLanguage\":\"es\",\"@id\":\"https:\/\/www.sonoraenequipo.com.mx\/#\/schema\/person\/image\/\",\"url\":\"https:\/\/secure.gravatar.com\/avatar\/049821681b589dabc0bc20695993ccebb09f5b5d4d790cd9251b97faac7c652b?s=96&d=blank&r=g\",\"contentUrl\":\"https:\/\/secure.gravatar.com\/avatar\/049821681b589dabc0bc20695993ccebb09f5b5d4d790cd9251b97faac7c652b?s=96&d=blank&r=g\",\"caption\":\"enequipo\"},\"sameAs\":[\"https:\/\/www.facebook.com\/SonoraEE\"]}]}<\/script>\n ","yoast_head_json":{"title":"Sonora en Equipo. Se fortalecen mecanismos de colaboraci\u00f3n y coordinaci\u00f3n fiscal: Gobernadora Claudia Pavlovich y secretario de Hacienda, Arturo Herrera Sonora","description":"HERMOSILLO, SONRORA. MX. \u2014 La implementaci\u00f3n en Sonora de un esquema de auditor\u00edas en tiempo real sobre el manejo de los recursos de las y los sonorenses En Sonora en Equipo publicamos toda la informaci\u00f3n de Sonora, M\u00e9xico y el Mundo de manera oportuna y busca que la libertad de expresi\u00f3n sea real. Visita nuestro medio informativo publicado desde Hermosillo, Sonora. %","robots":{"index":"index","follow":"follow","max-snippet":"max-snippet:-1","max-image-preview":"max-image-preview:large","max-video-preview":"max-video-preview:-1"},"canonical":"https:\/\/www.sonoraenequipo.com.mx\/se-fortalecen-mecanismos-de-colaboracion-y-coordinacion-fiscal-gobernadora-claudia-pavlovich-y-secretario-de-hacienda-arturo-herrera\/","og_locale":"es_ES","og_type":"article","og_title":"Sonora en Equipo. Se fortalecen mecanismos de colaboraci\u00f3n y coordinaci\u00f3n fiscal: Gobernadora Claudia Pavlovich y secretario de Hacienda, Arturo Herrera Sonora","og_description":"HERMOSILLO, SONRORA. MX. \u2014 La implementaci\u00f3n en Sonora de un esquema de auditor\u00edas en tiempo real sobre el manejo de los recursos de las y los sonorenses En Sonora en Equipo publicamos toda la informaci\u00f3n de Sonora, M\u00e9xico y el Mundo de manera oportuna y busca que la libertad de expresi\u00f3n sea real. Visita nuestro medio informativo publicado desde Hermosillo, Sonora. %","og_url":"https:\/\/www.sonoraenequipo.com.mx\/se-fortalecen-mecanismos-de-colaboracion-y-coordinacion-fiscal-gobernadora-claudia-pavlovich-y-secretario-de-hacienda-arturo-herrera\/","og_site_name":"Sonora en Equipo.","article_publisher":"https:\/\/www.facebook.com\/SonoraEE\/","article_author":"https:\/\/www.facebook.com\/SonoraEE","article_published_time":"2021-03-05T12:10:06+00:00","og_image":[{"width":600,"height":400,"url":"https:\/\/www.sonoraenequipo.com.mx\/storage\/2021\/03\/coord-shcp-y-gobson-2_opt.jpg","type":"image\/jpeg"}],"author":"enequipo","twitter_card":"summary_large_image","twitter_creator":"@sonoraenequipo","twitter_site":"@sonoraenequipo","twitter_misc":{"Escrito por":"enequipo","Tiempo de lectura":"5 minutos"},"schema":{"@context":"https:\/\/schema.org","@graph":[{"@type":"Article","@id":"https:\/\/www.sonoraenequipo.com.mx\/se-fortalecen-mecanismos-de-colaboracion-y-coordinacion-fiscal-gobernadora-claudia-pavlovich-y-secretario-de-hacienda-arturo-herrera\/#article","isPartOf":{"@id":"https:\/\/www.sonoraenequipo.com.mx\/se-fortalecen-mecanismos-de-colaboracion-y-coordinacion-fiscal-gobernadora-claudia-pavlovich-y-secretario-de-hacienda-arturo-herrera\/"},"author":{"name":"enequipo","@id":"https:\/\/www.sonoraenequipo.com.mx\/#\/schema\/person\/50102df0fb23a8fa9e8effad8fa81386"},"headline":"Se fortalecen mecanismos de colaboraci\u00f3n y coordinaci\u00f3n fiscal: Gobernadora Claudia Pavlovich y secretario de Hacienda, Arturo Herrera","datePublished":"2021-03-05T12:10:06+00:00","mainEntityOfPage":{"@id":"https:\/\/www.sonoraenequipo.com.mx\/se-fortalecen-mecanismos-de-colaboracion-y-coordinacion-fiscal-gobernadora-claudia-pavlovich-y-secretario-de-hacienda-arturo-herrera\/"},"wordCount":1107,"commentCount":0,"publisher":{"@id":"https:\/\/www.sonoraenequipo.com.mx\/#organization"},"image":{"@id":"https:\/\/www.sonoraenequipo.com.mx\/se-fortalecen-mecanismos-de-colaboracion-y-coordinacion-fiscal-gobernadora-claudia-pavlovich-y-secretario-de-hacienda-arturo-herrera\/#primaryimage"},"thumbnailUrl":"https:\/\/www.sonoraenequipo.com.mx\/storage\/2021\/03\/coord-shcp-y-gobson-2_opt.jpg","articleSection":["Sonora"],"inLanguage":"es","potentialAction":[{"@type":"CommentAction","name":"Comment","target":["https:\/\/www.sonoraenequipo.com.mx\/se-fortalecen-mecanismos-de-colaboracion-y-coordinacion-fiscal-gobernadora-claudia-pavlovich-y-secretario-de-hacienda-arturo-herrera\/#respond"]}]},{"@type":"WebPage","@id":"https:\/\/www.sonoraenequipo.com.mx\/se-fortalecen-mecanismos-de-colaboracion-y-coordinacion-fiscal-gobernadora-claudia-pavlovich-y-secretario-de-hacienda-arturo-herrera\/","url":"https:\/\/www.sonoraenequipo.com.mx\/se-fortalecen-mecanismos-de-colaboracion-y-coordinacion-fiscal-gobernadora-claudia-pavlovich-y-secretario-de-hacienda-arturo-herrera\/","name":"Sonora en Equipo. Se fortalecen mecanismos de colaboraci\u00f3n y coordinaci\u00f3n fiscal: Gobernadora Claudia Pavlovich y secretario de Hacienda, Arturo Herrera Sonora","isPartOf":{"@id":"https:\/\/www.sonoraenequipo.com.mx\/#website"},"primaryImageOfPage":{"@id":"https:\/\/www.sonoraenequipo.com.mx\/se-fortalecen-mecanismos-de-colaboracion-y-coordinacion-fiscal-gobernadora-claudia-pavlovich-y-secretario-de-hacienda-arturo-herrera\/#primaryimage"},"image":{"@id":"https:\/\/www.sonoraenequipo.com.mx\/se-fortalecen-mecanismos-de-colaboracion-y-coordinacion-fiscal-gobernadora-claudia-pavlovich-y-secretario-de-hacienda-arturo-herrera\/#primaryimage"},"thumbnailUrl":"https:\/\/www.sonoraenequipo.com.mx\/storage\/2021\/03\/coord-shcp-y-gobson-2_opt.jpg","datePublished":"2021-03-05T12:10:06+00:00","description":"HERMOSILLO, SONRORA. MX. \u2014 La implementaci\u00f3n en Sonora de un esquema de auditor\u00edas en tiempo real sobre el manejo de los recursos de las y los sonorenses En Sonora en Equipo publicamos toda la informaci\u00f3n de Sonora, M\u00e9xico y el Mundo de manera oportuna y busca que la libertad de expresi\u00f3n sea real. Visita nuestro medio informativo publicado desde Hermosillo, Sonora. %","breadcrumb":{"@id":"https:\/\/www.sonoraenequipo.com.mx\/se-fortalecen-mecanismos-de-colaboracion-y-coordinacion-fiscal-gobernadora-claudia-pavlovich-y-secretario-de-hacienda-arturo-herrera\/#breadcrumb"},"inLanguage":"es","potentialAction":[{"@type":"ReadAction","target":["https:\/\/www.sonoraenequipo.com.mx\/se-fortalecen-mecanismos-de-colaboracion-y-coordinacion-fiscal-gobernadora-claudia-pavlovich-y-secretario-de-hacienda-arturo-herrera\/"]}]},{"@type":"ImageObject","inLanguage":"es","@id":"https:\/\/www.sonoraenequipo.com.mx\/se-fortalecen-mecanismos-de-colaboracion-y-coordinacion-fiscal-gobernadora-claudia-pavlovich-y-secretario-de-hacienda-arturo-herrera\/#primaryimage","url":"https:\/\/www.sonoraenequipo.com.mx\/storage\/2021\/03\/coord-shcp-y-gobson-2_opt.jpg","contentUrl":"https:\/\/www.sonoraenequipo.com.mx\/storage\/2021\/03\/coord-shcp-y-gobson-2_opt.jpg","width":600,"height":400},{"@type":"BreadcrumbList","@id":"https:\/\/www.sonoraenequipo.com.mx\/se-fortalecen-mecanismos-de-colaboracion-y-coordinacion-fiscal-gobernadora-claudia-pavlovich-y-secretario-de-hacienda-arturo-herrera\/#breadcrumb","itemListElement":[{"@type":"ListItem","position":1,"name":"Portada","item":"https:\/\/www.sonoraenequipo.com.mx\/"},{"@type":"ListItem","position":2,"name":"Se fortalecen mecanismos de colaboraci\u00f3n y coordinaci\u00f3n fiscal: Gobernadora Claudia Pavlovich y secretario de Hacienda, Arturo Herrera"}]},{"@type":"WebSite","@id":"https:\/\/www.sonoraenequipo.com.mx\/#website","url":"https:\/\/www.sonoraenequipo.com.mx\/","name":"Sonora en Equipo.","description":"Diario en l\u00ednea con Noticias desde Hermosillo, Sonora","publisher":{"@id":"https:\/\/www.sonoraenequipo.com.mx\/#organization"},"potentialAction":[{"@type":"SearchAction","target":{"@type":"EntryPoint","urlTemplate":"https:\/\/www.sonoraenequipo.com.mx\/?s={search_term_string}"},"query-input":{"@type":"PropertyValueSpecification","valueRequired":true,"valueName":"search_term_string"}}],"inLanguage":"es"},{"@type":"Organization","@id":"https:\/\/www.sonoraenequipo.com.mx\/#organization","name":"Sonoraenequipo.com.mx","url":"https:\/\/www.sonoraenequipo.com.mx\/","logo":{"@type":"ImageObject","inLanguage":"es","@id":"https:\/\/www.sonoraenequipo.com.mx\/#\/schema\/logo\/image\/","url":"https:\/\/www.sonoraenequipo.com.mx\/storage\/2019\/01\/sonoraenequipo_opt.png","contentUrl":"https:\/\/www.sonoraenequipo.com.mx\/storage\/2019\/01\/sonoraenequipo_opt.png","width":375,"height":125,"caption":"Sonoraenequipo.com.mx"},"image":{"@id":"https:\/\/www.sonoraenequipo.com.mx\/#\/schema\/logo\/image\/"},"sameAs":["https:\/\/www.facebook.com\/SonoraEE\/","https:\/\/x.com\/sonoraenequipo","https:\/\/www.youtube.com\/channel\/UC338nW-lPEYmJQs4ZABQ1SQ"]},{"@type":"Person","@id":"https:\/\/www.sonoraenequipo.com.mx\/#\/schema\/person\/50102df0fb23a8fa9e8effad8fa81386","name":"enequipo","image":{"@type":"ImageObject","inLanguage":"es","@id":"https:\/\/www.sonoraenequipo.com.mx\/#\/schema\/person\/image\/","url":"https:\/\/secure.gravatar.com\/avatar\/049821681b589dabc0bc20695993ccebb09f5b5d4d790cd9251b97faac7c652b?s=96&d=blank&r=g","contentUrl":"https:\/\/secure.gravatar.com\/avatar\/049821681b589dabc0bc20695993ccebb09f5b5d4d790cd9251b97faac7c652b?s=96&d=blank&r=g","caption":"enequipo"},"sameAs":["https:\/\/www.facebook.com\/SonoraEE"]}]}},"jetpack_featured_media_url":"https:\/\/www.sonoraenequipo.com.mx\/storage\/2021\/03\/coord-shcp-y-gobson-2_opt.jpg","_links":{"self":[{"href":"https:\/\/www.sonoraenequipo.com.mx\/api\/wp\/v2\/posts\/108360","targetHints":{"allow":["GET"]}}],"collection":[{"href":"https:\/\/www.sonoraenequipo.com.mx\/api\/wp\/v2\/posts"}],"about":[{"href":"https:\/\/www.sonoraenequipo.com.mx\/api\/wp\/v2\/types\/post"}],"author":[{"embeddable":true,"href":"https:\/\/www.sonoraenequipo.com.mx\/api\/wp\/v2\/users\/1"}],"replies":[{"embeddable":true,"href":"https:\/\/www.sonoraenequipo.com.mx\/api\/wp\/v2\/comments?post=108360"}],"version-history":[{"count":1,"href":"https:\/\/www.sonoraenequipo.com.mx\/api\/wp\/v2\/posts\/108360\/revisions"}],"predecessor-version":[{"id":108363,"href":"https:\/\/www.sonoraenequipo.com.mx\/api\/wp\/v2\/posts\/108360\/revisions\/108363"}],"wp:featuredmedia":[{"embeddable":true,"href":"https:\/\/www.sonoraenequipo.com.mx\/api\/wp\/v2\/media\/108362"}],"wp:attachment":[{"href":"https:\/\/www.sonoraenequipo.com.mx\/api\/wp\/v2\/media?parent=108360"}],"wp:term":[{"taxonomy":"category","embeddable":true,"href":"https:\/\/www.sonoraenequipo.com.mx\/api\/wp\/v2\/categories?post=108360"},{"taxonomy":"post_tag","embeddable":true,"href":"https:\/\/www.sonoraenequipo.com.mx\/api\/wp\/v2\/tags?post=108360"}],"curies":[{"name":"wp","href":"https:\/\/api.w.org\/{rel}","templated":true}]}}