{"id":108364,"date":"2021-03-05T06:05:01","date_gmt":"2021-03-05T13:05:01","guid":{"rendered":"https:\/\/www.sonoraenequipo.com.mx\/?p=108364"},"modified":"2021-03-05T02:06:50","modified_gmt":"2021-03-05T09:06:50","slug":"obispos-catolicos-piden-no-utilizar-la-vacuna-de-johnson-johnson","status":"publish","type":"post","link":"https:\/\/www.sonoraenequipo.com.mx\/obispos-catolicos-piden-no-utilizar-la-vacuna-de-johnson-johnson\/","title":{"rendered":"Obispos cat\u00f3licos piden no utilizar la vacuna de Johnson &#038; Johnson"},"content":{"rendered":"<p>ESTADOS UNIDOS. \u2014 La vacuna de la multinacional Johnson &amp; Johnson tropieza en EE.UU. con la Iglesia cat\u00f3lica. Algunos obispos est\u00e1n recomendando no usar este suero al estar desarrollado con c\u00e9lulas madre obtenidas de abortos.<\/p>\n<p>&nbsp;<\/p>\n<p> <\/p>\n<p>&nbsp;<\/p>\n<p>&nbsp;<\/p>\n<p>Kevin C. Rhoades, presidente del Comit\u00e9 de Doctrina de la Conferencia de Obispos Cat\u00f3licos de EE. UU., as\u00ed como el arzobispo Joseph F. Naumann de Kansas City, responsable del Comit\u00e9 de Actividades Provida de la conferencia, emitieron el martes (2.3.2021) un comunicado en el que expresaban sus dudas sobre el preparado de J&amp;J, porque <em>\u00absuscita cuestiones sobre la permisibilidad moral de emplear vacunas desarrolladas, probadas y\/o producidas con la ayuda de l\u00edneas de c\u00e9lulas derivas de abortos\u00bb.<\/em><\/p>\n<p>&nbsp;<\/p>\n<p>&nbsp;<\/p>\n<p>El \u00faltimo en sumarse a estas reticencias ha sido el obispo Robert Deeley de la di\u00f3cesis de Portland, que ha pedido a sus feligreses que opten por otras vacunas que no sean la de J&amp;J. En un comunicado, Deeley afirm\u00f3 que \u00absi alguien puede elegir entre vacunas igualmente seguras y efectivas, deber\u00edan escogerse las vacunas con la menor conexi\u00f3n con l\u00edneas de c\u00e9lulas derivadas de abortos\u00bb. \u00abPor tanto, si alguien tiene la capacidad de elegir una vacuna, las de Pfizer y Moderna deber\u00edan ser elegidas antes que la de Johnson &amp; Johnson\u00bb.<\/p>\n<p>&nbsp;<\/p>\n<h3>El aborto, en el centro de la pol\u00e9mica<\/h3>\n<p>&nbsp;<\/p>\n<p>Loss responsables de la Conferencia de Obispos Cat\u00f3licos subrayan que las vacunas de Pfizer y Moderna emplearon ese tipo de c\u00e9lulas en sus pruebas, pero no en su producci\u00f3n, mientas que la de J&amp;J ha sido desarrollada, testada y manufacturada con ellas. Por ese motivo, aconsejaron que no se elija el suero de J&amp;J si se puede optar por recibir cualquiera de las otras dos.<\/p>\n<p>&nbsp;<\/p>\n<p>No obstante, dejaron la puerta abierta a J&amp;J, citando la recomendaci\u00f3n de la Congregaci\u00f3n de la Doctrina de la Fe del Vaticano, que considera que <em>\u00abcuando las vacunas que no son \u00e9ticamente reprochables no est\u00e1n disponibles, es aceptable moralmente recibir vacunas que hayan usado l\u00edneas de c\u00e9lulas de fetos de abortos en su proceso de investigaci\u00f3n y producci\u00f3n\u00bb.<\/em><\/p>\n<p>&nbsp;<\/p>\n<p>Algunas di\u00f3cesis de EE.UU. han adoptado una postura similar. Pero hay obispos como Robert W. McElroy, que dirige la di\u00f3cesis de San Diego, que sostienen que es leg\u00edtimo recibir cualquiera de las tres vacunas aprobadas en el pa\u00eds. <em>\u00abDebido a que vivimos en un mundo complicado, la ense\u00f1anza moral cat\u00f3lica a veces es muy compleja y tiene matices en su razonamiento sobre c\u00f3mo navegar los asuntos de equilibrar lo bueno y lo malo a la hora de confrontar opciones \u00e9ticas\u00bb<\/em>, reflexion\u00f3 McElroy. Y concluy\u00f3 que, cuando se recibe cualquiera de estos preparados, se est\u00e1 mostrando<em> \u00abamor verdadero\u00bb<\/em> a Dios y al pr\u00f3jimo.<\/p>\n<p>&nbsp;<\/p>\n<p>&nbsp;<\/p>\n<p>(Publicada el 05\/03\/2021)<\/p>\n","protected":false},"excerpt":{"rendered":"<p>ESTADOS UNIDOS. \u2014 La vacuna de la multinacional Johnson &amp; Johnson tropieza en EE.UU. con&#8230;<\/p>\n","protected":false},"author":1,"featured_media":108366,"comment_status":"open","ping_status":"open","sticky":false,"template":"","format":"standard","meta":{"_monsterinsights_skip_tracking":false,"_monsterinsights_sitenote_active":false,"_monsterinsights_sitenote_note":"","_monsterinsights_sitenote_category":0,"footnotes":""},"categories":[3],"tags":[],"class_list":["post"],"yoast_head":" \n<title>Sonora en Equipo. Obispos cat\u00f3licos piden no utilizar la vacuna de Johnson &amp; Johnson<\/title>\n<meta name=\"description\" content=\"ESTADOS UNIDOS. \u2014 La vacuna de la multinacional Johnson &amp; Johnson tropieza en EE.UU. con la Iglesia cat\u00f3lica. Algunos obispos est\u00e1n recomendando no En Sonora en Equipo publicamos toda la informaci\u00f3n de Sonora, M\u00e9xico y el Mundo de manera oportuna y busca que la libertad de expresi\u00f3n sea real. Visita nuestro medio informativo publicado desde Hermosillo, Sonora. %\" \/>\n<meta name=\"robots\" content=\"index, follow, max-snippet:-1, max-image-preview:large, max-video-preview:-1\" \/>\n<link rel=\"canonical\" href=\"https:\/\/www.sonoraenequipo.com.mx\/obispos-catolicos-piden-no-utilizar-la-vacuna-de-johnson-johnson\/\" \/>\n<meta property=\"og:locale\" content=\"es_ES\" \/>\n<meta property=\"og:type\" content=\"article\" \/>\n<meta property=\"og:title\" content=\"Sonora en Equipo. Obispos cat\u00f3licos piden no utilizar la vacuna de Johnson &amp; Johnson\" \/>\n<meta property=\"og:description\" content=\"ESTADOS UNIDOS. \u2014 La vacuna de la multinacional Johnson &amp; Johnson tropieza en EE.UU. con la Iglesia cat\u00f3lica. Algunos obispos est\u00e1n recomendando no En Sonora en Equipo publicamos toda la informaci\u00f3n de Sonora, M\u00e9xico y el Mundo de manera oportuna y busca que la libertad de expresi\u00f3n sea real. Visita nuestro medio informativo publicado desde Hermosillo, Sonora. %\" \/>\n<meta property=\"og:url\" content=\"https:\/\/www.sonoraenequipo.com.mx\/obispos-catolicos-piden-no-utilizar-la-vacuna-de-johnson-johnson\/\" \/>\n<meta property=\"og:site_name\" content=\"Sonora en Equipo.\" \/>\n<meta property=\"article:publisher\" content=\"https:\/\/www.facebook.com\/SonoraEE\/\" \/>\n<meta property=\"article:author\" content=\"https:\/\/www.facebook.com\/SonoraEE\" \/>\n<meta property=\"article:published_time\" content=\"2021-03-05T13:05:01+00:00\" \/>\n<meta property=\"og:image\" content=\"https:\/\/www.sonoraenequipo.com.mx\/storage\/2021\/03\/vacuna-johnson-y-jhonson_opt2.jpg\" \/>\n\t<meta property=\"og:image:width\" content=\"711\" \/>\n\t<meta property=\"og:image:height\" content=\"400\" \/>\n\t<meta property=\"og:image:type\" content=\"image\/jpeg\" \/>\n<meta name=\"author\" content=\"enequipo\" \/>\n<meta name=\"twitter:card\" content=\"summary_large_image\" \/>\n<meta name=\"twitter:creator\" content=\"@sonoraenequipo\" \/>\n<meta name=\"twitter:site\" content=\"@sonoraenequipo\" \/>\n<meta name=\"twitter:label1\" content=\"Escrito por\" \/>\n\t<meta name=\"twitter:data1\" content=\"enequipo\" \/>\n\t<meta name=\"twitter:label2\" content=\"Tiempo de lectura\" \/>\n\t<meta name=\"twitter:data2\" content=\"2 minutos\" \/>\n<script type=\"application\/ld+json\" class=\"yoast-schema-graph\">{\"@context\":\"https:\/\/schema.org\",\"@graph\":[{\"@type\":\"Article\",\"@id\":\"https:\/\/www.sonoraenequipo.com.mx\/obispos-catolicos-piden-no-utilizar-la-vacuna-de-johnson-johnson\/#article\",\"isPartOf\":{\"@id\":\"https:\/\/www.sonoraenequipo.com.mx\/obispos-catolicos-piden-no-utilizar-la-vacuna-de-johnson-johnson\/\"},\"author\":{\"name\":\"enequipo\",\"@id\":\"https:\/\/www.sonoraenequipo.com.mx\/#\/schema\/person\/50102df0fb23a8fa9e8effad8fa81386\"},\"headline\":\"Obispos cat\u00f3licos piden no utilizar la vacuna de Johnson &#038; Johnson\",\"datePublished\":\"2021-03-05T13:05:01+00:00\",\"mainEntityOfPage\":{\"@id\":\"https:\/\/www.sonoraenequipo.com.mx\/obispos-catolicos-piden-no-utilizar-la-vacuna-de-johnson-johnson\/\"},\"wordCount\":503,\"commentCount\":0,\"publisher\":{\"@id\":\"https:\/\/www.sonoraenequipo.com.mx\/#organization\"},\"image\":{\"@id\":\"https:\/\/www.sonoraenequipo.com.mx\/obispos-catolicos-piden-no-utilizar-la-vacuna-de-johnson-johnson\/#primaryimage\"},\"thumbnailUrl\":\"https:\/\/www.sonoraenequipo.com.mx\/storage\/2021\/03\/vacuna-johnson-y-jhonson_opt2.jpg\",\"articleSection\":[\"MUNDO\"],\"inLanguage\":\"es\",\"potentialAction\":[{\"@type\":\"CommentAction\",\"name\":\"Comment\",\"target\":[\"https:\/\/www.sonoraenequipo.com.mx\/obispos-catolicos-piden-no-utilizar-la-vacuna-de-johnson-johnson\/#respond\"]}]},{\"@type\":\"WebPage\",\"@id\":\"https:\/\/www.sonoraenequipo.com.mx\/obispos-catolicos-piden-no-utilizar-la-vacuna-de-johnson-johnson\/\",\"url\":\"https:\/\/www.sonoraenequipo.com.mx\/obispos-catolicos-piden-no-utilizar-la-vacuna-de-johnson-johnson\/\",\"name\":\"Sonora en Equipo. Obispos cat\u00f3licos piden no utilizar la vacuna de Johnson & Johnson\",\"isPartOf\":{\"@id\":\"https:\/\/www.sonoraenequipo.com.mx\/#website\"},\"primaryImageOfPage\":{\"@id\":\"https:\/\/www.sonoraenequipo.com.mx\/obispos-catolicos-piden-no-utilizar-la-vacuna-de-johnson-johnson\/#primaryimage\"},\"image\":{\"@id\":\"https:\/\/www.sonoraenequipo.com.mx\/obispos-catolicos-piden-no-utilizar-la-vacuna-de-johnson-johnson\/#primaryimage\"},\"thumbnailUrl\":\"https:\/\/www.sonoraenequipo.com.mx\/storage\/2021\/03\/vacuna-johnson-y-jhonson_opt2.jpg\",\"datePublished\":\"2021-03-05T13:05:01+00:00\",\"description\":\"ESTADOS UNIDOS. \u2014 La vacuna de la multinacional Johnson &amp; Johnson tropieza en EE.UU. con la Iglesia cat\u00f3lica. Algunos obispos est\u00e1n recomendando no En Sonora en Equipo publicamos toda la informaci\u00f3n de Sonora, M\u00e9xico y el Mundo de manera oportuna y busca que la libertad de expresi\u00f3n sea real. Visita nuestro medio informativo publicado desde Hermosillo, Sonora. %\",\"breadcrumb\":{\"@id\":\"https:\/\/www.sonoraenequipo.com.mx\/obispos-catolicos-piden-no-utilizar-la-vacuna-de-johnson-johnson\/#breadcrumb\"},\"inLanguage\":\"es\",\"potentialAction\":[{\"@type\":\"ReadAction\",\"target\":[\"https:\/\/www.sonoraenequipo.com.mx\/obispos-catolicos-piden-no-utilizar-la-vacuna-de-johnson-johnson\/\"]}]},{\"@type\":\"ImageObject\",\"inLanguage\":\"es\",\"@id\":\"https:\/\/www.sonoraenequipo.com.mx\/obispos-catolicos-piden-no-utilizar-la-vacuna-de-johnson-johnson\/#primaryimage\",\"url\":\"https:\/\/www.sonoraenequipo.com.mx\/storage\/2021\/03\/vacuna-johnson-y-jhonson_opt2.jpg\",\"contentUrl\":\"https:\/\/www.sonoraenequipo.com.mx\/storage\/2021\/03\/vacuna-johnson-y-jhonson_opt2.jpg\",\"width\":711,\"height\":400},{\"@type\":\"BreadcrumbList\",\"@id\":\"https:\/\/www.sonoraenequipo.com.mx\/obispos-catolicos-piden-no-utilizar-la-vacuna-de-johnson-johnson\/#breadcrumb\",\"itemListElement\":[{\"@type\":\"ListItem\",\"position\":1,\"name\":\"Portada\",\"item\":\"https:\/\/www.sonoraenequipo.com.mx\/\"},{\"@type\":\"ListItem\",\"position\":2,\"name\":\"Obispos cat\u00f3licos piden no utilizar la vacuna de Johnson &#038; Johnson\"}]},{\"@type\":\"WebSite\",\"@id\":\"https:\/\/www.sonoraenequipo.com.mx\/#website\",\"url\":\"https:\/\/www.sonoraenequipo.com.mx\/\",\"name\":\"Sonora en Equipo.\",\"description\":\"Diario en l\u00ednea con Noticias desde Hermosillo, Sonora\",\"publisher\":{\"@id\":\"https:\/\/www.sonoraenequipo.com.mx\/#organization\"},\"potentialAction\":[{\"@type\":\"SearchAction\",\"target\":{\"@type\":\"EntryPoint\",\"urlTemplate\":\"https:\/\/www.sonoraenequipo.com.mx\/?s={search_term_string}\"},\"query-input\":{\"@type\":\"PropertyValueSpecification\",\"valueRequired\":true,\"valueName\":\"search_term_string\"}}],\"inLanguage\":\"es\"},{\"@type\":\"Organization\",\"@id\":\"https:\/\/www.sonoraenequipo.com.mx\/#organization\",\"name\":\"Sonoraenequipo.com.mx\",\"url\":\"https:\/\/www.sonoraenequipo.com.mx\/\",\"logo\":{\"@type\":\"ImageObject\",\"inLanguage\":\"es\",\"@id\":\"https:\/\/www.sonoraenequipo.com.mx\/#\/schema\/logo\/image\/\",\"url\":\"https:\/\/www.sonoraenequipo.com.mx\/storage\/2019\/01\/sonoraenequipo_opt.png\",\"contentUrl\":\"https:\/\/www.sonoraenequipo.com.mx\/storage\/2019\/01\/sonoraenequipo_opt.png\",\"width\":375,\"height\":125,\"caption\":\"Sonoraenequipo.com.mx\"},\"image\":{\"@id\":\"https:\/\/www.sonoraenequipo.com.mx\/#\/schema\/logo\/image\/\"},\"sameAs\":[\"https:\/\/www.facebook.com\/SonoraEE\/\",\"https:\/\/x.com\/sonoraenequipo\",\"https:\/\/www.youtube.com\/channel\/UC338nW-lPEYmJQs4ZABQ1SQ\"]},{\"@type\":\"Person\",\"@id\":\"https:\/\/www.sonoraenequipo.com.mx\/#\/schema\/person\/50102df0fb23a8fa9e8effad8fa81386\",\"name\":\"enequipo\",\"image\":{\"@type\":\"ImageObject\",\"inLanguage\":\"es\",\"@id\":\"https:\/\/www.sonoraenequipo.com.mx\/#\/schema\/person\/image\/\",\"url\":\"https:\/\/secure.gravatar.com\/avatar\/049821681b589dabc0bc20695993ccebb09f5b5d4d790cd9251b97faac7c652b?s=96&d=blank&r=g\",\"contentUrl\":\"https:\/\/secure.gravatar.com\/avatar\/049821681b589dabc0bc20695993ccebb09f5b5d4d790cd9251b97faac7c652b?s=96&d=blank&r=g\",\"caption\":\"enequipo\"},\"sameAs\":[\"https:\/\/www.facebook.com\/SonoraEE\"]}]}<\/script>\n ","yoast_head_json":{"title":"Sonora en Equipo. Obispos cat\u00f3licos piden no utilizar la vacuna de Johnson & Johnson","description":"ESTADOS UNIDOS. \u2014 La vacuna de la multinacional Johnson &amp; Johnson tropieza en EE.UU. con la Iglesia cat\u00f3lica. Algunos obispos est\u00e1n recomendando no En Sonora en Equipo publicamos toda la informaci\u00f3n de Sonora, M\u00e9xico y el Mundo de manera oportuna y busca que la libertad de expresi\u00f3n sea real. Visita nuestro medio informativo publicado desde Hermosillo, Sonora. %","robots":{"index":"index","follow":"follow","max-snippet":"max-snippet:-1","max-image-preview":"max-image-preview:large","max-video-preview":"max-video-preview:-1"},"canonical":"https:\/\/www.sonoraenequipo.com.mx\/obispos-catolicos-piden-no-utilizar-la-vacuna-de-johnson-johnson\/","og_locale":"es_ES","og_type":"article","og_title":"Sonora en Equipo. Obispos cat\u00f3licos piden no utilizar la vacuna de Johnson & Johnson","og_description":"ESTADOS UNIDOS. \u2014 La vacuna de la multinacional Johnson &amp; Johnson tropieza en EE.UU. con la Iglesia cat\u00f3lica. Algunos obispos est\u00e1n recomendando no En Sonora en Equipo publicamos toda la informaci\u00f3n de Sonora, M\u00e9xico y el Mundo de manera oportuna y busca que la libertad de expresi\u00f3n sea real. Visita nuestro medio informativo publicado desde Hermosillo, Sonora. %","og_url":"https:\/\/www.sonoraenequipo.com.mx\/obispos-catolicos-piden-no-utilizar-la-vacuna-de-johnson-johnson\/","og_site_name":"Sonora en Equipo.","article_publisher":"https:\/\/www.facebook.com\/SonoraEE\/","article_author":"https:\/\/www.facebook.com\/SonoraEE","article_published_time":"2021-03-05T13:05:01+00:00","og_image":[{"width":711,"height":400,"url":"https:\/\/www.sonoraenequipo.com.mx\/storage\/2021\/03\/vacuna-johnson-y-jhonson_opt2.jpg","type":"image\/jpeg"}],"author":"enequipo","twitter_card":"summary_large_image","twitter_creator":"@sonoraenequipo","twitter_site":"@sonoraenequipo","twitter_misc":{"Escrito por":"enequipo","Tiempo de lectura":"2 minutos"},"schema":{"@context":"https:\/\/schema.org","@graph":[{"@type":"Article","@id":"https:\/\/www.sonoraenequipo.com.mx\/obispos-catolicos-piden-no-utilizar-la-vacuna-de-johnson-johnson\/#article","isPartOf":{"@id":"https:\/\/www.sonoraenequipo.com.mx\/obispos-catolicos-piden-no-utilizar-la-vacuna-de-johnson-johnson\/"},"author":{"name":"enequipo","@id":"https:\/\/www.sonoraenequipo.com.mx\/#\/schema\/person\/50102df0fb23a8fa9e8effad8fa81386"},"headline":"Obispos cat\u00f3licos piden no utilizar la vacuna de Johnson &#038; Johnson","datePublished":"2021-03-05T13:05:01+00:00","mainEntityOfPage":{"@id":"https:\/\/www.sonoraenequipo.com.mx\/obispos-catolicos-piden-no-utilizar-la-vacuna-de-johnson-johnson\/"},"wordCount":503,"commentCount":0,"publisher":{"@id":"https:\/\/www.sonoraenequipo.com.mx\/#organization"},"image":{"@id":"https:\/\/www.sonoraenequipo.com.mx\/obispos-catolicos-piden-no-utilizar-la-vacuna-de-johnson-johnson\/#primaryimage"},"thumbnailUrl":"https:\/\/www.sonoraenequipo.com.mx\/storage\/2021\/03\/vacuna-johnson-y-jhonson_opt2.jpg","articleSection":["MUNDO"],"inLanguage":"es","potentialAction":[{"@type":"CommentAction","name":"Comment","target":["https:\/\/www.sonoraenequipo.com.mx\/obispos-catolicos-piden-no-utilizar-la-vacuna-de-johnson-johnson\/#respond"]}]},{"@type":"WebPage","@id":"https:\/\/www.sonoraenequipo.com.mx\/obispos-catolicos-piden-no-utilizar-la-vacuna-de-johnson-johnson\/","url":"https:\/\/www.sonoraenequipo.com.mx\/obispos-catolicos-piden-no-utilizar-la-vacuna-de-johnson-johnson\/","name":"Sonora en Equipo. Obispos cat\u00f3licos piden no utilizar la vacuna de Johnson & Johnson","isPartOf":{"@id":"https:\/\/www.sonoraenequipo.com.mx\/#website"},"primaryImageOfPage":{"@id":"https:\/\/www.sonoraenequipo.com.mx\/obispos-catolicos-piden-no-utilizar-la-vacuna-de-johnson-johnson\/#primaryimage"},"image":{"@id":"https:\/\/www.sonoraenequipo.com.mx\/obispos-catolicos-piden-no-utilizar-la-vacuna-de-johnson-johnson\/#primaryimage"},"thumbnailUrl":"https:\/\/www.sonoraenequipo.com.mx\/storage\/2021\/03\/vacuna-johnson-y-jhonson_opt2.jpg","datePublished":"2021-03-05T13:05:01+00:00","description":"ESTADOS UNIDOS. \u2014 La vacuna de la multinacional Johnson &amp; Johnson tropieza en EE.UU. con la Iglesia cat\u00f3lica. Algunos obispos est\u00e1n recomendando no En Sonora en Equipo publicamos toda la informaci\u00f3n de Sonora, M\u00e9xico y el Mundo de manera oportuna y busca que la libertad de expresi\u00f3n sea real. Visita nuestro medio informativo publicado desde Hermosillo, Sonora. %","breadcrumb":{"@id":"https:\/\/www.sonoraenequipo.com.mx\/obispos-catolicos-piden-no-utilizar-la-vacuna-de-johnson-johnson\/#breadcrumb"},"inLanguage":"es","potentialAction":[{"@type":"ReadAction","target":["https:\/\/www.sonoraenequipo.com.mx\/obispos-catolicos-piden-no-utilizar-la-vacuna-de-johnson-johnson\/"]}]},{"@type":"ImageObject","inLanguage":"es","@id":"https:\/\/www.sonoraenequipo.com.mx\/obispos-catolicos-piden-no-utilizar-la-vacuna-de-johnson-johnson\/#primaryimage","url":"https:\/\/www.sonoraenequipo.com.mx\/storage\/2021\/03\/vacuna-johnson-y-jhonson_opt2.jpg","contentUrl":"https:\/\/www.sonoraenequipo.com.mx\/storage\/2021\/03\/vacuna-johnson-y-jhonson_opt2.jpg","width":711,"height":400},{"@type":"BreadcrumbList","@id":"https:\/\/www.sonoraenequipo.com.mx\/obispos-catolicos-piden-no-utilizar-la-vacuna-de-johnson-johnson\/#breadcrumb","itemListElement":[{"@type":"ListItem","position":1,"name":"Portada","item":"https:\/\/www.sonoraenequipo.com.mx\/"},{"@type":"ListItem","position":2,"name":"Obispos cat\u00f3licos piden no utilizar la vacuna de Johnson &#038; Johnson"}]},{"@type":"WebSite","@id":"https:\/\/www.sonoraenequipo.com.mx\/#website","url":"https:\/\/www.sonoraenequipo.com.mx\/","name":"Sonora en Equipo.","description":"Diario en l\u00ednea con Noticias desde Hermosillo, Sonora","publisher":{"@id":"https:\/\/www.sonoraenequipo.com.mx\/#organization"},"potentialAction":[{"@type":"SearchAction","target":{"@type":"EntryPoint","urlTemplate":"https:\/\/www.sonoraenequipo.com.mx\/?s={search_term_string}"},"query-input":{"@type":"PropertyValueSpecification","valueRequired":true,"valueName":"search_term_string"}}],"inLanguage":"es"},{"@type":"Organization","@id":"https:\/\/www.sonoraenequipo.com.mx\/#organization","name":"Sonoraenequipo.com.mx","url":"https:\/\/www.sonoraenequipo.com.mx\/","logo":{"@type":"ImageObject","inLanguage":"es","@id":"https:\/\/www.sonoraenequipo.com.mx\/#\/schema\/logo\/image\/","url":"https:\/\/www.sonoraenequipo.com.mx\/storage\/2019\/01\/sonoraenequipo_opt.png","contentUrl":"https:\/\/www.sonoraenequipo.com.mx\/storage\/2019\/01\/sonoraenequipo_opt.png","width":375,"height":125,"caption":"Sonoraenequipo.com.mx"},"image":{"@id":"https:\/\/www.sonoraenequipo.com.mx\/#\/schema\/logo\/image\/"},"sameAs":["https:\/\/www.facebook.com\/SonoraEE\/","https:\/\/x.com\/sonoraenequipo","https:\/\/www.youtube.com\/channel\/UC338nW-lPEYmJQs4ZABQ1SQ"]},{"@type":"Person","@id":"https:\/\/www.sonoraenequipo.com.mx\/#\/schema\/person\/50102df0fb23a8fa9e8effad8fa81386","name":"enequipo","image":{"@type":"ImageObject","inLanguage":"es","@id":"https:\/\/www.sonoraenequipo.com.mx\/#\/schema\/person\/image\/","url":"https:\/\/secure.gravatar.com\/avatar\/049821681b589dabc0bc20695993ccebb09f5b5d4d790cd9251b97faac7c652b?s=96&d=blank&r=g","contentUrl":"https:\/\/secure.gravatar.com\/avatar\/049821681b589dabc0bc20695993ccebb09f5b5d4d790cd9251b97faac7c652b?s=96&d=blank&r=g","caption":"enequipo"},"sameAs":["https:\/\/www.facebook.com\/SonoraEE"]}]}},"jetpack_featured_media_url":"https:\/\/www.sonoraenequipo.com.mx\/storage\/2021\/03\/vacuna-johnson-y-jhonson_opt2.jpg","_links":{"self":[{"href":"https:\/\/www.sonoraenequipo.com.mx\/api\/wp\/v2\/posts\/108364","targetHints":{"allow":["GET"]}}],"collection":[{"href":"https:\/\/www.sonoraenequipo.com.mx\/api\/wp\/v2\/posts"}],"about":[{"href":"https:\/\/www.sonoraenequipo.com.mx\/api\/wp\/v2\/types\/post"}],"author":[{"embeddable":true,"href":"https:\/\/www.sonoraenequipo.com.mx\/api\/wp\/v2\/users\/1"}],"replies":[{"embeddable":true,"href":"https:\/\/www.sonoraenequipo.com.mx\/api\/wp\/v2\/comments?post=108364"}],"version-history":[{"count":1,"href":"https:\/\/www.sonoraenequipo.com.mx\/api\/wp\/v2\/posts\/108364\/revisions"}],"predecessor-version":[{"id":108367,"href":"https:\/\/www.sonoraenequipo.com.mx\/api\/wp\/v2\/posts\/108364\/revisions\/108367"}],"wp:featuredmedia":[{"embeddable":true,"href":"https:\/\/www.sonoraenequipo.com.mx\/api\/wp\/v2\/media\/108366"}],"wp:attachment":[{"href":"https:\/\/www.sonoraenequipo.com.mx\/api\/wp\/v2\/media?parent=108364"}],"wp:term":[{"taxonomy":"category","embeddable":true,"href":"https:\/\/www.sonoraenequipo.com.mx\/api\/wp\/v2\/categories?post=108364"},{"taxonomy":"post_tag","embeddable":true,"href":"https:\/\/www.sonoraenequipo.com.mx\/api\/wp\/v2\/tags?post=108364"}],"curies":[{"name":"wp","href":"https:\/\/api.w.org\/{rel}","templated":true}]}}